{"id":4579,"date":"2025-03-31T08:59:18","date_gmt":"2025-03-31T05:59:18","guid":{"rendered":"https:\/\/memurunsesi.net\/?p=4579"},"modified":"2025-03-31T08:59:36","modified_gmt":"2025-03-31T05:59:36","slug":"uyep-modeli-semineri-gerceklestirildi","status":"publish","type":"post","link":"https:\/\/memurunsesi.net\/index.php\/2025\/03\/31\/uyep-modeli-semineri-gerceklestirildi\/","title":{"rendered":"\u00dcYEP Modeli semineri ger\u00e7ekle\u015ftirildi"},"content":{"rendered":"<p>Anadolu \u00dcniversitesi \u00dcst\u00fcn Yetenekliler E\u011fitim, Ara\u015ft\u0131rma ve Uygulama Merkezi (\u00dcYEP) taraf\u0131ndan d\u00fczenlenen &#8220;\u00dcst\u00fcn Yeteneklilerin E\u011fitimine Y\u00f6nelik Uygulamalar: \u00dcYEP Modeli&#8221; semineri, Anadolu \u00dcniversitesi E\u011fitim Fak\u00fcltesi E Blok Konferans Salonunda ger\u00e7ekle\u015ftirildi.<br \/>\n\u00dcYEP M\u00fcd\u00fcr\u00fc Prof. Dr. Fatih Karabacak\u2019\u0131n konu\u015fmac\u0131 oldu\u011fu seminere ba\u015fta \u00dcYEP Merkez M\u00fcd\u00fcr Yard\u0131mc\u0131s\u0131 Do\u00e7. Dr. Bilge Bal Sezerel olmak \u00fczere \u00e7ok say\u0131da ki\u015fi kat\u0131l\u0131m g\u00f6sterdi.<br \/>\n&#8220;\u00dcYEP T\u00fcrkiye\u2019de tek merkez&#8221;<br \/>\nAnadolu \u00dcniversitesi \u00dcYEP M\u00fcd\u00fcr\u00fc Prof. Dr. Fatih Karabacak konu\u015fmas\u0131nda \u015funlar\u0131 s\u00f6yledi: &#8220;Bug\u00fcn \u00dcYEP\u2019in mod\u00fcler i\u00e7eri\u011finden \u00e7ok Anadolu \u00dcniversitesi \u00dcst\u00fcn Yetenekliler E\u011fitim, Ara\u015ft\u0131rma ve Uygulama Merkezi web sayfam\u0131zda yazmayan \u015feylerden bahsetmek istiyorum. 2007 y\u0131l\u0131nda bir proje olarak ba\u015flad\u0131\u011f\u0131m\u0131z, hafta sonlar\u0131 ortaokul \u00f6\u011frencilerine fen ve matematik e\u011fitimi verdi\u011fimiz s\u00fcre\u00e7 bitti\u011finde ailelerden e\u011fitime devam etmemiz konusunda istekler gelmeye devam etti ve gen\u00e7 ara\u015ft\u0131rmac\u0131lar gelmeye ba\u015flad\u0131. 2014 y\u0131l\u0131na kadar hi\u00e7bir t\u00fczel ki\u015fili\u011fi olmadan E\u011fitim Fak\u00fcltesi i\u00e7inde e\u011fitimlerimizi vermeye devam ettik ve 2014 y\u0131l\u0131nda bir merkez olduk. \u00dcYEP, ge\u00e7en zamanda b\u00fcy\u00fck bir marka haline geldi. 2015 y\u0131l\u0131nda Avrupa Birli\u011finden akredite belgesi ald\u0131k ve hala T\u00fcrkiye\u2019de tek merkez. Her sene yakla\u015f\u0131k 600 civar\u0131 \u00f6\u011frenci, matematik ve fen temelli iki s\u0131nava giriyor. En y\u00fcksek puan\u0131 alan 28 ki\u015filik gruptan olu\u015fan ortaokul \u00f6\u011frencilerine hafta sonlar\u0131 3 saat fen, 3 saat matematik olacak \u015fekilde e\u011fitim veriyoruz. Yaz okullar\u0131nda ders \u00e7e\u015fitlili\u011fimiz olduk\u00e7a art\u0131yor, 24 \u00e7e\u015fit 10\u2019ar saatlik ders mod\u00fcllerimiz var. H\u0131zland\u0131rma ve zenginle\u015ftirme programlar\u0131m\u0131z var. Olabildi\u011fince bilgisayar ve laboratuvar destekli e\u011fitim vermeye \u00e7al\u0131\u015f\u0131yoruz. Programlar\u0131m\u0131z d\u0131\u015f\u0131nda 4-12 ya\u015f aral\u0131\u011f\u0131na ASIS Zek\u00e2 Testini yap\u0131yoruz. Ge\u00e7en sene 550 civar\u0131nda ki\u015fi tan\u0131mlama testi i\u00e7in ba\u015fvuruda bulundu. 4 ortaokulda tan\u0131mlama testi deste\u011fi veriyoruz.&#8221;<br \/>\n&#8220;\u00dcst\u00fcn Yeteneklilerin E\u011fitimine Y\u00f6nelik Uygulamalar: \u00dcYEP Modeli&#8221; semineri, \u00dcYEP M\u00fcd\u00fcr Yard\u0131mc\u0131s\u0131 Do\u00e7. Dr. Bilge Bal Sezerel\u2019in \u00dcYEP M\u00fcd\u00fcr\u00fc Prof. Dr. Fatih Karabacak\u2019a te\u015fekk\u00fcr belgesi takdim etmesiyle sona erdi.<\/p>\n<p>31.03.2025<\/p>\n","protected":false},"excerpt":{"rendered":"<p>Anadolu \u00dcniversitesi \u00dcst\u00fcn Yetenekliler E\u011fitim, Ara\u015ft\u0131rma ve Uygulama Merkezi (\u00dcYEP) taraf\u0131ndan d\u00fczenlenen &#8220;\u00dcst\u00fcn Yeteneklilerin E\u011fitimine Y\u00f6nelik Uygulamalar: \u00dcYEP Modeli&#8221; semineri, Anadolu \u00dcniversitesi E\u011fitim Fak\u00fcltesi E Blok Konferans Salonunda ger\u00e7ekle\u015ftirildi. \u00dcYEP M\u00fcd\u00fcr\u00fc Prof. Dr. Fatih Karabacak\u2019\u0131n konu\u015fmac\u0131 oldu\u011fu seminere ba\u015fta \u00dcYEP Merkez M\u00fcd\u00fcr Yard\u0131mc\u0131s\u0131 Do\u00e7. Dr. Bilge Bal Sezerel olmak \u00fczere \u00e7ok say\u0131da ki\u015fi kat\u0131l\u0131m g\u00f6sterdi. [&hellip;]<\/p>\n","protected":false},"author":1,"featured_media":4581,"comment_status":"open","ping_status":"open","sticky":false,"template":"","format":"standard","meta":{"footnotes":""},"categories":[47],"tags":[],"class_list":["post-4579","post","type-post","status-publish","format-standard","has-post-thumbnail","hentry","category-universiteden-haberler"],"yoast_head":"<!-- This site is optimized with the Yoast SEO plugin v27.4 - https:\/\/yoast.com\/product\/yoast-seo-wordpress\/ -->\n<title>\u00dcYEP Modeli semineri ger\u00e7ekle\u015ftirildi - Memurun Sesi<\/title>\n<meta name=\"robots\" content=\"index, follow, max-snippet:-1, max-image-preview:large, max-video-preview:-1\" \/>\n<link rel=\"canonical\" href=\"https:\/\/memurunsesi.net\/index.php\/2025\/03\/31\/uyep-modeli-semineri-gerceklestirildi\/\" \/>\n<meta property=\"og:locale\" content=\"tr_TR\" \/>\n<meta property=\"og:type\" content=\"article\" \/>\n<meta property=\"og:title\" content=\"\u00dcYEP Modeli semineri ger\u00e7ekle\u015ftirildi - Memurun Sesi\" \/>\n<meta property=\"og:description\" content=\"Anadolu \u00dcniversitesi \u00dcst\u00fcn Yetenekliler E\u011fitim, Ara\u015ft\u0131rma ve Uygulama Merkezi (\u00dcYEP) taraf\u0131ndan d\u00fczenlenen &#8220;\u00dcst\u00fcn Yeteneklilerin E\u011fitimine Y\u00f6nelik Uygulamalar: \u00dcYEP Modeli&#8221; semineri, Anadolu \u00dcniversitesi E\u011fitim Fak\u00fcltesi E Blok Konferans Salonunda ger\u00e7ekle\u015ftirildi. \u00dcYEP M\u00fcd\u00fcr\u00fc Prof. Dr. Fatih Karabacak\u2019\u0131n konu\u015fmac\u0131 oldu\u011fu seminere ba\u015fta \u00dcYEP Merkez M\u00fcd\u00fcr Yard\u0131mc\u0131s\u0131 Do\u00e7. Dr. Bilge Bal Sezerel olmak \u00fczere \u00e7ok say\u0131da ki\u015fi kat\u0131l\u0131m g\u00f6sterdi. [&hellip;]\" \/>\n<meta property=\"og:url\" content=\"https:\/\/memurunsesi.net\/index.php\/2025\/03\/31\/uyep-modeli-semineri-gerceklestirildi\/\" \/>\n<meta property=\"og:site_name\" content=\"Memurun Sesi\" \/>\n<meta property=\"article:publisher\" content=\"https:\/\/www.facebook.com\/unipersen\/?locale=tr_TR\" \/>\n<meta property=\"article:published_time\" content=\"2025-03-31T05:59:18+00:00\" \/>\n<meta property=\"article:modified_time\" content=\"2025-03-31T05:59:36+00:00\" \/>\n<meta property=\"og:image\" content=\"https:\/\/memurunsesi.net\/wp-content\/uploads\/2025\/03\/AW423549_01.jpg\" \/>\n\t<meta property=\"og:image:width\" content=\"2000\" \/>\n\t<meta property=\"og:image:height\" content=\"1335\" \/>\n\t<meta property=\"og:image:type\" content=\"image\/jpeg\" \/>\n<meta name=\"author\" content=\"Memurun Sesi Haber Merkezi\" \/>\n<meta name=\"twitter:card\" content=\"summary_large_image\" \/>\n<meta name=\"twitter:creator\" content=\"@unipersen\" \/>\n<meta name=\"twitter:site\" content=\"@unipersen\" \/>\n<meta name=\"twitter:label1\" content=\"Yazan:\" \/>\n\t<meta name=\"twitter:data1\" content=\"Memurun Sesi Haber Merkezi\" \/>\n\t<meta name=\"twitter:label2\" content=\"Tahmini okuma s\u00fcresi\" \/>\n\t<meta name=\"twitter:data2\" content=\"2 dakika\" \/>\n<script type=\"application\/ld+json\" class=\"yoast-schema-graph\">{\"@context\":\"https:\\\/\\\/schema.org\",\"@graph\":[{\"@type\":\"Article\",\"@id\":\"https:\\\/\\\/memurunsesi.net\\\/index.php\\\/2025\\\/03\\\/31\\\/uyep-modeli-semineri-gerceklestirildi\\\/#article\",\"isPartOf\":{\"@id\":\"https:\\\/\\\/memurunsesi.net\\\/index.php\\\/2025\\\/03\\\/31\\\/uyep-modeli-semineri-gerceklestirildi\\\/\"},\"author\":{\"name\":\"Memurun Sesi Haber Merkezi\",\"@id\":\"https:\\\/\\\/memurunsesi.net\\\/#\\\/schema\\\/person\\\/f21c2d73b89f6ee1d80b0a1803e38587\"},\"headline\":\"\u00dcYEP Modeli semineri ger\u00e7ekle\u015ftirildi\",\"datePublished\":\"2025-03-31T05:59:18+00:00\",\"dateModified\":\"2025-03-31T05:59:36+00:00\",\"mainEntityOfPage\":{\"@id\":\"https:\\\/\\\/memurunsesi.net\\\/index.php\\\/2025\\\/03\\\/31\\\/uyep-modeli-semineri-gerceklestirildi\\\/\"},\"wordCount\":397,\"commentCount\":0,\"publisher\":{\"@id\":\"https:\\\/\\\/memurunsesi.net\\\/#organization\"},\"image\":{\"@id\":\"https:\\\/\\\/memurunsesi.net\\\/index.php\\\/2025\\\/03\\\/31\\\/uyep-modeli-semineri-gerceklestirildi\\\/#primaryimage\"},\"thumbnailUrl\":\"https:\\\/\\\/memurunsesi.net\\\/wp-content\\\/uploads\\\/2025\\\/03\\\/AW423549_01.jpg\",\"articleSection\":[\"\u00dcniversiteden Haberler\"],\"inLanguage\":\"tr\",\"potentialAction\":[{\"@type\":\"CommentAction\",\"name\":\"Comment\",\"target\":[\"https:\\\/\\\/memurunsesi.net\\\/index.php\\\/2025\\\/03\\\/31\\\/uyep-modeli-semineri-gerceklestirildi\\\/#respond\"]}]},{\"@type\":\"WebPage\",\"@id\":\"https:\\\/\\\/memurunsesi.net\\\/index.php\\\/2025\\\/03\\\/31\\\/uyep-modeli-semineri-gerceklestirildi\\\/\",\"url\":\"https:\\\/\\\/memurunsesi.net\\\/index.php\\\/2025\\\/03\\\/31\\\/uyep-modeli-semineri-gerceklestirildi\\\/\",\"name\":\"\u00dcYEP Modeli semineri ger\u00e7ekle\u015ftirildi - Memurun Sesi\",\"isPartOf\":{\"@id\":\"https:\\\/\\\/memurunsesi.net\\\/#website\"},\"primaryImageOfPage\":{\"@id\":\"https:\\\/\\\/memurunsesi.net\\\/index.php\\\/2025\\\/03\\\/31\\\/uyep-modeli-semineri-gerceklestirildi\\\/#primaryimage\"},\"image\":{\"@id\":\"https:\\\/\\\/memurunsesi.net\\\/index.php\\\/2025\\\/03\\\/31\\\/uyep-modeli-semineri-gerceklestirildi\\\/#primaryimage\"},\"thumbnailUrl\":\"https:\\\/\\\/memurunsesi.net\\\/wp-content\\\/uploads\\\/2025\\\/03\\\/AW423549_01.jpg\",\"datePublished\":\"2025-03-31T05:59:18+00:00\",\"dateModified\":\"2025-03-31T05:59:36+00:00\",\"breadcrumb\":{\"@id\":\"https:\\\/\\\/memurunsesi.net\\\/index.php\\\/2025\\\/03\\\/31\\\/uyep-modeli-semineri-gerceklestirildi\\\/#breadcrumb\"},\"inLanguage\":\"tr\",\"potentialAction\":[{\"@type\":\"ReadAction\",\"target\":[\"https:\\\/\\\/memurunsesi.net\\\/index.php\\\/2025\\\/03\\\/31\\\/uyep-modeli-semineri-gerceklestirildi\\\/\"]}]},{\"@type\":\"ImageObject\",\"inLanguage\":\"tr\",\"@id\":\"https:\\\/\\\/memurunsesi.net\\\/index.php\\\/2025\\\/03\\\/31\\\/uyep-modeli-semineri-gerceklestirildi\\\/#primaryimage\",\"url\":\"https:\\\/\\\/memurunsesi.net\\\/wp-content\\\/uploads\\\/2025\\\/03\\\/AW423549_01.jpg\",\"contentUrl\":\"https:\\\/\\\/memurunsesi.net\\\/wp-content\\\/uploads\\\/2025\\\/03\\\/AW423549_01.jpg\",\"width\":2000,\"height\":1335,\"caption\":\"ANADOLU \u00dcN\u0130VERS\u0130TES\u0130 \u00dcST\u00dcN YETENEKL\u0130LER E\u011e\u0130T\u0130M, ARA\u015eTIRMA VE UYGULAMA MERKEZ\u0130 (\u00dcYEP) TARAFINDAN D\u00dcZENLENEN \\\"\u00dcST\u00dcN YETENEKL\u0130LER\u0130N E\u011e\u0130T\u0130M\u0130NE Y\u00d6NEL\u0130K UYGULAMALAR: \u00dcYEP MODEL\u0130\\\" SEM\u0130NER\u0130, ANADOLU \u00dcN\u0130VERS\u0130TES\u0130 E\u011e\u0130T\u0130M FAK\u00dcLTES\u0130 E BLOK KONFERANS SALONUNDA GER\u00c7EKLE\u015eT\u0130R\u0130LD\u0130. (\u0130HA\\\/ESK\u0130\u015eEH\u0130R-\u0130HA) Anadolu \u00dcniversitesi \u00dcst\u00fcn Yetenekliler E\u011fitim, Ara\u015ft\u0131rma ve Uygulama Merkezi (\u00dcYEP) taraf\u0131ndan d\u00fczenlenen \\\"\u00dcst\u00fcn Yeteneklilerin E\u011fitimine Y\u00f6nelik Uygulamalar: \u00dcYEP Modeli\\\" semineri, Anadolu \u00dcniversitesi E\u011fitim Fak\u00fcltesi E Blok Konferans Salonunda ger\u00e7ekle\u015ftirildi.\"},{\"@type\":\"BreadcrumbList\",\"@id\":\"https:\\\/\\\/memurunsesi.net\\\/index.php\\\/2025\\\/03\\\/31\\\/uyep-modeli-semineri-gerceklestirildi\\\/#breadcrumb\",\"itemListElement\":[{\"@type\":\"ListItem\",\"position\":1,\"name\":\"Anasayfa\",\"item\":\"https:\\\/\\\/memurunsesi.net\\\/\"},{\"@type\":\"ListItem\",\"position\":2,\"name\":\"\u00dcYEP Modeli semineri ger\u00e7ekle\u015ftirildi\"}]},{\"@type\":\"WebSite\",\"@id\":\"https:\\\/\\\/memurunsesi.net\\\/#website\",\"url\":\"https:\\\/\\\/memurunsesi.net\\\/\",\"name\":\"Memurun Sesi\",\"description\":\"G\u00fcncel ve Do\u011fru Haber\",\"publisher\":{\"@id\":\"https:\\\/\\\/memurunsesi.net\\\/#organization\"},\"potentialAction\":[{\"@type\":\"SearchAction\",\"target\":{\"@type\":\"EntryPoint\",\"urlTemplate\":\"https:\\\/\\\/memurunsesi.net\\\/?s={search_term_string}\"},\"query-input\":{\"@type\":\"PropertyValueSpecification\",\"valueRequired\":true,\"valueName\":\"search_term_string\"}}],\"inLanguage\":\"tr\"},{\"@type\":\"Organization\",\"@id\":\"https:\\\/\\\/memurunsesi.net\\\/#organization\",\"name\":\"Memurun Sesi\",\"url\":\"https:\\\/\\\/memurunsesi.net\\\/\",\"logo\":{\"@type\":\"ImageObject\",\"inLanguage\":\"tr\",\"@id\":\"https:\\\/\\\/memurunsesi.net\\\/#\\\/schema\\\/logo\\\/image\\\/\",\"url\":\"https:\\\/\\\/memurunsesi.net\\\/wp-content\\\/uploads\\\/2025\\\/11\\\/cropped-MEMURUN-SESI.png\",\"contentUrl\":\"https:\\\/\\\/memurunsesi.net\\\/wp-content\\\/uploads\\\/2025\\\/11\\\/cropped-MEMURUN-SESI.png\",\"width\":238,\"height\":57,\"caption\":\"Memurun Sesi\"},\"image\":{\"@id\":\"https:\\\/\\\/memurunsesi.net\\\/#\\\/schema\\\/logo\\\/image\\\/\"},\"sameAs\":[\"https:\\\/\\\/www.facebook.com\\\/unipersen\\\/?locale=tr_TR\",\"https:\\\/\\\/x.com\\\/unipersen\"]},{\"@type\":\"Person\",\"@id\":\"https:\\\/\\\/memurunsesi.net\\\/#\\\/schema\\\/person\\\/f21c2d73b89f6ee1d80b0a1803e38587\",\"name\":\"Memurun Sesi Haber Merkezi\",\"image\":{\"@type\":\"ImageObject\",\"inLanguage\":\"tr\",\"@id\":\"https:\\\/\\\/secure.gravatar.com\\\/avatar\\\/6cf0505f452ee753f485014986fab09a434671d2b919ee76fc541025c5876a70?s=96&d=mm&r=g\",\"url\":\"https:\\\/\\\/secure.gravatar.com\\\/avatar\\\/6cf0505f452ee753f485014986fab09a434671d2b919ee76fc541025c5876a70?s=96&d=mm&r=g\",\"contentUrl\":\"https:\\\/\\\/secure.gravatar.com\\\/avatar\\\/6cf0505f452ee753f485014986fab09a434671d2b919ee76fc541025c5876a70?s=96&d=mm&r=g\",\"caption\":\"Memurun Sesi Haber Merkezi\"},\"sameAs\":[\"https:\\\/\\\/memurunsesi.net\"],\"url\":\"https:\\\/\\\/memurunsesi.net\\\/index.php\\\/author\\\/uniper\\\/\"}]}<\/script>\n<!-- \/ Yoast SEO plugin. -->","yoast_head_json":{"title":"\u00dcYEP Modeli semineri ger\u00e7ekle\u015ftirildi - Memurun Sesi","robots":{"index":"index","follow":"follow","max-snippet":"max-snippet:-1","max-image-preview":"max-image-preview:large","max-video-preview":"max-video-preview:-1"},"canonical":"https:\/\/memurunsesi.net\/index.php\/2025\/03\/31\/uyep-modeli-semineri-gerceklestirildi\/","og_locale":"tr_TR","og_type":"article","og_title":"\u00dcYEP Modeli semineri ger\u00e7ekle\u015ftirildi - Memurun Sesi","og_description":"Anadolu \u00dcniversitesi \u00dcst\u00fcn Yetenekliler E\u011fitim, Ara\u015ft\u0131rma ve Uygulama Merkezi (\u00dcYEP) taraf\u0131ndan d\u00fczenlenen &#8220;\u00dcst\u00fcn Yeteneklilerin E\u011fitimine Y\u00f6nelik Uygulamalar: \u00dcYEP Modeli&#8221; semineri, Anadolu \u00dcniversitesi E\u011fitim Fak\u00fcltesi E Blok Konferans Salonunda ger\u00e7ekle\u015ftirildi. \u00dcYEP M\u00fcd\u00fcr\u00fc Prof. Dr. Fatih Karabacak\u2019\u0131n konu\u015fmac\u0131 oldu\u011fu seminere ba\u015fta \u00dcYEP Merkez M\u00fcd\u00fcr Yard\u0131mc\u0131s\u0131 Do\u00e7. Dr. Bilge Bal Sezerel olmak \u00fczere \u00e7ok say\u0131da ki\u015fi kat\u0131l\u0131m g\u00f6sterdi. [&hellip;]","og_url":"https:\/\/memurunsesi.net\/index.php\/2025\/03\/31\/uyep-modeli-semineri-gerceklestirildi\/","og_site_name":"Memurun Sesi","article_publisher":"https:\/\/www.facebook.com\/unipersen\/?locale=tr_TR","article_published_time":"2025-03-31T05:59:18+00:00","article_modified_time":"2025-03-31T05:59:36+00:00","og_image":[{"width":2000,"height":1335,"url":"https:\/\/memurunsesi.net\/wp-content\/uploads\/2025\/03\/AW423549_01.jpg","type":"image\/jpeg"}],"author":"Memurun Sesi Haber Merkezi","twitter_card":"summary_large_image","twitter_creator":"@unipersen","twitter_site":"@unipersen","twitter_misc":{"Yazan:":"Memurun Sesi Haber Merkezi","Tahmini okuma s\u00fcresi":"2 dakika"},"schema":{"@context":"https:\/\/schema.org","@graph":[{"@type":"Article","@id":"https:\/\/memurunsesi.net\/index.php\/2025\/03\/31\/uyep-modeli-semineri-gerceklestirildi\/#article","isPartOf":{"@id":"https:\/\/memurunsesi.net\/index.php\/2025\/03\/31\/uyep-modeli-semineri-gerceklestirildi\/"},"author":{"name":"Memurun Sesi Haber Merkezi","@id":"https:\/\/memurunsesi.net\/#\/schema\/person\/f21c2d73b89f6ee1d80b0a1803e38587"},"headline":"\u00dcYEP Modeli semineri ger\u00e7ekle\u015ftirildi","datePublished":"2025-03-31T05:59:18+00:00","dateModified":"2025-03-31T05:59:36+00:00","mainEntityOfPage":{"@id":"https:\/\/memurunsesi.net\/index.php\/2025\/03\/31\/uyep-modeli-semineri-gerceklestirildi\/"},"wordCount":397,"commentCount":0,"publisher":{"@id":"https:\/\/memurunsesi.net\/#organization"},"image":{"@id":"https:\/\/memurunsesi.net\/index.php\/2025\/03\/31\/uyep-modeli-semineri-gerceklestirildi\/#primaryimage"},"thumbnailUrl":"https:\/\/memurunsesi.net\/wp-content\/uploads\/2025\/03\/AW423549_01.jpg","articleSection":["\u00dcniversiteden Haberler"],"inLanguage":"tr","potentialAction":[{"@type":"CommentAction","name":"Comment","target":["https:\/\/memurunsesi.net\/index.php\/2025\/03\/31\/uyep-modeli-semineri-gerceklestirildi\/#respond"]}]},{"@type":"WebPage","@id":"https:\/\/memurunsesi.net\/index.php\/2025\/03\/31\/uyep-modeli-semineri-gerceklestirildi\/","url":"https:\/\/memurunsesi.net\/index.php\/2025\/03\/31\/uyep-modeli-semineri-gerceklestirildi\/","name":"\u00dcYEP Modeli semineri ger\u00e7ekle\u015ftirildi - Memurun Sesi","isPartOf":{"@id":"https:\/\/memurunsesi.net\/#website"},"primaryImageOfPage":{"@id":"https:\/\/memurunsesi.net\/index.php\/2025\/03\/31\/uyep-modeli-semineri-gerceklestirildi\/#primaryimage"},"image":{"@id":"https:\/\/memurunsesi.net\/index.php\/2025\/03\/31\/uyep-modeli-semineri-gerceklestirildi\/#primaryimage"},"thumbnailUrl":"https:\/\/memurunsesi.net\/wp-content\/uploads\/2025\/03\/AW423549_01.jpg","datePublished":"2025-03-31T05:59:18+00:00","dateModified":"2025-03-31T05:59:36+00:00","breadcrumb":{"@id":"https:\/\/memurunsesi.net\/index.php\/2025\/03\/31\/uyep-modeli-semineri-gerceklestirildi\/#breadcrumb"},"inLanguage":"tr","potentialAction":[{"@type":"ReadAction","target":["https:\/\/memurunsesi.net\/index.php\/2025\/03\/31\/uyep-modeli-semineri-gerceklestirildi\/"]}]},{"@type":"ImageObject","inLanguage":"tr","@id":"https:\/\/memurunsesi.net\/index.php\/2025\/03\/31\/uyep-modeli-semineri-gerceklestirildi\/#primaryimage","url":"https:\/\/memurunsesi.net\/wp-content\/uploads\/2025\/03\/AW423549_01.jpg","contentUrl":"https:\/\/memurunsesi.net\/wp-content\/uploads\/2025\/03\/AW423549_01.jpg","width":2000,"height":1335,"caption":"ANADOLU \u00dcN\u0130VERS\u0130TES\u0130 \u00dcST\u00dcN YETENEKL\u0130LER E\u011e\u0130T\u0130M, ARA\u015eTIRMA VE UYGULAMA MERKEZ\u0130 (\u00dcYEP) TARAFINDAN D\u00dcZENLENEN \"\u00dcST\u00dcN YETENEKL\u0130LER\u0130N E\u011e\u0130T\u0130M\u0130NE Y\u00d6NEL\u0130K UYGULAMALAR: \u00dcYEP MODEL\u0130\" SEM\u0130NER\u0130, ANADOLU \u00dcN\u0130VERS\u0130TES\u0130 E\u011e\u0130T\u0130M FAK\u00dcLTES\u0130 E BLOK KONFERANS SALONUNDA GER\u00c7EKLE\u015eT\u0130R\u0130LD\u0130. (\u0130HA\/ESK\u0130\u015eEH\u0130R-\u0130HA) Anadolu \u00dcniversitesi \u00dcst\u00fcn Yetenekliler E\u011fitim, Ara\u015ft\u0131rma ve Uygulama Merkezi (\u00dcYEP) taraf\u0131ndan d\u00fczenlenen \"\u00dcst\u00fcn Yeteneklilerin E\u011fitimine Y\u00f6nelik Uygulamalar: \u00dcYEP Modeli\" semineri, Anadolu \u00dcniversitesi E\u011fitim Fak\u00fcltesi E Blok Konferans Salonunda ger\u00e7ekle\u015ftirildi."},{"@type":"BreadcrumbList","@id":"https:\/\/memurunsesi.net\/index.php\/2025\/03\/31\/uyep-modeli-semineri-gerceklestirildi\/#breadcrumb","itemListElement":[{"@type":"ListItem","position":1,"name":"Anasayfa","item":"https:\/\/memurunsesi.net\/"},{"@type":"ListItem","position":2,"name":"\u00dcYEP Modeli semineri ger\u00e7ekle\u015ftirildi"}]},{"@type":"WebSite","@id":"https:\/\/memurunsesi.net\/#website","url":"https:\/\/memurunsesi.net\/","name":"Memurun Sesi","description":"G\u00fcncel ve Do\u011fru Haber","publisher":{"@id":"https:\/\/memurunsesi.net\/#organization"},"potentialAction":[{"@type":"SearchAction","target":{"@type":"EntryPoint","urlTemplate":"https:\/\/memurunsesi.net\/?s={search_term_string}"},"query-input":{"@type":"PropertyValueSpecification","valueRequired":true,"valueName":"search_term_string"}}],"inLanguage":"tr"},{"@type":"Organization","@id":"https:\/\/memurunsesi.net\/#organization","name":"Memurun Sesi","url":"https:\/\/memurunsesi.net\/","logo":{"@type":"ImageObject","inLanguage":"tr","@id":"https:\/\/memurunsesi.net\/#\/schema\/logo\/image\/","url":"https:\/\/memurunsesi.net\/wp-content\/uploads\/2025\/11\/cropped-MEMURUN-SESI.png","contentUrl":"https:\/\/memurunsesi.net\/wp-content\/uploads\/2025\/11\/cropped-MEMURUN-SESI.png","width":238,"height":57,"caption":"Memurun Sesi"},"image":{"@id":"https:\/\/memurunsesi.net\/#\/schema\/logo\/image\/"},"sameAs":["https:\/\/www.facebook.com\/unipersen\/?locale=tr_TR","https:\/\/x.com\/unipersen"]},{"@type":"Person","@id":"https:\/\/memurunsesi.net\/#\/schema\/person\/f21c2d73b89f6ee1d80b0a1803e38587","name":"Memurun Sesi Haber Merkezi","image":{"@type":"ImageObject","inLanguage":"tr","@id":"https:\/\/secure.gravatar.com\/avatar\/6cf0505f452ee753f485014986fab09a434671d2b919ee76fc541025c5876a70?s=96&d=mm&r=g","url":"https:\/\/secure.gravatar.com\/avatar\/6cf0505f452ee753f485014986fab09a434671d2b919ee76fc541025c5876a70?s=96&d=mm&r=g","contentUrl":"https:\/\/secure.gravatar.com\/avatar\/6cf0505f452ee753f485014986fab09a434671d2b919ee76fc541025c5876a70?s=96&d=mm&r=g","caption":"Memurun Sesi Haber Merkezi"},"sameAs":["https:\/\/memurunsesi.net"],"url":"https:\/\/memurunsesi.net\/index.php\/author\/uniper\/"}]}},"_links":{"self":[{"href":"https:\/\/memurunsesi.net\/index.php\/wp-json\/wp\/v2\/posts\/4579","targetHints":{"allow":["GET"]}}],"collection":[{"href":"https:\/\/memurunsesi.net\/index.php\/wp-json\/wp\/v2\/posts"}],"about":[{"href":"https:\/\/memurunsesi.net\/index.php\/wp-json\/wp\/v2\/types\/post"}],"author":[{"embeddable":true,"href":"https:\/\/memurunsesi.net\/index.php\/wp-json\/wp\/v2\/users\/1"}],"replies":[{"embeddable":true,"href":"https:\/\/memurunsesi.net\/index.php\/wp-json\/wp\/v2\/comments?post=4579"}],"version-history":[{"count":1,"href":"https:\/\/memurunsesi.net\/index.php\/wp-json\/wp\/v2\/posts\/4579\/revisions"}],"predecessor-version":[{"id":4580,"href":"https:\/\/memurunsesi.net\/index.php\/wp-json\/wp\/v2\/posts\/4579\/revisions\/4580"}],"wp:featuredmedia":[{"embeddable":true,"href":"https:\/\/memurunsesi.net\/index.php\/wp-json\/wp\/v2\/media\/4581"}],"wp:attachment":[{"href":"https:\/\/memurunsesi.net\/index.php\/wp-json\/wp\/v2\/media?parent=4579"}],"wp:term":[{"taxonomy":"category","embeddable":true,"href":"https:\/\/memurunsesi.net\/index.php\/wp-json\/wp\/v2\/categories?post=4579"},{"taxonomy":"post_tag","embeddable":true,"href":"https:\/\/memurunsesi.net\/index.php\/wp-json\/wp\/v2\/tags?post=4579"}],"curies":[{"name":"wp","href":"https:\/\/api.w.org\/{rel}","templated":true}]}}