{"id":4585,"date":"2025-03-31T09:02:41","date_gmt":"2025-03-31T06:02:41","guid":{"rendered":"https:\/\/memurunsesi.net\/?p=4585"},"modified":"2025-03-31T09:02:41","modified_gmt":"2025-03-31T06:02:41","slug":"tkdk-kutahya-il-koordinatoru-karaaslan-785-projeye-hibe-destegi-sagladik","status":"publish","type":"post","link":"https:\/\/memurunsesi.net\/index.php\/2025\/03\/31\/tkdk-kutahya-il-koordinatoru-karaaslan-785-projeye-hibe-destegi-sagladik\/","title":{"rendered":"TKDK K\u00fctahya \u0130l Koordinat\u00f6r\u00fc Karaaslan: &#8220;785 projeye hibe deste\u011fi sa\u011flad\u0131k&#8221;"},"content":{"rendered":"<p>Tar\u0131m ve K\u0131rsal Kalk\u0131nmay\u0131 Destekleme Kurumu (TKDK) K\u00fctahya \u0130l Koordinat\u00f6r\u00fc Birsen Karaaslan, IPARD-1 ve IPARD-2 programlar\u0131 kapsam\u0131nda K\u00fctahya&#8217;da ger\u00e7ekle\u015ftirilen yat\u0131r\u0131mlara ili\u015fkin a\u00e7\u0131klamalarda bulundu. Karaaslan, 2012 y\u0131l\u0131ndan bu yana toplam 785 projeye hibe deste\u011fi sa\u011flad\u0131klar\u0131n\u0131 belirterek, &#8220;Bu kapsamda 466 milyon TL&#8217;lik bir yat\u0131r\u0131m ger\u00e7ekle\u015fti ve bunun 235 milyon TL&#8217;si kurumumuz taraf\u0131ndan hibe deste\u011fiyle kar\u015f\u0131land\u0131&#8221; dedi.<br \/>\nDesteklenen projeler aras\u0131nda giri\u015fimcilerin y\u00fczde 46, kad\u0131n giri\u015fimcilerin y\u00fczde 25 ve kooperatiflerin y\u00fczde 7&#8217;lik paya sahip oldu\u011funu vurgulayan Karaaslan, IPARD-2 program\u0131 ile faaliyetlerin devam etti\u011fini, yeni \u00e7a\u011fr\u0131larla daha fazla projeye destek sa\u011flanaca\u011f\u0131n\u0131 ifade etti.<br \/>\nTKDK&#8217;n\u0131n sundu\u011fu hibe destekleriyle k\u0131rsal kalk\u0131nmay\u0131 te\u015fvik etmeye devam ettiklerini belirten Karaaslan, giri\u015fimcilerin bu f\u0131rsatlardan yararlanmaya davet etti.<br \/>\n(EFE-HA-E)<\/p>\n<p>30.03.2025<\/p>\n","protected":false},"excerpt":{"rendered":"<p>Tar\u0131m ve K\u0131rsal Kalk\u0131nmay\u0131 Destekleme Kurumu (TKDK) K\u00fctahya \u0130l Koordinat\u00f6r\u00fc Birsen Karaaslan, IPARD-1 ve IPARD-2 programlar\u0131 kapsam\u0131nda K\u00fctahya&#8217;da ger\u00e7ekle\u015ftirilen yat\u0131r\u0131mlara ili\u015fkin a\u00e7\u0131klamalarda bulundu. Karaaslan, 2012 y\u0131l\u0131ndan bu yana toplam 785 projeye hibe deste\u011fi sa\u011flad\u0131klar\u0131n\u0131 belirterek, &#8220;Bu kapsamda 466 milyon TL&#8217;lik bir yat\u0131r\u0131m ger\u00e7ekle\u015fti ve bunun 235 milyon TL&#8217;si kurumumuz taraf\u0131ndan hibe deste\u011fiyle kar\u015f\u0131land\u0131&#8221; dedi. Desteklenen [&hellip;]<\/p>\n","protected":false},"author":1,"featured_media":4586,"comment_status":"open","ping_status":"open","sticky":false,"template":"","format":"standard","meta":{"footnotes":""},"categories":[50],"tags":[],"class_list":["post-4585","post","type-post","status-publish","format-standard","has-post-thumbnail","hentry","category-tum-haberler"],"yoast_head":"<!-- This site is optimized with the Yoast SEO plugin v27.4 - https:\/\/yoast.com\/product\/yoast-seo-wordpress\/ -->\n<title>TKDK K\u00fctahya \u0130l Koordinat\u00f6r\u00fc Karaaslan: &quot;785 projeye hibe deste\u011fi sa\u011flad\u0131k&quot; - Memurun Sesi<\/title>\n<meta name=\"robots\" content=\"index, follow, max-snippet:-1, max-image-preview:large, max-video-preview:-1\" \/>\n<link rel=\"canonical\" href=\"https:\/\/memurunsesi.net\/index.php\/2025\/03\/31\/tkdk-kutahya-il-koordinatoru-karaaslan-785-projeye-hibe-destegi-sagladik\/\" \/>\n<meta property=\"og:locale\" content=\"tr_TR\" \/>\n<meta property=\"og:type\" content=\"article\" \/>\n<meta property=\"og:title\" content=\"TKDK K\u00fctahya \u0130l Koordinat\u00f6r\u00fc Karaaslan: &quot;785 projeye hibe deste\u011fi sa\u011flad\u0131k&quot; - Memurun Sesi\" \/>\n<meta property=\"og:description\" content=\"Tar\u0131m ve K\u0131rsal Kalk\u0131nmay\u0131 Destekleme Kurumu (TKDK) K\u00fctahya \u0130l Koordinat\u00f6r\u00fc Birsen Karaaslan, IPARD-1 ve IPARD-2 programlar\u0131 kapsam\u0131nda K\u00fctahya&#8217;da ger\u00e7ekle\u015ftirilen yat\u0131r\u0131mlara ili\u015fkin a\u00e7\u0131klamalarda bulundu. Karaaslan, 2012 y\u0131l\u0131ndan bu yana toplam 785 projeye hibe deste\u011fi sa\u011flad\u0131klar\u0131n\u0131 belirterek, &#8220;Bu kapsamda 466 milyon TL&#8217;lik bir yat\u0131r\u0131m ger\u00e7ekle\u015fti ve bunun 235 milyon TL&#8217;si kurumumuz taraf\u0131ndan hibe deste\u011fiyle kar\u015f\u0131land\u0131&#8221; dedi. Desteklenen [&hellip;]\" \/>\n<meta property=\"og:url\" content=\"https:\/\/memurunsesi.net\/index.php\/2025\/03\/31\/tkdk-kutahya-il-koordinatoru-karaaslan-785-projeye-hibe-destegi-sagladik\/\" \/>\n<meta property=\"og:site_name\" content=\"Memurun Sesi\" \/>\n<meta property=\"article:publisher\" content=\"https:\/\/www.facebook.com\/unipersen\/?locale=tr_TR\" \/>\n<meta property=\"article:published_time\" content=\"2025-03-31T06:02:41+00:00\" \/>\n<meta property=\"og:image\" content=\"https:\/\/memurunsesi.net\/wp-content\/uploads\/2025\/03\/AW423296_01-scaled.jpg\" \/>\n\t<meta property=\"og:image:width\" content=\"2560\" \/>\n\t<meta property=\"og:image:height\" content=\"1440\" \/>\n\t<meta property=\"og:image:type\" content=\"image\/jpeg\" \/>\n<meta name=\"author\" content=\"Memurun Sesi Haber Merkezi\" \/>\n<meta name=\"twitter:card\" content=\"summary_large_image\" \/>\n<meta name=\"twitter:creator\" content=\"@unipersen\" \/>\n<meta name=\"twitter:site\" content=\"@unipersen\" \/>\n<meta name=\"twitter:label1\" content=\"Yazan:\" \/>\n\t<meta name=\"twitter:data1\" content=\"Memurun Sesi Haber Merkezi\" \/>\n\t<meta name=\"twitter:label2\" content=\"Tahmini okuma s\u00fcresi\" \/>\n\t<meta name=\"twitter:data2\" content=\"1 dakika\" \/>\n<script type=\"application\/ld+json\" class=\"yoast-schema-graph\">{\"@context\":\"https:\\\/\\\/schema.org\",\"@graph\":[{\"@type\":\"Article\",\"@id\":\"https:\\\/\\\/memurunsesi.net\\\/index.php\\\/2025\\\/03\\\/31\\\/tkdk-kutahya-il-koordinatoru-karaaslan-785-projeye-hibe-destegi-sagladik\\\/#article\",\"isPartOf\":{\"@id\":\"https:\\\/\\\/memurunsesi.net\\\/index.php\\\/2025\\\/03\\\/31\\\/tkdk-kutahya-il-koordinatoru-karaaslan-785-projeye-hibe-destegi-sagladik\\\/\"},\"author\":{\"name\":\"Memurun Sesi Haber Merkezi\",\"@id\":\"https:\\\/\\\/memurunsesi.net\\\/#\\\/schema\\\/person\\\/f21c2d73b89f6ee1d80b0a1803e38587\"},\"headline\":\"TKDK K\u00fctahya \u0130l Koordinat\u00f6r\u00fc Karaaslan: &#8220;785 projeye hibe deste\u011fi sa\u011flad\u0131k&#8221;\",\"datePublished\":\"2025-03-31T06:02:41+00:00\",\"mainEntityOfPage\":{\"@id\":\"https:\\\/\\\/memurunsesi.net\\\/index.php\\\/2025\\\/03\\\/31\\\/tkdk-kutahya-il-koordinatoru-karaaslan-785-projeye-hibe-destegi-sagladik\\\/\"},\"wordCount\":165,\"commentCount\":0,\"publisher\":{\"@id\":\"https:\\\/\\\/memurunsesi.net\\\/#organization\"},\"image\":{\"@id\":\"https:\\\/\\\/memurunsesi.net\\\/index.php\\\/2025\\\/03\\\/31\\\/tkdk-kutahya-il-koordinatoru-karaaslan-785-projeye-hibe-destegi-sagladik\\\/#primaryimage\"},\"thumbnailUrl\":\"https:\\\/\\\/memurunsesi.net\\\/wp-content\\\/uploads\\\/2025\\\/03\\\/AW423296_01-scaled.jpg\",\"articleSection\":[\"T\u00fcm Haberler\"],\"inLanguage\":\"tr\",\"potentialAction\":[{\"@type\":\"CommentAction\",\"name\":\"Comment\",\"target\":[\"https:\\\/\\\/memurunsesi.net\\\/index.php\\\/2025\\\/03\\\/31\\\/tkdk-kutahya-il-koordinatoru-karaaslan-785-projeye-hibe-destegi-sagladik\\\/#respond\"]}]},{\"@type\":\"WebPage\",\"@id\":\"https:\\\/\\\/memurunsesi.net\\\/index.php\\\/2025\\\/03\\\/31\\\/tkdk-kutahya-il-koordinatoru-karaaslan-785-projeye-hibe-destegi-sagladik\\\/\",\"url\":\"https:\\\/\\\/memurunsesi.net\\\/index.php\\\/2025\\\/03\\\/31\\\/tkdk-kutahya-il-koordinatoru-karaaslan-785-projeye-hibe-destegi-sagladik\\\/\",\"name\":\"TKDK K\u00fctahya \u0130l Koordinat\u00f6r\u00fc Karaaslan: \\\"785 projeye hibe deste\u011fi sa\u011flad\u0131k\\\" - Memurun Sesi\",\"isPartOf\":{\"@id\":\"https:\\\/\\\/memurunsesi.net\\\/#website\"},\"primaryImageOfPage\":{\"@id\":\"https:\\\/\\\/memurunsesi.net\\\/index.php\\\/2025\\\/03\\\/31\\\/tkdk-kutahya-il-koordinatoru-karaaslan-785-projeye-hibe-destegi-sagladik\\\/#primaryimage\"},\"image\":{\"@id\":\"https:\\\/\\\/memurunsesi.net\\\/index.php\\\/2025\\\/03\\\/31\\\/tkdk-kutahya-il-koordinatoru-karaaslan-785-projeye-hibe-destegi-sagladik\\\/#primaryimage\"},\"thumbnailUrl\":\"https:\\\/\\\/memurunsesi.net\\\/wp-content\\\/uploads\\\/2025\\\/03\\\/AW423296_01-scaled.jpg\",\"datePublished\":\"2025-03-31T06:02:41+00:00\",\"breadcrumb\":{\"@id\":\"https:\\\/\\\/memurunsesi.net\\\/index.php\\\/2025\\\/03\\\/31\\\/tkdk-kutahya-il-koordinatoru-karaaslan-785-projeye-hibe-destegi-sagladik\\\/#breadcrumb\"},\"inLanguage\":\"tr\",\"potentialAction\":[{\"@type\":\"ReadAction\",\"target\":[\"https:\\\/\\\/memurunsesi.net\\\/index.php\\\/2025\\\/03\\\/31\\\/tkdk-kutahya-il-koordinatoru-karaaslan-785-projeye-hibe-destegi-sagladik\\\/\"]}]},{\"@type\":\"ImageObject\",\"inLanguage\":\"tr\",\"@id\":\"https:\\\/\\\/memurunsesi.net\\\/index.php\\\/2025\\\/03\\\/31\\\/tkdk-kutahya-il-koordinatoru-karaaslan-785-projeye-hibe-destegi-sagladik\\\/#primaryimage\",\"url\":\"https:\\\/\\\/memurunsesi.net\\\/wp-content\\\/uploads\\\/2025\\\/03\\\/AW423296_01-scaled.jpg\",\"contentUrl\":\"https:\\\/\\\/memurunsesi.net\\\/wp-content\\\/uploads\\\/2025\\\/03\\\/AW423296_01-scaled.jpg\",\"width\":2560,\"height\":1440,\"caption\":\"B\u0130RSEN KARAASLAN (H\u00dcSEY\u0130N EFE\\\/K\u00dcTAHYA-\u0130HA) Tar\u0131m ve K\u0131rsal Kalk\u0131nmay\u0131 Destekleme Kurumu (TKDK) K\u00fctahya \u0130l Koordinat\u00f6r\u00fc Birsen Karaaslan, IPARD-1 ve IPARD-2 programlar\u0131 kapsam\u0131nda K\u00fctahya'da ger\u00e7ekle\u015ftirilen yat\u0131r\u0131mlara ili\u015fkin a\u00e7\u0131klamalarda bulundu. Karaaslan, 2012 y\u0131l\u0131ndan bu yana toplam 785 projeye hibe deste\u011fi sa\u011flad\u0131klar\u0131n\u0131 belirterek, \\\"Bu kapsamda 466 milyon TL'lik bir yat\u0131r\u0131m ger\u00e7ekle\u015fti ve bunun 235 milyon TL'si kurumumuz taraf\u0131ndan hibe deste\u011fiyle kar\u015f\u0131land\u0131\\\" dedi.\"},{\"@type\":\"BreadcrumbList\",\"@id\":\"https:\\\/\\\/memurunsesi.net\\\/index.php\\\/2025\\\/03\\\/31\\\/tkdk-kutahya-il-koordinatoru-karaaslan-785-projeye-hibe-destegi-sagladik\\\/#breadcrumb\",\"itemListElement\":[{\"@type\":\"ListItem\",\"position\":1,\"name\":\"Anasayfa\",\"item\":\"https:\\\/\\\/memurunsesi.net\\\/\"},{\"@type\":\"ListItem\",\"position\":2,\"name\":\"TKDK K\u00fctahya \u0130l Koordinat\u00f6r\u00fc Karaaslan: &#8220;785 projeye hibe deste\u011fi sa\u011flad\u0131k&#8221;\"}]},{\"@type\":\"WebSite\",\"@id\":\"https:\\\/\\\/memurunsesi.net\\\/#website\",\"url\":\"https:\\\/\\\/memurunsesi.net\\\/\",\"name\":\"Memurun Sesi\",\"description\":\"G\u00fcncel ve Do\u011fru Haber\",\"publisher\":{\"@id\":\"https:\\\/\\\/memurunsesi.net\\\/#organization\"},\"potentialAction\":[{\"@type\":\"SearchAction\",\"target\":{\"@type\":\"EntryPoint\",\"urlTemplate\":\"https:\\\/\\\/memurunsesi.net\\\/?s={search_term_string}\"},\"query-input\":{\"@type\":\"PropertyValueSpecification\",\"valueRequired\":true,\"valueName\":\"search_term_string\"}}],\"inLanguage\":\"tr\"},{\"@type\":\"Organization\",\"@id\":\"https:\\\/\\\/memurunsesi.net\\\/#organization\",\"name\":\"Memurun Sesi\",\"url\":\"https:\\\/\\\/memurunsesi.net\\\/\",\"logo\":{\"@type\":\"ImageObject\",\"inLanguage\":\"tr\",\"@id\":\"https:\\\/\\\/memurunsesi.net\\\/#\\\/schema\\\/logo\\\/image\\\/\",\"url\":\"https:\\\/\\\/memurunsesi.net\\\/wp-content\\\/uploads\\\/2025\\\/11\\\/cropped-MEMURUN-SESI.png\",\"contentUrl\":\"https:\\\/\\\/memurunsesi.net\\\/wp-content\\\/uploads\\\/2025\\\/11\\\/cropped-MEMURUN-SESI.png\",\"width\":238,\"height\":57,\"caption\":\"Memurun Sesi\"},\"image\":{\"@id\":\"https:\\\/\\\/memurunsesi.net\\\/#\\\/schema\\\/logo\\\/image\\\/\"},\"sameAs\":[\"https:\\\/\\\/www.facebook.com\\\/unipersen\\\/?locale=tr_TR\",\"https:\\\/\\\/x.com\\\/unipersen\"]},{\"@type\":\"Person\",\"@id\":\"https:\\\/\\\/memurunsesi.net\\\/#\\\/schema\\\/person\\\/f21c2d73b89f6ee1d80b0a1803e38587\",\"name\":\"Memurun Sesi Haber Merkezi\",\"image\":{\"@type\":\"ImageObject\",\"inLanguage\":\"tr\",\"@id\":\"https:\\\/\\\/secure.gravatar.com\\\/avatar\\\/6cf0505f452ee753f485014986fab09a434671d2b919ee76fc541025c5876a70?s=96&d=mm&r=g\",\"url\":\"https:\\\/\\\/secure.gravatar.com\\\/avatar\\\/6cf0505f452ee753f485014986fab09a434671d2b919ee76fc541025c5876a70?s=96&d=mm&r=g\",\"contentUrl\":\"https:\\\/\\\/secure.gravatar.com\\\/avatar\\\/6cf0505f452ee753f485014986fab09a434671d2b919ee76fc541025c5876a70?s=96&d=mm&r=g\",\"caption\":\"Memurun Sesi Haber Merkezi\"},\"sameAs\":[\"https:\\\/\\\/memurunsesi.net\"],\"url\":\"https:\\\/\\\/memurunsesi.net\\\/index.php\\\/author\\\/uniper\\\/\"}]}<\/script>\n<!-- \/ Yoast SEO plugin. -->","yoast_head_json":{"title":"TKDK K\u00fctahya \u0130l Koordinat\u00f6r\u00fc Karaaslan: \"785 projeye hibe deste\u011fi sa\u011flad\u0131k\" - Memurun Sesi","robots":{"index":"index","follow":"follow","max-snippet":"max-snippet:-1","max-image-preview":"max-image-preview:large","max-video-preview":"max-video-preview:-1"},"canonical":"https:\/\/memurunsesi.net\/index.php\/2025\/03\/31\/tkdk-kutahya-il-koordinatoru-karaaslan-785-projeye-hibe-destegi-sagladik\/","og_locale":"tr_TR","og_type":"article","og_title":"TKDK K\u00fctahya \u0130l Koordinat\u00f6r\u00fc Karaaslan: \"785 projeye hibe deste\u011fi sa\u011flad\u0131k\" - Memurun Sesi","og_description":"Tar\u0131m ve K\u0131rsal Kalk\u0131nmay\u0131 Destekleme Kurumu (TKDK) K\u00fctahya \u0130l Koordinat\u00f6r\u00fc Birsen Karaaslan, IPARD-1 ve IPARD-2 programlar\u0131 kapsam\u0131nda K\u00fctahya&#8217;da ger\u00e7ekle\u015ftirilen yat\u0131r\u0131mlara ili\u015fkin a\u00e7\u0131klamalarda bulundu. Karaaslan, 2012 y\u0131l\u0131ndan bu yana toplam 785 projeye hibe deste\u011fi sa\u011flad\u0131klar\u0131n\u0131 belirterek, &#8220;Bu kapsamda 466 milyon TL&#8217;lik bir yat\u0131r\u0131m ger\u00e7ekle\u015fti ve bunun 235 milyon TL&#8217;si kurumumuz taraf\u0131ndan hibe deste\u011fiyle kar\u015f\u0131land\u0131&#8221; dedi. Desteklenen [&hellip;]","og_url":"https:\/\/memurunsesi.net\/index.php\/2025\/03\/31\/tkdk-kutahya-il-koordinatoru-karaaslan-785-projeye-hibe-destegi-sagladik\/","og_site_name":"Memurun Sesi","article_publisher":"https:\/\/www.facebook.com\/unipersen\/?locale=tr_TR","article_published_time":"2025-03-31T06:02:41+00:00","og_image":[{"width":2560,"height":1440,"url":"https:\/\/memurunsesi.net\/wp-content\/uploads\/2025\/03\/AW423296_01-scaled.jpg","type":"image\/jpeg"}],"author":"Memurun Sesi Haber Merkezi","twitter_card":"summary_large_image","twitter_creator":"@unipersen","twitter_site":"@unipersen","twitter_misc":{"Yazan:":"Memurun Sesi Haber Merkezi","Tahmini okuma s\u00fcresi":"1 dakika"},"schema":{"@context":"https:\/\/schema.org","@graph":[{"@type":"Article","@id":"https:\/\/memurunsesi.net\/index.php\/2025\/03\/31\/tkdk-kutahya-il-koordinatoru-karaaslan-785-projeye-hibe-destegi-sagladik\/#article","isPartOf":{"@id":"https:\/\/memurunsesi.net\/index.php\/2025\/03\/31\/tkdk-kutahya-il-koordinatoru-karaaslan-785-projeye-hibe-destegi-sagladik\/"},"author":{"name":"Memurun Sesi Haber Merkezi","@id":"https:\/\/memurunsesi.net\/#\/schema\/person\/f21c2d73b89f6ee1d80b0a1803e38587"},"headline":"TKDK K\u00fctahya \u0130l Koordinat\u00f6r\u00fc Karaaslan: &#8220;785 projeye hibe deste\u011fi sa\u011flad\u0131k&#8221;","datePublished":"2025-03-31T06:02:41+00:00","mainEntityOfPage":{"@id":"https:\/\/memurunsesi.net\/index.php\/2025\/03\/31\/tkdk-kutahya-il-koordinatoru-karaaslan-785-projeye-hibe-destegi-sagladik\/"},"wordCount":165,"commentCount":0,"publisher":{"@id":"https:\/\/memurunsesi.net\/#organization"},"image":{"@id":"https:\/\/memurunsesi.net\/index.php\/2025\/03\/31\/tkdk-kutahya-il-koordinatoru-karaaslan-785-projeye-hibe-destegi-sagladik\/#primaryimage"},"thumbnailUrl":"https:\/\/memurunsesi.net\/wp-content\/uploads\/2025\/03\/AW423296_01-scaled.jpg","articleSection":["T\u00fcm Haberler"],"inLanguage":"tr","potentialAction":[{"@type":"CommentAction","name":"Comment","target":["https:\/\/memurunsesi.net\/index.php\/2025\/03\/31\/tkdk-kutahya-il-koordinatoru-karaaslan-785-projeye-hibe-destegi-sagladik\/#respond"]}]},{"@type":"WebPage","@id":"https:\/\/memurunsesi.net\/index.php\/2025\/03\/31\/tkdk-kutahya-il-koordinatoru-karaaslan-785-projeye-hibe-destegi-sagladik\/","url":"https:\/\/memurunsesi.net\/index.php\/2025\/03\/31\/tkdk-kutahya-il-koordinatoru-karaaslan-785-projeye-hibe-destegi-sagladik\/","name":"TKDK K\u00fctahya \u0130l Koordinat\u00f6r\u00fc Karaaslan: \"785 projeye hibe deste\u011fi sa\u011flad\u0131k\" - Memurun Sesi","isPartOf":{"@id":"https:\/\/memurunsesi.net\/#website"},"primaryImageOfPage":{"@id":"https:\/\/memurunsesi.net\/index.php\/2025\/03\/31\/tkdk-kutahya-il-koordinatoru-karaaslan-785-projeye-hibe-destegi-sagladik\/#primaryimage"},"image":{"@id":"https:\/\/memurunsesi.net\/index.php\/2025\/03\/31\/tkdk-kutahya-il-koordinatoru-karaaslan-785-projeye-hibe-destegi-sagladik\/#primaryimage"},"thumbnailUrl":"https:\/\/memurunsesi.net\/wp-content\/uploads\/2025\/03\/AW423296_01-scaled.jpg","datePublished":"2025-03-31T06:02:41+00:00","breadcrumb":{"@id":"https:\/\/memurunsesi.net\/index.php\/2025\/03\/31\/tkdk-kutahya-il-koordinatoru-karaaslan-785-projeye-hibe-destegi-sagladik\/#breadcrumb"},"inLanguage":"tr","potentialAction":[{"@type":"ReadAction","target":["https:\/\/memurunsesi.net\/index.php\/2025\/03\/31\/tkdk-kutahya-il-koordinatoru-karaaslan-785-projeye-hibe-destegi-sagladik\/"]}]},{"@type":"ImageObject","inLanguage":"tr","@id":"https:\/\/memurunsesi.net\/index.php\/2025\/03\/31\/tkdk-kutahya-il-koordinatoru-karaaslan-785-projeye-hibe-destegi-sagladik\/#primaryimage","url":"https:\/\/memurunsesi.net\/wp-content\/uploads\/2025\/03\/AW423296_01-scaled.jpg","contentUrl":"https:\/\/memurunsesi.net\/wp-content\/uploads\/2025\/03\/AW423296_01-scaled.jpg","width":2560,"height":1440,"caption":"B\u0130RSEN KARAASLAN (H\u00dcSEY\u0130N EFE\/K\u00dcTAHYA-\u0130HA) Tar\u0131m ve K\u0131rsal Kalk\u0131nmay\u0131 Destekleme Kurumu (TKDK) K\u00fctahya \u0130l Koordinat\u00f6r\u00fc Birsen Karaaslan, IPARD-1 ve IPARD-2 programlar\u0131 kapsam\u0131nda K\u00fctahya'da ger\u00e7ekle\u015ftirilen yat\u0131r\u0131mlara ili\u015fkin a\u00e7\u0131klamalarda bulundu. Karaaslan, 2012 y\u0131l\u0131ndan bu yana toplam 785 projeye hibe deste\u011fi sa\u011flad\u0131klar\u0131n\u0131 belirterek, \"Bu kapsamda 466 milyon TL'lik bir yat\u0131r\u0131m ger\u00e7ekle\u015fti ve bunun 235 milyon TL'si kurumumuz taraf\u0131ndan hibe deste\u011fiyle kar\u015f\u0131land\u0131\" dedi."},{"@type":"BreadcrumbList","@id":"https:\/\/memurunsesi.net\/index.php\/2025\/03\/31\/tkdk-kutahya-il-koordinatoru-karaaslan-785-projeye-hibe-destegi-sagladik\/#breadcrumb","itemListElement":[{"@type":"ListItem","position":1,"name":"Anasayfa","item":"https:\/\/memurunsesi.net\/"},{"@type":"ListItem","position":2,"name":"TKDK K\u00fctahya \u0130l Koordinat\u00f6r\u00fc Karaaslan: &#8220;785 projeye hibe deste\u011fi sa\u011flad\u0131k&#8221;"}]},{"@type":"WebSite","@id":"https:\/\/memurunsesi.net\/#website","url":"https:\/\/memurunsesi.net\/","name":"Memurun Sesi","description":"G\u00fcncel ve Do\u011fru Haber","publisher":{"@id":"https:\/\/memurunsesi.net\/#organization"},"potentialAction":[{"@type":"SearchAction","target":{"@type":"EntryPoint","urlTemplate":"https:\/\/memurunsesi.net\/?s={search_term_string}"},"query-input":{"@type":"PropertyValueSpecification","valueRequired":true,"valueName":"search_term_string"}}],"inLanguage":"tr"},{"@type":"Organization","@id":"https:\/\/memurunsesi.net\/#organization","name":"Memurun Sesi","url":"https:\/\/memurunsesi.net\/","logo":{"@type":"ImageObject","inLanguage":"tr","@id":"https:\/\/memurunsesi.net\/#\/schema\/logo\/image\/","url":"https:\/\/memurunsesi.net\/wp-content\/uploads\/2025\/11\/cropped-MEMURUN-SESI.png","contentUrl":"https:\/\/memurunsesi.net\/wp-content\/uploads\/2025\/11\/cropped-MEMURUN-SESI.png","width":238,"height":57,"caption":"Memurun Sesi"},"image":{"@id":"https:\/\/memurunsesi.net\/#\/schema\/logo\/image\/"},"sameAs":["https:\/\/www.facebook.com\/unipersen\/?locale=tr_TR","https:\/\/x.com\/unipersen"]},{"@type":"Person","@id":"https:\/\/memurunsesi.net\/#\/schema\/person\/f21c2d73b89f6ee1d80b0a1803e38587","name":"Memurun Sesi Haber Merkezi","image":{"@type":"ImageObject","inLanguage":"tr","@id":"https:\/\/secure.gravatar.com\/avatar\/6cf0505f452ee753f485014986fab09a434671d2b919ee76fc541025c5876a70?s=96&d=mm&r=g","url":"https:\/\/secure.gravatar.com\/avatar\/6cf0505f452ee753f485014986fab09a434671d2b919ee76fc541025c5876a70?s=96&d=mm&r=g","contentUrl":"https:\/\/secure.gravatar.com\/avatar\/6cf0505f452ee753f485014986fab09a434671d2b919ee76fc541025c5876a70?s=96&d=mm&r=g","caption":"Memurun Sesi Haber Merkezi"},"sameAs":["https:\/\/memurunsesi.net"],"url":"https:\/\/memurunsesi.net\/index.php\/author\/uniper\/"}]}},"_links":{"self":[{"href":"https:\/\/memurunsesi.net\/index.php\/wp-json\/wp\/v2\/posts\/4585","targetHints":{"allow":["GET"]}}],"collection":[{"href":"https:\/\/memurunsesi.net\/index.php\/wp-json\/wp\/v2\/posts"}],"about":[{"href":"https:\/\/memurunsesi.net\/index.php\/wp-json\/wp\/v2\/types\/post"}],"author":[{"embeddable":true,"href":"https:\/\/memurunsesi.net\/index.php\/wp-json\/wp\/v2\/users\/1"}],"replies":[{"embeddable":true,"href":"https:\/\/memurunsesi.net\/index.php\/wp-json\/wp\/v2\/comments?post=4585"}],"version-history":[{"count":1,"href":"https:\/\/memurunsesi.net\/index.php\/wp-json\/wp\/v2\/posts\/4585\/revisions"}],"predecessor-version":[{"id":4587,"href":"https:\/\/memurunsesi.net\/index.php\/wp-json\/wp\/v2\/posts\/4585\/revisions\/4587"}],"wp:featuredmedia":[{"embeddable":true,"href":"https:\/\/memurunsesi.net\/index.php\/wp-json\/wp\/v2\/media\/4586"}],"wp:attachment":[{"href":"https:\/\/memurunsesi.net\/index.php\/wp-json\/wp\/v2\/media?parent=4585"}],"wp:term":[{"taxonomy":"category","embeddable":true,"href":"https:\/\/memurunsesi.net\/index.php\/wp-json\/wp\/v2\/categories?post=4585"},{"taxonomy":"post_tag","embeddable":true,"href":"https:\/\/memurunsesi.net\/index.php\/wp-json\/wp\/v2\/tags?post=4585"}],"curies":[{"name":"wp","href":"https:\/\/api.w.org\/{rel}","templated":true}]}}