{"id":4595,"date":"2025-03-31T09:09:24","date_gmt":"2025-03-31T06:09:24","guid":{"rendered":"https:\/\/memurunsesi.net\/?p=4595"},"modified":"2025-03-31T09:09:24","modified_gmt":"2025-03-31T06:09:24","slug":"deprem-mezarliginda-gozyaslariyla-gecen-ramazan-bayrami","status":"publish","type":"post","link":"https:\/\/memurunsesi.net\/index.php\/2025\/03\/31\/deprem-mezarliginda-gozyaslariyla-gecen-ramazan-bayrami\/","title":{"rendered":"Deprem mezarl\u0131\u011f\u0131nda g\u00f6zya\u015flar\u0131yla ge\u00e7en Ramazan Bayram\u0131"},"content":{"rendered":"<p>&#8211; Depremzede Cemile Kele\u015f: &#8220;Allah evlat ac\u0131s\u0131n\u0131 kimselere vermesin, evlattan daha de\u011ferli kimse yokmu\u015f&#8221;<br \/>\n&#8211; Depremzede Necati Y\u0131lmaz: &#8220;Buradaki hepimizin bayram\u0131 buras\u0131 oldu ve ba\u015fka nas\u0131l bayram olur bilmiyoruz&#8221;<\/p>\n<p>Hatay&#8217;da afetzede vatanda\u015flar sabah\u0131n ilk saatleriyle birlikte, asr\u0131n felaketinde vefat edenlerin mezarlar\u0131n\u0131n bulundu\u011fu deprem mezarl\u0131\u011f\u0131na ak\u0131n etti.<br \/>\nKahramanmara\u015f merkezli depremlerde Hatay&#8217;da 25 bine yak\u0131n insan vefat etmi\u015fti. Depremde vefat eden vatanda\u015flar i\u00e7in Antakya il\u00e7esi Narl\u0131ca Mahallesi&#8217;nde deprem mezarl\u0131\u011f\u0131 kurulmu\u015ftu. Her bayram oldu\u011fu gibi Ramazan Bayram\u0131\u2019nda da depremde yak\u0131nlar\u0131n\u0131 kaybeden vatanda\u015flar, sabah\u0131n erken saatlerinden itibaren ziyaret i\u00e7in deprem mezarl\u0131\u011f\u0131na geldiler. Mezarlar\u0131 sulayarak g\u00f6zya\u015flar\u0131 i\u00e7erisinde dua eden depremzede vatanda\u015flar, y\u00fcrekleri burktu. Hatay B\u00fcy\u00fck\u015fehir Belediyesi de mezarl\u0131\u011f\u0131 bayraklarla donatarak, ziyaret ger\u00e7ekle\u015ftiren vatanda\u015flara dikmeleri i\u00e7in \u00e7i\u00e7ek da\u011f\u0131tt\u0131. Afetzede vatanda\u015flar, bayram boyunca mezarl\u0131klara ula\u015f\u0131mlar\u0131n\u0131 Hatay B\u00fcy\u00fck\u015fehir Belediyesi taraf\u0131ndan tahsis edilen \u00fccretsiz servis ara\u00e7lar\u0131yla sa\u011flayabilecekler.<\/p>\n<p>&#8220;Allah evlat ac\u0131s\u0131n\u0131 kimselere vermesin, evlattan daha de\u011ferli kimse yokmu\u015f&#8221;<br \/>\nDepremde kaybetti\u011fi k\u0131z\u0131n\u0131n mezar\u0131n\u0131n ba\u015f\u0131nda g\u00f6zya\u015flar\u0131na hakim olamayan ac\u0131l\u0131 anne Cemile Kele\u015f, &#8220;Bizim evimiz gecekonduydu. Biz depremden kurtulduk ama k\u0131z\u0131m 6 katl\u0131 binan\u0131n alt\u0131nda kald\u0131. Binan\u0131n enkaz\u0131ndan 5 g\u00fcn sonra cenazesi \u00e7\u0131kt\u0131. Nas\u0131l \u00f6zledi\u011fimi bilemezsin. K\u0131z\u0131m \u00e7ok \u00f6zl\u00fcyorum. Bir k\u0131z bir o\u011flan iki \u00e7ocu\u011fu arkas\u0131nda b\u0131rakt\u0131. Allah evlat ac\u0131s\u0131n\u0131 kimselere vermesin. Evlattan daha de\u011ferli kimse yokmu\u015f. Bug\u00fcn bayram ziyaretine geldik. O gece k\u0131z\u0131m\u0131n yan\u0131nda o\u011flu kal\u0131yordu ama o g\u00fcn o\u011flu babas\u0131n\u0131n yan\u0131na gitmi\u015f. O gece evde tek ba\u015f\u0131na kal\u0131yordu. Allah kimseye bu ac\u0131y\u0131 g\u00f6stermesin. G\u00fczel yavrum bize \u00e7ok d\u00fc\u015fk\u00fcnd\u00fc. Her bayram ziyaretine geliyoruz&#8221; dedi.<\/p>\n<p>&#8220;Buradaki hepimizin bayram\u0131 buras\u0131 oldu ve ba\u015fka nas\u0131l bayram olur bilmiyoruz&#8221;<br \/>\nDepremde kaybetti\u011fi k\u0131z\u0131, torunu ve damad\u0131n\u0131n mezar\u0131n\u0131 ziyaret eden Necati Y\u0131lmaz, &#8220;Depremde k\u0131z\u0131m\u0131, torunumu ve damad\u0131m\u0131 kaybettim. Ayr\u0131ca toplam 9 akrabam\u0131 kaybettim. Onlarla ayn\u0131 apartmanda ya\u015f\u0131yorduk ama depremden birka\u00e7 ay \u00f6nce ba\u015fka mahalleye ta\u015f\u0131nd\u0131lar. Deprem zaman\u0131nda oras\u0131 yerle bir oldu. Bayram g\u00fcnlerinde her zaman buraday\u0131z. Bayram\u0131m\u0131z ve ziyaretimiz her \u015feyimiz burada. Buradaki hepimizin bayram\u0131 buras\u0131 oldu. Ba\u015fka nas\u0131l bayram olur bilmiyoruz&#8221; ifadelerini kulland\u0131.<\/p>\n<p>31.03.2025<\/p>\n","protected":false},"excerpt":{"rendered":"<p>&#8211; Depremzede Cemile Kele\u015f: &#8220;Allah evlat ac\u0131s\u0131n\u0131 kimselere vermesin, evlattan daha de\u011ferli kimse yokmu\u015f&#8221; &#8211; Depremzede Necati Y\u0131lmaz: &#8220;Buradaki hepimizin bayram\u0131 buras\u0131 oldu ve ba\u015fka nas\u0131l bayram olur bilmiyoruz&#8221; Hatay&#8217;da afetzede vatanda\u015flar sabah\u0131n ilk saatleriyle birlikte, asr\u0131n felaketinde vefat edenlerin mezarlar\u0131n\u0131n bulundu\u011fu deprem mezarl\u0131\u011f\u0131na ak\u0131n etti. Kahramanmara\u015f merkezli depremlerde Hatay&#8217;da 25 bine yak\u0131n insan vefat [&hellip;]<\/p>\n","protected":false},"author":1,"featured_media":4596,"comment_status":"open","ping_status":"open","sticky":false,"template":"","format":"standard","meta":{"footnotes":""},"categories":[1],"tags":[],"class_list":["post-4595","post","type-post","status-publish","format-standard","has-post-thumbnail","hentry","category-genel"],"yoast_head":"<!-- This site is optimized with the Yoast SEO plugin v27.4 - https:\/\/yoast.com\/product\/yoast-seo-wordpress\/ -->\n<title>Deprem mezarl\u0131\u011f\u0131nda g\u00f6zya\u015flar\u0131yla ge\u00e7en Ramazan Bayram\u0131 - Memurun Sesi<\/title>\n<meta name=\"robots\" content=\"index, follow, max-snippet:-1, max-image-preview:large, max-video-preview:-1\" \/>\n<link rel=\"canonical\" href=\"https:\/\/memurunsesi.net\/index.php\/2025\/03\/31\/deprem-mezarliginda-gozyaslariyla-gecen-ramazan-bayrami\/\" \/>\n<meta property=\"og:locale\" content=\"tr_TR\" \/>\n<meta property=\"og:type\" content=\"article\" \/>\n<meta property=\"og:title\" content=\"Deprem mezarl\u0131\u011f\u0131nda g\u00f6zya\u015flar\u0131yla ge\u00e7en Ramazan Bayram\u0131 - Memurun Sesi\" \/>\n<meta property=\"og:description\" content=\"&#8211; Depremzede Cemile Kele\u015f: &#8220;Allah evlat ac\u0131s\u0131n\u0131 kimselere vermesin, evlattan daha de\u011ferli kimse yokmu\u015f&#8221; &#8211; Depremzede Necati Y\u0131lmaz: &#8220;Buradaki hepimizin bayram\u0131 buras\u0131 oldu ve ba\u015fka nas\u0131l bayram olur bilmiyoruz&#8221; Hatay&#8217;da afetzede vatanda\u015flar sabah\u0131n ilk saatleriyle birlikte, asr\u0131n felaketinde vefat edenlerin mezarlar\u0131n\u0131n bulundu\u011fu deprem mezarl\u0131\u011f\u0131na ak\u0131n etti. Kahramanmara\u015f merkezli depremlerde Hatay&#8217;da 25 bine yak\u0131n insan vefat [&hellip;]\" \/>\n<meta property=\"og:url\" content=\"https:\/\/memurunsesi.net\/index.php\/2025\/03\/31\/deprem-mezarliginda-gozyaslariyla-gecen-ramazan-bayrami\/\" \/>\n<meta property=\"og:site_name\" content=\"Memurun Sesi\" \/>\n<meta property=\"article:publisher\" content=\"https:\/\/www.facebook.com\/unipersen\/?locale=tr_TR\" \/>\n<meta property=\"article:published_time\" content=\"2025-03-31T06:09:24+00:00\" \/>\n<meta property=\"og:image\" content=\"https:\/\/memurunsesi.net\/wp-content\/uploads\/2025\/03\/AW423474_02-scaled.jpg\" \/>\n\t<meta property=\"og:image:width\" content=\"2560\" \/>\n\t<meta property=\"og:image:height\" content=\"1707\" \/>\n\t<meta property=\"og:image:type\" content=\"image\/jpeg\" \/>\n<meta name=\"author\" content=\"Memurun Sesi Haber Merkezi\" \/>\n<meta name=\"twitter:card\" content=\"summary_large_image\" \/>\n<meta name=\"twitter:creator\" content=\"@unipersen\" \/>\n<meta name=\"twitter:site\" content=\"@unipersen\" \/>\n<meta name=\"twitter:label1\" content=\"Yazan:\" \/>\n\t<meta name=\"twitter:data1\" content=\"Memurun Sesi Haber Merkezi\" \/>\n\t<meta name=\"twitter:label2\" content=\"Tahmini okuma s\u00fcresi\" \/>\n\t<meta name=\"twitter:data2\" content=\"2 dakika\" \/>\n<script type=\"application\/ld+json\" class=\"yoast-schema-graph\">{\"@context\":\"https:\\\/\\\/schema.org\",\"@graph\":[{\"@type\":\"Article\",\"@id\":\"https:\\\/\\\/memurunsesi.net\\\/index.php\\\/2025\\\/03\\\/31\\\/deprem-mezarliginda-gozyaslariyla-gecen-ramazan-bayrami\\\/#article\",\"isPartOf\":{\"@id\":\"https:\\\/\\\/memurunsesi.net\\\/index.php\\\/2025\\\/03\\\/31\\\/deprem-mezarliginda-gozyaslariyla-gecen-ramazan-bayrami\\\/\"},\"author\":{\"name\":\"Memurun Sesi Haber Merkezi\",\"@id\":\"https:\\\/\\\/memurunsesi.net\\\/#\\\/schema\\\/person\\\/f21c2d73b89f6ee1d80b0a1803e38587\"},\"headline\":\"Deprem mezarl\u0131\u011f\u0131nda g\u00f6zya\u015flar\u0131yla ge\u00e7en Ramazan Bayram\u0131\",\"datePublished\":\"2025-03-31T06:09:24+00:00\",\"mainEntityOfPage\":{\"@id\":\"https:\\\/\\\/memurunsesi.net\\\/index.php\\\/2025\\\/03\\\/31\\\/deprem-mezarliginda-gozyaslariyla-gecen-ramazan-bayrami\\\/\"},\"wordCount\":446,\"commentCount\":0,\"publisher\":{\"@id\":\"https:\\\/\\\/memurunsesi.net\\\/#organization\"},\"image\":{\"@id\":\"https:\\\/\\\/memurunsesi.net\\\/index.php\\\/2025\\\/03\\\/31\\\/deprem-mezarliginda-gozyaslariyla-gecen-ramazan-bayrami\\\/#primaryimage\"},\"thumbnailUrl\":\"https:\\\/\\\/memurunsesi.net\\\/wp-content\\\/uploads\\\/2025\\\/03\\\/AW423474_02-scaled.jpg\",\"inLanguage\":\"tr\",\"potentialAction\":[{\"@type\":\"CommentAction\",\"name\":\"Comment\",\"target\":[\"https:\\\/\\\/memurunsesi.net\\\/index.php\\\/2025\\\/03\\\/31\\\/deprem-mezarliginda-gozyaslariyla-gecen-ramazan-bayrami\\\/#respond\"]}]},{\"@type\":\"WebPage\",\"@id\":\"https:\\\/\\\/memurunsesi.net\\\/index.php\\\/2025\\\/03\\\/31\\\/deprem-mezarliginda-gozyaslariyla-gecen-ramazan-bayrami\\\/\",\"url\":\"https:\\\/\\\/memurunsesi.net\\\/index.php\\\/2025\\\/03\\\/31\\\/deprem-mezarliginda-gozyaslariyla-gecen-ramazan-bayrami\\\/\",\"name\":\"Deprem mezarl\u0131\u011f\u0131nda g\u00f6zya\u015flar\u0131yla ge\u00e7en Ramazan Bayram\u0131 - Memurun Sesi\",\"isPartOf\":{\"@id\":\"https:\\\/\\\/memurunsesi.net\\\/#website\"},\"primaryImageOfPage\":{\"@id\":\"https:\\\/\\\/memurunsesi.net\\\/index.php\\\/2025\\\/03\\\/31\\\/deprem-mezarliginda-gozyaslariyla-gecen-ramazan-bayrami\\\/#primaryimage\"},\"image\":{\"@id\":\"https:\\\/\\\/memurunsesi.net\\\/index.php\\\/2025\\\/03\\\/31\\\/deprem-mezarliginda-gozyaslariyla-gecen-ramazan-bayrami\\\/#primaryimage\"},\"thumbnailUrl\":\"https:\\\/\\\/memurunsesi.net\\\/wp-content\\\/uploads\\\/2025\\\/03\\\/AW423474_02-scaled.jpg\",\"datePublished\":\"2025-03-31T06:09:24+00:00\",\"breadcrumb\":{\"@id\":\"https:\\\/\\\/memurunsesi.net\\\/index.php\\\/2025\\\/03\\\/31\\\/deprem-mezarliginda-gozyaslariyla-gecen-ramazan-bayrami\\\/#breadcrumb\"},\"inLanguage\":\"tr\",\"potentialAction\":[{\"@type\":\"ReadAction\",\"target\":[\"https:\\\/\\\/memurunsesi.net\\\/index.php\\\/2025\\\/03\\\/31\\\/deprem-mezarliginda-gozyaslariyla-gecen-ramazan-bayrami\\\/\"]}]},{\"@type\":\"ImageObject\",\"inLanguage\":\"tr\",\"@id\":\"https:\\\/\\\/memurunsesi.net\\\/index.php\\\/2025\\\/03\\\/31\\\/deprem-mezarliginda-gozyaslariyla-gecen-ramazan-bayrami\\\/#primaryimage\",\"url\":\"https:\\\/\\\/memurunsesi.net\\\/wp-content\\\/uploads\\\/2025\\\/03\\\/AW423474_02-scaled.jpg\",\"contentUrl\":\"https:\\\/\\\/memurunsesi.net\\\/wp-content\\\/uploads\\\/2025\\\/03\\\/AW423474_02-scaled.jpg\",\"width\":2560,\"height\":1707,\"caption\":\"HATAY'DA AFETZEDE VATANDA\u015eLAR, SABAHIN \u0130LK SAATLER\u0130YLE B\u0130RL\u0130KTE ASRIN FELAKET\u0130NDE VEFAT EDENLER\u0130N MEZARLARININ BULUNDU\u011eU DEPREM MEZARLI\u011eINA AKIN ETT\u0130LER. (OG\u00dcN ASLAN - RAMAZAN \u0130LIN\\\/HATAY-\u0130HA) Hatay'da afetzede vatanda\u015flar sabah\u0131n ilk saatleriyle birlikte, asr\u0131n felaketinde vefat edenlerin mezarlar\u0131n\u0131n bulundu\u011fu deprem mezarl\u0131\u011f\u0131na ak\u0131n etti.\"},{\"@type\":\"BreadcrumbList\",\"@id\":\"https:\\\/\\\/memurunsesi.net\\\/index.php\\\/2025\\\/03\\\/31\\\/deprem-mezarliginda-gozyaslariyla-gecen-ramazan-bayrami\\\/#breadcrumb\",\"itemListElement\":[{\"@type\":\"ListItem\",\"position\":1,\"name\":\"Anasayfa\",\"item\":\"https:\\\/\\\/memurunsesi.net\\\/\"},{\"@type\":\"ListItem\",\"position\":2,\"name\":\"Deprem mezarl\u0131\u011f\u0131nda g\u00f6zya\u015flar\u0131yla ge\u00e7en Ramazan Bayram\u0131\"}]},{\"@type\":\"WebSite\",\"@id\":\"https:\\\/\\\/memurunsesi.net\\\/#website\",\"url\":\"https:\\\/\\\/memurunsesi.net\\\/\",\"name\":\"Memurun Sesi\",\"description\":\"G\u00fcncel ve Do\u011fru Haber\",\"publisher\":{\"@id\":\"https:\\\/\\\/memurunsesi.net\\\/#organization\"},\"potentialAction\":[{\"@type\":\"SearchAction\",\"target\":{\"@type\":\"EntryPoint\",\"urlTemplate\":\"https:\\\/\\\/memurunsesi.net\\\/?s={search_term_string}\"},\"query-input\":{\"@type\":\"PropertyValueSpecification\",\"valueRequired\":true,\"valueName\":\"search_term_string\"}}],\"inLanguage\":\"tr\"},{\"@type\":\"Organization\",\"@id\":\"https:\\\/\\\/memurunsesi.net\\\/#organization\",\"name\":\"Memurun Sesi\",\"url\":\"https:\\\/\\\/memurunsesi.net\\\/\",\"logo\":{\"@type\":\"ImageObject\",\"inLanguage\":\"tr\",\"@id\":\"https:\\\/\\\/memurunsesi.net\\\/#\\\/schema\\\/logo\\\/image\\\/\",\"url\":\"https:\\\/\\\/memurunsesi.net\\\/wp-content\\\/uploads\\\/2025\\\/11\\\/cropped-MEMURUN-SESI.png\",\"contentUrl\":\"https:\\\/\\\/memurunsesi.net\\\/wp-content\\\/uploads\\\/2025\\\/11\\\/cropped-MEMURUN-SESI.png\",\"width\":238,\"height\":57,\"caption\":\"Memurun Sesi\"},\"image\":{\"@id\":\"https:\\\/\\\/memurunsesi.net\\\/#\\\/schema\\\/logo\\\/image\\\/\"},\"sameAs\":[\"https:\\\/\\\/www.facebook.com\\\/unipersen\\\/?locale=tr_TR\",\"https:\\\/\\\/x.com\\\/unipersen\"]},{\"@type\":\"Person\",\"@id\":\"https:\\\/\\\/memurunsesi.net\\\/#\\\/schema\\\/person\\\/f21c2d73b89f6ee1d80b0a1803e38587\",\"name\":\"Memurun Sesi Haber Merkezi\",\"image\":{\"@type\":\"ImageObject\",\"inLanguage\":\"tr\",\"@id\":\"https:\\\/\\\/secure.gravatar.com\\\/avatar\\\/6cf0505f452ee753f485014986fab09a434671d2b919ee76fc541025c5876a70?s=96&d=mm&r=g\",\"url\":\"https:\\\/\\\/secure.gravatar.com\\\/avatar\\\/6cf0505f452ee753f485014986fab09a434671d2b919ee76fc541025c5876a70?s=96&d=mm&r=g\",\"contentUrl\":\"https:\\\/\\\/secure.gravatar.com\\\/avatar\\\/6cf0505f452ee753f485014986fab09a434671d2b919ee76fc541025c5876a70?s=96&d=mm&r=g\",\"caption\":\"Memurun Sesi Haber Merkezi\"},\"sameAs\":[\"https:\\\/\\\/memurunsesi.net\"],\"url\":\"https:\\\/\\\/memurunsesi.net\\\/index.php\\\/author\\\/uniper\\\/\"}]}<\/script>\n<!-- \/ Yoast SEO plugin. -->","yoast_head_json":{"title":"Deprem mezarl\u0131\u011f\u0131nda g\u00f6zya\u015flar\u0131yla ge\u00e7en Ramazan Bayram\u0131 - Memurun Sesi","robots":{"index":"index","follow":"follow","max-snippet":"max-snippet:-1","max-image-preview":"max-image-preview:large","max-video-preview":"max-video-preview:-1"},"canonical":"https:\/\/memurunsesi.net\/index.php\/2025\/03\/31\/deprem-mezarliginda-gozyaslariyla-gecen-ramazan-bayrami\/","og_locale":"tr_TR","og_type":"article","og_title":"Deprem mezarl\u0131\u011f\u0131nda g\u00f6zya\u015flar\u0131yla ge\u00e7en Ramazan Bayram\u0131 - Memurun Sesi","og_description":"&#8211; Depremzede Cemile Kele\u015f: &#8220;Allah evlat ac\u0131s\u0131n\u0131 kimselere vermesin, evlattan daha de\u011ferli kimse yokmu\u015f&#8221; &#8211; Depremzede Necati Y\u0131lmaz: &#8220;Buradaki hepimizin bayram\u0131 buras\u0131 oldu ve ba\u015fka nas\u0131l bayram olur bilmiyoruz&#8221; Hatay&#8217;da afetzede vatanda\u015flar sabah\u0131n ilk saatleriyle birlikte, asr\u0131n felaketinde vefat edenlerin mezarlar\u0131n\u0131n bulundu\u011fu deprem mezarl\u0131\u011f\u0131na ak\u0131n etti. Kahramanmara\u015f merkezli depremlerde Hatay&#8217;da 25 bine yak\u0131n insan vefat [&hellip;]","og_url":"https:\/\/memurunsesi.net\/index.php\/2025\/03\/31\/deprem-mezarliginda-gozyaslariyla-gecen-ramazan-bayrami\/","og_site_name":"Memurun Sesi","article_publisher":"https:\/\/www.facebook.com\/unipersen\/?locale=tr_TR","article_published_time":"2025-03-31T06:09:24+00:00","og_image":[{"width":2560,"height":1707,"url":"https:\/\/memurunsesi.net\/wp-content\/uploads\/2025\/03\/AW423474_02-scaled.jpg","type":"image\/jpeg"}],"author":"Memurun Sesi Haber Merkezi","twitter_card":"summary_large_image","twitter_creator":"@unipersen","twitter_site":"@unipersen","twitter_misc":{"Yazan:":"Memurun Sesi Haber Merkezi","Tahmini okuma s\u00fcresi":"2 dakika"},"schema":{"@context":"https:\/\/schema.org","@graph":[{"@type":"Article","@id":"https:\/\/memurunsesi.net\/index.php\/2025\/03\/31\/deprem-mezarliginda-gozyaslariyla-gecen-ramazan-bayrami\/#article","isPartOf":{"@id":"https:\/\/memurunsesi.net\/index.php\/2025\/03\/31\/deprem-mezarliginda-gozyaslariyla-gecen-ramazan-bayrami\/"},"author":{"name":"Memurun Sesi Haber Merkezi","@id":"https:\/\/memurunsesi.net\/#\/schema\/person\/f21c2d73b89f6ee1d80b0a1803e38587"},"headline":"Deprem mezarl\u0131\u011f\u0131nda g\u00f6zya\u015flar\u0131yla ge\u00e7en Ramazan Bayram\u0131","datePublished":"2025-03-31T06:09:24+00:00","mainEntityOfPage":{"@id":"https:\/\/memurunsesi.net\/index.php\/2025\/03\/31\/deprem-mezarliginda-gozyaslariyla-gecen-ramazan-bayrami\/"},"wordCount":446,"commentCount":0,"publisher":{"@id":"https:\/\/memurunsesi.net\/#organization"},"image":{"@id":"https:\/\/memurunsesi.net\/index.php\/2025\/03\/31\/deprem-mezarliginda-gozyaslariyla-gecen-ramazan-bayrami\/#primaryimage"},"thumbnailUrl":"https:\/\/memurunsesi.net\/wp-content\/uploads\/2025\/03\/AW423474_02-scaled.jpg","inLanguage":"tr","potentialAction":[{"@type":"CommentAction","name":"Comment","target":["https:\/\/memurunsesi.net\/index.php\/2025\/03\/31\/deprem-mezarliginda-gozyaslariyla-gecen-ramazan-bayrami\/#respond"]}]},{"@type":"WebPage","@id":"https:\/\/memurunsesi.net\/index.php\/2025\/03\/31\/deprem-mezarliginda-gozyaslariyla-gecen-ramazan-bayrami\/","url":"https:\/\/memurunsesi.net\/index.php\/2025\/03\/31\/deprem-mezarliginda-gozyaslariyla-gecen-ramazan-bayrami\/","name":"Deprem mezarl\u0131\u011f\u0131nda g\u00f6zya\u015flar\u0131yla ge\u00e7en Ramazan Bayram\u0131 - Memurun Sesi","isPartOf":{"@id":"https:\/\/memurunsesi.net\/#website"},"primaryImageOfPage":{"@id":"https:\/\/memurunsesi.net\/index.php\/2025\/03\/31\/deprem-mezarliginda-gozyaslariyla-gecen-ramazan-bayrami\/#primaryimage"},"image":{"@id":"https:\/\/memurunsesi.net\/index.php\/2025\/03\/31\/deprem-mezarliginda-gozyaslariyla-gecen-ramazan-bayrami\/#primaryimage"},"thumbnailUrl":"https:\/\/memurunsesi.net\/wp-content\/uploads\/2025\/03\/AW423474_02-scaled.jpg","datePublished":"2025-03-31T06:09:24+00:00","breadcrumb":{"@id":"https:\/\/memurunsesi.net\/index.php\/2025\/03\/31\/deprem-mezarliginda-gozyaslariyla-gecen-ramazan-bayrami\/#breadcrumb"},"inLanguage":"tr","potentialAction":[{"@type":"ReadAction","target":["https:\/\/memurunsesi.net\/index.php\/2025\/03\/31\/deprem-mezarliginda-gozyaslariyla-gecen-ramazan-bayrami\/"]}]},{"@type":"ImageObject","inLanguage":"tr","@id":"https:\/\/memurunsesi.net\/index.php\/2025\/03\/31\/deprem-mezarliginda-gozyaslariyla-gecen-ramazan-bayrami\/#primaryimage","url":"https:\/\/memurunsesi.net\/wp-content\/uploads\/2025\/03\/AW423474_02-scaled.jpg","contentUrl":"https:\/\/memurunsesi.net\/wp-content\/uploads\/2025\/03\/AW423474_02-scaled.jpg","width":2560,"height":1707,"caption":"HATAY'DA AFETZEDE VATANDA\u015eLAR, SABAHIN \u0130LK SAATLER\u0130YLE B\u0130RL\u0130KTE ASRIN FELAKET\u0130NDE VEFAT EDENLER\u0130N MEZARLARININ BULUNDU\u011eU DEPREM MEZARLI\u011eINA AKIN ETT\u0130LER. (OG\u00dcN ASLAN - RAMAZAN \u0130LIN\/HATAY-\u0130HA) Hatay'da afetzede vatanda\u015flar sabah\u0131n ilk saatleriyle birlikte, asr\u0131n felaketinde vefat edenlerin mezarlar\u0131n\u0131n bulundu\u011fu deprem mezarl\u0131\u011f\u0131na ak\u0131n etti."},{"@type":"BreadcrumbList","@id":"https:\/\/memurunsesi.net\/index.php\/2025\/03\/31\/deprem-mezarliginda-gozyaslariyla-gecen-ramazan-bayrami\/#breadcrumb","itemListElement":[{"@type":"ListItem","position":1,"name":"Anasayfa","item":"https:\/\/memurunsesi.net\/"},{"@type":"ListItem","position":2,"name":"Deprem mezarl\u0131\u011f\u0131nda g\u00f6zya\u015flar\u0131yla ge\u00e7en Ramazan Bayram\u0131"}]},{"@type":"WebSite","@id":"https:\/\/memurunsesi.net\/#website","url":"https:\/\/memurunsesi.net\/","name":"Memurun Sesi","description":"G\u00fcncel ve Do\u011fru Haber","publisher":{"@id":"https:\/\/memurunsesi.net\/#organization"},"potentialAction":[{"@type":"SearchAction","target":{"@type":"EntryPoint","urlTemplate":"https:\/\/memurunsesi.net\/?s={search_term_string}"},"query-input":{"@type":"PropertyValueSpecification","valueRequired":true,"valueName":"search_term_string"}}],"inLanguage":"tr"},{"@type":"Organization","@id":"https:\/\/memurunsesi.net\/#organization","name":"Memurun Sesi","url":"https:\/\/memurunsesi.net\/","logo":{"@type":"ImageObject","inLanguage":"tr","@id":"https:\/\/memurunsesi.net\/#\/schema\/logo\/image\/","url":"https:\/\/memurunsesi.net\/wp-content\/uploads\/2025\/11\/cropped-MEMURUN-SESI.png","contentUrl":"https:\/\/memurunsesi.net\/wp-content\/uploads\/2025\/11\/cropped-MEMURUN-SESI.png","width":238,"height":57,"caption":"Memurun Sesi"},"image":{"@id":"https:\/\/memurunsesi.net\/#\/schema\/logo\/image\/"},"sameAs":["https:\/\/www.facebook.com\/unipersen\/?locale=tr_TR","https:\/\/x.com\/unipersen"]},{"@type":"Person","@id":"https:\/\/memurunsesi.net\/#\/schema\/person\/f21c2d73b89f6ee1d80b0a1803e38587","name":"Memurun Sesi Haber Merkezi","image":{"@type":"ImageObject","inLanguage":"tr","@id":"https:\/\/secure.gravatar.com\/avatar\/6cf0505f452ee753f485014986fab09a434671d2b919ee76fc541025c5876a70?s=96&d=mm&r=g","url":"https:\/\/secure.gravatar.com\/avatar\/6cf0505f452ee753f485014986fab09a434671d2b919ee76fc541025c5876a70?s=96&d=mm&r=g","contentUrl":"https:\/\/secure.gravatar.com\/avatar\/6cf0505f452ee753f485014986fab09a434671d2b919ee76fc541025c5876a70?s=96&d=mm&r=g","caption":"Memurun Sesi Haber Merkezi"},"sameAs":["https:\/\/memurunsesi.net"],"url":"https:\/\/memurunsesi.net\/index.php\/author\/uniper\/"}]}},"_links":{"self":[{"href":"https:\/\/memurunsesi.net\/index.php\/wp-json\/wp\/v2\/posts\/4595","targetHints":{"allow":["GET"]}}],"collection":[{"href":"https:\/\/memurunsesi.net\/index.php\/wp-json\/wp\/v2\/posts"}],"about":[{"href":"https:\/\/memurunsesi.net\/index.php\/wp-json\/wp\/v2\/types\/post"}],"author":[{"embeddable":true,"href":"https:\/\/memurunsesi.net\/index.php\/wp-json\/wp\/v2\/users\/1"}],"replies":[{"embeddable":true,"href":"https:\/\/memurunsesi.net\/index.php\/wp-json\/wp\/v2\/comments?post=4595"}],"version-history":[{"count":1,"href":"https:\/\/memurunsesi.net\/index.php\/wp-json\/wp\/v2\/posts\/4595\/revisions"}],"predecessor-version":[{"id":4597,"href":"https:\/\/memurunsesi.net\/index.php\/wp-json\/wp\/v2\/posts\/4595\/revisions\/4597"}],"wp:featuredmedia":[{"embeddable":true,"href":"https:\/\/memurunsesi.net\/index.php\/wp-json\/wp\/v2\/media\/4596"}],"wp:attachment":[{"href":"https:\/\/memurunsesi.net\/index.php\/wp-json\/wp\/v2\/media?parent=4595"}],"wp:term":[{"taxonomy":"category","embeddable":true,"href":"https:\/\/memurunsesi.net\/index.php\/wp-json\/wp\/v2\/categories?post=4595"},{"taxonomy":"post_tag","embeddable":true,"href":"https:\/\/memurunsesi.net\/index.php\/wp-json\/wp\/v2\/tags?post=4595"}],"curies":[{"name":"wp","href":"https:\/\/api.w.org\/{rel}","templated":true}]}}