{"id":4598,"date":"2025-03-31T09:10:53","date_gmt":"2025-03-31T06:10:53","guid":{"rendered":"https:\/\/memurunsesi.net\/?p=4598"},"modified":"2025-03-31T09:10:53","modified_gmt":"2025-03-31T06:10:53","slug":"elazig-belediyesi-ramazan-bayraminda-cocuklar-icin-festival-duzenleyecek","status":"publish","type":"post","link":"https:\/\/memurunsesi.net\/index.php\/2025\/03\/31\/elazig-belediyesi-ramazan-bayraminda-cocuklar-icin-festival-duzenleyecek\/","title":{"rendered":"Elaz\u0131\u011f Belediyesi Ramazan Bayram\u0131nda \u00e7ocuklar i\u00e7in festival d\u00fczenleyecek"},"content":{"rendered":"<p>Elaz\u0131\u011f Belediyesi, bayram co\u015fkusunu miniklerle payla\u015fmak ad\u0131na, \u00e7ocuk festivali d\u00fczenleyecek. Yar\u0131n Ahmet Tevfik Ozan Fuar ve Kongre Merkezinde ba\u015flayacak olan festival, bayram tatili s\u00fcresince devam edecek.<br \/>\n\u00c7ocuklar\u0131n e\u011flenceli bir bayram ge\u00e7irmeleri i\u00e7in haz\u0131rl\u0131klar\u0131n\u0131 tamamlayan Elaz\u0131\u011f Belediyesi K\u00fclt\u00fcr ve Sosyal \u0130\u015fler M\u00fcd\u00fcrl\u00fc\u011f\u00fc taraf\u0131ndan d\u00fczenlenecek olan festival boyunca, birbirinden renkli oyun gruplar\u0131, \u00e7e\u015fitli yar\u0131\u015fmalar ve \u00e7e\u015fitli ikramlar minik misafirleri bekliyor. Ramazan Bayram\u0131n\u0131n ikinci g\u00fcn\u00fcnden itibaren Ahmet Tevfik Ozan Fuar ve Kongre Merkezinde ger\u00e7ekle\u015ftirilecek olan festivalde \u00e7ocuklar, bayram\u0131n her an\u0131nda e\u011flenceyle dolu bir atmosferde, g\u00f6n\u00fcllerince vakit ge\u00e7irecek. Bayram tatili s\u00fcresince s\u00fcrecek olan \u00e7ocuk festivali, 13.00 ile 22.00 saatleri aras\u0131nda a\u00e7\u0131k olacak. Elaz\u0131\u011f Belediyesi Bas\u0131n Yay\u0131n ve Halkla \u0130li\u015fkiler M\u00fcd\u00fcrl\u00fc\u011f\u00fc taraf\u0131ndan yap\u0131lan a\u00e7\u0131klamada, miniklerin bayram sevincini doyas\u0131ya ya\u015famas\u0131 ve unutulmaz bir bayram ge\u00e7irmesi amac\u0131yla festivale b\u00fct\u00fcn \u00e7ocuklar davet edildi.<\/p>\n<p>31.03.2025<\/p>\n","protected":false},"excerpt":{"rendered":"<p>Elaz\u0131\u011f Belediyesi, bayram co\u015fkusunu miniklerle payla\u015fmak ad\u0131na, \u00e7ocuk festivali d\u00fczenleyecek. Yar\u0131n Ahmet Tevfik Ozan Fuar ve Kongre Merkezinde ba\u015flayacak olan festival, bayram tatili s\u00fcresince devam edecek. \u00c7ocuklar\u0131n e\u011flenceli bir bayram ge\u00e7irmeleri i\u00e7in haz\u0131rl\u0131klar\u0131n\u0131 tamamlayan Elaz\u0131\u011f Belediyesi K\u00fclt\u00fcr ve Sosyal \u0130\u015fler M\u00fcd\u00fcrl\u00fc\u011f\u00fc taraf\u0131ndan d\u00fczenlenecek olan festival boyunca, birbirinden renkli oyun gruplar\u0131, \u00e7e\u015fitli yar\u0131\u015fmalar ve \u00e7e\u015fitli ikramlar [&hellip;]<\/p>\n","protected":false},"author":1,"featured_media":4599,"comment_status":"open","ping_status":"open","sticky":false,"template":"","format":"standard","meta":{"footnotes":""},"categories":[45],"tags":[],"class_list":["post-4598","post","type-post","status-publish","format-standard","has-post-thumbnail","hentry","category-gundem"],"yoast_head":"<!-- This site is optimized with the Yoast SEO plugin v27.4 - https:\/\/yoast.com\/product\/yoast-seo-wordpress\/ -->\n<title>Elaz\u0131\u011f Belediyesi Ramazan Bayram\u0131nda \u00e7ocuklar i\u00e7in festival d\u00fczenleyecek - Memurun Sesi<\/title>\n<meta name=\"robots\" content=\"index, follow, max-snippet:-1, max-image-preview:large, max-video-preview:-1\" \/>\n<link rel=\"canonical\" href=\"https:\/\/memurunsesi.net\/index.php\/2025\/03\/31\/elazig-belediyesi-ramazan-bayraminda-cocuklar-icin-festival-duzenleyecek\/\" \/>\n<meta property=\"og:locale\" content=\"tr_TR\" \/>\n<meta property=\"og:type\" content=\"article\" \/>\n<meta property=\"og:title\" content=\"Elaz\u0131\u011f Belediyesi Ramazan Bayram\u0131nda \u00e7ocuklar i\u00e7in festival d\u00fczenleyecek - Memurun Sesi\" \/>\n<meta property=\"og:description\" content=\"Elaz\u0131\u011f Belediyesi, bayram co\u015fkusunu miniklerle payla\u015fmak ad\u0131na, \u00e7ocuk festivali d\u00fczenleyecek. Yar\u0131n Ahmet Tevfik Ozan Fuar ve Kongre Merkezinde ba\u015flayacak olan festival, bayram tatili s\u00fcresince devam edecek. \u00c7ocuklar\u0131n e\u011flenceli bir bayram ge\u00e7irmeleri i\u00e7in haz\u0131rl\u0131klar\u0131n\u0131 tamamlayan Elaz\u0131\u011f Belediyesi K\u00fclt\u00fcr ve Sosyal \u0130\u015fler M\u00fcd\u00fcrl\u00fc\u011f\u00fc taraf\u0131ndan d\u00fczenlenecek olan festival boyunca, birbirinden renkli oyun gruplar\u0131, \u00e7e\u015fitli yar\u0131\u015fmalar ve \u00e7e\u015fitli ikramlar [&hellip;]\" \/>\n<meta property=\"og:url\" content=\"https:\/\/memurunsesi.net\/index.php\/2025\/03\/31\/elazig-belediyesi-ramazan-bayraminda-cocuklar-icin-festival-duzenleyecek\/\" \/>\n<meta property=\"og:site_name\" content=\"Memurun Sesi\" \/>\n<meta property=\"article:publisher\" content=\"https:\/\/www.facebook.com\/unipersen\/?locale=tr_TR\" \/>\n<meta property=\"article:published_time\" content=\"2025-03-31T06:10:53+00:00\" \/>\n<meta property=\"og:image\" content=\"https:\/\/memurunsesi.net\/wp-content\/uploads\/2025\/03\/AW423574_02.jpg\" \/>\n\t<meta property=\"og:image:width\" content=\"1600\" \/>\n\t<meta property=\"og:image:height\" content=\"901\" \/>\n\t<meta property=\"og:image:type\" content=\"image\/jpeg\" \/>\n<meta name=\"author\" content=\"Memurun Sesi Haber Merkezi\" \/>\n<meta name=\"twitter:card\" content=\"summary_large_image\" \/>\n<meta name=\"twitter:creator\" content=\"@unipersen\" \/>\n<meta name=\"twitter:site\" content=\"@unipersen\" \/>\n<meta name=\"twitter:label1\" content=\"Yazan:\" \/>\n\t<meta name=\"twitter:data1\" content=\"Memurun Sesi Haber Merkezi\" \/>\n\t<meta name=\"twitter:label2\" content=\"Tahmini okuma s\u00fcresi\" \/>\n\t<meta name=\"twitter:data2\" content=\"1 dakika\" \/>\n<script type=\"application\/ld+json\" class=\"yoast-schema-graph\">{\"@context\":\"https:\\\/\\\/schema.org\",\"@graph\":[{\"@type\":\"Article\",\"@id\":\"https:\\\/\\\/memurunsesi.net\\\/index.php\\\/2025\\\/03\\\/31\\\/elazig-belediyesi-ramazan-bayraminda-cocuklar-icin-festival-duzenleyecek\\\/#article\",\"isPartOf\":{\"@id\":\"https:\\\/\\\/memurunsesi.net\\\/index.php\\\/2025\\\/03\\\/31\\\/elazig-belediyesi-ramazan-bayraminda-cocuklar-icin-festival-duzenleyecek\\\/\"},\"author\":{\"name\":\"Memurun Sesi Haber Merkezi\",\"@id\":\"https:\\\/\\\/memurunsesi.net\\\/#\\\/schema\\\/person\\\/f21c2d73b89f6ee1d80b0a1803e38587\"},\"headline\":\"Elaz\u0131\u011f Belediyesi Ramazan Bayram\u0131nda \u00e7ocuklar i\u00e7in festival d\u00fczenleyecek\",\"datePublished\":\"2025-03-31T06:10:53+00:00\",\"mainEntityOfPage\":{\"@id\":\"https:\\\/\\\/memurunsesi.net\\\/index.php\\\/2025\\\/03\\\/31\\\/elazig-belediyesi-ramazan-bayraminda-cocuklar-icin-festival-duzenleyecek\\\/\"},\"wordCount\":187,\"commentCount\":0,\"publisher\":{\"@id\":\"https:\\\/\\\/memurunsesi.net\\\/#organization\"},\"image\":{\"@id\":\"https:\\\/\\\/memurunsesi.net\\\/index.php\\\/2025\\\/03\\\/31\\\/elazig-belediyesi-ramazan-bayraminda-cocuklar-icin-festival-duzenleyecek\\\/#primaryimage\"},\"thumbnailUrl\":\"https:\\\/\\\/memurunsesi.net\\\/wp-content\\\/uploads\\\/2025\\\/03\\\/AW423574_02.jpg\",\"articleSection\":[\"G\u00fcndem\"],\"inLanguage\":\"tr\",\"potentialAction\":[{\"@type\":\"CommentAction\",\"name\":\"Comment\",\"target\":[\"https:\\\/\\\/memurunsesi.net\\\/index.php\\\/2025\\\/03\\\/31\\\/elazig-belediyesi-ramazan-bayraminda-cocuklar-icin-festival-duzenleyecek\\\/#respond\"]}]},{\"@type\":\"WebPage\",\"@id\":\"https:\\\/\\\/memurunsesi.net\\\/index.php\\\/2025\\\/03\\\/31\\\/elazig-belediyesi-ramazan-bayraminda-cocuklar-icin-festival-duzenleyecek\\\/\",\"url\":\"https:\\\/\\\/memurunsesi.net\\\/index.php\\\/2025\\\/03\\\/31\\\/elazig-belediyesi-ramazan-bayraminda-cocuklar-icin-festival-duzenleyecek\\\/\",\"name\":\"Elaz\u0131\u011f Belediyesi Ramazan Bayram\u0131nda \u00e7ocuklar i\u00e7in festival d\u00fczenleyecek - Memurun Sesi\",\"isPartOf\":{\"@id\":\"https:\\\/\\\/memurunsesi.net\\\/#website\"},\"primaryImageOfPage\":{\"@id\":\"https:\\\/\\\/memurunsesi.net\\\/index.php\\\/2025\\\/03\\\/31\\\/elazig-belediyesi-ramazan-bayraminda-cocuklar-icin-festival-duzenleyecek\\\/#primaryimage\"},\"image\":{\"@id\":\"https:\\\/\\\/memurunsesi.net\\\/index.php\\\/2025\\\/03\\\/31\\\/elazig-belediyesi-ramazan-bayraminda-cocuklar-icin-festival-duzenleyecek\\\/#primaryimage\"},\"thumbnailUrl\":\"https:\\\/\\\/memurunsesi.net\\\/wp-content\\\/uploads\\\/2025\\\/03\\\/AW423574_02.jpg\",\"datePublished\":\"2025-03-31T06:10:53+00:00\",\"breadcrumb\":{\"@id\":\"https:\\\/\\\/memurunsesi.net\\\/index.php\\\/2025\\\/03\\\/31\\\/elazig-belediyesi-ramazan-bayraminda-cocuklar-icin-festival-duzenleyecek\\\/#breadcrumb\"},\"inLanguage\":\"tr\",\"potentialAction\":[{\"@type\":\"ReadAction\",\"target\":[\"https:\\\/\\\/memurunsesi.net\\\/index.php\\\/2025\\\/03\\\/31\\\/elazig-belediyesi-ramazan-bayraminda-cocuklar-icin-festival-duzenleyecek\\\/\"]}]},{\"@type\":\"ImageObject\",\"inLanguage\":\"tr\",\"@id\":\"https:\\\/\\\/memurunsesi.net\\\/index.php\\\/2025\\\/03\\\/31\\\/elazig-belediyesi-ramazan-bayraminda-cocuklar-icin-festival-duzenleyecek\\\/#primaryimage\",\"url\":\"https:\\\/\\\/memurunsesi.net\\\/wp-content\\\/uploads\\\/2025\\\/03\\\/AW423574_02.jpg\",\"contentUrl\":\"https:\\\/\\\/memurunsesi.net\\\/wp-content\\\/uploads\\\/2025\\\/03\\\/AW423574_02.jpg\",\"width\":1600,\"height\":901,\"caption\":\"ELAZI\u011e BELED\u0130YES\u0130, BAYRAM CO\u015eKUSUNU M\u0130N\u0130KLERLE PAYLA\u015eMAK ADINA, \u00c7OCUK FEST\u0130VAL\u0130 D\u00dcZENLEYECEK. YARIN AHMET TEVF\u0130K OZAN FUAR VE KONGRE MERKEZ\u0130NDE BA\u015eLAYACAK OLAN FEST\u0130VAL, BAYRAM TAT\u0130L\u0130 S\u00dcRES\u0130NCE DEVAM EDECEK. (ERKAN BAY\\\/ELAZI\u011e-\u0130HA) Elaz\u0131\u011f Belediyesi, bayram co\u015fkusunu miniklerle payla\u015fmak ad\u0131na, \u00e7ocuk festivali d\u00fczenleyecek. Yar\u0131n Ahmet Tevfik Ozan Fuar ve Kongre Merkezinde ba\u015flayacak olan festival, bayram tatili s\u00fcresince devam edecek.\"},{\"@type\":\"BreadcrumbList\",\"@id\":\"https:\\\/\\\/memurunsesi.net\\\/index.php\\\/2025\\\/03\\\/31\\\/elazig-belediyesi-ramazan-bayraminda-cocuklar-icin-festival-duzenleyecek\\\/#breadcrumb\",\"itemListElement\":[{\"@type\":\"ListItem\",\"position\":1,\"name\":\"Anasayfa\",\"item\":\"https:\\\/\\\/memurunsesi.net\\\/\"},{\"@type\":\"ListItem\",\"position\":2,\"name\":\"Elaz\u0131\u011f Belediyesi Ramazan Bayram\u0131nda \u00e7ocuklar i\u00e7in festival d\u00fczenleyecek\"}]},{\"@type\":\"WebSite\",\"@id\":\"https:\\\/\\\/memurunsesi.net\\\/#website\",\"url\":\"https:\\\/\\\/memurunsesi.net\\\/\",\"name\":\"Memurun Sesi\",\"description\":\"G\u00fcncel ve Do\u011fru Haber\",\"publisher\":{\"@id\":\"https:\\\/\\\/memurunsesi.net\\\/#organization\"},\"potentialAction\":[{\"@type\":\"SearchAction\",\"target\":{\"@type\":\"EntryPoint\",\"urlTemplate\":\"https:\\\/\\\/memurunsesi.net\\\/?s={search_term_string}\"},\"query-input\":{\"@type\":\"PropertyValueSpecification\",\"valueRequired\":true,\"valueName\":\"search_term_string\"}}],\"inLanguage\":\"tr\"},{\"@type\":\"Organization\",\"@id\":\"https:\\\/\\\/memurunsesi.net\\\/#organization\",\"name\":\"Memurun Sesi\",\"url\":\"https:\\\/\\\/memurunsesi.net\\\/\",\"logo\":{\"@type\":\"ImageObject\",\"inLanguage\":\"tr\",\"@id\":\"https:\\\/\\\/memurunsesi.net\\\/#\\\/schema\\\/logo\\\/image\\\/\",\"url\":\"https:\\\/\\\/memurunsesi.net\\\/wp-content\\\/uploads\\\/2025\\\/11\\\/cropped-MEMURUN-SESI.png\",\"contentUrl\":\"https:\\\/\\\/memurunsesi.net\\\/wp-content\\\/uploads\\\/2025\\\/11\\\/cropped-MEMURUN-SESI.png\",\"width\":238,\"height\":57,\"caption\":\"Memurun Sesi\"},\"image\":{\"@id\":\"https:\\\/\\\/memurunsesi.net\\\/#\\\/schema\\\/logo\\\/image\\\/\"},\"sameAs\":[\"https:\\\/\\\/www.facebook.com\\\/unipersen\\\/?locale=tr_TR\",\"https:\\\/\\\/x.com\\\/unipersen\"]},{\"@type\":\"Person\",\"@id\":\"https:\\\/\\\/memurunsesi.net\\\/#\\\/schema\\\/person\\\/f21c2d73b89f6ee1d80b0a1803e38587\",\"name\":\"Memurun Sesi Haber Merkezi\",\"image\":{\"@type\":\"ImageObject\",\"inLanguage\":\"tr\",\"@id\":\"https:\\\/\\\/secure.gravatar.com\\\/avatar\\\/6cf0505f452ee753f485014986fab09a434671d2b919ee76fc541025c5876a70?s=96&d=mm&r=g\",\"url\":\"https:\\\/\\\/secure.gravatar.com\\\/avatar\\\/6cf0505f452ee753f485014986fab09a434671d2b919ee76fc541025c5876a70?s=96&d=mm&r=g\",\"contentUrl\":\"https:\\\/\\\/secure.gravatar.com\\\/avatar\\\/6cf0505f452ee753f485014986fab09a434671d2b919ee76fc541025c5876a70?s=96&d=mm&r=g\",\"caption\":\"Memurun Sesi Haber Merkezi\"},\"sameAs\":[\"https:\\\/\\\/memurunsesi.net\"],\"url\":\"https:\\\/\\\/memurunsesi.net\\\/index.php\\\/author\\\/uniper\\\/\"}]}<\/script>\n<!-- \/ Yoast SEO plugin. -->","yoast_head_json":{"title":"Elaz\u0131\u011f Belediyesi Ramazan Bayram\u0131nda \u00e7ocuklar i\u00e7in festival d\u00fczenleyecek - Memurun Sesi","robots":{"index":"index","follow":"follow","max-snippet":"max-snippet:-1","max-image-preview":"max-image-preview:large","max-video-preview":"max-video-preview:-1"},"canonical":"https:\/\/memurunsesi.net\/index.php\/2025\/03\/31\/elazig-belediyesi-ramazan-bayraminda-cocuklar-icin-festival-duzenleyecek\/","og_locale":"tr_TR","og_type":"article","og_title":"Elaz\u0131\u011f Belediyesi Ramazan Bayram\u0131nda \u00e7ocuklar i\u00e7in festival d\u00fczenleyecek - Memurun Sesi","og_description":"Elaz\u0131\u011f Belediyesi, bayram co\u015fkusunu miniklerle payla\u015fmak ad\u0131na, \u00e7ocuk festivali d\u00fczenleyecek. Yar\u0131n Ahmet Tevfik Ozan Fuar ve Kongre Merkezinde ba\u015flayacak olan festival, bayram tatili s\u00fcresince devam edecek. \u00c7ocuklar\u0131n e\u011flenceli bir bayram ge\u00e7irmeleri i\u00e7in haz\u0131rl\u0131klar\u0131n\u0131 tamamlayan Elaz\u0131\u011f Belediyesi K\u00fclt\u00fcr ve Sosyal \u0130\u015fler M\u00fcd\u00fcrl\u00fc\u011f\u00fc taraf\u0131ndan d\u00fczenlenecek olan festival boyunca, birbirinden renkli oyun gruplar\u0131, \u00e7e\u015fitli yar\u0131\u015fmalar ve \u00e7e\u015fitli ikramlar [&hellip;]","og_url":"https:\/\/memurunsesi.net\/index.php\/2025\/03\/31\/elazig-belediyesi-ramazan-bayraminda-cocuklar-icin-festival-duzenleyecek\/","og_site_name":"Memurun Sesi","article_publisher":"https:\/\/www.facebook.com\/unipersen\/?locale=tr_TR","article_published_time":"2025-03-31T06:10:53+00:00","og_image":[{"width":1600,"height":901,"url":"https:\/\/memurunsesi.net\/wp-content\/uploads\/2025\/03\/AW423574_02.jpg","type":"image\/jpeg"}],"author":"Memurun Sesi Haber Merkezi","twitter_card":"summary_large_image","twitter_creator":"@unipersen","twitter_site":"@unipersen","twitter_misc":{"Yazan:":"Memurun Sesi Haber Merkezi","Tahmini okuma s\u00fcresi":"1 dakika"},"schema":{"@context":"https:\/\/schema.org","@graph":[{"@type":"Article","@id":"https:\/\/memurunsesi.net\/index.php\/2025\/03\/31\/elazig-belediyesi-ramazan-bayraminda-cocuklar-icin-festival-duzenleyecek\/#article","isPartOf":{"@id":"https:\/\/memurunsesi.net\/index.php\/2025\/03\/31\/elazig-belediyesi-ramazan-bayraminda-cocuklar-icin-festival-duzenleyecek\/"},"author":{"name":"Memurun Sesi Haber Merkezi","@id":"https:\/\/memurunsesi.net\/#\/schema\/person\/f21c2d73b89f6ee1d80b0a1803e38587"},"headline":"Elaz\u0131\u011f Belediyesi Ramazan Bayram\u0131nda \u00e7ocuklar i\u00e7in festival d\u00fczenleyecek","datePublished":"2025-03-31T06:10:53+00:00","mainEntityOfPage":{"@id":"https:\/\/memurunsesi.net\/index.php\/2025\/03\/31\/elazig-belediyesi-ramazan-bayraminda-cocuklar-icin-festival-duzenleyecek\/"},"wordCount":187,"commentCount":0,"publisher":{"@id":"https:\/\/memurunsesi.net\/#organization"},"image":{"@id":"https:\/\/memurunsesi.net\/index.php\/2025\/03\/31\/elazig-belediyesi-ramazan-bayraminda-cocuklar-icin-festival-duzenleyecek\/#primaryimage"},"thumbnailUrl":"https:\/\/memurunsesi.net\/wp-content\/uploads\/2025\/03\/AW423574_02.jpg","articleSection":["G\u00fcndem"],"inLanguage":"tr","potentialAction":[{"@type":"CommentAction","name":"Comment","target":["https:\/\/memurunsesi.net\/index.php\/2025\/03\/31\/elazig-belediyesi-ramazan-bayraminda-cocuklar-icin-festival-duzenleyecek\/#respond"]}]},{"@type":"WebPage","@id":"https:\/\/memurunsesi.net\/index.php\/2025\/03\/31\/elazig-belediyesi-ramazan-bayraminda-cocuklar-icin-festival-duzenleyecek\/","url":"https:\/\/memurunsesi.net\/index.php\/2025\/03\/31\/elazig-belediyesi-ramazan-bayraminda-cocuklar-icin-festival-duzenleyecek\/","name":"Elaz\u0131\u011f Belediyesi Ramazan Bayram\u0131nda \u00e7ocuklar i\u00e7in festival d\u00fczenleyecek - Memurun Sesi","isPartOf":{"@id":"https:\/\/memurunsesi.net\/#website"},"primaryImageOfPage":{"@id":"https:\/\/memurunsesi.net\/index.php\/2025\/03\/31\/elazig-belediyesi-ramazan-bayraminda-cocuklar-icin-festival-duzenleyecek\/#primaryimage"},"image":{"@id":"https:\/\/memurunsesi.net\/index.php\/2025\/03\/31\/elazig-belediyesi-ramazan-bayraminda-cocuklar-icin-festival-duzenleyecek\/#primaryimage"},"thumbnailUrl":"https:\/\/memurunsesi.net\/wp-content\/uploads\/2025\/03\/AW423574_02.jpg","datePublished":"2025-03-31T06:10:53+00:00","breadcrumb":{"@id":"https:\/\/memurunsesi.net\/index.php\/2025\/03\/31\/elazig-belediyesi-ramazan-bayraminda-cocuklar-icin-festival-duzenleyecek\/#breadcrumb"},"inLanguage":"tr","potentialAction":[{"@type":"ReadAction","target":["https:\/\/memurunsesi.net\/index.php\/2025\/03\/31\/elazig-belediyesi-ramazan-bayraminda-cocuklar-icin-festival-duzenleyecek\/"]}]},{"@type":"ImageObject","inLanguage":"tr","@id":"https:\/\/memurunsesi.net\/index.php\/2025\/03\/31\/elazig-belediyesi-ramazan-bayraminda-cocuklar-icin-festival-duzenleyecek\/#primaryimage","url":"https:\/\/memurunsesi.net\/wp-content\/uploads\/2025\/03\/AW423574_02.jpg","contentUrl":"https:\/\/memurunsesi.net\/wp-content\/uploads\/2025\/03\/AW423574_02.jpg","width":1600,"height":901,"caption":"ELAZI\u011e BELED\u0130YES\u0130, BAYRAM CO\u015eKUSUNU M\u0130N\u0130KLERLE PAYLA\u015eMAK ADINA, \u00c7OCUK FEST\u0130VAL\u0130 D\u00dcZENLEYECEK. YARIN AHMET TEVF\u0130K OZAN FUAR VE KONGRE MERKEZ\u0130NDE BA\u015eLAYACAK OLAN FEST\u0130VAL, BAYRAM TAT\u0130L\u0130 S\u00dcRES\u0130NCE DEVAM EDECEK. (ERKAN BAY\/ELAZI\u011e-\u0130HA) Elaz\u0131\u011f Belediyesi, bayram co\u015fkusunu miniklerle payla\u015fmak ad\u0131na, \u00e7ocuk festivali d\u00fczenleyecek. Yar\u0131n Ahmet Tevfik Ozan Fuar ve Kongre Merkezinde ba\u015flayacak olan festival, bayram tatili s\u00fcresince devam edecek."},{"@type":"BreadcrumbList","@id":"https:\/\/memurunsesi.net\/index.php\/2025\/03\/31\/elazig-belediyesi-ramazan-bayraminda-cocuklar-icin-festival-duzenleyecek\/#breadcrumb","itemListElement":[{"@type":"ListItem","position":1,"name":"Anasayfa","item":"https:\/\/memurunsesi.net\/"},{"@type":"ListItem","position":2,"name":"Elaz\u0131\u011f Belediyesi Ramazan Bayram\u0131nda \u00e7ocuklar i\u00e7in festival d\u00fczenleyecek"}]},{"@type":"WebSite","@id":"https:\/\/memurunsesi.net\/#website","url":"https:\/\/memurunsesi.net\/","name":"Memurun Sesi","description":"G\u00fcncel ve Do\u011fru Haber","publisher":{"@id":"https:\/\/memurunsesi.net\/#organization"},"potentialAction":[{"@type":"SearchAction","target":{"@type":"EntryPoint","urlTemplate":"https:\/\/memurunsesi.net\/?s={search_term_string}"},"query-input":{"@type":"PropertyValueSpecification","valueRequired":true,"valueName":"search_term_string"}}],"inLanguage":"tr"},{"@type":"Organization","@id":"https:\/\/memurunsesi.net\/#organization","name":"Memurun Sesi","url":"https:\/\/memurunsesi.net\/","logo":{"@type":"ImageObject","inLanguage":"tr","@id":"https:\/\/memurunsesi.net\/#\/schema\/logo\/image\/","url":"https:\/\/memurunsesi.net\/wp-content\/uploads\/2025\/11\/cropped-MEMURUN-SESI.png","contentUrl":"https:\/\/memurunsesi.net\/wp-content\/uploads\/2025\/11\/cropped-MEMURUN-SESI.png","width":238,"height":57,"caption":"Memurun Sesi"},"image":{"@id":"https:\/\/memurunsesi.net\/#\/schema\/logo\/image\/"},"sameAs":["https:\/\/www.facebook.com\/unipersen\/?locale=tr_TR","https:\/\/x.com\/unipersen"]},{"@type":"Person","@id":"https:\/\/memurunsesi.net\/#\/schema\/person\/f21c2d73b89f6ee1d80b0a1803e38587","name":"Memurun Sesi Haber Merkezi","image":{"@type":"ImageObject","inLanguage":"tr","@id":"https:\/\/secure.gravatar.com\/avatar\/6cf0505f452ee753f485014986fab09a434671d2b919ee76fc541025c5876a70?s=96&d=mm&r=g","url":"https:\/\/secure.gravatar.com\/avatar\/6cf0505f452ee753f485014986fab09a434671d2b919ee76fc541025c5876a70?s=96&d=mm&r=g","contentUrl":"https:\/\/secure.gravatar.com\/avatar\/6cf0505f452ee753f485014986fab09a434671d2b919ee76fc541025c5876a70?s=96&d=mm&r=g","caption":"Memurun Sesi Haber Merkezi"},"sameAs":["https:\/\/memurunsesi.net"],"url":"https:\/\/memurunsesi.net\/index.php\/author\/uniper\/"}]}},"_links":{"self":[{"href":"https:\/\/memurunsesi.net\/index.php\/wp-json\/wp\/v2\/posts\/4598","targetHints":{"allow":["GET"]}}],"collection":[{"href":"https:\/\/memurunsesi.net\/index.php\/wp-json\/wp\/v2\/posts"}],"about":[{"href":"https:\/\/memurunsesi.net\/index.php\/wp-json\/wp\/v2\/types\/post"}],"author":[{"embeddable":true,"href":"https:\/\/memurunsesi.net\/index.php\/wp-json\/wp\/v2\/users\/1"}],"replies":[{"embeddable":true,"href":"https:\/\/memurunsesi.net\/index.php\/wp-json\/wp\/v2\/comments?post=4598"}],"version-history":[{"count":1,"href":"https:\/\/memurunsesi.net\/index.php\/wp-json\/wp\/v2\/posts\/4598\/revisions"}],"predecessor-version":[{"id":4600,"href":"https:\/\/memurunsesi.net\/index.php\/wp-json\/wp\/v2\/posts\/4598\/revisions\/4600"}],"wp:featuredmedia":[{"embeddable":true,"href":"https:\/\/memurunsesi.net\/index.php\/wp-json\/wp\/v2\/media\/4599"}],"wp:attachment":[{"href":"https:\/\/memurunsesi.net\/index.php\/wp-json\/wp\/v2\/media?parent=4598"}],"wp:term":[{"taxonomy":"category","embeddable":true,"href":"https:\/\/memurunsesi.net\/index.php\/wp-json\/wp\/v2\/categories?post=4598"},{"taxonomy":"post_tag","embeddable":true,"href":"https:\/\/memurunsesi.net\/index.php\/wp-json\/wp\/v2\/tags?post=4598"}],"curies":[{"name":"wp","href":"https:\/\/api.w.org\/{rel}","templated":true}]}}