{"id":4601,"date":"2025-03-31T09:12:17","date_gmt":"2025-03-31T06:12:17","guid":{"rendered":"https:\/\/memurunsesi.net\/?p=4601"},"modified":"2025-03-31T09:12:17","modified_gmt":"2025-03-31T06:12:17","slug":"huzurevindeki-mehmet-amcanin-surprizi-valiyi-hem-duygulandirdi-hem-gulumsetti","status":"publish","type":"post","link":"https:\/\/memurunsesi.net\/index.php\/2025\/03\/31\/huzurevindeki-mehmet-amcanin-surprizi-valiyi-hem-duygulandirdi-hem-gulumsetti\/","title":{"rendered":"Huzurevindeki Mehmet amcan\u0131n s\u00fcrprizi valiyi hem duyguland\u0131rd\u0131 hem g\u00fcl\u00fcmsetti"},"content":{"rendered":"<p>Elaz\u0131\u011f Valisi Numan Hatipo\u011flu, Ramazan Bayram\u0131nda Gazi Huzurevini ziyaret ederken, 84 ya\u015f\u0131ndaki Mehmet Arif \u00d6zen\u00e7 taraf\u0131ndan haz\u0131rlanan ve Vali Hatipo\u011flu&#8217;nun Elaz\u0131\u011f&#8217;daki g\u00f6rev s\u00fcrecini yans\u0131tan anlaml\u0131 bir alb\u00fcmle s\u00fcrpriz yapt\u0131. Vali Hatipo\u011flu, bu duygusal hediye kar\u015f\u0131s\u0131nda mutlulu\u011funu ifade ederek, \u00d6zen\u00e7&#8217;e te\u015fekk\u00fcrlerini sunarken, foto\u011fraf\u00e7\u0131s\u0131 Mehmet \u00d6ner&#8217;e &#8220;Mehmet \u00d6rnek al&#8221; demesi ise tebess\u00fcm ettirdi.<br \/>\nElaz\u0131\u011f Valisi Numan Hatipo\u011flu, Ramazan Bayram\u0131n\u0131 kutlamak amac\u0131yla e\u015fi Ayfer Hatipo\u011flu ve beraberindekilerle birlikte Aile ve Sosyal Hizmetler \u0130l M\u00fcd\u00fcrl\u00fc\u011f\u00fcne ba\u011fl\u0131 Gazi Huzurevini ziyaret etti. Burada huzurevi sakinleriyle bir araya gelen Vali Hatipo\u011flu, ya\u015fl\u0131 vatanda\u015flarla bayramla\u015f\u0131p sohbet etti. Ancak bu ziyaret, sadece bayramla\u015fma ile s\u0131n\u0131rl\u0131 kalmad\u0131, 84 ya\u015f\u0131ndaki Mehmet Arif \u00d6zen\u00e7, Vali Hatipo\u011flu&#8217;na \u00f6zel bir s\u00fcrpriz haz\u0131rlayarak duygusal bir an\u0131 ortaya \u00e7\u0131kard\u0131. \u00d6zen\u00e7, Vali Hatipo\u011flu&#8217;nun Elaz\u0131\u011f Valili\u011fi g\u00f6revine ba\u015flad\u0131\u011f\u0131 g\u00fcnden itibaren \u00e7ekip sosyal medya hesaplar\u0131nda payla\u015ft\u0131\u011f\u0131 foto\u011fraflardan bir alb\u00fcm yapt\u0131. Foto\u011fraflarla dolu bu anlaml\u0131 alb\u00fcm, Hatipo\u011flu&#8217;na s\u00fcrpriz olarak takdim edildi. Mehmet Arif \u00d6zen\u00e7, y\u0131llar boyunca biriktirdi\u011fi foto\u011fraflarla, valinin Elaz\u0131\u011f&#8217;daki izlerini ve hat\u0131ralar\u0131n\u0131 derledi\u011fi bu alb\u00fcmle, Vali Hatipo\u011flu&#8217;na duydu\u011fu sayg\u0131y\u0131 ve takdiri \u00f6zel bir \u015fekilde ifade etti. Alb\u00fcm\u00fc elinde tutarken duygulanan Vali Hatipo\u011flu, s\u00fcrpriz kar\u015f\u0131s\u0131nda b\u00fcy\u00fck bir mutluluk ya\u015fad\u0131. &#8220;Bu alb\u00fcm beni ger\u00e7ekten \u00e7ok duyguland\u0131rd\u0131&#8221; diyen Vali Hatipo\u011flu, huzurevi sakinlerinin ilgisi ve Mehmet Arif \u00d6zen\u00e7&#8217;in yapt\u0131\u011f\u0131 jest kar\u015f\u0131s\u0131nda te\u015fekk\u00fcrlerini sundu. Ayr\u0131ca, foto\u011fraflar\u0131n d\u00fczenlendi\u011fi alb\u00fcm \u00fczerinden foto\u011fraf\u00e7\u0131s\u0131 Mehmet \u00d6ner&#8217;e, &#8220;Mehmet, \u00f6rnek al&#8221; demesi ise tebess\u00fcm olu\u015fturdu.<br \/>\nZiyaret sonras\u0131 a\u00e7\u0131klamalarda bulunan Vali Hatipo\u011flu, &#8220;\u00d6ncelikle aziz milletimizin \u0130slam aleminin ve Elaz\u0131\u011fl\u0131 hem\u015fehrilerimizin m\u00fcbarek Ramazan Bayram\u0131n\u0131 kutluyorum. Birli\u011fimize, beraberli\u011fimize, karde\u015fli\u011fimize vesile olmas\u0131 ve g\u00fc\u00e7lendirmesi ad\u0131na t\u00fcm vatanda\u015flar\u0131m\u0131z\u0131n bayram\u0131n\u0131 tekrardan tebrik ediyoruz. Biz de bug\u00fcn sabah \u0130zzetpa\u015fa Camii&#8217;nde vatanda\u015flar\u0131m\u0131z il birlikte bayram namaz\u0131n\u0131 k\u0131larak g\u00fcne ba\u015flad\u0131k. Orada vatanda\u015flar\u0131m\u0131zla bayramla\u015ft\u0131k. Yine devletimizin korumas\u0131 alt\u0131ndaki \u00e7ocuklar\u0131m\u0131zla, gen\u00e7lerimizle ve \u015fimdi de huzurevindeki ya\u015fl\u0131 vatanda\u015flar\u0131m\u0131zla bayramla\u015f\u0131yoruz. Kendilerinin hay\u0131r dualar\u0131n\u0131 ald\u0131k. Bu arada da Mehmet amcam\u0131z PTT emeklisi ve bizim i\u00e7in \u00e7ok anlaml\u0131 bir s\u00fcrpriz haz\u0131rlam\u0131\u015f. Elaz\u0131\u011f&#8217;da g\u00f6reve ba\u015flad\u0131\u011f\u0131m andan itibaren \u00e7ekilmi\u015f ve payla\u015f\u0131lm\u0131\u015f olan foto\u011fraflardan bir alb\u00fcm haz\u0131rlam\u0131\u015f. Beni de \u00e7ok duyguland\u0131rd\u0131&#8221; dedi.<\/p>\n<p>31.03.2025<\/p>\n","protected":false},"excerpt":{"rendered":"<p>Elaz\u0131\u011f Valisi Numan Hatipo\u011flu, Ramazan Bayram\u0131nda Gazi Huzurevini ziyaret ederken, 84 ya\u015f\u0131ndaki Mehmet Arif \u00d6zen\u00e7 taraf\u0131ndan haz\u0131rlanan ve Vali Hatipo\u011flu&#8217;nun Elaz\u0131\u011f&#8217;daki g\u00f6rev s\u00fcrecini yans\u0131tan anlaml\u0131 bir alb\u00fcmle s\u00fcrpriz yapt\u0131. Vali Hatipo\u011flu, bu duygusal hediye kar\u015f\u0131s\u0131nda mutlulu\u011funu ifade ederek, \u00d6zen\u00e7&#8217;e te\u015fekk\u00fcrlerini sunarken, foto\u011fraf\u00e7\u0131s\u0131 Mehmet \u00d6ner&#8217;e &#8220;Mehmet \u00d6rnek al&#8221; demesi ise tebess\u00fcm ettirdi. Elaz\u0131\u011f Valisi Numan Hatipo\u011flu, [&hellip;]<\/p>\n","protected":false},"author":1,"featured_media":4602,"comment_status":"open","ping_status":"open","sticky":false,"template":"","format":"standard","meta":{"footnotes":""},"categories":[45],"tags":[],"class_list":["post-4601","post","type-post","status-publish","format-standard","has-post-thumbnail","hentry","category-gundem"],"yoast_head":"<!-- This site is optimized with the Yoast SEO plugin v27.4 - https:\/\/yoast.com\/product\/yoast-seo-wordpress\/ -->\n<title>Huzurevindeki Mehmet amcan\u0131n s\u00fcrprizi valiyi hem duyguland\u0131rd\u0131 hem g\u00fcl\u00fcmsetti - Memurun Sesi<\/title>\n<meta name=\"robots\" content=\"index, follow, max-snippet:-1, max-image-preview:large, max-video-preview:-1\" \/>\n<link rel=\"canonical\" href=\"https:\/\/memurunsesi.net\/index.php\/2025\/03\/31\/huzurevindeki-mehmet-amcanin-surprizi-valiyi-hem-duygulandirdi-hem-gulumsetti\/\" \/>\n<meta property=\"og:locale\" content=\"tr_TR\" \/>\n<meta property=\"og:type\" content=\"article\" \/>\n<meta property=\"og:title\" content=\"Huzurevindeki Mehmet amcan\u0131n s\u00fcrprizi valiyi hem duyguland\u0131rd\u0131 hem g\u00fcl\u00fcmsetti - Memurun Sesi\" \/>\n<meta property=\"og:description\" content=\"Elaz\u0131\u011f Valisi Numan Hatipo\u011flu, Ramazan Bayram\u0131nda Gazi Huzurevini ziyaret ederken, 84 ya\u015f\u0131ndaki Mehmet Arif \u00d6zen\u00e7 taraf\u0131ndan haz\u0131rlanan ve Vali Hatipo\u011flu&#8217;nun Elaz\u0131\u011f&#8217;daki g\u00f6rev s\u00fcrecini yans\u0131tan anlaml\u0131 bir alb\u00fcmle s\u00fcrpriz yapt\u0131. Vali Hatipo\u011flu, bu duygusal hediye kar\u015f\u0131s\u0131nda mutlulu\u011funu ifade ederek, \u00d6zen\u00e7&#8217;e te\u015fekk\u00fcrlerini sunarken, foto\u011fraf\u00e7\u0131s\u0131 Mehmet \u00d6ner&#8217;e &#8220;Mehmet \u00d6rnek al&#8221; demesi ise tebess\u00fcm ettirdi. Elaz\u0131\u011f Valisi Numan Hatipo\u011flu, [&hellip;]\" \/>\n<meta property=\"og:url\" content=\"https:\/\/memurunsesi.net\/index.php\/2025\/03\/31\/huzurevindeki-mehmet-amcanin-surprizi-valiyi-hem-duygulandirdi-hem-gulumsetti\/\" \/>\n<meta property=\"og:site_name\" content=\"Memurun Sesi\" \/>\n<meta property=\"article:publisher\" content=\"https:\/\/www.facebook.com\/unipersen\/?locale=tr_TR\" \/>\n<meta property=\"article:published_time\" content=\"2025-03-31T06:12:17+00:00\" \/>\n<meta property=\"og:image\" content=\"https:\/\/memurunsesi.net\/wp-content\/uploads\/2025\/03\/AW423546_01-scaled.jpg\" \/>\n\t<meta property=\"og:image:width\" content=\"2560\" \/>\n\t<meta property=\"og:image:height\" content=\"1707\" \/>\n\t<meta property=\"og:image:type\" content=\"image\/jpeg\" \/>\n<meta name=\"author\" content=\"Memurun Sesi Haber Merkezi\" \/>\n<meta name=\"twitter:card\" content=\"summary_large_image\" \/>\n<meta name=\"twitter:creator\" content=\"@unipersen\" \/>\n<meta name=\"twitter:site\" content=\"@unipersen\" \/>\n<meta name=\"twitter:label1\" content=\"Yazan:\" \/>\n\t<meta name=\"twitter:data1\" content=\"Memurun Sesi Haber Merkezi\" \/>\n\t<meta name=\"twitter:label2\" content=\"Tahmini okuma s\u00fcresi\" \/>\n\t<meta name=\"twitter:data2\" content=\"2 dakika\" \/>\n<script type=\"application\/ld+json\" class=\"yoast-schema-graph\">{\"@context\":\"https:\\\/\\\/schema.org\",\"@graph\":[{\"@type\":\"Article\",\"@id\":\"https:\\\/\\\/memurunsesi.net\\\/index.php\\\/2025\\\/03\\\/31\\\/huzurevindeki-mehmet-amcanin-surprizi-valiyi-hem-duygulandirdi-hem-gulumsetti\\\/#article\",\"isPartOf\":{\"@id\":\"https:\\\/\\\/memurunsesi.net\\\/index.php\\\/2025\\\/03\\\/31\\\/huzurevindeki-mehmet-amcanin-surprizi-valiyi-hem-duygulandirdi-hem-gulumsetti\\\/\"},\"author\":{\"name\":\"Memurun Sesi Haber Merkezi\",\"@id\":\"https:\\\/\\\/memurunsesi.net\\\/#\\\/schema\\\/person\\\/f21c2d73b89f6ee1d80b0a1803e38587\"},\"headline\":\"Huzurevindeki Mehmet amcan\u0131n s\u00fcrprizi valiyi hem duyguland\u0131rd\u0131 hem g\u00fcl\u00fcmsetti\",\"datePublished\":\"2025-03-31T06:12:17+00:00\",\"mainEntityOfPage\":{\"@id\":\"https:\\\/\\\/memurunsesi.net\\\/index.php\\\/2025\\\/03\\\/31\\\/huzurevindeki-mehmet-amcanin-surprizi-valiyi-hem-duygulandirdi-hem-gulumsetti\\\/\"},\"wordCount\":485,\"commentCount\":0,\"publisher\":{\"@id\":\"https:\\\/\\\/memurunsesi.net\\\/#organization\"},\"image\":{\"@id\":\"https:\\\/\\\/memurunsesi.net\\\/index.php\\\/2025\\\/03\\\/31\\\/huzurevindeki-mehmet-amcanin-surprizi-valiyi-hem-duygulandirdi-hem-gulumsetti\\\/#primaryimage\"},\"thumbnailUrl\":\"https:\\\/\\\/memurunsesi.net\\\/wp-content\\\/uploads\\\/2025\\\/03\\\/AW423546_01-scaled.jpg\",\"articleSection\":[\"G\u00fcndem\"],\"inLanguage\":\"tr\",\"potentialAction\":[{\"@type\":\"CommentAction\",\"name\":\"Comment\",\"target\":[\"https:\\\/\\\/memurunsesi.net\\\/index.php\\\/2025\\\/03\\\/31\\\/huzurevindeki-mehmet-amcanin-surprizi-valiyi-hem-duygulandirdi-hem-gulumsetti\\\/#respond\"]}]},{\"@type\":\"WebPage\",\"@id\":\"https:\\\/\\\/memurunsesi.net\\\/index.php\\\/2025\\\/03\\\/31\\\/huzurevindeki-mehmet-amcanin-surprizi-valiyi-hem-duygulandirdi-hem-gulumsetti\\\/\",\"url\":\"https:\\\/\\\/memurunsesi.net\\\/index.php\\\/2025\\\/03\\\/31\\\/huzurevindeki-mehmet-amcanin-surprizi-valiyi-hem-duygulandirdi-hem-gulumsetti\\\/\",\"name\":\"Huzurevindeki Mehmet amcan\u0131n s\u00fcrprizi valiyi hem duyguland\u0131rd\u0131 hem g\u00fcl\u00fcmsetti - Memurun Sesi\",\"isPartOf\":{\"@id\":\"https:\\\/\\\/memurunsesi.net\\\/#website\"},\"primaryImageOfPage\":{\"@id\":\"https:\\\/\\\/memurunsesi.net\\\/index.php\\\/2025\\\/03\\\/31\\\/huzurevindeki-mehmet-amcanin-surprizi-valiyi-hem-duygulandirdi-hem-gulumsetti\\\/#primaryimage\"},\"image\":{\"@id\":\"https:\\\/\\\/memurunsesi.net\\\/index.php\\\/2025\\\/03\\\/31\\\/huzurevindeki-mehmet-amcanin-surprizi-valiyi-hem-duygulandirdi-hem-gulumsetti\\\/#primaryimage\"},\"thumbnailUrl\":\"https:\\\/\\\/memurunsesi.net\\\/wp-content\\\/uploads\\\/2025\\\/03\\\/AW423546_01-scaled.jpg\",\"datePublished\":\"2025-03-31T06:12:17+00:00\",\"breadcrumb\":{\"@id\":\"https:\\\/\\\/memurunsesi.net\\\/index.php\\\/2025\\\/03\\\/31\\\/huzurevindeki-mehmet-amcanin-surprizi-valiyi-hem-duygulandirdi-hem-gulumsetti\\\/#breadcrumb\"},\"inLanguage\":\"tr\",\"potentialAction\":[{\"@type\":\"ReadAction\",\"target\":[\"https:\\\/\\\/memurunsesi.net\\\/index.php\\\/2025\\\/03\\\/31\\\/huzurevindeki-mehmet-amcanin-surprizi-valiyi-hem-duygulandirdi-hem-gulumsetti\\\/\"]}]},{\"@type\":\"ImageObject\",\"inLanguage\":\"tr\",\"@id\":\"https:\\\/\\\/memurunsesi.net\\\/index.php\\\/2025\\\/03\\\/31\\\/huzurevindeki-mehmet-amcanin-surprizi-valiyi-hem-duygulandirdi-hem-gulumsetti\\\/#primaryimage\",\"url\":\"https:\\\/\\\/memurunsesi.net\\\/wp-content\\\/uploads\\\/2025\\\/03\\\/AW423546_01-scaled.jpg\",\"contentUrl\":\"https:\\\/\\\/memurunsesi.net\\\/wp-content\\\/uploads\\\/2025\\\/03\\\/AW423546_01-scaled.jpg\",\"width\":2560,\"height\":1707,\"caption\":\"ELAZI\u011e VAL\u0130S\u0130 NUMAN HAT\u0130PO\u011eLU, RAMAZAN BAYRAMI'NDA GAZ\u0130 HUZUREV\u0130'N\u0130 Z\u0130YARET EDERKEN, 84 YA\u015eINDAK\u0130 MEHMET AR\u0130F \u00d6ZEN\u00c7 TARAFINDAN HAZIRLANAN VE HAT\u0130PO\u011eLU'NUN ELAZI\u011e'DAK\u0130 G\u00d6REV S\u00dcREC\u0130N\u0130 YANSITAN ANLAMLI B\u0130R ALB\u00dcMLE S\u00dcRPR\u0130Z YAPTI. VAL\u0130 HAT\u0130PO\u011eLU, BU DUYGUSAL HED\u0130YE KAR\u015eISINDA MUTLULU\u011eUNU \u0130FADE EDEREK, \u00d6ZEN\u00c7'E TE\u015eEKK\u00dcRLER\u0130N\u0130 SUNARKEN, FOTO\u011eRAF\u00c7ISI MEHMET \u00d6NER'E \\\" MEHMET \u00d6RNEK AL\\\" DEMES\u0130 \u0130SE TEBESS\u00dcM ETT\u0130RD\u0130 (RIDVAN YE\u015e\u0130LIRMAK\\\/ELAZI\u011e-\u0130HA) Elaz\u0131\u011f Valisi Numan Hatipo\u011flu, Ramazan Bayram\u0131nda Gazi Huzurevini ziyaret ederken, 84 ya\u015f\u0131ndaki Mehmet Arif \u00d6zen\u00e7 taraf\u0131ndan haz\u0131rlanan ve Vali Hatipo\u011flu'nun Elaz\u0131\u011f'daki g\u00f6rev s\u00fcrecini yans\u0131tan anlaml\u0131 bir alb\u00fcmle s\u00fcrpriz yapt\u0131. Vali Hatipo\u011flu, bu duygusal hediye kar\u015f\u0131s\u0131nda mutlulu\u011funu ifade ederek, \u00d6zen\u00e7'e te\u015fekk\u00fcrlerini sunarken, foto\u011fraf\u00e7\u0131s\u0131 Mehmet \u00d6ner'e \\\"Mehmet \u00d6rnek al\\\" demesi ise tebess\u00fcm ettirdi.\"},{\"@type\":\"BreadcrumbList\",\"@id\":\"https:\\\/\\\/memurunsesi.net\\\/index.php\\\/2025\\\/03\\\/31\\\/huzurevindeki-mehmet-amcanin-surprizi-valiyi-hem-duygulandirdi-hem-gulumsetti\\\/#breadcrumb\",\"itemListElement\":[{\"@type\":\"ListItem\",\"position\":1,\"name\":\"Anasayfa\",\"item\":\"https:\\\/\\\/memurunsesi.net\\\/\"},{\"@type\":\"ListItem\",\"position\":2,\"name\":\"Huzurevindeki Mehmet amcan\u0131n s\u00fcrprizi valiyi hem duyguland\u0131rd\u0131 hem g\u00fcl\u00fcmsetti\"}]},{\"@type\":\"WebSite\",\"@id\":\"https:\\\/\\\/memurunsesi.net\\\/#website\",\"url\":\"https:\\\/\\\/memurunsesi.net\\\/\",\"name\":\"Memurun Sesi\",\"description\":\"G\u00fcncel ve Do\u011fru Haber\",\"publisher\":{\"@id\":\"https:\\\/\\\/memurunsesi.net\\\/#organization\"},\"potentialAction\":[{\"@type\":\"SearchAction\",\"target\":{\"@type\":\"EntryPoint\",\"urlTemplate\":\"https:\\\/\\\/memurunsesi.net\\\/?s={search_term_string}\"},\"query-input\":{\"@type\":\"PropertyValueSpecification\",\"valueRequired\":true,\"valueName\":\"search_term_string\"}}],\"inLanguage\":\"tr\"},{\"@type\":\"Organization\",\"@id\":\"https:\\\/\\\/memurunsesi.net\\\/#organization\",\"name\":\"Memurun Sesi\",\"url\":\"https:\\\/\\\/memurunsesi.net\\\/\",\"logo\":{\"@type\":\"ImageObject\",\"inLanguage\":\"tr\",\"@id\":\"https:\\\/\\\/memurunsesi.net\\\/#\\\/schema\\\/logo\\\/image\\\/\",\"url\":\"https:\\\/\\\/memurunsesi.net\\\/wp-content\\\/uploads\\\/2025\\\/11\\\/cropped-MEMURUN-SESI.png\",\"contentUrl\":\"https:\\\/\\\/memurunsesi.net\\\/wp-content\\\/uploads\\\/2025\\\/11\\\/cropped-MEMURUN-SESI.png\",\"width\":238,\"height\":57,\"caption\":\"Memurun Sesi\"},\"image\":{\"@id\":\"https:\\\/\\\/memurunsesi.net\\\/#\\\/schema\\\/logo\\\/image\\\/\"},\"sameAs\":[\"https:\\\/\\\/www.facebook.com\\\/unipersen\\\/?locale=tr_TR\",\"https:\\\/\\\/x.com\\\/unipersen\"]},{\"@type\":\"Person\",\"@id\":\"https:\\\/\\\/memurunsesi.net\\\/#\\\/schema\\\/person\\\/f21c2d73b89f6ee1d80b0a1803e38587\",\"name\":\"Memurun Sesi Haber Merkezi\",\"image\":{\"@type\":\"ImageObject\",\"inLanguage\":\"tr\",\"@id\":\"https:\\\/\\\/secure.gravatar.com\\\/avatar\\\/6cf0505f452ee753f485014986fab09a434671d2b919ee76fc541025c5876a70?s=96&d=mm&r=g\",\"url\":\"https:\\\/\\\/secure.gravatar.com\\\/avatar\\\/6cf0505f452ee753f485014986fab09a434671d2b919ee76fc541025c5876a70?s=96&d=mm&r=g\",\"contentUrl\":\"https:\\\/\\\/secure.gravatar.com\\\/avatar\\\/6cf0505f452ee753f485014986fab09a434671d2b919ee76fc541025c5876a70?s=96&d=mm&r=g\",\"caption\":\"Memurun Sesi Haber Merkezi\"},\"sameAs\":[\"https:\\\/\\\/memurunsesi.net\"],\"url\":\"https:\\\/\\\/memurunsesi.net\\\/index.php\\\/author\\\/uniper\\\/\"}]}<\/script>\n<!-- \/ Yoast SEO plugin. -->","yoast_head_json":{"title":"Huzurevindeki Mehmet amcan\u0131n s\u00fcrprizi valiyi hem duyguland\u0131rd\u0131 hem g\u00fcl\u00fcmsetti - Memurun Sesi","robots":{"index":"index","follow":"follow","max-snippet":"max-snippet:-1","max-image-preview":"max-image-preview:large","max-video-preview":"max-video-preview:-1"},"canonical":"https:\/\/memurunsesi.net\/index.php\/2025\/03\/31\/huzurevindeki-mehmet-amcanin-surprizi-valiyi-hem-duygulandirdi-hem-gulumsetti\/","og_locale":"tr_TR","og_type":"article","og_title":"Huzurevindeki Mehmet amcan\u0131n s\u00fcrprizi valiyi hem duyguland\u0131rd\u0131 hem g\u00fcl\u00fcmsetti - Memurun Sesi","og_description":"Elaz\u0131\u011f Valisi Numan Hatipo\u011flu, Ramazan Bayram\u0131nda Gazi Huzurevini ziyaret ederken, 84 ya\u015f\u0131ndaki Mehmet Arif \u00d6zen\u00e7 taraf\u0131ndan haz\u0131rlanan ve Vali Hatipo\u011flu&#8217;nun Elaz\u0131\u011f&#8217;daki g\u00f6rev s\u00fcrecini yans\u0131tan anlaml\u0131 bir alb\u00fcmle s\u00fcrpriz yapt\u0131. Vali Hatipo\u011flu, bu duygusal hediye kar\u015f\u0131s\u0131nda mutlulu\u011funu ifade ederek, \u00d6zen\u00e7&#8217;e te\u015fekk\u00fcrlerini sunarken, foto\u011fraf\u00e7\u0131s\u0131 Mehmet \u00d6ner&#8217;e &#8220;Mehmet \u00d6rnek al&#8221; demesi ise tebess\u00fcm ettirdi. Elaz\u0131\u011f Valisi Numan Hatipo\u011flu, [&hellip;]","og_url":"https:\/\/memurunsesi.net\/index.php\/2025\/03\/31\/huzurevindeki-mehmet-amcanin-surprizi-valiyi-hem-duygulandirdi-hem-gulumsetti\/","og_site_name":"Memurun Sesi","article_publisher":"https:\/\/www.facebook.com\/unipersen\/?locale=tr_TR","article_published_time":"2025-03-31T06:12:17+00:00","og_image":[{"width":2560,"height":1707,"url":"https:\/\/memurunsesi.net\/wp-content\/uploads\/2025\/03\/AW423546_01-scaled.jpg","type":"image\/jpeg"}],"author":"Memurun Sesi Haber Merkezi","twitter_card":"summary_large_image","twitter_creator":"@unipersen","twitter_site":"@unipersen","twitter_misc":{"Yazan:":"Memurun Sesi Haber Merkezi","Tahmini okuma s\u00fcresi":"2 dakika"},"schema":{"@context":"https:\/\/schema.org","@graph":[{"@type":"Article","@id":"https:\/\/memurunsesi.net\/index.php\/2025\/03\/31\/huzurevindeki-mehmet-amcanin-surprizi-valiyi-hem-duygulandirdi-hem-gulumsetti\/#article","isPartOf":{"@id":"https:\/\/memurunsesi.net\/index.php\/2025\/03\/31\/huzurevindeki-mehmet-amcanin-surprizi-valiyi-hem-duygulandirdi-hem-gulumsetti\/"},"author":{"name":"Memurun Sesi Haber Merkezi","@id":"https:\/\/memurunsesi.net\/#\/schema\/person\/f21c2d73b89f6ee1d80b0a1803e38587"},"headline":"Huzurevindeki Mehmet amcan\u0131n s\u00fcrprizi valiyi hem duyguland\u0131rd\u0131 hem g\u00fcl\u00fcmsetti","datePublished":"2025-03-31T06:12:17+00:00","mainEntityOfPage":{"@id":"https:\/\/memurunsesi.net\/index.php\/2025\/03\/31\/huzurevindeki-mehmet-amcanin-surprizi-valiyi-hem-duygulandirdi-hem-gulumsetti\/"},"wordCount":485,"commentCount":0,"publisher":{"@id":"https:\/\/memurunsesi.net\/#organization"},"image":{"@id":"https:\/\/memurunsesi.net\/index.php\/2025\/03\/31\/huzurevindeki-mehmet-amcanin-surprizi-valiyi-hem-duygulandirdi-hem-gulumsetti\/#primaryimage"},"thumbnailUrl":"https:\/\/memurunsesi.net\/wp-content\/uploads\/2025\/03\/AW423546_01-scaled.jpg","articleSection":["G\u00fcndem"],"inLanguage":"tr","potentialAction":[{"@type":"CommentAction","name":"Comment","target":["https:\/\/memurunsesi.net\/index.php\/2025\/03\/31\/huzurevindeki-mehmet-amcanin-surprizi-valiyi-hem-duygulandirdi-hem-gulumsetti\/#respond"]}]},{"@type":"WebPage","@id":"https:\/\/memurunsesi.net\/index.php\/2025\/03\/31\/huzurevindeki-mehmet-amcanin-surprizi-valiyi-hem-duygulandirdi-hem-gulumsetti\/","url":"https:\/\/memurunsesi.net\/index.php\/2025\/03\/31\/huzurevindeki-mehmet-amcanin-surprizi-valiyi-hem-duygulandirdi-hem-gulumsetti\/","name":"Huzurevindeki Mehmet amcan\u0131n s\u00fcrprizi valiyi hem duyguland\u0131rd\u0131 hem g\u00fcl\u00fcmsetti - Memurun Sesi","isPartOf":{"@id":"https:\/\/memurunsesi.net\/#website"},"primaryImageOfPage":{"@id":"https:\/\/memurunsesi.net\/index.php\/2025\/03\/31\/huzurevindeki-mehmet-amcanin-surprizi-valiyi-hem-duygulandirdi-hem-gulumsetti\/#primaryimage"},"image":{"@id":"https:\/\/memurunsesi.net\/index.php\/2025\/03\/31\/huzurevindeki-mehmet-amcanin-surprizi-valiyi-hem-duygulandirdi-hem-gulumsetti\/#primaryimage"},"thumbnailUrl":"https:\/\/memurunsesi.net\/wp-content\/uploads\/2025\/03\/AW423546_01-scaled.jpg","datePublished":"2025-03-31T06:12:17+00:00","breadcrumb":{"@id":"https:\/\/memurunsesi.net\/index.php\/2025\/03\/31\/huzurevindeki-mehmet-amcanin-surprizi-valiyi-hem-duygulandirdi-hem-gulumsetti\/#breadcrumb"},"inLanguage":"tr","potentialAction":[{"@type":"ReadAction","target":["https:\/\/memurunsesi.net\/index.php\/2025\/03\/31\/huzurevindeki-mehmet-amcanin-surprizi-valiyi-hem-duygulandirdi-hem-gulumsetti\/"]}]},{"@type":"ImageObject","inLanguage":"tr","@id":"https:\/\/memurunsesi.net\/index.php\/2025\/03\/31\/huzurevindeki-mehmet-amcanin-surprizi-valiyi-hem-duygulandirdi-hem-gulumsetti\/#primaryimage","url":"https:\/\/memurunsesi.net\/wp-content\/uploads\/2025\/03\/AW423546_01-scaled.jpg","contentUrl":"https:\/\/memurunsesi.net\/wp-content\/uploads\/2025\/03\/AW423546_01-scaled.jpg","width":2560,"height":1707,"caption":"ELAZI\u011e VAL\u0130S\u0130 NUMAN HAT\u0130PO\u011eLU, RAMAZAN BAYRAMI'NDA GAZ\u0130 HUZUREV\u0130'N\u0130 Z\u0130YARET EDERKEN, 84 YA\u015eINDAK\u0130 MEHMET AR\u0130F \u00d6ZEN\u00c7 TARAFINDAN HAZIRLANAN VE HAT\u0130PO\u011eLU'NUN ELAZI\u011e'DAK\u0130 G\u00d6REV S\u00dcREC\u0130N\u0130 YANSITAN ANLAMLI B\u0130R ALB\u00dcMLE S\u00dcRPR\u0130Z YAPTI. VAL\u0130 HAT\u0130PO\u011eLU, BU DUYGUSAL HED\u0130YE KAR\u015eISINDA MUTLULU\u011eUNU \u0130FADE EDEREK, \u00d6ZEN\u00c7'E TE\u015eEKK\u00dcRLER\u0130N\u0130 SUNARKEN, FOTO\u011eRAF\u00c7ISI MEHMET \u00d6NER'E \" MEHMET \u00d6RNEK AL\" DEMES\u0130 \u0130SE TEBESS\u00dcM ETT\u0130RD\u0130 (RIDVAN YE\u015e\u0130LIRMAK\/ELAZI\u011e-\u0130HA) Elaz\u0131\u011f Valisi Numan Hatipo\u011flu, Ramazan Bayram\u0131nda Gazi Huzurevini ziyaret ederken, 84 ya\u015f\u0131ndaki Mehmet Arif \u00d6zen\u00e7 taraf\u0131ndan haz\u0131rlanan ve Vali Hatipo\u011flu'nun Elaz\u0131\u011f'daki g\u00f6rev s\u00fcrecini yans\u0131tan anlaml\u0131 bir alb\u00fcmle s\u00fcrpriz yapt\u0131. Vali Hatipo\u011flu, bu duygusal hediye kar\u015f\u0131s\u0131nda mutlulu\u011funu ifade ederek, \u00d6zen\u00e7'e te\u015fekk\u00fcrlerini sunarken, foto\u011fraf\u00e7\u0131s\u0131 Mehmet \u00d6ner'e \"Mehmet \u00d6rnek al\" demesi ise tebess\u00fcm ettirdi."},{"@type":"BreadcrumbList","@id":"https:\/\/memurunsesi.net\/index.php\/2025\/03\/31\/huzurevindeki-mehmet-amcanin-surprizi-valiyi-hem-duygulandirdi-hem-gulumsetti\/#breadcrumb","itemListElement":[{"@type":"ListItem","position":1,"name":"Anasayfa","item":"https:\/\/memurunsesi.net\/"},{"@type":"ListItem","position":2,"name":"Huzurevindeki Mehmet amcan\u0131n s\u00fcrprizi valiyi hem duyguland\u0131rd\u0131 hem g\u00fcl\u00fcmsetti"}]},{"@type":"WebSite","@id":"https:\/\/memurunsesi.net\/#website","url":"https:\/\/memurunsesi.net\/","name":"Memurun Sesi","description":"G\u00fcncel ve Do\u011fru Haber","publisher":{"@id":"https:\/\/memurunsesi.net\/#organization"},"potentialAction":[{"@type":"SearchAction","target":{"@type":"EntryPoint","urlTemplate":"https:\/\/memurunsesi.net\/?s={search_term_string}"},"query-input":{"@type":"PropertyValueSpecification","valueRequired":true,"valueName":"search_term_string"}}],"inLanguage":"tr"},{"@type":"Organization","@id":"https:\/\/memurunsesi.net\/#organization","name":"Memurun Sesi","url":"https:\/\/memurunsesi.net\/","logo":{"@type":"ImageObject","inLanguage":"tr","@id":"https:\/\/memurunsesi.net\/#\/schema\/logo\/image\/","url":"https:\/\/memurunsesi.net\/wp-content\/uploads\/2025\/11\/cropped-MEMURUN-SESI.png","contentUrl":"https:\/\/memurunsesi.net\/wp-content\/uploads\/2025\/11\/cropped-MEMURUN-SESI.png","width":238,"height":57,"caption":"Memurun Sesi"},"image":{"@id":"https:\/\/memurunsesi.net\/#\/schema\/logo\/image\/"},"sameAs":["https:\/\/www.facebook.com\/unipersen\/?locale=tr_TR","https:\/\/x.com\/unipersen"]},{"@type":"Person","@id":"https:\/\/memurunsesi.net\/#\/schema\/person\/f21c2d73b89f6ee1d80b0a1803e38587","name":"Memurun Sesi Haber Merkezi","image":{"@type":"ImageObject","inLanguage":"tr","@id":"https:\/\/secure.gravatar.com\/avatar\/6cf0505f452ee753f485014986fab09a434671d2b919ee76fc541025c5876a70?s=96&d=mm&r=g","url":"https:\/\/secure.gravatar.com\/avatar\/6cf0505f452ee753f485014986fab09a434671d2b919ee76fc541025c5876a70?s=96&d=mm&r=g","contentUrl":"https:\/\/secure.gravatar.com\/avatar\/6cf0505f452ee753f485014986fab09a434671d2b919ee76fc541025c5876a70?s=96&d=mm&r=g","caption":"Memurun Sesi Haber Merkezi"},"sameAs":["https:\/\/memurunsesi.net"],"url":"https:\/\/memurunsesi.net\/index.php\/author\/uniper\/"}]}},"_links":{"self":[{"href":"https:\/\/memurunsesi.net\/index.php\/wp-json\/wp\/v2\/posts\/4601","targetHints":{"allow":["GET"]}}],"collection":[{"href":"https:\/\/memurunsesi.net\/index.php\/wp-json\/wp\/v2\/posts"}],"about":[{"href":"https:\/\/memurunsesi.net\/index.php\/wp-json\/wp\/v2\/types\/post"}],"author":[{"embeddable":true,"href":"https:\/\/memurunsesi.net\/index.php\/wp-json\/wp\/v2\/users\/1"}],"replies":[{"embeddable":true,"href":"https:\/\/memurunsesi.net\/index.php\/wp-json\/wp\/v2\/comments?post=4601"}],"version-history":[{"count":1,"href":"https:\/\/memurunsesi.net\/index.php\/wp-json\/wp\/v2\/posts\/4601\/revisions"}],"predecessor-version":[{"id":4603,"href":"https:\/\/memurunsesi.net\/index.php\/wp-json\/wp\/v2\/posts\/4601\/revisions\/4603"}],"wp:featuredmedia":[{"embeddable":true,"href":"https:\/\/memurunsesi.net\/index.php\/wp-json\/wp\/v2\/media\/4602"}],"wp:attachment":[{"href":"https:\/\/memurunsesi.net\/index.php\/wp-json\/wp\/v2\/media?parent=4601"}],"wp:term":[{"taxonomy":"category","embeddable":true,"href":"https:\/\/memurunsesi.net\/index.php\/wp-json\/wp\/v2\/categories?post=4601"},{"taxonomy":"post_tag","embeddable":true,"href":"https:\/\/memurunsesi.net\/index.php\/wp-json\/wp\/v2\/tags?post=4601"}],"curies":[{"name":"wp","href":"https:\/\/api.w.org\/{rel}","templated":true}]}}