{"id":4604,"date":"2025-03-31T09:14:45","date_gmt":"2025-03-31T06:14:45","guid":{"rendered":"https:\/\/memurunsesi.net\/?p=4604"},"modified":"2025-03-31T09:14:45","modified_gmt":"2025-03-31T06:14:45","slug":"trumptan-ucuncu-donem-sinyali-bunu-yapmanin-yollari-var-ve-saka-yapmiyorum","status":"publish","type":"post","link":"https:\/\/memurunsesi.net\/index.php\/2025\/03\/31\/trumptan-ucuncu-donem-sinyali-bunu-yapmanin-yollari-var-ve-saka-yapmiyorum\/","title":{"rendered":"Trump\u2019tan \u00fc\u00e7\u00fcnc\u00fc d\u00f6nem sinyali: &#8220;Bunu yapman\u0131n yollar\u0131 var ve \u015faka yapm\u0131yorum"},"content":{"rendered":"<p>Trump\u2019tan Rusya\u2019ya ate\u015fkes tehdidi: &#8220;Rusya\u2019dan \u00e7\u0131kan t\u00fcm petrole ikincil g\u00fcmr\u00fck vergileri koyaca\u011f\u0131m&#8221;<br \/>\nABD Ba\u015fkan\u0131 Donald Trump, Anayasa&#8217;n\u0131n 22. maddesine ra\u011fmen Beyaz Saray\u2019da \u00fc\u00e7\u00fcnc\u00fc d\u00f6nem g\u00f6rev yapma ihtimalini d\u0131\u015flamayarak, &#8220;Bunu yapman\u0131n yollar\u0131 var ve \u015faka yapm\u0131yorum&#8221; dedi.<br \/>\nABD Ba\u015fkan\u0131 Donald Trump, ABD bas\u0131n\u0131na verdi\u011fi r\u00f6portajda \u00f6nemli a\u00e7\u0131klamalarda bulundu. \u00dc\u00e7\u00fcnc\u00fc kez ba\u015fkanl\u0131\u011fa aday olma konusunu g\u00fcndeme ta\u015f\u0131yan Trump, Anayasa&#8217;n\u0131n 22. maddesine ra\u011fmen Beyaz Saray\u2019da \u00fc\u00e7\u00fcnc\u00fc d\u00f6nem g\u00f6rev yapma ihtimalini d\u0131\u015flamayarak, &#8220;\u00c7al\u0131\u015fmay\u0131 seviyorum. Bir\u00e7ok ki\u015fi bunu yapmam\u0131 istiyor. Ama y\u00f6netimin \u00e7ok erken bir d\u00f6nemindeyiz. \u00d6nceli\u011fim mevcut g\u00f6revim&#8221; ifadelerini kulland\u0131.<br \/>\nKendisine \u00fc\u00e7\u00fcnc\u00fc d\u00f6nem i\u00e7in adayl\u0131k hakk\u0131 tan\u0131nacak bir plan sunulup sunulmad\u0131\u011f\u0131 sorusuna Trump, &#8220;Bunu yapabilece\u011finiz y\u00f6ntemler var&#8221; yan\u0131t\u0131n\u0131 verdi. Trump, ABD Ba\u015fkan Yard\u0131mc\u0131s\u0131 James David Vance\u2019in aday olup daha sonra g\u00f6revi kendisine devretmesi gibi senaryolar hakk\u0131nda ise &#8220;Bu bir y\u00f6ntem&#8221; ifadelerini kullanarak, &#8220;Ama ba\u015fkalar\u0131 da var&#8221; diyerek muhtemel alternatiflerin varl\u0131\u011f\u0131na i\u015faret etti.<\/p>\n<p>Anayasa de\u011fi\u015fikli\u011fi tart\u0131\u015fmas\u0131 g\u00fcndemde<br \/>\nABD Anayasas\u0131&#8217;n\u0131n 22. maddesi, bir ki\u015finin iki d\u00f6nemden fazla ba\u015fkanl\u0131k yapmas\u0131n\u0131 yasakl\u0131yor. Bu yasa\u011f\u0131n kald\u0131r\u0131lmas\u0131 ise olduk\u00e7a zor bir s\u00fcre\u00e7 gerektiriyor. Kongre\u2019nin \u00fc\u00e7te iki \u00e7o\u011funlu\u011funun oyu ya da eyaletlerin \u00fc\u00e7te ikisinin anayasa de\u011fi\u015fikli\u011fi konvansiyonu \u00e7a\u011fr\u0131s\u0131nda bulunmas\u0131 gerekiyor. Her iki senaryoda da de\u011fi\u015fikli\u011fin y\u00fcr\u00fcrl\u00fc\u011fe girmesi i\u00e7in eyaletlerin d\u00f6rtte \u00fc\u00e7\u00fcn\u00fcn onay\u0131 \u015fart.<br \/>\nCumhuriyet\u00e7i Tennessee Temsilcisi Andy Ogles, ba\u015fkanl\u0131k g\u00f6rev s\u00fcresini uzatmaya y\u00f6nelik bir karar tasar\u0131s\u0131 haz\u0131rlayarak, bu tart\u0131\u015fmalar\u0131 yasama boyutuna ta\u015f\u0131d\u0131. \u00d6te yandan Trump\u2019\u0131n yak\u0131n m\u00fcttefiklerinden Steve Bannon ise verdi\u011fi bir r\u00f6portajda, Trump\u2019\u0131n &#8220;2028\u2019de yeniden aday olaca\u011f\u0131na ve kazanaca\u011f\u0131na&#8221; inand\u0131\u011f\u0131n\u0131 ifade etti.<br \/>\nTrump\u2019\u0131n &#8220;krall\u0131k&#8221; imalar\u0131 da tart\u0131\u015fma konusu oldu. Beyaz Saray, New York\u2019taki trafik s\u0131k\u0131\u015f\u0131kl\u0131\u011f\u0131 \u00fccretlendirmesini kald\u0131rmas\u0131n\u0131n ard\u0131ndan Trump\u2019\u0131 ta\u00e7la g\u00f6steren bir dergi kapa\u011f\u0131n\u0131 X (eski ad\u0131yla Twitter) \u00fczerinden payla\u015farak, Trump\u2019\u0131n &#8220;Kral \u00e7ok ya\u015fa!&#8221; ifadelerini al\u0131nt\u0131lad\u0131.<\/p>\n<p>&#8220;E\u011fer ate\u015fkes olmazsa vergiler yolda&#8221;<br \/>\nTrump, Rusya\u2019n\u0131n Ukrayna ile ate\u015fkes konusunda sorumluluk almad\u0131\u011f\u0131 takdirde Rus petrol\u00fcne y\u00f6nelik ikincil g\u00fcmr\u00fck vergileri getirece\u011fini s\u00f6yledi. Rusya Devlet Ba\u015fkan\u0131 Vladimir Putin\u2019in Ukrayna Devlet Ba\u015fkan\u0131 Vladimir Zelenskiy\u2019e y\u00f6nelik ele\u015ftirilerini hedef alan Trump, bu a\u00e7\u0131klamalara &#8220;\u00e7ok k\u0131zd\u0131\u011f\u0131n\u0131 ve \u00f6fkelendi\u011fini&#8221; vurgulad\u0131. Trump, &#8220;E\u011fer Rusya ve ben Ukrayna&#8217;da akan kan\u0131 durdurma konusunda bir anla\u015fmaya varamazsak ve bunun Rusya&#8217;n\u0131n su\u00e7u oldu\u011funu d\u00fc\u015f\u00fcn\u00fcrsem ki olmayabilir ama e\u011fer \u00f6yle g\u00f6r\u00fcrsem, Rusya\u2019dan \u00e7\u0131kan t\u00fcm petrole ikincil g\u00fcmr\u00fck vergileri koyaca\u011f\u0131m. Rusya&#8217;dan petrol al\u0131rsan\u0131z, ABD&#8217;de i\u015f yapamazs\u0131n\u0131z&#8221; ifadelerini kullanarak, Rus petrol\u00fcne y\u00fczde 25 ila y\u00fczde 50 aras\u0131nda de\u011fi\u015febilecek vergi getirmeyi planlad\u0131\u011f\u0131n\u0131 belirtti.<br \/>\nRusya a\u00e7\u0131klamalar\u0131 Trump\u2019\u0131n daha \u00f6nce Venezuela\u2019ya uygulad\u0131\u011f\u0131 benzer yapt\u0131r\u0131mlar\u0131n ard\u0131ndan geldi. Enerji ve Temiz Hava Ara\u015ft\u0131rma Merkezi\u2019ne g\u00f6re, Rus petrol \u00fcr\u00fcnlerinin en b\u00fcy\u00fck ithalat\u00e7\u0131lar\u0131 aras\u0131nda \u00c7in, T\u00fcrkiye, Brezilya ve Hindistan yer al\u0131yor. Trump\u2019\u0131n Venezuela modeli \u00fczerinden hareket etmesi durumunda bu \u00fclkeler de ekonomik yapt\u0131r\u0131mlardan etkilenebilir.<\/p>\n<p>Trump ve Putin bu hafta yeniden g\u00f6r\u00fc\u015febilir<br \/>\nTrump, Putin\u2019le bu hafta tekrar g\u00f6r\u00fc\u015fmeyi planlad\u0131\u011f\u0131n\u0131 ve ili\u015fkilerinin iyi oldu\u011funu belirterek, &#8220;Do\u011fru \u015feyi yaparsa, \u00f6fkem h\u0131zla da\u011f\u0131l\u0131r&#8221; dedi.<\/p>\n<p>31.03.2025<\/p>\n","protected":false},"excerpt":{"rendered":"<p>Trump\u2019tan Rusya\u2019ya ate\u015fkes tehdidi: &#8220;Rusya\u2019dan \u00e7\u0131kan t\u00fcm petrole ikincil g\u00fcmr\u00fck vergileri koyaca\u011f\u0131m&#8221; ABD Ba\u015fkan\u0131 Donald Trump, Anayasa&#8217;n\u0131n 22. maddesine ra\u011fmen Beyaz Saray\u2019da \u00fc\u00e7\u00fcnc\u00fc d\u00f6nem g\u00f6rev yapma ihtimalini d\u0131\u015flamayarak, &#8220;Bunu yapman\u0131n yollar\u0131 var ve \u015faka yapm\u0131yorum&#8221; dedi. ABD Ba\u015fkan\u0131 Donald Trump, ABD bas\u0131n\u0131na verdi\u011fi r\u00f6portajda \u00f6nemli a\u00e7\u0131klamalarda bulundu. \u00dc\u00e7\u00fcnc\u00fc kez ba\u015fkanl\u0131\u011fa aday olma konusunu g\u00fcndeme ta\u015f\u0131yan [&hellip;]<\/p>\n","protected":false},"author":1,"featured_media":4605,"comment_status":"open","ping_status":"open","sticky":false,"template":"","format":"standard","meta":{"footnotes":""},"categories":[50],"tags":[],"class_list":["post-4604","post","type-post","status-publish","format-standard","has-post-thumbnail","hentry","category-tum-haberler"],"yoast_head":"<!-- This site is optimized with the Yoast SEO plugin v27.4 - https:\/\/yoast.com\/product\/yoast-seo-wordpress\/ -->\n<title>Trump\u2019tan \u00fc\u00e7\u00fcnc\u00fc d\u00f6nem sinyali: &quot;Bunu yapman\u0131n yollar\u0131 var ve \u015faka yapm\u0131yorum - Memurun Sesi<\/title>\n<meta name=\"robots\" content=\"index, follow, max-snippet:-1, max-image-preview:large, max-video-preview:-1\" \/>\n<link rel=\"canonical\" href=\"https:\/\/memurunsesi.net\/index.php\/2025\/03\/31\/trumptan-ucuncu-donem-sinyali-bunu-yapmanin-yollari-var-ve-saka-yapmiyorum\/\" \/>\n<meta property=\"og:locale\" content=\"tr_TR\" \/>\n<meta property=\"og:type\" content=\"article\" \/>\n<meta property=\"og:title\" content=\"Trump\u2019tan \u00fc\u00e7\u00fcnc\u00fc d\u00f6nem sinyali: &quot;Bunu yapman\u0131n yollar\u0131 var ve \u015faka yapm\u0131yorum - Memurun Sesi\" \/>\n<meta property=\"og:description\" content=\"Trump\u2019tan Rusya\u2019ya ate\u015fkes tehdidi: &#8220;Rusya\u2019dan \u00e7\u0131kan t\u00fcm petrole ikincil g\u00fcmr\u00fck vergileri koyaca\u011f\u0131m&#8221; ABD Ba\u015fkan\u0131 Donald Trump, Anayasa&#8217;n\u0131n 22. maddesine ra\u011fmen Beyaz Saray\u2019da \u00fc\u00e7\u00fcnc\u00fc d\u00f6nem g\u00f6rev yapma ihtimalini d\u0131\u015flamayarak, &#8220;Bunu yapman\u0131n yollar\u0131 var ve \u015faka yapm\u0131yorum&#8221; dedi. ABD Ba\u015fkan\u0131 Donald Trump, ABD bas\u0131n\u0131na verdi\u011fi r\u00f6portajda \u00f6nemli a\u00e7\u0131klamalarda bulundu. \u00dc\u00e7\u00fcnc\u00fc kez ba\u015fkanl\u0131\u011fa aday olma konusunu g\u00fcndeme ta\u015f\u0131yan [&hellip;]\" \/>\n<meta property=\"og:url\" content=\"https:\/\/memurunsesi.net\/index.php\/2025\/03\/31\/trumptan-ucuncu-donem-sinyali-bunu-yapmanin-yollari-var-ve-saka-yapmiyorum\/\" \/>\n<meta property=\"og:site_name\" content=\"Memurun Sesi\" \/>\n<meta property=\"article:publisher\" content=\"https:\/\/www.facebook.com\/unipersen\/?locale=tr_TR\" \/>\n<meta property=\"article:published_time\" content=\"2025-03-31T06:14:45+00:00\" \/>\n<meta property=\"og:image\" content=\"https:\/\/memurunsesi.net\/wp-content\/uploads\/2025\/03\/AW423676_01-scaled.jpg\" \/>\n\t<meta property=\"og:image:width\" content=\"2560\" \/>\n\t<meta property=\"og:image:height\" content=\"1707\" \/>\n\t<meta property=\"og:image:type\" content=\"image\/jpeg\" \/>\n<meta name=\"author\" content=\"Memurun Sesi Haber Merkezi\" \/>\n<meta name=\"twitter:card\" content=\"summary_large_image\" \/>\n<meta name=\"twitter:creator\" content=\"@unipersen\" \/>\n<meta name=\"twitter:site\" content=\"@unipersen\" \/>\n<meta name=\"twitter:label1\" content=\"Yazan:\" \/>\n\t<meta name=\"twitter:data1\" content=\"Memurun Sesi Haber Merkezi\" \/>\n\t<meta name=\"twitter:label2\" content=\"Tahmini okuma s\u00fcresi\" \/>\n\t<meta name=\"twitter:data2\" content=\"3 dakika\" \/>\n<script type=\"application\/ld+json\" class=\"yoast-schema-graph\">{\"@context\":\"https:\\\/\\\/schema.org\",\"@graph\":[{\"@type\":\"Article\",\"@id\":\"https:\\\/\\\/memurunsesi.net\\\/index.php\\\/2025\\\/03\\\/31\\\/trumptan-ucuncu-donem-sinyali-bunu-yapmanin-yollari-var-ve-saka-yapmiyorum\\\/#article\",\"isPartOf\":{\"@id\":\"https:\\\/\\\/memurunsesi.net\\\/index.php\\\/2025\\\/03\\\/31\\\/trumptan-ucuncu-donem-sinyali-bunu-yapmanin-yollari-var-ve-saka-yapmiyorum\\\/\"},\"author\":{\"name\":\"Memurun Sesi Haber Merkezi\",\"@id\":\"https:\\\/\\\/memurunsesi.net\\\/#\\\/schema\\\/person\\\/f21c2d73b89f6ee1d80b0a1803e38587\"},\"headline\":\"Trump\u2019tan \u00fc\u00e7\u00fcnc\u00fc d\u00f6nem sinyali: &#8220;Bunu yapman\u0131n yollar\u0131 var ve \u015faka yapm\u0131yorum\",\"datePublished\":\"2025-03-31T06:14:45+00:00\",\"mainEntityOfPage\":{\"@id\":\"https:\\\/\\\/memurunsesi.net\\\/index.php\\\/2025\\\/03\\\/31\\\/trumptan-ucuncu-donem-sinyali-bunu-yapmanin-yollari-var-ve-saka-yapmiyorum\\\/\"},\"wordCount\":663,\"commentCount\":0,\"publisher\":{\"@id\":\"https:\\\/\\\/memurunsesi.net\\\/#organization\"},\"image\":{\"@id\":\"https:\\\/\\\/memurunsesi.net\\\/index.php\\\/2025\\\/03\\\/31\\\/trumptan-ucuncu-donem-sinyali-bunu-yapmanin-yollari-var-ve-saka-yapmiyorum\\\/#primaryimage\"},\"thumbnailUrl\":\"https:\\\/\\\/memurunsesi.net\\\/wp-content\\\/uploads\\\/2025\\\/03\\\/AW423676_01-scaled.jpg\",\"articleSection\":[\"T\u00fcm Haberler\"],\"inLanguage\":\"tr\",\"potentialAction\":[{\"@type\":\"CommentAction\",\"name\":\"Comment\",\"target\":[\"https:\\\/\\\/memurunsesi.net\\\/index.php\\\/2025\\\/03\\\/31\\\/trumptan-ucuncu-donem-sinyali-bunu-yapmanin-yollari-var-ve-saka-yapmiyorum\\\/#respond\"]}]},{\"@type\":\"WebPage\",\"@id\":\"https:\\\/\\\/memurunsesi.net\\\/index.php\\\/2025\\\/03\\\/31\\\/trumptan-ucuncu-donem-sinyali-bunu-yapmanin-yollari-var-ve-saka-yapmiyorum\\\/\",\"url\":\"https:\\\/\\\/memurunsesi.net\\\/index.php\\\/2025\\\/03\\\/31\\\/trumptan-ucuncu-donem-sinyali-bunu-yapmanin-yollari-var-ve-saka-yapmiyorum\\\/\",\"name\":\"Trump\u2019tan \u00fc\u00e7\u00fcnc\u00fc d\u00f6nem sinyali: \\\"Bunu yapman\u0131n yollar\u0131 var ve \u015faka yapm\u0131yorum - Memurun Sesi\",\"isPartOf\":{\"@id\":\"https:\\\/\\\/memurunsesi.net\\\/#website\"},\"primaryImageOfPage\":{\"@id\":\"https:\\\/\\\/memurunsesi.net\\\/index.php\\\/2025\\\/03\\\/31\\\/trumptan-ucuncu-donem-sinyali-bunu-yapmanin-yollari-var-ve-saka-yapmiyorum\\\/#primaryimage\"},\"image\":{\"@id\":\"https:\\\/\\\/memurunsesi.net\\\/index.php\\\/2025\\\/03\\\/31\\\/trumptan-ucuncu-donem-sinyali-bunu-yapmanin-yollari-var-ve-saka-yapmiyorum\\\/#primaryimage\"},\"thumbnailUrl\":\"https:\\\/\\\/memurunsesi.net\\\/wp-content\\\/uploads\\\/2025\\\/03\\\/AW423676_01-scaled.jpg\",\"datePublished\":\"2025-03-31T06:14:45+00:00\",\"breadcrumb\":{\"@id\":\"https:\\\/\\\/memurunsesi.net\\\/index.php\\\/2025\\\/03\\\/31\\\/trumptan-ucuncu-donem-sinyali-bunu-yapmanin-yollari-var-ve-saka-yapmiyorum\\\/#breadcrumb\"},\"inLanguage\":\"tr\",\"potentialAction\":[{\"@type\":\"ReadAction\",\"target\":[\"https:\\\/\\\/memurunsesi.net\\\/index.php\\\/2025\\\/03\\\/31\\\/trumptan-ucuncu-donem-sinyali-bunu-yapmanin-yollari-var-ve-saka-yapmiyorum\\\/\"]}]},{\"@type\":\"ImageObject\",\"inLanguage\":\"tr\",\"@id\":\"https:\\\/\\\/memurunsesi.net\\\/index.php\\\/2025\\\/03\\\/31\\\/trumptan-ucuncu-donem-sinyali-bunu-yapmanin-yollari-var-ve-saka-yapmiyorum\\\/#primaryimage\",\"url\":\"https:\\\/\\\/memurunsesi.net\\\/wp-content\\\/uploads\\\/2025\\\/03\\\/AW423676_01-scaled.jpg\",\"contentUrl\":\"https:\\\/\\\/memurunsesi.net\\\/wp-content\\\/uploads\\\/2025\\\/03\\\/AW423676_01-scaled.jpg\",\"width\":2560,\"height\":1707,\"caption\":\"epa11993419 US President Donald J. Trump speaks during the White House Iftar Dinner at the White House in Washington, DC, USA, 27 March 2025. EPA-EFE\\\/Chris Kleponis \\\/ POOL\"},{\"@type\":\"BreadcrumbList\",\"@id\":\"https:\\\/\\\/memurunsesi.net\\\/index.php\\\/2025\\\/03\\\/31\\\/trumptan-ucuncu-donem-sinyali-bunu-yapmanin-yollari-var-ve-saka-yapmiyorum\\\/#breadcrumb\",\"itemListElement\":[{\"@type\":\"ListItem\",\"position\":1,\"name\":\"Anasayfa\",\"item\":\"https:\\\/\\\/memurunsesi.net\\\/\"},{\"@type\":\"ListItem\",\"position\":2,\"name\":\"Trump\u2019tan \u00fc\u00e7\u00fcnc\u00fc d\u00f6nem sinyali: &#8220;Bunu yapman\u0131n yollar\u0131 var ve \u015faka yapm\u0131yorum\"}]},{\"@type\":\"WebSite\",\"@id\":\"https:\\\/\\\/memurunsesi.net\\\/#website\",\"url\":\"https:\\\/\\\/memurunsesi.net\\\/\",\"name\":\"Memurun Sesi\",\"description\":\"G\u00fcncel ve Do\u011fru Haber\",\"publisher\":{\"@id\":\"https:\\\/\\\/memurunsesi.net\\\/#organization\"},\"potentialAction\":[{\"@type\":\"SearchAction\",\"target\":{\"@type\":\"EntryPoint\",\"urlTemplate\":\"https:\\\/\\\/memurunsesi.net\\\/?s={search_term_string}\"},\"query-input\":{\"@type\":\"PropertyValueSpecification\",\"valueRequired\":true,\"valueName\":\"search_term_string\"}}],\"inLanguage\":\"tr\"},{\"@type\":\"Organization\",\"@id\":\"https:\\\/\\\/memurunsesi.net\\\/#organization\",\"name\":\"Memurun Sesi\",\"url\":\"https:\\\/\\\/memurunsesi.net\\\/\",\"logo\":{\"@type\":\"ImageObject\",\"inLanguage\":\"tr\",\"@id\":\"https:\\\/\\\/memurunsesi.net\\\/#\\\/schema\\\/logo\\\/image\\\/\",\"url\":\"https:\\\/\\\/memurunsesi.net\\\/wp-content\\\/uploads\\\/2025\\\/11\\\/cropped-MEMURUN-SESI.png\",\"contentUrl\":\"https:\\\/\\\/memurunsesi.net\\\/wp-content\\\/uploads\\\/2025\\\/11\\\/cropped-MEMURUN-SESI.png\",\"width\":238,\"height\":57,\"caption\":\"Memurun Sesi\"},\"image\":{\"@id\":\"https:\\\/\\\/memurunsesi.net\\\/#\\\/schema\\\/logo\\\/image\\\/\"},\"sameAs\":[\"https:\\\/\\\/www.facebook.com\\\/unipersen\\\/?locale=tr_TR\",\"https:\\\/\\\/x.com\\\/unipersen\"]},{\"@type\":\"Person\",\"@id\":\"https:\\\/\\\/memurunsesi.net\\\/#\\\/schema\\\/person\\\/f21c2d73b89f6ee1d80b0a1803e38587\",\"name\":\"Memurun Sesi Haber Merkezi\",\"image\":{\"@type\":\"ImageObject\",\"inLanguage\":\"tr\",\"@id\":\"https:\\\/\\\/secure.gravatar.com\\\/avatar\\\/6cf0505f452ee753f485014986fab09a434671d2b919ee76fc541025c5876a70?s=96&d=mm&r=g\",\"url\":\"https:\\\/\\\/secure.gravatar.com\\\/avatar\\\/6cf0505f452ee753f485014986fab09a434671d2b919ee76fc541025c5876a70?s=96&d=mm&r=g\",\"contentUrl\":\"https:\\\/\\\/secure.gravatar.com\\\/avatar\\\/6cf0505f452ee753f485014986fab09a434671d2b919ee76fc541025c5876a70?s=96&d=mm&r=g\",\"caption\":\"Memurun Sesi Haber Merkezi\"},\"sameAs\":[\"https:\\\/\\\/memurunsesi.net\"],\"url\":\"https:\\\/\\\/memurunsesi.net\\\/index.php\\\/author\\\/uniper\\\/\"}]}<\/script>\n<!-- \/ Yoast SEO plugin. -->","yoast_head_json":{"title":"Trump\u2019tan \u00fc\u00e7\u00fcnc\u00fc d\u00f6nem sinyali: \"Bunu yapman\u0131n yollar\u0131 var ve \u015faka yapm\u0131yorum - Memurun Sesi","robots":{"index":"index","follow":"follow","max-snippet":"max-snippet:-1","max-image-preview":"max-image-preview:large","max-video-preview":"max-video-preview:-1"},"canonical":"https:\/\/memurunsesi.net\/index.php\/2025\/03\/31\/trumptan-ucuncu-donem-sinyali-bunu-yapmanin-yollari-var-ve-saka-yapmiyorum\/","og_locale":"tr_TR","og_type":"article","og_title":"Trump\u2019tan \u00fc\u00e7\u00fcnc\u00fc d\u00f6nem sinyali: \"Bunu yapman\u0131n yollar\u0131 var ve \u015faka yapm\u0131yorum - Memurun Sesi","og_description":"Trump\u2019tan Rusya\u2019ya ate\u015fkes tehdidi: &#8220;Rusya\u2019dan \u00e7\u0131kan t\u00fcm petrole ikincil g\u00fcmr\u00fck vergileri koyaca\u011f\u0131m&#8221; ABD Ba\u015fkan\u0131 Donald Trump, Anayasa&#8217;n\u0131n 22. maddesine ra\u011fmen Beyaz Saray\u2019da \u00fc\u00e7\u00fcnc\u00fc d\u00f6nem g\u00f6rev yapma ihtimalini d\u0131\u015flamayarak, &#8220;Bunu yapman\u0131n yollar\u0131 var ve \u015faka yapm\u0131yorum&#8221; dedi. ABD Ba\u015fkan\u0131 Donald Trump, ABD bas\u0131n\u0131na verdi\u011fi r\u00f6portajda \u00f6nemli a\u00e7\u0131klamalarda bulundu. \u00dc\u00e7\u00fcnc\u00fc kez ba\u015fkanl\u0131\u011fa aday olma konusunu g\u00fcndeme ta\u015f\u0131yan [&hellip;]","og_url":"https:\/\/memurunsesi.net\/index.php\/2025\/03\/31\/trumptan-ucuncu-donem-sinyali-bunu-yapmanin-yollari-var-ve-saka-yapmiyorum\/","og_site_name":"Memurun Sesi","article_publisher":"https:\/\/www.facebook.com\/unipersen\/?locale=tr_TR","article_published_time":"2025-03-31T06:14:45+00:00","og_image":[{"width":2560,"height":1707,"url":"https:\/\/memurunsesi.net\/wp-content\/uploads\/2025\/03\/AW423676_01-scaled.jpg","type":"image\/jpeg"}],"author":"Memurun Sesi Haber Merkezi","twitter_card":"summary_large_image","twitter_creator":"@unipersen","twitter_site":"@unipersen","twitter_misc":{"Yazan:":"Memurun Sesi Haber Merkezi","Tahmini okuma s\u00fcresi":"3 dakika"},"schema":{"@context":"https:\/\/schema.org","@graph":[{"@type":"Article","@id":"https:\/\/memurunsesi.net\/index.php\/2025\/03\/31\/trumptan-ucuncu-donem-sinyali-bunu-yapmanin-yollari-var-ve-saka-yapmiyorum\/#article","isPartOf":{"@id":"https:\/\/memurunsesi.net\/index.php\/2025\/03\/31\/trumptan-ucuncu-donem-sinyali-bunu-yapmanin-yollari-var-ve-saka-yapmiyorum\/"},"author":{"name":"Memurun Sesi Haber Merkezi","@id":"https:\/\/memurunsesi.net\/#\/schema\/person\/f21c2d73b89f6ee1d80b0a1803e38587"},"headline":"Trump\u2019tan \u00fc\u00e7\u00fcnc\u00fc d\u00f6nem sinyali: &#8220;Bunu yapman\u0131n yollar\u0131 var ve \u015faka yapm\u0131yorum","datePublished":"2025-03-31T06:14:45+00:00","mainEntityOfPage":{"@id":"https:\/\/memurunsesi.net\/index.php\/2025\/03\/31\/trumptan-ucuncu-donem-sinyali-bunu-yapmanin-yollari-var-ve-saka-yapmiyorum\/"},"wordCount":663,"commentCount":0,"publisher":{"@id":"https:\/\/memurunsesi.net\/#organization"},"image":{"@id":"https:\/\/memurunsesi.net\/index.php\/2025\/03\/31\/trumptan-ucuncu-donem-sinyali-bunu-yapmanin-yollari-var-ve-saka-yapmiyorum\/#primaryimage"},"thumbnailUrl":"https:\/\/memurunsesi.net\/wp-content\/uploads\/2025\/03\/AW423676_01-scaled.jpg","articleSection":["T\u00fcm Haberler"],"inLanguage":"tr","potentialAction":[{"@type":"CommentAction","name":"Comment","target":["https:\/\/memurunsesi.net\/index.php\/2025\/03\/31\/trumptan-ucuncu-donem-sinyali-bunu-yapmanin-yollari-var-ve-saka-yapmiyorum\/#respond"]}]},{"@type":"WebPage","@id":"https:\/\/memurunsesi.net\/index.php\/2025\/03\/31\/trumptan-ucuncu-donem-sinyali-bunu-yapmanin-yollari-var-ve-saka-yapmiyorum\/","url":"https:\/\/memurunsesi.net\/index.php\/2025\/03\/31\/trumptan-ucuncu-donem-sinyali-bunu-yapmanin-yollari-var-ve-saka-yapmiyorum\/","name":"Trump\u2019tan \u00fc\u00e7\u00fcnc\u00fc d\u00f6nem sinyali: \"Bunu yapman\u0131n yollar\u0131 var ve \u015faka yapm\u0131yorum - Memurun Sesi","isPartOf":{"@id":"https:\/\/memurunsesi.net\/#website"},"primaryImageOfPage":{"@id":"https:\/\/memurunsesi.net\/index.php\/2025\/03\/31\/trumptan-ucuncu-donem-sinyali-bunu-yapmanin-yollari-var-ve-saka-yapmiyorum\/#primaryimage"},"image":{"@id":"https:\/\/memurunsesi.net\/index.php\/2025\/03\/31\/trumptan-ucuncu-donem-sinyali-bunu-yapmanin-yollari-var-ve-saka-yapmiyorum\/#primaryimage"},"thumbnailUrl":"https:\/\/memurunsesi.net\/wp-content\/uploads\/2025\/03\/AW423676_01-scaled.jpg","datePublished":"2025-03-31T06:14:45+00:00","breadcrumb":{"@id":"https:\/\/memurunsesi.net\/index.php\/2025\/03\/31\/trumptan-ucuncu-donem-sinyali-bunu-yapmanin-yollari-var-ve-saka-yapmiyorum\/#breadcrumb"},"inLanguage":"tr","potentialAction":[{"@type":"ReadAction","target":["https:\/\/memurunsesi.net\/index.php\/2025\/03\/31\/trumptan-ucuncu-donem-sinyali-bunu-yapmanin-yollari-var-ve-saka-yapmiyorum\/"]}]},{"@type":"ImageObject","inLanguage":"tr","@id":"https:\/\/memurunsesi.net\/index.php\/2025\/03\/31\/trumptan-ucuncu-donem-sinyali-bunu-yapmanin-yollari-var-ve-saka-yapmiyorum\/#primaryimage","url":"https:\/\/memurunsesi.net\/wp-content\/uploads\/2025\/03\/AW423676_01-scaled.jpg","contentUrl":"https:\/\/memurunsesi.net\/wp-content\/uploads\/2025\/03\/AW423676_01-scaled.jpg","width":2560,"height":1707,"caption":"epa11993419 US President Donald J. Trump speaks during the White House Iftar Dinner at the White House in Washington, DC, USA, 27 March 2025. EPA-EFE\/Chris Kleponis \/ POOL"},{"@type":"BreadcrumbList","@id":"https:\/\/memurunsesi.net\/index.php\/2025\/03\/31\/trumptan-ucuncu-donem-sinyali-bunu-yapmanin-yollari-var-ve-saka-yapmiyorum\/#breadcrumb","itemListElement":[{"@type":"ListItem","position":1,"name":"Anasayfa","item":"https:\/\/memurunsesi.net\/"},{"@type":"ListItem","position":2,"name":"Trump\u2019tan \u00fc\u00e7\u00fcnc\u00fc d\u00f6nem sinyali: &#8220;Bunu yapman\u0131n yollar\u0131 var ve \u015faka yapm\u0131yorum"}]},{"@type":"WebSite","@id":"https:\/\/memurunsesi.net\/#website","url":"https:\/\/memurunsesi.net\/","name":"Memurun Sesi","description":"G\u00fcncel ve Do\u011fru Haber","publisher":{"@id":"https:\/\/memurunsesi.net\/#organization"},"potentialAction":[{"@type":"SearchAction","target":{"@type":"EntryPoint","urlTemplate":"https:\/\/memurunsesi.net\/?s={search_term_string}"},"query-input":{"@type":"PropertyValueSpecification","valueRequired":true,"valueName":"search_term_string"}}],"inLanguage":"tr"},{"@type":"Organization","@id":"https:\/\/memurunsesi.net\/#organization","name":"Memurun Sesi","url":"https:\/\/memurunsesi.net\/","logo":{"@type":"ImageObject","inLanguage":"tr","@id":"https:\/\/memurunsesi.net\/#\/schema\/logo\/image\/","url":"https:\/\/memurunsesi.net\/wp-content\/uploads\/2025\/11\/cropped-MEMURUN-SESI.png","contentUrl":"https:\/\/memurunsesi.net\/wp-content\/uploads\/2025\/11\/cropped-MEMURUN-SESI.png","width":238,"height":57,"caption":"Memurun Sesi"},"image":{"@id":"https:\/\/memurunsesi.net\/#\/schema\/logo\/image\/"},"sameAs":["https:\/\/www.facebook.com\/unipersen\/?locale=tr_TR","https:\/\/x.com\/unipersen"]},{"@type":"Person","@id":"https:\/\/memurunsesi.net\/#\/schema\/person\/f21c2d73b89f6ee1d80b0a1803e38587","name":"Memurun Sesi Haber Merkezi","image":{"@type":"ImageObject","inLanguage":"tr","@id":"https:\/\/secure.gravatar.com\/avatar\/6cf0505f452ee753f485014986fab09a434671d2b919ee76fc541025c5876a70?s=96&d=mm&r=g","url":"https:\/\/secure.gravatar.com\/avatar\/6cf0505f452ee753f485014986fab09a434671d2b919ee76fc541025c5876a70?s=96&d=mm&r=g","contentUrl":"https:\/\/secure.gravatar.com\/avatar\/6cf0505f452ee753f485014986fab09a434671d2b919ee76fc541025c5876a70?s=96&d=mm&r=g","caption":"Memurun Sesi Haber Merkezi"},"sameAs":["https:\/\/memurunsesi.net"],"url":"https:\/\/memurunsesi.net\/index.php\/author\/uniper\/"}]}},"_links":{"self":[{"href":"https:\/\/memurunsesi.net\/index.php\/wp-json\/wp\/v2\/posts\/4604","targetHints":{"allow":["GET"]}}],"collection":[{"href":"https:\/\/memurunsesi.net\/index.php\/wp-json\/wp\/v2\/posts"}],"about":[{"href":"https:\/\/memurunsesi.net\/index.php\/wp-json\/wp\/v2\/types\/post"}],"author":[{"embeddable":true,"href":"https:\/\/memurunsesi.net\/index.php\/wp-json\/wp\/v2\/users\/1"}],"replies":[{"embeddable":true,"href":"https:\/\/memurunsesi.net\/index.php\/wp-json\/wp\/v2\/comments?post=4604"}],"version-history":[{"count":1,"href":"https:\/\/memurunsesi.net\/index.php\/wp-json\/wp\/v2\/posts\/4604\/revisions"}],"predecessor-version":[{"id":4606,"href":"https:\/\/memurunsesi.net\/index.php\/wp-json\/wp\/v2\/posts\/4604\/revisions\/4606"}],"wp:featuredmedia":[{"embeddable":true,"href":"https:\/\/memurunsesi.net\/index.php\/wp-json\/wp\/v2\/media\/4605"}],"wp:attachment":[{"href":"https:\/\/memurunsesi.net\/index.php\/wp-json\/wp\/v2\/media?parent=4604"}],"wp:term":[{"taxonomy":"category","embeddable":true,"href":"https:\/\/memurunsesi.net\/index.php\/wp-json\/wp\/v2\/categories?post=4604"},{"taxonomy":"post_tag","embeddable":true,"href":"https:\/\/memurunsesi.net\/index.php\/wp-json\/wp\/v2\/tags?post=4604"}],"curies":[{"name":"wp","href":"https:\/\/api.w.org\/{rel}","templated":true}]}}