{"id":4640,"date":"2025-04-01T09:26:01","date_gmt":"2025-04-01T06:26:01","guid":{"rendered":"https:\/\/memurunsesi.net\/?p=4640"},"modified":"2025-04-01T09:26:01","modified_gmt":"2025-04-01T06:26:01","slug":"maski-is-sagligi-ve-guvenligi-icin-toplandi","status":"publish","type":"post","link":"https:\/\/memurunsesi.net\/index.php\/2025\/04\/01\/maski-is-sagligi-ve-guvenligi-icin-toplandi\/","title":{"rendered":"MASK\u0130, \u0130\u015f sa\u011fl\u0131\u011f\u0131 ve g\u00fcvenli\u011fi i\u00e7in topland\u0131"},"content":{"rendered":"<p>Manisa Su ve Kanalizasyon \u0130daresi (MASK\u0130) Genel M\u00fcd\u00fcrl\u00fc\u011f\u00fc Destek Hizmetleri Dairesi Ba\u015fkanl\u0131\u011f\u0131 taraf\u0131ndan \u0130\u015f Sa\u011fl\u0131\u011f\u0131 ve G\u00fcvenli\u011fi Kurulu toplant\u0131s\u0131 ger\u00e7ekle\u015ftirildi.<br \/>\nMASK\u0130 Genel M\u00fcd\u00fcr Yard\u0131mc\u0131s\u0131 B\u00fclent \u00c7amur, &#8220;Yapt\u0131\u011f\u0131m\u0131z \u00e7al\u0131\u015fmalar\u0131n bir\u00e7o\u011fu sahada ve riskli i\u015f grubunda yer al\u0131yor. \u00c7al\u0131\u015fma arkada\u015flar\u0131m\u0131z\u0131n can sa\u011fl\u0131\u011f\u0131 da her \u015feyden \u00f6nemli. Bu y\u00fczden i\u015f sa\u011fl\u0131\u011f\u0131 ve g\u00fcvenli\u011fine \u00e7ok \u00f6nem veriyoruz&#8221; dedi.<br \/>\nMASK\u0130 Genel M\u00fcd\u00fcrl\u00fc\u011f\u00fc Destek Hizmetleri Dairesi Ba\u015fkanl\u0131\u011f\u0131 \u0130\u015f Sa\u011fl\u0131\u011f\u0131 ve G\u00fcvenli\u011fi \u015eube M\u00fcd\u00fcrl\u00fc\u011f\u00fc\u2019n\u00fcn toplant\u0131lar\u0131 devam ediyor. \u0130\u015f Sa\u011fl\u0131\u011f\u0131 ve G\u00fcvenli\u011fi Kurulu toplant\u0131s\u0131na, MASK\u0130 Genel M\u00fcd\u00fcr Yard\u0131mc\u0131s\u0131 B\u00fclent \u00c7amur, \u0130nsan Kaynaklar\u0131 ve E\u011fitim Dairesi Ba\u015fkan\u0131 Hayri Okkal\u0131, At\u0131ksu Ar\u0131tma Dairesi Ba\u015fkan\u0131 Onur Artan, \u0130\u015f Sa\u011fl\u0131\u011f\u0131 ve G\u00fcvenli\u011fi Uzman\u0131 Ruhan Bayraktar, i\u015f g\u00fcvenli\u011fi uzmanlar\u0131 ve i\u015f yeri hekimleri kat\u0131ld\u0131. Toplant\u0131da, \u0130\u015f Sa\u011fl\u0131\u011f\u0131 ve G\u00fcvenli\u011fi Uzman\u0131 Ruhan Bayraktar taraf\u0131ndan, yap\u0131lan d\u00fczenlemeler ile ilgili bir sunum da ger\u00e7ekle\u015ftirildi.<\/p>\n<p>&#8220;Daha sa\u011fl\u0131kl\u0131 ve g\u00fcvenli i\u015f ortam\u0131 sa\u011flamak i\u00e7in \u00e7al\u0131\u015f\u0131yoruz&#8221;<br \/>\n17 il\u00e7edeki hizmet binalar\u0131nda ve saha \u00e7al\u0131\u015fmas\u0131 yap\u0131lan ekiplerin daha sa\u011fl\u0131kl\u0131 ve daha g\u00fcvenli \u00e7al\u0131\u015fma ortamlar\u0131n\u0131n olu\u015fmas\u0131 i\u00e7in al\u0131nmas\u0131 gereken \u00f6nlemler ve \u0130\u015f Sa\u011fl\u0131\u011f\u0131 ve G\u00fcvenli\u011fi \u015eube M\u00fcd\u00fcrl\u00fc\u011f\u00fc taraf\u0131ndan yap\u0131lan \u00e7e\u015fitli iyile\u015ftirmeler g\u00f6r\u00fc\u015f\u00fcld\u00fc. Genel M\u00fcd\u00fcr Yard\u0131mc\u0131s\u0131 B\u00fclent \u00c7amur, toplant\u0131 sonras\u0131nda yapt\u0131\u011f\u0131 a\u00e7\u0131klamada, &#8220;\u0130\u015f sa\u011fl\u0131\u011f\u0131 ve g\u00fcvenli\u011fine \u00e7ok \u00f6nem veriyoruz. Uzmanlar\u0131m\u0131z s\u00fcrekli olarak 17 il\u00e7emizde g\u00f6rev yapan personelimiz ile dirsek temas\u0131 halinde ve gerekli \u00f6nlemlerin al\u0131nmas\u0131 i\u00e7in \u00e7al\u0131\u015f\u0131yor &#8221; dedi.<br \/>\n\u00c7amur a\u00e7\u0131klamas\u0131n\u0131n devam\u0131nda ise &#8220;Manisa Celal Bayar \u00dcniversitesi S\u00fcrekli E\u011fitim Uygulama ve Ara\u015ft\u0131rma Merkezi ile yapt\u0131\u011f\u0131m\u0131z protokole g\u00f6re \u00e7al\u0131\u015fanlar\u0131m\u0131za y\u00f6nelik akademisyenlerden de e\u011fitimler al\u0131yoruz. Kanalizasyon Daire Ba\u015fkanl\u0131\u011f\u0131m\u0131za ba\u011fl\u0131 olarak \u00e7al\u0131\u015fan kombine kanal a\u00e7ma arac\u0131, vidanj\u00f6r gibi ara\u00e7 kullanan personelimize y\u00f6nelik Kanal A\u00e7ma \u0130\u015f Ekipmanlar\u0131 Operat\u00f6rl\u00fc\u011f\u00fc E\u011fitimi vererek, su ve kanalizasyon idareleri aras\u0131nda bir ilke imza att\u0131k. Personelimize y\u00f6nelik Bilin\u00e7li Fark\u0131ndal\u0131k konulu e\u011fitimler de d\u00fczenledik. T\u00fcrkiye\u2019de kamu kurum ve kurulu\u015flar\u0131 ile belediye ve ba\u011fl\u0131 kurulu\u015flar\u0131nda \u00e7al\u0131\u015fan personellere y\u00f6nelik bir ilk olan bu e\u011fitimi t\u00fcm personelimize ula\u015ft\u0131raca\u011f\u0131z&#8221; ifadelerini kulland\u0131.<\/p>\n<p>31.03.2025<\/p>\n","protected":false},"excerpt":{"rendered":"<p>Manisa Su ve Kanalizasyon \u0130daresi (MASK\u0130) Genel M\u00fcd\u00fcrl\u00fc\u011f\u00fc Destek Hizmetleri Dairesi Ba\u015fkanl\u0131\u011f\u0131 taraf\u0131ndan \u0130\u015f Sa\u011fl\u0131\u011f\u0131 ve G\u00fcvenli\u011fi Kurulu toplant\u0131s\u0131 ger\u00e7ekle\u015ftirildi. MASK\u0130 Genel M\u00fcd\u00fcr Yard\u0131mc\u0131s\u0131 B\u00fclent \u00c7amur, &#8220;Yapt\u0131\u011f\u0131m\u0131z \u00e7al\u0131\u015fmalar\u0131n bir\u00e7o\u011fu sahada ve riskli i\u015f grubunda yer al\u0131yor. \u00c7al\u0131\u015fma arkada\u015flar\u0131m\u0131z\u0131n can sa\u011fl\u0131\u011f\u0131 da her \u015feyden \u00f6nemli. Bu y\u00fczden i\u015f sa\u011fl\u0131\u011f\u0131 ve g\u00fcvenli\u011fine \u00e7ok \u00f6nem veriyoruz&#8221; dedi. MASK\u0130 [&hellip;]<\/p>\n","protected":false},"author":1,"featured_media":4641,"comment_status":"open","ping_status":"open","sticky":false,"template":"","format":"standard","meta":{"footnotes":""},"categories":[50],"tags":[],"class_list":["post-4640","post","type-post","status-publish","format-standard","has-post-thumbnail","hentry","category-tum-haberler"],"yoast_head":"<!-- This site is optimized with the Yoast SEO plugin v27.4 - https:\/\/yoast.com\/product\/yoast-seo-wordpress\/ -->\n<title>MASK\u0130, \u0130\u015f sa\u011fl\u0131\u011f\u0131 ve g\u00fcvenli\u011fi i\u00e7in topland\u0131 - Memurun Sesi<\/title>\n<meta name=\"robots\" content=\"index, follow, max-snippet:-1, max-image-preview:large, max-video-preview:-1\" \/>\n<link rel=\"canonical\" href=\"https:\/\/memurunsesi.net\/index.php\/2025\/04\/01\/maski-is-sagligi-ve-guvenligi-icin-toplandi\/\" \/>\n<meta property=\"og:locale\" content=\"tr_TR\" \/>\n<meta property=\"og:type\" content=\"article\" \/>\n<meta property=\"og:title\" content=\"MASK\u0130, \u0130\u015f sa\u011fl\u0131\u011f\u0131 ve g\u00fcvenli\u011fi i\u00e7in topland\u0131 - Memurun Sesi\" \/>\n<meta property=\"og:description\" content=\"Manisa Su ve Kanalizasyon \u0130daresi (MASK\u0130) Genel M\u00fcd\u00fcrl\u00fc\u011f\u00fc Destek Hizmetleri Dairesi Ba\u015fkanl\u0131\u011f\u0131 taraf\u0131ndan \u0130\u015f Sa\u011fl\u0131\u011f\u0131 ve G\u00fcvenli\u011fi Kurulu toplant\u0131s\u0131 ger\u00e7ekle\u015ftirildi. MASK\u0130 Genel M\u00fcd\u00fcr Yard\u0131mc\u0131s\u0131 B\u00fclent \u00c7amur, &#8220;Yapt\u0131\u011f\u0131m\u0131z \u00e7al\u0131\u015fmalar\u0131n bir\u00e7o\u011fu sahada ve riskli i\u015f grubunda yer al\u0131yor. \u00c7al\u0131\u015fma arkada\u015flar\u0131m\u0131z\u0131n can sa\u011fl\u0131\u011f\u0131 da her \u015feyden \u00f6nemli. Bu y\u00fczden i\u015f sa\u011fl\u0131\u011f\u0131 ve g\u00fcvenli\u011fine \u00e7ok \u00f6nem veriyoruz&#8221; dedi. MASK\u0130 [&hellip;]\" \/>\n<meta property=\"og:url\" content=\"https:\/\/memurunsesi.net\/index.php\/2025\/04\/01\/maski-is-sagligi-ve-guvenligi-icin-toplandi\/\" \/>\n<meta property=\"og:site_name\" content=\"Memurun Sesi\" \/>\n<meta property=\"article:publisher\" content=\"https:\/\/www.facebook.com\/unipersen\/?locale=tr_TR\" \/>\n<meta property=\"article:published_time\" content=\"2025-04-01T06:26:01+00:00\" \/>\n<meta property=\"og:image\" content=\"https:\/\/memurunsesi.net\/wp-content\/uploads\/2025\/04\/AW423864_03.jpg\" \/>\n\t<meta property=\"og:image:width\" content=\"2560\" \/>\n\t<meta property=\"og:image:height\" content=\"1706\" \/>\n\t<meta property=\"og:image:type\" content=\"image\/jpeg\" \/>\n<meta name=\"author\" content=\"Memurun Sesi Haber Merkezi\" \/>\n<meta name=\"twitter:card\" content=\"summary_large_image\" \/>\n<meta name=\"twitter:creator\" content=\"@unipersen\" \/>\n<meta name=\"twitter:site\" content=\"@unipersen\" \/>\n<meta name=\"twitter:label1\" content=\"Yazan:\" \/>\n\t<meta name=\"twitter:data1\" content=\"Memurun Sesi Haber Merkezi\" \/>\n\t<meta name=\"twitter:label2\" content=\"Tahmini okuma s\u00fcresi\" \/>\n\t<meta name=\"twitter:data2\" content=\"2 dakika\" \/>\n<script type=\"application\/ld+json\" class=\"yoast-schema-graph\">{\"@context\":\"https:\\\/\\\/schema.org\",\"@graph\":[{\"@type\":\"Article\",\"@id\":\"https:\\\/\\\/memurunsesi.net\\\/index.php\\\/2025\\\/04\\\/01\\\/maski-is-sagligi-ve-guvenligi-icin-toplandi\\\/#article\",\"isPartOf\":{\"@id\":\"https:\\\/\\\/memurunsesi.net\\\/index.php\\\/2025\\\/04\\\/01\\\/maski-is-sagligi-ve-guvenligi-icin-toplandi\\\/\"},\"author\":{\"name\":\"Memurun Sesi Haber Merkezi\",\"@id\":\"https:\\\/\\\/memurunsesi.net\\\/#\\\/schema\\\/person\\\/f21c2d73b89f6ee1d80b0a1803e38587\"},\"headline\":\"MASK\u0130, \u0130\u015f sa\u011fl\u0131\u011f\u0131 ve g\u00fcvenli\u011fi i\u00e7in topland\u0131\",\"datePublished\":\"2025-04-01T06:26:01+00:00\",\"mainEntityOfPage\":{\"@id\":\"https:\\\/\\\/memurunsesi.net\\\/index.php\\\/2025\\\/04\\\/01\\\/maski-is-sagligi-ve-guvenligi-icin-toplandi\\\/\"},\"wordCount\":462,\"commentCount\":0,\"publisher\":{\"@id\":\"https:\\\/\\\/memurunsesi.net\\\/#organization\"},\"image\":{\"@id\":\"https:\\\/\\\/memurunsesi.net\\\/index.php\\\/2025\\\/04\\\/01\\\/maski-is-sagligi-ve-guvenligi-icin-toplandi\\\/#primaryimage\"},\"thumbnailUrl\":\"https:\\\/\\\/memurunsesi.net\\\/wp-content\\\/uploads\\\/2025\\\/04\\\/AW423864_03.jpg\",\"articleSection\":[\"T\u00fcm Haberler\"],\"inLanguage\":\"tr\",\"potentialAction\":[{\"@type\":\"CommentAction\",\"name\":\"Comment\",\"target\":[\"https:\\\/\\\/memurunsesi.net\\\/index.php\\\/2025\\\/04\\\/01\\\/maski-is-sagligi-ve-guvenligi-icin-toplandi\\\/#respond\"]}]},{\"@type\":\"WebPage\",\"@id\":\"https:\\\/\\\/memurunsesi.net\\\/index.php\\\/2025\\\/04\\\/01\\\/maski-is-sagligi-ve-guvenligi-icin-toplandi\\\/\",\"url\":\"https:\\\/\\\/memurunsesi.net\\\/index.php\\\/2025\\\/04\\\/01\\\/maski-is-sagligi-ve-guvenligi-icin-toplandi\\\/\",\"name\":\"MASK\u0130, \u0130\u015f sa\u011fl\u0131\u011f\u0131 ve g\u00fcvenli\u011fi i\u00e7in topland\u0131 - Memurun Sesi\",\"isPartOf\":{\"@id\":\"https:\\\/\\\/memurunsesi.net\\\/#website\"},\"primaryImageOfPage\":{\"@id\":\"https:\\\/\\\/memurunsesi.net\\\/index.php\\\/2025\\\/04\\\/01\\\/maski-is-sagligi-ve-guvenligi-icin-toplandi\\\/#primaryimage\"},\"image\":{\"@id\":\"https:\\\/\\\/memurunsesi.net\\\/index.php\\\/2025\\\/04\\\/01\\\/maski-is-sagligi-ve-guvenligi-icin-toplandi\\\/#primaryimage\"},\"thumbnailUrl\":\"https:\\\/\\\/memurunsesi.net\\\/wp-content\\\/uploads\\\/2025\\\/04\\\/AW423864_03.jpg\",\"datePublished\":\"2025-04-01T06:26:01+00:00\",\"breadcrumb\":{\"@id\":\"https:\\\/\\\/memurunsesi.net\\\/index.php\\\/2025\\\/04\\\/01\\\/maski-is-sagligi-ve-guvenligi-icin-toplandi\\\/#breadcrumb\"},\"inLanguage\":\"tr\",\"potentialAction\":[{\"@type\":\"ReadAction\",\"target\":[\"https:\\\/\\\/memurunsesi.net\\\/index.php\\\/2025\\\/04\\\/01\\\/maski-is-sagligi-ve-guvenligi-icin-toplandi\\\/\"]}]},{\"@type\":\"ImageObject\",\"inLanguage\":\"tr\",\"@id\":\"https:\\\/\\\/memurunsesi.net\\\/index.php\\\/2025\\\/04\\\/01\\\/maski-is-sagligi-ve-guvenligi-icin-toplandi\\\/#primaryimage\",\"url\":\"https:\\\/\\\/memurunsesi.net\\\/wp-content\\\/uploads\\\/2025\\\/04\\\/AW423864_03.jpg\",\"contentUrl\":\"https:\\\/\\\/memurunsesi.net\\\/wp-content\\\/uploads\\\/2025\\\/04\\\/AW423864_03.jpg\",\"width\":2560,\"height\":1706,\"caption\":\"MAN\u0130SA SU VE KANAL\u0130ZASYON \u0130DARES\u0130 (MASK\u0130) GENEL M\u00dcD\u00dcRL\u00dc\u011e\u00dc DESTEK H\u0130ZMETLER\u0130 DA\u0130RES\u0130 BA\u015eKANLI\u011eI TARAFINDAN \u0130\u015e SA\u011eLI\u011eI VE G\u00dcVENL\u0130\u011e\u0130 KURULU TOPLANTISI GER\u00c7EKLE\u015eT\u0130R\u0130LD\u0130. (\u0130HA\\\/MAN\u0130SA-\u0130HA) Manisa Su ve Kanalizasyon \u0130daresi (MASK\u0130) Genel M\u00fcd\u00fcrl\u00fc\u011f\u00fc Destek Hizmetleri Dairesi Ba\u015fkanl\u0131\u011f\u0131 taraf\u0131ndan \u0130\u015f Sa\u011fl\u0131\u011f\u0131 ve G\u00fcvenli\u011fi Kurulu toplant\u0131s\u0131 ger\u00e7ekle\u015ftirildi.\"},{\"@type\":\"BreadcrumbList\",\"@id\":\"https:\\\/\\\/memurunsesi.net\\\/index.php\\\/2025\\\/04\\\/01\\\/maski-is-sagligi-ve-guvenligi-icin-toplandi\\\/#breadcrumb\",\"itemListElement\":[{\"@type\":\"ListItem\",\"position\":1,\"name\":\"Anasayfa\",\"item\":\"https:\\\/\\\/memurunsesi.net\\\/\"},{\"@type\":\"ListItem\",\"position\":2,\"name\":\"MASK\u0130, \u0130\u015f sa\u011fl\u0131\u011f\u0131 ve g\u00fcvenli\u011fi i\u00e7in topland\u0131\"}]},{\"@type\":\"WebSite\",\"@id\":\"https:\\\/\\\/memurunsesi.net\\\/#website\",\"url\":\"https:\\\/\\\/memurunsesi.net\\\/\",\"name\":\"Memurun Sesi\",\"description\":\"G\u00fcncel ve Do\u011fru Haber\",\"publisher\":{\"@id\":\"https:\\\/\\\/memurunsesi.net\\\/#organization\"},\"potentialAction\":[{\"@type\":\"SearchAction\",\"target\":{\"@type\":\"EntryPoint\",\"urlTemplate\":\"https:\\\/\\\/memurunsesi.net\\\/?s={search_term_string}\"},\"query-input\":{\"@type\":\"PropertyValueSpecification\",\"valueRequired\":true,\"valueName\":\"search_term_string\"}}],\"inLanguage\":\"tr\"},{\"@type\":\"Organization\",\"@id\":\"https:\\\/\\\/memurunsesi.net\\\/#organization\",\"name\":\"Memurun Sesi\",\"url\":\"https:\\\/\\\/memurunsesi.net\\\/\",\"logo\":{\"@type\":\"ImageObject\",\"inLanguage\":\"tr\",\"@id\":\"https:\\\/\\\/memurunsesi.net\\\/#\\\/schema\\\/logo\\\/image\\\/\",\"url\":\"https:\\\/\\\/memurunsesi.net\\\/wp-content\\\/uploads\\\/2025\\\/11\\\/cropped-MEMURUN-SESI.png\",\"contentUrl\":\"https:\\\/\\\/memurunsesi.net\\\/wp-content\\\/uploads\\\/2025\\\/11\\\/cropped-MEMURUN-SESI.png\",\"width\":238,\"height\":57,\"caption\":\"Memurun Sesi\"},\"image\":{\"@id\":\"https:\\\/\\\/memurunsesi.net\\\/#\\\/schema\\\/logo\\\/image\\\/\"},\"sameAs\":[\"https:\\\/\\\/www.facebook.com\\\/unipersen\\\/?locale=tr_TR\",\"https:\\\/\\\/x.com\\\/unipersen\"]},{\"@type\":\"Person\",\"@id\":\"https:\\\/\\\/memurunsesi.net\\\/#\\\/schema\\\/person\\\/f21c2d73b89f6ee1d80b0a1803e38587\",\"name\":\"Memurun Sesi Haber Merkezi\",\"image\":{\"@type\":\"ImageObject\",\"inLanguage\":\"tr\",\"@id\":\"https:\\\/\\\/secure.gravatar.com\\\/avatar\\\/6cf0505f452ee753f485014986fab09a434671d2b919ee76fc541025c5876a70?s=96&d=mm&r=g\",\"url\":\"https:\\\/\\\/secure.gravatar.com\\\/avatar\\\/6cf0505f452ee753f485014986fab09a434671d2b919ee76fc541025c5876a70?s=96&d=mm&r=g\",\"contentUrl\":\"https:\\\/\\\/secure.gravatar.com\\\/avatar\\\/6cf0505f452ee753f485014986fab09a434671d2b919ee76fc541025c5876a70?s=96&d=mm&r=g\",\"caption\":\"Memurun Sesi Haber Merkezi\"},\"sameAs\":[\"https:\\\/\\\/memurunsesi.net\"],\"url\":\"https:\\\/\\\/memurunsesi.net\\\/index.php\\\/author\\\/uniper\\\/\"}]}<\/script>\n<!-- \/ Yoast SEO plugin. -->","yoast_head_json":{"title":"MASK\u0130, \u0130\u015f sa\u011fl\u0131\u011f\u0131 ve g\u00fcvenli\u011fi i\u00e7in topland\u0131 - Memurun Sesi","robots":{"index":"index","follow":"follow","max-snippet":"max-snippet:-1","max-image-preview":"max-image-preview:large","max-video-preview":"max-video-preview:-1"},"canonical":"https:\/\/memurunsesi.net\/index.php\/2025\/04\/01\/maski-is-sagligi-ve-guvenligi-icin-toplandi\/","og_locale":"tr_TR","og_type":"article","og_title":"MASK\u0130, \u0130\u015f sa\u011fl\u0131\u011f\u0131 ve g\u00fcvenli\u011fi i\u00e7in topland\u0131 - Memurun Sesi","og_description":"Manisa Su ve Kanalizasyon \u0130daresi (MASK\u0130) Genel M\u00fcd\u00fcrl\u00fc\u011f\u00fc Destek Hizmetleri Dairesi Ba\u015fkanl\u0131\u011f\u0131 taraf\u0131ndan \u0130\u015f Sa\u011fl\u0131\u011f\u0131 ve G\u00fcvenli\u011fi Kurulu toplant\u0131s\u0131 ger\u00e7ekle\u015ftirildi. MASK\u0130 Genel M\u00fcd\u00fcr Yard\u0131mc\u0131s\u0131 B\u00fclent \u00c7amur, &#8220;Yapt\u0131\u011f\u0131m\u0131z \u00e7al\u0131\u015fmalar\u0131n bir\u00e7o\u011fu sahada ve riskli i\u015f grubunda yer al\u0131yor. \u00c7al\u0131\u015fma arkada\u015flar\u0131m\u0131z\u0131n can sa\u011fl\u0131\u011f\u0131 da her \u015feyden \u00f6nemli. Bu y\u00fczden i\u015f sa\u011fl\u0131\u011f\u0131 ve g\u00fcvenli\u011fine \u00e7ok \u00f6nem veriyoruz&#8221; dedi. MASK\u0130 [&hellip;]","og_url":"https:\/\/memurunsesi.net\/index.php\/2025\/04\/01\/maski-is-sagligi-ve-guvenligi-icin-toplandi\/","og_site_name":"Memurun Sesi","article_publisher":"https:\/\/www.facebook.com\/unipersen\/?locale=tr_TR","article_published_time":"2025-04-01T06:26:01+00:00","og_image":[{"width":2560,"height":1706,"url":"https:\/\/memurunsesi.net\/wp-content\/uploads\/2025\/04\/AW423864_03.jpg","type":"image\/jpeg"}],"author":"Memurun Sesi Haber Merkezi","twitter_card":"summary_large_image","twitter_creator":"@unipersen","twitter_site":"@unipersen","twitter_misc":{"Yazan:":"Memurun Sesi Haber Merkezi","Tahmini okuma s\u00fcresi":"2 dakika"},"schema":{"@context":"https:\/\/schema.org","@graph":[{"@type":"Article","@id":"https:\/\/memurunsesi.net\/index.php\/2025\/04\/01\/maski-is-sagligi-ve-guvenligi-icin-toplandi\/#article","isPartOf":{"@id":"https:\/\/memurunsesi.net\/index.php\/2025\/04\/01\/maski-is-sagligi-ve-guvenligi-icin-toplandi\/"},"author":{"name":"Memurun Sesi Haber Merkezi","@id":"https:\/\/memurunsesi.net\/#\/schema\/person\/f21c2d73b89f6ee1d80b0a1803e38587"},"headline":"MASK\u0130, \u0130\u015f sa\u011fl\u0131\u011f\u0131 ve g\u00fcvenli\u011fi i\u00e7in topland\u0131","datePublished":"2025-04-01T06:26:01+00:00","mainEntityOfPage":{"@id":"https:\/\/memurunsesi.net\/index.php\/2025\/04\/01\/maski-is-sagligi-ve-guvenligi-icin-toplandi\/"},"wordCount":462,"commentCount":0,"publisher":{"@id":"https:\/\/memurunsesi.net\/#organization"},"image":{"@id":"https:\/\/memurunsesi.net\/index.php\/2025\/04\/01\/maski-is-sagligi-ve-guvenligi-icin-toplandi\/#primaryimage"},"thumbnailUrl":"https:\/\/memurunsesi.net\/wp-content\/uploads\/2025\/04\/AW423864_03.jpg","articleSection":["T\u00fcm Haberler"],"inLanguage":"tr","potentialAction":[{"@type":"CommentAction","name":"Comment","target":["https:\/\/memurunsesi.net\/index.php\/2025\/04\/01\/maski-is-sagligi-ve-guvenligi-icin-toplandi\/#respond"]}]},{"@type":"WebPage","@id":"https:\/\/memurunsesi.net\/index.php\/2025\/04\/01\/maski-is-sagligi-ve-guvenligi-icin-toplandi\/","url":"https:\/\/memurunsesi.net\/index.php\/2025\/04\/01\/maski-is-sagligi-ve-guvenligi-icin-toplandi\/","name":"MASK\u0130, \u0130\u015f sa\u011fl\u0131\u011f\u0131 ve g\u00fcvenli\u011fi i\u00e7in topland\u0131 - Memurun Sesi","isPartOf":{"@id":"https:\/\/memurunsesi.net\/#website"},"primaryImageOfPage":{"@id":"https:\/\/memurunsesi.net\/index.php\/2025\/04\/01\/maski-is-sagligi-ve-guvenligi-icin-toplandi\/#primaryimage"},"image":{"@id":"https:\/\/memurunsesi.net\/index.php\/2025\/04\/01\/maski-is-sagligi-ve-guvenligi-icin-toplandi\/#primaryimage"},"thumbnailUrl":"https:\/\/memurunsesi.net\/wp-content\/uploads\/2025\/04\/AW423864_03.jpg","datePublished":"2025-04-01T06:26:01+00:00","breadcrumb":{"@id":"https:\/\/memurunsesi.net\/index.php\/2025\/04\/01\/maski-is-sagligi-ve-guvenligi-icin-toplandi\/#breadcrumb"},"inLanguage":"tr","potentialAction":[{"@type":"ReadAction","target":["https:\/\/memurunsesi.net\/index.php\/2025\/04\/01\/maski-is-sagligi-ve-guvenligi-icin-toplandi\/"]}]},{"@type":"ImageObject","inLanguage":"tr","@id":"https:\/\/memurunsesi.net\/index.php\/2025\/04\/01\/maski-is-sagligi-ve-guvenligi-icin-toplandi\/#primaryimage","url":"https:\/\/memurunsesi.net\/wp-content\/uploads\/2025\/04\/AW423864_03.jpg","contentUrl":"https:\/\/memurunsesi.net\/wp-content\/uploads\/2025\/04\/AW423864_03.jpg","width":2560,"height":1706,"caption":"MAN\u0130SA SU VE KANAL\u0130ZASYON \u0130DARES\u0130 (MASK\u0130) GENEL M\u00dcD\u00dcRL\u00dc\u011e\u00dc DESTEK H\u0130ZMETLER\u0130 DA\u0130RES\u0130 BA\u015eKANLI\u011eI TARAFINDAN \u0130\u015e SA\u011eLI\u011eI VE G\u00dcVENL\u0130\u011e\u0130 KURULU TOPLANTISI GER\u00c7EKLE\u015eT\u0130R\u0130LD\u0130. (\u0130HA\/MAN\u0130SA-\u0130HA) Manisa Su ve Kanalizasyon \u0130daresi (MASK\u0130) Genel M\u00fcd\u00fcrl\u00fc\u011f\u00fc Destek Hizmetleri Dairesi Ba\u015fkanl\u0131\u011f\u0131 taraf\u0131ndan \u0130\u015f Sa\u011fl\u0131\u011f\u0131 ve G\u00fcvenli\u011fi Kurulu toplant\u0131s\u0131 ger\u00e7ekle\u015ftirildi."},{"@type":"BreadcrumbList","@id":"https:\/\/memurunsesi.net\/index.php\/2025\/04\/01\/maski-is-sagligi-ve-guvenligi-icin-toplandi\/#breadcrumb","itemListElement":[{"@type":"ListItem","position":1,"name":"Anasayfa","item":"https:\/\/memurunsesi.net\/"},{"@type":"ListItem","position":2,"name":"MASK\u0130, \u0130\u015f sa\u011fl\u0131\u011f\u0131 ve g\u00fcvenli\u011fi i\u00e7in topland\u0131"}]},{"@type":"WebSite","@id":"https:\/\/memurunsesi.net\/#website","url":"https:\/\/memurunsesi.net\/","name":"Memurun Sesi","description":"G\u00fcncel ve Do\u011fru Haber","publisher":{"@id":"https:\/\/memurunsesi.net\/#organization"},"potentialAction":[{"@type":"SearchAction","target":{"@type":"EntryPoint","urlTemplate":"https:\/\/memurunsesi.net\/?s={search_term_string}"},"query-input":{"@type":"PropertyValueSpecification","valueRequired":true,"valueName":"search_term_string"}}],"inLanguage":"tr"},{"@type":"Organization","@id":"https:\/\/memurunsesi.net\/#organization","name":"Memurun Sesi","url":"https:\/\/memurunsesi.net\/","logo":{"@type":"ImageObject","inLanguage":"tr","@id":"https:\/\/memurunsesi.net\/#\/schema\/logo\/image\/","url":"https:\/\/memurunsesi.net\/wp-content\/uploads\/2025\/11\/cropped-MEMURUN-SESI.png","contentUrl":"https:\/\/memurunsesi.net\/wp-content\/uploads\/2025\/11\/cropped-MEMURUN-SESI.png","width":238,"height":57,"caption":"Memurun Sesi"},"image":{"@id":"https:\/\/memurunsesi.net\/#\/schema\/logo\/image\/"},"sameAs":["https:\/\/www.facebook.com\/unipersen\/?locale=tr_TR","https:\/\/x.com\/unipersen"]},{"@type":"Person","@id":"https:\/\/memurunsesi.net\/#\/schema\/person\/f21c2d73b89f6ee1d80b0a1803e38587","name":"Memurun Sesi Haber Merkezi","image":{"@type":"ImageObject","inLanguage":"tr","@id":"https:\/\/secure.gravatar.com\/avatar\/6cf0505f452ee753f485014986fab09a434671d2b919ee76fc541025c5876a70?s=96&d=mm&r=g","url":"https:\/\/secure.gravatar.com\/avatar\/6cf0505f452ee753f485014986fab09a434671d2b919ee76fc541025c5876a70?s=96&d=mm&r=g","contentUrl":"https:\/\/secure.gravatar.com\/avatar\/6cf0505f452ee753f485014986fab09a434671d2b919ee76fc541025c5876a70?s=96&d=mm&r=g","caption":"Memurun Sesi Haber Merkezi"},"sameAs":["https:\/\/memurunsesi.net"],"url":"https:\/\/memurunsesi.net\/index.php\/author\/uniper\/"}]}},"_links":{"self":[{"href":"https:\/\/memurunsesi.net\/index.php\/wp-json\/wp\/v2\/posts\/4640","targetHints":{"allow":["GET"]}}],"collection":[{"href":"https:\/\/memurunsesi.net\/index.php\/wp-json\/wp\/v2\/posts"}],"about":[{"href":"https:\/\/memurunsesi.net\/index.php\/wp-json\/wp\/v2\/types\/post"}],"author":[{"embeddable":true,"href":"https:\/\/memurunsesi.net\/index.php\/wp-json\/wp\/v2\/users\/1"}],"replies":[{"embeddable":true,"href":"https:\/\/memurunsesi.net\/index.php\/wp-json\/wp\/v2\/comments?post=4640"}],"version-history":[{"count":1,"href":"https:\/\/memurunsesi.net\/index.php\/wp-json\/wp\/v2\/posts\/4640\/revisions"}],"predecessor-version":[{"id":4642,"href":"https:\/\/memurunsesi.net\/index.php\/wp-json\/wp\/v2\/posts\/4640\/revisions\/4642"}],"wp:featuredmedia":[{"embeddable":true,"href":"https:\/\/memurunsesi.net\/index.php\/wp-json\/wp\/v2\/media\/4641"}],"wp:attachment":[{"href":"https:\/\/memurunsesi.net\/index.php\/wp-json\/wp\/v2\/media?parent=4640"}],"wp:term":[{"taxonomy":"category","embeddable":true,"href":"https:\/\/memurunsesi.net\/index.php\/wp-json\/wp\/v2\/categories?post=4640"},{"taxonomy":"post_tag","embeddable":true,"href":"https:\/\/memurunsesi.net\/index.php\/wp-json\/wp\/v2\/tags?post=4640"}],"curies":[{"name":"wp","href":"https:\/\/api.w.org\/{rel}","templated":true}]}}