{"id":4646,"date":"2025-04-01T09:28:33","date_gmt":"2025-04-01T06:28:33","guid":{"rendered":"https:\/\/memurunsesi.net\/?p=4646"},"modified":"2025-04-01T09:28:33","modified_gmt":"2025-04-01T06:28:33","slug":"yurtta-hava-durumu-2","status":"publish","type":"post","link":"https:\/\/memurunsesi.net\/index.php\/2025\/04\/01\/yurtta-hava-durumu-2\/","title":{"rendered":"Yurtta hava durumu"},"content":{"rendered":"<p>Meteoroloji Genel M\u00fcd\u00fcrl\u00fc\u011f\u00fcnden al\u0131nan tahminlere g\u00f6re, \u00fclkemiz genelinin par\u00e7al\u0131 ve \u00e7ok bulutlu, Do\u011fu Anadolu&#8217;nun do\u011fusu, Artvin ve Rize \u00e7evreleri haric aral\u0131kl\u0131 sa\u011fanak ve g\u00f6k g\u00fcr\u00fclt\u00fcl\u00fc sa\u011fanak ya\u011f\u0131\u015fl\u0131 ge\u00e7ece\u011fi tahmin ediliyor. Ya\u011f\u0131\u015flar\u0131n; Ege, Bat\u0131 Akdeniz, G\u00fcneydo\u011fu Anadolu&#8217;nun bat\u0131s\u0131 ile Eski\u015fehir\u2019in g\u00fcneyi, Bal\u0131kesir&#8217;in bat\u0131 il\u00e7eleri, Kahramanmara\u015f ve Elaz\u0131\u011f \u00e7evrelerinde yerel kuvvetli olmas\u0131 bekleniyor. R\u00fczgar\u0131n; Ege, Akdeniz ve \u0130\u00e7 Anadolu ve Do\u011fu Anadolu\u2019nun bat\u0131s\u0131nda g\u00fcneyli y\u00f6nlerden kuvvetli ve yer yer f\u0131rt\u0131na \u015feklinde (40-70 km\/saat) esmesi bekleniyor. Akdeniz ve G\u00fcneydo\u011fu Anadolu\u2019nun bat\u0131s\u0131nda yer yer toz ta\u015f\u0131n\u0131m\u0131 beklenmektedir.<\/p>\n<p>Hava s\u0131cakl\u0131\u011f\u0131: Hava s\u0131cakl\u0131klar\u0131n kuzey ve do\u011fu kesimlerde 3 ila 5 derece artaca\u011f\u0131, di\u011fer yerlerde \u00f6nemli bir de\u011fi\u015fiklik olmayaca\u011f\u0131 tahmin ediliyor.<\/p>\n<p>R\u00fczgar: Genellikle g\u00fcneyli y\u00f6nlerden hafif, ara s\u0131ra orta kuvvette, Do\u011fu Anadolu&#8217;nun bat\u0131s\u0131 ile Ege, Akdeniz ve \u0130\u00e7 Anadolu&#8217;da kuvvetli (40-60 km\/saat) esmesi bekleniyor.<\/p>\n<p>Baz\u0131 illerde beklenen hava durumuyla g\u00fcn\u00fcn en y\u00fcksek s\u0131cakl\u0131klar\u0131 ise \u015f\u00f6yle:<br \/>\nAnkara: Par\u00e7al\u0131 ve \u00e7ok bulutlu, aral\u0131kl\u0131 ve yerel sa\u011fanak ve g\u00f6k g\u00fcr\u00fclt\u00fcl\u00fc sa\u011fanak ya\u011f\u0131\u015fl\u0131 18<br \/>\n\u0130stanbul: Par\u00e7al\u0131 ve \u00e7ok bulutlu, aral\u0131kl\u0131 ve yerel sa\u011fanak ve g\u00f6k g\u00fcr\u00fclt\u00fcl\u00fc sa\u011fanak ya\u011f\u0131\u015fl\u0131 19<br \/>\n\u0130zmir: Par\u00e7al\u0131 ve \u00e7ok bulutlu, aral\u0131kl\u0131 ve yerel sa\u011fanak ve g\u00f6k g\u00fcr\u00fclt\u00fcl\u00fc sa\u011fanak ya\u011f\u0131\u015fl\u0131 ge\u00e7ece\u011fi tahmin ediliyor. Ya\u011f\u0131\u015flar\u0131n; g\u00fcney ve i\u00e7 kesimlerinde yerel kuvvetli olmas\u0131 bekleniyor. 21<br \/>\nAdana: Par\u00e7al\u0131 ve \u00e7ok bulutlu, \u00f6\u011fle saatlerinden itibaren aral\u0131kl\u0131 ve yerel sa\u011fanak ve g\u00f6k g\u00fcr\u00fclt\u00fcl\u00fc sa\u011fanak ya\u011f\u0131\u015fl\u0131 26<br \/>\nAntalya: Par\u00e7al\u0131 ve \u00e7ok bulutlu, aral\u0131kl\u0131 ve yerel sa\u011fanak ve g\u00f6k g\u00fcr\u00fclt\u00fcl\u00fc sa\u011fanak ya\u011f\u0131\u015fl\u0131 ge\u00e7ece\u011fi tahmin ediliyor. Ya\u011f\u0131\u015flar\u0131n; yerel kuvvetli olmas\u0131 bekleniyor. 18<br \/>\nSamsun: Par\u00e7al\u0131 ve \u00e7ok bulutlu, gece saatlerinden itibaren aral\u0131kl\u0131 ve yerel sa\u011fanak ve g\u00f6k g\u00fcr\u00fclt\u00fcl\u00fc sa\u011fanak ya\u011f\u0131\u015fl\u0131 20<br \/>\nTrabzon: Par\u00e7al\u0131 ve \u00e7ok bulutlu, gece saatlerinden itibaren aral\u0131kl\u0131 ve yerel sa\u011fanak ve g\u00f6k g\u00fcr\u00fclt\u00fcl\u00fc sa\u011fanak ya\u011f\u0131\u015fl\u0131 19<br \/>\nErzurum: Par\u00e7al\u0131 ve \u00e7ok bulutlu, gece saatlerinden itibaren aral\u0131kl\u0131 ve yerel sa\u011fanak ve g\u00f6k g\u00fcr\u00fclt\u00fcl\u00fc sa\u011fanak ya\u011f\u0131\u015fl\u0131 15<br \/>\nDiyarbak\u0131r: Par\u00e7al\u0131 ve \u00e7ok bulutlu, gece saatlerinden itibaren aral\u0131kl\u0131 ve yerel sa\u011fanak ve g\u00f6k g\u00fcr\u00fclt\u00fcl\u00fc sa\u011fanak ya\u011f\u0131\u015fl\u0131 21<\/p>\n<p>1.04.2025<\/p>\n","protected":false},"excerpt":{"rendered":"<p>Meteoroloji Genel M\u00fcd\u00fcrl\u00fc\u011f\u00fcnden al\u0131nan tahminlere g\u00f6re, \u00fclkemiz genelinin par\u00e7al\u0131 ve \u00e7ok bulutlu, Do\u011fu Anadolu&#8217;nun do\u011fusu, Artvin ve Rize \u00e7evreleri haric aral\u0131kl\u0131 sa\u011fanak ve g\u00f6k g\u00fcr\u00fclt\u00fcl\u00fc sa\u011fanak ya\u011f\u0131\u015fl\u0131 ge\u00e7ece\u011fi tahmin ediliyor. Ya\u011f\u0131\u015flar\u0131n; Ege, Bat\u0131 Akdeniz, G\u00fcneydo\u011fu Anadolu&#8217;nun bat\u0131s\u0131 ile Eski\u015fehir\u2019in g\u00fcneyi, Bal\u0131kesir&#8217;in bat\u0131 il\u00e7eleri, Kahramanmara\u015f ve Elaz\u0131\u011f \u00e7evrelerinde yerel kuvvetli olmas\u0131 bekleniyor. R\u00fczgar\u0131n; Ege, Akdeniz ve [&hellip;]<\/p>\n","protected":false},"author":1,"featured_media":0,"comment_status":"open","ping_status":"open","sticky":false,"template":"","format":"standard","meta":{"footnotes":""},"categories":[45],"tags":[],"class_list":["post-4646","post","type-post","status-publish","format-standard","hentry","category-gundem"],"yoast_head":"<!-- This site is optimized with the Yoast SEO plugin v27.4 - https:\/\/yoast.com\/product\/yoast-seo-wordpress\/ -->\n<title>Yurtta hava durumu - Memurun Sesi<\/title>\n<meta name=\"robots\" content=\"index, follow, max-snippet:-1, max-image-preview:large, max-video-preview:-1\" \/>\n<link rel=\"canonical\" href=\"https:\/\/memurunsesi.net\/index.php\/2025\/04\/01\/yurtta-hava-durumu-2\/\" \/>\n<meta property=\"og:locale\" content=\"tr_TR\" \/>\n<meta property=\"og:type\" content=\"article\" \/>\n<meta property=\"og:title\" content=\"Yurtta hava durumu - Memurun Sesi\" \/>\n<meta property=\"og:description\" content=\"Meteoroloji Genel M\u00fcd\u00fcrl\u00fc\u011f\u00fcnden al\u0131nan tahminlere g\u00f6re, \u00fclkemiz genelinin par\u00e7al\u0131 ve \u00e7ok bulutlu, Do\u011fu Anadolu&#8217;nun do\u011fusu, Artvin ve Rize \u00e7evreleri haric aral\u0131kl\u0131 sa\u011fanak ve g\u00f6k g\u00fcr\u00fclt\u00fcl\u00fc sa\u011fanak ya\u011f\u0131\u015fl\u0131 ge\u00e7ece\u011fi tahmin ediliyor. Ya\u011f\u0131\u015flar\u0131n; Ege, Bat\u0131 Akdeniz, G\u00fcneydo\u011fu Anadolu&#8217;nun bat\u0131s\u0131 ile Eski\u015fehir\u2019in g\u00fcneyi, Bal\u0131kesir&#8217;in bat\u0131 il\u00e7eleri, Kahramanmara\u015f ve Elaz\u0131\u011f \u00e7evrelerinde yerel kuvvetli olmas\u0131 bekleniyor. R\u00fczgar\u0131n; Ege, Akdeniz ve [&hellip;]\" \/>\n<meta property=\"og:url\" content=\"https:\/\/memurunsesi.net\/index.php\/2025\/04\/01\/yurtta-hava-durumu-2\/\" \/>\n<meta property=\"og:site_name\" content=\"Memurun Sesi\" \/>\n<meta property=\"article:publisher\" content=\"https:\/\/www.facebook.com\/unipersen\/?locale=tr_TR\" \/>\n<meta property=\"article:published_time\" content=\"2025-04-01T06:28:33+00:00\" \/>\n<meta name=\"author\" content=\"Memurun Sesi Haber Merkezi\" \/>\n<meta name=\"twitter:card\" content=\"summary_large_image\" \/>\n<meta name=\"twitter:creator\" content=\"@unipersen\" \/>\n<meta name=\"twitter:site\" content=\"@unipersen\" \/>\n<meta name=\"twitter:label1\" content=\"Yazan:\" \/>\n\t<meta name=\"twitter:data1\" content=\"Memurun Sesi Haber Merkezi\" \/>\n\t<meta name=\"twitter:label2\" content=\"Tahmini okuma s\u00fcresi\" \/>\n\t<meta name=\"twitter:data2\" content=\"2 dakika\" \/>\n<script type=\"application\/ld+json\" class=\"yoast-schema-graph\">{\"@context\":\"https:\\\/\\\/schema.org\",\"@graph\":[{\"@type\":\"Article\",\"@id\":\"https:\\\/\\\/memurunsesi.net\\\/index.php\\\/2025\\\/04\\\/01\\\/yurtta-hava-durumu-2\\\/#article\",\"isPartOf\":{\"@id\":\"https:\\\/\\\/memurunsesi.net\\\/index.php\\\/2025\\\/04\\\/01\\\/yurtta-hava-durumu-2\\\/\"},\"author\":{\"name\":\"Memurun Sesi Haber Merkezi\",\"@id\":\"https:\\\/\\\/memurunsesi.net\\\/#\\\/schema\\\/person\\\/f21c2d73b89f6ee1d80b0a1803e38587\"},\"headline\":\"Yurtta hava durumu\",\"datePublished\":\"2025-04-01T06:28:33+00:00\",\"mainEntityOfPage\":{\"@id\":\"https:\\\/\\\/memurunsesi.net\\\/index.php\\\/2025\\\/04\\\/01\\\/yurtta-hava-durumu-2\\\/\"},\"wordCount\":460,\"commentCount\":0,\"publisher\":{\"@id\":\"https:\\\/\\\/memurunsesi.net\\\/#organization\"},\"articleSection\":[\"G\u00fcndem\"],\"inLanguage\":\"tr\",\"potentialAction\":[{\"@type\":\"CommentAction\",\"name\":\"Comment\",\"target\":[\"https:\\\/\\\/memurunsesi.net\\\/index.php\\\/2025\\\/04\\\/01\\\/yurtta-hava-durumu-2\\\/#respond\"]}]},{\"@type\":\"WebPage\",\"@id\":\"https:\\\/\\\/memurunsesi.net\\\/index.php\\\/2025\\\/04\\\/01\\\/yurtta-hava-durumu-2\\\/\",\"url\":\"https:\\\/\\\/memurunsesi.net\\\/index.php\\\/2025\\\/04\\\/01\\\/yurtta-hava-durumu-2\\\/\",\"name\":\"Yurtta hava durumu - Memurun Sesi\",\"isPartOf\":{\"@id\":\"https:\\\/\\\/memurunsesi.net\\\/#website\"},\"datePublished\":\"2025-04-01T06:28:33+00:00\",\"breadcrumb\":{\"@id\":\"https:\\\/\\\/memurunsesi.net\\\/index.php\\\/2025\\\/04\\\/01\\\/yurtta-hava-durumu-2\\\/#breadcrumb\"},\"inLanguage\":\"tr\",\"potentialAction\":[{\"@type\":\"ReadAction\",\"target\":[\"https:\\\/\\\/memurunsesi.net\\\/index.php\\\/2025\\\/04\\\/01\\\/yurtta-hava-durumu-2\\\/\"]}]},{\"@type\":\"BreadcrumbList\",\"@id\":\"https:\\\/\\\/memurunsesi.net\\\/index.php\\\/2025\\\/04\\\/01\\\/yurtta-hava-durumu-2\\\/#breadcrumb\",\"itemListElement\":[{\"@type\":\"ListItem\",\"position\":1,\"name\":\"Anasayfa\",\"item\":\"https:\\\/\\\/memurunsesi.net\\\/\"},{\"@type\":\"ListItem\",\"position\":2,\"name\":\"Yurtta hava durumu\"}]},{\"@type\":\"WebSite\",\"@id\":\"https:\\\/\\\/memurunsesi.net\\\/#website\",\"url\":\"https:\\\/\\\/memurunsesi.net\\\/\",\"name\":\"Memurun Sesi\",\"description\":\"G\u00fcncel ve Do\u011fru Haber\",\"publisher\":{\"@id\":\"https:\\\/\\\/memurunsesi.net\\\/#organization\"},\"potentialAction\":[{\"@type\":\"SearchAction\",\"target\":{\"@type\":\"EntryPoint\",\"urlTemplate\":\"https:\\\/\\\/memurunsesi.net\\\/?s={search_term_string}\"},\"query-input\":{\"@type\":\"PropertyValueSpecification\",\"valueRequired\":true,\"valueName\":\"search_term_string\"}}],\"inLanguage\":\"tr\"},{\"@type\":\"Organization\",\"@id\":\"https:\\\/\\\/memurunsesi.net\\\/#organization\",\"name\":\"Memurun Sesi\",\"url\":\"https:\\\/\\\/memurunsesi.net\\\/\",\"logo\":{\"@type\":\"ImageObject\",\"inLanguage\":\"tr\",\"@id\":\"https:\\\/\\\/memurunsesi.net\\\/#\\\/schema\\\/logo\\\/image\\\/\",\"url\":\"https:\\\/\\\/memurunsesi.net\\\/wp-content\\\/uploads\\\/2025\\\/11\\\/cropped-MEMURUN-SESI.png\",\"contentUrl\":\"https:\\\/\\\/memurunsesi.net\\\/wp-content\\\/uploads\\\/2025\\\/11\\\/cropped-MEMURUN-SESI.png\",\"width\":238,\"height\":57,\"caption\":\"Memurun Sesi\"},\"image\":{\"@id\":\"https:\\\/\\\/memurunsesi.net\\\/#\\\/schema\\\/logo\\\/image\\\/\"},\"sameAs\":[\"https:\\\/\\\/www.facebook.com\\\/unipersen\\\/?locale=tr_TR\",\"https:\\\/\\\/x.com\\\/unipersen\"]},{\"@type\":\"Person\",\"@id\":\"https:\\\/\\\/memurunsesi.net\\\/#\\\/schema\\\/person\\\/f21c2d73b89f6ee1d80b0a1803e38587\",\"name\":\"Memurun Sesi Haber Merkezi\",\"image\":{\"@type\":\"ImageObject\",\"inLanguage\":\"tr\",\"@id\":\"https:\\\/\\\/secure.gravatar.com\\\/avatar\\\/6cf0505f452ee753f485014986fab09a434671d2b919ee76fc541025c5876a70?s=96&d=mm&r=g\",\"url\":\"https:\\\/\\\/secure.gravatar.com\\\/avatar\\\/6cf0505f452ee753f485014986fab09a434671d2b919ee76fc541025c5876a70?s=96&d=mm&r=g\",\"contentUrl\":\"https:\\\/\\\/secure.gravatar.com\\\/avatar\\\/6cf0505f452ee753f485014986fab09a434671d2b919ee76fc541025c5876a70?s=96&d=mm&r=g\",\"caption\":\"Memurun Sesi Haber Merkezi\"},\"sameAs\":[\"https:\\\/\\\/memurunsesi.net\"],\"url\":\"https:\\\/\\\/memurunsesi.net\\\/index.php\\\/author\\\/uniper\\\/\"}]}<\/script>\n<!-- \/ Yoast SEO plugin. -->","yoast_head_json":{"title":"Yurtta hava durumu - Memurun Sesi","robots":{"index":"index","follow":"follow","max-snippet":"max-snippet:-1","max-image-preview":"max-image-preview:large","max-video-preview":"max-video-preview:-1"},"canonical":"https:\/\/memurunsesi.net\/index.php\/2025\/04\/01\/yurtta-hava-durumu-2\/","og_locale":"tr_TR","og_type":"article","og_title":"Yurtta hava durumu - Memurun Sesi","og_description":"Meteoroloji Genel M\u00fcd\u00fcrl\u00fc\u011f\u00fcnden al\u0131nan tahminlere g\u00f6re, \u00fclkemiz genelinin par\u00e7al\u0131 ve \u00e7ok bulutlu, Do\u011fu Anadolu&#8217;nun do\u011fusu, Artvin ve Rize \u00e7evreleri haric aral\u0131kl\u0131 sa\u011fanak ve g\u00f6k g\u00fcr\u00fclt\u00fcl\u00fc sa\u011fanak ya\u011f\u0131\u015fl\u0131 ge\u00e7ece\u011fi tahmin ediliyor. Ya\u011f\u0131\u015flar\u0131n; Ege, Bat\u0131 Akdeniz, G\u00fcneydo\u011fu Anadolu&#8217;nun bat\u0131s\u0131 ile Eski\u015fehir\u2019in g\u00fcneyi, Bal\u0131kesir&#8217;in bat\u0131 il\u00e7eleri, Kahramanmara\u015f ve Elaz\u0131\u011f \u00e7evrelerinde yerel kuvvetli olmas\u0131 bekleniyor. R\u00fczgar\u0131n; Ege, Akdeniz ve [&hellip;]","og_url":"https:\/\/memurunsesi.net\/index.php\/2025\/04\/01\/yurtta-hava-durumu-2\/","og_site_name":"Memurun Sesi","article_publisher":"https:\/\/www.facebook.com\/unipersen\/?locale=tr_TR","article_published_time":"2025-04-01T06:28:33+00:00","author":"Memurun Sesi Haber Merkezi","twitter_card":"summary_large_image","twitter_creator":"@unipersen","twitter_site":"@unipersen","twitter_misc":{"Yazan:":"Memurun Sesi Haber Merkezi","Tahmini okuma s\u00fcresi":"2 dakika"},"schema":{"@context":"https:\/\/schema.org","@graph":[{"@type":"Article","@id":"https:\/\/memurunsesi.net\/index.php\/2025\/04\/01\/yurtta-hava-durumu-2\/#article","isPartOf":{"@id":"https:\/\/memurunsesi.net\/index.php\/2025\/04\/01\/yurtta-hava-durumu-2\/"},"author":{"name":"Memurun Sesi Haber Merkezi","@id":"https:\/\/memurunsesi.net\/#\/schema\/person\/f21c2d73b89f6ee1d80b0a1803e38587"},"headline":"Yurtta hava durumu","datePublished":"2025-04-01T06:28:33+00:00","mainEntityOfPage":{"@id":"https:\/\/memurunsesi.net\/index.php\/2025\/04\/01\/yurtta-hava-durumu-2\/"},"wordCount":460,"commentCount":0,"publisher":{"@id":"https:\/\/memurunsesi.net\/#organization"},"articleSection":["G\u00fcndem"],"inLanguage":"tr","potentialAction":[{"@type":"CommentAction","name":"Comment","target":["https:\/\/memurunsesi.net\/index.php\/2025\/04\/01\/yurtta-hava-durumu-2\/#respond"]}]},{"@type":"WebPage","@id":"https:\/\/memurunsesi.net\/index.php\/2025\/04\/01\/yurtta-hava-durumu-2\/","url":"https:\/\/memurunsesi.net\/index.php\/2025\/04\/01\/yurtta-hava-durumu-2\/","name":"Yurtta hava durumu - Memurun Sesi","isPartOf":{"@id":"https:\/\/memurunsesi.net\/#website"},"datePublished":"2025-04-01T06:28:33+00:00","breadcrumb":{"@id":"https:\/\/memurunsesi.net\/index.php\/2025\/04\/01\/yurtta-hava-durumu-2\/#breadcrumb"},"inLanguage":"tr","potentialAction":[{"@type":"ReadAction","target":["https:\/\/memurunsesi.net\/index.php\/2025\/04\/01\/yurtta-hava-durumu-2\/"]}]},{"@type":"BreadcrumbList","@id":"https:\/\/memurunsesi.net\/index.php\/2025\/04\/01\/yurtta-hava-durumu-2\/#breadcrumb","itemListElement":[{"@type":"ListItem","position":1,"name":"Anasayfa","item":"https:\/\/memurunsesi.net\/"},{"@type":"ListItem","position":2,"name":"Yurtta hava durumu"}]},{"@type":"WebSite","@id":"https:\/\/memurunsesi.net\/#website","url":"https:\/\/memurunsesi.net\/","name":"Memurun Sesi","description":"G\u00fcncel ve Do\u011fru Haber","publisher":{"@id":"https:\/\/memurunsesi.net\/#organization"},"potentialAction":[{"@type":"SearchAction","target":{"@type":"EntryPoint","urlTemplate":"https:\/\/memurunsesi.net\/?s={search_term_string}"},"query-input":{"@type":"PropertyValueSpecification","valueRequired":true,"valueName":"search_term_string"}}],"inLanguage":"tr"},{"@type":"Organization","@id":"https:\/\/memurunsesi.net\/#organization","name":"Memurun Sesi","url":"https:\/\/memurunsesi.net\/","logo":{"@type":"ImageObject","inLanguage":"tr","@id":"https:\/\/memurunsesi.net\/#\/schema\/logo\/image\/","url":"https:\/\/memurunsesi.net\/wp-content\/uploads\/2025\/11\/cropped-MEMURUN-SESI.png","contentUrl":"https:\/\/memurunsesi.net\/wp-content\/uploads\/2025\/11\/cropped-MEMURUN-SESI.png","width":238,"height":57,"caption":"Memurun Sesi"},"image":{"@id":"https:\/\/memurunsesi.net\/#\/schema\/logo\/image\/"},"sameAs":["https:\/\/www.facebook.com\/unipersen\/?locale=tr_TR","https:\/\/x.com\/unipersen"]},{"@type":"Person","@id":"https:\/\/memurunsesi.net\/#\/schema\/person\/f21c2d73b89f6ee1d80b0a1803e38587","name":"Memurun Sesi Haber Merkezi","image":{"@type":"ImageObject","inLanguage":"tr","@id":"https:\/\/secure.gravatar.com\/avatar\/6cf0505f452ee753f485014986fab09a434671d2b919ee76fc541025c5876a70?s=96&d=mm&r=g","url":"https:\/\/secure.gravatar.com\/avatar\/6cf0505f452ee753f485014986fab09a434671d2b919ee76fc541025c5876a70?s=96&d=mm&r=g","contentUrl":"https:\/\/secure.gravatar.com\/avatar\/6cf0505f452ee753f485014986fab09a434671d2b919ee76fc541025c5876a70?s=96&d=mm&r=g","caption":"Memurun Sesi Haber Merkezi"},"sameAs":["https:\/\/memurunsesi.net"],"url":"https:\/\/memurunsesi.net\/index.php\/author\/uniper\/"}]}},"_links":{"self":[{"href":"https:\/\/memurunsesi.net\/index.php\/wp-json\/wp\/v2\/posts\/4646","targetHints":{"allow":["GET"]}}],"collection":[{"href":"https:\/\/memurunsesi.net\/index.php\/wp-json\/wp\/v2\/posts"}],"about":[{"href":"https:\/\/memurunsesi.net\/index.php\/wp-json\/wp\/v2\/types\/post"}],"author":[{"embeddable":true,"href":"https:\/\/memurunsesi.net\/index.php\/wp-json\/wp\/v2\/users\/1"}],"replies":[{"embeddable":true,"href":"https:\/\/memurunsesi.net\/index.php\/wp-json\/wp\/v2\/comments?post=4646"}],"version-history":[{"count":1,"href":"https:\/\/memurunsesi.net\/index.php\/wp-json\/wp\/v2\/posts\/4646\/revisions"}],"predecessor-version":[{"id":4647,"href":"https:\/\/memurunsesi.net\/index.php\/wp-json\/wp\/v2\/posts\/4646\/revisions\/4647"}],"wp:attachment":[{"href":"https:\/\/memurunsesi.net\/index.php\/wp-json\/wp\/v2\/media?parent=4646"}],"wp:term":[{"taxonomy":"category","embeddable":true,"href":"https:\/\/memurunsesi.net\/index.php\/wp-json\/wp\/v2\/categories?post=4646"},{"taxonomy":"post_tag","embeddable":true,"href":"https:\/\/memurunsesi.net\/index.php\/wp-json\/wp\/v2\/tags?post=4646"}],"curies":[{"name":"wp","href":"https:\/\/api.w.org\/{rel}","templated":true}]}}