{"id":4655,"date":"2025-04-01T09:32:57","date_gmt":"2025-04-01T06:32:57","guid":{"rendered":"https:\/\/memurunsesi.net\/?p=4655"},"modified":"2025-04-01T09:32:57","modified_gmt":"2025-04-01T06:32:57","slug":"yemendeki-husiler-abdye-ait-insansiz-hava-aracini-dusurduklerini-acikladi","status":"publish","type":"post","link":"https:\/\/memurunsesi.net\/index.php\/2025\/04\/01\/yemendeki-husiler-abdye-ait-insansiz-hava-aracini-dusurduklerini-acikladi\/","title":{"rendered":"Yemen\u2019deki Husiler, ABD\u2019ye ait insans\u0131z hava arac\u0131n\u0131 d\u00fc\u015f\u00fcrd\u00fcklerini a\u00e7\u0131klad\u0131"},"content":{"rendered":"<p>Yemen&#8217;deki \u0130ran destekli Husiler, \u00fclkenin orta kesimlerindeki Marib b\u00f6lgesi \u00fczerinde seyreden ABD\u2019ye ait bir MQ-9 insans\u0131z hava arac\u0131n\u0131n d\u00fc\u015f\u00fcr\u00fcld\u00fc\u011f\u00fcn\u00fc a\u00e7\u0131klad\u0131.<br \/>\n15 Mart&#8217;tan bu yana ABD ordusunun sald\u0131r\u0131lar\u0131n\u0131n hedefi olan Yemen\u2019deki \u0130ran destekli Husilerden, Donald Trump y\u00f6netimini k\u0131zd\u0131racak bir hamle geldi. Husilerin askeri s\u00f6zc\u00fcs\u00fc Yahya Sare, ABD\u2019ye ait bir MQ-9 insans\u0131z hava arac\u0131n\u0131n d\u00fc\u015f\u00fcr\u00fcld\u00fc\u011f\u00fcn\u00fc a\u00e7\u0131klad\u0131. Husilere ait al-Masirah TV taraf\u0131ndan yay\u0131nlanan a\u00e7\u0131klamas\u0131nda &#8220;Hava savunmam\u0131z, Marib b\u00f6lgesi \u00fczerinde seyreden bir Amerikan MQ-9 insans\u0131z hava arac\u0131n\u0131 yerel olarak \u00fcretilen bir f\u00fczeyi kullanarak d\u00fc\u015f\u00fcrd\u00fc&#8221; diyen Sare, &#8220;Bu, Ekim 2023&#8217;ten bu yana hava savunmam\u0131z\u0131n ba\u015far\u0131yla d\u00fc\u015f\u00fcrd\u00fc\u011f\u00fc 16\u2019nc\u0131 ABD insans\u0131z hava arac\u0131d\u0131r&#8221; ifadelerini kulland\u0131. Sare, Gazze\u2019ye y\u00f6nelik ku\u015fatma ve sald\u0131r\u0131lar sona erinceye dek K\u0131z\u0131ldeniz ve Arap Denizleri&#8217;ndeki d\u00fc\u015fman gemilerini hedef almay\u0131 s\u00fcrd\u00fcreceklerini de s\u00f6zlerine ekledi.<\/p>\n<p>Trump Husileri ve \u0130ran\u2019\u0131 uyarm\u0131\u015ft\u0131<br \/>\nABD Ba\u015fkan\u0131 Donald Trump, g\u00fcn\u00fcn erken saatlerinde sosyal medya \u00fczerinden yapt\u0131\u011f\u0131 a\u00e7\u0131klamada &#8220;Husiler son 2 haftad\u0131r devam eden sald\u0131r\u0131lar sonucunda yok edildi. Sava\u015f\u00e7\u0131lar\u0131n\u0131n ve liderlerinin \u00e7o\u011fu art\u0131k bizimle de\u011fil. Onlar\u0131 her g\u00fcn ve her gece daha da sert bir \u015fekilde vuruyoruz&#8221; demi\u015fti. Husilerin deniz ta\u015f\u0131mac\u0131l\u0131\u011f\u0131n\u0131 ve b\u00f6lgeyi tehdit eden kabiliyetlerini h\u0131zla imha ettiklerini belirten Trump, &#8220;Sald\u0131r\u0131lar\u0131m\u0131z, Husiler seyr\u00fcsefer \u00f6zg\u00fcrl\u00fc\u011f\u00fc i\u00e7in bir tehdit olmaktan \u00e7\u0131kana kadar devam edecek. Husiler i\u00e7in se\u00e7im a\u00e7\u0131kt\u0131r: ABD gemilerine ate\u015f etmeyi b\u0131rak\u0131n, biz de size ate\u015f etmeyi b\u0131rakal\u0131m. Aksi takdirde daha yeni ba\u015flad\u0131k. Hem Husiler hem de \u0130ran&#8217;daki sponsorlar\u0131 i\u00e7in ger\u00e7ek ac\u0131 hen\u00fcz gelmedi&#8221; ifadelerini kullanm\u0131\u015ft\u0131.<br \/>\n1.04.2025<\/p>\n","protected":false},"excerpt":{"rendered":"<p>Yemen&#8217;deki \u0130ran destekli Husiler, \u00fclkenin orta kesimlerindeki Marib b\u00f6lgesi \u00fczerinde seyreden ABD\u2019ye ait bir MQ-9 insans\u0131z hava arac\u0131n\u0131n d\u00fc\u015f\u00fcr\u00fcld\u00fc\u011f\u00fcn\u00fc a\u00e7\u0131klad\u0131. 15 Mart&#8217;tan bu yana ABD ordusunun sald\u0131r\u0131lar\u0131n\u0131n hedefi olan Yemen\u2019deki \u0130ran destekli Husilerden, Donald Trump y\u00f6netimini k\u0131zd\u0131racak bir hamle geldi. Husilerin askeri s\u00f6zc\u00fcs\u00fc Yahya Sare, ABD\u2019ye ait bir MQ-9 insans\u0131z hava arac\u0131n\u0131n d\u00fc\u015f\u00fcr\u00fcld\u00fc\u011f\u00fcn\u00fc a\u00e7\u0131klad\u0131. Husilere [&hellip;]<\/p>\n","protected":false},"author":1,"featured_media":0,"comment_status":"open","ping_status":"open","sticky":false,"template":"","format":"standard","meta":{"footnotes":""},"categories":[50],"tags":[],"class_list":["post-4655","post","type-post","status-publish","format-standard","hentry","category-tum-haberler"],"yoast_head":"<!-- This site is optimized with the Yoast SEO plugin v27.4 - https:\/\/yoast.com\/product\/yoast-seo-wordpress\/ -->\n<title>Yemen\u2019deki Husiler, ABD\u2019ye ait insans\u0131z hava arac\u0131n\u0131 d\u00fc\u015f\u00fcrd\u00fcklerini a\u00e7\u0131klad\u0131 - Memurun Sesi<\/title>\n<meta name=\"robots\" content=\"index, follow, max-snippet:-1, max-image-preview:large, max-video-preview:-1\" \/>\n<link rel=\"canonical\" href=\"https:\/\/memurunsesi.net\/index.php\/2025\/04\/01\/yemendeki-husiler-abdye-ait-insansiz-hava-aracini-dusurduklerini-acikladi\/\" \/>\n<meta property=\"og:locale\" content=\"tr_TR\" \/>\n<meta property=\"og:type\" content=\"article\" \/>\n<meta property=\"og:title\" content=\"Yemen\u2019deki Husiler, ABD\u2019ye ait insans\u0131z hava arac\u0131n\u0131 d\u00fc\u015f\u00fcrd\u00fcklerini a\u00e7\u0131klad\u0131 - Memurun Sesi\" \/>\n<meta property=\"og:description\" content=\"Yemen&#8217;deki \u0130ran destekli Husiler, \u00fclkenin orta kesimlerindeki Marib b\u00f6lgesi \u00fczerinde seyreden ABD\u2019ye ait bir MQ-9 insans\u0131z hava arac\u0131n\u0131n d\u00fc\u015f\u00fcr\u00fcld\u00fc\u011f\u00fcn\u00fc a\u00e7\u0131klad\u0131. 15 Mart&#8217;tan bu yana ABD ordusunun sald\u0131r\u0131lar\u0131n\u0131n hedefi olan Yemen\u2019deki \u0130ran destekli Husilerden, Donald Trump y\u00f6netimini k\u0131zd\u0131racak bir hamle geldi. Husilerin askeri s\u00f6zc\u00fcs\u00fc Yahya Sare, ABD\u2019ye ait bir MQ-9 insans\u0131z hava arac\u0131n\u0131n d\u00fc\u015f\u00fcr\u00fcld\u00fc\u011f\u00fcn\u00fc a\u00e7\u0131klad\u0131. Husilere [&hellip;]\" \/>\n<meta property=\"og:url\" content=\"https:\/\/memurunsesi.net\/index.php\/2025\/04\/01\/yemendeki-husiler-abdye-ait-insansiz-hava-aracini-dusurduklerini-acikladi\/\" \/>\n<meta property=\"og:site_name\" content=\"Memurun Sesi\" \/>\n<meta property=\"article:publisher\" content=\"https:\/\/www.facebook.com\/unipersen\/?locale=tr_TR\" \/>\n<meta property=\"article:published_time\" content=\"2025-04-01T06:32:57+00:00\" \/>\n<meta name=\"author\" content=\"Memurun Sesi Haber Merkezi\" \/>\n<meta name=\"twitter:card\" content=\"summary_large_image\" \/>\n<meta name=\"twitter:creator\" content=\"@unipersen\" \/>\n<meta name=\"twitter:site\" content=\"@unipersen\" \/>\n<meta name=\"twitter:label1\" content=\"Yazan:\" \/>\n\t<meta name=\"twitter:data1\" content=\"Memurun Sesi Haber Merkezi\" \/>\n\t<meta name=\"twitter:label2\" content=\"Tahmini okuma s\u00fcresi\" \/>\n\t<meta name=\"twitter:data2\" content=\"2 dakika\" \/>\n<script type=\"application\/ld+json\" class=\"yoast-schema-graph\">{\"@context\":\"https:\\\/\\\/schema.org\",\"@graph\":[{\"@type\":\"Article\",\"@id\":\"https:\\\/\\\/memurunsesi.net\\\/index.php\\\/2025\\\/04\\\/01\\\/yemendeki-husiler-abdye-ait-insansiz-hava-aracini-dusurduklerini-acikladi\\\/#article\",\"isPartOf\":{\"@id\":\"https:\\\/\\\/memurunsesi.net\\\/index.php\\\/2025\\\/04\\\/01\\\/yemendeki-husiler-abdye-ait-insansiz-hava-aracini-dusurduklerini-acikladi\\\/\"},\"author\":{\"name\":\"Memurun Sesi Haber Merkezi\",\"@id\":\"https:\\\/\\\/memurunsesi.net\\\/#\\\/schema\\\/person\\\/f21c2d73b89f6ee1d80b0a1803e38587\"},\"headline\":\"Yemen\u2019deki Husiler, ABD\u2019ye ait insans\u0131z hava arac\u0131n\u0131 d\u00fc\u015f\u00fcrd\u00fcklerini a\u00e7\u0131klad\u0131\",\"datePublished\":\"2025-04-01T06:32:57+00:00\",\"mainEntityOfPage\":{\"@id\":\"https:\\\/\\\/memurunsesi.net\\\/index.php\\\/2025\\\/04\\\/01\\\/yemendeki-husiler-abdye-ait-insansiz-hava-aracini-dusurduklerini-acikladi\\\/\"},\"wordCount\":340,\"commentCount\":0,\"publisher\":{\"@id\":\"https:\\\/\\\/memurunsesi.net\\\/#organization\"},\"articleSection\":[\"T\u00fcm Haberler\"],\"inLanguage\":\"tr\",\"potentialAction\":[{\"@type\":\"CommentAction\",\"name\":\"Comment\",\"target\":[\"https:\\\/\\\/memurunsesi.net\\\/index.php\\\/2025\\\/04\\\/01\\\/yemendeki-husiler-abdye-ait-insansiz-hava-aracini-dusurduklerini-acikladi\\\/#respond\"]}]},{\"@type\":\"WebPage\",\"@id\":\"https:\\\/\\\/memurunsesi.net\\\/index.php\\\/2025\\\/04\\\/01\\\/yemendeki-husiler-abdye-ait-insansiz-hava-aracini-dusurduklerini-acikladi\\\/\",\"url\":\"https:\\\/\\\/memurunsesi.net\\\/index.php\\\/2025\\\/04\\\/01\\\/yemendeki-husiler-abdye-ait-insansiz-hava-aracini-dusurduklerini-acikladi\\\/\",\"name\":\"Yemen\u2019deki Husiler, ABD\u2019ye ait insans\u0131z hava arac\u0131n\u0131 d\u00fc\u015f\u00fcrd\u00fcklerini a\u00e7\u0131klad\u0131 - Memurun Sesi\",\"isPartOf\":{\"@id\":\"https:\\\/\\\/memurunsesi.net\\\/#website\"},\"datePublished\":\"2025-04-01T06:32:57+00:00\",\"breadcrumb\":{\"@id\":\"https:\\\/\\\/memurunsesi.net\\\/index.php\\\/2025\\\/04\\\/01\\\/yemendeki-husiler-abdye-ait-insansiz-hava-aracini-dusurduklerini-acikladi\\\/#breadcrumb\"},\"inLanguage\":\"tr\",\"potentialAction\":[{\"@type\":\"ReadAction\",\"target\":[\"https:\\\/\\\/memurunsesi.net\\\/index.php\\\/2025\\\/04\\\/01\\\/yemendeki-husiler-abdye-ait-insansiz-hava-aracini-dusurduklerini-acikladi\\\/\"]}]},{\"@type\":\"BreadcrumbList\",\"@id\":\"https:\\\/\\\/memurunsesi.net\\\/index.php\\\/2025\\\/04\\\/01\\\/yemendeki-husiler-abdye-ait-insansiz-hava-aracini-dusurduklerini-acikladi\\\/#breadcrumb\",\"itemListElement\":[{\"@type\":\"ListItem\",\"position\":1,\"name\":\"Anasayfa\",\"item\":\"https:\\\/\\\/memurunsesi.net\\\/\"},{\"@type\":\"ListItem\",\"position\":2,\"name\":\"Yemen\u2019deki Husiler, ABD\u2019ye ait insans\u0131z hava arac\u0131n\u0131 d\u00fc\u015f\u00fcrd\u00fcklerini a\u00e7\u0131klad\u0131\"}]},{\"@type\":\"WebSite\",\"@id\":\"https:\\\/\\\/memurunsesi.net\\\/#website\",\"url\":\"https:\\\/\\\/memurunsesi.net\\\/\",\"name\":\"Memurun Sesi\",\"description\":\"G\u00fcncel ve Do\u011fru Haber\",\"publisher\":{\"@id\":\"https:\\\/\\\/memurunsesi.net\\\/#organization\"},\"potentialAction\":[{\"@type\":\"SearchAction\",\"target\":{\"@type\":\"EntryPoint\",\"urlTemplate\":\"https:\\\/\\\/memurunsesi.net\\\/?s={search_term_string}\"},\"query-input\":{\"@type\":\"PropertyValueSpecification\",\"valueRequired\":true,\"valueName\":\"search_term_string\"}}],\"inLanguage\":\"tr\"},{\"@type\":\"Organization\",\"@id\":\"https:\\\/\\\/memurunsesi.net\\\/#organization\",\"name\":\"Memurun Sesi\",\"url\":\"https:\\\/\\\/memurunsesi.net\\\/\",\"logo\":{\"@type\":\"ImageObject\",\"inLanguage\":\"tr\",\"@id\":\"https:\\\/\\\/memurunsesi.net\\\/#\\\/schema\\\/logo\\\/image\\\/\",\"url\":\"https:\\\/\\\/memurunsesi.net\\\/wp-content\\\/uploads\\\/2025\\\/11\\\/cropped-MEMURUN-SESI.png\",\"contentUrl\":\"https:\\\/\\\/memurunsesi.net\\\/wp-content\\\/uploads\\\/2025\\\/11\\\/cropped-MEMURUN-SESI.png\",\"width\":238,\"height\":57,\"caption\":\"Memurun Sesi\"},\"image\":{\"@id\":\"https:\\\/\\\/memurunsesi.net\\\/#\\\/schema\\\/logo\\\/image\\\/\"},\"sameAs\":[\"https:\\\/\\\/www.facebook.com\\\/unipersen\\\/?locale=tr_TR\",\"https:\\\/\\\/x.com\\\/unipersen\"]},{\"@type\":\"Person\",\"@id\":\"https:\\\/\\\/memurunsesi.net\\\/#\\\/schema\\\/person\\\/f21c2d73b89f6ee1d80b0a1803e38587\",\"name\":\"Memurun Sesi Haber Merkezi\",\"image\":{\"@type\":\"ImageObject\",\"inLanguage\":\"tr\",\"@id\":\"https:\\\/\\\/secure.gravatar.com\\\/avatar\\\/6cf0505f452ee753f485014986fab09a434671d2b919ee76fc541025c5876a70?s=96&d=mm&r=g\",\"url\":\"https:\\\/\\\/secure.gravatar.com\\\/avatar\\\/6cf0505f452ee753f485014986fab09a434671d2b919ee76fc541025c5876a70?s=96&d=mm&r=g\",\"contentUrl\":\"https:\\\/\\\/secure.gravatar.com\\\/avatar\\\/6cf0505f452ee753f485014986fab09a434671d2b919ee76fc541025c5876a70?s=96&d=mm&r=g\",\"caption\":\"Memurun Sesi Haber Merkezi\"},\"sameAs\":[\"https:\\\/\\\/memurunsesi.net\"],\"url\":\"https:\\\/\\\/memurunsesi.net\\\/index.php\\\/author\\\/uniper\\\/\"}]}<\/script>\n<!-- \/ Yoast SEO plugin. -->","yoast_head_json":{"title":"Yemen\u2019deki Husiler, ABD\u2019ye ait insans\u0131z hava arac\u0131n\u0131 d\u00fc\u015f\u00fcrd\u00fcklerini a\u00e7\u0131klad\u0131 - Memurun Sesi","robots":{"index":"index","follow":"follow","max-snippet":"max-snippet:-1","max-image-preview":"max-image-preview:large","max-video-preview":"max-video-preview:-1"},"canonical":"https:\/\/memurunsesi.net\/index.php\/2025\/04\/01\/yemendeki-husiler-abdye-ait-insansiz-hava-aracini-dusurduklerini-acikladi\/","og_locale":"tr_TR","og_type":"article","og_title":"Yemen\u2019deki Husiler, ABD\u2019ye ait insans\u0131z hava arac\u0131n\u0131 d\u00fc\u015f\u00fcrd\u00fcklerini a\u00e7\u0131klad\u0131 - Memurun Sesi","og_description":"Yemen&#8217;deki \u0130ran destekli Husiler, \u00fclkenin orta kesimlerindeki Marib b\u00f6lgesi \u00fczerinde seyreden ABD\u2019ye ait bir MQ-9 insans\u0131z hava arac\u0131n\u0131n d\u00fc\u015f\u00fcr\u00fcld\u00fc\u011f\u00fcn\u00fc a\u00e7\u0131klad\u0131. 15 Mart&#8217;tan bu yana ABD ordusunun sald\u0131r\u0131lar\u0131n\u0131n hedefi olan Yemen\u2019deki \u0130ran destekli Husilerden, Donald Trump y\u00f6netimini k\u0131zd\u0131racak bir hamle geldi. Husilerin askeri s\u00f6zc\u00fcs\u00fc Yahya Sare, ABD\u2019ye ait bir MQ-9 insans\u0131z hava arac\u0131n\u0131n d\u00fc\u015f\u00fcr\u00fcld\u00fc\u011f\u00fcn\u00fc a\u00e7\u0131klad\u0131. Husilere [&hellip;]","og_url":"https:\/\/memurunsesi.net\/index.php\/2025\/04\/01\/yemendeki-husiler-abdye-ait-insansiz-hava-aracini-dusurduklerini-acikladi\/","og_site_name":"Memurun Sesi","article_publisher":"https:\/\/www.facebook.com\/unipersen\/?locale=tr_TR","article_published_time":"2025-04-01T06:32:57+00:00","author":"Memurun Sesi Haber Merkezi","twitter_card":"summary_large_image","twitter_creator":"@unipersen","twitter_site":"@unipersen","twitter_misc":{"Yazan:":"Memurun Sesi Haber Merkezi","Tahmini okuma s\u00fcresi":"2 dakika"},"schema":{"@context":"https:\/\/schema.org","@graph":[{"@type":"Article","@id":"https:\/\/memurunsesi.net\/index.php\/2025\/04\/01\/yemendeki-husiler-abdye-ait-insansiz-hava-aracini-dusurduklerini-acikladi\/#article","isPartOf":{"@id":"https:\/\/memurunsesi.net\/index.php\/2025\/04\/01\/yemendeki-husiler-abdye-ait-insansiz-hava-aracini-dusurduklerini-acikladi\/"},"author":{"name":"Memurun Sesi Haber Merkezi","@id":"https:\/\/memurunsesi.net\/#\/schema\/person\/f21c2d73b89f6ee1d80b0a1803e38587"},"headline":"Yemen\u2019deki Husiler, ABD\u2019ye ait insans\u0131z hava arac\u0131n\u0131 d\u00fc\u015f\u00fcrd\u00fcklerini a\u00e7\u0131klad\u0131","datePublished":"2025-04-01T06:32:57+00:00","mainEntityOfPage":{"@id":"https:\/\/memurunsesi.net\/index.php\/2025\/04\/01\/yemendeki-husiler-abdye-ait-insansiz-hava-aracini-dusurduklerini-acikladi\/"},"wordCount":340,"commentCount":0,"publisher":{"@id":"https:\/\/memurunsesi.net\/#organization"},"articleSection":["T\u00fcm Haberler"],"inLanguage":"tr","potentialAction":[{"@type":"CommentAction","name":"Comment","target":["https:\/\/memurunsesi.net\/index.php\/2025\/04\/01\/yemendeki-husiler-abdye-ait-insansiz-hava-aracini-dusurduklerini-acikladi\/#respond"]}]},{"@type":"WebPage","@id":"https:\/\/memurunsesi.net\/index.php\/2025\/04\/01\/yemendeki-husiler-abdye-ait-insansiz-hava-aracini-dusurduklerini-acikladi\/","url":"https:\/\/memurunsesi.net\/index.php\/2025\/04\/01\/yemendeki-husiler-abdye-ait-insansiz-hava-aracini-dusurduklerini-acikladi\/","name":"Yemen\u2019deki Husiler, ABD\u2019ye ait insans\u0131z hava arac\u0131n\u0131 d\u00fc\u015f\u00fcrd\u00fcklerini a\u00e7\u0131klad\u0131 - Memurun Sesi","isPartOf":{"@id":"https:\/\/memurunsesi.net\/#website"},"datePublished":"2025-04-01T06:32:57+00:00","breadcrumb":{"@id":"https:\/\/memurunsesi.net\/index.php\/2025\/04\/01\/yemendeki-husiler-abdye-ait-insansiz-hava-aracini-dusurduklerini-acikladi\/#breadcrumb"},"inLanguage":"tr","potentialAction":[{"@type":"ReadAction","target":["https:\/\/memurunsesi.net\/index.php\/2025\/04\/01\/yemendeki-husiler-abdye-ait-insansiz-hava-aracini-dusurduklerini-acikladi\/"]}]},{"@type":"BreadcrumbList","@id":"https:\/\/memurunsesi.net\/index.php\/2025\/04\/01\/yemendeki-husiler-abdye-ait-insansiz-hava-aracini-dusurduklerini-acikladi\/#breadcrumb","itemListElement":[{"@type":"ListItem","position":1,"name":"Anasayfa","item":"https:\/\/memurunsesi.net\/"},{"@type":"ListItem","position":2,"name":"Yemen\u2019deki Husiler, ABD\u2019ye ait insans\u0131z hava arac\u0131n\u0131 d\u00fc\u015f\u00fcrd\u00fcklerini a\u00e7\u0131klad\u0131"}]},{"@type":"WebSite","@id":"https:\/\/memurunsesi.net\/#website","url":"https:\/\/memurunsesi.net\/","name":"Memurun Sesi","description":"G\u00fcncel ve Do\u011fru Haber","publisher":{"@id":"https:\/\/memurunsesi.net\/#organization"},"potentialAction":[{"@type":"SearchAction","target":{"@type":"EntryPoint","urlTemplate":"https:\/\/memurunsesi.net\/?s={search_term_string}"},"query-input":{"@type":"PropertyValueSpecification","valueRequired":true,"valueName":"search_term_string"}}],"inLanguage":"tr"},{"@type":"Organization","@id":"https:\/\/memurunsesi.net\/#organization","name":"Memurun Sesi","url":"https:\/\/memurunsesi.net\/","logo":{"@type":"ImageObject","inLanguage":"tr","@id":"https:\/\/memurunsesi.net\/#\/schema\/logo\/image\/","url":"https:\/\/memurunsesi.net\/wp-content\/uploads\/2025\/11\/cropped-MEMURUN-SESI.png","contentUrl":"https:\/\/memurunsesi.net\/wp-content\/uploads\/2025\/11\/cropped-MEMURUN-SESI.png","width":238,"height":57,"caption":"Memurun Sesi"},"image":{"@id":"https:\/\/memurunsesi.net\/#\/schema\/logo\/image\/"},"sameAs":["https:\/\/www.facebook.com\/unipersen\/?locale=tr_TR","https:\/\/x.com\/unipersen"]},{"@type":"Person","@id":"https:\/\/memurunsesi.net\/#\/schema\/person\/f21c2d73b89f6ee1d80b0a1803e38587","name":"Memurun Sesi Haber Merkezi","image":{"@type":"ImageObject","inLanguage":"tr","@id":"https:\/\/secure.gravatar.com\/avatar\/6cf0505f452ee753f485014986fab09a434671d2b919ee76fc541025c5876a70?s=96&d=mm&r=g","url":"https:\/\/secure.gravatar.com\/avatar\/6cf0505f452ee753f485014986fab09a434671d2b919ee76fc541025c5876a70?s=96&d=mm&r=g","contentUrl":"https:\/\/secure.gravatar.com\/avatar\/6cf0505f452ee753f485014986fab09a434671d2b919ee76fc541025c5876a70?s=96&d=mm&r=g","caption":"Memurun Sesi Haber Merkezi"},"sameAs":["https:\/\/memurunsesi.net"],"url":"https:\/\/memurunsesi.net\/index.php\/author\/uniper\/"}]}},"_links":{"self":[{"href":"https:\/\/memurunsesi.net\/index.php\/wp-json\/wp\/v2\/posts\/4655","targetHints":{"allow":["GET"]}}],"collection":[{"href":"https:\/\/memurunsesi.net\/index.php\/wp-json\/wp\/v2\/posts"}],"about":[{"href":"https:\/\/memurunsesi.net\/index.php\/wp-json\/wp\/v2\/types\/post"}],"author":[{"embeddable":true,"href":"https:\/\/memurunsesi.net\/index.php\/wp-json\/wp\/v2\/users\/1"}],"replies":[{"embeddable":true,"href":"https:\/\/memurunsesi.net\/index.php\/wp-json\/wp\/v2\/comments?post=4655"}],"version-history":[{"count":1,"href":"https:\/\/memurunsesi.net\/index.php\/wp-json\/wp\/v2\/posts\/4655\/revisions"}],"predecessor-version":[{"id":4656,"href":"https:\/\/memurunsesi.net\/index.php\/wp-json\/wp\/v2\/posts\/4655\/revisions\/4656"}],"wp:attachment":[{"href":"https:\/\/memurunsesi.net\/index.php\/wp-json\/wp\/v2\/media?parent=4655"}],"wp:term":[{"taxonomy":"category","embeddable":true,"href":"https:\/\/memurunsesi.net\/index.php\/wp-json\/wp\/v2\/categories?post=4655"},{"taxonomy":"post_tag","embeddable":true,"href":"https:\/\/memurunsesi.net\/index.php\/wp-json\/wp\/v2\/tags?post=4655"}],"curies":[{"name":"wp","href":"https:\/\/api.w.org\/{rel}","templated":true}]}}