{"id":4672,"date":"2025-04-01T10:42:40","date_gmt":"2025-04-01T07:42:40","guid":{"rendered":"https:\/\/memurunsesi.net\/?p=4672"},"modified":"2025-04-01T10:42:40","modified_gmt":"2025-04-01T07:42:40","slug":"antalyada-ilk-imza-buyuksehir-belediye-baskani-muhittin-bocekten","status":"publish","type":"post","link":"https:\/\/memurunsesi.net\/index.php\/2025\/04\/01\/antalyada-ilk-imza-buyuksehir-belediye-baskani-muhittin-bocekten\/","title":{"rendered":"Antalya\u2019da ilk imza B\u00fcy\u00fck\u015fehir Belediye Ba\u015fkan\u0131 Muhittin B\u00f6cek\u2019ten"},"content":{"rendered":"<p>Cumhuriyet Halk Partisi (CHP) Cumhurba\u015fkan\u0131 aday\u0131 Ekrem \u0130mamo\u011flu&#8217;nun serbest b\u0131rak\u0131lmas\u0131 ve erken se\u00e7im \u00e7a\u011fr\u0131s\u0131yla &#8220;Aday\u0131m\u0131 yan\u0131mda, sand\u0131\u011f\u0131m\u0131 \u00f6n\u00fcmde istiyorum\u2019 slogan\u0131yla ba\u015flat\u0131lan imza kampanyas\u0131nda ilk imzay\u0131 Antalya B\u00fcy\u00fck\u015fehir Belediye Ba\u015fkan\u0131 Muhittin B\u00f6cek att\u0131.<br \/>\nAntalya B\u00fcy\u00fck\u015fehir Belediye Ba\u015fkan\u0131 Muhittin B\u00f6cek, CHP Antalya \u0130l Ba\u015fkan\u0131 Nail Kamac\u0131, milletvekilleri ve parti \u00f6rt\u00fcyle bir araya geldi. CHP \u0130l Ba\u015fkanl\u0131\u011f\u0131\u2019nda ger\u00e7ekle\u015ftirilen toplant\u0131 sonras\u0131nda Ba\u015fkan Muhittin B\u00f6cek, CHP Cumhurba\u015fkan\u0131 aday\u0131 Ekrem \u0130mamo\u011flu&#8217;nun serbest b\u0131rak\u0131lmas\u0131 ve erken se\u00e7im \u00e7a\u011fr\u0131s\u0131yla &#8220;Aday\u0131m\u0131 yan\u0131mda, sand\u0131\u011f\u0131m\u0131 \u00f6n\u00fcmde istiyorum&#8221; slogan\u0131yla ba\u015flat\u0131lan imza kampanyas\u0131na ilk imzay\u0131 att\u0131. Ba\u015fkan Muhittin B\u00f6cek, Antalya\u2019dan Cumhurba\u015fkan\u0131 Ekrem \u0130mamo\u011flu i\u00e7in g\u00fc\u00e7l\u00fc bir imza deste\u011finin olaca\u011f\u0131n\u0131 belirterek, &#8220;Hak, hukuk, adalet i\u00e7in Ekrem \u0130mamo\u011flu Ba\u015fkan\u0131m\u0131z i\u00e7in, Cumhurba\u015fkan\u0131 aday\u0131m\u0131z i\u00e7in ilk imzam\u0131z\u0131 il ba\u015fkanl\u0131\u011f\u0131m\u0131zda, il ba\u015fkan\u0131m\u0131z, milletvekillerimiz ve partililerimizin huzurunda atman\u0131n mutlulu\u011funu ya\u015f\u0131yorum. \u0130n\u015fallah ayd\u0131nl\u0131k g\u00fczel g\u00fcnleri hep birlikte g\u00f6rece\u011fiz. Hay\u0131rl\u0131 olsun&#8221; dedi.<\/p>\n<p>1.04.2025<\/p>\n","protected":false},"excerpt":{"rendered":"<p>Cumhuriyet Halk Partisi (CHP) Cumhurba\u015fkan\u0131 aday\u0131 Ekrem \u0130mamo\u011flu&#8217;nun serbest b\u0131rak\u0131lmas\u0131 ve erken se\u00e7im \u00e7a\u011fr\u0131s\u0131yla &#8220;Aday\u0131m\u0131 yan\u0131mda, sand\u0131\u011f\u0131m\u0131 \u00f6n\u00fcmde istiyorum\u2019 slogan\u0131yla ba\u015flat\u0131lan imza kampanyas\u0131nda ilk imzay\u0131 Antalya B\u00fcy\u00fck\u015fehir Belediye Ba\u015fkan\u0131 Muhittin B\u00f6cek att\u0131. Antalya B\u00fcy\u00fck\u015fehir Belediye Ba\u015fkan\u0131 Muhittin B\u00f6cek, CHP Antalya \u0130l Ba\u015fkan\u0131 Nail Kamac\u0131, milletvekilleri ve parti \u00f6rt\u00fcyle bir araya geldi. CHP \u0130l Ba\u015fkanl\u0131\u011f\u0131\u2019nda ger\u00e7ekle\u015ftirilen [&hellip;]<\/p>\n","protected":false},"author":1,"featured_media":4673,"comment_status":"open","ping_status":"open","sticky":false,"template":"","format":"standard","meta":{"footnotes":""},"categories":[45],"tags":[],"class_list":["post-4672","post","type-post","status-publish","format-standard","has-post-thumbnail","hentry","category-gundem"],"yoast_head":"<!-- This site is optimized with the Yoast SEO plugin v27.4 - https:\/\/yoast.com\/product\/yoast-seo-wordpress\/ -->\n<title>Antalya\u2019da ilk imza B\u00fcy\u00fck\u015fehir Belediye Ba\u015fkan\u0131 Muhittin B\u00f6cek\u2019ten - Memurun Sesi<\/title>\n<meta name=\"robots\" content=\"index, follow, max-snippet:-1, max-image-preview:large, max-video-preview:-1\" \/>\n<link rel=\"canonical\" href=\"https:\/\/memurunsesi.net\/index.php\/2025\/04\/01\/antalyada-ilk-imza-buyuksehir-belediye-baskani-muhittin-bocekten\/\" \/>\n<meta property=\"og:locale\" content=\"tr_TR\" \/>\n<meta property=\"og:type\" content=\"article\" \/>\n<meta property=\"og:title\" content=\"Antalya\u2019da ilk imza B\u00fcy\u00fck\u015fehir Belediye Ba\u015fkan\u0131 Muhittin B\u00f6cek\u2019ten - Memurun Sesi\" \/>\n<meta property=\"og:description\" content=\"Cumhuriyet Halk Partisi (CHP) Cumhurba\u015fkan\u0131 aday\u0131 Ekrem \u0130mamo\u011flu&#8217;nun serbest b\u0131rak\u0131lmas\u0131 ve erken se\u00e7im \u00e7a\u011fr\u0131s\u0131yla &#8220;Aday\u0131m\u0131 yan\u0131mda, sand\u0131\u011f\u0131m\u0131 \u00f6n\u00fcmde istiyorum\u2019 slogan\u0131yla ba\u015flat\u0131lan imza kampanyas\u0131nda ilk imzay\u0131 Antalya B\u00fcy\u00fck\u015fehir Belediye Ba\u015fkan\u0131 Muhittin B\u00f6cek att\u0131. Antalya B\u00fcy\u00fck\u015fehir Belediye Ba\u015fkan\u0131 Muhittin B\u00f6cek, CHP Antalya \u0130l Ba\u015fkan\u0131 Nail Kamac\u0131, milletvekilleri ve parti \u00f6rt\u00fcyle bir araya geldi. CHP \u0130l Ba\u015fkanl\u0131\u011f\u0131\u2019nda ger\u00e7ekle\u015ftirilen [&hellip;]\" \/>\n<meta property=\"og:url\" content=\"https:\/\/memurunsesi.net\/index.php\/2025\/04\/01\/antalyada-ilk-imza-buyuksehir-belediye-baskani-muhittin-bocekten\/\" \/>\n<meta property=\"og:site_name\" content=\"Memurun Sesi\" \/>\n<meta property=\"article:publisher\" content=\"https:\/\/www.facebook.com\/unipersen\/?locale=tr_TR\" \/>\n<meta property=\"article:published_time\" content=\"2025-04-01T07:42:40+00:00\" \/>\n<meta property=\"og:image\" content=\"https:\/\/memurunsesi.net\/wp-content\/uploads\/2025\/04\/AW424156_01-scaled.jpg\" \/>\n\t<meta property=\"og:image:width\" content=\"2560\" \/>\n\t<meta property=\"og:image:height\" content=\"1707\" \/>\n\t<meta property=\"og:image:type\" content=\"image\/jpeg\" \/>\n<meta name=\"author\" content=\"Memurun Sesi Haber Merkezi\" \/>\n<meta name=\"twitter:card\" content=\"summary_large_image\" \/>\n<meta name=\"twitter:creator\" content=\"@unipersen\" \/>\n<meta name=\"twitter:site\" content=\"@unipersen\" \/>\n<meta name=\"twitter:label1\" content=\"Yazan:\" \/>\n\t<meta name=\"twitter:data1\" content=\"Memurun Sesi Haber Merkezi\" \/>\n\t<meta name=\"twitter:label2\" content=\"Tahmini okuma s\u00fcresi\" \/>\n\t<meta name=\"twitter:data2\" content=\"1 dakika\" \/>\n<script type=\"application\/ld+json\" class=\"yoast-schema-graph\">{\"@context\":\"https:\\\/\\\/schema.org\",\"@graph\":[{\"@type\":\"Article\",\"@id\":\"https:\\\/\\\/memurunsesi.net\\\/index.php\\\/2025\\\/04\\\/01\\\/antalyada-ilk-imza-buyuksehir-belediye-baskani-muhittin-bocekten\\\/#article\",\"isPartOf\":{\"@id\":\"https:\\\/\\\/memurunsesi.net\\\/index.php\\\/2025\\\/04\\\/01\\\/antalyada-ilk-imza-buyuksehir-belediye-baskani-muhittin-bocekten\\\/\"},\"author\":{\"name\":\"Memurun Sesi Haber Merkezi\",\"@id\":\"https:\\\/\\\/memurunsesi.net\\\/#\\\/schema\\\/person\\\/f21c2d73b89f6ee1d80b0a1803e38587\"},\"headline\":\"Antalya\u2019da ilk imza B\u00fcy\u00fck\u015fehir Belediye Ba\u015fkan\u0131 Muhittin B\u00f6cek\u2019ten\",\"datePublished\":\"2025-04-01T07:42:40+00:00\",\"mainEntityOfPage\":{\"@id\":\"https:\\\/\\\/memurunsesi.net\\\/index.php\\\/2025\\\/04\\\/01\\\/antalyada-ilk-imza-buyuksehir-belediye-baskani-muhittin-bocekten\\\/\"},\"wordCount\":236,\"commentCount\":0,\"publisher\":{\"@id\":\"https:\\\/\\\/memurunsesi.net\\\/#organization\"},\"image\":{\"@id\":\"https:\\\/\\\/memurunsesi.net\\\/index.php\\\/2025\\\/04\\\/01\\\/antalyada-ilk-imza-buyuksehir-belediye-baskani-muhittin-bocekten\\\/#primaryimage\"},\"thumbnailUrl\":\"https:\\\/\\\/memurunsesi.net\\\/wp-content\\\/uploads\\\/2025\\\/04\\\/AW424156_01-scaled.jpg\",\"articleSection\":[\"G\u00fcndem\"],\"inLanguage\":\"tr\",\"potentialAction\":[{\"@type\":\"CommentAction\",\"name\":\"Comment\",\"target\":[\"https:\\\/\\\/memurunsesi.net\\\/index.php\\\/2025\\\/04\\\/01\\\/antalyada-ilk-imza-buyuksehir-belediye-baskani-muhittin-bocekten\\\/#respond\"]}]},{\"@type\":\"WebPage\",\"@id\":\"https:\\\/\\\/memurunsesi.net\\\/index.php\\\/2025\\\/04\\\/01\\\/antalyada-ilk-imza-buyuksehir-belediye-baskani-muhittin-bocekten\\\/\",\"url\":\"https:\\\/\\\/memurunsesi.net\\\/index.php\\\/2025\\\/04\\\/01\\\/antalyada-ilk-imza-buyuksehir-belediye-baskani-muhittin-bocekten\\\/\",\"name\":\"Antalya\u2019da ilk imza B\u00fcy\u00fck\u015fehir Belediye Ba\u015fkan\u0131 Muhittin B\u00f6cek\u2019ten - Memurun Sesi\",\"isPartOf\":{\"@id\":\"https:\\\/\\\/memurunsesi.net\\\/#website\"},\"primaryImageOfPage\":{\"@id\":\"https:\\\/\\\/memurunsesi.net\\\/index.php\\\/2025\\\/04\\\/01\\\/antalyada-ilk-imza-buyuksehir-belediye-baskani-muhittin-bocekten\\\/#primaryimage\"},\"image\":{\"@id\":\"https:\\\/\\\/memurunsesi.net\\\/index.php\\\/2025\\\/04\\\/01\\\/antalyada-ilk-imza-buyuksehir-belediye-baskani-muhittin-bocekten\\\/#primaryimage\"},\"thumbnailUrl\":\"https:\\\/\\\/memurunsesi.net\\\/wp-content\\\/uploads\\\/2025\\\/04\\\/AW424156_01-scaled.jpg\",\"datePublished\":\"2025-04-01T07:42:40+00:00\",\"breadcrumb\":{\"@id\":\"https:\\\/\\\/memurunsesi.net\\\/index.php\\\/2025\\\/04\\\/01\\\/antalyada-ilk-imza-buyuksehir-belediye-baskani-muhittin-bocekten\\\/#breadcrumb\"},\"inLanguage\":\"tr\",\"potentialAction\":[{\"@type\":\"ReadAction\",\"target\":[\"https:\\\/\\\/memurunsesi.net\\\/index.php\\\/2025\\\/04\\\/01\\\/antalyada-ilk-imza-buyuksehir-belediye-baskani-muhittin-bocekten\\\/\"]}]},{\"@type\":\"ImageObject\",\"inLanguage\":\"tr\",\"@id\":\"https:\\\/\\\/memurunsesi.net\\\/index.php\\\/2025\\\/04\\\/01\\\/antalyada-ilk-imza-buyuksehir-belediye-baskani-muhittin-bocekten\\\/#primaryimage\",\"url\":\"https:\\\/\\\/memurunsesi.net\\\/wp-content\\\/uploads\\\/2025\\\/04\\\/AW424156_01-scaled.jpg\",\"contentUrl\":\"https:\\\/\\\/memurunsesi.net\\\/wp-content\\\/uploads\\\/2025\\\/04\\\/AW424156_01-scaled.jpg\",\"width\":2560,\"height\":1707,\"caption\":\"CUMHUR\u0130YET HALK PART\u0130S\u0130 (CHP) CUMHURBA\u015eKANI ADAYI EKREM \u0130MAMO\u011eLU'NUN SERBEST BIRAKILMASI VE ERKEN SE\u00c7\u0130M \u00c7A\u011eRISIYLA \\\"ADAYIMI YANIMDA, SANDI\u011eIMI \u00d6N\u00dcMDE \u0130ST\u0130YORUM' SLOGANIYLA BA\u015eLATILAN \u0130MZA KAMPANYASINDA \u0130LK \u0130MZAYI ANTALYA B\u00dcY\u00dcK\u015eEH\u0130R BELED\u0130YE BA\u015eKANI MUH\u0130TT\u0130N B\u00d6CEK ATTI. (\u0130HA\\\/ANTALYA-\u0130HA) Cumhuriyet Halk Partisi (CHP) Cumhurba\u015fkan\u0131 aday\u0131 Ekrem \u0130mamo\u011flu'nun serbest b\u0131rak\u0131lmas\u0131 ve erken se\u00e7im \u00e7a\u011fr\u0131s\u0131yla \\\"Aday\u0131m\u0131 yan\u0131mda, sand\u0131\u011f\u0131m\u0131 \u00f6n\u00fcmde istiyorum' slogan\u0131yla ba\u015flat\u0131lan imza kampanyas\u0131nda ilk imzay\u0131 Antalya B\u00fcy\u00fck\u015fehir Belediye Ba\u015fkan\u0131 Muhittin B\u00f6cek att\u0131.\"},{\"@type\":\"BreadcrumbList\",\"@id\":\"https:\\\/\\\/memurunsesi.net\\\/index.php\\\/2025\\\/04\\\/01\\\/antalyada-ilk-imza-buyuksehir-belediye-baskani-muhittin-bocekten\\\/#breadcrumb\",\"itemListElement\":[{\"@type\":\"ListItem\",\"position\":1,\"name\":\"Anasayfa\",\"item\":\"https:\\\/\\\/memurunsesi.net\\\/\"},{\"@type\":\"ListItem\",\"position\":2,\"name\":\"Antalya\u2019da ilk imza B\u00fcy\u00fck\u015fehir Belediye Ba\u015fkan\u0131 Muhittin B\u00f6cek\u2019ten\"}]},{\"@type\":\"WebSite\",\"@id\":\"https:\\\/\\\/memurunsesi.net\\\/#website\",\"url\":\"https:\\\/\\\/memurunsesi.net\\\/\",\"name\":\"Memurun Sesi\",\"description\":\"G\u00fcncel ve Do\u011fru Haber\",\"publisher\":{\"@id\":\"https:\\\/\\\/memurunsesi.net\\\/#organization\"},\"potentialAction\":[{\"@type\":\"SearchAction\",\"target\":{\"@type\":\"EntryPoint\",\"urlTemplate\":\"https:\\\/\\\/memurunsesi.net\\\/?s={search_term_string}\"},\"query-input\":{\"@type\":\"PropertyValueSpecification\",\"valueRequired\":true,\"valueName\":\"search_term_string\"}}],\"inLanguage\":\"tr\"},{\"@type\":\"Organization\",\"@id\":\"https:\\\/\\\/memurunsesi.net\\\/#organization\",\"name\":\"Memurun Sesi\",\"url\":\"https:\\\/\\\/memurunsesi.net\\\/\",\"logo\":{\"@type\":\"ImageObject\",\"inLanguage\":\"tr\",\"@id\":\"https:\\\/\\\/memurunsesi.net\\\/#\\\/schema\\\/logo\\\/image\\\/\",\"url\":\"https:\\\/\\\/memurunsesi.net\\\/wp-content\\\/uploads\\\/2025\\\/11\\\/cropped-MEMURUN-SESI.png\",\"contentUrl\":\"https:\\\/\\\/memurunsesi.net\\\/wp-content\\\/uploads\\\/2025\\\/11\\\/cropped-MEMURUN-SESI.png\",\"width\":238,\"height\":57,\"caption\":\"Memurun Sesi\"},\"image\":{\"@id\":\"https:\\\/\\\/memurunsesi.net\\\/#\\\/schema\\\/logo\\\/image\\\/\"},\"sameAs\":[\"https:\\\/\\\/www.facebook.com\\\/unipersen\\\/?locale=tr_TR\",\"https:\\\/\\\/x.com\\\/unipersen\"]},{\"@type\":\"Person\",\"@id\":\"https:\\\/\\\/memurunsesi.net\\\/#\\\/schema\\\/person\\\/f21c2d73b89f6ee1d80b0a1803e38587\",\"name\":\"Memurun Sesi Haber Merkezi\",\"image\":{\"@type\":\"ImageObject\",\"inLanguage\":\"tr\",\"@id\":\"https:\\\/\\\/secure.gravatar.com\\\/avatar\\\/6cf0505f452ee753f485014986fab09a434671d2b919ee76fc541025c5876a70?s=96&d=mm&r=g\",\"url\":\"https:\\\/\\\/secure.gravatar.com\\\/avatar\\\/6cf0505f452ee753f485014986fab09a434671d2b919ee76fc541025c5876a70?s=96&d=mm&r=g\",\"contentUrl\":\"https:\\\/\\\/secure.gravatar.com\\\/avatar\\\/6cf0505f452ee753f485014986fab09a434671d2b919ee76fc541025c5876a70?s=96&d=mm&r=g\",\"caption\":\"Memurun Sesi Haber Merkezi\"},\"sameAs\":[\"https:\\\/\\\/memurunsesi.net\"],\"url\":\"https:\\\/\\\/memurunsesi.net\\\/index.php\\\/author\\\/uniper\\\/\"}]}<\/script>\n<!-- \/ Yoast SEO plugin. -->","yoast_head_json":{"title":"Antalya\u2019da ilk imza B\u00fcy\u00fck\u015fehir Belediye Ba\u015fkan\u0131 Muhittin B\u00f6cek\u2019ten - Memurun Sesi","robots":{"index":"index","follow":"follow","max-snippet":"max-snippet:-1","max-image-preview":"max-image-preview:large","max-video-preview":"max-video-preview:-1"},"canonical":"https:\/\/memurunsesi.net\/index.php\/2025\/04\/01\/antalyada-ilk-imza-buyuksehir-belediye-baskani-muhittin-bocekten\/","og_locale":"tr_TR","og_type":"article","og_title":"Antalya\u2019da ilk imza B\u00fcy\u00fck\u015fehir Belediye Ba\u015fkan\u0131 Muhittin B\u00f6cek\u2019ten - Memurun Sesi","og_description":"Cumhuriyet Halk Partisi (CHP) Cumhurba\u015fkan\u0131 aday\u0131 Ekrem \u0130mamo\u011flu&#8217;nun serbest b\u0131rak\u0131lmas\u0131 ve erken se\u00e7im \u00e7a\u011fr\u0131s\u0131yla &#8220;Aday\u0131m\u0131 yan\u0131mda, sand\u0131\u011f\u0131m\u0131 \u00f6n\u00fcmde istiyorum\u2019 slogan\u0131yla ba\u015flat\u0131lan imza kampanyas\u0131nda ilk imzay\u0131 Antalya B\u00fcy\u00fck\u015fehir Belediye Ba\u015fkan\u0131 Muhittin B\u00f6cek att\u0131. Antalya B\u00fcy\u00fck\u015fehir Belediye Ba\u015fkan\u0131 Muhittin B\u00f6cek, CHP Antalya \u0130l Ba\u015fkan\u0131 Nail Kamac\u0131, milletvekilleri ve parti \u00f6rt\u00fcyle bir araya geldi. CHP \u0130l Ba\u015fkanl\u0131\u011f\u0131\u2019nda ger\u00e7ekle\u015ftirilen [&hellip;]","og_url":"https:\/\/memurunsesi.net\/index.php\/2025\/04\/01\/antalyada-ilk-imza-buyuksehir-belediye-baskani-muhittin-bocekten\/","og_site_name":"Memurun Sesi","article_publisher":"https:\/\/www.facebook.com\/unipersen\/?locale=tr_TR","article_published_time":"2025-04-01T07:42:40+00:00","og_image":[{"width":2560,"height":1707,"url":"https:\/\/memurunsesi.net\/wp-content\/uploads\/2025\/04\/AW424156_01-scaled.jpg","type":"image\/jpeg"}],"author":"Memurun Sesi Haber Merkezi","twitter_card":"summary_large_image","twitter_creator":"@unipersen","twitter_site":"@unipersen","twitter_misc":{"Yazan:":"Memurun Sesi Haber Merkezi","Tahmini okuma s\u00fcresi":"1 dakika"},"schema":{"@context":"https:\/\/schema.org","@graph":[{"@type":"Article","@id":"https:\/\/memurunsesi.net\/index.php\/2025\/04\/01\/antalyada-ilk-imza-buyuksehir-belediye-baskani-muhittin-bocekten\/#article","isPartOf":{"@id":"https:\/\/memurunsesi.net\/index.php\/2025\/04\/01\/antalyada-ilk-imza-buyuksehir-belediye-baskani-muhittin-bocekten\/"},"author":{"name":"Memurun Sesi Haber Merkezi","@id":"https:\/\/memurunsesi.net\/#\/schema\/person\/f21c2d73b89f6ee1d80b0a1803e38587"},"headline":"Antalya\u2019da ilk imza B\u00fcy\u00fck\u015fehir Belediye Ba\u015fkan\u0131 Muhittin B\u00f6cek\u2019ten","datePublished":"2025-04-01T07:42:40+00:00","mainEntityOfPage":{"@id":"https:\/\/memurunsesi.net\/index.php\/2025\/04\/01\/antalyada-ilk-imza-buyuksehir-belediye-baskani-muhittin-bocekten\/"},"wordCount":236,"commentCount":0,"publisher":{"@id":"https:\/\/memurunsesi.net\/#organization"},"image":{"@id":"https:\/\/memurunsesi.net\/index.php\/2025\/04\/01\/antalyada-ilk-imza-buyuksehir-belediye-baskani-muhittin-bocekten\/#primaryimage"},"thumbnailUrl":"https:\/\/memurunsesi.net\/wp-content\/uploads\/2025\/04\/AW424156_01-scaled.jpg","articleSection":["G\u00fcndem"],"inLanguage":"tr","potentialAction":[{"@type":"CommentAction","name":"Comment","target":["https:\/\/memurunsesi.net\/index.php\/2025\/04\/01\/antalyada-ilk-imza-buyuksehir-belediye-baskani-muhittin-bocekten\/#respond"]}]},{"@type":"WebPage","@id":"https:\/\/memurunsesi.net\/index.php\/2025\/04\/01\/antalyada-ilk-imza-buyuksehir-belediye-baskani-muhittin-bocekten\/","url":"https:\/\/memurunsesi.net\/index.php\/2025\/04\/01\/antalyada-ilk-imza-buyuksehir-belediye-baskani-muhittin-bocekten\/","name":"Antalya\u2019da ilk imza B\u00fcy\u00fck\u015fehir Belediye Ba\u015fkan\u0131 Muhittin B\u00f6cek\u2019ten - Memurun Sesi","isPartOf":{"@id":"https:\/\/memurunsesi.net\/#website"},"primaryImageOfPage":{"@id":"https:\/\/memurunsesi.net\/index.php\/2025\/04\/01\/antalyada-ilk-imza-buyuksehir-belediye-baskani-muhittin-bocekten\/#primaryimage"},"image":{"@id":"https:\/\/memurunsesi.net\/index.php\/2025\/04\/01\/antalyada-ilk-imza-buyuksehir-belediye-baskani-muhittin-bocekten\/#primaryimage"},"thumbnailUrl":"https:\/\/memurunsesi.net\/wp-content\/uploads\/2025\/04\/AW424156_01-scaled.jpg","datePublished":"2025-04-01T07:42:40+00:00","breadcrumb":{"@id":"https:\/\/memurunsesi.net\/index.php\/2025\/04\/01\/antalyada-ilk-imza-buyuksehir-belediye-baskani-muhittin-bocekten\/#breadcrumb"},"inLanguage":"tr","potentialAction":[{"@type":"ReadAction","target":["https:\/\/memurunsesi.net\/index.php\/2025\/04\/01\/antalyada-ilk-imza-buyuksehir-belediye-baskani-muhittin-bocekten\/"]}]},{"@type":"ImageObject","inLanguage":"tr","@id":"https:\/\/memurunsesi.net\/index.php\/2025\/04\/01\/antalyada-ilk-imza-buyuksehir-belediye-baskani-muhittin-bocekten\/#primaryimage","url":"https:\/\/memurunsesi.net\/wp-content\/uploads\/2025\/04\/AW424156_01-scaled.jpg","contentUrl":"https:\/\/memurunsesi.net\/wp-content\/uploads\/2025\/04\/AW424156_01-scaled.jpg","width":2560,"height":1707,"caption":"CUMHUR\u0130YET HALK PART\u0130S\u0130 (CHP) CUMHURBA\u015eKANI ADAYI EKREM \u0130MAMO\u011eLU'NUN SERBEST BIRAKILMASI VE ERKEN SE\u00c7\u0130M \u00c7A\u011eRISIYLA \"ADAYIMI YANIMDA, SANDI\u011eIMI \u00d6N\u00dcMDE \u0130ST\u0130YORUM' SLOGANIYLA BA\u015eLATILAN \u0130MZA KAMPANYASINDA \u0130LK \u0130MZAYI ANTALYA B\u00dcY\u00dcK\u015eEH\u0130R BELED\u0130YE BA\u015eKANI MUH\u0130TT\u0130N B\u00d6CEK ATTI. (\u0130HA\/ANTALYA-\u0130HA) Cumhuriyet Halk Partisi (CHP) Cumhurba\u015fkan\u0131 aday\u0131 Ekrem \u0130mamo\u011flu'nun serbest b\u0131rak\u0131lmas\u0131 ve erken se\u00e7im \u00e7a\u011fr\u0131s\u0131yla \"Aday\u0131m\u0131 yan\u0131mda, sand\u0131\u011f\u0131m\u0131 \u00f6n\u00fcmde istiyorum' slogan\u0131yla ba\u015flat\u0131lan imza kampanyas\u0131nda ilk imzay\u0131 Antalya B\u00fcy\u00fck\u015fehir Belediye Ba\u015fkan\u0131 Muhittin B\u00f6cek att\u0131."},{"@type":"BreadcrumbList","@id":"https:\/\/memurunsesi.net\/index.php\/2025\/04\/01\/antalyada-ilk-imza-buyuksehir-belediye-baskani-muhittin-bocekten\/#breadcrumb","itemListElement":[{"@type":"ListItem","position":1,"name":"Anasayfa","item":"https:\/\/memurunsesi.net\/"},{"@type":"ListItem","position":2,"name":"Antalya\u2019da ilk imza B\u00fcy\u00fck\u015fehir Belediye Ba\u015fkan\u0131 Muhittin B\u00f6cek\u2019ten"}]},{"@type":"WebSite","@id":"https:\/\/memurunsesi.net\/#website","url":"https:\/\/memurunsesi.net\/","name":"Memurun Sesi","description":"G\u00fcncel ve Do\u011fru Haber","publisher":{"@id":"https:\/\/memurunsesi.net\/#organization"},"potentialAction":[{"@type":"SearchAction","target":{"@type":"EntryPoint","urlTemplate":"https:\/\/memurunsesi.net\/?s={search_term_string}"},"query-input":{"@type":"PropertyValueSpecification","valueRequired":true,"valueName":"search_term_string"}}],"inLanguage":"tr"},{"@type":"Organization","@id":"https:\/\/memurunsesi.net\/#organization","name":"Memurun Sesi","url":"https:\/\/memurunsesi.net\/","logo":{"@type":"ImageObject","inLanguage":"tr","@id":"https:\/\/memurunsesi.net\/#\/schema\/logo\/image\/","url":"https:\/\/memurunsesi.net\/wp-content\/uploads\/2025\/11\/cropped-MEMURUN-SESI.png","contentUrl":"https:\/\/memurunsesi.net\/wp-content\/uploads\/2025\/11\/cropped-MEMURUN-SESI.png","width":238,"height":57,"caption":"Memurun Sesi"},"image":{"@id":"https:\/\/memurunsesi.net\/#\/schema\/logo\/image\/"},"sameAs":["https:\/\/www.facebook.com\/unipersen\/?locale=tr_TR","https:\/\/x.com\/unipersen"]},{"@type":"Person","@id":"https:\/\/memurunsesi.net\/#\/schema\/person\/f21c2d73b89f6ee1d80b0a1803e38587","name":"Memurun Sesi Haber Merkezi","image":{"@type":"ImageObject","inLanguage":"tr","@id":"https:\/\/secure.gravatar.com\/avatar\/6cf0505f452ee753f485014986fab09a434671d2b919ee76fc541025c5876a70?s=96&d=mm&r=g","url":"https:\/\/secure.gravatar.com\/avatar\/6cf0505f452ee753f485014986fab09a434671d2b919ee76fc541025c5876a70?s=96&d=mm&r=g","contentUrl":"https:\/\/secure.gravatar.com\/avatar\/6cf0505f452ee753f485014986fab09a434671d2b919ee76fc541025c5876a70?s=96&d=mm&r=g","caption":"Memurun Sesi Haber Merkezi"},"sameAs":["https:\/\/memurunsesi.net"],"url":"https:\/\/memurunsesi.net\/index.php\/author\/uniper\/"}]}},"_links":{"self":[{"href":"https:\/\/memurunsesi.net\/index.php\/wp-json\/wp\/v2\/posts\/4672","targetHints":{"allow":["GET"]}}],"collection":[{"href":"https:\/\/memurunsesi.net\/index.php\/wp-json\/wp\/v2\/posts"}],"about":[{"href":"https:\/\/memurunsesi.net\/index.php\/wp-json\/wp\/v2\/types\/post"}],"author":[{"embeddable":true,"href":"https:\/\/memurunsesi.net\/index.php\/wp-json\/wp\/v2\/users\/1"}],"replies":[{"embeddable":true,"href":"https:\/\/memurunsesi.net\/index.php\/wp-json\/wp\/v2\/comments?post=4672"}],"version-history":[{"count":1,"href":"https:\/\/memurunsesi.net\/index.php\/wp-json\/wp\/v2\/posts\/4672\/revisions"}],"predecessor-version":[{"id":4674,"href":"https:\/\/memurunsesi.net\/index.php\/wp-json\/wp\/v2\/posts\/4672\/revisions\/4674"}],"wp:featuredmedia":[{"embeddable":true,"href":"https:\/\/memurunsesi.net\/index.php\/wp-json\/wp\/v2\/media\/4673"}],"wp:attachment":[{"href":"https:\/\/memurunsesi.net\/index.php\/wp-json\/wp\/v2\/media?parent=4672"}],"wp:term":[{"taxonomy":"category","embeddable":true,"href":"https:\/\/memurunsesi.net\/index.php\/wp-json\/wp\/v2\/categories?post=4672"},{"taxonomy":"post_tag","embeddable":true,"href":"https:\/\/memurunsesi.net\/index.php\/wp-json\/wp\/v2\/tags?post=4672"}],"curies":[{"name":"wp","href":"https:\/\/api.w.org\/{rel}","templated":true}]}}