{"id":4675,"date":"2025-04-02T08:19:37","date_gmt":"2025-04-02T05:19:37","guid":{"rendered":"https:\/\/memurunsesi.net\/?p=4675"},"modified":"2025-04-02T08:19:37","modified_gmt":"2025-04-02T05:19:37","slug":"elektrik-direginin-tepesindeki-yuva-leylek-ailesine-22-yildir-ev-sahipligi-yapiyor","status":"publish","type":"post","link":"https:\/\/memurunsesi.net\/index.php\/2025\/04\/02\/elektrik-direginin-tepesindeki-yuva-leylek-ailesine-22-yildir-ev-sahipligi-yapiyor\/","title":{"rendered":"Elektrik dire\u011finin tepesindeki yuva, leylek ailesine 22 y\u0131ld\u0131r ev sahipli\u011fi yap\u0131yor"},"content":{"rendered":"<p>Bahar\u0131n m\u00fcjdecisi kabul edilen leylekler, yuvalar\u0131na d\u00f6n\u00fc\u015fleriyle k\u00f6y ahalisini yeniden sevindirdi. Erzincan&#8217;\u0131n Mertekli k\u00f6y\u00fcnde 22 y\u0131ld\u0131r ayn\u0131 elektrik dire\u011finin \u00fczerine yuva yapan leylek ailesinden anne leylek kulu\u00e7kaya yatt\u0131.<br \/>\nErzincan&#8217;\u0131n Mertekli k\u00f6y\u00fc sakinleri, 22 y\u0131ld\u0131r ayn\u0131 elektrik dire\u011fine yuva yap\u0131p kulu\u00e7kaya yatan leyleklerin g\u00f6n\u00fcll\u00fc koruyuculu\u011funu yap\u0131yor. Geli\u015fleriyle bahar\u0131 m\u00fcjdeleyen, gidi\u015fleriyle k\u0131\u015f\u0131n habercisi olan ve atas\u00f6zlerine, deyimlere dahi konu olan leylekler, \u015fubat ay\u0131ndan itibaren Avrupa&#8217;dan yola \u00e7\u0131k\u0131p Anadolu topraklar\u0131na var\u0131yor. S\u00fcr\u00fcler halinde g\u00f6\u00e7en leylekler, kendileri i\u00e7in belirledikleri uygun noktalarda, ilkbahar ve yaz aylar\u0131nda konaklayarak yavruluyor. Mertekli k\u00f6y\u00fcnde 22 y\u0131ld\u0131r ayn\u0131 yere yuva yapan leylekler, bu y\u0131l da yine eski muhtar Mehmet F\u0131rat&#8217;\u0131n evinin \u00f6n\u00fcndeki elektrik dire\u011fine yuva kurdu.<br \/>\nBahar\u0131n m\u00fcjdecisi kabul edilen leylekler, yuvalar\u0131na d\u00f6n\u00fc\u015fleriyle k\u00f6y ahalisini yeniden sevindirdi. Mahallelinin g\u00f6z\u00fc gibi bakt\u0131\u011f\u0131 yuvalar\u0131nda s\u0131rayla kulu\u00e7kaya yatan leylekler, zaman zaman Karasu Nehri&#8217;nde besin bulmak i\u00e7in kanat \u00e7\u0131rp\u0131yor. K\u00f6y sakinlerinden Song\u00fcl Ayd\u0131n, &#8220;Y\u0131llard\u0131r bu leylekler k\u00f6y\u00fcm\u00fczde ya\u015f\u0131yorlar. K\u0131\u015f\u0131n gidip baharda geri geliyorlar. Vefal\u0131 leyleklerimiz. Bizde onlar\u0131 seviyoruz&#8221; dedi.<br \/>\nK\u00f6yl\u00fclerden H\u00fcseyin F\u0131rat da eskiden b\u00f6lgede \u00e7ok say\u0131da leyle\u011fin bulundu\u011funu belirterek, say\u0131lar\u0131n\u0131n azald\u0131\u011f\u0131n\u0131 s\u00f6yledi. Leylekler k\u00f6ylerine gelmedi\u011finde \u00fcz\u00fcld\u00fcklerini dile getiren F\u0131rat, &#8220;Bir y\u0131l maalesef leyle\u011fimizin 4 yavrusu elektrik dire\u011fine tak\u0131larak \u00f6lm\u00fc\u015ft\u00fc ve \u00e7ok \u00fcz\u00fclm\u00fc\u015ft\u00fck. Biz onlar\u0131 ger\u00e7ekten \u00e7ok seviyoruz. Maalesef leyleklerimizden sadece 1-2 tane kald\u0131. Bizler elimizden geldi\u011fi kadar\u0131yla onlara sahip \u00e7\u0131kmaya \u00e7al\u0131\u015f\u0131yoruz. Ben her sabah kalkt\u0131\u011f\u0131mda onlar\u0131 izliyorum. Leyleklerin yavrular\u0131na ve e\u015flerine kar\u015f\u0131 olan sayg\u0131s\u0131 ve sadakati \u00e7ok y\u00fcksek. Onlara sahip \u00e7\u0131kmaya \u00e7al\u0131\u015f\u0131yoruz&#8221; diye konu\u015ftu.<\/p>\n<p>2.04.2025<\/p>\n","protected":false},"excerpt":{"rendered":"<p>Bahar\u0131n m\u00fcjdecisi kabul edilen leylekler, yuvalar\u0131na d\u00f6n\u00fc\u015fleriyle k\u00f6y ahalisini yeniden sevindirdi. Erzincan&#8217;\u0131n Mertekli k\u00f6y\u00fcnde 22 y\u0131ld\u0131r ayn\u0131 elektrik dire\u011finin \u00fczerine yuva yapan leylek ailesinden anne leylek kulu\u00e7kaya yatt\u0131. Erzincan&#8217;\u0131n Mertekli k\u00f6y\u00fc sakinleri, 22 y\u0131ld\u0131r ayn\u0131 elektrik dire\u011fine yuva yap\u0131p kulu\u00e7kaya yatan leyleklerin g\u00f6n\u00fcll\u00fc koruyuculu\u011funu yap\u0131yor. Geli\u015fleriyle bahar\u0131 m\u00fcjdeleyen, gidi\u015fleriyle k\u0131\u015f\u0131n habercisi olan ve atas\u00f6zlerine, deyimlere [&hellip;]<\/p>\n","protected":false},"author":1,"featured_media":4676,"comment_status":"open","ping_status":"open","sticky":false,"template":"","format":"standard","meta":{"footnotes":""},"categories":[1],"tags":[],"class_list":["post-4675","post","type-post","status-publish","format-standard","has-post-thumbnail","hentry","category-genel"],"yoast_head":"<!-- This site is optimized with the Yoast SEO plugin v27.4 - https:\/\/yoast.com\/product\/yoast-seo-wordpress\/ -->\n<title>Elektrik dire\u011finin tepesindeki yuva, leylek ailesine 22 y\u0131ld\u0131r ev sahipli\u011fi yap\u0131yor - Memurun Sesi<\/title>\n<meta name=\"robots\" content=\"index, follow, max-snippet:-1, max-image-preview:large, max-video-preview:-1\" \/>\n<link rel=\"canonical\" href=\"https:\/\/memurunsesi.net\/index.php\/2025\/04\/02\/elektrik-direginin-tepesindeki-yuva-leylek-ailesine-22-yildir-ev-sahipligi-yapiyor\/\" \/>\n<meta property=\"og:locale\" content=\"tr_TR\" \/>\n<meta property=\"og:type\" content=\"article\" \/>\n<meta property=\"og:title\" content=\"Elektrik dire\u011finin tepesindeki yuva, leylek ailesine 22 y\u0131ld\u0131r ev sahipli\u011fi yap\u0131yor - Memurun Sesi\" \/>\n<meta property=\"og:description\" content=\"Bahar\u0131n m\u00fcjdecisi kabul edilen leylekler, yuvalar\u0131na d\u00f6n\u00fc\u015fleriyle k\u00f6y ahalisini yeniden sevindirdi. Erzincan&#8217;\u0131n Mertekli k\u00f6y\u00fcnde 22 y\u0131ld\u0131r ayn\u0131 elektrik dire\u011finin \u00fczerine yuva yapan leylek ailesinden anne leylek kulu\u00e7kaya yatt\u0131. Erzincan&#8217;\u0131n Mertekli k\u00f6y\u00fc sakinleri, 22 y\u0131ld\u0131r ayn\u0131 elektrik dire\u011fine yuva yap\u0131p kulu\u00e7kaya yatan leyleklerin g\u00f6n\u00fcll\u00fc koruyuculu\u011funu yap\u0131yor. Geli\u015fleriyle bahar\u0131 m\u00fcjdeleyen, gidi\u015fleriyle k\u0131\u015f\u0131n habercisi olan ve atas\u00f6zlerine, deyimlere [&hellip;]\" \/>\n<meta property=\"og:url\" content=\"https:\/\/memurunsesi.net\/index.php\/2025\/04\/02\/elektrik-direginin-tepesindeki-yuva-leylek-ailesine-22-yildir-ev-sahipligi-yapiyor\/\" \/>\n<meta property=\"og:site_name\" content=\"Memurun Sesi\" \/>\n<meta property=\"article:publisher\" content=\"https:\/\/www.facebook.com\/unipersen\/?locale=tr_TR\" \/>\n<meta property=\"article:published_time\" content=\"2025-04-02T05:19:37+00:00\" \/>\n<meta property=\"og:image\" content=\"https:\/\/memurunsesi.net\/wp-content\/uploads\/2025\/04\/AW424548_02.jpg\" \/>\n\t<meta property=\"og:image:width\" content=\"1413\" \/>\n\t<meta property=\"og:image:height\" content=\"859\" \/>\n\t<meta property=\"og:image:type\" content=\"image\/jpeg\" \/>\n<meta name=\"author\" content=\"Memurun Sesi Haber Merkezi\" \/>\n<meta name=\"twitter:card\" content=\"summary_large_image\" \/>\n<meta name=\"twitter:creator\" content=\"@unipersen\" \/>\n<meta name=\"twitter:site\" content=\"@unipersen\" \/>\n<meta name=\"twitter:label1\" content=\"Yazan:\" \/>\n\t<meta name=\"twitter:data1\" content=\"Memurun Sesi Haber Merkezi\" \/>\n\t<meta name=\"twitter:label2\" content=\"Tahmini okuma s\u00fcresi\" \/>\n\t<meta name=\"twitter:data2\" content=\"2 dakika\" \/>\n<script type=\"application\/ld+json\" class=\"yoast-schema-graph\">{\"@context\":\"https:\\\/\\\/schema.org\",\"@graph\":[{\"@type\":\"Article\",\"@id\":\"https:\\\/\\\/memurunsesi.net\\\/index.php\\\/2025\\\/04\\\/02\\\/elektrik-direginin-tepesindeki-yuva-leylek-ailesine-22-yildir-ev-sahipligi-yapiyor\\\/#article\",\"isPartOf\":{\"@id\":\"https:\\\/\\\/memurunsesi.net\\\/index.php\\\/2025\\\/04\\\/02\\\/elektrik-direginin-tepesindeki-yuva-leylek-ailesine-22-yildir-ev-sahipligi-yapiyor\\\/\"},\"author\":{\"name\":\"Memurun Sesi Haber Merkezi\",\"@id\":\"https:\\\/\\\/memurunsesi.net\\\/#\\\/schema\\\/person\\\/f21c2d73b89f6ee1d80b0a1803e38587\"},\"headline\":\"Elektrik dire\u011finin tepesindeki yuva, leylek ailesine 22 y\u0131ld\u0131r ev sahipli\u011fi yap\u0131yor\",\"datePublished\":\"2025-04-02T05:19:37+00:00\",\"mainEntityOfPage\":{\"@id\":\"https:\\\/\\\/memurunsesi.net\\\/index.php\\\/2025\\\/04\\\/02\\\/elektrik-direginin-tepesindeki-yuva-leylek-ailesine-22-yildir-ev-sahipligi-yapiyor\\\/\"},\"wordCount\":350,\"commentCount\":0,\"publisher\":{\"@id\":\"https:\\\/\\\/memurunsesi.net\\\/#organization\"},\"image\":{\"@id\":\"https:\\\/\\\/memurunsesi.net\\\/index.php\\\/2025\\\/04\\\/02\\\/elektrik-direginin-tepesindeki-yuva-leylek-ailesine-22-yildir-ev-sahipligi-yapiyor\\\/#primaryimage\"},\"thumbnailUrl\":\"https:\\\/\\\/memurunsesi.net\\\/wp-content\\\/uploads\\\/2025\\\/04\\\/AW424548_02.jpg\",\"inLanguage\":\"tr\",\"potentialAction\":[{\"@type\":\"CommentAction\",\"name\":\"Comment\",\"target\":[\"https:\\\/\\\/memurunsesi.net\\\/index.php\\\/2025\\\/04\\\/02\\\/elektrik-direginin-tepesindeki-yuva-leylek-ailesine-22-yildir-ev-sahipligi-yapiyor\\\/#respond\"]}]},{\"@type\":\"WebPage\",\"@id\":\"https:\\\/\\\/memurunsesi.net\\\/index.php\\\/2025\\\/04\\\/02\\\/elektrik-direginin-tepesindeki-yuva-leylek-ailesine-22-yildir-ev-sahipligi-yapiyor\\\/\",\"url\":\"https:\\\/\\\/memurunsesi.net\\\/index.php\\\/2025\\\/04\\\/02\\\/elektrik-direginin-tepesindeki-yuva-leylek-ailesine-22-yildir-ev-sahipligi-yapiyor\\\/\",\"name\":\"Elektrik dire\u011finin tepesindeki yuva, leylek ailesine 22 y\u0131ld\u0131r ev sahipli\u011fi yap\u0131yor - Memurun Sesi\",\"isPartOf\":{\"@id\":\"https:\\\/\\\/memurunsesi.net\\\/#website\"},\"primaryImageOfPage\":{\"@id\":\"https:\\\/\\\/memurunsesi.net\\\/index.php\\\/2025\\\/04\\\/02\\\/elektrik-direginin-tepesindeki-yuva-leylek-ailesine-22-yildir-ev-sahipligi-yapiyor\\\/#primaryimage\"},\"image\":{\"@id\":\"https:\\\/\\\/memurunsesi.net\\\/index.php\\\/2025\\\/04\\\/02\\\/elektrik-direginin-tepesindeki-yuva-leylek-ailesine-22-yildir-ev-sahipligi-yapiyor\\\/#primaryimage\"},\"thumbnailUrl\":\"https:\\\/\\\/memurunsesi.net\\\/wp-content\\\/uploads\\\/2025\\\/04\\\/AW424548_02.jpg\",\"datePublished\":\"2025-04-02T05:19:37+00:00\",\"breadcrumb\":{\"@id\":\"https:\\\/\\\/memurunsesi.net\\\/index.php\\\/2025\\\/04\\\/02\\\/elektrik-direginin-tepesindeki-yuva-leylek-ailesine-22-yildir-ev-sahipligi-yapiyor\\\/#breadcrumb\"},\"inLanguage\":\"tr\",\"potentialAction\":[{\"@type\":\"ReadAction\",\"target\":[\"https:\\\/\\\/memurunsesi.net\\\/index.php\\\/2025\\\/04\\\/02\\\/elektrik-direginin-tepesindeki-yuva-leylek-ailesine-22-yildir-ev-sahipligi-yapiyor\\\/\"]}]},{\"@type\":\"ImageObject\",\"inLanguage\":\"tr\",\"@id\":\"https:\\\/\\\/memurunsesi.net\\\/index.php\\\/2025\\\/04\\\/02\\\/elektrik-direginin-tepesindeki-yuva-leylek-ailesine-22-yildir-ev-sahipligi-yapiyor\\\/#primaryimage\",\"url\":\"https:\\\/\\\/memurunsesi.net\\\/wp-content\\\/uploads\\\/2025\\\/04\\\/AW424548_02.jpg\",\"contentUrl\":\"https:\\\/\\\/memurunsesi.net\\\/wp-content\\\/uploads\\\/2025\\\/04\\\/AW424548_02.jpg\",\"width\":1413,\"height\":859,\"caption\":\"ELEKTR\u0130K D\u0130RE\u011e\u0130N\u0130N TEPES\u0130NDEK\u0130 YUVA, LEYLEK A\u0130LES\u0130NE 22 YILDIR EV SAH\u0130PL\u0130\u011e\u0130 YAPIYOR (AHMET AKBU\u011eA\\\/ERZ\u0130NCAN-\u0130HA) Bahar\u0131n m\u00fcjdecisi kabul edilen leylekler, yuvalar\u0131na d\u00f6n\u00fc\u015fleriyle k\u00f6y ahalisini yeniden sevindirdi. Erzincan'\u0131n Mertekli k\u00f6y\u00fcnde 22 y\u0131ld\u0131r ayn\u0131 elektrik dire\u011finin \u00fczerine yuva yapan leylek ailesinden anne leylek kulu\u00e7kaya yatt\u0131.\"},{\"@type\":\"BreadcrumbList\",\"@id\":\"https:\\\/\\\/memurunsesi.net\\\/index.php\\\/2025\\\/04\\\/02\\\/elektrik-direginin-tepesindeki-yuva-leylek-ailesine-22-yildir-ev-sahipligi-yapiyor\\\/#breadcrumb\",\"itemListElement\":[{\"@type\":\"ListItem\",\"position\":1,\"name\":\"Anasayfa\",\"item\":\"https:\\\/\\\/memurunsesi.net\\\/\"},{\"@type\":\"ListItem\",\"position\":2,\"name\":\"Elektrik dire\u011finin tepesindeki yuva, leylek ailesine 22 y\u0131ld\u0131r ev sahipli\u011fi yap\u0131yor\"}]},{\"@type\":\"WebSite\",\"@id\":\"https:\\\/\\\/memurunsesi.net\\\/#website\",\"url\":\"https:\\\/\\\/memurunsesi.net\\\/\",\"name\":\"Memurun Sesi\",\"description\":\"G\u00fcncel ve Do\u011fru Haber\",\"publisher\":{\"@id\":\"https:\\\/\\\/memurunsesi.net\\\/#organization\"},\"potentialAction\":[{\"@type\":\"SearchAction\",\"target\":{\"@type\":\"EntryPoint\",\"urlTemplate\":\"https:\\\/\\\/memurunsesi.net\\\/?s={search_term_string}\"},\"query-input\":{\"@type\":\"PropertyValueSpecification\",\"valueRequired\":true,\"valueName\":\"search_term_string\"}}],\"inLanguage\":\"tr\"},{\"@type\":\"Organization\",\"@id\":\"https:\\\/\\\/memurunsesi.net\\\/#organization\",\"name\":\"Memurun Sesi\",\"url\":\"https:\\\/\\\/memurunsesi.net\\\/\",\"logo\":{\"@type\":\"ImageObject\",\"inLanguage\":\"tr\",\"@id\":\"https:\\\/\\\/memurunsesi.net\\\/#\\\/schema\\\/logo\\\/image\\\/\",\"url\":\"https:\\\/\\\/memurunsesi.net\\\/wp-content\\\/uploads\\\/2025\\\/11\\\/cropped-MEMURUN-SESI.png\",\"contentUrl\":\"https:\\\/\\\/memurunsesi.net\\\/wp-content\\\/uploads\\\/2025\\\/11\\\/cropped-MEMURUN-SESI.png\",\"width\":238,\"height\":57,\"caption\":\"Memurun Sesi\"},\"image\":{\"@id\":\"https:\\\/\\\/memurunsesi.net\\\/#\\\/schema\\\/logo\\\/image\\\/\"},\"sameAs\":[\"https:\\\/\\\/www.facebook.com\\\/unipersen\\\/?locale=tr_TR\",\"https:\\\/\\\/x.com\\\/unipersen\"]},{\"@type\":\"Person\",\"@id\":\"https:\\\/\\\/memurunsesi.net\\\/#\\\/schema\\\/person\\\/f21c2d73b89f6ee1d80b0a1803e38587\",\"name\":\"Memurun Sesi Haber Merkezi\",\"image\":{\"@type\":\"ImageObject\",\"inLanguage\":\"tr\",\"@id\":\"https:\\\/\\\/secure.gravatar.com\\\/avatar\\\/6cf0505f452ee753f485014986fab09a434671d2b919ee76fc541025c5876a70?s=96&d=mm&r=g\",\"url\":\"https:\\\/\\\/secure.gravatar.com\\\/avatar\\\/6cf0505f452ee753f485014986fab09a434671d2b919ee76fc541025c5876a70?s=96&d=mm&r=g\",\"contentUrl\":\"https:\\\/\\\/secure.gravatar.com\\\/avatar\\\/6cf0505f452ee753f485014986fab09a434671d2b919ee76fc541025c5876a70?s=96&d=mm&r=g\",\"caption\":\"Memurun Sesi Haber Merkezi\"},\"sameAs\":[\"https:\\\/\\\/memurunsesi.net\"],\"url\":\"https:\\\/\\\/memurunsesi.net\\\/index.php\\\/author\\\/uniper\\\/\"}]}<\/script>\n<!-- \/ Yoast SEO plugin. -->","yoast_head_json":{"title":"Elektrik dire\u011finin tepesindeki yuva, leylek ailesine 22 y\u0131ld\u0131r ev sahipli\u011fi yap\u0131yor - Memurun Sesi","robots":{"index":"index","follow":"follow","max-snippet":"max-snippet:-1","max-image-preview":"max-image-preview:large","max-video-preview":"max-video-preview:-1"},"canonical":"https:\/\/memurunsesi.net\/index.php\/2025\/04\/02\/elektrik-direginin-tepesindeki-yuva-leylek-ailesine-22-yildir-ev-sahipligi-yapiyor\/","og_locale":"tr_TR","og_type":"article","og_title":"Elektrik dire\u011finin tepesindeki yuva, leylek ailesine 22 y\u0131ld\u0131r ev sahipli\u011fi yap\u0131yor - Memurun Sesi","og_description":"Bahar\u0131n m\u00fcjdecisi kabul edilen leylekler, yuvalar\u0131na d\u00f6n\u00fc\u015fleriyle k\u00f6y ahalisini yeniden sevindirdi. Erzincan&#8217;\u0131n Mertekli k\u00f6y\u00fcnde 22 y\u0131ld\u0131r ayn\u0131 elektrik dire\u011finin \u00fczerine yuva yapan leylek ailesinden anne leylek kulu\u00e7kaya yatt\u0131. Erzincan&#8217;\u0131n Mertekli k\u00f6y\u00fc sakinleri, 22 y\u0131ld\u0131r ayn\u0131 elektrik dire\u011fine yuva yap\u0131p kulu\u00e7kaya yatan leyleklerin g\u00f6n\u00fcll\u00fc koruyuculu\u011funu yap\u0131yor. Geli\u015fleriyle bahar\u0131 m\u00fcjdeleyen, gidi\u015fleriyle k\u0131\u015f\u0131n habercisi olan ve atas\u00f6zlerine, deyimlere [&hellip;]","og_url":"https:\/\/memurunsesi.net\/index.php\/2025\/04\/02\/elektrik-direginin-tepesindeki-yuva-leylek-ailesine-22-yildir-ev-sahipligi-yapiyor\/","og_site_name":"Memurun Sesi","article_publisher":"https:\/\/www.facebook.com\/unipersen\/?locale=tr_TR","article_published_time":"2025-04-02T05:19:37+00:00","og_image":[{"width":1413,"height":859,"url":"https:\/\/memurunsesi.net\/wp-content\/uploads\/2025\/04\/AW424548_02.jpg","type":"image\/jpeg"}],"author":"Memurun Sesi Haber Merkezi","twitter_card":"summary_large_image","twitter_creator":"@unipersen","twitter_site":"@unipersen","twitter_misc":{"Yazan:":"Memurun Sesi Haber Merkezi","Tahmini okuma s\u00fcresi":"2 dakika"},"schema":{"@context":"https:\/\/schema.org","@graph":[{"@type":"Article","@id":"https:\/\/memurunsesi.net\/index.php\/2025\/04\/02\/elektrik-direginin-tepesindeki-yuva-leylek-ailesine-22-yildir-ev-sahipligi-yapiyor\/#article","isPartOf":{"@id":"https:\/\/memurunsesi.net\/index.php\/2025\/04\/02\/elektrik-direginin-tepesindeki-yuva-leylek-ailesine-22-yildir-ev-sahipligi-yapiyor\/"},"author":{"name":"Memurun Sesi Haber Merkezi","@id":"https:\/\/memurunsesi.net\/#\/schema\/person\/f21c2d73b89f6ee1d80b0a1803e38587"},"headline":"Elektrik dire\u011finin tepesindeki yuva, leylek ailesine 22 y\u0131ld\u0131r ev sahipli\u011fi yap\u0131yor","datePublished":"2025-04-02T05:19:37+00:00","mainEntityOfPage":{"@id":"https:\/\/memurunsesi.net\/index.php\/2025\/04\/02\/elektrik-direginin-tepesindeki-yuva-leylek-ailesine-22-yildir-ev-sahipligi-yapiyor\/"},"wordCount":350,"commentCount":0,"publisher":{"@id":"https:\/\/memurunsesi.net\/#organization"},"image":{"@id":"https:\/\/memurunsesi.net\/index.php\/2025\/04\/02\/elektrik-direginin-tepesindeki-yuva-leylek-ailesine-22-yildir-ev-sahipligi-yapiyor\/#primaryimage"},"thumbnailUrl":"https:\/\/memurunsesi.net\/wp-content\/uploads\/2025\/04\/AW424548_02.jpg","inLanguage":"tr","potentialAction":[{"@type":"CommentAction","name":"Comment","target":["https:\/\/memurunsesi.net\/index.php\/2025\/04\/02\/elektrik-direginin-tepesindeki-yuva-leylek-ailesine-22-yildir-ev-sahipligi-yapiyor\/#respond"]}]},{"@type":"WebPage","@id":"https:\/\/memurunsesi.net\/index.php\/2025\/04\/02\/elektrik-direginin-tepesindeki-yuva-leylek-ailesine-22-yildir-ev-sahipligi-yapiyor\/","url":"https:\/\/memurunsesi.net\/index.php\/2025\/04\/02\/elektrik-direginin-tepesindeki-yuva-leylek-ailesine-22-yildir-ev-sahipligi-yapiyor\/","name":"Elektrik dire\u011finin tepesindeki yuva, leylek ailesine 22 y\u0131ld\u0131r ev sahipli\u011fi yap\u0131yor - Memurun Sesi","isPartOf":{"@id":"https:\/\/memurunsesi.net\/#website"},"primaryImageOfPage":{"@id":"https:\/\/memurunsesi.net\/index.php\/2025\/04\/02\/elektrik-direginin-tepesindeki-yuva-leylek-ailesine-22-yildir-ev-sahipligi-yapiyor\/#primaryimage"},"image":{"@id":"https:\/\/memurunsesi.net\/index.php\/2025\/04\/02\/elektrik-direginin-tepesindeki-yuva-leylek-ailesine-22-yildir-ev-sahipligi-yapiyor\/#primaryimage"},"thumbnailUrl":"https:\/\/memurunsesi.net\/wp-content\/uploads\/2025\/04\/AW424548_02.jpg","datePublished":"2025-04-02T05:19:37+00:00","breadcrumb":{"@id":"https:\/\/memurunsesi.net\/index.php\/2025\/04\/02\/elektrik-direginin-tepesindeki-yuva-leylek-ailesine-22-yildir-ev-sahipligi-yapiyor\/#breadcrumb"},"inLanguage":"tr","potentialAction":[{"@type":"ReadAction","target":["https:\/\/memurunsesi.net\/index.php\/2025\/04\/02\/elektrik-direginin-tepesindeki-yuva-leylek-ailesine-22-yildir-ev-sahipligi-yapiyor\/"]}]},{"@type":"ImageObject","inLanguage":"tr","@id":"https:\/\/memurunsesi.net\/index.php\/2025\/04\/02\/elektrik-direginin-tepesindeki-yuva-leylek-ailesine-22-yildir-ev-sahipligi-yapiyor\/#primaryimage","url":"https:\/\/memurunsesi.net\/wp-content\/uploads\/2025\/04\/AW424548_02.jpg","contentUrl":"https:\/\/memurunsesi.net\/wp-content\/uploads\/2025\/04\/AW424548_02.jpg","width":1413,"height":859,"caption":"ELEKTR\u0130K D\u0130RE\u011e\u0130N\u0130N TEPES\u0130NDEK\u0130 YUVA, LEYLEK A\u0130LES\u0130NE 22 YILDIR EV SAH\u0130PL\u0130\u011e\u0130 YAPIYOR (AHMET AKBU\u011eA\/ERZ\u0130NCAN-\u0130HA) Bahar\u0131n m\u00fcjdecisi kabul edilen leylekler, yuvalar\u0131na d\u00f6n\u00fc\u015fleriyle k\u00f6y ahalisini yeniden sevindirdi. Erzincan'\u0131n Mertekli k\u00f6y\u00fcnde 22 y\u0131ld\u0131r ayn\u0131 elektrik dire\u011finin \u00fczerine yuva yapan leylek ailesinden anne leylek kulu\u00e7kaya yatt\u0131."},{"@type":"BreadcrumbList","@id":"https:\/\/memurunsesi.net\/index.php\/2025\/04\/02\/elektrik-direginin-tepesindeki-yuva-leylek-ailesine-22-yildir-ev-sahipligi-yapiyor\/#breadcrumb","itemListElement":[{"@type":"ListItem","position":1,"name":"Anasayfa","item":"https:\/\/memurunsesi.net\/"},{"@type":"ListItem","position":2,"name":"Elektrik dire\u011finin tepesindeki yuva, leylek ailesine 22 y\u0131ld\u0131r ev sahipli\u011fi yap\u0131yor"}]},{"@type":"WebSite","@id":"https:\/\/memurunsesi.net\/#website","url":"https:\/\/memurunsesi.net\/","name":"Memurun Sesi","description":"G\u00fcncel ve Do\u011fru Haber","publisher":{"@id":"https:\/\/memurunsesi.net\/#organization"},"potentialAction":[{"@type":"SearchAction","target":{"@type":"EntryPoint","urlTemplate":"https:\/\/memurunsesi.net\/?s={search_term_string}"},"query-input":{"@type":"PropertyValueSpecification","valueRequired":true,"valueName":"search_term_string"}}],"inLanguage":"tr"},{"@type":"Organization","@id":"https:\/\/memurunsesi.net\/#organization","name":"Memurun Sesi","url":"https:\/\/memurunsesi.net\/","logo":{"@type":"ImageObject","inLanguage":"tr","@id":"https:\/\/memurunsesi.net\/#\/schema\/logo\/image\/","url":"https:\/\/memurunsesi.net\/wp-content\/uploads\/2025\/11\/cropped-MEMURUN-SESI.png","contentUrl":"https:\/\/memurunsesi.net\/wp-content\/uploads\/2025\/11\/cropped-MEMURUN-SESI.png","width":238,"height":57,"caption":"Memurun Sesi"},"image":{"@id":"https:\/\/memurunsesi.net\/#\/schema\/logo\/image\/"},"sameAs":["https:\/\/www.facebook.com\/unipersen\/?locale=tr_TR","https:\/\/x.com\/unipersen"]},{"@type":"Person","@id":"https:\/\/memurunsesi.net\/#\/schema\/person\/f21c2d73b89f6ee1d80b0a1803e38587","name":"Memurun Sesi Haber Merkezi","image":{"@type":"ImageObject","inLanguage":"tr","@id":"https:\/\/secure.gravatar.com\/avatar\/6cf0505f452ee753f485014986fab09a434671d2b919ee76fc541025c5876a70?s=96&d=mm&r=g","url":"https:\/\/secure.gravatar.com\/avatar\/6cf0505f452ee753f485014986fab09a434671d2b919ee76fc541025c5876a70?s=96&d=mm&r=g","contentUrl":"https:\/\/secure.gravatar.com\/avatar\/6cf0505f452ee753f485014986fab09a434671d2b919ee76fc541025c5876a70?s=96&d=mm&r=g","caption":"Memurun Sesi Haber Merkezi"},"sameAs":["https:\/\/memurunsesi.net"],"url":"https:\/\/memurunsesi.net\/index.php\/author\/uniper\/"}]}},"_links":{"self":[{"href":"https:\/\/memurunsesi.net\/index.php\/wp-json\/wp\/v2\/posts\/4675","targetHints":{"allow":["GET"]}}],"collection":[{"href":"https:\/\/memurunsesi.net\/index.php\/wp-json\/wp\/v2\/posts"}],"about":[{"href":"https:\/\/memurunsesi.net\/index.php\/wp-json\/wp\/v2\/types\/post"}],"author":[{"embeddable":true,"href":"https:\/\/memurunsesi.net\/index.php\/wp-json\/wp\/v2\/users\/1"}],"replies":[{"embeddable":true,"href":"https:\/\/memurunsesi.net\/index.php\/wp-json\/wp\/v2\/comments?post=4675"}],"version-history":[{"count":1,"href":"https:\/\/memurunsesi.net\/index.php\/wp-json\/wp\/v2\/posts\/4675\/revisions"}],"predecessor-version":[{"id":4677,"href":"https:\/\/memurunsesi.net\/index.php\/wp-json\/wp\/v2\/posts\/4675\/revisions\/4677"}],"wp:featuredmedia":[{"embeddable":true,"href":"https:\/\/memurunsesi.net\/index.php\/wp-json\/wp\/v2\/media\/4676"}],"wp:attachment":[{"href":"https:\/\/memurunsesi.net\/index.php\/wp-json\/wp\/v2\/media?parent=4675"}],"wp:term":[{"taxonomy":"category","embeddable":true,"href":"https:\/\/memurunsesi.net\/index.php\/wp-json\/wp\/v2\/categories?post=4675"},{"taxonomy":"post_tag","embeddable":true,"href":"https:\/\/memurunsesi.net\/index.php\/wp-json\/wp\/v2\/tags?post=4675"}],"curies":[{"name":"wp","href":"https:\/\/api.w.org\/{rel}","templated":true}]}}