{"id":4693,"date":"2025-04-02T08:29:52","date_gmt":"2025-04-02T05:29:52","guid":{"rendered":"https:\/\/memurunsesi.net\/?p=4693"},"modified":"2025-04-02T08:29:52","modified_gmt":"2025-04-02T05:29:52","slug":"cicek-acan-agaclarin-gorselligi-mest-etti","status":"publish","type":"post","link":"https:\/\/memurunsesi.net\/index.php\/2025\/04\/02\/cicek-acan-agaclarin-gorselligi-mest-etti\/","title":{"rendered":"\u00c7i\u00e7ek a\u00e7an a\u011fa\u00e7lar\u0131n g\u00f6rselli\u011fi mest etti"},"content":{"rendered":"<p>Erzincan\u2019da havalar\u0131n \u0131s\u0131nmaya ba\u015flamas\u0131yla birlikte meyve a\u011fa\u00e7lar\u0131 da \u00e7i\u00e7eklerini a\u00e7t\u0131. \u00c7i\u00e7ek a\u00e7an meyve a\u011fa\u00e7lar\u0131 kartpostall\u0131k g\u00f6r\u00fcnt\u00fcler ortaya \u00e7\u0131kard\u0131.<br \/>\nErzincan\u2019da a\u011fa\u00e7lar rengarenk \u00e7i\u00e7ek a\u00e7t\u0131. Filizlenen tomurcuklar, a\u011fa\u00e7 dallar\u0131nda a\u00e7an \u00e7i\u00e7ekler renk c\u00fcmb\u00fc\u015f\u00fc olu\u015ftururken, ortaya kartpostall\u0131k g\u00f6r\u00fcnt\u00fcler \u00e7\u0131kt\u0131. Hava s\u0131cakl\u0131\u011f\u0131nda ya\u015fanan art\u0131\u015fla a\u011fa\u00e7larda a\u00e7an \u00e7i\u00e7ekler ilde bahar havas\u0131n\u0131 yans\u0131tt\u0131. Dallar\u0131ndaki tomurcuklar\u0131 hen\u00fcz filizlenmeyen di\u011fer a\u011fa\u00e7lar\u0131n da \u00f6n\u00fcm\u00fczdeki g\u00fcnlerde \u00e7i\u00e7ek a\u00e7mas\u0131yla, il\u00e7edeki bahar havas\u0131na e\u015flik etmesi bekleniyor.<\/p>\n<p>&#8220;Erzincan\u2019da kay\u0131s\u0131 a\u011fa\u00e7lar\u0131 renk c\u00fcmb\u00fc\u015f\u00fc ya\u015fat\u0131yor&#8221;<br \/>\nKay\u0131s\u0131 \u00fcretiminde Erzincan\u2019da \u00f6nemli bir yere sahip olan \u00dcz\u00fcml\u00fc il\u00e7esinde a\u011fa\u00e7lardaki tomurcuklar\u0131n \u00e7i\u00e7ek a\u00e7mas\u0131yla adeta renk c\u00fcmb\u00fc\u015f\u00fc ya\u015fan\u0131yor.<br \/>\n\u0130klimi ve co\u011frafi konumu nedeniyle 6 bin dekarda y\u0131ll\u0131k yakla\u015f\u0131k 10 bin ton kay\u0131s\u0131 \u00fcretiminin yap\u0131ld\u0131\u011f\u0131 Erzincan\u2019da \u00e7i\u00e7ek a\u00e7an kay\u0131s\u0131 a\u011fa\u00e7lar\u0131 rengarenk g\u00f6r\u00fcnt\u00fcleri ile dikkat \u00e7ekiyor.<br \/>\nKartpostal gibi g\u00f6r\u00fcnt\u00fcler olu\u015fturan a\u011fa\u00e7lar kay\u0131s\u0131 meyvesine d\u00f6n\u00fc\u015ferek d\u00fcnyan\u0131n d\u00f6rt bir yan\u0131na yolculu\u011fa \u00e7\u0131k\u0131yor.<br \/>\nErzincan&#8217;da her y\u0131l Nisan ay\u0131 ba\u015flar\u0131ndan itibaren kay\u0131s\u0131 a\u011fa\u00e7lar\u0131 \u00e7i\u00e7ek a\u00e7maya ba\u015fl\u0131yor. Binlerce kay\u0131s\u0131 a\u011fac\u0131n\u0131n \u00e7i\u00e7ek a\u00e7mas\u0131 ise muazzam g\u00f6r\u00fcnt\u00fcler ortaya \u00e7\u0131kart\u0131yor. T\u00fcrkiye&#8217;de yakla\u015f\u0131k 17 milyon kay\u0131s\u0131 a\u011fac\u0131 bulunurken bunun yakla\u015f\u0131k olarak 380 bini ise Erzincan&#8217;da bulunuyor.<\/p>\n<p>2.04.2025<\/p>\n","protected":false},"excerpt":{"rendered":"<p>Erzincan\u2019da havalar\u0131n \u0131s\u0131nmaya ba\u015flamas\u0131yla birlikte meyve a\u011fa\u00e7lar\u0131 da \u00e7i\u00e7eklerini a\u00e7t\u0131. \u00c7i\u00e7ek a\u00e7an meyve a\u011fa\u00e7lar\u0131 kartpostall\u0131k g\u00f6r\u00fcnt\u00fcler ortaya \u00e7\u0131kard\u0131. Erzincan\u2019da a\u011fa\u00e7lar rengarenk \u00e7i\u00e7ek a\u00e7t\u0131. Filizlenen tomurcuklar, a\u011fa\u00e7 dallar\u0131nda a\u00e7an \u00e7i\u00e7ekler renk c\u00fcmb\u00fc\u015f\u00fc olu\u015ftururken, ortaya kartpostall\u0131k g\u00f6r\u00fcnt\u00fcler \u00e7\u0131kt\u0131. Hava s\u0131cakl\u0131\u011f\u0131nda ya\u015fanan art\u0131\u015fla a\u011fa\u00e7larda a\u00e7an \u00e7i\u00e7ekler ilde bahar havas\u0131n\u0131 yans\u0131tt\u0131. Dallar\u0131ndaki tomurcuklar\u0131 hen\u00fcz filizlenmeyen di\u011fer a\u011fa\u00e7lar\u0131n da \u00f6n\u00fcm\u00fczdeki [&hellip;]<\/p>\n","protected":false},"author":1,"featured_media":4694,"comment_status":"open","ping_status":"open","sticky":false,"template":"","format":"standard","meta":{"footnotes":""},"categories":[50],"tags":[],"class_list":["post-4693","post","type-post","status-publish","format-standard","has-post-thumbnail","hentry","category-tum-haberler"],"yoast_head":"<!-- This site is optimized with the Yoast SEO plugin v27.4 - https:\/\/yoast.com\/product\/yoast-seo-wordpress\/ -->\n<title>\u00c7i\u00e7ek a\u00e7an a\u011fa\u00e7lar\u0131n g\u00f6rselli\u011fi mest etti - Memurun Sesi<\/title>\n<meta name=\"robots\" content=\"index, follow, max-snippet:-1, max-image-preview:large, max-video-preview:-1\" \/>\n<link rel=\"canonical\" href=\"https:\/\/memurunsesi.net\/index.php\/2025\/04\/02\/cicek-acan-agaclarin-gorselligi-mest-etti\/\" \/>\n<meta property=\"og:locale\" content=\"tr_TR\" \/>\n<meta property=\"og:type\" content=\"article\" \/>\n<meta property=\"og:title\" content=\"\u00c7i\u00e7ek a\u00e7an a\u011fa\u00e7lar\u0131n g\u00f6rselli\u011fi mest etti - Memurun Sesi\" \/>\n<meta property=\"og:description\" content=\"Erzincan\u2019da havalar\u0131n \u0131s\u0131nmaya ba\u015flamas\u0131yla birlikte meyve a\u011fa\u00e7lar\u0131 da \u00e7i\u00e7eklerini a\u00e7t\u0131. \u00c7i\u00e7ek a\u00e7an meyve a\u011fa\u00e7lar\u0131 kartpostall\u0131k g\u00f6r\u00fcnt\u00fcler ortaya \u00e7\u0131kard\u0131. Erzincan\u2019da a\u011fa\u00e7lar rengarenk \u00e7i\u00e7ek a\u00e7t\u0131. Filizlenen tomurcuklar, a\u011fa\u00e7 dallar\u0131nda a\u00e7an \u00e7i\u00e7ekler renk c\u00fcmb\u00fc\u015f\u00fc olu\u015ftururken, ortaya kartpostall\u0131k g\u00f6r\u00fcnt\u00fcler \u00e7\u0131kt\u0131. Hava s\u0131cakl\u0131\u011f\u0131nda ya\u015fanan art\u0131\u015fla a\u011fa\u00e7larda a\u00e7an \u00e7i\u00e7ekler ilde bahar havas\u0131n\u0131 yans\u0131tt\u0131. Dallar\u0131ndaki tomurcuklar\u0131 hen\u00fcz filizlenmeyen di\u011fer a\u011fa\u00e7lar\u0131n da \u00f6n\u00fcm\u00fczdeki [&hellip;]\" \/>\n<meta property=\"og:url\" content=\"https:\/\/memurunsesi.net\/index.php\/2025\/04\/02\/cicek-acan-agaclarin-gorselligi-mest-etti\/\" \/>\n<meta property=\"og:site_name\" content=\"Memurun Sesi\" \/>\n<meta property=\"article:publisher\" content=\"https:\/\/www.facebook.com\/unipersen\/?locale=tr_TR\" \/>\n<meta property=\"article:published_time\" content=\"2025-04-02T05:29:52+00:00\" \/>\n<meta property=\"og:image\" content=\"https:\/\/memurunsesi.net\/wp-content\/uploads\/2025\/04\/AW424545_06-scaled.jpg\" \/>\n\t<meta property=\"og:image:width\" content=\"2560\" \/>\n\t<meta property=\"og:image:height\" content=\"1707\" \/>\n\t<meta property=\"og:image:type\" content=\"image\/jpeg\" \/>\n<meta name=\"author\" content=\"Memurun Sesi Haber Merkezi\" \/>\n<meta name=\"twitter:card\" content=\"summary_large_image\" \/>\n<meta name=\"twitter:creator\" content=\"@unipersen\" \/>\n<meta name=\"twitter:site\" content=\"@unipersen\" \/>\n<meta name=\"twitter:label1\" content=\"Yazan:\" \/>\n\t<meta name=\"twitter:data1\" content=\"Memurun Sesi Haber Merkezi\" \/>\n\t<meta name=\"twitter:label2\" content=\"Tahmini okuma s\u00fcresi\" \/>\n\t<meta name=\"twitter:data2\" content=\"1 dakika\" \/>\n<script type=\"application\/ld+json\" class=\"yoast-schema-graph\">{\"@context\":\"https:\\\/\\\/schema.org\",\"@graph\":[{\"@type\":\"Article\",\"@id\":\"https:\\\/\\\/memurunsesi.net\\\/index.php\\\/2025\\\/04\\\/02\\\/cicek-acan-agaclarin-gorselligi-mest-etti\\\/#article\",\"isPartOf\":{\"@id\":\"https:\\\/\\\/memurunsesi.net\\\/index.php\\\/2025\\\/04\\\/02\\\/cicek-acan-agaclarin-gorselligi-mest-etti\\\/\"},\"author\":{\"name\":\"Memurun Sesi Haber Merkezi\",\"@id\":\"https:\\\/\\\/memurunsesi.net\\\/#\\\/schema\\\/person\\\/f21c2d73b89f6ee1d80b0a1803e38587\"},\"headline\":\"\u00c7i\u00e7ek a\u00e7an a\u011fa\u00e7lar\u0131n g\u00f6rselli\u011fi mest etti\",\"datePublished\":\"2025-04-02T05:29:52+00:00\",\"mainEntityOfPage\":{\"@id\":\"https:\\\/\\\/memurunsesi.net\\\/index.php\\\/2025\\\/04\\\/02\\\/cicek-acan-agaclarin-gorselligi-mest-etti\\\/\"},\"wordCount\":309,\"commentCount\":0,\"publisher\":{\"@id\":\"https:\\\/\\\/memurunsesi.net\\\/#organization\"},\"image\":{\"@id\":\"https:\\\/\\\/memurunsesi.net\\\/index.php\\\/2025\\\/04\\\/02\\\/cicek-acan-agaclarin-gorselligi-mest-etti\\\/#primaryimage\"},\"thumbnailUrl\":\"https:\\\/\\\/memurunsesi.net\\\/wp-content\\\/uploads\\\/2025\\\/04\\\/AW424545_06-scaled.jpg\",\"articleSection\":[\"T\u00fcm Haberler\"],\"inLanguage\":\"tr\",\"potentialAction\":[{\"@type\":\"CommentAction\",\"name\":\"Comment\",\"target\":[\"https:\\\/\\\/memurunsesi.net\\\/index.php\\\/2025\\\/04\\\/02\\\/cicek-acan-agaclarin-gorselligi-mest-etti\\\/#respond\"]}]},{\"@type\":\"WebPage\",\"@id\":\"https:\\\/\\\/memurunsesi.net\\\/index.php\\\/2025\\\/04\\\/02\\\/cicek-acan-agaclarin-gorselligi-mest-etti\\\/\",\"url\":\"https:\\\/\\\/memurunsesi.net\\\/index.php\\\/2025\\\/04\\\/02\\\/cicek-acan-agaclarin-gorselligi-mest-etti\\\/\",\"name\":\"\u00c7i\u00e7ek a\u00e7an a\u011fa\u00e7lar\u0131n g\u00f6rselli\u011fi mest etti - Memurun Sesi\",\"isPartOf\":{\"@id\":\"https:\\\/\\\/memurunsesi.net\\\/#website\"},\"primaryImageOfPage\":{\"@id\":\"https:\\\/\\\/memurunsesi.net\\\/index.php\\\/2025\\\/04\\\/02\\\/cicek-acan-agaclarin-gorselligi-mest-etti\\\/#primaryimage\"},\"image\":{\"@id\":\"https:\\\/\\\/memurunsesi.net\\\/index.php\\\/2025\\\/04\\\/02\\\/cicek-acan-agaclarin-gorselligi-mest-etti\\\/#primaryimage\"},\"thumbnailUrl\":\"https:\\\/\\\/memurunsesi.net\\\/wp-content\\\/uploads\\\/2025\\\/04\\\/AW424545_06-scaled.jpg\",\"datePublished\":\"2025-04-02T05:29:52+00:00\",\"breadcrumb\":{\"@id\":\"https:\\\/\\\/memurunsesi.net\\\/index.php\\\/2025\\\/04\\\/02\\\/cicek-acan-agaclarin-gorselligi-mest-etti\\\/#breadcrumb\"},\"inLanguage\":\"tr\",\"potentialAction\":[{\"@type\":\"ReadAction\",\"target\":[\"https:\\\/\\\/memurunsesi.net\\\/index.php\\\/2025\\\/04\\\/02\\\/cicek-acan-agaclarin-gorselligi-mest-etti\\\/\"]}]},{\"@type\":\"ImageObject\",\"inLanguage\":\"tr\",\"@id\":\"https:\\\/\\\/memurunsesi.net\\\/index.php\\\/2025\\\/04\\\/02\\\/cicek-acan-agaclarin-gorselligi-mest-etti\\\/#primaryimage\",\"url\":\"https:\\\/\\\/memurunsesi.net\\\/wp-content\\\/uploads\\\/2025\\\/04\\\/AW424545_06-scaled.jpg\",\"contentUrl\":\"https:\\\/\\\/memurunsesi.net\\\/wp-content\\\/uploads\\\/2025\\\/04\\\/AW424545_06-scaled.jpg\",\"width\":2560,\"height\":1707,\"caption\":\"ERZ\u0130NCAN'DA HAVALARIN ISINMAYA BA\u015eLAMASIYLA B\u0130RL\u0130KTE MEYVE A\u011eA\u00c7LARI DA \u00c7\u0130\u00c7EKLER\u0130N\u0130 A\u00c7TI. \u00c7\u0130\u00c7EK A\u00c7AN MEYVE A\u011eA\u00c7LARI KARTPOSTALLIK G\u00d6R\u00dcNT\u00dcLER ORTAYA \u00c7IKARDI (AHMET AKBU\u011eA - HASAN \u00c7AKMAK\\\/ERZ\u0130NCAN-\u0130HA) Erzincan'da havalar\u0131n \u0131s\u0131nmaya ba\u015flamas\u0131yla birlikte meyve a\u011fa\u00e7lar\u0131 da \u00e7i\u00e7eklerini a\u00e7t\u0131. \u00c7i\u00e7ek a\u00e7an meyve a\u011fa\u00e7lar\u0131 kartpostall\u0131k g\u00f6r\u00fcnt\u00fcler ortaya \u00e7\u0131kard\u0131.\"},{\"@type\":\"BreadcrumbList\",\"@id\":\"https:\\\/\\\/memurunsesi.net\\\/index.php\\\/2025\\\/04\\\/02\\\/cicek-acan-agaclarin-gorselligi-mest-etti\\\/#breadcrumb\",\"itemListElement\":[{\"@type\":\"ListItem\",\"position\":1,\"name\":\"Anasayfa\",\"item\":\"https:\\\/\\\/memurunsesi.net\\\/\"},{\"@type\":\"ListItem\",\"position\":2,\"name\":\"\u00c7i\u00e7ek a\u00e7an a\u011fa\u00e7lar\u0131n g\u00f6rselli\u011fi mest etti\"}]},{\"@type\":\"WebSite\",\"@id\":\"https:\\\/\\\/memurunsesi.net\\\/#website\",\"url\":\"https:\\\/\\\/memurunsesi.net\\\/\",\"name\":\"Memurun Sesi\",\"description\":\"G\u00fcncel ve Do\u011fru Haber\",\"publisher\":{\"@id\":\"https:\\\/\\\/memurunsesi.net\\\/#organization\"},\"potentialAction\":[{\"@type\":\"SearchAction\",\"target\":{\"@type\":\"EntryPoint\",\"urlTemplate\":\"https:\\\/\\\/memurunsesi.net\\\/?s={search_term_string}\"},\"query-input\":{\"@type\":\"PropertyValueSpecification\",\"valueRequired\":true,\"valueName\":\"search_term_string\"}}],\"inLanguage\":\"tr\"},{\"@type\":\"Organization\",\"@id\":\"https:\\\/\\\/memurunsesi.net\\\/#organization\",\"name\":\"Memurun Sesi\",\"url\":\"https:\\\/\\\/memurunsesi.net\\\/\",\"logo\":{\"@type\":\"ImageObject\",\"inLanguage\":\"tr\",\"@id\":\"https:\\\/\\\/memurunsesi.net\\\/#\\\/schema\\\/logo\\\/image\\\/\",\"url\":\"https:\\\/\\\/memurunsesi.net\\\/wp-content\\\/uploads\\\/2025\\\/11\\\/cropped-MEMURUN-SESI.png\",\"contentUrl\":\"https:\\\/\\\/memurunsesi.net\\\/wp-content\\\/uploads\\\/2025\\\/11\\\/cropped-MEMURUN-SESI.png\",\"width\":238,\"height\":57,\"caption\":\"Memurun Sesi\"},\"image\":{\"@id\":\"https:\\\/\\\/memurunsesi.net\\\/#\\\/schema\\\/logo\\\/image\\\/\"},\"sameAs\":[\"https:\\\/\\\/www.facebook.com\\\/unipersen\\\/?locale=tr_TR\",\"https:\\\/\\\/x.com\\\/unipersen\"]},{\"@type\":\"Person\",\"@id\":\"https:\\\/\\\/memurunsesi.net\\\/#\\\/schema\\\/person\\\/f21c2d73b89f6ee1d80b0a1803e38587\",\"name\":\"Memurun Sesi Haber Merkezi\",\"image\":{\"@type\":\"ImageObject\",\"inLanguage\":\"tr\",\"@id\":\"https:\\\/\\\/secure.gravatar.com\\\/avatar\\\/6cf0505f452ee753f485014986fab09a434671d2b919ee76fc541025c5876a70?s=96&d=mm&r=g\",\"url\":\"https:\\\/\\\/secure.gravatar.com\\\/avatar\\\/6cf0505f452ee753f485014986fab09a434671d2b919ee76fc541025c5876a70?s=96&d=mm&r=g\",\"contentUrl\":\"https:\\\/\\\/secure.gravatar.com\\\/avatar\\\/6cf0505f452ee753f485014986fab09a434671d2b919ee76fc541025c5876a70?s=96&d=mm&r=g\",\"caption\":\"Memurun Sesi Haber Merkezi\"},\"sameAs\":[\"https:\\\/\\\/memurunsesi.net\"],\"url\":\"https:\\\/\\\/memurunsesi.net\\\/index.php\\\/author\\\/uniper\\\/\"}]}<\/script>\n<!-- \/ Yoast SEO plugin. -->","yoast_head_json":{"title":"\u00c7i\u00e7ek a\u00e7an a\u011fa\u00e7lar\u0131n g\u00f6rselli\u011fi mest etti - Memurun Sesi","robots":{"index":"index","follow":"follow","max-snippet":"max-snippet:-1","max-image-preview":"max-image-preview:large","max-video-preview":"max-video-preview:-1"},"canonical":"https:\/\/memurunsesi.net\/index.php\/2025\/04\/02\/cicek-acan-agaclarin-gorselligi-mest-etti\/","og_locale":"tr_TR","og_type":"article","og_title":"\u00c7i\u00e7ek a\u00e7an a\u011fa\u00e7lar\u0131n g\u00f6rselli\u011fi mest etti - Memurun Sesi","og_description":"Erzincan\u2019da havalar\u0131n \u0131s\u0131nmaya ba\u015flamas\u0131yla birlikte meyve a\u011fa\u00e7lar\u0131 da \u00e7i\u00e7eklerini a\u00e7t\u0131. \u00c7i\u00e7ek a\u00e7an meyve a\u011fa\u00e7lar\u0131 kartpostall\u0131k g\u00f6r\u00fcnt\u00fcler ortaya \u00e7\u0131kard\u0131. Erzincan\u2019da a\u011fa\u00e7lar rengarenk \u00e7i\u00e7ek a\u00e7t\u0131. Filizlenen tomurcuklar, a\u011fa\u00e7 dallar\u0131nda a\u00e7an \u00e7i\u00e7ekler renk c\u00fcmb\u00fc\u015f\u00fc olu\u015ftururken, ortaya kartpostall\u0131k g\u00f6r\u00fcnt\u00fcler \u00e7\u0131kt\u0131. Hava s\u0131cakl\u0131\u011f\u0131nda ya\u015fanan art\u0131\u015fla a\u011fa\u00e7larda a\u00e7an \u00e7i\u00e7ekler ilde bahar havas\u0131n\u0131 yans\u0131tt\u0131. Dallar\u0131ndaki tomurcuklar\u0131 hen\u00fcz filizlenmeyen di\u011fer a\u011fa\u00e7lar\u0131n da \u00f6n\u00fcm\u00fczdeki [&hellip;]","og_url":"https:\/\/memurunsesi.net\/index.php\/2025\/04\/02\/cicek-acan-agaclarin-gorselligi-mest-etti\/","og_site_name":"Memurun Sesi","article_publisher":"https:\/\/www.facebook.com\/unipersen\/?locale=tr_TR","article_published_time":"2025-04-02T05:29:52+00:00","og_image":[{"width":2560,"height":1707,"url":"https:\/\/memurunsesi.net\/wp-content\/uploads\/2025\/04\/AW424545_06-scaled.jpg","type":"image\/jpeg"}],"author":"Memurun Sesi Haber Merkezi","twitter_card":"summary_large_image","twitter_creator":"@unipersen","twitter_site":"@unipersen","twitter_misc":{"Yazan:":"Memurun Sesi Haber Merkezi","Tahmini okuma s\u00fcresi":"1 dakika"},"schema":{"@context":"https:\/\/schema.org","@graph":[{"@type":"Article","@id":"https:\/\/memurunsesi.net\/index.php\/2025\/04\/02\/cicek-acan-agaclarin-gorselligi-mest-etti\/#article","isPartOf":{"@id":"https:\/\/memurunsesi.net\/index.php\/2025\/04\/02\/cicek-acan-agaclarin-gorselligi-mest-etti\/"},"author":{"name":"Memurun Sesi Haber Merkezi","@id":"https:\/\/memurunsesi.net\/#\/schema\/person\/f21c2d73b89f6ee1d80b0a1803e38587"},"headline":"\u00c7i\u00e7ek a\u00e7an a\u011fa\u00e7lar\u0131n g\u00f6rselli\u011fi mest etti","datePublished":"2025-04-02T05:29:52+00:00","mainEntityOfPage":{"@id":"https:\/\/memurunsesi.net\/index.php\/2025\/04\/02\/cicek-acan-agaclarin-gorselligi-mest-etti\/"},"wordCount":309,"commentCount":0,"publisher":{"@id":"https:\/\/memurunsesi.net\/#organization"},"image":{"@id":"https:\/\/memurunsesi.net\/index.php\/2025\/04\/02\/cicek-acan-agaclarin-gorselligi-mest-etti\/#primaryimage"},"thumbnailUrl":"https:\/\/memurunsesi.net\/wp-content\/uploads\/2025\/04\/AW424545_06-scaled.jpg","articleSection":["T\u00fcm Haberler"],"inLanguage":"tr","potentialAction":[{"@type":"CommentAction","name":"Comment","target":["https:\/\/memurunsesi.net\/index.php\/2025\/04\/02\/cicek-acan-agaclarin-gorselligi-mest-etti\/#respond"]}]},{"@type":"WebPage","@id":"https:\/\/memurunsesi.net\/index.php\/2025\/04\/02\/cicek-acan-agaclarin-gorselligi-mest-etti\/","url":"https:\/\/memurunsesi.net\/index.php\/2025\/04\/02\/cicek-acan-agaclarin-gorselligi-mest-etti\/","name":"\u00c7i\u00e7ek a\u00e7an a\u011fa\u00e7lar\u0131n g\u00f6rselli\u011fi mest etti - Memurun Sesi","isPartOf":{"@id":"https:\/\/memurunsesi.net\/#website"},"primaryImageOfPage":{"@id":"https:\/\/memurunsesi.net\/index.php\/2025\/04\/02\/cicek-acan-agaclarin-gorselligi-mest-etti\/#primaryimage"},"image":{"@id":"https:\/\/memurunsesi.net\/index.php\/2025\/04\/02\/cicek-acan-agaclarin-gorselligi-mest-etti\/#primaryimage"},"thumbnailUrl":"https:\/\/memurunsesi.net\/wp-content\/uploads\/2025\/04\/AW424545_06-scaled.jpg","datePublished":"2025-04-02T05:29:52+00:00","breadcrumb":{"@id":"https:\/\/memurunsesi.net\/index.php\/2025\/04\/02\/cicek-acan-agaclarin-gorselligi-mest-etti\/#breadcrumb"},"inLanguage":"tr","potentialAction":[{"@type":"ReadAction","target":["https:\/\/memurunsesi.net\/index.php\/2025\/04\/02\/cicek-acan-agaclarin-gorselligi-mest-etti\/"]}]},{"@type":"ImageObject","inLanguage":"tr","@id":"https:\/\/memurunsesi.net\/index.php\/2025\/04\/02\/cicek-acan-agaclarin-gorselligi-mest-etti\/#primaryimage","url":"https:\/\/memurunsesi.net\/wp-content\/uploads\/2025\/04\/AW424545_06-scaled.jpg","contentUrl":"https:\/\/memurunsesi.net\/wp-content\/uploads\/2025\/04\/AW424545_06-scaled.jpg","width":2560,"height":1707,"caption":"ERZ\u0130NCAN'DA HAVALARIN ISINMAYA BA\u015eLAMASIYLA B\u0130RL\u0130KTE MEYVE A\u011eA\u00c7LARI DA \u00c7\u0130\u00c7EKLER\u0130N\u0130 A\u00c7TI. \u00c7\u0130\u00c7EK A\u00c7AN MEYVE A\u011eA\u00c7LARI KARTPOSTALLIK G\u00d6R\u00dcNT\u00dcLER ORTAYA \u00c7IKARDI (AHMET AKBU\u011eA - HASAN \u00c7AKMAK\/ERZ\u0130NCAN-\u0130HA) Erzincan'da havalar\u0131n \u0131s\u0131nmaya ba\u015flamas\u0131yla birlikte meyve a\u011fa\u00e7lar\u0131 da \u00e7i\u00e7eklerini a\u00e7t\u0131. \u00c7i\u00e7ek a\u00e7an meyve a\u011fa\u00e7lar\u0131 kartpostall\u0131k g\u00f6r\u00fcnt\u00fcler ortaya \u00e7\u0131kard\u0131."},{"@type":"BreadcrumbList","@id":"https:\/\/memurunsesi.net\/index.php\/2025\/04\/02\/cicek-acan-agaclarin-gorselligi-mest-etti\/#breadcrumb","itemListElement":[{"@type":"ListItem","position":1,"name":"Anasayfa","item":"https:\/\/memurunsesi.net\/"},{"@type":"ListItem","position":2,"name":"\u00c7i\u00e7ek a\u00e7an a\u011fa\u00e7lar\u0131n g\u00f6rselli\u011fi mest etti"}]},{"@type":"WebSite","@id":"https:\/\/memurunsesi.net\/#website","url":"https:\/\/memurunsesi.net\/","name":"Memurun Sesi","description":"G\u00fcncel ve Do\u011fru Haber","publisher":{"@id":"https:\/\/memurunsesi.net\/#organization"},"potentialAction":[{"@type":"SearchAction","target":{"@type":"EntryPoint","urlTemplate":"https:\/\/memurunsesi.net\/?s={search_term_string}"},"query-input":{"@type":"PropertyValueSpecification","valueRequired":true,"valueName":"search_term_string"}}],"inLanguage":"tr"},{"@type":"Organization","@id":"https:\/\/memurunsesi.net\/#organization","name":"Memurun Sesi","url":"https:\/\/memurunsesi.net\/","logo":{"@type":"ImageObject","inLanguage":"tr","@id":"https:\/\/memurunsesi.net\/#\/schema\/logo\/image\/","url":"https:\/\/memurunsesi.net\/wp-content\/uploads\/2025\/11\/cropped-MEMURUN-SESI.png","contentUrl":"https:\/\/memurunsesi.net\/wp-content\/uploads\/2025\/11\/cropped-MEMURUN-SESI.png","width":238,"height":57,"caption":"Memurun Sesi"},"image":{"@id":"https:\/\/memurunsesi.net\/#\/schema\/logo\/image\/"},"sameAs":["https:\/\/www.facebook.com\/unipersen\/?locale=tr_TR","https:\/\/x.com\/unipersen"]},{"@type":"Person","@id":"https:\/\/memurunsesi.net\/#\/schema\/person\/f21c2d73b89f6ee1d80b0a1803e38587","name":"Memurun Sesi Haber Merkezi","image":{"@type":"ImageObject","inLanguage":"tr","@id":"https:\/\/secure.gravatar.com\/avatar\/6cf0505f452ee753f485014986fab09a434671d2b919ee76fc541025c5876a70?s=96&d=mm&r=g","url":"https:\/\/secure.gravatar.com\/avatar\/6cf0505f452ee753f485014986fab09a434671d2b919ee76fc541025c5876a70?s=96&d=mm&r=g","contentUrl":"https:\/\/secure.gravatar.com\/avatar\/6cf0505f452ee753f485014986fab09a434671d2b919ee76fc541025c5876a70?s=96&d=mm&r=g","caption":"Memurun Sesi Haber Merkezi"},"sameAs":["https:\/\/memurunsesi.net"],"url":"https:\/\/memurunsesi.net\/index.php\/author\/uniper\/"}]}},"_links":{"self":[{"href":"https:\/\/memurunsesi.net\/index.php\/wp-json\/wp\/v2\/posts\/4693","targetHints":{"allow":["GET"]}}],"collection":[{"href":"https:\/\/memurunsesi.net\/index.php\/wp-json\/wp\/v2\/posts"}],"about":[{"href":"https:\/\/memurunsesi.net\/index.php\/wp-json\/wp\/v2\/types\/post"}],"author":[{"embeddable":true,"href":"https:\/\/memurunsesi.net\/index.php\/wp-json\/wp\/v2\/users\/1"}],"replies":[{"embeddable":true,"href":"https:\/\/memurunsesi.net\/index.php\/wp-json\/wp\/v2\/comments?post=4693"}],"version-history":[{"count":1,"href":"https:\/\/memurunsesi.net\/index.php\/wp-json\/wp\/v2\/posts\/4693\/revisions"}],"predecessor-version":[{"id":4695,"href":"https:\/\/memurunsesi.net\/index.php\/wp-json\/wp\/v2\/posts\/4693\/revisions\/4695"}],"wp:featuredmedia":[{"embeddable":true,"href":"https:\/\/memurunsesi.net\/index.php\/wp-json\/wp\/v2\/media\/4694"}],"wp:attachment":[{"href":"https:\/\/memurunsesi.net\/index.php\/wp-json\/wp\/v2\/media?parent=4693"}],"wp:term":[{"taxonomy":"category","embeddable":true,"href":"https:\/\/memurunsesi.net\/index.php\/wp-json\/wp\/v2\/categories?post=4693"},{"taxonomy":"post_tag","embeddable":true,"href":"https:\/\/memurunsesi.net\/index.php\/wp-json\/wp\/v2\/tags?post=4693"}],"curies":[{"name":"wp","href":"https:\/\/api.w.org\/{rel}","templated":true}]}}