{"id":4699,"date":"2025-04-02T08:33:44","date_gmt":"2025-04-02T05:33:44","guid":{"rendered":"https:\/\/memurunsesi.net\/?p=4699"},"modified":"2025-04-02T08:33:44","modified_gmt":"2025-04-02T05:33:44","slug":"israilli-yerlesimciler-filistinlilere-ait-ev-ve-araclari-atese-verdi-en-az-3-yarali","status":"publish","type":"post","link":"https:\/\/memurunsesi.net\/index.php\/2025\/04\/02\/israilli-yerlesimciler-filistinlilere-ait-ev-ve-araclari-atese-verdi-en-az-3-yarali\/","title":{"rendered":"\u0130srailli yerle\u015fimciler, Filistinlilere ait ev ve ara\u00e7lar\u0131 ate\u015fe verdi: En az 3 yaral\u0131"},"content":{"rendered":"<p>\u0130\u015fgal alt\u0131ndaki Bat\u0131 \u015eeria&#8217;da bulunan Duma k\u00f6y\u00fcne sald\u0131ran \u0130srailli yerle\u015fimciler, Filistinlilere ait ev ve ara\u00e7lar\u0131 ate\u015fe verdi. En az 3 Filistinlinin yaraland\u0131\u011f\u0131 \u015fiddet olaylar\u0131n\u0131n ard\u0131ndan, \u0130srail ordusu b\u00f6lgeye g\u00fcvenlik g\u00fc\u00e7lerinin g\u00f6nderildi\u011fini duyurdu.<br \/>\n\u0130srailli yerle\u015fimciler bir kez daha i\u015fgal alt\u0131ndaki Bat\u0131 \u015eeria&#8217;da ya\u015fayan Filistinlileri hedef ald\u0131. Filistin bas\u0131n\u0131nda yer alan haberlere g\u00f6re, Duma k\u00f6y\u00fcne sald\u0131ran yakla\u015f\u0131k 50 \u0130srailli yerle\u015fimci, Filistinlilere ait ev ve ara\u00e7lar\u0131 ate\u015fe verdi. Olaylarda en az 3 Filistinlinin yaraland\u0131\u011f\u0131 aktar\u0131ld\u0131. \u0130srail Savunma Kuvvetleri\u2019nden (IDF) yap\u0131lan a\u00e7\u0131klamada yerle\u015fimcilerin ger\u00e7ekle\u015ftirdi\u011fi sald\u0131r\u0131 do\u011frulan\u0131rken, baz\u0131 Filistinlilerin yaraland\u0131\u011f\u0131na dair raporlar al\u0131nd\u0131\u011f\u0131 belirtildi. Bunun \u00fczerine b\u00f6lgeye g\u00fcvenlik g\u00fc\u00e7lerinin g\u00f6nderildi\u011fi kaydedilerek, &#8220;IDF bu t\u00fcr olaylar\u0131 k\u0131n\u0131yor. B\u00f6lgede g\u00fcvenli\u011fi ve d\u00fczeni sa\u011flamak i\u00e7in kararl\u0131l\u0131kla hareket etmeye devam edece\u011fiz&#8221; denildi.<br \/>\n2.04.2025<\/p>\n","protected":false},"excerpt":{"rendered":"<p>\u0130\u015fgal alt\u0131ndaki Bat\u0131 \u015eeria&#8217;da bulunan Duma k\u00f6y\u00fcne sald\u0131ran \u0130srailli yerle\u015fimciler, Filistinlilere ait ev ve ara\u00e7lar\u0131 ate\u015fe verdi. En az 3 Filistinlinin yaraland\u0131\u011f\u0131 \u015fiddet olaylar\u0131n\u0131n ard\u0131ndan, \u0130srail ordusu b\u00f6lgeye g\u00fcvenlik g\u00fc\u00e7lerinin g\u00f6nderildi\u011fini duyurdu. \u0130srailli yerle\u015fimciler bir kez daha i\u015fgal alt\u0131ndaki Bat\u0131 \u015eeria&#8217;da ya\u015fayan Filistinlileri hedef ald\u0131. Filistin bas\u0131n\u0131nda yer alan haberlere g\u00f6re, Duma k\u00f6y\u00fcne sald\u0131ran yakla\u015f\u0131k [&hellip;]<\/p>\n","protected":false},"author":1,"featured_media":0,"comment_status":"open","ping_status":"open","sticky":false,"template":"","format":"standard","meta":{"footnotes":""},"categories":[50],"tags":[],"class_list":["post-4699","post","type-post","status-publish","format-standard","hentry","category-tum-haberler"],"yoast_head":"<!-- This site is optimized with the Yoast SEO plugin v27.4 - https:\/\/yoast.com\/product\/yoast-seo-wordpress\/ -->\n<title>\u0130srailli yerle\u015fimciler, Filistinlilere ait ev ve ara\u00e7lar\u0131 ate\u015fe verdi: En az 3 yaral\u0131 - Memurun Sesi<\/title>\n<meta name=\"robots\" content=\"index, follow, max-snippet:-1, max-image-preview:large, max-video-preview:-1\" \/>\n<link rel=\"canonical\" href=\"https:\/\/memurunsesi.net\/index.php\/2025\/04\/02\/israilli-yerlesimciler-filistinlilere-ait-ev-ve-araclari-atese-verdi-en-az-3-yarali\/\" \/>\n<meta property=\"og:locale\" content=\"tr_TR\" \/>\n<meta property=\"og:type\" content=\"article\" \/>\n<meta property=\"og:title\" content=\"\u0130srailli yerle\u015fimciler, Filistinlilere ait ev ve ara\u00e7lar\u0131 ate\u015fe verdi: En az 3 yaral\u0131 - Memurun Sesi\" \/>\n<meta property=\"og:description\" content=\"\u0130\u015fgal alt\u0131ndaki Bat\u0131 \u015eeria&#8217;da bulunan Duma k\u00f6y\u00fcne sald\u0131ran \u0130srailli yerle\u015fimciler, Filistinlilere ait ev ve ara\u00e7lar\u0131 ate\u015fe verdi. En az 3 Filistinlinin yaraland\u0131\u011f\u0131 \u015fiddet olaylar\u0131n\u0131n ard\u0131ndan, \u0130srail ordusu b\u00f6lgeye g\u00fcvenlik g\u00fc\u00e7lerinin g\u00f6nderildi\u011fini duyurdu. \u0130srailli yerle\u015fimciler bir kez daha i\u015fgal alt\u0131ndaki Bat\u0131 \u015eeria&#8217;da ya\u015fayan Filistinlileri hedef ald\u0131. Filistin bas\u0131n\u0131nda yer alan haberlere g\u00f6re, Duma k\u00f6y\u00fcne sald\u0131ran yakla\u015f\u0131k [&hellip;]\" \/>\n<meta property=\"og:url\" content=\"https:\/\/memurunsesi.net\/index.php\/2025\/04\/02\/israilli-yerlesimciler-filistinlilere-ait-ev-ve-araclari-atese-verdi-en-az-3-yarali\/\" \/>\n<meta property=\"og:site_name\" content=\"Memurun Sesi\" \/>\n<meta property=\"article:publisher\" content=\"https:\/\/www.facebook.com\/unipersen\/?locale=tr_TR\" \/>\n<meta property=\"article:published_time\" content=\"2025-04-02T05:33:44+00:00\" \/>\n<meta name=\"author\" content=\"Memurun Sesi Haber Merkezi\" \/>\n<meta name=\"twitter:card\" content=\"summary_large_image\" \/>\n<meta name=\"twitter:creator\" content=\"@unipersen\" \/>\n<meta name=\"twitter:site\" content=\"@unipersen\" \/>\n<meta name=\"twitter:label1\" content=\"Yazan:\" \/>\n\t<meta name=\"twitter:data1\" content=\"Memurun Sesi Haber Merkezi\" \/>\n\t<meta name=\"twitter:label2\" content=\"Tahmini okuma s\u00fcresi\" \/>\n\t<meta name=\"twitter:data2\" content=\"1 dakika\" \/>\n<script type=\"application\/ld+json\" class=\"yoast-schema-graph\">{\"@context\":\"https:\\\/\\\/schema.org\",\"@graph\":[{\"@type\":\"Article\",\"@id\":\"https:\\\/\\\/memurunsesi.net\\\/index.php\\\/2025\\\/04\\\/02\\\/israilli-yerlesimciler-filistinlilere-ait-ev-ve-araclari-atese-verdi-en-az-3-yarali\\\/#article\",\"isPartOf\":{\"@id\":\"https:\\\/\\\/memurunsesi.net\\\/index.php\\\/2025\\\/04\\\/02\\\/israilli-yerlesimciler-filistinlilere-ait-ev-ve-araclari-atese-verdi-en-az-3-yarali\\\/\"},\"author\":{\"name\":\"Memurun Sesi Haber Merkezi\",\"@id\":\"https:\\\/\\\/memurunsesi.net\\\/#\\\/schema\\\/person\\\/f21c2d73b89f6ee1d80b0a1803e38587\"},\"headline\":\"\u0130srailli yerle\u015fimciler, Filistinlilere ait ev ve ara\u00e7lar\u0131 ate\u015fe verdi: En az 3 yaral\u0131\",\"datePublished\":\"2025-04-02T05:33:44+00:00\",\"mainEntityOfPage\":{\"@id\":\"https:\\\/\\\/memurunsesi.net\\\/index.php\\\/2025\\\/04\\\/02\\\/israilli-yerlesimciler-filistinlilere-ait-ev-ve-araclari-atese-verdi-en-az-3-yarali\\\/\"},\"wordCount\":186,\"commentCount\":0,\"publisher\":{\"@id\":\"https:\\\/\\\/memurunsesi.net\\\/#organization\"},\"articleSection\":[\"T\u00fcm Haberler\"],\"inLanguage\":\"tr\",\"potentialAction\":[{\"@type\":\"CommentAction\",\"name\":\"Comment\",\"target\":[\"https:\\\/\\\/memurunsesi.net\\\/index.php\\\/2025\\\/04\\\/02\\\/israilli-yerlesimciler-filistinlilere-ait-ev-ve-araclari-atese-verdi-en-az-3-yarali\\\/#respond\"]}]},{\"@type\":\"WebPage\",\"@id\":\"https:\\\/\\\/memurunsesi.net\\\/index.php\\\/2025\\\/04\\\/02\\\/israilli-yerlesimciler-filistinlilere-ait-ev-ve-araclari-atese-verdi-en-az-3-yarali\\\/\",\"url\":\"https:\\\/\\\/memurunsesi.net\\\/index.php\\\/2025\\\/04\\\/02\\\/israilli-yerlesimciler-filistinlilere-ait-ev-ve-araclari-atese-verdi-en-az-3-yarali\\\/\",\"name\":\"\u0130srailli yerle\u015fimciler, Filistinlilere ait ev ve ara\u00e7lar\u0131 ate\u015fe verdi: En az 3 yaral\u0131 - Memurun Sesi\",\"isPartOf\":{\"@id\":\"https:\\\/\\\/memurunsesi.net\\\/#website\"},\"datePublished\":\"2025-04-02T05:33:44+00:00\",\"breadcrumb\":{\"@id\":\"https:\\\/\\\/memurunsesi.net\\\/index.php\\\/2025\\\/04\\\/02\\\/israilli-yerlesimciler-filistinlilere-ait-ev-ve-araclari-atese-verdi-en-az-3-yarali\\\/#breadcrumb\"},\"inLanguage\":\"tr\",\"potentialAction\":[{\"@type\":\"ReadAction\",\"target\":[\"https:\\\/\\\/memurunsesi.net\\\/index.php\\\/2025\\\/04\\\/02\\\/israilli-yerlesimciler-filistinlilere-ait-ev-ve-araclari-atese-verdi-en-az-3-yarali\\\/\"]}]},{\"@type\":\"BreadcrumbList\",\"@id\":\"https:\\\/\\\/memurunsesi.net\\\/index.php\\\/2025\\\/04\\\/02\\\/israilli-yerlesimciler-filistinlilere-ait-ev-ve-araclari-atese-verdi-en-az-3-yarali\\\/#breadcrumb\",\"itemListElement\":[{\"@type\":\"ListItem\",\"position\":1,\"name\":\"Anasayfa\",\"item\":\"https:\\\/\\\/memurunsesi.net\\\/\"},{\"@type\":\"ListItem\",\"position\":2,\"name\":\"\u0130srailli yerle\u015fimciler, Filistinlilere ait ev ve ara\u00e7lar\u0131 ate\u015fe verdi: En az 3 yaral\u0131\"}]},{\"@type\":\"WebSite\",\"@id\":\"https:\\\/\\\/memurunsesi.net\\\/#website\",\"url\":\"https:\\\/\\\/memurunsesi.net\\\/\",\"name\":\"Memurun Sesi\",\"description\":\"G\u00fcncel ve Do\u011fru Haber\",\"publisher\":{\"@id\":\"https:\\\/\\\/memurunsesi.net\\\/#organization\"},\"potentialAction\":[{\"@type\":\"SearchAction\",\"target\":{\"@type\":\"EntryPoint\",\"urlTemplate\":\"https:\\\/\\\/memurunsesi.net\\\/?s={search_term_string}\"},\"query-input\":{\"@type\":\"PropertyValueSpecification\",\"valueRequired\":true,\"valueName\":\"search_term_string\"}}],\"inLanguage\":\"tr\"},{\"@type\":\"Organization\",\"@id\":\"https:\\\/\\\/memurunsesi.net\\\/#organization\",\"name\":\"Memurun Sesi\",\"url\":\"https:\\\/\\\/memurunsesi.net\\\/\",\"logo\":{\"@type\":\"ImageObject\",\"inLanguage\":\"tr\",\"@id\":\"https:\\\/\\\/memurunsesi.net\\\/#\\\/schema\\\/logo\\\/image\\\/\",\"url\":\"https:\\\/\\\/memurunsesi.net\\\/wp-content\\\/uploads\\\/2025\\\/11\\\/cropped-MEMURUN-SESI.png\",\"contentUrl\":\"https:\\\/\\\/memurunsesi.net\\\/wp-content\\\/uploads\\\/2025\\\/11\\\/cropped-MEMURUN-SESI.png\",\"width\":238,\"height\":57,\"caption\":\"Memurun Sesi\"},\"image\":{\"@id\":\"https:\\\/\\\/memurunsesi.net\\\/#\\\/schema\\\/logo\\\/image\\\/\"},\"sameAs\":[\"https:\\\/\\\/www.facebook.com\\\/unipersen\\\/?locale=tr_TR\",\"https:\\\/\\\/x.com\\\/unipersen\"]},{\"@type\":\"Person\",\"@id\":\"https:\\\/\\\/memurunsesi.net\\\/#\\\/schema\\\/person\\\/f21c2d73b89f6ee1d80b0a1803e38587\",\"name\":\"Memurun Sesi Haber Merkezi\",\"image\":{\"@type\":\"ImageObject\",\"inLanguage\":\"tr\",\"@id\":\"https:\\\/\\\/secure.gravatar.com\\\/avatar\\\/6cf0505f452ee753f485014986fab09a434671d2b919ee76fc541025c5876a70?s=96&d=mm&r=g\",\"url\":\"https:\\\/\\\/secure.gravatar.com\\\/avatar\\\/6cf0505f452ee753f485014986fab09a434671d2b919ee76fc541025c5876a70?s=96&d=mm&r=g\",\"contentUrl\":\"https:\\\/\\\/secure.gravatar.com\\\/avatar\\\/6cf0505f452ee753f485014986fab09a434671d2b919ee76fc541025c5876a70?s=96&d=mm&r=g\",\"caption\":\"Memurun Sesi Haber Merkezi\"},\"sameAs\":[\"https:\\\/\\\/memurunsesi.net\"],\"url\":\"https:\\\/\\\/memurunsesi.net\\\/index.php\\\/author\\\/uniper\\\/\"}]}<\/script>\n<!-- \/ Yoast SEO plugin. -->","yoast_head_json":{"title":"\u0130srailli yerle\u015fimciler, Filistinlilere ait ev ve ara\u00e7lar\u0131 ate\u015fe verdi: En az 3 yaral\u0131 - Memurun Sesi","robots":{"index":"index","follow":"follow","max-snippet":"max-snippet:-1","max-image-preview":"max-image-preview:large","max-video-preview":"max-video-preview:-1"},"canonical":"https:\/\/memurunsesi.net\/index.php\/2025\/04\/02\/israilli-yerlesimciler-filistinlilere-ait-ev-ve-araclari-atese-verdi-en-az-3-yarali\/","og_locale":"tr_TR","og_type":"article","og_title":"\u0130srailli yerle\u015fimciler, Filistinlilere ait ev ve ara\u00e7lar\u0131 ate\u015fe verdi: En az 3 yaral\u0131 - Memurun Sesi","og_description":"\u0130\u015fgal alt\u0131ndaki Bat\u0131 \u015eeria&#8217;da bulunan Duma k\u00f6y\u00fcne sald\u0131ran \u0130srailli yerle\u015fimciler, Filistinlilere ait ev ve ara\u00e7lar\u0131 ate\u015fe verdi. En az 3 Filistinlinin yaraland\u0131\u011f\u0131 \u015fiddet olaylar\u0131n\u0131n ard\u0131ndan, \u0130srail ordusu b\u00f6lgeye g\u00fcvenlik g\u00fc\u00e7lerinin g\u00f6nderildi\u011fini duyurdu. \u0130srailli yerle\u015fimciler bir kez daha i\u015fgal alt\u0131ndaki Bat\u0131 \u015eeria&#8217;da ya\u015fayan Filistinlileri hedef ald\u0131. Filistin bas\u0131n\u0131nda yer alan haberlere g\u00f6re, Duma k\u00f6y\u00fcne sald\u0131ran yakla\u015f\u0131k [&hellip;]","og_url":"https:\/\/memurunsesi.net\/index.php\/2025\/04\/02\/israilli-yerlesimciler-filistinlilere-ait-ev-ve-araclari-atese-verdi-en-az-3-yarali\/","og_site_name":"Memurun Sesi","article_publisher":"https:\/\/www.facebook.com\/unipersen\/?locale=tr_TR","article_published_time":"2025-04-02T05:33:44+00:00","author":"Memurun Sesi Haber Merkezi","twitter_card":"summary_large_image","twitter_creator":"@unipersen","twitter_site":"@unipersen","twitter_misc":{"Yazan:":"Memurun Sesi Haber Merkezi","Tahmini okuma s\u00fcresi":"1 dakika"},"schema":{"@context":"https:\/\/schema.org","@graph":[{"@type":"Article","@id":"https:\/\/memurunsesi.net\/index.php\/2025\/04\/02\/israilli-yerlesimciler-filistinlilere-ait-ev-ve-araclari-atese-verdi-en-az-3-yarali\/#article","isPartOf":{"@id":"https:\/\/memurunsesi.net\/index.php\/2025\/04\/02\/israilli-yerlesimciler-filistinlilere-ait-ev-ve-araclari-atese-verdi-en-az-3-yarali\/"},"author":{"name":"Memurun Sesi Haber Merkezi","@id":"https:\/\/memurunsesi.net\/#\/schema\/person\/f21c2d73b89f6ee1d80b0a1803e38587"},"headline":"\u0130srailli yerle\u015fimciler, Filistinlilere ait ev ve ara\u00e7lar\u0131 ate\u015fe verdi: En az 3 yaral\u0131","datePublished":"2025-04-02T05:33:44+00:00","mainEntityOfPage":{"@id":"https:\/\/memurunsesi.net\/index.php\/2025\/04\/02\/israilli-yerlesimciler-filistinlilere-ait-ev-ve-araclari-atese-verdi-en-az-3-yarali\/"},"wordCount":186,"commentCount":0,"publisher":{"@id":"https:\/\/memurunsesi.net\/#organization"},"articleSection":["T\u00fcm Haberler"],"inLanguage":"tr","potentialAction":[{"@type":"CommentAction","name":"Comment","target":["https:\/\/memurunsesi.net\/index.php\/2025\/04\/02\/israilli-yerlesimciler-filistinlilere-ait-ev-ve-araclari-atese-verdi-en-az-3-yarali\/#respond"]}]},{"@type":"WebPage","@id":"https:\/\/memurunsesi.net\/index.php\/2025\/04\/02\/israilli-yerlesimciler-filistinlilere-ait-ev-ve-araclari-atese-verdi-en-az-3-yarali\/","url":"https:\/\/memurunsesi.net\/index.php\/2025\/04\/02\/israilli-yerlesimciler-filistinlilere-ait-ev-ve-araclari-atese-verdi-en-az-3-yarali\/","name":"\u0130srailli yerle\u015fimciler, Filistinlilere ait ev ve ara\u00e7lar\u0131 ate\u015fe verdi: En az 3 yaral\u0131 - Memurun Sesi","isPartOf":{"@id":"https:\/\/memurunsesi.net\/#website"},"datePublished":"2025-04-02T05:33:44+00:00","breadcrumb":{"@id":"https:\/\/memurunsesi.net\/index.php\/2025\/04\/02\/israilli-yerlesimciler-filistinlilere-ait-ev-ve-araclari-atese-verdi-en-az-3-yarali\/#breadcrumb"},"inLanguage":"tr","potentialAction":[{"@type":"ReadAction","target":["https:\/\/memurunsesi.net\/index.php\/2025\/04\/02\/israilli-yerlesimciler-filistinlilere-ait-ev-ve-araclari-atese-verdi-en-az-3-yarali\/"]}]},{"@type":"BreadcrumbList","@id":"https:\/\/memurunsesi.net\/index.php\/2025\/04\/02\/israilli-yerlesimciler-filistinlilere-ait-ev-ve-araclari-atese-verdi-en-az-3-yarali\/#breadcrumb","itemListElement":[{"@type":"ListItem","position":1,"name":"Anasayfa","item":"https:\/\/memurunsesi.net\/"},{"@type":"ListItem","position":2,"name":"\u0130srailli yerle\u015fimciler, Filistinlilere ait ev ve ara\u00e7lar\u0131 ate\u015fe verdi: En az 3 yaral\u0131"}]},{"@type":"WebSite","@id":"https:\/\/memurunsesi.net\/#website","url":"https:\/\/memurunsesi.net\/","name":"Memurun Sesi","description":"G\u00fcncel ve Do\u011fru Haber","publisher":{"@id":"https:\/\/memurunsesi.net\/#organization"},"potentialAction":[{"@type":"SearchAction","target":{"@type":"EntryPoint","urlTemplate":"https:\/\/memurunsesi.net\/?s={search_term_string}"},"query-input":{"@type":"PropertyValueSpecification","valueRequired":true,"valueName":"search_term_string"}}],"inLanguage":"tr"},{"@type":"Organization","@id":"https:\/\/memurunsesi.net\/#organization","name":"Memurun Sesi","url":"https:\/\/memurunsesi.net\/","logo":{"@type":"ImageObject","inLanguage":"tr","@id":"https:\/\/memurunsesi.net\/#\/schema\/logo\/image\/","url":"https:\/\/memurunsesi.net\/wp-content\/uploads\/2025\/11\/cropped-MEMURUN-SESI.png","contentUrl":"https:\/\/memurunsesi.net\/wp-content\/uploads\/2025\/11\/cropped-MEMURUN-SESI.png","width":238,"height":57,"caption":"Memurun Sesi"},"image":{"@id":"https:\/\/memurunsesi.net\/#\/schema\/logo\/image\/"},"sameAs":["https:\/\/www.facebook.com\/unipersen\/?locale=tr_TR","https:\/\/x.com\/unipersen"]},{"@type":"Person","@id":"https:\/\/memurunsesi.net\/#\/schema\/person\/f21c2d73b89f6ee1d80b0a1803e38587","name":"Memurun Sesi Haber Merkezi","image":{"@type":"ImageObject","inLanguage":"tr","@id":"https:\/\/secure.gravatar.com\/avatar\/6cf0505f452ee753f485014986fab09a434671d2b919ee76fc541025c5876a70?s=96&d=mm&r=g","url":"https:\/\/secure.gravatar.com\/avatar\/6cf0505f452ee753f485014986fab09a434671d2b919ee76fc541025c5876a70?s=96&d=mm&r=g","contentUrl":"https:\/\/secure.gravatar.com\/avatar\/6cf0505f452ee753f485014986fab09a434671d2b919ee76fc541025c5876a70?s=96&d=mm&r=g","caption":"Memurun Sesi Haber Merkezi"},"sameAs":["https:\/\/memurunsesi.net"],"url":"https:\/\/memurunsesi.net\/index.php\/author\/uniper\/"}]}},"_links":{"self":[{"href":"https:\/\/memurunsesi.net\/index.php\/wp-json\/wp\/v2\/posts\/4699","targetHints":{"allow":["GET"]}}],"collection":[{"href":"https:\/\/memurunsesi.net\/index.php\/wp-json\/wp\/v2\/posts"}],"about":[{"href":"https:\/\/memurunsesi.net\/index.php\/wp-json\/wp\/v2\/types\/post"}],"author":[{"embeddable":true,"href":"https:\/\/memurunsesi.net\/index.php\/wp-json\/wp\/v2\/users\/1"}],"replies":[{"embeddable":true,"href":"https:\/\/memurunsesi.net\/index.php\/wp-json\/wp\/v2\/comments?post=4699"}],"version-history":[{"count":1,"href":"https:\/\/memurunsesi.net\/index.php\/wp-json\/wp\/v2\/posts\/4699\/revisions"}],"predecessor-version":[{"id":4701,"href":"https:\/\/memurunsesi.net\/index.php\/wp-json\/wp\/v2\/posts\/4699\/revisions\/4701"}],"wp:attachment":[{"href":"https:\/\/memurunsesi.net\/index.php\/wp-json\/wp\/v2\/media?parent=4699"}],"wp:term":[{"taxonomy":"category","embeddable":true,"href":"https:\/\/memurunsesi.net\/index.php\/wp-json\/wp\/v2\/categories?post=4699"},{"taxonomy":"post_tag","embeddable":true,"href":"https:\/\/memurunsesi.net\/index.php\/wp-json\/wp\/v2\/tags?post=4699"}],"curies":[{"name":"wp","href":"https:\/\/api.w.org\/{rel}","templated":true}]}}