{"id":4705,"date":"2025-04-02T08:37:16","date_gmt":"2025-04-02T05:37:16","guid":{"rendered":"https:\/\/memurunsesi.net\/?p=4705"},"modified":"2025-04-02T08:37:16","modified_gmt":"2025-04-02T05:37:16","slug":"ercisin-dusman-isgalinden-kurtulusunun-107-yildonumu-kutlandi","status":"publish","type":"post","link":"https:\/\/memurunsesi.net\/index.php\/2025\/04\/02\/ercisin-dusman-isgalinden-kurtulusunun-107-yildonumu-kutlandi\/","title":{"rendered":"Erci\u015f&#8217;in d\u00fc\u015fman i\u015fgalinden kurtulu\u015funun 107. y\u0131ld\u00f6n\u00fcm\u00fc kutland\u0131"},"content":{"rendered":"<p>Van\u2019\u0131n Erci\u015f il\u00e7esinin d\u00fc\u015fman i\u015fgalinden kurtulu\u015funun 107. y\u0131ld\u00f6n\u00fcm\u00fc co\u015fkuyla kutland\u0131.<br \/>\nKaymakaml\u0131k \u00f6n\u00fcndeki Atat\u00fcrk b\u00fcst\u00fcne \u00e7elenk sunumu, sayg\u0131 durusu ve \u0130stiklal Mar\u015f\u0131\u2019n\u0131n okunmas\u0131yla ba\u015flayan programda konu\u015fma yapan Erci\u015f Kaymakam\u0131 Murat Karalo\u011flu, &#8220;K\u0131ymetli misafirler bug\u00fcn ayn\u0131 zamanda m\u00fcbarek Ramazan Bayram\u0131\u2019n\u0131n \u00fc\u00e7\u00fcnc\u00fc g\u00fcn\u00fc siz k\u0131ymetli Hazirun\u2019un Ramazan Bayram\u0131\u2019n\u0131 tebrik ediyor, bu m\u00fcbarek bayram\u0131n ba\u015fta Gazze olmak \u00fczere t\u00fcm \u0130slam co\u011frafyas\u0131na ve t\u00fcm insanl\u0131\u011fa bar\u0131\u015f, huzur, sa\u011fl\u0131k getirmesini temenni ediyorum. Bundan tam 107 y\u0131l \u00f6nce, 1915 y\u0131l\u0131nda, Osmanl\u0131 Devleti, Birinci D\u00fcnya Sava\u015f\u0131\u2019n\u0131n en \u00e7etin d\u00f6nemlerinden birini ya\u015f\u0131yordu. Do\u011fu Anadolu\u2019nun bir\u00e7ok b\u00f6lgesi gibi Erci\u015f de bu sava\u015f\u0131n en a\u011f\u0131r y\u00fck\u00fcn\u00fc ta\u015f\u0131yan yerlerden biri oldu. Rus \u0130mparatorlu\u011fu ve onlar\u0131n destekledi\u011fi Ermeni \u00e7eteleri, bu topraklar\u0131 i\u015fgal etti. Ancak Erci\u015f halk\u0131, vatan\u0131na, topra\u011f\u0131na ve namusuna sahip \u00e7\u0131kmak i\u00e7in kahramanca direndi. Bu b\u00fcy\u00fck m\u00fccadelede Ali \u0130hsan Pa\u015fa komutas\u0131ndaki 4. Kolordu&#8217;ya ba\u011fl\u0131 birlikler Erci\u015f\u2019i d\u00fc\u015fman i\u015fgalinden kurtarmak i\u00e7in harekete ge\u00e7ti. Bu kolorduya ba\u011fl\u0131 birlikler, zorlu k\u0131\u015f \u015fartlar\u0131na ra\u011fmen b\u00fcy\u00fck bir azimle sava\u015farak 1 Nisan 1918\u2019de Erci\u015f\u2019i d\u00fc\u015fmandan temizledi. Erci\u015f halk\u0131 da ordumuzla omuz omuza vererek, ba\u011f\u0131ms\u0131zl\u0131\u011f\u0131 u\u011fruna m\u00fccadele etti ve bu kutlu zaferin kazan\u0131lmas\u0131na katk\u0131 sa\u011flad\u0131. Bug\u00fcn bizler, bu aziz topraklarda \u00f6zg\u00fcrce ya\u015fayabiliyorsak, bunu kahraman ecdad\u0131m\u0131z\u0131n g\u00f6sterdi\u011fi fedak\u00e2rl\u0131klara bor\u00e7luyuz. Onlar, canlar\u0131 pahas\u0131na vatan\u0131 savundular; bizlere d\u00fc\u015fen ise onlar\u0131n emanetine sahip \u00e7\u0131kmak, birlik ve beraberlik i\u00e7inde \u00fclkemizi daha da ileri ta\u015f\u0131mak ve sahip \u00e7\u0131kmakt\u0131r. Bu duygu ve d\u00fc\u015f\u00fcncelerle, 1 Nisan 1918\u2019de Erci\u015f\u2019in kurtulu\u015fu i\u00e7in canlar\u0131n\u0131 feda eden aziz \u015fehitlerimizi rahmetle an\u0131yor, kahraman gazilerimize minnetlerimi sunuyorum. Bizlere bu cennet vatan\u0131 emanet eden t\u00fcm ecdad\u0131m\u0131z\u0131 sayg\u0131 ve \u015f\u00fckranla y\u00e2d ediyorum&#8221; dedi.<br \/>\nDaha sonra Tenzile Ana Okulu \u00f6\u011frencileri taraf\u0131ndan haz\u0131rlanan 1 Nisan Erci\u015f\u2019in d\u00fc\u015fman i\u015fgalinden kurtulu\u015funun 107. y\u0131ld\u00f6n\u00fcm\u00fc etkinlikleri izleyicilerin be\u011fenisine sunuldu.<br \/>\nKaymakam Karalo\u011flu ve protokol \u00fcyeleri ve g\u00f6steriyi sunan \u00f6\u011frencilerle halay \u00e7ekip birlikte hat\u0131ra foto\u011fraf\u0131 \u00e7ektirdiler. Programa; Erci\u015f Kaymakam\u0131 Murat Karalo\u011flu, 108. Alay Komutan\u0131 Top\u00e7u Albay Zafer Akka\u015f, Cumhuriyet Ba\u015fsavc\u0131s\u0131 V. G\u00f6khan Toprak, il\u00e7e protokol\u00fc, siyasi parti ba\u015fkanlar\u0131, kurum amirleri, \u00f6\u011frenciler, \u00f6\u011fretmenler ve \u00e7ok say\u0131da vatanda\u015f kat\u0131ld\u0131.<\/p>\n<p>2.04.2025<\/p>\n","protected":false},"excerpt":{"rendered":"<p>Van\u2019\u0131n Erci\u015f il\u00e7esinin d\u00fc\u015fman i\u015fgalinden kurtulu\u015funun 107. y\u0131ld\u00f6n\u00fcm\u00fc co\u015fkuyla kutland\u0131. Kaymakaml\u0131k \u00f6n\u00fcndeki Atat\u00fcrk b\u00fcst\u00fcne \u00e7elenk sunumu, sayg\u0131 durusu ve \u0130stiklal Mar\u015f\u0131\u2019n\u0131n okunmas\u0131yla ba\u015flayan programda konu\u015fma yapan Erci\u015f Kaymakam\u0131 Murat Karalo\u011flu, &#8220;K\u0131ymetli misafirler bug\u00fcn ayn\u0131 zamanda m\u00fcbarek Ramazan Bayram\u0131\u2019n\u0131n \u00fc\u00e7\u00fcnc\u00fc g\u00fcn\u00fc siz k\u0131ymetli Hazirun\u2019un Ramazan Bayram\u0131\u2019n\u0131 tebrik ediyor, bu m\u00fcbarek bayram\u0131n ba\u015fta Gazze olmak \u00fczere t\u00fcm [&hellip;]<\/p>\n","protected":false},"author":1,"featured_media":4706,"comment_status":"open","ping_status":"open","sticky":false,"template":"","format":"standard","meta":{"footnotes":""},"categories":[45],"tags":[],"class_list":["post-4705","post","type-post","status-publish","format-standard","has-post-thumbnail","hentry","category-gundem"],"yoast_head":"<!-- This site is optimized with the Yoast SEO plugin v27.4 - https:\/\/yoast.com\/product\/yoast-seo-wordpress\/ -->\n<title>Erci\u015f&#039;in d\u00fc\u015fman i\u015fgalinden kurtulu\u015funun 107. y\u0131ld\u00f6n\u00fcm\u00fc kutland\u0131 - Memurun Sesi<\/title>\n<meta name=\"robots\" content=\"index, follow, max-snippet:-1, max-image-preview:large, max-video-preview:-1\" \/>\n<link rel=\"canonical\" href=\"https:\/\/memurunsesi.net\/index.php\/2025\/04\/02\/ercisin-dusman-isgalinden-kurtulusunun-107-yildonumu-kutlandi\/\" \/>\n<meta property=\"og:locale\" content=\"tr_TR\" \/>\n<meta property=\"og:type\" content=\"article\" \/>\n<meta property=\"og:title\" content=\"Erci\u015f&#039;in d\u00fc\u015fman i\u015fgalinden kurtulu\u015funun 107. y\u0131ld\u00f6n\u00fcm\u00fc kutland\u0131 - Memurun Sesi\" \/>\n<meta property=\"og:description\" content=\"Van\u2019\u0131n Erci\u015f il\u00e7esinin d\u00fc\u015fman i\u015fgalinden kurtulu\u015funun 107. y\u0131ld\u00f6n\u00fcm\u00fc co\u015fkuyla kutland\u0131. Kaymakaml\u0131k \u00f6n\u00fcndeki Atat\u00fcrk b\u00fcst\u00fcne \u00e7elenk sunumu, sayg\u0131 durusu ve \u0130stiklal Mar\u015f\u0131\u2019n\u0131n okunmas\u0131yla ba\u015flayan programda konu\u015fma yapan Erci\u015f Kaymakam\u0131 Murat Karalo\u011flu, &#8220;K\u0131ymetli misafirler bug\u00fcn ayn\u0131 zamanda m\u00fcbarek Ramazan Bayram\u0131\u2019n\u0131n \u00fc\u00e7\u00fcnc\u00fc g\u00fcn\u00fc siz k\u0131ymetli Hazirun\u2019un Ramazan Bayram\u0131\u2019n\u0131 tebrik ediyor, bu m\u00fcbarek bayram\u0131n ba\u015fta Gazze olmak \u00fczere t\u00fcm [&hellip;]\" \/>\n<meta property=\"og:url\" content=\"https:\/\/memurunsesi.net\/index.php\/2025\/04\/02\/ercisin-dusman-isgalinden-kurtulusunun-107-yildonumu-kutlandi\/\" \/>\n<meta property=\"og:site_name\" content=\"Memurun Sesi\" \/>\n<meta property=\"article:publisher\" content=\"https:\/\/www.facebook.com\/unipersen\/?locale=tr_TR\" \/>\n<meta property=\"article:published_time\" content=\"2025-04-02T05:37:16+00:00\" \/>\n<meta property=\"og:image\" content=\"https:\/\/memurunsesi.net\/wp-content\/uploads\/2025\/04\/AW424524_01.jpg\" \/>\n\t<meta property=\"og:image:width\" content=\"2048\" \/>\n\t<meta property=\"og:image:height\" content=\"1366\" \/>\n\t<meta property=\"og:image:type\" content=\"image\/jpeg\" \/>\n<meta name=\"author\" content=\"Memurun Sesi Haber Merkezi\" \/>\n<meta name=\"twitter:card\" content=\"summary_large_image\" \/>\n<meta name=\"twitter:creator\" content=\"@unipersen\" \/>\n<meta name=\"twitter:site\" content=\"@unipersen\" \/>\n<meta name=\"twitter:label1\" content=\"Yazan:\" \/>\n\t<meta name=\"twitter:data1\" content=\"Memurun Sesi Haber Merkezi\" \/>\n\t<meta name=\"twitter:label2\" content=\"Tahmini okuma s\u00fcresi\" \/>\n\t<meta name=\"twitter:data2\" content=\"2 dakika\" \/>\n<script type=\"application\/ld+json\" class=\"yoast-schema-graph\">{\"@context\":\"https:\\\/\\\/schema.org\",\"@graph\":[{\"@type\":\"Article\",\"@id\":\"https:\\\/\\\/memurunsesi.net\\\/index.php\\\/2025\\\/04\\\/02\\\/ercisin-dusman-isgalinden-kurtulusunun-107-yildonumu-kutlandi\\\/#article\",\"isPartOf\":{\"@id\":\"https:\\\/\\\/memurunsesi.net\\\/index.php\\\/2025\\\/04\\\/02\\\/ercisin-dusman-isgalinden-kurtulusunun-107-yildonumu-kutlandi\\\/\"},\"author\":{\"name\":\"Memurun Sesi Haber Merkezi\",\"@id\":\"https:\\\/\\\/memurunsesi.net\\\/#\\\/schema\\\/person\\\/f21c2d73b89f6ee1d80b0a1803e38587\"},\"headline\":\"Erci\u015f&#8217;in d\u00fc\u015fman i\u015fgalinden kurtulu\u015funun 107. y\u0131ld\u00f6n\u00fcm\u00fc kutland\u0131\",\"datePublished\":\"2025-04-02T05:37:16+00:00\",\"mainEntityOfPage\":{\"@id\":\"https:\\\/\\\/memurunsesi.net\\\/index.php\\\/2025\\\/04\\\/02\\\/ercisin-dusman-isgalinden-kurtulusunun-107-yildonumu-kutlandi\\\/\"},\"wordCount\":458,\"commentCount\":0,\"publisher\":{\"@id\":\"https:\\\/\\\/memurunsesi.net\\\/#organization\"},\"image\":{\"@id\":\"https:\\\/\\\/memurunsesi.net\\\/index.php\\\/2025\\\/04\\\/02\\\/ercisin-dusman-isgalinden-kurtulusunun-107-yildonumu-kutlandi\\\/#primaryimage\"},\"thumbnailUrl\":\"https:\\\/\\\/memurunsesi.net\\\/wp-content\\\/uploads\\\/2025\\\/04\\\/AW424524_01.jpg\",\"articleSection\":[\"G\u00fcndem\"],\"inLanguage\":\"tr\",\"potentialAction\":[{\"@type\":\"CommentAction\",\"name\":\"Comment\",\"target\":[\"https:\\\/\\\/memurunsesi.net\\\/index.php\\\/2025\\\/04\\\/02\\\/ercisin-dusman-isgalinden-kurtulusunun-107-yildonumu-kutlandi\\\/#respond\"]}]},{\"@type\":\"WebPage\",\"@id\":\"https:\\\/\\\/memurunsesi.net\\\/index.php\\\/2025\\\/04\\\/02\\\/ercisin-dusman-isgalinden-kurtulusunun-107-yildonumu-kutlandi\\\/\",\"url\":\"https:\\\/\\\/memurunsesi.net\\\/index.php\\\/2025\\\/04\\\/02\\\/ercisin-dusman-isgalinden-kurtulusunun-107-yildonumu-kutlandi\\\/\",\"name\":\"Erci\u015f'in d\u00fc\u015fman i\u015fgalinden kurtulu\u015funun 107. y\u0131ld\u00f6n\u00fcm\u00fc kutland\u0131 - Memurun Sesi\",\"isPartOf\":{\"@id\":\"https:\\\/\\\/memurunsesi.net\\\/#website\"},\"primaryImageOfPage\":{\"@id\":\"https:\\\/\\\/memurunsesi.net\\\/index.php\\\/2025\\\/04\\\/02\\\/ercisin-dusman-isgalinden-kurtulusunun-107-yildonumu-kutlandi\\\/#primaryimage\"},\"image\":{\"@id\":\"https:\\\/\\\/memurunsesi.net\\\/index.php\\\/2025\\\/04\\\/02\\\/ercisin-dusman-isgalinden-kurtulusunun-107-yildonumu-kutlandi\\\/#primaryimage\"},\"thumbnailUrl\":\"https:\\\/\\\/memurunsesi.net\\\/wp-content\\\/uploads\\\/2025\\\/04\\\/AW424524_01.jpg\",\"datePublished\":\"2025-04-02T05:37:16+00:00\",\"breadcrumb\":{\"@id\":\"https:\\\/\\\/memurunsesi.net\\\/index.php\\\/2025\\\/04\\\/02\\\/ercisin-dusman-isgalinden-kurtulusunun-107-yildonumu-kutlandi\\\/#breadcrumb\"},\"inLanguage\":\"tr\",\"potentialAction\":[{\"@type\":\"ReadAction\",\"target\":[\"https:\\\/\\\/memurunsesi.net\\\/index.php\\\/2025\\\/04\\\/02\\\/ercisin-dusman-isgalinden-kurtulusunun-107-yildonumu-kutlandi\\\/\"]}]},{\"@type\":\"ImageObject\",\"inLanguage\":\"tr\",\"@id\":\"https:\\\/\\\/memurunsesi.net\\\/index.php\\\/2025\\\/04\\\/02\\\/ercisin-dusman-isgalinden-kurtulusunun-107-yildonumu-kutlandi\\\/#primaryimage\",\"url\":\"https:\\\/\\\/memurunsesi.net\\\/wp-content\\\/uploads\\\/2025\\\/04\\\/AW424524_01.jpg\",\"contentUrl\":\"https:\\\/\\\/memurunsesi.net\\\/wp-content\\\/uploads\\\/2025\\\/04\\\/AW424524_01.jpg\",\"width\":2048,\"height\":1366,\"caption\":\"\u00c7ELENK SUNUMU (MURAT KALKAN\\\/VAN-\u0130HA) Van'\u0131n Erci\u015f il\u00e7esinin d\u00fc\u015fman i\u015fgalinden kurtulu\u015funun 107. y\u0131ld\u00f6n\u00fcm\u00fc co\u015fkuyla kutland\u0131.\"},{\"@type\":\"BreadcrumbList\",\"@id\":\"https:\\\/\\\/memurunsesi.net\\\/index.php\\\/2025\\\/04\\\/02\\\/ercisin-dusman-isgalinden-kurtulusunun-107-yildonumu-kutlandi\\\/#breadcrumb\",\"itemListElement\":[{\"@type\":\"ListItem\",\"position\":1,\"name\":\"Anasayfa\",\"item\":\"https:\\\/\\\/memurunsesi.net\\\/\"},{\"@type\":\"ListItem\",\"position\":2,\"name\":\"Erci\u015f&#8217;in d\u00fc\u015fman i\u015fgalinden kurtulu\u015funun 107. y\u0131ld\u00f6n\u00fcm\u00fc kutland\u0131\"}]},{\"@type\":\"WebSite\",\"@id\":\"https:\\\/\\\/memurunsesi.net\\\/#website\",\"url\":\"https:\\\/\\\/memurunsesi.net\\\/\",\"name\":\"Memurun Sesi\",\"description\":\"G\u00fcncel ve Do\u011fru Haber\",\"publisher\":{\"@id\":\"https:\\\/\\\/memurunsesi.net\\\/#organization\"},\"potentialAction\":[{\"@type\":\"SearchAction\",\"target\":{\"@type\":\"EntryPoint\",\"urlTemplate\":\"https:\\\/\\\/memurunsesi.net\\\/?s={search_term_string}\"},\"query-input\":{\"@type\":\"PropertyValueSpecification\",\"valueRequired\":true,\"valueName\":\"search_term_string\"}}],\"inLanguage\":\"tr\"},{\"@type\":\"Organization\",\"@id\":\"https:\\\/\\\/memurunsesi.net\\\/#organization\",\"name\":\"Memurun Sesi\",\"url\":\"https:\\\/\\\/memurunsesi.net\\\/\",\"logo\":{\"@type\":\"ImageObject\",\"inLanguage\":\"tr\",\"@id\":\"https:\\\/\\\/memurunsesi.net\\\/#\\\/schema\\\/logo\\\/image\\\/\",\"url\":\"https:\\\/\\\/memurunsesi.net\\\/wp-content\\\/uploads\\\/2025\\\/11\\\/cropped-MEMURUN-SESI.png\",\"contentUrl\":\"https:\\\/\\\/memurunsesi.net\\\/wp-content\\\/uploads\\\/2025\\\/11\\\/cropped-MEMURUN-SESI.png\",\"width\":238,\"height\":57,\"caption\":\"Memurun Sesi\"},\"image\":{\"@id\":\"https:\\\/\\\/memurunsesi.net\\\/#\\\/schema\\\/logo\\\/image\\\/\"},\"sameAs\":[\"https:\\\/\\\/www.facebook.com\\\/unipersen\\\/?locale=tr_TR\",\"https:\\\/\\\/x.com\\\/unipersen\"]},{\"@type\":\"Person\",\"@id\":\"https:\\\/\\\/memurunsesi.net\\\/#\\\/schema\\\/person\\\/f21c2d73b89f6ee1d80b0a1803e38587\",\"name\":\"Memurun Sesi Haber Merkezi\",\"image\":{\"@type\":\"ImageObject\",\"inLanguage\":\"tr\",\"@id\":\"https:\\\/\\\/secure.gravatar.com\\\/avatar\\\/6cf0505f452ee753f485014986fab09a434671d2b919ee76fc541025c5876a70?s=96&d=mm&r=g\",\"url\":\"https:\\\/\\\/secure.gravatar.com\\\/avatar\\\/6cf0505f452ee753f485014986fab09a434671d2b919ee76fc541025c5876a70?s=96&d=mm&r=g\",\"contentUrl\":\"https:\\\/\\\/secure.gravatar.com\\\/avatar\\\/6cf0505f452ee753f485014986fab09a434671d2b919ee76fc541025c5876a70?s=96&d=mm&r=g\",\"caption\":\"Memurun Sesi Haber Merkezi\"},\"sameAs\":[\"https:\\\/\\\/memurunsesi.net\"],\"url\":\"https:\\\/\\\/memurunsesi.net\\\/index.php\\\/author\\\/uniper\\\/\"}]}<\/script>\n<!-- \/ Yoast SEO plugin. -->","yoast_head_json":{"title":"Erci\u015f'in d\u00fc\u015fman i\u015fgalinden kurtulu\u015funun 107. y\u0131ld\u00f6n\u00fcm\u00fc kutland\u0131 - Memurun Sesi","robots":{"index":"index","follow":"follow","max-snippet":"max-snippet:-1","max-image-preview":"max-image-preview:large","max-video-preview":"max-video-preview:-1"},"canonical":"https:\/\/memurunsesi.net\/index.php\/2025\/04\/02\/ercisin-dusman-isgalinden-kurtulusunun-107-yildonumu-kutlandi\/","og_locale":"tr_TR","og_type":"article","og_title":"Erci\u015f'in d\u00fc\u015fman i\u015fgalinden kurtulu\u015funun 107. y\u0131ld\u00f6n\u00fcm\u00fc kutland\u0131 - Memurun Sesi","og_description":"Van\u2019\u0131n Erci\u015f il\u00e7esinin d\u00fc\u015fman i\u015fgalinden kurtulu\u015funun 107. y\u0131ld\u00f6n\u00fcm\u00fc co\u015fkuyla kutland\u0131. Kaymakaml\u0131k \u00f6n\u00fcndeki Atat\u00fcrk b\u00fcst\u00fcne \u00e7elenk sunumu, sayg\u0131 durusu ve \u0130stiklal Mar\u015f\u0131\u2019n\u0131n okunmas\u0131yla ba\u015flayan programda konu\u015fma yapan Erci\u015f Kaymakam\u0131 Murat Karalo\u011flu, &#8220;K\u0131ymetli misafirler bug\u00fcn ayn\u0131 zamanda m\u00fcbarek Ramazan Bayram\u0131\u2019n\u0131n \u00fc\u00e7\u00fcnc\u00fc g\u00fcn\u00fc siz k\u0131ymetli Hazirun\u2019un Ramazan Bayram\u0131\u2019n\u0131 tebrik ediyor, bu m\u00fcbarek bayram\u0131n ba\u015fta Gazze olmak \u00fczere t\u00fcm [&hellip;]","og_url":"https:\/\/memurunsesi.net\/index.php\/2025\/04\/02\/ercisin-dusman-isgalinden-kurtulusunun-107-yildonumu-kutlandi\/","og_site_name":"Memurun Sesi","article_publisher":"https:\/\/www.facebook.com\/unipersen\/?locale=tr_TR","article_published_time":"2025-04-02T05:37:16+00:00","og_image":[{"width":2048,"height":1366,"url":"https:\/\/memurunsesi.net\/wp-content\/uploads\/2025\/04\/AW424524_01.jpg","type":"image\/jpeg"}],"author":"Memurun Sesi Haber Merkezi","twitter_card":"summary_large_image","twitter_creator":"@unipersen","twitter_site":"@unipersen","twitter_misc":{"Yazan:":"Memurun Sesi Haber Merkezi","Tahmini okuma s\u00fcresi":"2 dakika"},"schema":{"@context":"https:\/\/schema.org","@graph":[{"@type":"Article","@id":"https:\/\/memurunsesi.net\/index.php\/2025\/04\/02\/ercisin-dusman-isgalinden-kurtulusunun-107-yildonumu-kutlandi\/#article","isPartOf":{"@id":"https:\/\/memurunsesi.net\/index.php\/2025\/04\/02\/ercisin-dusman-isgalinden-kurtulusunun-107-yildonumu-kutlandi\/"},"author":{"name":"Memurun Sesi Haber Merkezi","@id":"https:\/\/memurunsesi.net\/#\/schema\/person\/f21c2d73b89f6ee1d80b0a1803e38587"},"headline":"Erci\u015f&#8217;in d\u00fc\u015fman i\u015fgalinden kurtulu\u015funun 107. y\u0131ld\u00f6n\u00fcm\u00fc kutland\u0131","datePublished":"2025-04-02T05:37:16+00:00","mainEntityOfPage":{"@id":"https:\/\/memurunsesi.net\/index.php\/2025\/04\/02\/ercisin-dusman-isgalinden-kurtulusunun-107-yildonumu-kutlandi\/"},"wordCount":458,"commentCount":0,"publisher":{"@id":"https:\/\/memurunsesi.net\/#organization"},"image":{"@id":"https:\/\/memurunsesi.net\/index.php\/2025\/04\/02\/ercisin-dusman-isgalinden-kurtulusunun-107-yildonumu-kutlandi\/#primaryimage"},"thumbnailUrl":"https:\/\/memurunsesi.net\/wp-content\/uploads\/2025\/04\/AW424524_01.jpg","articleSection":["G\u00fcndem"],"inLanguage":"tr","potentialAction":[{"@type":"CommentAction","name":"Comment","target":["https:\/\/memurunsesi.net\/index.php\/2025\/04\/02\/ercisin-dusman-isgalinden-kurtulusunun-107-yildonumu-kutlandi\/#respond"]}]},{"@type":"WebPage","@id":"https:\/\/memurunsesi.net\/index.php\/2025\/04\/02\/ercisin-dusman-isgalinden-kurtulusunun-107-yildonumu-kutlandi\/","url":"https:\/\/memurunsesi.net\/index.php\/2025\/04\/02\/ercisin-dusman-isgalinden-kurtulusunun-107-yildonumu-kutlandi\/","name":"Erci\u015f'in d\u00fc\u015fman i\u015fgalinden kurtulu\u015funun 107. y\u0131ld\u00f6n\u00fcm\u00fc kutland\u0131 - Memurun Sesi","isPartOf":{"@id":"https:\/\/memurunsesi.net\/#website"},"primaryImageOfPage":{"@id":"https:\/\/memurunsesi.net\/index.php\/2025\/04\/02\/ercisin-dusman-isgalinden-kurtulusunun-107-yildonumu-kutlandi\/#primaryimage"},"image":{"@id":"https:\/\/memurunsesi.net\/index.php\/2025\/04\/02\/ercisin-dusman-isgalinden-kurtulusunun-107-yildonumu-kutlandi\/#primaryimage"},"thumbnailUrl":"https:\/\/memurunsesi.net\/wp-content\/uploads\/2025\/04\/AW424524_01.jpg","datePublished":"2025-04-02T05:37:16+00:00","breadcrumb":{"@id":"https:\/\/memurunsesi.net\/index.php\/2025\/04\/02\/ercisin-dusman-isgalinden-kurtulusunun-107-yildonumu-kutlandi\/#breadcrumb"},"inLanguage":"tr","potentialAction":[{"@type":"ReadAction","target":["https:\/\/memurunsesi.net\/index.php\/2025\/04\/02\/ercisin-dusman-isgalinden-kurtulusunun-107-yildonumu-kutlandi\/"]}]},{"@type":"ImageObject","inLanguage":"tr","@id":"https:\/\/memurunsesi.net\/index.php\/2025\/04\/02\/ercisin-dusman-isgalinden-kurtulusunun-107-yildonumu-kutlandi\/#primaryimage","url":"https:\/\/memurunsesi.net\/wp-content\/uploads\/2025\/04\/AW424524_01.jpg","contentUrl":"https:\/\/memurunsesi.net\/wp-content\/uploads\/2025\/04\/AW424524_01.jpg","width":2048,"height":1366,"caption":"\u00c7ELENK SUNUMU (MURAT KALKAN\/VAN-\u0130HA) Van'\u0131n Erci\u015f il\u00e7esinin d\u00fc\u015fman i\u015fgalinden kurtulu\u015funun 107. y\u0131ld\u00f6n\u00fcm\u00fc co\u015fkuyla kutland\u0131."},{"@type":"BreadcrumbList","@id":"https:\/\/memurunsesi.net\/index.php\/2025\/04\/02\/ercisin-dusman-isgalinden-kurtulusunun-107-yildonumu-kutlandi\/#breadcrumb","itemListElement":[{"@type":"ListItem","position":1,"name":"Anasayfa","item":"https:\/\/memurunsesi.net\/"},{"@type":"ListItem","position":2,"name":"Erci\u015f&#8217;in d\u00fc\u015fman i\u015fgalinden kurtulu\u015funun 107. y\u0131ld\u00f6n\u00fcm\u00fc kutland\u0131"}]},{"@type":"WebSite","@id":"https:\/\/memurunsesi.net\/#website","url":"https:\/\/memurunsesi.net\/","name":"Memurun Sesi","description":"G\u00fcncel ve Do\u011fru Haber","publisher":{"@id":"https:\/\/memurunsesi.net\/#organization"},"potentialAction":[{"@type":"SearchAction","target":{"@type":"EntryPoint","urlTemplate":"https:\/\/memurunsesi.net\/?s={search_term_string}"},"query-input":{"@type":"PropertyValueSpecification","valueRequired":true,"valueName":"search_term_string"}}],"inLanguage":"tr"},{"@type":"Organization","@id":"https:\/\/memurunsesi.net\/#organization","name":"Memurun Sesi","url":"https:\/\/memurunsesi.net\/","logo":{"@type":"ImageObject","inLanguage":"tr","@id":"https:\/\/memurunsesi.net\/#\/schema\/logo\/image\/","url":"https:\/\/memurunsesi.net\/wp-content\/uploads\/2025\/11\/cropped-MEMURUN-SESI.png","contentUrl":"https:\/\/memurunsesi.net\/wp-content\/uploads\/2025\/11\/cropped-MEMURUN-SESI.png","width":238,"height":57,"caption":"Memurun Sesi"},"image":{"@id":"https:\/\/memurunsesi.net\/#\/schema\/logo\/image\/"},"sameAs":["https:\/\/www.facebook.com\/unipersen\/?locale=tr_TR","https:\/\/x.com\/unipersen"]},{"@type":"Person","@id":"https:\/\/memurunsesi.net\/#\/schema\/person\/f21c2d73b89f6ee1d80b0a1803e38587","name":"Memurun Sesi Haber Merkezi","image":{"@type":"ImageObject","inLanguage":"tr","@id":"https:\/\/secure.gravatar.com\/avatar\/6cf0505f452ee753f485014986fab09a434671d2b919ee76fc541025c5876a70?s=96&d=mm&r=g","url":"https:\/\/secure.gravatar.com\/avatar\/6cf0505f452ee753f485014986fab09a434671d2b919ee76fc541025c5876a70?s=96&d=mm&r=g","contentUrl":"https:\/\/secure.gravatar.com\/avatar\/6cf0505f452ee753f485014986fab09a434671d2b919ee76fc541025c5876a70?s=96&d=mm&r=g","caption":"Memurun Sesi Haber Merkezi"},"sameAs":["https:\/\/memurunsesi.net"],"url":"https:\/\/memurunsesi.net\/index.php\/author\/uniper\/"}]}},"_links":{"self":[{"href":"https:\/\/memurunsesi.net\/index.php\/wp-json\/wp\/v2\/posts\/4705","targetHints":{"allow":["GET"]}}],"collection":[{"href":"https:\/\/memurunsesi.net\/index.php\/wp-json\/wp\/v2\/posts"}],"about":[{"href":"https:\/\/memurunsesi.net\/index.php\/wp-json\/wp\/v2\/types\/post"}],"author":[{"embeddable":true,"href":"https:\/\/memurunsesi.net\/index.php\/wp-json\/wp\/v2\/users\/1"}],"replies":[{"embeddable":true,"href":"https:\/\/memurunsesi.net\/index.php\/wp-json\/wp\/v2\/comments?post=4705"}],"version-history":[{"count":1,"href":"https:\/\/memurunsesi.net\/index.php\/wp-json\/wp\/v2\/posts\/4705\/revisions"}],"predecessor-version":[{"id":4707,"href":"https:\/\/memurunsesi.net\/index.php\/wp-json\/wp\/v2\/posts\/4705\/revisions\/4707"}],"wp:featuredmedia":[{"embeddable":true,"href":"https:\/\/memurunsesi.net\/index.php\/wp-json\/wp\/v2\/media\/4706"}],"wp:attachment":[{"href":"https:\/\/memurunsesi.net\/index.php\/wp-json\/wp\/v2\/media?parent=4705"}],"wp:term":[{"taxonomy":"category","embeddable":true,"href":"https:\/\/memurunsesi.net\/index.php\/wp-json\/wp\/v2\/categories?post=4705"},{"taxonomy":"post_tag","embeddable":true,"href":"https:\/\/memurunsesi.net\/index.php\/wp-json\/wp\/v2\/tags?post=4705"}],"curies":[{"name":"wp","href":"https:\/\/api.w.org\/{rel}","templated":true}]}}