{"id":4714,"date":"2025-04-02T08:42:22","date_gmt":"2025-04-02T05:42:22","guid":{"rendered":"https:\/\/memurunsesi.net\/?p=4714"},"modified":"2025-04-02T08:42:22","modified_gmt":"2025-04-02T05:42:22","slug":"volkan-konakin-kizi-simal-konak-cenaze-toreninde-fenalasti","status":"publish","type":"post","link":"https:\/\/memurunsesi.net\/index.php\/2025\/04\/02\/volkan-konakin-kizi-simal-konak-cenaze-toreninde-fenalasti\/","title":{"rendered":"Volkan Konak&#8217;\u0131n k\u0131z\u0131 \u015eimal Konak cenaze t\u00f6reninde fenala\u015ft\u0131"},"content":{"rendered":"<p>\u00dcnl\u00fc sanat\u00e7\u0131 Volkan Konak&#8217;\u0131n cenaze t\u00f6reninde yo\u011funluk<\/p>\n<p>\u00d6nceki g\u00fcn KKTC\u2019de konser esnas\u0131nda sahnede fenala\u015farak kald\u0131r\u0131ld\u0131\u011f\u0131 hastanede hayat\u0131n\u0131 kaybeden \u00fcnl\u00fc sanat\u00e7\u0131 Volkan Konak i\u00e7in bug\u00fcn \u0130stanbul\u2019da cenaze t\u00f6reni d\u00fczenlendi. Yo\u011funluk nedeniyle \u00fcnl\u00fc sanat\u00e7\u0131n\u0131n k\u0131z\u0131 \u015eimal Konak fenala\u015farak bay\u0131l\u0131rken, sa\u011fl\u0131k ekipleri taraf\u0131ndan sakinle\u015ftirilmeye \u00e7al\u0131\u015f\u0131ld\u0131.<br \/>\nKuzey K\u0131br\u0131s T\u00fcrk Cumhuriyeti&#8217;nde (KKTC) konser s\u0131ras\u0131nda fenala\u015farak yere y\u0131\u011f\u0131lan ve kald\u0131r\u0131ld\u0131\u011f\u0131 hastanede hayat\u0131n\u0131 kaybeden \u00fcnl\u00fc sanat\u00e7\u0131 Volkan Konak&#8217;\u0131n cenazesi d\u00fcn ak\u015fam \u0130stanbul&#8217;a getirildi. \u00dcnl\u00fc sanat\u00e7\u0131 i\u00e7in bug\u00fcn \u0130stanbul\u2019da cenaze t\u00f6reni d\u00fczenlendi. Levent\u2019te bulunan Barbaros Hayrettin Pa\u015fa Camisi&#8217;nde d\u00fczenlenen cenaze t\u00f6reni \u00f6ncesinde yo\u011funluk ya\u015fand\u0131. \u00dcnl\u00fc sanat\u00e7\u0131 Volkan Konak\u2019\u0131n k\u0131z\u0131 \u015eimal Konak, cenaze t\u00f6reninde dayanamayarak fenala\u015ft\u0131. Bayg\u0131nl\u0131k ge\u00e7iren \u015eimal Konak daha sonra ambulansa g\u00f6t\u00fcr\u00fclerek sakinle\u015ftirilmeye \u00e7al\u0131\u015f\u0131ld\u0131.<br \/>\n\u00dcnl\u00fc sanat\u00e7\u0131 Volkan Konak, \u00f6\u011fle namaz\u0131 sonras\u0131 k\u0131l\u0131nacak olan cenaze namaz\u0131n\u0131n ard\u0131ndan memleketi Trabzon\u2019a g\u00f6t\u00fcr\u00fclecek.<\/p>\n<p>2.04.2025<\/p>\n","protected":false},"excerpt":{"rendered":"<p>\u00dcnl\u00fc sanat\u00e7\u0131 Volkan Konak&#8217;\u0131n cenaze t\u00f6reninde yo\u011funluk \u00d6nceki g\u00fcn KKTC\u2019de konser esnas\u0131nda sahnede fenala\u015farak kald\u0131r\u0131ld\u0131\u011f\u0131 hastanede hayat\u0131n\u0131 kaybeden \u00fcnl\u00fc sanat\u00e7\u0131 Volkan Konak i\u00e7in bug\u00fcn \u0130stanbul\u2019da cenaze t\u00f6reni d\u00fczenlendi. Yo\u011funluk nedeniyle \u00fcnl\u00fc sanat\u00e7\u0131n\u0131n k\u0131z\u0131 \u015eimal Konak fenala\u015farak bay\u0131l\u0131rken, sa\u011fl\u0131k ekipleri taraf\u0131ndan sakinle\u015ftirilmeye \u00e7al\u0131\u015f\u0131ld\u0131. Kuzey K\u0131br\u0131s T\u00fcrk Cumhuriyeti&#8217;nde (KKTC) konser s\u0131ras\u0131nda fenala\u015farak yere y\u0131\u011f\u0131lan ve kald\u0131r\u0131ld\u0131\u011f\u0131 hastanede [&hellip;]<\/p>\n","protected":false},"author":1,"featured_media":4715,"comment_status":"open","ping_status":"open","sticky":false,"template":"","format":"standard","meta":{"footnotes":""},"categories":[45],"tags":[],"class_list":["post-4714","post","type-post","status-publish","format-standard","has-post-thumbnail","hentry","category-gundem"],"yoast_head":"<!-- This site is optimized with the Yoast SEO plugin v27.4 - https:\/\/yoast.com\/product\/yoast-seo-wordpress\/ -->\n<title>Volkan Konak&#039;\u0131n k\u0131z\u0131 \u015eimal Konak cenaze t\u00f6reninde fenala\u015ft\u0131 - Memurun Sesi<\/title>\n<meta name=\"robots\" content=\"index, follow, max-snippet:-1, max-image-preview:large, max-video-preview:-1\" \/>\n<link rel=\"canonical\" href=\"https:\/\/memurunsesi.net\/index.php\/2025\/04\/02\/volkan-konakin-kizi-simal-konak-cenaze-toreninde-fenalasti\/\" \/>\n<meta property=\"og:locale\" content=\"tr_TR\" \/>\n<meta property=\"og:type\" content=\"article\" \/>\n<meta property=\"og:title\" content=\"Volkan Konak&#039;\u0131n k\u0131z\u0131 \u015eimal Konak cenaze t\u00f6reninde fenala\u015ft\u0131 - Memurun Sesi\" \/>\n<meta property=\"og:description\" content=\"\u00dcnl\u00fc sanat\u00e7\u0131 Volkan Konak&#8217;\u0131n cenaze t\u00f6reninde yo\u011funluk \u00d6nceki g\u00fcn KKTC\u2019de konser esnas\u0131nda sahnede fenala\u015farak kald\u0131r\u0131ld\u0131\u011f\u0131 hastanede hayat\u0131n\u0131 kaybeden \u00fcnl\u00fc sanat\u00e7\u0131 Volkan Konak i\u00e7in bug\u00fcn \u0130stanbul\u2019da cenaze t\u00f6reni d\u00fczenlendi. Yo\u011funluk nedeniyle \u00fcnl\u00fc sanat\u00e7\u0131n\u0131n k\u0131z\u0131 \u015eimal Konak fenala\u015farak bay\u0131l\u0131rken, sa\u011fl\u0131k ekipleri taraf\u0131ndan sakinle\u015ftirilmeye \u00e7al\u0131\u015f\u0131ld\u0131. Kuzey K\u0131br\u0131s T\u00fcrk Cumhuriyeti&#8217;nde (KKTC) konser s\u0131ras\u0131nda fenala\u015farak yere y\u0131\u011f\u0131lan ve kald\u0131r\u0131ld\u0131\u011f\u0131 hastanede [&hellip;]\" \/>\n<meta property=\"og:url\" content=\"https:\/\/memurunsesi.net\/index.php\/2025\/04\/02\/volkan-konakin-kizi-simal-konak-cenaze-toreninde-fenalasti\/\" \/>\n<meta property=\"og:site_name\" content=\"Memurun Sesi\" \/>\n<meta property=\"article:publisher\" content=\"https:\/\/www.facebook.com\/unipersen\/?locale=tr_TR\" \/>\n<meta property=\"article:published_time\" content=\"2025-04-02T05:42:22+00:00\" \/>\n<meta property=\"og:image\" content=\"https:\/\/memurunsesi.net\/wp-content\/uploads\/2025\/04\/AW424296_01.jpg\" \/>\n\t<meta property=\"og:image:width\" content=\"2048\" \/>\n\t<meta property=\"og:image:height\" content=\"1152\" \/>\n\t<meta property=\"og:image:type\" content=\"image\/jpeg\" \/>\n<meta name=\"author\" content=\"Memurun Sesi Haber Merkezi\" \/>\n<meta name=\"twitter:card\" content=\"summary_large_image\" \/>\n<meta name=\"twitter:creator\" content=\"@unipersen\" \/>\n<meta name=\"twitter:site\" content=\"@unipersen\" \/>\n<meta name=\"twitter:label1\" content=\"Yazan:\" \/>\n\t<meta name=\"twitter:data1\" content=\"Memurun Sesi Haber Merkezi\" \/>\n\t<meta name=\"twitter:label2\" content=\"Tahmini okuma s\u00fcresi\" \/>\n\t<meta name=\"twitter:data2\" content=\"1 dakika\" \/>\n<script type=\"application\/ld+json\" class=\"yoast-schema-graph\">{\"@context\":\"https:\\\/\\\/schema.org\",\"@graph\":[{\"@type\":\"Article\",\"@id\":\"https:\\\/\\\/memurunsesi.net\\\/index.php\\\/2025\\\/04\\\/02\\\/volkan-konakin-kizi-simal-konak-cenaze-toreninde-fenalasti\\\/#article\",\"isPartOf\":{\"@id\":\"https:\\\/\\\/memurunsesi.net\\\/index.php\\\/2025\\\/04\\\/02\\\/volkan-konakin-kizi-simal-konak-cenaze-toreninde-fenalasti\\\/\"},\"author\":{\"name\":\"Memurun Sesi Haber Merkezi\",\"@id\":\"https:\\\/\\\/memurunsesi.net\\\/#\\\/schema\\\/person\\\/f21c2d73b89f6ee1d80b0a1803e38587\"},\"headline\":\"Volkan Konak&#8217;\u0131n k\u0131z\u0131 \u015eimal Konak cenaze t\u00f6reninde fenala\u015ft\u0131\",\"datePublished\":\"2025-04-02T05:42:22+00:00\",\"mainEntityOfPage\":{\"@id\":\"https:\\\/\\\/memurunsesi.net\\\/index.php\\\/2025\\\/04\\\/02\\\/volkan-konakin-kizi-simal-konak-cenaze-toreninde-fenalasti\\\/\"},\"wordCount\":209,\"commentCount\":0,\"publisher\":{\"@id\":\"https:\\\/\\\/memurunsesi.net\\\/#organization\"},\"image\":{\"@id\":\"https:\\\/\\\/memurunsesi.net\\\/index.php\\\/2025\\\/04\\\/02\\\/volkan-konakin-kizi-simal-konak-cenaze-toreninde-fenalasti\\\/#primaryimage\"},\"thumbnailUrl\":\"https:\\\/\\\/memurunsesi.net\\\/wp-content\\\/uploads\\\/2025\\\/04\\\/AW424296_01.jpg\",\"articleSection\":[\"G\u00fcndem\"],\"inLanguage\":\"tr\",\"potentialAction\":[{\"@type\":\"CommentAction\",\"name\":\"Comment\",\"target\":[\"https:\\\/\\\/memurunsesi.net\\\/index.php\\\/2025\\\/04\\\/02\\\/volkan-konakin-kizi-simal-konak-cenaze-toreninde-fenalasti\\\/#respond\"]}]},{\"@type\":\"WebPage\",\"@id\":\"https:\\\/\\\/memurunsesi.net\\\/index.php\\\/2025\\\/04\\\/02\\\/volkan-konakin-kizi-simal-konak-cenaze-toreninde-fenalasti\\\/\",\"url\":\"https:\\\/\\\/memurunsesi.net\\\/index.php\\\/2025\\\/04\\\/02\\\/volkan-konakin-kizi-simal-konak-cenaze-toreninde-fenalasti\\\/\",\"name\":\"Volkan Konak'\u0131n k\u0131z\u0131 \u015eimal Konak cenaze t\u00f6reninde fenala\u015ft\u0131 - Memurun Sesi\",\"isPartOf\":{\"@id\":\"https:\\\/\\\/memurunsesi.net\\\/#website\"},\"primaryImageOfPage\":{\"@id\":\"https:\\\/\\\/memurunsesi.net\\\/index.php\\\/2025\\\/04\\\/02\\\/volkan-konakin-kizi-simal-konak-cenaze-toreninde-fenalasti\\\/#primaryimage\"},\"image\":{\"@id\":\"https:\\\/\\\/memurunsesi.net\\\/index.php\\\/2025\\\/04\\\/02\\\/volkan-konakin-kizi-simal-konak-cenaze-toreninde-fenalasti\\\/#primaryimage\"},\"thumbnailUrl\":\"https:\\\/\\\/memurunsesi.net\\\/wp-content\\\/uploads\\\/2025\\\/04\\\/AW424296_01.jpg\",\"datePublished\":\"2025-04-02T05:42:22+00:00\",\"breadcrumb\":{\"@id\":\"https:\\\/\\\/memurunsesi.net\\\/index.php\\\/2025\\\/04\\\/02\\\/volkan-konakin-kizi-simal-konak-cenaze-toreninde-fenalasti\\\/#breadcrumb\"},\"inLanguage\":\"tr\",\"potentialAction\":[{\"@type\":\"ReadAction\",\"target\":[\"https:\\\/\\\/memurunsesi.net\\\/index.php\\\/2025\\\/04\\\/02\\\/volkan-konakin-kizi-simal-konak-cenaze-toreninde-fenalasti\\\/\"]}]},{\"@type\":\"ImageObject\",\"inLanguage\":\"tr\",\"@id\":\"https:\\\/\\\/memurunsesi.net\\\/index.php\\\/2025\\\/04\\\/02\\\/volkan-konakin-kizi-simal-konak-cenaze-toreninde-fenalasti\\\/#primaryimage\",\"url\":\"https:\\\/\\\/memurunsesi.net\\\/wp-content\\\/uploads\\\/2025\\\/04\\\/AW424296_01.jpg\",\"contentUrl\":\"https:\\\/\\\/memurunsesi.net\\\/wp-content\\\/uploads\\\/2025\\\/04\\\/AW424296_01.jpg\",\"width\":2048,\"height\":1152,\"caption\":\"\u00d6NCEK\u0130 G\u00dcN KKTC'DE KONSER ESNASINDA SAHNEDE FENALA\u015eARAK KALDIRILDI\u011eI HASTANEDE HAYATINI KAYBEDEN \u00dcNL\u00dc SANAT\u00c7I VOLKAN KONAK \u0130\u00c7\u0130N BUG\u00dcN \u0130STANBUL'DA CENAZE T\u00d6REN\u0130 D\u00dcZENLEND\u0130. YO\u011eUNLUK NEDEN\u0130YLE \u00dcNL\u00dc SANAT\u00c7ININ KIZI \u015e\u0130MAL KONAK FENALA\u015eARAK BAYILIRKEN, SA\u011eLIK EK\u0130PLER\u0130 TARAFINDAN SAK\u0130NLE\u015eT\u0130R\u0130LMEYE \u00c7ALI\u015eILDI. (BERK SOYDAN - SAL\u0130H EMRE KA\u015eKAYA - \u015e\u00dcHEDA KIRO\u011eLU\\\/\u0130STANBUL-\u0130HA) \u00d6nceki g\u00fcn KKTC'de konser esnas\u0131nda sahnede fenala\u015farak kald\u0131r\u0131ld\u0131\u011f\u0131 hastanede hayat\u0131n\u0131 kaybeden \u00fcnl\u00fc sanat\u00e7\u0131 Volkan Konak i\u00e7in bug\u00fcn \u0130stanbul'da cenaze t\u00f6reni d\u00fczenlendi. Yo\u011funluk nedeniyle \u00fcnl\u00fc sanat\u00e7\u0131n\u0131n k\u0131z\u0131 \u015eimal Konak fenala\u015farak bay\u0131l\u0131rken, sa\u011fl\u0131k ekipleri taraf\u0131ndan sakinle\u015ftirilmeye \u00e7al\u0131\u015f\u0131ld\u0131.\"},{\"@type\":\"BreadcrumbList\",\"@id\":\"https:\\\/\\\/memurunsesi.net\\\/index.php\\\/2025\\\/04\\\/02\\\/volkan-konakin-kizi-simal-konak-cenaze-toreninde-fenalasti\\\/#breadcrumb\",\"itemListElement\":[{\"@type\":\"ListItem\",\"position\":1,\"name\":\"Anasayfa\",\"item\":\"https:\\\/\\\/memurunsesi.net\\\/\"},{\"@type\":\"ListItem\",\"position\":2,\"name\":\"Volkan Konak&#8217;\u0131n k\u0131z\u0131 \u015eimal Konak cenaze t\u00f6reninde fenala\u015ft\u0131\"}]},{\"@type\":\"WebSite\",\"@id\":\"https:\\\/\\\/memurunsesi.net\\\/#website\",\"url\":\"https:\\\/\\\/memurunsesi.net\\\/\",\"name\":\"Memurun Sesi\",\"description\":\"G\u00fcncel ve Do\u011fru Haber\",\"publisher\":{\"@id\":\"https:\\\/\\\/memurunsesi.net\\\/#organization\"},\"potentialAction\":[{\"@type\":\"SearchAction\",\"target\":{\"@type\":\"EntryPoint\",\"urlTemplate\":\"https:\\\/\\\/memurunsesi.net\\\/?s={search_term_string}\"},\"query-input\":{\"@type\":\"PropertyValueSpecification\",\"valueRequired\":true,\"valueName\":\"search_term_string\"}}],\"inLanguage\":\"tr\"},{\"@type\":\"Organization\",\"@id\":\"https:\\\/\\\/memurunsesi.net\\\/#organization\",\"name\":\"Memurun Sesi\",\"url\":\"https:\\\/\\\/memurunsesi.net\\\/\",\"logo\":{\"@type\":\"ImageObject\",\"inLanguage\":\"tr\",\"@id\":\"https:\\\/\\\/memurunsesi.net\\\/#\\\/schema\\\/logo\\\/image\\\/\",\"url\":\"https:\\\/\\\/memurunsesi.net\\\/wp-content\\\/uploads\\\/2025\\\/11\\\/cropped-MEMURUN-SESI.png\",\"contentUrl\":\"https:\\\/\\\/memurunsesi.net\\\/wp-content\\\/uploads\\\/2025\\\/11\\\/cropped-MEMURUN-SESI.png\",\"width\":238,\"height\":57,\"caption\":\"Memurun Sesi\"},\"image\":{\"@id\":\"https:\\\/\\\/memurunsesi.net\\\/#\\\/schema\\\/logo\\\/image\\\/\"},\"sameAs\":[\"https:\\\/\\\/www.facebook.com\\\/unipersen\\\/?locale=tr_TR\",\"https:\\\/\\\/x.com\\\/unipersen\"]},{\"@type\":\"Person\",\"@id\":\"https:\\\/\\\/memurunsesi.net\\\/#\\\/schema\\\/person\\\/f21c2d73b89f6ee1d80b0a1803e38587\",\"name\":\"Memurun Sesi Haber Merkezi\",\"image\":{\"@type\":\"ImageObject\",\"inLanguage\":\"tr\",\"@id\":\"https:\\\/\\\/secure.gravatar.com\\\/avatar\\\/6cf0505f452ee753f485014986fab09a434671d2b919ee76fc541025c5876a70?s=96&d=mm&r=g\",\"url\":\"https:\\\/\\\/secure.gravatar.com\\\/avatar\\\/6cf0505f452ee753f485014986fab09a434671d2b919ee76fc541025c5876a70?s=96&d=mm&r=g\",\"contentUrl\":\"https:\\\/\\\/secure.gravatar.com\\\/avatar\\\/6cf0505f452ee753f485014986fab09a434671d2b919ee76fc541025c5876a70?s=96&d=mm&r=g\",\"caption\":\"Memurun Sesi Haber Merkezi\"},\"sameAs\":[\"https:\\\/\\\/memurunsesi.net\"],\"url\":\"https:\\\/\\\/memurunsesi.net\\\/index.php\\\/author\\\/uniper\\\/\"}]}<\/script>\n<!-- \/ Yoast SEO plugin. -->","yoast_head_json":{"title":"Volkan Konak'\u0131n k\u0131z\u0131 \u015eimal Konak cenaze t\u00f6reninde fenala\u015ft\u0131 - Memurun Sesi","robots":{"index":"index","follow":"follow","max-snippet":"max-snippet:-1","max-image-preview":"max-image-preview:large","max-video-preview":"max-video-preview:-1"},"canonical":"https:\/\/memurunsesi.net\/index.php\/2025\/04\/02\/volkan-konakin-kizi-simal-konak-cenaze-toreninde-fenalasti\/","og_locale":"tr_TR","og_type":"article","og_title":"Volkan Konak'\u0131n k\u0131z\u0131 \u015eimal Konak cenaze t\u00f6reninde fenala\u015ft\u0131 - Memurun Sesi","og_description":"\u00dcnl\u00fc sanat\u00e7\u0131 Volkan Konak&#8217;\u0131n cenaze t\u00f6reninde yo\u011funluk \u00d6nceki g\u00fcn KKTC\u2019de konser esnas\u0131nda sahnede fenala\u015farak kald\u0131r\u0131ld\u0131\u011f\u0131 hastanede hayat\u0131n\u0131 kaybeden \u00fcnl\u00fc sanat\u00e7\u0131 Volkan Konak i\u00e7in bug\u00fcn \u0130stanbul\u2019da cenaze t\u00f6reni d\u00fczenlendi. Yo\u011funluk nedeniyle \u00fcnl\u00fc sanat\u00e7\u0131n\u0131n k\u0131z\u0131 \u015eimal Konak fenala\u015farak bay\u0131l\u0131rken, sa\u011fl\u0131k ekipleri taraf\u0131ndan sakinle\u015ftirilmeye \u00e7al\u0131\u015f\u0131ld\u0131. Kuzey K\u0131br\u0131s T\u00fcrk Cumhuriyeti&#8217;nde (KKTC) konser s\u0131ras\u0131nda fenala\u015farak yere y\u0131\u011f\u0131lan ve kald\u0131r\u0131ld\u0131\u011f\u0131 hastanede [&hellip;]","og_url":"https:\/\/memurunsesi.net\/index.php\/2025\/04\/02\/volkan-konakin-kizi-simal-konak-cenaze-toreninde-fenalasti\/","og_site_name":"Memurun Sesi","article_publisher":"https:\/\/www.facebook.com\/unipersen\/?locale=tr_TR","article_published_time":"2025-04-02T05:42:22+00:00","og_image":[{"width":2048,"height":1152,"url":"https:\/\/memurunsesi.net\/wp-content\/uploads\/2025\/04\/AW424296_01.jpg","type":"image\/jpeg"}],"author":"Memurun Sesi Haber Merkezi","twitter_card":"summary_large_image","twitter_creator":"@unipersen","twitter_site":"@unipersen","twitter_misc":{"Yazan:":"Memurun Sesi Haber Merkezi","Tahmini okuma s\u00fcresi":"1 dakika"},"schema":{"@context":"https:\/\/schema.org","@graph":[{"@type":"Article","@id":"https:\/\/memurunsesi.net\/index.php\/2025\/04\/02\/volkan-konakin-kizi-simal-konak-cenaze-toreninde-fenalasti\/#article","isPartOf":{"@id":"https:\/\/memurunsesi.net\/index.php\/2025\/04\/02\/volkan-konakin-kizi-simal-konak-cenaze-toreninde-fenalasti\/"},"author":{"name":"Memurun Sesi Haber Merkezi","@id":"https:\/\/memurunsesi.net\/#\/schema\/person\/f21c2d73b89f6ee1d80b0a1803e38587"},"headline":"Volkan Konak&#8217;\u0131n k\u0131z\u0131 \u015eimal Konak cenaze t\u00f6reninde fenala\u015ft\u0131","datePublished":"2025-04-02T05:42:22+00:00","mainEntityOfPage":{"@id":"https:\/\/memurunsesi.net\/index.php\/2025\/04\/02\/volkan-konakin-kizi-simal-konak-cenaze-toreninde-fenalasti\/"},"wordCount":209,"commentCount":0,"publisher":{"@id":"https:\/\/memurunsesi.net\/#organization"},"image":{"@id":"https:\/\/memurunsesi.net\/index.php\/2025\/04\/02\/volkan-konakin-kizi-simal-konak-cenaze-toreninde-fenalasti\/#primaryimage"},"thumbnailUrl":"https:\/\/memurunsesi.net\/wp-content\/uploads\/2025\/04\/AW424296_01.jpg","articleSection":["G\u00fcndem"],"inLanguage":"tr","potentialAction":[{"@type":"CommentAction","name":"Comment","target":["https:\/\/memurunsesi.net\/index.php\/2025\/04\/02\/volkan-konakin-kizi-simal-konak-cenaze-toreninde-fenalasti\/#respond"]}]},{"@type":"WebPage","@id":"https:\/\/memurunsesi.net\/index.php\/2025\/04\/02\/volkan-konakin-kizi-simal-konak-cenaze-toreninde-fenalasti\/","url":"https:\/\/memurunsesi.net\/index.php\/2025\/04\/02\/volkan-konakin-kizi-simal-konak-cenaze-toreninde-fenalasti\/","name":"Volkan Konak'\u0131n k\u0131z\u0131 \u015eimal Konak cenaze t\u00f6reninde fenala\u015ft\u0131 - Memurun Sesi","isPartOf":{"@id":"https:\/\/memurunsesi.net\/#website"},"primaryImageOfPage":{"@id":"https:\/\/memurunsesi.net\/index.php\/2025\/04\/02\/volkan-konakin-kizi-simal-konak-cenaze-toreninde-fenalasti\/#primaryimage"},"image":{"@id":"https:\/\/memurunsesi.net\/index.php\/2025\/04\/02\/volkan-konakin-kizi-simal-konak-cenaze-toreninde-fenalasti\/#primaryimage"},"thumbnailUrl":"https:\/\/memurunsesi.net\/wp-content\/uploads\/2025\/04\/AW424296_01.jpg","datePublished":"2025-04-02T05:42:22+00:00","breadcrumb":{"@id":"https:\/\/memurunsesi.net\/index.php\/2025\/04\/02\/volkan-konakin-kizi-simal-konak-cenaze-toreninde-fenalasti\/#breadcrumb"},"inLanguage":"tr","potentialAction":[{"@type":"ReadAction","target":["https:\/\/memurunsesi.net\/index.php\/2025\/04\/02\/volkan-konakin-kizi-simal-konak-cenaze-toreninde-fenalasti\/"]}]},{"@type":"ImageObject","inLanguage":"tr","@id":"https:\/\/memurunsesi.net\/index.php\/2025\/04\/02\/volkan-konakin-kizi-simal-konak-cenaze-toreninde-fenalasti\/#primaryimage","url":"https:\/\/memurunsesi.net\/wp-content\/uploads\/2025\/04\/AW424296_01.jpg","contentUrl":"https:\/\/memurunsesi.net\/wp-content\/uploads\/2025\/04\/AW424296_01.jpg","width":2048,"height":1152,"caption":"\u00d6NCEK\u0130 G\u00dcN KKTC'DE KONSER ESNASINDA SAHNEDE FENALA\u015eARAK KALDIRILDI\u011eI HASTANEDE HAYATINI KAYBEDEN \u00dcNL\u00dc SANAT\u00c7I VOLKAN KONAK \u0130\u00c7\u0130N BUG\u00dcN \u0130STANBUL'DA CENAZE T\u00d6REN\u0130 D\u00dcZENLEND\u0130. YO\u011eUNLUK NEDEN\u0130YLE \u00dcNL\u00dc SANAT\u00c7ININ KIZI \u015e\u0130MAL KONAK FENALA\u015eARAK BAYILIRKEN, SA\u011eLIK EK\u0130PLER\u0130 TARAFINDAN SAK\u0130NLE\u015eT\u0130R\u0130LMEYE \u00c7ALI\u015eILDI. (BERK SOYDAN - SAL\u0130H EMRE KA\u015eKAYA - \u015e\u00dcHEDA KIRO\u011eLU\/\u0130STANBUL-\u0130HA) \u00d6nceki g\u00fcn KKTC'de konser esnas\u0131nda sahnede fenala\u015farak kald\u0131r\u0131ld\u0131\u011f\u0131 hastanede hayat\u0131n\u0131 kaybeden \u00fcnl\u00fc sanat\u00e7\u0131 Volkan Konak i\u00e7in bug\u00fcn \u0130stanbul'da cenaze t\u00f6reni d\u00fczenlendi. Yo\u011funluk nedeniyle \u00fcnl\u00fc sanat\u00e7\u0131n\u0131n k\u0131z\u0131 \u015eimal Konak fenala\u015farak bay\u0131l\u0131rken, sa\u011fl\u0131k ekipleri taraf\u0131ndan sakinle\u015ftirilmeye \u00e7al\u0131\u015f\u0131ld\u0131."},{"@type":"BreadcrumbList","@id":"https:\/\/memurunsesi.net\/index.php\/2025\/04\/02\/volkan-konakin-kizi-simal-konak-cenaze-toreninde-fenalasti\/#breadcrumb","itemListElement":[{"@type":"ListItem","position":1,"name":"Anasayfa","item":"https:\/\/memurunsesi.net\/"},{"@type":"ListItem","position":2,"name":"Volkan Konak&#8217;\u0131n k\u0131z\u0131 \u015eimal Konak cenaze t\u00f6reninde fenala\u015ft\u0131"}]},{"@type":"WebSite","@id":"https:\/\/memurunsesi.net\/#website","url":"https:\/\/memurunsesi.net\/","name":"Memurun Sesi","description":"G\u00fcncel ve Do\u011fru Haber","publisher":{"@id":"https:\/\/memurunsesi.net\/#organization"},"potentialAction":[{"@type":"SearchAction","target":{"@type":"EntryPoint","urlTemplate":"https:\/\/memurunsesi.net\/?s={search_term_string}"},"query-input":{"@type":"PropertyValueSpecification","valueRequired":true,"valueName":"search_term_string"}}],"inLanguage":"tr"},{"@type":"Organization","@id":"https:\/\/memurunsesi.net\/#organization","name":"Memurun Sesi","url":"https:\/\/memurunsesi.net\/","logo":{"@type":"ImageObject","inLanguage":"tr","@id":"https:\/\/memurunsesi.net\/#\/schema\/logo\/image\/","url":"https:\/\/memurunsesi.net\/wp-content\/uploads\/2025\/11\/cropped-MEMURUN-SESI.png","contentUrl":"https:\/\/memurunsesi.net\/wp-content\/uploads\/2025\/11\/cropped-MEMURUN-SESI.png","width":238,"height":57,"caption":"Memurun Sesi"},"image":{"@id":"https:\/\/memurunsesi.net\/#\/schema\/logo\/image\/"},"sameAs":["https:\/\/www.facebook.com\/unipersen\/?locale=tr_TR","https:\/\/x.com\/unipersen"]},{"@type":"Person","@id":"https:\/\/memurunsesi.net\/#\/schema\/person\/f21c2d73b89f6ee1d80b0a1803e38587","name":"Memurun Sesi Haber Merkezi","image":{"@type":"ImageObject","inLanguage":"tr","@id":"https:\/\/secure.gravatar.com\/avatar\/6cf0505f452ee753f485014986fab09a434671d2b919ee76fc541025c5876a70?s=96&d=mm&r=g","url":"https:\/\/secure.gravatar.com\/avatar\/6cf0505f452ee753f485014986fab09a434671d2b919ee76fc541025c5876a70?s=96&d=mm&r=g","contentUrl":"https:\/\/secure.gravatar.com\/avatar\/6cf0505f452ee753f485014986fab09a434671d2b919ee76fc541025c5876a70?s=96&d=mm&r=g","caption":"Memurun Sesi Haber Merkezi"},"sameAs":["https:\/\/memurunsesi.net"],"url":"https:\/\/memurunsesi.net\/index.php\/author\/uniper\/"}]}},"_links":{"self":[{"href":"https:\/\/memurunsesi.net\/index.php\/wp-json\/wp\/v2\/posts\/4714","targetHints":{"allow":["GET"]}}],"collection":[{"href":"https:\/\/memurunsesi.net\/index.php\/wp-json\/wp\/v2\/posts"}],"about":[{"href":"https:\/\/memurunsesi.net\/index.php\/wp-json\/wp\/v2\/types\/post"}],"author":[{"embeddable":true,"href":"https:\/\/memurunsesi.net\/index.php\/wp-json\/wp\/v2\/users\/1"}],"replies":[{"embeddable":true,"href":"https:\/\/memurunsesi.net\/index.php\/wp-json\/wp\/v2\/comments?post=4714"}],"version-history":[{"count":1,"href":"https:\/\/memurunsesi.net\/index.php\/wp-json\/wp\/v2\/posts\/4714\/revisions"}],"predecessor-version":[{"id":4716,"href":"https:\/\/memurunsesi.net\/index.php\/wp-json\/wp\/v2\/posts\/4714\/revisions\/4716"}],"wp:featuredmedia":[{"embeddable":true,"href":"https:\/\/memurunsesi.net\/index.php\/wp-json\/wp\/v2\/media\/4715"}],"wp:attachment":[{"href":"https:\/\/memurunsesi.net\/index.php\/wp-json\/wp\/v2\/media?parent=4714"}],"wp:term":[{"taxonomy":"category","embeddable":true,"href":"https:\/\/memurunsesi.net\/index.php\/wp-json\/wp\/v2\/categories?post=4714"},{"taxonomy":"post_tag","embeddable":true,"href":"https:\/\/memurunsesi.net\/index.php\/wp-json\/wp\/v2\/tags?post=4714"}],"curies":[{"name":"wp","href":"https:\/\/api.w.org\/{rel}","templated":true}]}}