{"id":4726,"date":"2025-04-02T08:57:10","date_gmt":"2025-04-02T05:57:10","guid":{"rendered":"https:\/\/memurunsesi.net\/?p=4726"},"modified":"2025-04-02T08:57:10","modified_gmt":"2025-04-02T05:57:10","slug":"kayseride-cinayet-bicaklanan-genc-hayatini-kaybetti","status":"publish","type":"post","link":"https:\/\/memurunsesi.net\/index.php\/2025\/04\/02\/kayseride-cinayet-bicaklanan-genc-hayatini-kaybetti\/","title":{"rendered":"Kayseri&#8217;de cinayet: B\u0131\u00e7aklanan gen\u00e7 hayat\u0131n\u0131 kaybetti"},"content":{"rendered":"<p>G\u00f6zalt\u0131na al\u0131nan 2 \u015f\u00fcpheli adliyeye sevk edildi<\/p>\n<p>Kayseri&#8217;nin Kocasinan il\u00e7esinde \u00e7ocuk park\u0131nda \u00e7\u0131kan kavgada g\u00f6\u011fs\u00fcnden b\u0131\u00e7aklanarak a\u011f\u0131r yaralanan gen\u00e7 hayat\u0131n\u0131 kaybederken, g\u00f6zalt\u0131na al\u0131nan 2 \u015f\u00fcpheli adliyeye sevk edildi.<br \/>\nEdinilen bilgiye g\u00f6re, il\u00e7eye ba\u011fl\u0131 U\u011furevler Mahallesi 21. Cadde \u00fczerinde bulunan \u00e7ocuk park\u0131nda d\u00fcn meydana gelen olayda; M.A.S. (14) ile karde\u015f olan A.E. (15) ve M.E. (14) aras\u0131nda aras\u0131nda tart\u0131\u015fma \u00e7\u0131kt\u0131. Tart\u0131\u015fman\u0131n b\u00fcy\u00fcmesi \u00fczerine M.A.S. g\u00f6\u011fs\u00fcnden b\u0131\u00e7aklan\u0131rken, \u015f\u00fcphelilerde olay yerinden ka\u00e7arak uzakla\u015ft\u0131. \u0130hbar \u00fczerine \u00fczerine olay yerine sa\u011fl\u0131k ve polis ekipleri sevk edildi. A\u011f\u0131r yaralanan gen\u00e7 olay yerindeki ilk m\u00fcdahalenin ard\u0131ndan kald\u0131r\u0131ld\u0131\u011f\u0131 Erciyes \u00dcniversitesi T\u0131p Fak\u00fcltesi Hastanesi&#8217;nde yap\u0131lan t\u00fcm m\u00fcdahalelere ra\u011fmen kurtar\u0131lamad\u0131. Olay\u0131n ard\u0131ndan \u00e7al\u0131\u015fma ba\u015flatan polis ekipleri de \u015f\u00fcpheliler A.E. ve M.E.&#8217;yi yakalayarak g\u00f6zalt\u0131na ald\u0131.<br \/>\nEmniyetteki i\u015flemleri tamamlanan 2 karde\u015f, ge\u00e7irildikleri sa\u011fl\u0131k kontrol\u00fcn\u00fcn ard\u0131ndan adliyeye sevk edildi.<\/p>\n<p>1.04.2025<\/p>\n","protected":false},"excerpt":{"rendered":"<p>G\u00f6zalt\u0131na al\u0131nan 2 \u015f\u00fcpheli adliyeye sevk edildi Kayseri&#8217;nin Kocasinan il\u00e7esinde \u00e7ocuk park\u0131nda \u00e7\u0131kan kavgada g\u00f6\u011fs\u00fcnden b\u0131\u00e7aklanarak a\u011f\u0131r yaralanan gen\u00e7 hayat\u0131n\u0131 kaybederken, g\u00f6zalt\u0131na al\u0131nan 2 \u015f\u00fcpheli adliyeye sevk edildi. Edinilen bilgiye g\u00f6re, il\u00e7eye ba\u011fl\u0131 U\u011furevler Mahallesi 21. Cadde \u00fczerinde bulunan \u00e7ocuk park\u0131nda d\u00fcn meydana gelen olayda; M.A.S. (14) ile karde\u015f olan A.E. (15) ve M.E. (14) [&hellip;]<\/p>\n","protected":false},"author":1,"featured_media":4727,"comment_status":"open","ping_status":"open","sticky":false,"template":"","format":"standard","meta":{"footnotes":""},"categories":[50],"tags":[],"class_list":["post-4726","post","type-post","status-publish","format-standard","has-post-thumbnail","hentry","category-tum-haberler"],"yoast_head":"<!-- This site is optimized with the Yoast SEO plugin v27.4 - https:\/\/yoast.com\/product\/yoast-seo-wordpress\/ -->\n<title>Kayseri&#039;de cinayet: B\u0131\u00e7aklanan gen\u00e7 hayat\u0131n\u0131 kaybetti - Memurun Sesi<\/title>\n<meta name=\"robots\" content=\"index, follow, max-snippet:-1, max-image-preview:large, max-video-preview:-1\" \/>\n<link rel=\"canonical\" href=\"https:\/\/memurunsesi.net\/index.php\/2025\/04\/02\/kayseride-cinayet-bicaklanan-genc-hayatini-kaybetti\/\" \/>\n<meta property=\"og:locale\" content=\"tr_TR\" \/>\n<meta property=\"og:type\" content=\"article\" \/>\n<meta property=\"og:title\" content=\"Kayseri&#039;de cinayet: B\u0131\u00e7aklanan gen\u00e7 hayat\u0131n\u0131 kaybetti - Memurun Sesi\" \/>\n<meta property=\"og:description\" content=\"G\u00f6zalt\u0131na al\u0131nan 2 \u015f\u00fcpheli adliyeye sevk edildi Kayseri&#8217;nin Kocasinan il\u00e7esinde \u00e7ocuk park\u0131nda \u00e7\u0131kan kavgada g\u00f6\u011fs\u00fcnden b\u0131\u00e7aklanarak a\u011f\u0131r yaralanan gen\u00e7 hayat\u0131n\u0131 kaybederken, g\u00f6zalt\u0131na al\u0131nan 2 \u015f\u00fcpheli adliyeye sevk edildi. Edinilen bilgiye g\u00f6re, il\u00e7eye ba\u011fl\u0131 U\u011furevler Mahallesi 21. Cadde \u00fczerinde bulunan \u00e7ocuk park\u0131nda d\u00fcn meydana gelen olayda; M.A.S. (14) ile karde\u015f olan A.E. (15) ve M.E. (14) [&hellip;]\" \/>\n<meta property=\"og:url\" content=\"https:\/\/memurunsesi.net\/index.php\/2025\/04\/02\/kayseride-cinayet-bicaklanan-genc-hayatini-kaybetti\/\" \/>\n<meta property=\"og:site_name\" content=\"Memurun Sesi\" \/>\n<meta property=\"article:publisher\" content=\"https:\/\/www.facebook.com\/unipersen\/?locale=tr_TR\" \/>\n<meta property=\"article:published_time\" content=\"2025-04-02T05:57:10+00:00\" \/>\n<meta property=\"og:image\" content=\"https:\/\/memurunsesi.net\/wp-content\/uploads\/2025\/04\/AW424318_01-scaled.jpg\" \/>\n\t<meta property=\"og:image:width\" content=\"2560\" \/>\n\t<meta property=\"og:image:height\" content=\"1441\" \/>\n\t<meta property=\"og:image:type\" content=\"image\/jpeg\" \/>\n<meta name=\"author\" content=\"Memurun Sesi Haber Merkezi\" \/>\n<meta name=\"twitter:card\" content=\"summary_large_image\" \/>\n<meta name=\"twitter:creator\" content=\"@unipersen\" \/>\n<meta name=\"twitter:site\" content=\"@unipersen\" \/>\n<meta name=\"twitter:label1\" content=\"Yazan:\" \/>\n\t<meta name=\"twitter:data1\" content=\"Memurun Sesi Haber Merkezi\" \/>\n\t<meta name=\"twitter:label2\" content=\"Tahmini okuma s\u00fcresi\" \/>\n\t<meta name=\"twitter:data2\" content=\"1 dakika\" \/>\n<script type=\"application\/ld+json\" class=\"yoast-schema-graph\">{\"@context\":\"https:\\\/\\\/schema.org\",\"@graph\":[{\"@type\":\"Article\",\"@id\":\"https:\\\/\\\/memurunsesi.net\\\/index.php\\\/2025\\\/04\\\/02\\\/kayseride-cinayet-bicaklanan-genc-hayatini-kaybetti\\\/#article\",\"isPartOf\":{\"@id\":\"https:\\\/\\\/memurunsesi.net\\\/index.php\\\/2025\\\/04\\\/02\\\/kayseride-cinayet-bicaklanan-genc-hayatini-kaybetti\\\/\"},\"author\":{\"name\":\"Memurun Sesi Haber Merkezi\",\"@id\":\"https:\\\/\\\/memurunsesi.net\\\/#\\\/schema\\\/person\\\/f21c2d73b89f6ee1d80b0a1803e38587\"},\"headline\":\"Kayseri&#8217;de cinayet: B\u0131\u00e7aklanan gen\u00e7 hayat\u0131n\u0131 kaybetti\",\"datePublished\":\"2025-04-02T05:57:10+00:00\",\"mainEntityOfPage\":{\"@id\":\"https:\\\/\\\/memurunsesi.net\\\/index.php\\\/2025\\\/04\\\/02\\\/kayseride-cinayet-bicaklanan-genc-hayatini-kaybetti\\\/\"},\"wordCount\":198,\"commentCount\":0,\"publisher\":{\"@id\":\"https:\\\/\\\/memurunsesi.net\\\/#organization\"},\"image\":{\"@id\":\"https:\\\/\\\/memurunsesi.net\\\/index.php\\\/2025\\\/04\\\/02\\\/kayseride-cinayet-bicaklanan-genc-hayatini-kaybetti\\\/#primaryimage\"},\"thumbnailUrl\":\"https:\\\/\\\/memurunsesi.net\\\/wp-content\\\/uploads\\\/2025\\\/04\\\/AW424318_01-scaled.jpg\",\"articleSection\":[\"T\u00fcm Haberler\"],\"inLanguage\":\"tr\",\"potentialAction\":[{\"@type\":\"CommentAction\",\"name\":\"Comment\",\"target\":[\"https:\\\/\\\/memurunsesi.net\\\/index.php\\\/2025\\\/04\\\/02\\\/kayseride-cinayet-bicaklanan-genc-hayatini-kaybetti\\\/#respond\"]}]},{\"@type\":\"WebPage\",\"@id\":\"https:\\\/\\\/memurunsesi.net\\\/index.php\\\/2025\\\/04\\\/02\\\/kayseride-cinayet-bicaklanan-genc-hayatini-kaybetti\\\/\",\"url\":\"https:\\\/\\\/memurunsesi.net\\\/index.php\\\/2025\\\/04\\\/02\\\/kayseride-cinayet-bicaklanan-genc-hayatini-kaybetti\\\/\",\"name\":\"Kayseri'de cinayet: B\u0131\u00e7aklanan gen\u00e7 hayat\u0131n\u0131 kaybetti - Memurun Sesi\",\"isPartOf\":{\"@id\":\"https:\\\/\\\/memurunsesi.net\\\/#website\"},\"primaryImageOfPage\":{\"@id\":\"https:\\\/\\\/memurunsesi.net\\\/index.php\\\/2025\\\/04\\\/02\\\/kayseride-cinayet-bicaklanan-genc-hayatini-kaybetti\\\/#primaryimage\"},\"image\":{\"@id\":\"https:\\\/\\\/memurunsesi.net\\\/index.php\\\/2025\\\/04\\\/02\\\/kayseride-cinayet-bicaklanan-genc-hayatini-kaybetti\\\/#primaryimage\"},\"thumbnailUrl\":\"https:\\\/\\\/memurunsesi.net\\\/wp-content\\\/uploads\\\/2025\\\/04\\\/AW424318_01-scaled.jpg\",\"datePublished\":\"2025-04-02T05:57:10+00:00\",\"breadcrumb\":{\"@id\":\"https:\\\/\\\/memurunsesi.net\\\/index.php\\\/2025\\\/04\\\/02\\\/kayseride-cinayet-bicaklanan-genc-hayatini-kaybetti\\\/#breadcrumb\"},\"inLanguage\":\"tr\",\"potentialAction\":[{\"@type\":\"ReadAction\",\"target\":[\"https:\\\/\\\/memurunsesi.net\\\/index.php\\\/2025\\\/04\\\/02\\\/kayseride-cinayet-bicaklanan-genc-hayatini-kaybetti\\\/\"]}]},{\"@type\":\"ImageObject\",\"inLanguage\":\"tr\",\"@id\":\"https:\\\/\\\/memurunsesi.net\\\/index.php\\\/2025\\\/04\\\/02\\\/kayseride-cinayet-bicaklanan-genc-hayatini-kaybetti\\\/#primaryimage\",\"url\":\"https:\\\/\\\/memurunsesi.net\\\/wp-content\\\/uploads\\\/2025\\\/04\\\/AW424318_01-scaled.jpg\",\"contentUrl\":\"https:\\\/\\\/memurunsesi.net\\\/wp-content\\\/uploads\\\/2025\\\/04\\\/AW424318_01-scaled.jpg\",\"width\":2560,\"height\":1441,\"caption\":\"KAYSER\u0130'N\u0130N KOCAS\u0130NAN \u0130L\u00c7ES\u0130NDE \u00c7OCUK PARKINDA \u00c7IKAN KAVGADA G\u00d6\u011eS\u00dcNDEN BI\u00c7AKLANARAK A\u011eIR YARALANAN GEN\u00c7 HAYATINI KAYBEDERKEN, G\u00d6ZALTINA ALINAN 2 \u015e\u00dcPHEL\u0130 G\u00d6ZALTINA ALINDI. (AL\u0130 G\u00d6\u00c7\\\/KAYSER\u0130-\u0130HA) Kayseri'nin Kocasinan il\u00e7esinde \u00e7ocuk park\u0131nda \u00e7\u0131kan kavgada g\u00f6\u011fs\u00fcnden b\u0131\u00e7aklanarak a\u011f\u0131r yaralanan gen\u00e7 hayat\u0131n\u0131 kaybederken, g\u00f6zalt\u0131na al\u0131nan 2 \u015f\u00fcpheli adliyeye sevk edildi.\"},{\"@type\":\"BreadcrumbList\",\"@id\":\"https:\\\/\\\/memurunsesi.net\\\/index.php\\\/2025\\\/04\\\/02\\\/kayseride-cinayet-bicaklanan-genc-hayatini-kaybetti\\\/#breadcrumb\",\"itemListElement\":[{\"@type\":\"ListItem\",\"position\":1,\"name\":\"Anasayfa\",\"item\":\"https:\\\/\\\/memurunsesi.net\\\/\"},{\"@type\":\"ListItem\",\"position\":2,\"name\":\"Kayseri&#8217;de cinayet: B\u0131\u00e7aklanan gen\u00e7 hayat\u0131n\u0131 kaybetti\"}]},{\"@type\":\"WebSite\",\"@id\":\"https:\\\/\\\/memurunsesi.net\\\/#website\",\"url\":\"https:\\\/\\\/memurunsesi.net\\\/\",\"name\":\"Memurun Sesi\",\"description\":\"G\u00fcncel ve Do\u011fru Haber\",\"publisher\":{\"@id\":\"https:\\\/\\\/memurunsesi.net\\\/#organization\"},\"potentialAction\":[{\"@type\":\"SearchAction\",\"target\":{\"@type\":\"EntryPoint\",\"urlTemplate\":\"https:\\\/\\\/memurunsesi.net\\\/?s={search_term_string}\"},\"query-input\":{\"@type\":\"PropertyValueSpecification\",\"valueRequired\":true,\"valueName\":\"search_term_string\"}}],\"inLanguage\":\"tr\"},{\"@type\":\"Organization\",\"@id\":\"https:\\\/\\\/memurunsesi.net\\\/#organization\",\"name\":\"Memurun Sesi\",\"url\":\"https:\\\/\\\/memurunsesi.net\\\/\",\"logo\":{\"@type\":\"ImageObject\",\"inLanguage\":\"tr\",\"@id\":\"https:\\\/\\\/memurunsesi.net\\\/#\\\/schema\\\/logo\\\/image\\\/\",\"url\":\"https:\\\/\\\/memurunsesi.net\\\/wp-content\\\/uploads\\\/2025\\\/11\\\/cropped-MEMURUN-SESI.png\",\"contentUrl\":\"https:\\\/\\\/memurunsesi.net\\\/wp-content\\\/uploads\\\/2025\\\/11\\\/cropped-MEMURUN-SESI.png\",\"width\":238,\"height\":57,\"caption\":\"Memurun Sesi\"},\"image\":{\"@id\":\"https:\\\/\\\/memurunsesi.net\\\/#\\\/schema\\\/logo\\\/image\\\/\"},\"sameAs\":[\"https:\\\/\\\/www.facebook.com\\\/unipersen\\\/?locale=tr_TR\",\"https:\\\/\\\/x.com\\\/unipersen\"]},{\"@type\":\"Person\",\"@id\":\"https:\\\/\\\/memurunsesi.net\\\/#\\\/schema\\\/person\\\/f21c2d73b89f6ee1d80b0a1803e38587\",\"name\":\"Memurun Sesi Haber Merkezi\",\"image\":{\"@type\":\"ImageObject\",\"inLanguage\":\"tr\",\"@id\":\"https:\\\/\\\/secure.gravatar.com\\\/avatar\\\/6cf0505f452ee753f485014986fab09a434671d2b919ee76fc541025c5876a70?s=96&d=mm&r=g\",\"url\":\"https:\\\/\\\/secure.gravatar.com\\\/avatar\\\/6cf0505f452ee753f485014986fab09a434671d2b919ee76fc541025c5876a70?s=96&d=mm&r=g\",\"contentUrl\":\"https:\\\/\\\/secure.gravatar.com\\\/avatar\\\/6cf0505f452ee753f485014986fab09a434671d2b919ee76fc541025c5876a70?s=96&d=mm&r=g\",\"caption\":\"Memurun Sesi Haber Merkezi\"},\"sameAs\":[\"https:\\\/\\\/memurunsesi.net\"],\"url\":\"https:\\\/\\\/memurunsesi.net\\\/index.php\\\/author\\\/uniper\\\/\"}]}<\/script>\n<!-- \/ Yoast SEO plugin. -->","yoast_head_json":{"title":"Kayseri'de cinayet: B\u0131\u00e7aklanan gen\u00e7 hayat\u0131n\u0131 kaybetti - Memurun Sesi","robots":{"index":"index","follow":"follow","max-snippet":"max-snippet:-1","max-image-preview":"max-image-preview:large","max-video-preview":"max-video-preview:-1"},"canonical":"https:\/\/memurunsesi.net\/index.php\/2025\/04\/02\/kayseride-cinayet-bicaklanan-genc-hayatini-kaybetti\/","og_locale":"tr_TR","og_type":"article","og_title":"Kayseri'de cinayet: B\u0131\u00e7aklanan gen\u00e7 hayat\u0131n\u0131 kaybetti - Memurun Sesi","og_description":"G\u00f6zalt\u0131na al\u0131nan 2 \u015f\u00fcpheli adliyeye sevk edildi Kayseri&#8217;nin Kocasinan il\u00e7esinde \u00e7ocuk park\u0131nda \u00e7\u0131kan kavgada g\u00f6\u011fs\u00fcnden b\u0131\u00e7aklanarak a\u011f\u0131r yaralanan gen\u00e7 hayat\u0131n\u0131 kaybederken, g\u00f6zalt\u0131na al\u0131nan 2 \u015f\u00fcpheli adliyeye sevk edildi. Edinilen bilgiye g\u00f6re, il\u00e7eye ba\u011fl\u0131 U\u011furevler Mahallesi 21. Cadde \u00fczerinde bulunan \u00e7ocuk park\u0131nda d\u00fcn meydana gelen olayda; M.A.S. (14) ile karde\u015f olan A.E. (15) ve M.E. (14) [&hellip;]","og_url":"https:\/\/memurunsesi.net\/index.php\/2025\/04\/02\/kayseride-cinayet-bicaklanan-genc-hayatini-kaybetti\/","og_site_name":"Memurun Sesi","article_publisher":"https:\/\/www.facebook.com\/unipersen\/?locale=tr_TR","article_published_time":"2025-04-02T05:57:10+00:00","og_image":[{"width":2560,"height":1441,"url":"https:\/\/memurunsesi.net\/wp-content\/uploads\/2025\/04\/AW424318_01-scaled.jpg","type":"image\/jpeg"}],"author":"Memurun Sesi Haber Merkezi","twitter_card":"summary_large_image","twitter_creator":"@unipersen","twitter_site":"@unipersen","twitter_misc":{"Yazan:":"Memurun Sesi Haber Merkezi","Tahmini okuma s\u00fcresi":"1 dakika"},"schema":{"@context":"https:\/\/schema.org","@graph":[{"@type":"Article","@id":"https:\/\/memurunsesi.net\/index.php\/2025\/04\/02\/kayseride-cinayet-bicaklanan-genc-hayatini-kaybetti\/#article","isPartOf":{"@id":"https:\/\/memurunsesi.net\/index.php\/2025\/04\/02\/kayseride-cinayet-bicaklanan-genc-hayatini-kaybetti\/"},"author":{"name":"Memurun Sesi Haber Merkezi","@id":"https:\/\/memurunsesi.net\/#\/schema\/person\/f21c2d73b89f6ee1d80b0a1803e38587"},"headline":"Kayseri&#8217;de cinayet: B\u0131\u00e7aklanan gen\u00e7 hayat\u0131n\u0131 kaybetti","datePublished":"2025-04-02T05:57:10+00:00","mainEntityOfPage":{"@id":"https:\/\/memurunsesi.net\/index.php\/2025\/04\/02\/kayseride-cinayet-bicaklanan-genc-hayatini-kaybetti\/"},"wordCount":198,"commentCount":0,"publisher":{"@id":"https:\/\/memurunsesi.net\/#organization"},"image":{"@id":"https:\/\/memurunsesi.net\/index.php\/2025\/04\/02\/kayseride-cinayet-bicaklanan-genc-hayatini-kaybetti\/#primaryimage"},"thumbnailUrl":"https:\/\/memurunsesi.net\/wp-content\/uploads\/2025\/04\/AW424318_01-scaled.jpg","articleSection":["T\u00fcm Haberler"],"inLanguage":"tr","potentialAction":[{"@type":"CommentAction","name":"Comment","target":["https:\/\/memurunsesi.net\/index.php\/2025\/04\/02\/kayseride-cinayet-bicaklanan-genc-hayatini-kaybetti\/#respond"]}]},{"@type":"WebPage","@id":"https:\/\/memurunsesi.net\/index.php\/2025\/04\/02\/kayseride-cinayet-bicaklanan-genc-hayatini-kaybetti\/","url":"https:\/\/memurunsesi.net\/index.php\/2025\/04\/02\/kayseride-cinayet-bicaklanan-genc-hayatini-kaybetti\/","name":"Kayseri'de cinayet: B\u0131\u00e7aklanan gen\u00e7 hayat\u0131n\u0131 kaybetti - Memurun Sesi","isPartOf":{"@id":"https:\/\/memurunsesi.net\/#website"},"primaryImageOfPage":{"@id":"https:\/\/memurunsesi.net\/index.php\/2025\/04\/02\/kayseride-cinayet-bicaklanan-genc-hayatini-kaybetti\/#primaryimage"},"image":{"@id":"https:\/\/memurunsesi.net\/index.php\/2025\/04\/02\/kayseride-cinayet-bicaklanan-genc-hayatini-kaybetti\/#primaryimage"},"thumbnailUrl":"https:\/\/memurunsesi.net\/wp-content\/uploads\/2025\/04\/AW424318_01-scaled.jpg","datePublished":"2025-04-02T05:57:10+00:00","breadcrumb":{"@id":"https:\/\/memurunsesi.net\/index.php\/2025\/04\/02\/kayseride-cinayet-bicaklanan-genc-hayatini-kaybetti\/#breadcrumb"},"inLanguage":"tr","potentialAction":[{"@type":"ReadAction","target":["https:\/\/memurunsesi.net\/index.php\/2025\/04\/02\/kayseride-cinayet-bicaklanan-genc-hayatini-kaybetti\/"]}]},{"@type":"ImageObject","inLanguage":"tr","@id":"https:\/\/memurunsesi.net\/index.php\/2025\/04\/02\/kayseride-cinayet-bicaklanan-genc-hayatini-kaybetti\/#primaryimage","url":"https:\/\/memurunsesi.net\/wp-content\/uploads\/2025\/04\/AW424318_01-scaled.jpg","contentUrl":"https:\/\/memurunsesi.net\/wp-content\/uploads\/2025\/04\/AW424318_01-scaled.jpg","width":2560,"height":1441,"caption":"KAYSER\u0130'N\u0130N KOCAS\u0130NAN \u0130L\u00c7ES\u0130NDE \u00c7OCUK PARKINDA \u00c7IKAN KAVGADA G\u00d6\u011eS\u00dcNDEN BI\u00c7AKLANARAK A\u011eIR YARALANAN GEN\u00c7 HAYATINI KAYBEDERKEN, G\u00d6ZALTINA ALINAN 2 \u015e\u00dcPHEL\u0130 G\u00d6ZALTINA ALINDI. (AL\u0130 G\u00d6\u00c7\/KAYSER\u0130-\u0130HA) Kayseri'nin Kocasinan il\u00e7esinde \u00e7ocuk park\u0131nda \u00e7\u0131kan kavgada g\u00f6\u011fs\u00fcnden b\u0131\u00e7aklanarak a\u011f\u0131r yaralanan gen\u00e7 hayat\u0131n\u0131 kaybederken, g\u00f6zalt\u0131na al\u0131nan 2 \u015f\u00fcpheli adliyeye sevk edildi."},{"@type":"BreadcrumbList","@id":"https:\/\/memurunsesi.net\/index.php\/2025\/04\/02\/kayseride-cinayet-bicaklanan-genc-hayatini-kaybetti\/#breadcrumb","itemListElement":[{"@type":"ListItem","position":1,"name":"Anasayfa","item":"https:\/\/memurunsesi.net\/"},{"@type":"ListItem","position":2,"name":"Kayseri&#8217;de cinayet: B\u0131\u00e7aklanan gen\u00e7 hayat\u0131n\u0131 kaybetti"}]},{"@type":"WebSite","@id":"https:\/\/memurunsesi.net\/#website","url":"https:\/\/memurunsesi.net\/","name":"Memurun Sesi","description":"G\u00fcncel ve Do\u011fru Haber","publisher":{"@id":"https:\/\/memurunsesi.net\/#organization"},"potentialAction":[{"@type":"SearchAction","target":{"@type":"EntryPoint","urlTemplate":"https:\/\/memurunsesi.net\/?s={search_term_string}"},"query-input":{"@type":"PropertyValueSpecification","valueRequired":true,"valueName":"search_term_string"}}],"inLanguage":"tr"},{"@type":"Organization","@id":"https:\/\/memurunsesi.net\/#organization","name":"Memurun Sesi","url":"https:\/\/memurunsesi.net\/","logo":{"@type":"ImageObject","inLanguage":"tr","@id":"https:\/\/memurunsesi.net\/#\/schema\/logo\/image\/","url":"https:\/\/memurunsesi.net\/wp-content\/uploads\/2025\/11\/cropped-MEMURUN-SESI.png","contentUrl":"https:\/\/memurunsesi.net\/wp-content\/uploads\/2025\/11\/cropped-MEMURUN-SESI.png","width":238,"height":57,"caption":"Memurun Sesi"},"image":{"@id":"https:\/\/memurunsesi.net\/#\/schema\/logo\/image\/"},"sameAs":["https:\/\/www.facebook.com\/unipersen\/?locale=tr_TR","https:\/\/x.com\/unipersen"]},{"@type":"Person","@id":"https:\/\/memurunsesi.net\/#\/schema\/person\/f21c2d73b89f6ee1d80b0a1803e38587","name":"Memurun Sesi Haber Merkezi","image":{"@type":"ImageObject","inLanguage":"tr","@id":"https:\/\/secure.gravatar.com\/avatar\/6cf0505f452ee753f485014986fab09a434671d2b919ee76fc541025c5876a70?s=96&d=mm&r=g","url":"https:\/\/secure.gravatar.com\/avatar\/6cf0505f452ee753f485014986fab09a434671d2b919ee76fc541025c5876a70?s=96&d=mm&r=g","contentUrl":"https:\/\/secure.gravatar.com\/avatar\/6cf0505f452ee753f485014986fab09a434671d2b919ee76fc541025c5876a70?s=96&d=mm&r=g","caption":"Memurun Sesi Haber Merkezi"},"sameAs":["https:\/\/memurunsesi.net"],"url":"https:\/\/memurunsesi.net\/index.php\/author\/uniper\/"}]}},"_links":{"self":[{"href":"https:\/\/memurunsesi.net\/index.php\/wp-json\/wp\/v2\/posts\/4726","targetHints":{"allow":["GET"]}}],"collection":[{"href":"https:\/\/memurunsesi.net\/index.php\/wp-json\/wp\/v2\/posts"}],"about":[{"href":"https:\/\/memurunsesi.net\/index.php\/wp-json\/wp\/v2\/types\/post"}],"author":[{"embeddable":true,"href":"https:\/\/memurunsesi.net\/index.php\/wp-json\/wp\/v2\/users\/1"}],"replies":[{"embeddable":true,"href":"https:\/\/memurunsesi.net\/index.php\/wp-json\/wp\/v2\/comments?post=4726"}],"version-history":[{"count":1,"href":"https:\/\/memurunsesi.net\/index.php\/wp-json\/wp\/v2\/posts\/4726\/revisions"}],"predecessor-version":[{"id":4728,"href":"https:\/\/memurunsesi.net\/index.php\/wp-json\/wp\/v2\/posts\/4726\/revisions\/4728"}],"wp:featuredmedia":[{"embeddable":true,"href":"https:\/\/memurunsesi.net\/index.php\/wp-json\/wp\/v2\/media\/4727"}],"wp:attachment":[{"href":"https:\/\/memurunsesi.net\/index.php\/wp-json\/wp\/v2\/media?parent=4726"}],"wp:term":[{"taxonomy":"category","embeddable":true,"href":"https:\/\/memurunsesi.net\/index.php\/wp-json\/wp\/v2\/categories?post=4726"},{"taxonomy":"post_tag","embeddable":true,"href":"https:\/\/memurunsesi.net\/index.php\/wp-json\/wp\/v2\/tags?post=4726"}],"curies":[{"name":"wp","href":"https:\/\/api.w.org\/{rel}","templated":true}]}}