{"id":4729,"date":"2025-04-02T08:58:55","date_gmt":"2025-04-02T05:58:55","guid":{"rendered":"https:\/\/memurunsesi.net\/?p=4729"},"modified":"2025-04-02T08:58:55","modified_gmt":"2025-04-02T05:58:55","slug":"bseu-ile-sanayi-isbirligi-arasinda-onemli-projeler-gorusuldu","status":"publish","type":"post","link":"https:\/\/memurunsesi.net\/index.php\/2025\/04\/02\/bseu-ile-sanayi-isbirligi-arasinda-onemli-projeler-gorusuldu\/","title":{"rendered":"B\u015eE\u00dc ile sanayi i\u015fbirli\u011fi aras\u0131nda \u00f6nemli projeler g\u00f6r\u00fc\u015f\u00fcld\u00fc"},"content":{"rendered":"<p>Bilecik \u015eeyh Edebali \u00dcniversitesi (B\u015eE\u00dc), Prof. Dr. Zafer As\u0131m Kaplanc\u0131kl\u0131, \u00f6zel bir fabrikay\u0131 ziyaret etti.<br \/>\nGer\u00e7ekle\u015fen ziyarette Rekt\u00f6r Prof. Dr. Kaplanc\u0131kl\u0131, \u00fcniversite-sanayi i\u015f birli\u011finin g\u00fc\u00e7lendirilmesi, Ar-Ge projeleri gibi konular \u00fczerinde g\u00f6r\u00fc\u015f al\u0131\u015fveri\u015finde bulunuldu. Ziyaret kapsam\u0131nda, fabrikan\u0131n Y\u00f6netim Kurulu Ba\u015fkan\u0131 H\u00fcrriyet Grit ile ger\u00e7ekle\u015ftirilen toplant\u0131da Rekt\u00f6r Prof. Dr. Kaplanc\u0131kl\u0131, \u00dcniversite ile fabrika aras\u0131nda e\u011fitim, ara\u015ft\u0131rma ve uygulamal\u0131 proje konular\u0131nda ortak \u00e7al\u0131\u015fmalar yap\u0131lmas\u0131n\u0131n \u00f6nemini vurgulad\u0131.<br \/>\nRekt\u00f6r Kaplanc\u0131kl\u0131, ziyaret sonunda yetkililere te\u015fekk\u00fcr ederek \u00e7al\u0131\u015fmalar\u0131nda ba\u015far\u0131lar diledi.<\/p>\n<p>1.04.2025<\/p>\n","protected":false},"excerpt":{"rendered":"<p>Bilecik \u015eeyh Edebali \u00dcniversitesi (B\u015eE\u00dc), Prof. Dr. Zafer As\u0131m Kaplanc\u0131kl\u0131, \u00f6zel bir fabrikay\u0131 ziyaret etti. Ger\u00e7ekle\u015fen ziyarette Rekt\u00f6r Prof. Dr. Kaplanc\u0131kl\u0131, \u00fcniversite-sanayi i\u015f birli\u011finin g\u00fc\u00e7lendirilmesi, Ar-Ge projeleri gibi konular \u00fczerinde g\u00f6r\u00fc\u015f al\u0131\u015fveri\u015finde bulunuldu. Ziyaret kapsam\u0131nda, fabrikan\u0131n Y\u00f6netim Kurulu Ba\u015fkan\u0131 H\u00fcrriyet Grit ile ger\u00e7ekle\u015ftirilen toplant\u0131da Rekt\u00f6r Prof. Dr. Kaplanc\u0131kl\u0131, \u00dcniversite ile fabrika aras\u0131nda e\u011fitim, ara\u015ft\u0131rma ve [&hellip;]<\/p>\n","protected":false},"author":1,"featured_media":4730,"comment_status":"open","ping_status":"open","sticky":false,"template":"","format":"standard","meta":{"footnotes":""},"categories":[47],"tags":[],"class_list":["post-4729","post","type-post","status-publish","format-standard","has-post-thumbnail","hentry","category-universiteden-haberler"],"yoast_head":"<!-- This site is optimized with the Yoast SEO plugin v27.4 - https:\/\/yoast.com\/product\/yoast-seo-wordpress\/ -->\n<title>B\u015eE\u00dc ile sanayi i\u015fbirli\u011fi aras\u0131nda \u00f6nemli projeler g\u00f6r\u00fc\u015f\u00fcld\u00fc - Memurun Sesi<\/title>\n<meta name=\"robots\" content=\"index, follow, max-snippet:-1, max-image-preview:large, max-video-preview:-1\" \/>\n<link rel=\"canonical\" href=\"https:\/\/memurunsesi.net\/index.php\/2025\/04\/02\/bseu-ile-sanayi-isbirligi-arasinda-onemli-projeler-gorusuldu\/\" \/>\n<meta property=\"og:locale\" content=\"tr_TR\" \/>\n<meta property=\"og:type\" content=\"article\" \/>\n<meta property=\"og:title\" content=\"B\u015eE\u00dc ile sanayi i\u015fbirli\u011fi aras\u0131nda \u00f6nemli projeler g\u00f6r\u00fc\u015f\u00fcld\u00fc - Memurun Sesi\" \/>\n<meta property=\"og:description\" content=\"Bilecik \u015eeyh Edebali \u00dcniversitesi (B\u015eE\u00dc), Prof. Dr. Zafer As\u0131m Kaplanc\u0131kl\u0131, \u00f6zel bir fabrikay\u0131 ziyaret etti. Ger\u00e7ekle\u015fen ziyarette Rekt\u00f6r Prof. Dr. Kaplanc\u0131kl\u0131, \u00fcniversite-sanayi i\u015f birli\u011finin g\u00fc\u00e7lendirilmesi, Ar-Ge projeleri gibi konular \u00fczerinde g\u00f6r\u00fc\u015f al\u0131\u015fveri\u015finde bulunuldu. Ziyaret kapsam\u0131nda, fabrikan\u0131n Y\u00f6netim Kurulu Ba\u015fkan\u0131 H\u00fcrriyet Grit ile ger\u00e7ekle\u015ftirilen toplant\u0131da Rekt\u00f6r Prof. Dr. Kaplanc\u0131kl\u0131, \u00dcniversite ile fabrika aras\u0131nda e\u011fitim, ara\u015ft\u0131rma ve [&hellip;]\" \/>\n<meta property=\"og:url\" content=\"https:\/\/memurunsesi.net\/index.php\/2025\/04\/02\/bseu-ile-sanayi-isbirligi-arasinda-onemli-projeler-gorusuldu\/\" \/>\n<meta property=\"og:site_name\" content=\"Memurun Sesi\" \/>\n<meta property=\"article:publisher\" content=\"https:\/\/www.facebook.com\/unipersen\/?locale=tr_TR\" \/>\n<meta property=\"article:published_time\" content=\"2025-04-02T05:58:55+00:00\" \/>\n<meta property=\"og:image\" content=\"https:\/\/memurunsesi.net\/wp-content\/uploads\/2025\/04\/AW424271_02.jpg\" \/>\n\t<meta property=\"og:image:width\" content=\"2560\" \/>\n\t<meta property=\"og:image:height\" content=\"1708\" \/>\n\t<meta property=\"og:image:type\" content=\"image\/jpeg\" \/>\n<meta name=\"author\" content=\"Memurun Sesi Haber Merkezi\" \/>\n<meta name=\"twitter:card\" content=\"summary_large_image\" \/>\n<meta name=\"twitter:creator\" content=\"@unipersen\" \/>\n<meta name=\"twitter:site\" content=\"@unipersen\" \/>\n<meta name=\"twitter:label1\" content=\"Yazan:\" \/>\n\t<meta name=\"twitter:data1\" content=\"Memurun Sesi Haber Merkezi\" \/>\n\t<meta name=\"twitter:label2\" content=\"Tahmini okuma s\u00fcresi\" \/>\n\t<meta name=\"twitter:data2\" content=\"1 dakika\" \/>\n<script type=\"application\/ld+json\" class=\"yoast-schema-graph\">{\"@context\":\"https:\\\/\\\/schema.org\",\"@graph\":[{\"@type\":\"Article\",\"@id\":\"https:\\\/\\\/memurunsesi.net\\\/index.php\\\/2025\\\/04\\\/02\\\/bseu-ile-sanayi-isbirligi-arasinda-onemli-projeler-gorusuldu\\\/#article\",\"isPartOf\":{\"@id\":\"https:\\\/\\\/memurunsesi.net\\\/index.php\\\/2025\\\/04\\\/02\\\/bseu-ile-sanayi-isbirligi-arasinda-onemli-projeler-gorusuldu\\\/\"},\"author\":{\"name\":\"Memurun Sesi Haber Merkezi\",\"@id\":\"https:\\\/\\\/memurunsesi.net\\\/#\\\/schema\\\/person\\\/f21c2d73b89f6ee1d80b0a1803e38587\"},\"headline\":\"B\u015eE\u00dc ile sanayi i\u015fbirli\u011fi aras\u0131nda \u00f6nemli projeler g\u00f6r\u00fc\u015f\u00fcld\u00fc\",\"datePublished\":\"2025-04-02T05:58:55+00:00\",\"mainEntityOfPage\":{\"@id\":\"https:\\\/\\\/memurunsesi.net\\\/index.php\\\/2025\\\/04\\\/02\\\/bseu-ile-sanayi-isbirligi-arasinda-onemli-projeler-gorusuldu\\\/\"},\"wordCount\":126,\"commentCount\":0,\"publisher\":{\"@id\":\"https:\\\/\\\/memurunsesi.net\\\/#organization\"},\"image\":{\"@id\":\"https:\\\/\\\/memurunsesi.net\\\/index.php\\\/2025\\\/04\\\/02\\\/bseu-ile-sanayi-isbirligi-arasinda-onemli-projeler-gorusuldu\\\/#primaryimage\"},\"thumbnailUrl\":\"https:\\\/\\\/memurunsesi.net\\\/wp-content\\\/uploads\\\/2025\\\/04\\\/AW424271_02.jpg\",\"articleSection\":[\"\u00dcniversiteden Haberler\"],\"inLanguage\":\"tr\",\"potentialAction\":[{\"@type\":\"CommentAction\",\"name\":\"Comment\",\"target\":[\"https:\\\/\\\/memurunsesi.net\\\/index.php\\\/2025\\\/04\\\/02\\\/bseu-ile-sanayi-isbirligi-arasinda-onemli-projeler-gorusuldu\\\/#respond\"]}]},{\"@type\":\"WebPage\",\"@id\":\"https:\\\/\\\/memurunsesi.net\\\/index.php\\\/2025\\\/04\\\/02\\\/bseu-ile-sanayi-isbirligi-arasinda-onemli-projeler-gorusuldu\\\/\",\"url\":\"https:\\\/\\\/memurunsesi.net\\\/index.php\\\/2025\\\/04\\\/02\\\/bseu-ile-sanayi-isbirligi-arasinda-onemli-projeler-gorusuldu\\\/\",\"name\":\"B\u015eE\u00dc ile sanayi i\u015fbirli\u011fi aras\u0131nda \u00f6nemli projeler g\u00f6r\u00fc\u015f\u00fcld\u00fc - Memurun Sesi\",\"isPartOf\":{\"@id\":\"https:\\\/\\\/memurunsesi.net\\\/#website\"},\"primaryImageOfPage\":{\"@id\":\"https:\\\/\\\/memurunsesi.net\\\/index.php\\\/2025\\\/04\\\/02\\\/bseu-ile-sanayi-isbirligi-arasinda-onemli-projeler-gorusuldu\\\/#primaryimage\"},\"image\":{\"@id\":\"https:\\\/\\\/memurunsesi.net\\\/index.php\\\/2025\\\/04\\\/02\\\/bseu-ile-sanayi-isbirligi-arasinda-onemli-projeler-gorusuldu\\\/#primaryimage\"},\"thumbnailUrl\":\"https:\\\/\\\/memurunsesi.net\\\/wp-content\\\/uploads\\\/2025\\\/04\\\/AW424271_02.jpg\",\"datePublished\":\"2025-04-02T05:58:55+00:00\",\"breadcrumb\":{\"@id\":\"https:\\\/\\\/memurunsesi.net\\\/index.php\\\/2025\\\/04\\\/02\\\/bseu-ile-sanayi-isbirligi-arasinda-onemli-projeler-gorusuldu\\\/#breadcrumb\"},\"inLanguage\":\"tr\",\"potentialAction\":[{\"@type\":\"ReadAction\",\"target\":[\"https:\\\/\\\/memurunsesi.net\\\/index.php\\\/2025\\\/04\\\/02\\\/bseu-ile-sanayi-isbirligi-arasinda-onemli-projeler-gorusuldu\\\/\"]}]},{\"@type\":\"ImageObject\",\"inLanguage\":\"tr\",\"@id\":\"https:\\\/\\\/memurunsesi.net\\\/index.php\\\/2025\\\/04\\\/02\\\/bseu-ile-sanayi-isbirligi-arasinda-onemli-projeler-gorusuldu\\\/#primaryimage\",\"url\":\"https:\\\/\\\/memurunsesi.net\\\/wp-content\\\/uploads\\\/2025\\\/04\\\/AW424271_02.jpg\",\"contentUrl\":\"https:\\\/\\\/memurunsesi.net\\\/wp-content\\\/uploads\\\/2025\\\/04\\\/AW424271_02.jpg\",\"width\":2560,\"height\":1708,\"caption\":\"B\u0130LEC\u0130K \u015eEYH EDEBAL\u0130 \u00dcN\u0130VERS\u0130TES\u0130 (B\u015eE\u00dc), PROF. DR. ZAFER ASIM KAPLANCIKLI, \u00d6ZEL B\u0130R FABR\u0130KAYI Z\u0130YARET ETT\u0130. (CEM KAAN TOKA\\\/B\u0130LEC\u0130K-\u0130HA) Bilecik \u015eeyh Edebali \u00dcniversitesi (B\u015eE\u00dc), Prof. Dr. Zafer As\u0131m Kaplanc\u0131kl\u0131, \u00f6zel bir fabrikay\u0131 ziyaret etti.\"},{\"@type\":\"BreadcrumbList\",\"@id\":\"https:\\\/\\\/memurunsesi.net\\\/index.php\\\/2025\\\/04\\\/02\\\/bseu-ile-sanayi-isbirligi-arasinda-onemli-projeler-gorusuldu\\\/#breadcrumb\",\"itemListElement\":[{\"@type\":\"ListItem\",\"position\":1,\"name\":\"Anasayfa\",\"item\":\"https:\\\/\\\/memurunsesi.net\\\/\"},{\"@type\":\"ListItem\",\"position\":2,\"name\":\"B\u015eE\u00dc ile sanayi i\u015fbirli\u011fi aras\u0131nda \u00f6nemli projeler g\u00f6r\u00fc\u015f\u00fcld\u00fc\"}]},{\"@type\":\"WebSite\",\"@id\":\"https:\\\/\\\/memurunsesi.net\\\/#website\",\"url\":\"https:\\\/\\\/memurunsesi.net\\\/\",\"name\":\"Memurun Sesi\",\"description\":\"G\u00fcncel ve Do\u011fru Haber\",\"publisher\":{\"@id\":\"https:\\\/\\\/memurunsesi.net\\\/#organization\"},\"potentialAction\":[{\"@type\":\"SearchAction\",\"target\":{\"@type\":\"EntryPoint\",\"urlTemplate\":\"https:\\\/\\\/memurunsesi.net\\\/?s={search_term_string}\"},\"query-input\":{\"@type\":\"PropertyValueSpecification\",\"valueRequired\":true,\"valueName\":\"search_term_string\"}}],\"inLanguage\":\"tr\"},{\"@type\":\"Organization\",\"@id\":\"https:\\\/\\\/memurunsesi.net\\\/#organization\",\"name\":\"Memurun Sesi\",\"url\":\"https:\\\/\\\/memurunsesi.net\\\/\",\"logo\":{\"@type\":\"ImageObject\",\"inLanguage\":\"tr\",\"@id\":\"https:\\\/\\\/memurunsesi.net\\\/#\\\/schema\\\/logo\\\/image\\\/\",\"url\":\"https:\\\/\\\/memurunsesi.net\\\/wp-content\\\/uploads\\\/2025\\\/11\\\/cropped-MEMURUN-SESI.png\",\"contentUrl\":\"https:\\\/\\\/memurunsesi.net\\\/wp-content\\\/uploads\\\/2025\\\/11\\\/cropped-MEMURUN-SESI.png\",\"width\":238,\"height\":57,\"caption\":\"Memurun Sesi\"},\"image\":{\"@id\":\"https:\\\/\\\/memurunsesi.net\\\/#\\\/schema\\\/logo\\\/image\\\/\"},\"sameAs\":[\"https:\\\/\\\/www.facebook.com\\\/unipersen\\\/?locale=tr_TR\",\"https:\\\/\\\/x.com\\\/unipersen\"]},{\"@type\":\"Person\",\"@id\":\"https:\\\/\\\/memurunsesi.net\\\/#\\\/schema\\\/person\\\/f21c2d73b89f6ee1d80b0a1803e38587\",\"name\":\"Memurun Sesi Haber Merkezi\",\"image\":{\"@type\":\"ImageObject\",\"inLanguage\":\"tr\",\"@id\":\"https:\\\/\\\/secure.gravatar.com\\\/avatar\\\/6cf0505f452ee753f485014986fab09a434671d2b919ee76fc541025c5876a70?s=96&d=mm&r=g\",\"url\":\"https:\\\/\\\/secure.gravatar.com\\\/avatar\\\/6cf0505f452ee753f485014986fab09a434671d2b919ee76fc541025c5876a70?s=96&d=mm&r=g\",\"contentUrl\":\"https:\\\/\\\/secure.gravatar.com\\\/avatar\\\/6cf0505f452ee753f485014986fab09a434671d2b919ee76fc541025c5876a70?s=96&d=mm&r=g\",\"caption\":\"Memurun Sesi Haber Merkezi\"},\"sameAs\":[\"https:\\\/\\\/memurunsesi.net\"],\"url\":\"https:\\\/\\\/memurunsesi.net\\\/index.php\\\/author\\\/uniper\\\/\"}]}<\/script>\n<!-- \/ Yoast SEO plugin. -->","yoast_head_json":{"title":"B\u015eE\u00dc ile sanayi i\u015fbirli\u011fi aras\u0131nda \u00f6nemli projeler g\u00f6r\u00fc\u015f\u00fcld\u00fc - Memurun Sesi","robots":{"index":"index","follow":"follow","max-snippet":"max-snippet:-1","max-image-preview":"max-image-preview:large","max-video-preview":"max-video-preview:-1"},"canonical":"https:\/\/memurunsesi.net\/index.php\/2025\/04\/02\/bseu-ile-sanayi-isbirligi-arasinda-onemli-projeler-gorusuldu\/","og_locale":"tr_TR","og_type":"article","og_title":"B\u015eE\u00dc ile sanayi i\u015fbirli\u011fi aras\u0131nda \u00f6nemli projeler g\u00f6r\u00fc\u015f\u00fcld\u00fc - Memurun Sesi","og_description":"Bilecik \u015eeyh Edebali \u00dcniversitesi (B\u015eE\u00dc), Prof. Dr. Zafer As\u0131m Kaplanc\u0131kl\u0131, \u00f6zel bir fabrikay\u0131 ziyaret etti. Ger\u00e7ekle\u015fen ziyarette Rekt\u00f6r Prof. Dr. Kaplanc\u0131kl\u0131, \u00fcniversite-sanayi i\u015f birli\u011finin g\u00fc\u00e7lendirilmesi, Ar-Ge projeleri gibi konular \u00fczerinde g\u00f6r\u00fc\u015f al\u0131\u015fveri\u015finde bulunuldu. Ziyaret kapsam\u0131nda, fabrikan\u0131n Y\u00f6netim Kurulu Ba\u015fkan\u0131 H\u00fcrriyet Grit ile ger\u00e7ekle\u015ftirilen toplant\u0131da Rekt\u00f6r Prof. Dr. Kaplanc\u0131kl\u0131, \u00dcniversite ile fabrika aras\u0131nda e\u011fitim, ara\u015ft\u0131rma ve [&hellip;]","og_url":"https:\/\/memurunsesi.net\/index.php\/2025\/04\/02\/bseu-ile-sanayi-isbirligi-arasinda-onemli-projeler-gorusuldu\/","og_site_name":"Memurun Sesi","article_publisher":"https:\/\/www.facebook.com\/unipersen\/?locale=tr_TR","article_published_time":"2025-04-02T05:58:55+00:00","og_image":[{"width":2560,"height":1708,"url":"https:\/\/memurunsesi.net\/wp-content\/uploads\/2025\/04\/AW424271_02.jpg","type":"image\/jpeg"}],"author":"Memurun Sesi Haber Merkezi","twitter_card":"summary_large_image","twitter_creator":"@unipersen","twitter_site":"@unipersen","twitter_misc":{"Yazan:":"Memurun Sesi Haber Merkezi","Tahmini okuma s\u00fcresi":"1 dakika"},"schema":{"@context":"https:\/\/schema.org","@graph":[{"@type":"Article","@id":"https:\/\/memurunsesi.net\/index.php\/2025\/04\/02\/bseu-ile-sanayi-isbirligi-arasinda-onemli-projeler-gorusuldu\/#article","isPartOf":{"@id":"https:\/\/memurunsesi.net\/index.php\/2025\/04\/02\/bseu-ile-sanayi-isbirligi-arasinda-onemli-projeler-gorusuldu\/"},"author":{"name":"Memurun Sesi Haber Merkezi","@id":"https:\/\/memurunsesi.net\/#\/schema\/person\/f21c2d73b89f6ee1d80b0a1803e38587"},"headline":"B\u015eE\u00dc ile sanayi i\u015fbirli\u011fi aras\u0131nda \u00f6nemli projeler g\u00f6r\u00fc\u015f\u00fcld\u00fc","datePublished":"2025-04-02T05:58:55+00:00","mainEntityOfPage":{"@id":"https:\/\/memurunsesi.net\/index.php\/2025\/04\/02\/bseu-ile-sanayi-isbirligi-arasinda-onemli-projeler-gorusuldu\/"},"wordCount":126,"commentCount":0,"publisher":{"@id":"https:\/\/memurunsesi.net\/#organization"},"image":{"@id":"https:\/\/memurunsesi.net\/index.php\/2025\/04\/02\/bseu-ile-sanayi-isbirligi-arasinda-onemli-projeler-gorusuldu\/#primaryimage"},"thumbnailUrl":"https:\/\/memurunsesi.net\/wp-content\/uploads\/2025\/04\/AW424271_02.jpg","articleSection":["\u00dcniversiteden Haberler"],"inLanguage":"tr","potentialAction":[{"@type":"CommentAction","name":"Comment","target":["https:\/\/memurunsesi.net\/index.php\/2025\/04\/02\/bseu-ile-sanayi-isbirligi-arasinda-onemli-projeler-gorusuldu\/#respond"]}]},{"@type":"WebPage","@id":"https:\/\/memurunsesi.net\/index.php\/2025\/04\/02\/bseu-ile-sanayi-isbirligi-arasinda-onemli-projeler-gorusuldu\/","url":"https:\/\/memurunsesi.net\/index.php\/2025\/04\/02\/bseu-ile-sanayi-isbirligi-arasinda-onemli-projeler-gorusuldu\/","name":"B\u015eE\u00dc ile sanayi i\u015fbirli\u011fi aras\u0131nda \u00f6nemli projeler g\u00f6r\u00fc\u015f\u00fcld\u00fc - Memurun Sesi","isPartOf":{"@id":"https:\/\/memurunsesi.net\/#website"},"primaryImageOfPage":{"@id":"https:\/\/memurunsesi.net\/index.php\/2025\/04\/02\/bseu-ile-sanayi-isbirligi-arasinda-onemli-projeler-gorusuldu\/#primaryimage"},"image":{"@id":"https:\/\/memurunsesi.net\/index.php\/2025\/04\/02\/bseu-ile-sanayi-isbirligi-arasinda-onemli-projeler-gorusuldu\/#primaryimage"},"thumbnailUrl":"https:\/\/memurunsesi.net\/wp-content\/uploads\/2025\/04\/AW424271_02.jpg","datePublished":"2025-04-02T05:58:55+00:00","breadcrumb":{"@id":"https:\/\/memurunsesi.net\/index.php\/2025\/04\/02\/bseu-ile-sanayi-isbirligi-arasinda-onemli-projeler-gorusuldu\/#breadcrumb"},"inLanguage":"tr","potentialAction":[{"@type":"ReadAction","target":["https:\/\/memurunsesi.net\/index.php\/2025\/04\/02\/bseu-ile-sanayi-isbirligi-arasinda-onemli-projeler-gorusuldu\/"]}]},{"@type":"ImageObject","inLanguage":"tr","@id":"https:\/\/memurunsesi.net\/index.php\/2025\/04\/02\/bseu-ile-sanayi-isbirligi-arasinda-onemli-projeler-gorusuldu\/#primaryimage","url":"https:\/\/memurunsesi.net\/wp-content\/uploads\/2025\/04\/AW424271_02.jpg","contentUrl":"https:\/\/memurunsesi.net\/wp-content\/uploads\/2025\/04\/AW424271_02.jpg","width":2560,"height":1708,"caption":"B\u0130LEC\u0130K \u015eEYH EDEBAL\u0130 \u00dcN\u0130VERS\u0130TES\u0130 (B\u015eE\u00dc), PROF. DR. ZAFER ASIM KAPLANCIKLI, \u00d6ZEL B\u0130R FABR\u0130KAYI Z\u0130YARET ETT\u0130. (CEM KAAN TOKA\/B\u0130LEC\u0130K-\u0130HA) Bilecik \u015eeyh Edebali \u00dcniversitesi (B\u015eE\u00dc), Prof. Dr. Zafer As\u0131m Kaplanc\u0131kl\u0131, \u00f6zel bir fabrikay\u0131 ziyaret etti."},{"@type":"BreadcrumbList","@id":"https:\/\/memurunsesi.net\/index.php\/2025\/04\/02\/bseu-ile-sanayi-isbirligi-arasinda-onemli-projeler-gorusuldu\/#breadcrumb","itemListElement":[{"@type":"ListItem","position":1,"name":"Anasayfa","item":"https:\/\/memurunsesi.net\/"},{"@type":"ListItem","position":2,"name":"B\u015eE\u00dc ile sanayi i\u015fbirli\u011fi aras\u0131nda \u00f6nemli projeler g\u00f6r\u00fc\u015f\u00fcld\u00fc"}]},{"@type":"WebSite","@id":"https:\/\/memurunsesi.net\/#website","url":"https:\/\/memurunsesi.net\/","name":"Memurun Sesi","description":"G\u00fcncel ve Do\u011fru Haber","publisher":{"@id":"https:\/\/memurunsesi.net\/#organization"},"potentialAction":[{"@type":"SearchAction","target":{"@type":"EntryPoint","urlTemplate":"https:\/\/memurunsesi.net\/?s={search_term_string}"},"query-input":{"@type":"PropertyValueSpecification","valueRequired":true,"valueName":"search_term_string"}}],"inLanguage":"tr"},{"@type":"Organization","@id":"https:\/\/memurunsesi.net\/#organization","name":"Memurun Sesi","url":"https:\/\/memurunsesi.net\/","logo":{"@type":"ImageObject","inLanguage":"tr","@id":"https:\/\/memurunsesi.net\/#\/schema\/logo\/image\/","url":"https:\/\/memurunsesi.net\/wp-content\/uploads\/2025\/11\/cropped-MEMURUN-SESI.png","contentUrl":"https:\/\/memurunsesi.net\/wp-content\/uploads\/2025\/11\/cropped-MEMURUN-SESI.png","width":238,"height":57,"caption":"Memurun Sesi"},"image":{"@id":"https:\/\/memurunsesi.net\/#\/schema\/logo\/image\/"},"sameAs":["https:\/\/www.facebook.com\/unipersen\/?locale=tr_TR","https:\/\/x.com\/unipersen"]},{"@type":"Person","@id":"https:\/\/memurunsesi.net\/#\/schema\/person\/f21c2d73b89f6ee1d80b0a1803e38587","name":"Memurun Sesi Haber Merkezi","image":{"@type":"ImageObject","inLanguage":"tr","@id":"https:\/\/secure.gravatar.com\/avatar\/6cf0505f452ee753f485014986fab09a434671d2b919ee76fc541025c5876a70?s=96&d=mm&r=g","url":"https:\/\/secure.gravatar.com\/avatar\/6cf0505f452ee753f485014986fab09a434671d2b919ee76fc541025c5876a70?s=96&d=mm&r=g","contentUrl":"https:\/\/secure.gravatar.com\/avatar\/6cf0505f452ee753f485014986fab09a434671d2b919ee76fc541025c5876a70?s=96&d=mm&r=g","caption":"Memurun Sesi Haber Merkezi"},"sameAs":["https:\/\/memurunsesi.net"],"url":"https:\/\/memurunsesi.net\/index.php\/author\/uniper\/"}]}},"_links":{"self":[{"href":"https:\/\/memurunsesi.net\/index.php\/wp-json\/wp\/v2\/posts\/4729","targetHints":{"allow":["GET"]}}],"collection":[{"href":"https:\/\/memurunsesi.net\/index.php\/wp-json\/wp\/v2\/posts"}],"about":[{"href":"https:\/\/memurunsesi.net\/index.php\/wp-json\/wp\/v2\/types\/post"}],"author":[{"embeddable":true,"href":"https:\/\/memurunsesi.net\/index.php\/wp-json\/wp\/v2\/users\/1"}],"replies":[{"embeddable":true,"href":"https:\/\/memurunsesi.net\/index.php\/wp-json\/wp\/v2\/comments?post=4729"}],"version-history":[{"count":1,"href":"https:\/\/memurunsesi.net\/index.php\/wp-json\/wp\/v2\/posts\/4729\/revisions"}],"predecessor-version":[{"id":4731,"href":"https:\/\/memurunsesi.net\/index.php\/wp-json\/wp\/v2\/posts\/4729\/revisions\/4731"}],"wp:featuredmedia":[{"embeddable":true,"href":"https:\/\/memurunsesi.net\/index.php\/wp-json\/wp\/v2\/media\/4730"}],"wp:attachment":[{"href":"https:\/\/memurunsesi.net\/index.php\/wp-json\/wp\/v2\/media?parent=4729"}],"wp:term":[{"taxonomy":"category","embeddable":true,"href":"https:\/\/memurunsesi.net\/index.php\/wp-json\/wp\/v2\/categories?post=4729"},{"taxonomy":"post_tag","embeddable":true,"href":"https:\/\/memurunsesi.net\/index.php\/wp-json\/wp\/v2\/tags?post=4729"}],"curies":[{"name":"wp","href":"https:\/\/api.w.org\/{rel}","templated":true}]}}