{"id":4740,"date":"2025-04-03T08:55:37","date_gmt":"2025-04-03T05:55:37","guid":{"rendered":"https:\/\/memurunsesi.net\/?p=4740"},"modified":"2025-04-03T08:55:37","modified_gmt":"2025-04-03T05:55:37","slug":"basaksehirde-tamir-atolyesinde-yangin","status":"publish","type":"post","link":"https:\/\/memurunsesi.net\/index.php\/2025\/04\/03\/basaksehirde-tamir-atolyesinde-yangin\/","title":{"rendered":"Ba\u015fak\u015fehir\u2019de tamir at\u00f6lyesinde yang\u0131n"},"content":{"rendered":"<p>\u0130stanbul Ba\u015fak\u015fehir\u2019de t\u0131r garaj\u0131nda bulunan bir tamir at\u00f6lyesinde yang\u0131n \u00e7\u0131kt\u0131. Yang\u0131n itfaiye ekiplerinin m\u00fcdahalesi ile s\u00f6nd\u00fcr\u00fcld\u00fc.<br \/>\nOlay, saat 23.00 s\u0131ralar\u0131nda \u0130stanbul Ba\u015fak\u015fehir Ziya G\u00f6kalp Mahallesi\u2019nde bulunan bir t\u0131r garaj\u0131nda meydana geldi. \u0130ddiaya g\u00f6re garaj\u0131n i\u00e7indeki tamir at\u00f6lyesinde hen\u00fcz bilinmeyen nedenle yang\u0131n \u00e7\u0131kt\u0131. \u00c7\u0131kan yang\u0131n giderek b\u00fcy\u00fcrken yer yer patlamalar meydana geldi. \u0130hbar \u00fczerine olay yerine itfaiye, polis ve sa\u011fl\u0131k ekipleri sevk edildi. Yang\u0131n, itfaiye ekiplerinin m\u00fcdahalesi ile kontrol alt\u0131na al\u0131narak s\u00f6nd\u00fcr\u00fcld\u00fc. Olayda \u00f6len ya da yaralanan olmazken polis ekipleri konu ile ilgili \u00e7al\u0131\u015fma ba\u015flatt\u0131.<\/p>\n<p>3.04.2025<\/p>\n","protected":false},"excerpt":{"rendered":"<p>\u0130stanbul Ba\u015fak\u015fehir\u2019de t\u0131r garaj\u0131nda bulunan bir tamir at\u00f6lyesinde yang\u0131n \u00e7\u0131kt\u0131. Yang\u0131n itfaiye ekiplerinin m\u00fcdahalesi ile s\u00f6nd\u00fcr\u00fcld\u00fc. Olay, saat 23.00 s\u0131ralar\u0131nda \u0130stanbul Ba\u015fak\u015fehir Ziya G\u00f6kalp Mahallesi\u2019nde bulunan bir t\u0131r garaj\u0131nda meydana geldi. \u0130ddiaya g\u00f6re garaj\u0131n i\u00e7indeki tamir at\u00f6lyesinde hen\u00fcz bilinmeyen nedenle yang\u0131n \u00e7\u0131kt\u0131. \u00c7\u0131kan yang\u0131n giderek b\u00fcy\u00fcrken yer yer patlamalar meydana geldi. \u0130hbar \u00fczerine olay yerine [&hellip;]<\/p>\n","protected":false},"author":1,"featured_media":4741,"comment_status":"open","ping_status":"open","sticky":false,"template":"","format":"standard","meta":{"footnotes":""},"categories":[45],"tags":[],"class_list":["post-4740","post","type-post","status-publish","format-standard","has-post-thumbnail","hentry","category-gundem"],"yoast_head":"<!-- This site is optimized with the Yoast SEO plugin v27.4 - https:\/\/yoast.com\/product\/yoast-seo-wordpress\/ -->\n<title>Ba\u015fak\u015fehir\u2019de tamir at\u00f6lyesinde yang\u0131n - Memurun Sesi<\/title>\n<meta name=\"robots\" content=\"index, follow, max-snippet:-1, max-image-preview:large, max-video-preview:-1\" \/>\n<link rel=\"canonical\" href=\"https:\/\/memurunsesi.net\/index.php\/2025\/04\/03\/basaksehirde-tamir-atolyesinde-yangin\/\" \/>\n<meta property=\"og:locale\" content=\"tr_TR\" \/>\n<meta property=\"og:type\" content=\"article\" \/>\n<meta property=\"og:title\" content=\"Ba\u015fak\u015fehir\u2019de tamir at\u00f6lyesinde yang\u0131n - Memurun Sesi\" \/>\n<meta property=\"og:description\" content=\"\u0130stanbul Ba\u015fak\u015fehir\u2019de t\u0131r garaj\u0131nda bulunan bir tamir at\u00f6lyesinde yang\u0131n \u00e7\u0131kt\u0131. Yang\u0131n itfaiye ekiplerinin m\u00fcdahalesi ile s\u00f6nd\u00fcr\u00fcld\u00fc. Olay, saat 23.00 s\u0131ralar\u0131nda \u0130stanbul Ba\u015fak\u015fehir Ziya G\u00f6kalp Mahallesi\u2019nde bulunan bir t\u0131r garaj\u0131nda meydana geldi. \u0130ddiaya g\u00f6re garaj\u0131n i\u00e7indeki tamir at\u00f6lyesinde hen\u00fcz bilinmeyen nedenle yang\u0131n \u00e7\u0131kt\u0131. \u00c7\u0131kan yang\u0131n giderek b\u00fcy\u00fcrken yer yer patlamalar meydana geldi. \u0130hbar \u00fczerine olay yerine [&hellip;]\" \/>\n<meta property=\"og:url\" content=\"https:\/\/memurunsesi.net\/index.php\/2025\/04\/03\/basaksehirde-tamir-atolyesinde-yangin\/\" \/>\n<meta property=\"og:site_name\" content=\"Memurun Sesi\" \/>\n<meta property=\"article:publisher\" content=\"https:\/\/www.facebook.com\/unipersen\/?locale=tr_TR\" \/>\n<meta property=\"article:published_time\" content=\"2025-04-03T05:55:37+00:00\" \/>\n<meta property=\"og:image\" content=\"https:\/\/memurunsesi.net\/wp-content\/uploads\/2025\/04\/AW425115_01-scaled.jpg\" \/>\n\t<meta property=\"og:image:width\" content=\"2560\" \/>\n\t<meta property=\"og:image:height\" content=\"1920\" \/>\n\t<meta property=\"og:image:type\" content=\"image\/jpeg\" \/>\n<meta name=\"author\" content=\"Memurun Sesi Haber Merkezi\" \/>\n<meta name=\"twitter:card\" content=\"summary_large_image\" \/>\n<meta name=\"twitter:creator\" content=\"@unipersen\" \/>\n<meta name=\"twitter:site\" content=\"@unipersen\" \/>\n<meta name=\"twitter:label1\" content=\"Yazan:\" \/>\n\t<meta name=\"twitter:data1\" content=\"Memurun Sesi Haber Merkezi\" \/>\n\t<meta name=\"twitter:label2\" content=\"Tahmini okuma s\u00fcresi\" \/>\n\t<meta name=\"twitter:data2\" content=\"1 dakika\" \/>\n<script type=\"application\/ld+json\" class=\"yoast-schema-graph\">{\"@context\":\"https:\\\/\\\/schema.org\",\"@graph\":[{\"@type\":\"Article\",\"@id\":\"https:\\\/\\\/memurunsesi.net\\\/index.php\\\/2025\\\/04\\\/03\\\/basaksehirde-tamir-atolyesinde-yangin\\\/#article\",\"isPartOf\":{\"@id\":\"https:\\\/\\\/memurunsesi.net\\\/index.php\\\/2025\\\/04\\\/03\\\/basaksehirde-tamir-atolyesinde-yangin\\\/\"},\"author\":{\"name\":\"Memurun Sesi Haber Merkezi\",\"@id\":\"https:\\\/\\\/memurunsesi.net\\\/#\\\/schema\\\/person\\\/f21c2d73b89f6ee1d80b0a1803e38587\"},\"headline\":\"Ba\u015fak\u015fehir\u2019de tamir at\u00f6lyesinde yang\u0131n\",\"datePublished\":\"2025-04-03T05:55:37+00:00\",\"mainEntityOfPage\":{\"@id\":\"https:\\\/\\\/memurunsesi.net\\\/index.php\\\/2025\\\/04\\\/03\\\/basaksehirde-tamir-atolyesinde-yangin\\\/\"},\"wordCount\":132,\"commentCount\":0,\"publisher\":{\"@id\":\"https:\\\/\\\/memurunsesi.net\\\/#organization\"},\"image\":{\"@id\":\"https:\\\/\\\/memurunsesi.net\\\/index.php\\\/2025\\\/04\\\/03\\\/basaksehirde-tamir-atolyesinde-yangin\\\/#primaryimage\"},\"thumbnailUrl\":\"https:\\\/\\\/memurunsesi.net\\\/wp-content\\\/uploads\\\/2025\\\/04\\\/AW425115_01-scaled.jpg\",\"articleSection\":[\"G\u00fcndem\"],\"inLanguage\":\"tr\",\"potentialAction\":[{\"@type\":\"CommentAction\",\"name\":\"Comment\",\"target\":[\"https:\\\/\\\/memurunsesi.net\\\/index.php\\\/2025\\\/04\\\/03\\\/basaksehirde-tamir-atolyesinde-yangin\\\/#respond\"]}]},{\"@type\":\"WebPage\",\"@id\":\"https:\\\/\\\/memurunsesi.net\\\/index.php\\\/2025\\\/04\\\/03\\\/basaksehirde-tamir-atolyesinde-yangin\\\/\",\"url\":\"https:\\\/\\\/memurunsesi.net\\\/index.php\\\/2025\\\/04\\\/03\\\/basaksehirde-tamir-atolyesinde-yangin\\\/\",\"name\":\"Ba\u015fak\u015fehir\u2019de tamir at\u00f6lyesinde yang\u0131n - Memurun Sesi\",\"isPartOf\":{\"@id\":\"https:\\\/\\\/memurunsesi.net\\\/#website\"},\"primaryImageOfPage\":{\"@id\":\"https:\\\/\\\/memurunsesi.net\\\/index.php\\\/2025\\\/04\\\/03\\\/basaksehirde-tamir-atolyesinde-yangin\\\/#primaryimage\"},\"image\":{\"@id\":\"https:\\\/\\\/memurunsesi.net\\\/index.php\\\/2025\\\/04\\\/03\\\/basaksehirde-tamir-atolyesinde-yangin\\\/#primaryimage\"},\"thumbnailUrl\":\"https:\\\/\\\/memurunsesi.net\\\/wp-content\\\/uploads\\\/2025\\\/04\\\/AW425115_01-scaled.jpg\",\"datePublished\":\"2025-04-03T05:55:37+00:00\",\"breadcrumb\":{\"@id\":\"https:\\\/\\\/memurunsesi.net\\\/index.php\\\/2025\\\/04\\\/03\\\/basaksehirde-tamir-atolyesinde-yangin\\\/#breadcrumb\"},\"inLanguage\":\"tr\",\"potentialAction\":[{\"@type\":\"ReadAction\",\"target\":[\"https:\\\/\\\/memurunsesi.net\\\/index.php\\\/2025\\\/04\\\/03\\\/basaksehirde-tamir-atolyesinde-yangin\\\/\"]}]},{\"@type\":\"ImageObject\",\"inLanguage\":\"tr\",\"@id\":\"https:\\\/\\\/memurunsesi.net\\\/index.php\\\/2025\\\/04\\\/03\\\/basaksehirde-tamir-atolyesinde-yangin\\\/#primaryimage\",\"url\":\"https:\\\/\\\/memurunsesi.net\\\/wp-content\\\/uploads\\\/2025\\\/04\\\/AW425115_01-scaled.jpg\",\"contentUrl\":\"https:\\\/\\\/memurunsesi.net\\\/wp-content\\\/uploads\\\/2025\\\/04\\\/AW425115_01-scaled.jpg\",\"width\":2560,\"height\":1920,\"caption\":\"BA\u015eAK\u015eEH\u0130R'DE TAM\u0130R AT\u00d6LYES\u0130NDE \u00c7IKAN YANGIN S\u00d6ND\u00dcR\u00dcLD\u00dc (MERT YILDIRIM\\\/\u0130STANBUL-\u0130HA) \u0130stanbul Ba\u015fak\u015fehir'de t\u0131r garaj\u0131nda bulunan bir tamir at\u00f6lyesinde yang\u0131n \u00e7\u0131kt\u0131. Yang\u0131n itfaiye ekiplerinin m\u00fcdahalesi ile s\u00f6nd\u00fcr\u00fcld\u00fc.\"},{\"@type\":\"BreadcrumbList\",\"@id\":\"https:\\\/\\\/memurunsesi.net\\\/index.php\\\/2025\\\/04\\\/03\\\/basaksehirde-tamir-atolyesinde-yangin\\\/#breadcrumb\",\"itemListElement\":[{\"@type\":\"ListItem\",\"position\":1,\"name\":\"Anasayfa\",\"item\":\"https:\\\/\\\/memurunsesi.net\\\/\"},{\"@type\":\"ListItem\",\"position\":2,\"name\":\"Ba\u015fak\u015fehir\u2019de tamir at\u00f6lyesinde yang\u0131n\"}]},{\"@type\":\"WebSite\",\"@id\":\"https:\\\/\\\/memurunsesi.net\\\/#website\",\"url\":\"https:\\\/\\\/memurunsesi.net\\\/\",\"name\":\"Memurun Sesi\",\"description\":\"G\u00fcncel ve Do\u011fru Haber\",\"publisher\":{\"@id\":\"https:\\\/\\\/memurunsesi.net\\\/#organization\"},\"potentialAction\":[{\"@type\":\"SearchAction\",\"target\":{\"@type\":\"EntryPoint\",\"urlTemplate\":\"https:\\\/\\\/memurunsesi.net\\\/?s={search_term_string}\"},\"query-input\":{\"@type\":\"PropertyValueSpecification\",\"valueRequired\":true,\"valueName\":\"search_term_string\"}}],\"inLanguage\":\"tr\"},{\"@type\":\"Organization\",\"@id\":\"https:\\\/\\\/memurunsesi.net\\\/#organization\",\"name\":\"Memurun Sesi\",\"url\":\"https:\\\/\\\/memurunsesi.net\\\/\",\"logo\":{\"@type\":\"ImageObject\",\"inLanguage\":\"tr\",\"@id\":\"https:\\\/\\\/memurunsesi.net\\\/#\\\/schema\\\/logo\\\/image\\\/\",\"url\":\"https:\\\/\\\/memurunsesi.net\\\/wp-content\\\/uploads\\\/2025\\\/11\\\/cropped-MEMURUN-SESI.png\",\"contentUrl\":\"https:\\\/\\\/memurunsesi.net\\\/wp-content\\\/uploads\\\/2025\\\/11\\\/cropped-MEMURUN-SESI.png\",\"width\":238,\"height\":57,\"caption\":\"Memurun Sesi\"},\"image\":{\"@id\":\"https:\\\/\\\/memurunsesi.net\\\/#\\\/schema\\\/logo\\\/image\\\/\"},\"sameAs\":[\"https:\\\/\\\/www.facebook.com\\\/unipersen\\\/?locale=tr_TR\",\"https:\\\/\\\/x.com\\\/unipersen\"]},{\"@type\":\"Person\",\"@id\":\"https:\\\/\\\/memurunsesi.net\\\/#\\\/schema\\\/person\\\/f21c2d73b89f6ee1d80b0a1803e38587\",\"name\":\"Memurun Sesi Haber Merkezi\",\"image\":{\"@type\":\"ImageObject\",\"inLanguage\":\"tr\",\"@id\":\"https:\\\/\\\/secure.gravatar.com\\\/avatar\\\/6cf0505f452ee753f485014986fab09a434671d2b919ee76fc541025c5876a70?s=96&d=mm&r=g\",\"url\":\"https:\\\/\\\/secure.gravatar.com\\\/avatar\\\/6cf0505f452ee753f485014986fab09a434671d2b919ee76fc541025c5876a70?s=96&d=mm&r=g\",\"contentUrl\":\"https:\\\/\\\/secure.gravatar.com\\\/avatar\\\/6cf0505f452ee753f485014986fab09a434671d2b919ee76fc541025c5876a70?s=96&d=mm&r=g\",\"caption\":\"Memurun Sesi Haber Merkezi\"},\"sameAs\":[\"https:\\\/\\\/memurunsesi.net\"],\"url\":\"https:\\\/\\\/memurunsesi.net\\\/index.php\\\/author\\\/uniper\\\/\"}]}<\/script>\n<!-- \/ Yoast SEO plugin. -->","yoast_head_json":{"title":"Ba\u015fak\u015fehir\u2019de tamir at\u00f6lyesinde yang\u0131n - Memurun Sesi","robots":{"index":"index","follow":"follow","max-snippet":"max-snippet:-1","max-image-preview":"max-image-preview:large","max-video-preview":"max-video-preview:-1"},"canonical":"https:\/\/memurunsesi.net\/index.php\/2025\/04\/03\/basaksehirde-tamir-atolyesinde-yangin\/","og_locale":"tr_TR","og_type":"article","og_title":"Ba\u015fak\u015fehir\u2019de tamir at\u00f6lyesinde yang\u0131n - Memurun Sesi","og_description":"\u0130stanbul Ba\u015fak\u015fehir\u2019de t\u0131r garaj\u0131nda bulunan bir tamir at\u00f6lyesinde yang\u0131n \u00e7\u0131kt\u0131. Yang\u0131n itfaiye ekiplerinin m\u00fcdahalesi ile s\u00f6nd\u00fcr\u00fcld\u00fc. Olay, saat 23.00 s\u0131ralar\u0131nda \u0130stanbul Ba\u015fak\u015fehir Ziya G\u00f6kalp Mahallesi\u2019nde bulunan bir t\u0131r garaj\u0131nda meydana geldi. \u0130ddiaya g\u00f6re garaj\u0131n i\u00e7indeki tamir at\u00f6lyesinde hen\u00fcz bilinmeyen nedenle yang\u0131n \u00e7\u0131kt\u0131. \u00c7\u0131kan yang\u0131n giderek b\u00fcy\u00fcrken yer yer patlamalar meydana geldi. \u0130hbar \u00fczerine olay yerine [&hellip;]","og_url":"https:\/\/memurunsesi.net\/index.php\/2025\/04\/03\/basaksehirde-tamir-atolyesinde-yangin\/","og_site_name":"Memurun Sesi","article_publisher":"https:\/\/www.facebook.com\/unipersen\/?locale=tr_TR","article_published_time":"2025-04-03T05:55:37+00:00","og_image":[{"width":2560,"height":1920,"url":"https:\/\/memurunsesi.net\/wp-content\/uploads\/2025\/04\/AW425115_01-scaled.jpg","type":"image\/jpeg"}],"author":"Memurun Sesi Haber Merkezi","twitter_card":"summary_large_image","twitter_creator":"@unipersen","twitter_site":"@unipersen","twitter_misc":{"Yazan:":"Memurun Sesi Haber Merkezi","Tahmini okuma s\u00fcresi":"1 dakika"},"schema":{"@context":"https:\/\/schema.org","@graph":[{"@type":"Article","@id":"https:\/\/memurunsesi.net\/index.php\/2025\/04\/03\/basaksehirde-tamir-atolyesinde-yangin\/#article","isPartOf":{"@id":"https:\/\/memurunsesi.net\/index.php\/2025\/04\/03\/basaksehirde-tamir-atolyesinde-yangin\/"},"author":{"name":"Memurun Sesi Haber Merkezi","@id":"https:\/\/memurunsesi.net\/#\/schema\/person\/f21c2d73b89f6ee1d80b0a1803e38587"},"headline":"Ba\u015fak\u015fehir\u2019de tamir at\u00f6lyesinde yang\u0131n","datePublished":"2025-04-03T05:55:37+00:00","mainEntityOfPage":{"@id":"https:\/\/memurunsesi.net\/index.php\/2025\/04\/03\/basaksehirde-tamir-atolyesinde-yangin\/"},"wordCount":132,"commentCount":0,"publisher":{"@id":"https:\/\/memurunsesi.net\/#organization"},"image":{"@id":"https:\/\/memurunsesi.net\/index.php\/2025\/04\/03\/basaksehirde-tamir-atolyesinde-yangin\/#primaryimage"},"thumbnailUrl":"https:\/\/memurunsesi.net\/wp-content\/uploads\/2025\/04\/AW425115_01-scaled.jpg","articleSection":["G\u00fcndem"],"inLanguage":"tr","potentialAction":[{"@type":"CommentAction","name":"Comment","target":["https:\/\/memurunsesi.net\/index.php\/2025\/04\/03\/basaksehirde-tamir-atolyesinde-yangin\/#respond"]}]},{"@type":"WebPage","@id":"https:\/\/memurunsesi.net\/index.php\/2025\/04\/03\/basaksehirde-tamir-atolyesinde-yangin\/","url":"https:\/\/memurunsesi.net\/index.php\/2025\/04\/03\/basaksehirde-tamir-atolyesinde-yangin\/","name":"Ba\u015fak\u015fehir\u2019de tamir at\u00f6lyesinde yang\u0131n - Memurun Sesi","isPartOf":{"@id":"https:\/\/memurunsesi.net\/#website"},"primaryImageOfPage":{"@id":"https:\/\/memurunsesi.net\/index.php\/2025\/04\/03\/basaksehirde-tamir-atolyesinde-yangin\/#primaryimage"},"image":{"@id":"https:\/\/memurunsesi.net\/index.php\/2025\/04\/03\/basaksehirde-tamir-atolyesinde-yangin\/#primaryimage"},"thumbnailUrl":"https:\/\/memurunsesi.net\/wp-content\/uploads\/2025\/04\/AW425115_01-scaled.jpg","datePublished":"2025-04-03T05:55:37+00:00","breadcrumb":{"@id":"https:\/\/memurunsesi.net\/index.php\/2025\/04\/03\/basaksehirde-tamir-atolyesinde-yangin\/#breadcrumb"},"inLanguage":"tr","potentialAction":[{"@type":"ReadAction","target":["https:\/\/memurunsesi.net\/index.php\/2025\/04\/03\/basaksehirde-tamir-atolyesinde-yangin\/"]}]},{"@type":"ImageObject","inLanguage":"tr","@id":"https:\/\/memurunsesi.net\/index.php\/2025\/04\/03\/basaksehirde-tamir-atolyesinde-yangin\/#primaryimage","url":"https:\/\/memurunsesi.net\/wp-content\/uploads\/2025\/04\/AW425115_01-scaled.jpg","contentUrl":"https:\/\/memurunsesi.net\/wp-content\/uploads\/2025\/04\/AW425115_01-scaled.jpg","width":2560,"height":1920,"caption":"BA\u015eAK\u015eEH\u0130R'DE TAM\u0130R AT\u00d6LYES\u0130NDE \u00c7IKAN YANGIN S\u00d6ND\u00dcR\u00dcLD\u00dc (MERT YILDIRIM\/\u0130STANBUL-\u0130HA) \u0130stanbul Ba\u015fak\u015fehir'de t\u0131r garaj\u0131nda bulunan bir tamir at\u00f6lyesinde yang\u0131n \u00e7\u0131kt\u0131. Yang\u0131n itfaiye ekiplerinin m\u00fcdahalesi ile s\u00f6nd\u00fcr\u00fcld\u00fc."},{"@type":"BreadcrumbList","@id":"https:\/\/memurunsesi.net\/index.php\/2025\/04\/03\/basaksehirde-tamir-atolyesinde-yangin\/#breadcrumb","itemListElement":[{"@type":"ListItem","position":1,"name":"Anasayfa","item":"https:\/\/memurunsesi.net\/"},{"@type":"ListItem","position":2,"name":"Ba\u015fak\u015fehir\u2019de tamir at\u00f6lyesinde yang\u0131n"}]},{"@type":"WebSite","@id":"https:\/\/memurunsesi.net\/#website","url":"https:\/\/memurunsesi.net\/","name":"Memurun Sesi","description":"G\u00fcncel ve Do\u011fru Haber","publisher":{"@id":"https:\/\/memurunsesi.net\/#organization"},"potentialAction":[{"@type":"SearchAction","target":{"@type":"EntryPoint","urlTemplate":"https:\/\/memurunsesi.net\/?s={search_term_string}"},"query-input":{"@type":"PropertyValueSpecification","valueRequired":true,"valueName":"search_term_string"}}],"inLanguage":"tr"},{"@type":"Organization","@id":"https:\/\/memurunsesi.net\/#organization","name":"Memurun Sesi","url":"https:\/\/memurunsesi.net\/","logo":{"@type":"ImageObject","inLanguage":"tr","@id":"https:\/\/memurunsesi.net\/#\/schema\/logo\/image\/","url":"https:\/\/memurunsesi.net\/wp-content\/uploads\/2025\/11\/cropped-MEMURUN-SESI.png","contentUrl":"https:\/\/memurunsesi.net\/wp-content\/uploads\/2025\/11\/cropped-MEMURUN-SESI.png","width":238,"height":57,"caption":"Memurun Sesi"},"image":{"@id":"https:\/\/memurunsesi.net\/#\/schema\/logo\/image\/"},"sameAs":["https:\/\/www.facebook.com\/unipersen\/?locale=tr_TR","https:\/\/x.com\/unipersen"]},{"@type":"Person","@id":"https:\/\/memurunsesi.net\/#\/schema\/person\/f21c2d73b89f6ee1d80b0a1803e38587","name":"Memurun Sesi Haber Merkezi","image":{"@type":"ImageObject","inLanguage":"tr","@id":"https:\/\/secure.gravatar.com\/avatar\/6cf0505f452ee753f485014986fab09a434671d2b919ee76fc541025c5876a70?s=96&d=mm&r=g","url":"https:\/\/secure.gravatar.com\/avatar\/6cf0505f452ee753f485014986fab09a434671d2b919ee76fc541025c5876a70?s=96&d=mm&r=g","contentUrl":"https:\/\/secure.gravatar.com\/avatar\/6cf0505f452ee753f485014986fab09a434671d2b919ee76fc541025c5876a70?s=96&d=mm&r=g","caption":"Memurun Sesi Haber Merkezi"},"sameAs":["https:\/\/memurunsesi.net"],"url":"https:\/\/memurunsesi.net\/index.php\/author\/uniper\/"}]}},"_links":{"self":[{"href":"https:\/\/memurunsesi.net\/index.php\/wp-json\/wp\/v2\/posts\/4740","targetHints":{"allow":["GET"]}}],"collection":[{"href":"https:\/\/memurunsesi.net\/index.php\/wp-json\/wp\/v2\/posts"}],"about":[{"href":"https:\/\/memurunsesi.net\/index.php\/wp-json\/wp\/v2\/types\/post"}],"author":[{"embeddable":true,"href":"https:\/\/memurunsesi.net\/index.php\/wp-json\/wp\/v2\/users\/1"}],"replies":[{"embeddable":true,"href":"https:\/\/memurunsesi.net\/index.php\/wp-json\/wp\/v2\/comments?post=4740"}],"version-history":[{"count":1,"href":"https:\/\/memurunsesi.net\/index.php\/wp-json\/wp\/v2\/posts\/4740\/revisions"}],"predecessor-version":[{"id":4742,"href":"https:\/\/memurunsesi.net\/index.php\/wp-json\/wp\/v2\/posts\/4740\/revisions\/4742"}],"wp:featuredmedia":[{"embeddable":true,"href":"https:\/\/memurunsesi.net\/index.php\/wp-json\/wp\/v2\/media\/4741"}],"wp:attachment":[{"href":"https:\/\/memurunsesi.net\/index.php\/wp-json\/wp\/v2\/media?parent=4740"}],"wp:term":[{"taxonomy":"category","embeddable":true,"href":"https:\/\/memurunsesi.net\/index.php\/wp-json\/wp\/v2\/categories?post=4740"},{"taxonomy":"post_tag","embeddable":true,"href":"https:\/\/memurunsesi.net\/index.php\/wp-json\/wp\/v2\/tags?post=4740"}],"curies":[{"name":"wp","href":"https:\/\/api.w.org\/{rel}","templated":true}]}}