{"id":4746,"date":"2025-04-03T09:00:47","date_gmt":"2025-04-03T06:00:47","guid":{"rendered":"https:\/\/memurunsesi.net\/?p=4746"},"modified":"2025-04-03T09:00:47","modified_gmt":"2025-04-03T06:00:47","slug":"okan-buruk-mourinhonun-fiziksel-tepkisini-dogru-bulmuyorum","status":"publish","type":"post","link":"https:\/\/memurunsesi.net\/index.php\/2025\/04\/03\/okan-buruk-mourinhonun-fiziksel-tepkisini-dogru-bulmuyorum\/","title":{"rendered":"Okan Buruk: &#8220;Mourinho\u2019nun fiziksel tepkisini do\u011fru bulmuyorum"},"content":{"rendered":"<p>Galatasaray Teknik Direkt\u00f6r\u00fc Okan Buruk:<br \/>\n&#8220;Fenerbah\u00e7e&#8217;nin att\u0131\u011f\u0131 gol \u00e7ok net ofsayt g\u00f6z\u00fck\u00fcyor&#8221;<\/p>\n<p>Galatasaray Teknik Direkt\u00f6r\u00fc Okan Buruk, Fenerbah\u00e7e Teknik Direkt\u00f6r\u00fc Jose Mourinho&#8217;nun ma\u00e7\u0131n ard\u0131ndan kendisine yapt\u0131\u011f\u0131 fiziki m\u00fcdahalesiyle ilgili olarak, &#8220;Fiziksel tepkisini do\u011fru bulmuyorum&#8221; dedi.<br \/>\nZiraat T\u00fcrkiye Kupas\u0131 \u00e7eyrek finalinde Galatasaray deplasmanda kar\u015f\u0131 kar\u015f\u0131ya geldi\u011fi Fenerbah\u00e7e\u2019yi 2-1\u2019lik skorla eledi. Ma\u00e7\u0131n ard\u0131ndan d\u00fczenlenen bas\u0131n toplant\u0131s\u0131nda a\u00e7\u0131klamalarda bulunan Galatasaray Teknik Direkt\u00f6r\u00fc Okan Buruk, &#8220;Onlara kar\u015f\u0131 yak\u0131n zaman bir ma\u00e7 oynam\u0131\u015ft\u0131k. A\u015fa\u011f\u0131 yukar\u0131 rakibimizin ne oynad\u0131\u011f\u0131n\u0131 biliyorduk. Lig ma\u00e7\u0131na g\u00f6re \u00e7ok daha iyi yapt\u0131k. H\u00fccum ge\u00e7i\u015flerini do\u011fru yapt\u0131k. \u0130lk yar\u0131 \u00e7ok rahat bir \u015fekilde 3-4 farkl\u0131 skorla bitirebilirdik. \u0130kinci yar\u0131 rakibimizin hamleleri oldu. Bizim hamlelerimiz oldu. Oyun i\u00e7in de \u00fc\u00e7\u00fcnc\u00fc gol\u00fc atabilsek ma\u00e7\u0131 erken bir \u015fekilde bitirebilirdik. Son dakika rakibimizin \u00e7ok net pozisyonu oldu, Davinson Sanchez \u00e7\u0131kard\u0131. Genel olarak performans\u0131m\u0131zdan, istedi\u011fimizden, konsantrasyonumuzdan \u00e7ok memnunum. Bug\u00fcn 6 T\u00fcrk oyuncu ile sahaya \u00e7\u0131kt\u0131k. Bu da asl\u0131nda T\u00fcrk futbolu a\u00e7\u0131s\u0131ndan da sevindirici \u015feylerden biri. Milli tak\u0131m da son ma\u00e7larda ba\u015far\u0131l\u0131yd\u0131. Bizim de bir\u00e7ok milli oyuncumuz var. Buraya gelip bizlerle berabere olan taraftarlar\u0131m\u0131za te\u015fekk\u00fcr ederim. Televizyon ba\u015f\u0131nda seyreden Galatasaray taraftar\u0131na bu galibiyeti arma\u011fan ediyoruz. En b\u00fcy\u00fck pay oyuncular\u0131m\u0131n. Oyuncular\u0131ma bu galibiyet i\u00e7in te\u015fekk\u00fcr ederim. \u00c7ok b\u00fcy\u00fctmeyece\u011fiz, lig bizi bekliyor, iki kupay\u0131 kovalama \u015fans\u0131m\u0131z var. Hafta onu ma\u00e7\u0131m\u0131z yok. Yar\u0131n antrenman yapaca\u011f\u0131z sonra dinlenece\u011fiz&#8221; diye konu\u015ftu.<\/p>\n<p>&#8220;Mourinho\u2019nun fiziksel tepkisini do\u011fru bulmuyorum&#8221;<br \/>\nMa\u00e7\u0131n ard\u0131ndan Fenerbah\u00e7e Teknik Direkt\u00f6r\u00fc Jose Mourinho\u2019nun, kendisine yapt\u0131\u011f\u0131 fiziki m\u00fcdahalenin sorulmas\u0131 \u00fczerine Buruk, &#8220;Bence g\u00fczel bir ma\u00e7 oldu. \u0130ki tak\u0131m da pozisyona girdi. Lig ma\u00e7\u0131n\u0131 bu anlamda ele\u015ftirilmi\u015ftik. Bug\u00fcn tam tersi g\u00fczel ma\u00e7 oldu. Saha i\u00e7inde ate\u015fli bir \u015fekilde oyuncular\u0131n performans\u0131, sahada d\u0131\u015f\u0131 ayn\u0131 \u015fekilde, yedek kul\u00fcbeleri ayn\u0131 \u015fekilde. Ben \u00f6ncellikle ma\u00e7 \u00f6ncesi ki tak\u0131m teknik direkt\u00f6r\u00fcn\u00fcn elimi s\u0131kmas\u0131n\u0131 isterdim. Ma\u00e7 sonu da ayn\u0131 \u015fekilde birbirimizin elini s\u0131k\u0131p, ayr\u0131lmak isterdim. Bu \u015fekilde olmad\u0131. Ben de, o da hakemleri tebrik etmeye gitti. Devam\u0131nda fiziksel tepkisini do\u011fru bulmuyorum. Bu konuda \u00e7ok fazla konu\u015fmayaca\u011f\u0131m&#8221; diye cevap verdi.<\/p>\n<p>&#8220;Hakaret olmad\u0131\u011f\u0131 s\u00fcrece b\u00fct\u00fcn ele\u015ftirilere sayg\u0131 duyuyorum&#8221;<br \/>\nBe\u015fikta\u015f derbisinden sonra gelen ele\u015ftirilerin hat\u0131rlat\u0131lmas\u0131 \u00fczerine sar\u0131-k\u0131rm\u0131z\u0131l\u0131lar\u0131n teknik direkt\u00f6r\u00fc \u015funlar\u0131 s\u00f6yledi:<br \/>\n&#8220;Her fikre sayg\u0131 duyuyorum. Belli \u00e7er\u00e7evede, hakaret olmad\u0131\u011f\u0131 s\u00fcrece b\u00fct\u00fcn ele\u015ftirilere sayg\u0131 duyuyorum. \u00c7ok fazla takip etmiyorum, bakm\u0131yorum. Do\u011frular\u0131m\u0131, yanl\u0131\u015flar\u0131m\u0131z\u0131 analiz etmek gerekiyor. Be\u015fikta\u015f ma\u00e7\u0131nda da \u00e7\u0131kartt\u0131m. Bug\u00fcnde de \u00e7\u0131kartmam gerekiyor. Benim i\u015fim bu. Bunlara d\u00fc\u015feceksem bir sonraki ma\u00e7a haz\u0131rlanamayacaksam 2 sene \u00f6nce de \u015fampiyon olamazd\u0131m. Bu bask\u0131, hakaret hep var. Galatasaray tak\u0131m\u0131 teknik direkt\u00f6r\u00fcs\u00fcn\u00fcz, ne kadar \u00e7ok \u00f6vg\u00fc varsa o kadar da ele\u015ftiri var. \u00d6nemli olan kendime g\u00fcvenmem, oyuncular\u0131ma g\u00fcvenmem ve oyuncular\u0131mla o ba\u011f\u0131 devam ettirmem. Son ma\u00e7la ilgili yard\u0131mc\u0131lar\u0131m s\u00f6yledi, Abd\u00fclkerim oyundan \u00e7\u0131kt\u0131ktan sonra \u2018Neden \u00e7\u0131kt\u0131m\u2019 diye bir \u015fey s\u00f6yl\u00fcyor. Ben bir \u015fey duymad\u0131m. Burada en g\u00fcvendi\u011fim, en de\u011fer verece\u011fim oyuncular\u0131n biri Abd\u00fclkerim. Oyuncularda bu t\u00fcr reaksiyonlar olabilir. Ben de yapt\u0131m. Normal reaksiyonlar. Ben oyuncular\u0131m\u0131 seviyorum. Oyuncular\u0131m\u0131z beni seviyor. Biz hep ba\u015far\u0131l\u0131 olmak istiyoruz. \u00c7ok fazla d\u0131\u015far\u0131y\u0131 duyamadan kendi i\u015fimi do\u011fru yapmak zorunday\u0131m. \u00c7ok fazla etkilenme l\u00fcks\u00fcm yok. Do\u011fru bir \u015fekilde analiz edip, kar\u015f\u0131layabiliyorum. Sokaktaki tepkiler benim i\u00e7in \u00f6nemli. Sosyal medyan\u0131n ger\u00e7ekli\u011fine inanm\u0131yorum. Burada Galatasaray \u00f6zelinde de vurulacak ilk ki\u015fi benim. Galatasaray\u2019\u0131 d\u00fc\u015f\u00fcrmek i\u00e7in de insanlar\u0131n bana vurmas\u0131 gerekiyor. Ben de o vurmalara al\u0131\u015ft\u0131m.&#8221;<\/p>\n<p>&#8220;Son y\u0131llarda iyi bir \u015fekilde devam ediyor&#8221;<br \/>\nKad\u0131k\u00f6y\u2019de oynaman\u0131n kolay olmad\u0131\u011f\u0131n\u0131 aktaran Okan Buruk, &#8220;Biz de planla geliyoruz. Son y\u0131llarda iyi bir \u015fekilde devam ediyor. \u00d6z g\u00fcven var m\u0131, burada \u00e7ok ma\u00e7 kazanmak pozitif y\u00f6nde etkiliyor. Fenerbah\u00e7e\u2019nin g\u00fcc\u00fcn\u00fc, kalitesini biliyoruz. Buraya gelirken her \u015feyi d\u00fc\u015f\u00fcn\u00fcyorsunuz. Bug\u00fcnk\u00fc avantajlar\u0131m\u0131zdan biri rakibimizi iyi tan\u0131yoruz. Bar\u0131\u015f\u2019\u0131n soldan savunma arkas\u0131na yapaca\u011f\u0131 ko\u015fularla etkili olduk. Oyun plan\u0131m\u0131z vard\u0131. Do\u011fru uygulayan oyuncular\u0131ma te\u015fekk\u00fcr ederim&#8221; ifadelerini kulland\u0131.<\/p>\n<p>&#8220;Aslolan Galatasaray\u2019\u0131n ba\u015far\u0131s\u0131&#8221;<br \/>\nBundan sonraki S\u00fcper Lig yar\u0131\u015f\u0131 i\u00e7in ise Buruk, &#8220;Bu hafta sonu ma\u00e7\u0131m\u0131z yok. Rakibimizin Trabzonspor ile ma\u00e7\u0131 var. Rakibimizin alaca\u011f\u0131 sonu\u00e7 \u00f6nemli. 6 puan \u00f6ndeyiz. Puan fark\u0131 3\u2019e d\u00fc\u015fecek mi, d\u00fc\u015fmeyecek mi? Bu d\u00f6nemli bir \u015fey. Bizim de Samsuspor ile \u00f6nemli deplasman\u0131m\u0131z var. Ayn\u0131 konsantrasyonla, ayn\u0131 istekle o ma\u00e7a haz\u0131rlanmam\u0131z gerekiyor. \u00c7ok fazla bu ma\u00e7\u0131n etkisinden kalmadan, dinlenip, bir sonraki ma\u00e7a haz\u0131rlanmam\u0131z gerekiyor. 3 puan ve ikili averaj bizim i\u00e7in \u00f6nemli. Ligle ilgili hen\u00fcz bir \u015fey sona ermedi. Burada te\u015fekk\u00fcr etmek istiyorum. Ba\u015fkan\u0131m\u0131z, futbola bakan y\u00f6neticilerimiz her zaman benim yan\u0131mdalar, destek veriyorlar. Bazen tek ba\u015f\u0131ma b\u00fct\u00fcn ele\u015ftirileri almaya \u00e7al\u0131\u015f\u0131yorum. Bazen onlarla birlikte al\u0131yoruz. Ben al\u0131\u015ft\u0131m. Aslolan Galatasaray, aslolan Galatasaray\u2019\u0131n ba\u015far\u0131s\u0131. O y\u00fczden bana vurabilirler&#8221; de\u011ferlendirmesinde bulundu.<br \/>\nYunus Akg\u00fcn\u2019\u00fcn a\u011fr\u0131lar\u0131yla oynad\u0131\u011f\u0131n\u0131 s\u00f6yleyen sar\u0131-k\u0131rm\u0131z\u0131lar\u0131n teknik direkt\u00f6r\u00fc, &#8220;Be\u015fikta\u015f ve Fenerbah\u00e7e ma\u00e7\u0131 performanslar\u0131 aras\u0131nda \u00e7ok fark var. Bir\u00e7ok oyuncumuz ufak tefek a\u011fr\u0131larla oynamaya \u00e7al\u0131\u015f\u0131yor. Bu oyuncu grubunun Galatasaray\u2019\u0131 sahiplendiklerini g\u00f6r\u00fcyoruz. Galibiyet onlar\u0131n pay\u0131&#8221; dedi.<br \/>\nOkan Buruk, Fenerbah\u00e7e&#8217;nin att\u0131\u011f\u0131 gol hakk\u0131nda ise, &#8220;\u00c7ok net ofsayt g\u00f6z\u00fck\u00fcyor. Anlayamad\u0131m, kenardan 3-4 kere seyrettim, ofsayt g\u00f6z\u00fck\u00fcyor. Her a\u00e7\u0131dan ofsayt g\u00f6z\u00fck\u00fcyor. Nas\u0131l \u00e7izildi, bilmiyorum. Bu da sayg\u0131 duyuyorum&#8221; \u015feklinde konu\u015ftu.<\/p>\n<p>3.04.2025<\/p>\n","protected":false},"excerpt":{"rendered":"<p>Galatasaray Teknik Direkt\u00f6r\u00fc Okan Buruk: &#8220;Fenerbah\u00e7e&#8217;nin att\u0131\u011f\u0131 gol \u00e7ok net ofsayt g\u00f6z\u00fck\u00fcyor&#8221; Galatasaray Teknik Direkt\u00f6r\u00fc Okan Buruk, Fenerbah\u00e7e Teknik Direkt\u00f6r\u00fc Jose Mourinho&#8217;nun ma\u00e7\u0131n ard\u0131ndan kendisine yapt\u0131\u011f\u0131 fiziki m\u00fcdahalesiyle ilgili olarak, &#8220;Fiziksel tepkisini do\u011fru bulmuyorum&#8221; dedi. Ziraat T\u00fcrkiye Kupas\u0131 \u00e7eyrek finalinde Galatasaray deplasmanda kar\u015f\u0131 kar\u015f\u0131ya geldi\u011fi Fenerbah\u00e7e\u2019yi 2-1\u2019lik skorla eledi. Ma\u00e7\u0131n ard\u0131ndan d\u00fczenlenen bas\u0131n toplant\u0131s\u0131nda a\u00e7\u0131klamalarda [&hellip;]<\/p>\n","protected":false},"author":1,"featured_media":0,"comment_status":"open","ping_status":"open","sticky":false,"template":"","format":"standard","meta":{"footnotes":""},"categories":[57],"tags":[],"class_list":["post-4746","post","type-post","status-publish","format-standard","hentry","category-spor"],"yoast_head":"<!-- This site is optimized with the Yoast SEO plugin v27.4 - https:\/\/yoast.com\/product\/yoast-seo-wordpress\/ -->\n<title>Okan Buruk: &quot;Mourinho\u2019nun fiziksel tepkisini do\u011fru bulmuyorum - Memurun Sesi<\/title>\n<meta name=\"robots\" content=\"index, follow, max-snippet:-1, max-image-preview:large, max-video-preview:-1\" \/>\n<link rel=\"canonical\" href=\"https:\/\/memurunsesi.net\/index.php\/2025\/04\/03\/okan-buruk-mourinhonun-fiziksel-tepkisini-dogru-bulmuyorum\/\" \/>\n<meta property=\"og:locale\" content=\"tr_TR\" \/>\n<meta property=\"og:type\" content=\"article\" \/>\n<meta property=\"og:title\" content=\"Okan Buruk: &quot;Mourinho\u2019nun fiziksel tepkisini do\u011fru bulmuyorum - Memurun Sesi\" \/>\n<meta property=\"og:description\" content=\"Galatasaray Teknik Direkt\u00f6r\u00fc Okan Buruk: &#8220;Fenerbah\u00e7e&#8217;nin att\u0131\u011f\u0131 gol \u00e7ok net ofsayt g\u00f6z\u00fck\u00fcyor&#8221; Galatasaray Teknik Direkt\u00f6r\u00fc Okan Buruk, Fenerbah\u00e7e Teknik Direkt\u00f6r\u00fc Jose Mourinho&#8217;nun ma\u00e7\u0131n ard\u0131ndan kendisine yapt\u0131\u011f\u0131 fiziki m\u00fcdahalesiyle ilgili olarak, &#8220;Fiziksel tepkisini do\u011fru bulmuyorum&#8221; dedi. Ziraat T\u00fcrkiye Kupas\u0131 \u00e7eyrek finalinde Galatasaray deplasmanda kar\u015f\u0131 kar\u015f\u0131ya geldi\u011fi Fenerbah\u00e7e\u2019yi 2-1\u2019lik skorla eledi. Ma\u00e7\u0131n ard\u0131ndan d\u00fczenlenen bas\u0131n toplant\u0131s\u0131nda a\u00e7\u0131klamalarda [&hellip;]\" \/>\n<meta property=\"og:url\" content=\"https:\/\/memurunsesi.net\/index.php\/2025\/04\/03\/okan-buruk-mourinhonun-fiziksel-tepkisini-dogru-bulmuyorum\/\" \/>\n<meta property=\"og:site_name\" content=\"Memurun Sesi\" \/>\n<meta property=\"article:publisher\" content=\"https:\/\/www.facebook.com\/unipersen\/?locale=tr_TR\" \/>\n<meta property=\"article:published_time\" content=\"2025-04-03T06:00:47+00:00\" \/>\n<meta name=\"author\" content=\"Memurun Sesi Haber Merkezi\" \/>\n<meta name=\"twitter:card\" content=\"summary_large_image\" \/>\n<meta name=\"twitter:creator\" content=\"@unipersen\" \/>\n<meta name=\"twitter:site\" content=\"@unipersen\" \/>\n<meta name=\"twitter:label1\" content=\"Yazan:\" \/>\n\t<meta name=\"twitter:data1\" content=\"Memurun Sesi Haber Merkezi\" \/>\n\t<meta name=\"twitter:label2\" content=\"Tahmini okuma s\u00fcresi\" \/>\n\t<meta name=\"twitter:data2\" content=\"5 dakika\" \/>\n<script type=\"application\/ld+json\" class=\"yoast-schema-graph\">{\"@context\":\"https:\\\/\\\/schema.org\",\"@graph\":[{\"@type\":\"Article\",\"@id\":\"https:\\\/\\\/memurunsesi.net\\\/index.php\\\/2025\\\/04\\\/03\\\/okan-buruk-mourinhonun-fiziksel-tepkisini-dogru-bulmuyorum\\\/#article\",\"isPartOf\":{\"@id\":\"https:\\\/\\\/memurunsesi.net\\\/index.php\\\/2025\\\/04\\\/03\\\/okan-buruk-mourinhonun-fiziksel-tepkisini-dogru-bulmuyorum\\\/\"},\"author\":{\"name\":\"Memurun Sesi Haber Merkezi\",\"@id\":\"https:\\\/\\\/memurunsesi.net\\\/#\\\/schema\\\/person\\\/f21c2d73b89f6ee1d80b0a1803e38587\"},\"headline\":\"Okan Buruk: &#8220;Mourinho\u2019nun fiziksel tepkisini do\u011fru bulmuyorum\",\"datePublished\":\"2025-04-03T06:00:47+00:00\",\"mainEntityOfPage\":{\"@id\":\"https:\\\/\\\/memurunsesi.net\\\/index.php\\\/2025\\\/04\\\/03\\\/okan-buruk-mourinhonun-fiziksel-tepkisini-dogru-bulmuyorum\\\/\"},\"wordCount\":1075,\"commentCount\":0,\"publisher\":{\"@id\":\"https:\\\/\\\/memurunsesi.net\\\/#organization\"},\"articleSection\":[\"Spor\"],\"inLanguage\":\"tr\",\"potentialAction\":[{\"@type\":\"CommentAction\",\"name\":\"Comment\",\"target\":[\"https:\\\/\\\/memurunsesi.net\\\/index.php\\\/2025\\\/04\\\/03\\\/okan-buruk-mourinhonun-fiziksel-tepkisini-dogru-bulmuyorum\\\/#respond\"]}]},{\"@type\":\"WebPage\",\"@id\":\"https:\\\/\\\/memurunsesi.net\\\/index.php\\\/2025\\\/04\\\/03\\\/okan-buruk-mourinhonun-fiziksel-tepkisini-dogru-bulmuyorum\\\/\",\"url\":\"https:\\\/\\\/memurunsesi.net\\\/index.php\\\/2025\\\/04\\\/03\\\/okan-buruk-mourinhonun-fiziksel-tepkisini-dogru-bulmuyorum\\\/\",\"name\":\"Okan Buruk: \\\"Mourinho\u2019nun fiziksel tepkisini do\u011fru bulmuyorum - Memurun Sesi\",\"isPartOf\":{\"@id\":\"https:\\\/\\\/memurunsesi.net\\\/#website\"},\"datePublished\":\"2025-04-03T06:00:47+00:00\",\"breadcrumb\":{\"@id\":\"https:\\\/\\\/memurunsesi.net\\\/index.php\\\/2025\\\/04\\\/03\\\/okan-buruk-mourinhonun-fiziksel-tepkisini-dogru-bulmuyorum\\\/#breadcrumb\"},\"inLanguage\":\"tr\",\"potentialAction\":[{\"@type\":\"ReadAction\",\"target\":[\"https:\\\/\\\/memurunsesi.net\\\/index.php\\\/2025\\\/04\\\/03\\\/okan-buruk-mourinhonun-fiziksel-tepkisini-dogru-bulmuyorum\\\/\"]}]},{\"@type\":\"BreadcrumbList\",\"@id\":\"https:\\\/\\\/memurunsesi.net\\\/index.php\\\/2025\\\/04\\\/03\\\/okan-buruk-mourinhonun-fiziksel-tepkisini-dogru-bulmuyorum\\\/#breadcrumb\",\"itemListElement\":[{\"@type\":\"ListItem\",\"position\":1,\"name\":\"Anasayfa\",\"item\":\"https:\\\/\\\/memurunsesi.net\\\/\"},{\"@type\":\"ListItem\",\"position\":2,\"name\":\"Okan Buruk: &#8220;Mourinho\u2019nun fiziksel tepkisini do\u011fru bulmuyorum\"}]},{\"@type\":\"WebSite\",\"@id\":\"https:\\\/\\\/memurunsesi.net\\\/#website\",\"url\":\"https:\\\/\\\/memurunsesi.net\\\/\",\"name\":\"Memurun Sesi\",\"description\":\"G\u00fcncel ve Do\u011fru Haber\",\"publisher\":{\"@id\":\"https:\\\/\\\/memurunsesi.net\\\/#organization\"},\"potentialAction\":[{\"@type\":\"SearchAction\",\"target\":{\"@type\":\"EntryPoint\",\"urlTemplate\":\"https:\\\/\\\/memurunsesi.net\\\/?s={search_term_string}\"},\"query-input\":{\"@type\":\"PropertyValueSpecification\",\"valueRequired\":true,\"valueName\":\"search_term_string\"}}],\"inLanguage\":\"tr\"},{\"@type\":\"Organization\",\"@id\":\"https:\\\/\\\/memurunsesi.net\\\/#organization\",\"name\":\"Memurun Sesi\",\"url\":\"https:\\\/\\\/memurunsesi.net\\\/\",\"logo\":{\"@type\":\"ImageObject\",\"inLanguage\":\"tr\",\"@id\":\"https:\\\/\\\/memurunsesi.net\\\/#\\\/schema\\\/logo\\\/image\\\/\",\"url\":\"https:\\\/\\\/memurunsesi.net\\\/wp-content\\\/uploads\\\/2025\\\/11\\\/cropped-MEMURUN-SESI.png\",\"contentUrl\":\"https:\\\/\\\/memurunsesi.net\\\/wp-content\\\/uploads\\\/2025\\\/11\\\/cropped-MEMURUN-SESI.png\",\"width\":238,\"height\":57,\"caption\":\"Memurun Sesi\"},\"image\":{\"@id\":\"https:\\\/\\\/memurunsesi.net\\\/#\\\/schema\\\/logo\\\/image\\\/\"},\"sameAs\":[\"https:\\\/\\\/www.facebook.com\\\/unipersen\\\/?locale=tr_TR\",\"https:\\\/\\\/x.com\\\/unipersen\"]},{\"@type\":\"Person\",\"@id\":\"https:\\\/\\\/memurunsesi.net\\\/#\\\/schema\\\/person\\\/f21c2d73b89f6ee1d80b0a1803e38587\",\"name\":\"Memurun Sesi Haber Merkezi\",\"image\":{\"@type\":\"ImageObject\",\"inLanguage\":\"tr\",\"@id\":\"https:\\\/\\\/secure.gravatar.com\\\/avatar\\\/6cf0505f452ee753f485014986fab09a434671d2b919ee76fc541025c5876a70?s=96&d=mm&r=g\",\"url\":\"https:\\\/\\\/secure.gravatar.com\\\/avatar\\\/6cf0505f452ee753f485014986fab09a434671d2b919ee76fc541025c5876a70?s=96&d=mm&r=g\",\"contentUrl\":\"https:\\\/\\\/secure.gravatar.com\\\/avatar\\\/6cf0505f452ee753f485014986fab09a434671d2b919ee76fc541025c5876a70?s=96&d=mm&r=g\",\"caption\":\"Memurun Sesi Haber Merkezi\"},\"sameAs\":[\"https:\\\/\\\/memurunsesi.net\"],\"url\":\"https:\\\/\\\/memurunsesi.net\\\/index.php\\\/author\\\/uniper\\\/\"}]}<\/script>\n<!-- \/ Yoast SEO plugin. -->","yoast_head_json":{"title":"Okan Buruk: \"Mourinho\u2019nun fiziksel tepkisini do\u011fru bulmuyorum - Memurun Sesi","robots":{"index":"index","follow":"follow","max-snippet":"max-snippet:-1","max-image-preview":"max-image-preview:large","max-video-preview":"max-video-preview:-1"},"canonical":"https:\/\/memurunsesi.net\/index.php\/2025\/04\/03\/okan-buruk-mourinhonun-fiziksel-tepkisini-dogru-bulmuyorum\/","og_locale":"tr_TR","og_type":"article","og_title":"Okan Buruk: \"Mourinho\u2019nun fiziksel tepkisini do\u011fru bulmuyorum - Memurun Sesi","og_description":"Galatasaray Teknik Direkt\u00f6r\u00fc Okan Buruk: &#8220;Fenerbah\u00e7e&#8217;nin att\u0131\u011f\u0131 gol \u00e7ok net ofsayt g\u00f6z\u00fck\u00fcyor&#8221; Galatasaray Teknik Direkt\u00f6r\u00fc Okan Buruk, Fenerbah\u00e7e Teknik Direkt\u00f6r\u00fc Jose Mourinho&#8217;nun ma\u00e7\u0131n ard\u0131ndan kendisine yapt\u0131\u011f\u0131 fiziki m\u00fcdahalesiyle ilgili olarak, &#8220;Fiziksel tepkisini do\u011fru bulmuyorum&#8221; dedi. Ziraat T\u00fcrkiye Kupas\u0131 \u00e7eyrek finalinde Galatasaray deplasmanda kar\u015f\u0131 kar\u015f\u0131ya geldi\u011fi Fenerbah\u00e7e\u2019yi 2-1\u2019lik skorla eledi. Ma\u00e7\u0131n ard\u0131ndan d\u00fczenlenen bas\u0131n toplant\u0131s\u0131nda a\u00e7\u0131klamalarda [&hellip;]","og_url":"https:\/\/memurunsesi.net\/index.php\/2025\/04\/03\/okan-buruk-mourinhonun-fiziksel-tepkisini-dogru-bulmuyorum\/","og_site_name":"Memurun Sesi","article_publisher":"https:\/\/www.facebook.com\/unipersen\/?locale=tr_TR","article_published_time":"2025-04-03T06:00:47+00:00","author":"Memurun Sesi Haber Merkezi","twitter_card":"summary_large_image","twitter_creator":"@unipersen","twitter_site":"@unipersen","twitter_misc":{"Yazan:":"Memurun Sesi Haber Merkezi","Tahmini okuma s\u00fcresi":"5 dakika"},"schema":{"@context":"https:\/\/schema.org","@graph":[{"@type":"Article","@id":"https:\/\/memurunsesi.net\/index.php\/2025\/04\/03\/okan-buruk-mourinhonun-fiziksel-tepkisini-dogru-bulmuyorum\/#article","isPartOf":{"@id":"https:\/\/memurunsesi.net\/index.php\/2025\/04\/03\/okan-buruk-mourinhonun-fiziksel-tepkisini-dogru-bulmuyorum\/"},"author":{"name":"Memurun Sesi Haber Merkezi","@id":"https:\/\/memurunsesi.net\/#\/schema\/person\/f21c2d73b89f6ee1d80b0a1803e38587"},"headline":"Okan Buruk: &#8220;Mourinho\u2019nun fiziksel tepkisini do\u011fru bulmuyorum","datePublished":"2025-04-03T06:00:47+00:00","mainEntityOfPage":{"@id":"https:\/\/memurunsesi.net\/index.php\/2025\/04\/03\/okan-buruk-mourinhonun-fiziksel-tepkisini-dogru-bulmuyorum\/"},"wordCount":1075,"commentCount":0,"publisher":{"@id":"https:\/\/memurunsesi.net\/#organization"},"articleSection":["Spor"],"inLanguage":"tr","potentialAction":[{"@type":"CommentAction","name":"Comment","target":["https:\/\/memurunsesi.net\/index.php\/2025\/04\/03\/okan-buruk-mourinhonun-fiziksel-tepkisini-dogru-bulmuyorum\/#respond"]}]},{"@type":"WebPage","@id":"https:\/\/memurunsesi.net\/index.php\/2025\/04\/03\/okan-buruk-mourinhonun-fiziksel-tepkisini-dogru-bulmuyorum\/","url":"https:\/\/memurunsesi.net\/index.php\/2025\/04\/03\/okan-buruk-mourinhonun-fiziksel-tepkisini-dogru-bulmuyorum\/","name":"Okan Buruk: \"Mourinho\u2019nun fiziksel tepkisini do\u011fru bulmuyorum - Memurun Sesi","isPartOf":{"@id":"https:\/\/memurunsesi.net\/#website"},"datePublished":"2025-04-03T06:00:47+00:00","breadcrumb":{"@id":"https:\/\/memurunsesi.net\/index.php\/2025\/04\/03\/okan-buruk-mourinhonun-fiziksel-tepkisini-dogru-bulmuyorum\/#breadcrumb"},"inLanguage":"tr","potentialAction":[{"@type":"ReadAction","target":["https:\/\/memurunsesi.net\/index.php\/2025\/04\/03\/okan-buruk-mourinhonun-fiziksel-tepkisini-dogru-bulmuyorum\/"]}]},{"@type":"BreadcrumbList","@id":"https:\/\/memurunsesi.net\/index.php\/2025\/04\/03\/okan-buruk-mourinhonun-fiziksel-tepkisini-dogru-bulmuyorum\/#breadcrumb","itemListElement":[{"@type":"ListItem","position":1,"name":"Anasayfa","item":"https:\/\/memurunsesi.net\/"},{"@type":"ListItem","position":2,"name":"Okan Buruk: &#8220;Mourinho\u2019nun fiziksel tepkisini do\u011fru bulmuyorum"}]},{"@type":"WebSite","@id":"https:\/\/memurunsesi.net\/#website","url":"https:\/\/memurunsesi.net\/","name":"Memurun Sesi","description":"G\u00fcncel ve Do\u011fru Haber","publisher":{"@id":"https:\/\/memurunsesi.net\/#organization"},"potentialAction":[{"@type":"SearchAction","target":{"@type":"EntryPoint","urlTemplate":"https:\/\/memurunsesi.net\/?s={search_term_string}"},"query-input":{"@type":"PropertyValueSpecification","valueRequired":true,"valueName":"search_term_string"}}],"inLanguage":"tr"},{"@type":"Organization","@id":"https:\/\/memurunsesi.net\/#organization","name":"Memurun Sesi","url":"https:\/\/memurunsesi.net\/","logo":{"@type":"ImageObject","inLanguage":"tr","@id":"https:\/\/memurunsesi.net\/#\/schema\/logo\/image\/","url":"https:\/\/memurunsesi.net\/wp-content\/uploads\/2025\/11\/cropped-MEMURUN-SESI.png","contentUrl":"https:\/\/memurunsesi.net\/wp-content\/uploads\/2025\/11\/cropped-MEMURUN-SESI.png","width":238,"height":57,"caption":"Memurun Sesi"},"image":{"@id":"https:\/\/memurunsesi.net\/#\/schema\/logo\/image\/"},"sameAs":["https:\/\/www.facebook.com\/unipersen\/?locale=tr_TR","https:\/\/x.com\/unipersen"]},{"@type":"Person","@id":"https:\/\/memurunsesi.net\/#\/schema\/person\/f21c2d73b89f6ee1d80b0a1803e38587","name":"Memurun Sesi Haber Merkezi","image":{"@type":"ImageObject","inLanguage":"tr","@id":"https:\/\/secure.gravatar.com\/avatar\/6cf0505f452ee753f485014986fab09a434671d2b919ee76fc541025c5876a70?s=96&d=mm&r=g","url":"https:\/\/secure.gravatar.com\/avatar\/6cf0505f452ee753f485014986fab09a434671d2b919ee76fc541025c5876a70?s=96&d=mm&r=g","contentUrl":"https:\/\/secure.gravatar.com\/avatar\/6cf0505f452ee753f485014986fab09a434671d2b919ee76fc541025c5876a70?s=96&d=mm&r=g","caption":"Memurun Sesi Haber Merkezi"},"sameAs":["https:\/\/memurunsesi.net"],"url":"https:\/\/memurunsesi.net\/index.php\/author\/uniper\/"}]}},"_links":{"self":[{"href":"https:\/\/memurunsesi.net\/index.php\/wp-json\/wp\/v2\/posts\/4746","targetHints":{"allow":["GET"]}}],"collection":[{"href":"https:\/\/memurunsesi.net\/index.php\/wp-json\/wp\/v2\/posts"}],"about":[{"href":"https:\/\/memurunsesi.net\/index.php\/wp-json\/wp\/v2\/types\/post"}],"author":[{"embeddable":true,"href":"https:\/\/memurunsesi.net\/index.php\/wp-json\/wp\/v2\/users\/1"}],"replies":[{"embeddable":true,"href":"https:\/\/memurunsesi.net\/index.php\/wp-json\/wp\/v2\/comments?post=4746"}],"version-history":[{"count":1,"href":"https:\/\/memurunsesi.net\/index.php\/wp-json\/wp\/v2\/posts\/4746\/revisions"}],"predecessor-version":[{"id":4748,"href":"https:\/\/memurunsesi.net\/index.php\/wp-json\/wp\/v2\/posts\/4746\/revisions\/4748"}],"wp:attachment":[{"href":"https:\/\/memurunsesi.net\/index.php\/wp-json\/wp\/v2\/media?parent=4746"}],"wp:term":[{"taxonomy":"category","embeddable":true,"href":"https:\/\/memurunsesi.net\/index.php\/wp-json\/wp\/v2\/categories?post=4746"},{"taxonomy":"post_tag","embeddable":true,"href":"https:\/\/memurunsesi.net\/index.php\/wp-json\/wp\/v2\/tags?post=4746"}],"curies":[{"name":"wp","href":"https:\/\/api.w.org\/{rel}","templated":true}]}}