{"id":4755,"date":"2025-04-03T09:06:01","date_gmt":"2025-04-03T06:06:01","guid":{"rendered":"https:\/\/memurunsesi.net\/?p=4755"},"modified":"2025-04-03T09:06:01","modified_gmt":"2025-04-03T06:06:01","slug":"oto-tamir-ve-yedek-parca-dukkani-alevlere-teslim-oldu","status":"publish","type":"post","link":"https:\/\/memurunsesi.net\/index.php\/2025\/04\/03\/oto-tamir-ve-yedek-parca-dukkani-alevlere-teslim-oldu\/","title":{"rendered":"Oto tamir ve yedek par\u00e7a d\u00fckkan\u0131 alevlere teslim oldu"},"content":{"rendered":"<p>Bursa&#8217;n\u0131n Nil\u00fcfer il\u00e7esinde oto tamir ve yedek par\u00e7a d\u00fckkan\u0131nda \u00e7\u0131kan yang\u0131n itfaiye ekipleri taraf\u0131ndan s\u00f6nd\u00fcr\u00fcld\u00fc.<br \/>\nEdinilen bilgiye g\u00f6re, K\u00fc\u00e7\u00fck Sanayi Sitesi 14. Sokak&#8217;ta bulunan bir oto tamir ve yedek par\u00e7a d\u00fckkan\u0131nda yang\u0131n \u00e7\u0131kt\u0131. \u0130hbar \u00fczerine olay yerine itfaiye, sa\u011fl\u0131k ve polis ekipleri sevk edildi. K\u0131sa s\u00fcrede olay yerine gelen itfaiye ekipleri yang\u0131na m\u00fcdahale etti. \u0130\u015f yeri i\u00e7erisinde bulunan ara\u00e7lar tedbir ama\u00e7l\u0131 d\u0131\u015far\u0131 \u00e7\u0131kar\u0131ld\u0131. Yang\u0131nda yaralanan ve dumandan etkilenen olmazken, olayla ilgili tahkikat ba\u015flat\u0131ld\u0131.<\/p>\n<p>3.04.2025<\/p>\n","protected":false},"excerpt":{"rendered":"<p>Bursa&#8217;n\u0131n Nil\u00fcfer il\u00e7esinde oto tamir ve yedek par\u00e7a d\u00fckkan\u0131nda \u00e7\u0131kan yang\u0131n itfaiye ekipleri taraf\u0131ndan s\u00f6nd\u00fcr\u00fcld\u00fc. Edinilen bilgiye g\u00f6re, K\u00fc\u00e7\u00fck Sanayi Sitesi 14. Sokak&#8217;ta bulunan bir oto tamir ve yedek par\u00e7a d\u00fckkan\u0131nda yang\u0131n \u00e7\u0131kt\u0131. \u0130hbar \u00fczerine olay yerine itfaiye, sa\u011fl\u0131k ve polis ekipleri sevk edildi. K\u0131sa s\u00fcrede olay yerine gelen itfaiye ekipleri yang\u0131na m\u00fcdahale etti. \u0130\u015f [&hellip;]<\/p>\n","protected":false},"author":1,"featured_media":4756,"comment_status":"open","ping_status":"open","sticky":false,"template":"","format":"standard","meta":{"footnotes":""},"categories":[50],"tags":[],"class_list":["post-4755","post","type-post","status-publish","format-standard","has-post-thumbnail","hentry","category-tum-haberler"],"yoast_head":"<!-- This site is optimized with the Yoast SEO plugin v27.4 - https:\/\/yoast.com\/product\/yoast-seo-wordpress\/ -->\n<title>Oto tamir ve yedek par\u00e7a d\u00fckkan\u0131 alevlere teslim oldu - Memurun Sesi<\/title>\n<meta name=\"robots\" content=\"index, follow, max-snippet:-1, max-image-preview:large, max-video-preview:-1\" \/>\n<link rel=\"canonical\" href=\"https:\/\/memurunsesi.net\/index.php\/2025\/04\/03\/oto-tamir-ve-yedek-parca-dukkani-alevlere-teslim-oldu\/\" \/>\n<meta property=\"og:locale\" content=\"tr_TR\" \/>\n<meta property=\"og:type\" content=\"article\" \/>\n<meta property=\"og:title\" content=\"Oto tamir ve yedek par\u00e7a d\u00fckkan\u0131 alevlere teslim oldu - Memurun Sesi\" \/>\n<meta property=\"og:description\" content=\"Bursa&#8217;n\u0131n Nil\u00fcfer il\u00e7esinde oto tamir ve yedek par\u00e7a d\u00fckkan\u0131nda \u00e7\u0131kan yang\u0131n itfaiye ekipleri taraf\u0131ndan s\u00f6nd\u00fcr\u00fcld\u00fc. Edinilen bilgiye g\u00f6re, K\u00fc\u00e7\u00fck Sanayi Sitesi 14. Sokak&#8217;ta bulunan bir oto tamir ve yedek par\u00e7a d\u00fckkan\u0131nda yang\u0131n \u00e7\u0131kt\u0131. \u0130hbar \u00fczerine olay yerine itfaiye, sa\u011fl\u0131k ve polis ekipleri sevk edildi. K\u0131sa s\u00fcrede olay yerine gelen itfaiye ekipleri yang\u0131na m\u00fcdahale etti. \u0130\u015f [&hellip;]\" \/>\n<meta property=\"og:url\" content=\"https:\/\/memurunsesi.net\/index.php\/2025\/04\/03\/oto-tamir-ve-yedek-parca-dukkani-alevlere-teslim-oldu\/\" \/>\n<meta property=\"og:site_name\" content=\"Memurun Sesi\" \/>\n<meta property=\"article:publisher\" content=\"https:\/\/www.facebook.com\/unipersen\/?locale=tr_TR\" \/>\n<meta property=\"article:published_time\" content=\"2025-04-03T06:06:01+00:00\" \/>\n<meta property=\"og:image\" content=\"https:\/\/memurunsesi.net\/wp-content\/uploads\/2025\/04\/AW425120_01-scaled.jpg\" \/>\n\t<meta property=\"og:image:width\" content=\"2560\" \/>\n\t<meta property=\"og:image:height\" content=\"1707\" \/>\n\t<meta property=\"og:image:type\" content=\"image\/jpeg\" \/>\n<meta name=\"author\" content=\"Memurun Sesi Haber Merkezi\" \/>\n<meta name=\"twitter:card\" content=\"summary_large_image\" \/>\n<meta name=\"twitter:creator\" content=\"@unipersen\" \/>\n<meta name=\"twitter:site\" content=\"@unipersen\" \/>\n<meta name=\"twitter:label1\" content=\"Yazan:\" \/>\n\t<meta name=\"twitter:data1\" content=\"Memurun Sesi Haber Merkezi\" \/>\n\t<meta name=\"twitter:label2\" content=\"Tahmini okuma s\u00fcresi\" \/>\n\t<meta name=\"twitter:data2\" content=\"1 dakika\" \/>\n<script type=\"application\/ld+json\" class=\"yoast-schema-graph\">{\"@context\":\"https:\\\/\\\/schema.org\",\"@graph\":[{\"@type\":\"Article\",\"@id\":\"https:\\\/\\\/memurunsesi.net\\\/index.php\\\/2025\\\/04\\\/03\\\/oto-tamir-ve-yedek-parca-dukkani-alevlere-teslim-oldu\\\/#article\",\"isPartOf\":{\"@id\":\"https:\\\/\\\/memurunsesi.net\\\/index.php\\\/2025\\\/04\\\/03\\\/oto-tamir-ve-yedek-parca-dukkani-alevlere-teslim-oldu\\\/\"},\"author\":{\"name\":\"Memurun Sesi Haber Merkezi\",\"@id\":\"https:\\\/\\\/memurunsesi.net\\\/#\\\/schema\\\/person\\\/f21c2d73b89f6ee1d80b0a1803e38587\"},\"headline\":\"Oto tamir ve yedek par\u00e7a d\u00fckkan\u0131 alevlere teslim oldu\",\"datePublished\":\"2025-04-03T06:06:01+00:00\",\"mainEntityOfPage\":{\"@id\":\"https:\\\/\\\/memurunsesi.net\\\/index.php\\\/2025\\\/04\\\/03\\\/oto-tamir-ve-yedek-parca-dukkani-alevlere-teslim-oldu\\\/\"},\"wordCount\":115,\"commentCount\":0,\"publisher\":{\"@id\":\"https:\\\/\\\/memurunsesi.net\\\/#organization\"},\"image\":{\"@id\":\"https:\\\/\\\/memurunsesi.net\\\/index.php\\\/2025\\\/04\\\/03\\\/oto-tamir-ve-yedek-parca-dukkani-alevlere-teslim-oldu\\\/#primaryimage\"},\"thumbnailUrl\":\"https:\\\/\\\/memurunsesi.net\\\/wp-content\\\/uploads\\\/2025\\\/04\\\/AW425120_01-scaled.jpg\",\"articleSection\":[\"T\u00fcm Haberler\"],\"inLanguage\":\"tr\",\"potentialAction\":[{\"@type\":\"CommentAction\",\"name\":\"Comment\",\"target\":[\"https:\\\/\\\/memurunsesi.net\\\/index.php\\\/2025\\\/04\\\/03\\\/oto-tamir-ve-yedek-parca-dukkani-alevlere-teslim-oldu\\\/#respond\"]}]},{\"@type\":\"WebPage\",\"@id\":\"https:\\\/\\\/memurunsesi.net\\\/index.php\\\/2025\\\/04\\\/03\\\/oto-tamir-ve-yedek-parca-dukkani-alevlere-teslim-oldu\\\/\",\"url\":\"https:\\\/\\\/memurunsesi.net\\\/index.php\\\/2025\\\/04\\\/03\\\/oto-tamir-ve-yedek-parca-dukkani-alevlere-teslim-oldu\\\/\",\"name\":\"Oto tamir ve yedek par\u00e7a d\u00fckkan\u0131 alevlere teslim oldu - Memurun Sesi\",\"isPartOf\":{\"@id\":\"https:\\\/\\\/memurunsesi.net\\\/#website\"},\"primaryImageOfPage\":{\"@id\":\"https:\\\/\\\/memurunsesi.net\\\/index.php\\\/2025\\\/04\\\/03\\\/oto-tamir-ve-yedek-parca-dukkani-alevlere-teslim-oldu\\\/#primaryimage\"},\"image\":{\"@id\":\"https:\\\/\\\/memurunsesi.net\\\/index.php\\\/2025\\\/04\\\/03\\\/oto-tamir-ve-yedek-parca-dukkani-alevlere-teslim-oldu\\\/#primaryimage\"},\"thumbnailUrl\":\"https:\\\/\\\/memurunsesi.net\\\/wp-content\\\/uploads\\\/2025\\\/04\\\/AW425120_01-scaled.jpg\",\"datePublished\":\"2025-04-03T06:06:01+00:00\",\"breadcrumb\":{\"@id\":\"https:\\\/\\\/memurunsesi.net\\\/index.php\\\/2025\\\/04\\\/03\\\/oto-tamir-ve-yedek-parca-dukkani-alevlere-teslim-oldu\\\/#breadcrumb\"},\"inLanguage\":\"tr\",\"potentialAction\":[{\"@type\":\"ReadAction\",\"target\":[\"https:\\\/\\\/memurunsesi.net\\\/index.php\\\/2025\\\/04\\\/03\\\/oto-tamir-ve-yedek-parca-dukkani-alevlere-teslim-oldu\\\/\"]}]},{\"@type\":\"ImageObject\",\"inLanguage\":\"tr\",\"@id\":\"https:\\\/\\\/memurunsesi.net\\\/index.php\\\/2025\\\/04\\\/03\\\/oto-tamir-ve-yedek-parca-dukkani-alevlere-teslim-oldu\\\/#primaryimage\",\"url\":\"https:\\\/\\\/memurunsesi.net\\\/wp-content\\\/uploads\\\/2025\\\/04\\\/AW425120_01-scaled.jpg\",\"contentUrl\":\"https:\\\/\\\/memurunsesi.net\\\/wp-content\\\/uploads\\\/2025\\\/04\\\/AW425120_01-scaled.jpg\",\"width\":2560,\"height\":1707,\"caption\":\"BURSA'NIN N\u0130L\u00dcFER \u0130L\u00c7ES\u0130NDE OTO TAM\u0130R VE YEDEK PAR\u00c7A D\u00dcKKANINDA \u00c7IKAN YANGIN \u0130TFA\u0130YE EK\u0130PLER\u0130 TARAFINDAN S\u00d6ND\u00dcR\u00dcLD\u00dc. (POLAT TAHA \u00d6ZT\u00dcRK\\\/BURSA-\u0130HA) Bursa'n\u0131n Nil\u00fcfer il\u00e7esinde oto tamir ve yedek par\u00e7a d\u00fckkan\u0131nda \u00e7\u0131kan yang\u0131n itfaiye ekipleri taraf\u0131ndan s\u00f6nd\u00fcr\u00fcld\u00fc.\"},{\"@type\":\"BreadcrumbList\",\"@id\":\"https:\\\/\\\/memurunsesi.net\\\/index.php\\\/2025\\\/04\\\/03\\\/oto-tamir-ve-yedek-parca-dukkani-alevlere-teslim-oldu\\\/#breadcrumb\",\"itemListElement\":[{\"@type\":\"ListItem\",\"position\":1,\"name\":\"Anasayfa\",\"item\":\"https:\\\/\\\/memurunsesi.net\\\/\"},{\"@type\":\"ListItem\",\"position\":2,\"name\":\"Oto tamir ve yedek par\u00e7a d\u00fckkan\u0131 alevlere teslim oldu\"}]},{\"@type\":\"WebSite\",\"@id\":\"https:\\\/\\\/memurunsesi.net\\\/#website\",\"url\":\"https:\\\/\\\/memurunsesi.net\\\/\",\"name\":\"Memurun Sesi\",\"description\":\"G\u00fcncel ve Do\u011fru Haber\",\"publisher\":{\"@id\":\"https:\\\/\\\/memurunsesi.net\\\/#organization\"},\"potentialAction\":[{\"@type\":\"SearchAction\",\"target\":{\"@type\":\"EntryPoint\",\"urlTemplate\":\"https:\\\/\\\/memurunsesi.net\\\/?s={search_term_string}\"},\"query-input\":{\"@type\":\"PropertyValueSpecification\",\"valueRequired\":true,\"valueName\":\"search_term_string\"}}],\"inLanguage\":\"tr\"},{\"@type\":\"Organization\",\"@id\":\"https:\\\/\\\/memurunsesi.net\\\/#organization\",\"name\":\"Memurun Sesi\",\"url\":\"https:\\\/\\\/memurunsesi.net\\\/\",\"logo\":{\"@type\":\"ImageObject\",\"inLanguage\":\"tr\",\"@id\":\"https:\\\/\\\/memurunsesi.net\\\/#\\\/schema\\\/logo\\\/image\\\/\",\"url\":\"https:\\\/\\\/memurunsesi.net\\\/wp-content\\\/uploads\\\/2025\\\/11\\\/cropped-MEMURUN-SESI.png\",\"contentUrl\":\"https:\\\/\\\/memurunsesi.net\\\/wp-content\\\/uploads\\\/2025\\\/11\\\/cropped-MEMURUN-SESI.png\",\"width\":238,\"height\":57,\"caption\":\"Memurun Sesi\"},\"image\":{\"@id\":\"https:\\\/\\\/memurunsesi.net\\\/#\\\/schema\\\/logo\\\/image\\\/\"},\"sameAs\":[\"https:\\\/\\\/www.facebook.com\\\/unipersen\\\/?locale=tr_TR\",\"https:\\\/\\\/x.com\\\/unipersen\"]},{\"@type\":\"Person\",\"@id\":\"https:\\\/\\\/memurunsesi.net\\\/#\\\/schema\\\/person\\\/f21c2d73b89f6ee1d80b0a1803e38587\",\"name\":\"Memurun Sesi Haber Merkezi\",\"image\":{\"@type\":\"ImageObject\",\"inLanguage\":\"tr\",\"@id\":\"https:\\\/\\\/secure.gravatar.com\\\/avatar\\\/6cf0505f452ee753f485014986fab09a434671d2b919ee76fc541025c5876a70?s=96&d=mm&r=g\",\"url\":\"https:\\\/\\\/secure.gravatar.com\\\/avatar\\\/6cf0505f452ee753f485014986fab09a434671d2b919ee76fc541025c5876a70?s=96&d=mm&r=g\",\"contentUrl\":\"https:\\\/\\\/secure.gravatar.com\\\/avatar\\\/6cf0505f452ee753f485014986fab09a434671d2b919ee76fc541025c5876a70?s=96&d=mm&r=g\",\"caption\":\"Memurun Sesi Haber Merkezi\"},\"sameAs\":[\"https:\\\/\\\/memurunsesi.net\"],\"url\":\"https:\\\/\\\/memurunsesi.net\\\/index.php\\\/author\\\/uniper\\\/\"}]}<\/script>\n<!-- \/ Yoast SEO plugin. -->","yoast_head_json":{"title":"Oto tamir ve yedek par\u00e7a d\u00fckkan\u0131 alevlere teslim oldu - Memurun Sesi","robots":{"index":"index","follow":"follow","max-snippet":"max-snippet:-1","max-image-preview":"max-image-preview:large","max-video-preview":"max-video-preview:-1"},"canonical":"https:\/\/memurunsesi.net\/index.php\/2025\/04\/03\/oto-tamir-ve-yedek-parca-dukkani-alevlere-teslim-oldu\/","og_locale":"tr_TR","og_type":"article","og_title":"Oto tamir ve yedek par\u00e7a d\u00fckkan\u0131 alevlere teslim oldu - Memurun Sesi","og_description":"Bursa&#8217;n\u0131n Nil\u00fcfer il\u00e7esinde oto tamir ve yedek par\u00e7a d\u00fckkan\u0131nda \u00e7\u0131kan yang\u0131n itfaiye ekipleri taraf\u0131ndan s\u00f6nd\u00fcr\u00fcld\u00fc. Edinilen bilgiye g\u00f6re, K\u00fc\u00e7\u00fck Sanayi Sitesi 14. Sokak&#8217;ta bulunan bir oto tamir ve yedek par\u00e7a d\u00fckkan\u0131nda yang\u0131n \u00e7\u0131kt\u0131. \u0130hbar \u00fczerine olay yerine itfaiye, sa\u011fl\u0131k ve polis ekipleri sevk edildi. K\u0131sa s\u00fcrede olay yerine gelen itfaiye ekipleri yang\u0131na m\u00fcdahale etti. \u0130\u015f [&hellip;]","og_url":"https:\/\/memurunsesi.net\/index.php\/2025\/04\/03\/oto-tamir-ve-yedek-parca-dukkani-alevlere-teslim-oldu\/","og_site_name":"Memurun Sesi","article_publisher":"https:\/\/www.facebook.com\/unipersen\/?locale=tr_TR","article_published_time":"2025-04-03T06:06:01+00:00","og_image":[{"width":2560,"height":1707,"url":"https:\/\/memurunsesi.net\/wp-content\/uploads\/2025\/04\/AW425120_01-scaled.jpg","type":"image\/jpeg"}],"author":"Memurun Sesi Haber Merkezi","twitter_card":"summary_large_image","twitter_creator":"@unipersen","twitter_site":"@unipersen","twitter_misc":{"Yazan:":"Memurun Sesi Haber Merkezi","Tahmini okuma s\u00fcresi":"1 dakika"},"schema":{"@context":"https:\/\/schema.org","@graph":[{"@type":"Article","@id":"https:\/\/memurunsesi.net\/index.php\/2025\/04\/03\/oto-tamir-ve-yedek-parca-dukkani-alevlere-teslim-oldu\/#article","isPartOf":{"@id":"https:\/\/memurunsesi.net\/index.php\/2025\/04\/03\/oto-tamir-ve-yedek-parca-dukkani-alevlere-teslim-oldu\/"},"author":{"name":"Memurun Sesi Haber Merkezi","@id":"https:\/\/memurunsesi.net\/#\/schema\/person\/f21c2d73b89f6ee1d80b0a1803e38587"},"headline":"Oto tamir ve yedek par\u00e7a d\u00fckkan\u0131 alevlere teslim oldu","datePublished":"2025-04-03T06:06:01+00:00","mainEntityOfPage":{"@id":"https:\/\/memurunsesi.net\/index.php\/2025\/04\/03\/oto-tamir-ve-yedek-parca-dukkani-alevlere-teslim-oldu\/"},"wordCount":115,"commentCount":0,"publisher":{"@id":"https:\/\/memurunsesi.net\/#organization"},"image":{"@id":"https:\/\/memurunsesi.net\/index.php\/2025\/04\/03\/oto-tamir-ve-yedek-parca-dukkani-alevlere-teslim-oldu\/#primaryimage"},"thumbnailUrl":"https:\/\/memurunsesi.net\/wp-content\/uploads\/2025\/04\/AW425120_01-scaled.jpg","articleSection":["T\u00fcm Haberler"],"inLanguage":"tr","potentialAction":[{"@type":"CommentAction","name":"Comment","target":["https:\/\/memurunsesi.net\/index.php\/2025\/04\/03\/oto-tamir-ve-yedek-parca-dukkani-alevlere-teslim-oldu\/#respond"]}]},{"@type":"WebPage","@id":"https:\/\/memurunsesi.net\/index.php\/2025\/04\/03\/oto-tamir-ve-yedek-parca-dukkani-alevlere-teslim-oldu\/","url":"https:\/\/memurunsesi.net\/index.php\/2025\/04\/03\/oto-tamir-ve-yedek-parca-dukkani-alevlere-teslim-oldu\/","name":"Oto tamir ve yedek par\u00e7a d\u00fckkan\u0131 alevlere teslim oldu - Memurun Sesi","isPartOf":{"@id":"https:\/\/memurunsesi.net\/#website"},"primaryImageOfPage":{"@id":"https:\/\/memurunsesi.net\/index.php\/2025\/04\/03\/oto-tamir-ve-yedek-parca-dukkani-alevlere-teslim-oldu\/#primaryimage"},"image":{"@id":"https:\/\/memurunsesi.net\/index.php\/2025\/04\/03\/oto-tamir-ve-yedek-parca-dukkani-alevlere-teslim-oldu\/#primaryimage"},"thumbnailUrl":"https:\/\/memurunsesi.net\/wp-content\/uploads\/2025\/04\/AW425120_01-scaled.jpg","datePublished":"2025-04-03T06:06:01+00:00","breadcrumb":{"@id":"https:\/\/memurunsesi.net\/index.php\/2025\/04\/03\/oto-tamir-ve-yedek-parca-dukkani-alevlere-teslim-oldu\/#breadcrumb"},"inLanguage":"tr","potentialAction":[{"@type":"ReadAction","target":["https:\/\/memurunsesi.net\/index.php\/2025\/04\/03\/oto-tamir-ve-yedek-parca-dukkani-alevlere-teslim-oldu\/"]}]},{"@type":"ImageObject","inLanguage":"tr","@id":"https:\/\/memurunsesi.net\/index.php\/2025\/04\/03\/oto-tamir-ve-yedek-parca-dukkani-alevlere-teslim-oldu\/#primaryimage","url":"https:\/\/memurunsesi.net\/wp-content\/uploads\/2025\/04\/AW425120_01-scaled.jpg","contentUrl":"https:\/\/memurunsesi.net\/wp-content\/uploads\/2025\/04\/AW425120_01-scaled.jpg","width":2560,"height":1707,"caption":"BURSA'NIN N\u0130L\u00dcFER \u0130L\u00c7ES\u0130NDE OTO TAM\u0130R VE YEDEK PAR\u00c7A D\u00dcKKANINDA \u00c7IKAN YANGIN \u0130TFA\u0130YE EK\u0130PLER\u0130 TARAFINDAN S\u00d6ND\u00dcR\u00dcLD\u00dc. (POLAT TAHA \u00d6ZT\u00dcRK\/BURSA-\u0130HA) Bursa'n\u0131n Nil\u00fcfer il\u00e7esinde oto tamir ve yedek par\u00e7a d\u00fckkan\u0131nda \u00e7\u0131kan yang\u0131n itfaiye ekipleri taraf\u0131ndan s\u00f6nd\u00fcr\u00fcld\u00fc."},{"@type":"BreadcrumbList","@id":"https:\/\/memurunsesi.net\/index.php\/2025\/04\/03\/oto-tamir-ve-yedek-parca-dukkani-alevlere-teslim-oldu\/#breadcrumb","itemListElement":[{"@type":"ListItem","position":1,"name":"Anasayfa","item":"https:\/\/memurunsesi.net\/"},{"@type":"ListItem","position":2,"name":"Oto tamir ve yedek par\u00e7a d\u00fckkan\u0131 alevlere teslim oldu"}]},{"@type":"WebSite","@id":"https:\/\/memurunsesi.net\/#website","url":"https:\/\/memurunsesi.net\/","name":"Memurun Sesi","description":"G\u00fcncel ve Do\u011fru Haber","publisher":{"@id":"https:\/\/memurunsesi.net\/#organization"},"potentialAction":[{"@type":"SearchAction","target":{"@type":"EntryPoint","urlTemplate":"https:\/\/memurunsesi.net\/?s={search_term_string}"},"query-input":{"@type":"PropertyValueSpecification","valueRequired":true,"valueName":"search_term_string"}}],"inLanguage":"tr"},{"@type":"Organization","@id":"https:\/\/memurunsesi.net\/#organization","name":"Memurun Sesi","url":"https:\/\/memurunsesi.net\/","logo":{"@type":"ImageObject","inLanguage":"tr","@id":"https:\/\/memurunsesi.net\/#\/schema\/logo\/image\/","url":"https:\/\/memurunsesi.net\/wp-content\/uploads\/2025\/11\/cropped-MEMURUN-SESI.png","contentUrl":"https:\/\/memurunsesi.net\/wp-content\/uploads\/2025\/11\/cropped-MEMURUN-SESI.png","width":238,"height":57,"caption":"Memurun Sesi"},"image":{"@id":"https:\/\/memurunsesi.net\/#\/schema\/logo\/image\/"},"sameAs":["https:\/\/www.facebook.com\/unipersen\/?locale=tr_TR","https:\/\/x.com\/unipersen"]},{"@type":"Person","@id":"https:\/\/memurunsesi.net\/#\/schema\/person\/f21c2d73b89f6ee1d80b0a1803e38587","name":"Memurun Sesi Haber Merkezi","image":{"@type":"ImageObject","inLanguage":"tr","@id":"https:\/\/secure.gravatar.com\/avatar\/6cf0505f452ee753f485014986fab09a434671d2b919ee76fc541025c5876a70?s=96&d=mm&r=g","url":"https:\/\/secure.gravatar.com\/avatar\/6cf0505f452ee753f485014986fab09a434671d2b919ee76fc541025c5876a70?s=96&d=mm&r=g","contentUrl":"https:\/\/secure.gravatar.com\/avatar\/6cf0505f452ee753f485014986fab09a434671d2b919ee76fc541025c5876a70?s=96&d=mm&r=g","caption":"Memurun Sesi Haber Merkezi"},"sameAs":["https:\/\/memurunsesi.net"],"url":"https:\/\/memurunsesi.net\/index.php\/author\/uniper\/"}]}},"_links":{"self":[{"href":"https:\/\/memurunsesi.net\/index.php\/wp-json\/wp\/v2\/posts\/4755","targetHints":{"allow":["GET"]}}],"collection":[{"href":"https:\/\/memurunsesi.net\/index.php\/wp-json\/wp\/v2\/posts"}],"about":[{"href":"https:\/\/memurunsesi.net\/index.php\/wp-json\/wp\/v2\/types\/post"}],"author":[{"embeddable":true,"href":"https:\/\/memurunsesi.net\/index.php\/wp-json\/wp\/v2\/users\/1"}],"replies":[{"embeddable":true,"href":"https:\/\/memurunsesi.net\/index.php\/wp-json\/wp\/v2\/comments?post=4755"}],"version-history":[{"count":1,"href":"https:\/\/memurunsesi.net\/index.php\/wp-json\/wp\/v2\/posts\/4755\/revisions"}],"predecessor-version":[{"id":4757,"href":"https:\/\/memurunsesi.net\/index.php\/wp-json\/wp\/v2\/posts\/4755\/revisions\/4757"}],"wp:featuredmedia":[{"embeddable":true,"href":"https:\/\/memurunsesi.net\/index.php\/wp-json\/wp\/v2\/media\/4756"}],"wp:attachment":[{"href":"https:\/\/memurunsesi.net\/index.php\/wp-json\/wp\/v2\/media?parent=4755"}],"wp:term":[{"taxonomy":"category","embeddable":true,"href":"https:\/\/memurunsesi.net\/index.php\/wp-json\/wp\/v2\/categories?post=4755"},{"taxonomy":"post_tag","embeddable":true,"href":"https:\/\/memurunsesi.net\/index.php\/wp-json\/wp\/v2\/tags?post=4755"}],"curies":[{"name":"wp","href":"https:\/\/api.w.org\/{rel}","templated":true}]}}