{"id":4765,"date":"2025-04-03T09:10:37","date_gmt":"2025-04-03T06:10:37","guid":{"rendered":"https:\/\/memurunsesi.net\/?p=4765"},"modified":"2025-04-03T09:10:37","modified_gmt":"2025-04-03T06:10:37","slug":"otomobiliyle-park-halindeki-araclara-carpan-sahis-kameralara-yansidi","status":"publish","type":"post","link":"https:\/\/memurunsesi.net\/index.php\/2025\/04\/03\/otomobiliyle-park-halindeki-araclara-carpan-sahis-kameralara-yansidi\/","title":{"rendered":"Otomobiliyle park halindeki ara\u00e7lara \u00e7arpan \u015fah\u0131s kameralara yans\u0131d\u0131"},"content":{"rendered":"<p>Bal\u0131kesir&#8217;in G\u00f6nen il\u00e7esinde otomobiyle park halindeki ara\u00e7lara \u00e7arparak zarar veren \u015fah\u0131s, g\u00fcvenlik kameras\u0131na yans\u0131d\u0131.<br \/>\nEdinilen bilgilere g\u00f6re, 10 AIL 798 plakal\u0131 ara\u00e7la seyir halinde olan \u015fahs\u0131n, park halindeki baz\u0131 ara\u00e7lara \u00e7arparak zarar verdi\u011fi ve \u00e7evreye rahats\u0131zl\u0131k olu\u015fturdu\u011fu g\u00f6r\u00fcld\u00fc. G\u00f6r\u00fcnt\u00fclerde \u015fahs\u0131n \u00e7evreye zarar verdi\u011fi anlar dikkat \u00e7ekti. Vatanda\u015flar duruma tepki g\u00f6stererek yetkililerden konuya m\u00fcdahale etmelerini istedi.<\/p>\n<p>2.04.2025<\/p>\n","protected":false},"excerpt":{"rendered":"<p>Bal\u0131kesir&#8217;in G\u00f6nen il\u00e7esinde otomobiyle park halindeki ara\u00e7lara \u00e7arparak zarar veren \u015fah\u0131s, g\u00fcvenlik kameras\u0131na yans\u0131d\u0131. Edinilen bilgilere g\u00f6re, 10 AIL 798 plakal\u0131 ara\u00e7la seyir halinde olan \u015fahs\u0131n, park halindeki baz\u0131 ara\u00e7lara \u00e7arparak zarar verdi\u011fi ve \u00e7evreye rahats\u0131zl\u0131k olu\u015fturdu\u011fu g\u00f6r\u00fcld\u00fc. G\u00f6r\u00fcnt\u00fclerde \u015fahs\u0131n \u00e7evreye zarar verdi\u011fi anlar dikkat \u00e7ekti. Vatanda\u015flar duruma tepki g\u00f6stererek yetkililerden konuya m\u00fcdahale etmelerini istedi. [&hellip;]<\/p>\n","protected":false},"author":1,"featured_media":4766,"comment_status":"open","ping_status":"open","sticky":false,"template":"","format":"standard","meta":{"footnotes":""},"categories":[1],"tags":[],"class_list":["post-4765","post","type-post","status-publish","format-standard","has-post-thumbnail","hentry","category-genel"],"yoast_head":"<!-- This site is optimized with the Yoast SEO plugin v27.4 - https:\/\/yoast.com\/product\/yoast-seo-wordpress\/ -->\n<title>Otomobiliyle park halindeki ara\u00e7lara \u00e7arpan \u015fah\u0131s kameralara yans\u0131d\u0131 - Memurun Sesi<\/title>\n<meta name=\"robots\" content=\"index, follow, max-snippet:-1, max-image-preview:large, max-video-preview:-1\" \/>\n<link rel=\"canonical\" href=\"https:\/\/memurunsesi.net\/index.php\/2025\/04\/03\/otomobiliyle-park-halindeki-araclara-carpan-sahis-kameralara-yansidi\/\" \/>\n<meta property=\"og:locale\" content=\"tr_TR\" \/>\n<meta property=\"og:type\" content=\"article\" \/>\n<meta property=\"og:title\" content=\"Otomobiliyle park halindeki ara\u00e7lara \u00e7arpan \u015fah\u0131s kameralara yans\u0131d\u0131 - Memurun Sesi\" \/>\n<meta property=\"og:description\" content=\"Bal\u0131kesir&#8217;in G\u00f6nen il\u00e7esinde otomobiyle park halindeki ara\u00e7lara \u00e7arparak zarar veren \u015fah\u0131s, g\u00fcvenlik kameras\u0131na yans\u0131d\u0131. Edinilen bilgilere g\u00f6re, 10 AIL 798 plakal\u0131 ara\u00e7la seyir halinde olan \u015fahs\u0131n, park halindeki baz\u0131 ara\u00e7lara \u00e7arparak zarar verdi\u011fi ve \u00e7evreye rahats\u0131zl\u0131k olu\u015fturdu\u011fu g\u00f6r\u00fcld\u00fc. G\u00f6r\u00fcnt\u00fclerde \u015fahs\u0131n \u00e7evreye zarar verdi\u011fi anlar dikkat \u00e7ekti. Vatanda\u015flar duruma tepki g\u00f6stererek yetkililerden konuya m\u00fcdahale etmelerini istedi. [&hellip;]\" \/>\n<meta property=\"og:url\" content=\"https:\/\/memurunsesi.net\/index.php\/2025\/04\/03\/otomobiliyle-park-halindeki-araclara-carpan-sahis-kameralara-yansidi\/\" \/>\n<meta property=\"og:site_name\" content=\"Memurun Sesi\" \/>\n<meta property=\"article:publisher\" content=\"https:\/\/www.facebook.com\/unipersen\/?locale=tr_TR\" \/>\n<meta property=\"article:published_time\" content=\"2025-04-03T06:10:37+00:00\" \/>\n<meta property=\"og:image\" content=\"https:\/\/memurunsesi.net\/wp-content\/uploads\/2025\/04\/AW425095_01.jpg\" \/>\n\t<meta property=\"og:image:width\" content=\"1179\" \/>\n\t<meta property=\"og:image:height\" content=\"649\" \/>\n\t<meta property=\"og:image:type\" content=\"image\/jpeg\" \/>\n<meta name=\"author\" content=\"Memurun Sesi Haber Merkezi\" \/>\n<meta name=\"twitter:card\" content=\"summary_large_image\" \/>\n<meta name=\"twitter:creator\" content=\"@unipersen\" \/>\n<meta name=\"twitter:site\" content=\"@unipersen\" \/>\n<meta name=\"twitter:label1\" content=\"Yazan:\" \/>\n\t<meta name=\"twitter:data1\" content=\"Memurun Sesi Haber Merkezi\" \/>\n<script type=\"application\/ld+json\" class=\"yoast-schema-graph\">{\"@context\":\"https:\\\/\\\/schema.org\",\"@graph\":[{\"@type\":\"Article\",\"@id\":\"https:\\\/\\\/memurunsesi.net\\\/index.php\\\/2025\\\/04\\\/03\\\/otomobiliyle-park-halindeki-araclara-carpan-sahis-kameralara-yansidi\\\/#article\",\"isPartOf\":{\"@id\":\"https:\\\/\\\/memurunsesi.net\\\/index.php\\\/2025\\\/04\\\/03\\\/otomobiliyle-park-halindeki-araclara-carpan-sahis-kameralara-yansidi\\\/\"},\"author\":{\"name\":\"Memurun Sesi Haber Merkezi\",\"@id\":\"https:\\\/\\\/memurunsesi.net\\\/#\\\/schema\\\/person\\\/f21c2d73b89f6ee1d80b0a1803e38587\"},\"headline\":\"Otomobiliyle park halindeki ara\u00e7lara \u00e7arpan \u015fah\u0131s kameralara yans\u0131d\u0131\",\"datePublished\":\"2025-04-03T06:10:37+00:00\",\"mainEntityOfPage\":{\"@id\":\"https:\\\/\\\/memurunsesi.net\\\/index.php\\\/2025\\\/04\\\/03\\\/otomobiliyle-park-halindeki-araclara-carpan-sahis-kameralara-yansidi\\\/\"},\"wordCount\":92,\"commentCount\":0,\"publisher\":{\"@id\":\"https:\\\/\\\/memurunsesi.net\\\/#organization\"},\"image\":{\"@id\":\"https:\\\/\\\/memurunsesi.net\\\/index.php\\\/2025\\\/04\\\/03\\\/otomobiliyle-park-halindeki-araclara-carpan-sahis-kameralara-yansidi\\\/#primaryimage\"},\"thumbnailUrl\":\"https:\\\/\\\/memurunsesi.net\\\/wp-content\\\/uploads\\\/2025\\\/04\\\/AW425095_01.jpg\",\"inLanguage\":\"tr\",\"potentialAction\":[{\"@type\":\"CommentAction\",\"name\":\"Comment\",\"target\":[\"https:\\\/\\\/memurunsesi.net\\\/index.php\\\/2025\\\/04\\\/03\\\/otomobiliyle-park-halindeki-araclara-carpan-sahis-kameralara-yansidi\\\/#respond\"]}]},{\"@type\":\"WebPage\",\"@id\":\"https:\\\/\\\/memurunsesi.net\\\/index.php\\\/2025\\\/04\\\/03\\\/otomobiliyle-park-halindeki-araclara-carpan-sahis-kameralara-yansidi\\\/\",\"url\":\"https:\\\/\\\/memurunsesi.net\\\/index.php\\\/2025\\\/04\\\/03\\\/otomobiliyle-park-halindeki-araclara-carpan-sahis-kameralara-yansidi\\\/\",\"name\":\"Otomobiliyle park halindeki ara\u00e7lara \u00e7arpan \u015fah\u0131s kameralara yans\u0131d\u0131 - Memurun Sesi\",\"isPartOf\":{\"@id\":\"https:\\\/\\\/memurunsesi.net\\\/#website\"},\"primaryImageOfPage\":{\"@id\":\"https:\\\/\\\/memurunsesi.net\\\/index.php\\\/2025\\\/04\\\/03\\\/otomobiliyle-park-halindeki-araclara-carpan-sahis-kameralara-yansidi\\\/#primaryimage\"},\"image\":{\"@id\":\"https:\\\/\\\/memurunsesi.net\\\/index.php\\\/2025\\\/04\\\/03\\\/otomobiliyle-park-halindeki-araclara-carpan-sahis-kameralara-yansidi\\\/#primaryimage\"},\"thumbnailUrl\":\"https:\\\/\\\/memurunsesi.net\\\/wp-content\\\/uploads\\\/2025\\\/04\\\/AW425095_01.jpg\",\"datePublished\":\"2025-04-03T06:10:37+00:00\",\"breadcrumb\":{\"@id\":\"https:\\\/\\\/memurunsesi.net\\\/index.php\\\/2025\\\/04\\\/03\\\/otomobiliyle-park-halindeki-araclara-carpan-sahis-kameralara-yansidi\\\/#breadcrumb\"},\"inLanguage\":\"tr\",\"potentialAction\":[{\"@type\":\"ReadAction\",\"target\":[\"https:\\\/\\\/memurunsesi.net\\\/index.php\\\/2025\\\/04\\\/03\\\/otomobiliyle-park-halindeki-araclara-carpan-sahis-kameralara-yansidi\\\/\"]}]},{\"@type\":\"ImageObject\",\"inLanguage\":\"tr\",\"@id\":\"https:\\\/\\\/memurunsesi.net\\\/index.php\\\/2025\\\/04\\\/03\\\/otomobiliyle-park-halindeki-araclara-carpan-sahis-kameralara-yansidi\\\/#primaryimage\",\"url\":\"https:\\\/\\\/memurunsesi.net\\\/wp-content\\\/uploads\\\/2025\\\/04\\\/AW425095_01.jpg\",\"contentUrl\":\"https:\\\/\\\/memurunsesi.net\\\/wp-content\\\/uploads\\\/2025\\\/04\\\/AW425095_01.jpg\",\"width\":1179,\"height\":649,\"caption\":\"G\u00d6NEN'DE ARACIYLA \u00c7EVREYE ZARAR VEREN \u015eAHIS KAMERALARA YANSIDI (BERRA KARAKA\u015e\\\/BALIKES\u0130R-\u0130HA) Bal\u0131kesir'in G\u00f6nen il\u00e7esinde otomobiyle park halindeki ara\u00e7lara \u00e7arparak zarar veren \u015fah\u0131s, g\u00fcvenlik kameras\u0131na yans\u0131d\u0131.\"},{\"@type\":\"BreadcrumbList\",\"@id\":\"https:\\\/\\\/memurunsesi.net\\\/index.php\\\/2025\\\/04\\\/03\\\/otomobiliyle-park-halindeki-araclara-carpan-sahis-kameralara-yansidi\\\/#breadcrumb\",\"itemListElement\":[{\"@type\":\"ListItem\",\"position\":1,\"name\":\"Anasayfa\",\"item\":\"https:\\\/\\\/memurunsesi.net\\\/\"},{\"@type\":\"ListItem\",\"position\":2,\"name\":\"Otomobiliyle park halindeki ara\u00e7lara \u00e7arpan \u015fah\u0131s kameralara yans\u0131d\u0131\"}]},{\"@type\":\"WebSite\",\"@id\":\"https:\\\/\\\/memurunsesi.net\\\/#website\",\"url\":\"https:\\\/\\\/memurunsesi.net\\\/\",\"name\":\"Memurun Sesi\",\"description\":\"G\u00fcncel ve Do\u011fru Haber\",\"publisher\":{\"@id\":\"https:\\\/\\\/memurunsesi.net\\\/#organization\"},\"potentialAction\":[{\"@type\":\"SearchAction\",\"target\":{\"@type\":\"EntryPoint\",\"urlTemplate\":\"https:\\\/\\\/memurunsesi.net\\\/?s={search_term_string}\"},\"query-input\":{\"@type\":\"PropertyValueSpecification\",\"valueRequired\":true,\"valueName\":\"search_term_string\"}}],\"inLanguage\":\"tr\"},{\"@type\":\"Organization\",\"@id\":\"https:\\\/\\\/memurunsesi.net\\\/#organization\",\"name\":\"Memurun Sesi\",\"url\":\"https:\\\/\\\/memurunsesi.net\\\/\",\"logo\":{\"@type\":\"ImageObject\",\"inLanguage\":\"tr\",\"@id\":\"https:\\\/\\\/memurunsesi.net\\\/#\\\/schema\\\/logo\\\/image\\\/\",\"url\":\"https:\\\/\\\/memurunsesi.net\\\/wp-content\\\/uploads\\\/2025\\\/11\\\/cropped-MEMURUN-SESI.png\",\"contentUrl\":\"https:\\\/\\\/memurunsesi.net\\\/wp-content\\\/uploads\\\/2025\\\/11\\\/cropped-MEMURUN-SESI.png\",\"width\":238,\"height\":57,\"caption\":\"Memurun Sesi\"},\"image\":{\"@id\":\"https:\\\/\\\/memurunsesi.net\\\/#\\\/schema\\\/logo\\\/image\\\/\"},\"sameAs\":[\"https:\\\/\\\/www.facebook.com\\\/unipersen\\\/?locale=tr_TR\",\"https:\\\/\\\/x.com\\\/unipersen\"]},{\"@type\":\"Person\",\"@id\":\"https:\\\/\\\/memurunsesi.net\\\/#\\\/schema\\\/person\\\/f21c2d73b89f6ee1d80b0a1803e38587\",\"name\":\"Memurun Sesi Haber Merkezi\",\"image\":{\"@type\":\"ImageObject\",\"inLanguage\":\"tr\",\"@id\":\"https:\\\/\\\/secure.gravatar.com\\\/avatar\\\/6cf0505f452ee753f485014986fab09a434671d2b919ee76fc541025c5876a70?s=96&d=mm&r=g\",\"url\":\"https:\\\/\\\/secure.gravatar.com\\\/avatar\\\/6cf0505f452ee753f485014986fab09a434671d2b919ee76fc541025c5876a70?s=96&d=mm&r=g\",\"contentUrl\":\"https:\\\/\\\/secure.gravatar.com\\\/avatar\\\/6cf0505f452ee753f485014986fab09a434671d2b919ee76fc541025c5876a70?s=96&d=mm&r=g\",\"caption\":\"Memurun Sesi Haber Merkezi\"},\"sameAs\":[\"https:\\\/\\\/memurunsesi.net\"],\"url\":\"https:\\\/\\\/memurunsesi.net\\\/index.php\\\/author\\\/uniper\\\/\"}]}<\/script>\n<!-- \/ Yoast SEO plugin. -->","yoast_head_json":{"title":"Otomobiliyle park halindeki ara\u00e7lara \u00e7arpan \u015fah\u0131s kameralara yans\u0131d\u0131 - Memurun Sesi","robots":{"index":"index","follow":"follow","max-snippet":"max-snippet:-1","max-image-preview":"max-image-preview:large","max-video-preview":"max-video-preview:-1"},"canonical":"https:\/\/memurunsesi.net\/index.php\/2025\/04\/03\/otomobiliyle-park-halindeki-araclara-carpan-sahis-kameralara-yansidi\/","og_locale":"tr_TR","og_type":"article","og_title":"Otomobiliyle park halindeki ara\u00e7lara \u00e7arpan \u015fah\u0131s kameralara yans\u0131d\u0131 - Memurun Sesi","og_description":"Bal\u0131kesir&#8217;in G\u00f6nen il\u00e7esinde otomobiyle park halindeki ara\u00e7lara \u00e7arparak zarar veren \u015fah\u0131s, g\u00fcvenlik kameras\u0131na yans\u0131d\u0131. Edinilen bilgilere g\u00f6re, 10 AIL 798 plakal\u0131 ara\u00e7la seyir halinde olan \u015fahs\u0131n, park halindeki baz\u0131 ara\u00e7lara \u00e7arparak zarar verdi\u011fi ve \u00e7evreye rahats\u0131zl\u0131k olu\u015fturdu\u011fu g\u00f6r\u00fcld\u00fc. G\u00f6r\u00fcnt\u00fclerde \u015fahs\u0131n \u00e7evreye zarar verdi\u011fi anlar dikkat \u00e7ekti. Vatanda\u015flar duruma tepki g\u00f6stererek yetkililerden konuya m\u00fcdahale etmelerini istedi. [&hellip;]","og_url":"https:\/\/memurunsesi.net\/index.php\/2025\/04\/03\/otomobiliyle-park-halindeki-araclara-carpan-sahis-kameralara-yansidi\/","og_site_name":"Memurun Sesi","article_publisher":"https:\/\/www.facebook.com\/unipersen\/?locale=tr_TR","article_published_time":"2025-04-03T06:10:37+00:00","og_image":[{"width":1179,"height":649,"url":"https:\/\/memurunsesi.net\/wp-content\/uploads\/2025\/04\/AW425095_01.jpg","type":"image\/jpeg"}],"author":"Memurun Sesi Haber Merkezi","twitter_card":"summary_large_image","twitter_creator":"@unipersen","twitter_site":"@unipersen","twitter_misc":{"Yazan:":"Memurun Sesi Haber Merkezi"},"schema":{"@context":"https:\/\/schema.org","@graph":[{"@type":"Article","@id":"https:\/\/memurunsesi.net\/index.php\/2025\/04\/03\/otomobiliyle-park-halindeki-araclara-carpan-sahis-kameralara-yansidi\/#article","isPartOf":{"@id":"https:\/\/memurunsesi.net\/index.php\/2025\/04\/03\/otomobiliyle-park-halindeki-araclara-carpan-sahis-kameralara-yansidi\/"},"author":{"name":"Memurun Sesi Haber Merkezi","@id":"https:\/\/memurunsesi.net\/#\/schema\/person\/f21c2d73b89f6ee1d80b0a1803e38587"},"headline":"Otomobiliyle park halindeki ara\u00e7lara \u00e7arpan \u015fah\u0131s kameralara yans\u0131d\u0131","datePublished":"2025-04-03T06:10:37+00:00","mainEntityOfPage":{"@id":"https:\/\/memurunsesi.net\/index.php\/2025\/04\/03\/otomobiliyle-park-halindeki-araclara-carpan-sahis-kameralara-yansidi\/"},"wordCount":92,"commentCount":0,"publisher":{"@id":"https:\/\/memurunsesi.net\/#organization"},"image":{"@id":"https:\/\/memurunsesi.net\/index.php\/2025\/04\/03\/otomobiliyle-park-halindeki-araclara-carpan-sahis-kameralara-yansidi\/#primaryimage"},"thumbnailUrl":"https:\/\/memurunsesi.net\/wp-content\/uploads\/2025\/04\/AW425095_01.jpg","inLanguage":"tr","potentialAction":[{"@type":"CommentAction","name":"Comment","target":["https:\/\/memurunsesi.net\/index.php\/2025\/04\/03\/otomobiliyle-park-halindeki-araclara-carpan-sahis-kameralara-yansidi\/#respond"]}]},{"@type":"WebPage","@id":"https:\/\/memurunsesi.net\/index.php\/2025\/04\/03\/otomobiliyle-park-halindeki-araclara-carpan-sahis-kameralara-yansidi\/","url":"https:\/\/memurunsesi.net\/index.php\/2025\/04\/03\/otomobiliyle-park-halindeki-araclara-carpan-sahis-kameralara-yansidi\/","name":"Otomobiliyle park halindeki ara\u00e7lara \u00e7arpan \u015fah\u0131s kameralara yans\u0131d\u0131 - Memurun Sesi","isPartOf":{"@id":"https:\/\/memurunsesi.net\/#website"},"primaryImageOfPage":{"@id":"https:\/\/memurunsesi.net\/index.php\/2025\/04\/03\/otomobiliyle-park-halindeki-araclara-carpan-sahis-kameralara-yansidi\/#primaryimage"},"image":{"@id":"https:\/\/memurunsesi.net\/index.php\/2025\/04\/03\/otomobiliyle-park-halindeki-araclara-carpan-sahis-kameralara-yansidi\/#primaryimage"},"thumbnailUrl":"https:\/\/memurunsesi.net\/wp-content\/uploads\/2025\/04\/AW425095_01.jpg","datePublished":"2025-04-03T06:10:37+00:00","breadcrumb":{"@id":"https:\/\/memurunsesi.net\/index.php\/2025\/04\/03\/otomobiliyle-park-halindeki-araclara-carpan-sahis-kameralara-yansidi\/#breadcrumb"},"inLanguage":"tr","potentialAction":[{"@type":"ReadAction","target":["https:\/\/memurunsesi.net\/index.php\/2025\/04\/03\/otomobiliyle-park-halindeki-araclara-carpan-sahis-kameralara-yansidi\/"]}]},{"@type":"ImageObject","inLanguage":"tr","@id":"https:\/\/memurunsesi.net\/index.php\/2025\/04\/03\/otomobiliyle-park-halindeki-araclara-carpan-sahis-kameralara-yansidi\/#primaryimage","url":"https:\/\/memurunsesi.net\/wp-content\/uploads\/2025\/04\/AW425095_01.jpg","contentUrl":"https:\/\/memurunsesi.net\/wp-content\/uploads\/2025\/04\/AW425095_01.jpg","width":1179,"height":649,"caption":"G\u00d6NEN'DE ARACIYLA \u00c7EVREYE ZARAR VEREN \u015eAHIS KAMERALARA YANSIDI (BERRA KARAKA\u015e\/BALIKES\u0130R-\u0130HA) Bal\u0131kesir'in G\u00f6nen il\u00e7esinde otomobiyle park halindeki ara\u00e7lara \u00e7arparak zarar veren \u015fah\u0131s, g\u00fcvenlik kameras\u0131na yans\u0131d\u0131."},{"@type":"BreadcrumbList","@id":"https:\/\/memurunsesi.net\/index.php\/2025\/04\/03\/otomobiliyle-park-halindeki-araclara-carpan-sahis-kameralara-yansidi\/#breadcrumb","itemListElement":[{"@type":"ListItem","position":1,"name":"Anasayfa","item":"https:\/\/memurunsesi.net\/"},{"@type":"ListItem","position":2,"name":"Otomobiliyle park halindeki ara\u00e7lara \u00e7arpan \u015fah\u0131s kameralara yans\u0131d\u0131"}]},{"@type":"WebSite","@id":"https:\/\/memurunsesi.net\/#website","url":"https:\/\/memurunsesi.net\/","name":"Memurun Sesi","description":"G\u00fcncel ve Do\u011fru Haber","publisher":{"@id":"https:\/\/memurunsesi.net\/#organization"},"potentialAction":[{"@type":"SearchAction","target":{"@type":"EntryPoint","urlTemplate":"https:\/\/memurunsesi.net\/?s={search_term_string}"},"query-input":{"@type":"PropertyValueSpecification","valueRequired":true,"valueName":"search_term_string"}}],"inLanguage":"tr"},{"@type":"Organization","@id":"https:\/\/memurunsesi.net\/#organization","name":"Memurun Sesi","url":"https:\/\/memurunsesi.net\/","logo":{"@type":"ImageObject","inLanguage":"tr","@id":"https:\/\/memurunsesi.net\/#\/schema\/logo\/image\/","url":"https:\/\/memurunsesi.net\/wp-content\/uploads\/2025\/11\/cropped-MEMURUN-SESI.png","contentUrl":"https:\/\/memurunsesi.net\/wp-content\/uploads\/2025\/11\/cropped-MEMURUN-SESI.png","width":238,"height":57,"caption":"Memurun Sesi"},"image":{"@id":"https:\/\/memurunsesi.net\/#\/schema\/logo\/image\/"},"sameAs":["https:\/\/www.facebook.com\/unipersen\/?locale=tr_TR","https:\/\/x.com\/unipersen"]},{"@type":"Person","@id":"https:\/\/memurunsesi.net\/#\/schema\/person\/f21c2d73b89f6ee1d80b0a1803e38587","name":"Memurun Sesi Haber Merkezi","image":{"@type":"ImageObject","inLanguage":"tr","@id":"https:\/\/secure.gravatar.com\/avatar\/6cf0505f452ee753f485014986fab09a434671d2b919ee76fc541025c5876a70?s=96&d=mm&r=g","url":"https:\/\/secure.gravatar.com\/avatar\/6cf0505f452ee753f485014986fab09a434671d2b919ee76fc541025c5876a70?s=96&d=mm&r=g","contentUrl":"https:\/\/secure.gravatar.com\/avatar\/6cf0505f452ee753f485014986fab09a434671d2b919ee76fc541025c5876a70?s=96&d=mm&r=g","caption":"Memurun Sesi Haber Merkezi"},"sameAs":["https:\/\/memurunsesi.net"],"url":"https:\/\/memurunsesi.net\/index.php\/author\/uniper\/"}]}},"_links":{"self":[{"href":"https:\/\/memurunsesi.net\/index.php\/wp-json\/wp\/v2\/posts\/4765","targetHints":{"allow":["GET"]}}],"collection":[{"href":"https:\/\/memurunsesi.net\/index.php\/wp-json\/wp\/v2\/posts"}],"about":[{"href":"https:\/\/memurunsesi.net\/index.php\/wp-json\/wp\/v2\/types\/post"}],"author":[{"embeddable":true,"href":"https:\/\/memurunsesi.net\/index.php\/wp-json\/wp\/v2\/users\/1"}],"replies":[{"embeddable":true,"href":"https:\/\/memurunsesi.net\/index.php\/wp-json\/wp\/v2\/comments?post=4765"}],"version-history":[{"count":1,"href":"https:\/\/memurunsesi.net\/index.php\/wp-json\/wp\/v2\/posts\/4765\/revisions"}],"predecessor-version":[{"id":4767,"href":"https:\/\/memurunsesi.net\/index.php\/wp-json\/wp\/v2\/posts\/4765\/revisions\/4767"}],"wp:featuredmedia":[{"embeddable":true,"href":"https:\/\/memurunsesi.net\/index.php\/wp-json\/wp\/v2\/media\/4766"}],"wp:attachment":[{"href":"https:\/\/memurunsesi.net\/index.php\/wp-json\/wp\/v2\/media?parent=4765"}],"wp:term":[{"taxonomy":"category","embeddable":true,"href":"https:\/\/memurunsesi.net\/index.php\/wp-json\/wp\/v2\/categories?post=4765"},{"taxonomy":"post_tag","embeddable":true,"href":"https:\/\/memurunsesi.net\/index.php\/wp-json\/wp\/v2\/tags?post=4765"}],"curies":[{"name":"wp","href":"https:\/\/api.w.org\/{rel}","templated":true}]}}