{"id":4768,"date":"2025-04-03T09:33:34","date_gmt":"2025-04-03T06:33:34","guid":{"rendered":"https:\/\/memurunsesi.net\/?p=4768"},"modified":"2025-04-03T09:33:34","modified_gmt":"2025-04-03T06:33:34","slug":"latin-amerikada-turk-savunma-sanayi-ruzgari","status":"publish","type":"post","link":"https:\/\/memurunsesi.net\/index.php\/2025\/04\/03\/latin-amerikada-turk-savunma-sanayi-ruzgari\/","title":{"rendered":"Latin Amerika&#8217;da &#8216;T\u00fcrk savunma sanayi&#8217; r\u00fczgar\u0131"},"content":{"rendered":"<p>CANiK, g\u00fcc\u00fcn\u00fc Latin Amerika&#8217;ya ta\u015f\u0131d\u0131<\/p>\n<p>CANiK&#8217;in de ba\u011fl\u0131 bulundu\u011fu Samsun Yurt Savunma (SYS) Grup \u015firketleri, G\u00fcney Amerika&#8217;n\u0131n en b\u00fcy\u00fck savunma sanayi fuar\u0131 olan LAAD 2025&#8217;te \u00fcr\u00fcnlerini sergileyip yeni i\u015f birliklerine kap\u0131 aralad\u0131.<br \/>\nG\u00fcney Amerika&#8217;n\u0131n en b\u00fcy\u00fck savunma sanayi fuar\u0131 olan LAAD 2025 \u2013 Latin America Aerospace &amp;amp; Defence, Rio de Janeiro&#8217;da ba\u015flad\u0131. Brezilya ba\u015fta olmak \u00fczere Latin Amerika&#8217;daki b\u00fcy\u00fck askeri al\u0131m projelerinin \u015fekillendi\u011fi LAAD 2025, 4 Nisan&#8217;a kadar b\u00f6lgedeki akt\u00f6rleri, sekt\u00f6rdeki global tedarik\u00e7ileri ve karar vericileri bulu\u015fturacak.<br \/>\nT\u00fcrk savunma sanayinin \u00f6nc\u00fc markas\u0131 CANiK ve ba\u011fl\u0131 oldu\u011fu SYS Grup \u015firketleri de b\u00f6lgedeki iddialar\u0131n\u0131 ortaya koymak amac\u0131yla LAAD 2025&#8217;te boy g\u00f6sterdi. Grup \u015firketleri CANiK, UNIROBOTICS ve AEI Systems, fuarda g\u00fcncel ve b\u00f6lgedeki ihtiya\u00e7lara cevap vermek amac\u0131yla geli\u015ftirdi\u011fi y\u00fcksek teknoloji \u00fcr\u00fcn\u00fc \u00e7\u00f6z\u00fcmlerini tan\u0131tt\u0131. Fuarda \u00e7e\u015fitli \u00fclkelerden farkl\u0131 kullan\u0131c\u0131lar\u0131n ihtiya\u00e7lar\u0131na y\u00f6nelik yeni i\u015f birlikteliklerine imza atan CANiK, bunlar\u0131n da etkisiyle Brezilya ba\u015fta olmak \u00fczere b\u00f6lge \u00fclkelerindeki etkinli\u011fini art\u0131rmay\u0131 hedefliyor.<br \/>\nCANiK, Brezilya Ordusu&#8217;nun 12.7x99mm M2 QCB a\u011f\u0131r makineli t\u00fcfek ihalesini kazanarak bu pazarda \u00f6nemli bir ba\u015far\u0131 elde etti. CANiK, bu ba\u015far\u0131dan ald\u0131\u011f\u0131 g\u00fc\u00e7le bireysel ve a\u011f\u0131r silahlardaki geni\u015f \u00fcr\u00fcn yelpazesini fuarda ortaya koydu. Uzun y\u0131llard\u0131r 30x113mm top\u00e7u m\u00fchimmatlar\u0131n\u0131 aktif olarak kullanan Brezilya Silahl\u0131 Kuvvetleri&#8217;nin yo\u011fun ilgisini \u00e7eken bir di\u011fer \u00fcr\u00fcn ise, grup \u015firketlerimizden AEI Systems taraf\u0131ndan \u00fcretilen, d\u00fc\u015f\u00fck geri tepme \u00f6zelli\u011fi ve ayarlanabilir at\u0131\u015f h\u0131z\u0131na sahip VENOM LR 30x113mm orta kalibre top oldu. UNIROBOTICS ise di\u011fer grup \u015firketlerinin ortaya koydu\u011fu silah sistemlerini g\u00fcvenilir ve etkin birer platforma d\u00f6n\u00fc\u015ft\u00fcren uzaktan komutal\u0131 silah kuleleri ile ilgi oda\u011f\u0131 oldu.<\/p>\n<p>&#8220;T\u00fcrk savunma sanayisini yurt d\u0131\u015f\u0131nda en iyi \u015fekilde temsil etmeye devam edece\u011fiz&#8221;<br \/>\nSYS Grup &#8211; CANiK D\u0131\u015f Ticaretten Sorumlu Y\u00f6netim Kurulu \u00dcyesi N. Didem Aral, fuara ili\u015fkin de\u011ferlendirmesinde, son d\u00f6nemde grup \u015firketlerinin \u00fcr\u00fcnlerinin b\u00f6lge \u00fclkeleri taraf\u0131ndan yo\u011fun \u015fekilde tercih edildi\u011fini, bunun yans\u0131malar\u0131n\u0131 da fuardaki ilgiyle g\u00f6rd\u00fcklerini s\u00f6yledi. Grup \u015firketlerinin ne kadar ba\u015far\u0131l\u0131 ve g\u00fcvenilir bir tedarik\u00e7i oldu\u011funun ev sahibi Brezilya taraf\u0131ndan da tescillendi\u011fini vurgulayan Aral, buradaki ba\u015far\u0131n\u0131n b\u00f6lge \u00fclkelerinde yeni f\u0131rsatlara kap\u0131 aralad\u0131\u011f\u0131n\u0131 belirtti. LAAD 2025&#8217;in grup \u015firketleri a\u00e7\u0131s\u0131ndan \u00e7ok verimli ge\u00e7ti\u011fini dile getiren Aral, fuarda temelini att\u0131klar\u0131 i\u015f birliklerini takip ederek bunlar\u0131 kal\u0131c\u0131 i\u015f ortakl\u0131klar\u0131na d\u00f6n\u00fc\u015ft\u00fcrme gayretinde olacaklar\u0131n\u0131 ifade etti. Aral, &#8220;LAAD 2025&#8217;te g\u00f6rd\u00fc\u011f\u00fcm\u00fcz ilgi grup \u015firketlerinin ne kadar do\u011fru yolda oldu\u011funu bir kez daha g\u00f6sterdi. Bize duyulan g\u00fcveni s\u00fcrd\u00fcrmeye, T\u00fcrk savunma sanayisini yurt d\u0131\u015f\u0131nda en iyi \u015fekilde temsil etmeye devam edece\u011fiz&#8221; dedi.<\/p>\n<p>3.04.2025<\/p>\n","protected":false},"excerpt":{"rendered":"<p>CANiK, g\u00fcc\u00fcn\u00fc Latin Amerika&#8217;ya ta\u015f\u0131d\u0131 CANiK&#8217;in de ba\u011fl\u0131 bulundu\u011fu Samsun Yurt Savunma (SYS) Grup \u015firketleri, G\u00fcney Amerika&#8217;n\u0131n en b\u00fcy\u00fck savunma sanayi fuar\u0131 olan LAAD 2025&#8217;te \u00fcr\u00fcnlerini sergileyip yeni i\u015f birliklerine kap\u0131 aralad\u0131. G\u00fcney Amerika&#8217;n\u0131n en b\u00fcy\u00fck savunma sanayi fuar\u0131 olan LAAD 2025 \u2013 Latin America Aerospace &amp;amp; Defence, Rio de Janeiro&#8217;da ba\u015flad\u0131. Brezilya ba\u015fta olmak [&hellip;]<\/p>\n","protected":false},"author":1,"featured_media":4769,"comment_status":"open","ping_status":"open","sticky":false,"template":"","format":"standard","meta":{"footnotes":""},"categories":[45],"tags":[],"class_list":["post-4768","post","type-post","status-publish","format-standard","has-post-thumbnail","hentry","category-gundem"],"yoast_head":"<!-- This site is optimized with the Yoast SEO plugin v27.4 - https:\/\/yoast.com\/product\/yoast-seo-wordpress\/ -->\n<title>Latin Amerika&#039;da &#039;T\u00fcrk savunma sanayi&#039; r\u00fczgar\u0131 - Memurun Sesi<\/title>\n<meta name=\"robots\" content=\"index, follow, max-snippet:-1, max-image-preview:large, max-video-preview:-1\" \/>\n<link rel=\"canonical\" href=\"https:\/\/memurunsesi.net\/index.php\/2025\/04\/03\/latin-amerikada-turk-savunma-sanayi-ruzgari\/\" \/>\n<meta property=\"og:locale\" content=\"tr_TR\" \/>\n<meta property=\"og:type\" content=\"article\" \/>\n<meta property=\"og:title\" content=\"Latin Amerika&#039;da &#039;T\u00fcrk savunma sanayi&#039; r\u00fczgar\u0131 - Memurun Sesi\" \/>\n<meta property=\"og:description\" content=\"CANiK, g\u00fcc\u00fcn\u00fc Latin Amerika&#8217;ya ta\u015f\u0131d\u0131 CANiK&#8217;in de ba\u011fl\u0131 bulundu\u011fu Samsun Yurt Savunma (SYS) Grup \u015firketleri, G\u00fcney Amerika&#8217;n\u0131n en b\u00fcy\u00fck savunma sanayi fuar\u0131 olan LAAD 2025&#8217;te \u00fcr\u00fcnlerini sergileyip yeni i\u015f birliklerine kap\u0131 aralad\u0131. G\u00fcney Amerika&#8217;n\u0131n en b\u00fcy\u00fck savunma sanayi fuar\u0131 olan LAAD 2025 \u2013 Latin America Aerospace &amp;amp; Defence, Rio de Janeiro&#8217;da ba\u015flad\u0131. Brezilya ba\u015fta olmak [&hellip;]\" \/>\n<meta property=\"og:url\" content=\"https:\/\/memurunsesi.net\/index.php\/2025\/04\/03\/latin-amerikada-turk-savunma-sanayi-ruzgari\/\" \/>\n<meta property=\"og:site_name\" content=\"Memurun Sesi\" \/>\n<meta property=\"article:publisher\" content=\"https:\/\/www.facebook.com\/unipersen\/?locale=tr_TR\" \/>\n<meta property=\"article:published_time\" content=\"2025-04-03T06:33:34+00:00\" \/>\n<meta property=\"og:image\" content=\"https:\/\/memurunsesi.net\/wp-content\/uploads\/2025\/04\/AW425145_01.png\" \/>\n\t<meta property=\"og:image:width\" content=\"2048\" \/>\n\t<meta property=\"og:image:height\" content=\"1536\" \/>\n\t<meta property=\"og:image:type\" content=\"image\/png\" \/>\n<meta name=\"author\" content=\"Memurun Sesi Haber Merkezi\" \/>\n<meta name=\"twitter:card\" content=\"summary_large_image\" \/>\n<meta name=\"twitter:creator\" content=\"@unipersen\" \/>\n<meta name=\"twitter:site\" content=\"@unipersen\" \/>\n<meta name=\"twitter:label1\" content=\"Yazan:\" \/>\n\t<meta name=\"twitter:data1\" content=\"Memurun Sesi Haber Merkezi\" \/>\n\t<meta name=\"twitter:label2\" content=\"Tahmini okuma s\u00fcresi\" \/>\n\t<meta name=\"twitter:data2\" content=\"3 dakika\" \/>\n<script type=\"application\/ld+json\" class=\"yoast-schema-graph\">{\"@context\":\"https:\\\/\\\/schema.org\",\"@graph\":[{\"@type\":\"Article\",\"@id\":\"https:\\\/\\\/memurunsesi.net\\\/index.php\\\/2025\\\/04\\\/03\\\/latin-amerikada-turk-savunma-sanayi-ruzgari\\\/#article\",\"isPartOf\":{\"@id\":\"https:\\\/\\\/memurunsesi.net\\\/index.php\\\/2025\\\/04\\\/03\\\/latin-amerikada-turk-savunma-sanayi-ruzgari\\\/\"},\"author\":{\"name\":\"Memurun Sesi Haber Merkezi\",\"@id\":\"https:\\\/\\\/memurunsesi.net\\\/#\\\/schema\\\/person\\\/f21c2d73b89f6ee1d80b0a1803e38587\"},\"headline\":\"Latin Amerika&#8217;da &#8216;T\u00fcrk savunma sanayi&#8217; r\u00fczgar\u0131\",\"datePublished\":\"2025-04-03T06:33:34+00:00\",\"mainEntityOfPage\":{\"@id\":\"https:\\\/\\\/memurunsesi.net\\\/index.php\\\/2025\\\/04\\\/03\\\/latin-amerikada-turk-savunma-sanayi-ruzgari\\\/\"},\"wordCount\":528,\"commentCount\":0,\"publisher\":{\"@id\":\"https:\\\/\\\/memurunsesi.net\\\/#organization\"},\"image\":{\"@id\":\"https:\\\/\\\/memurunsesi.net\\\/index.php\\\/2025\\\/04\\\/03\\\/latin-amerikada-turk-savunma-sanayi-ruzgari\\\/#primaryimage\"},\"thumbnailUrl\":\"https:\\\/\\\/memurunsesi.net\\\/wp-content\\\/uploads\\\/2025\\\/04\\\/AW425145_01.png\",\"articleSection\":[\"G\u00fcndem\"],\"inLanguage\":\"tr\",\"potentialAction\":[{\"@type\":\"CommentAction\",\"name\":\"Comment\",\"target\":[\"https:\\\/\\\/memurunsesi.net\\\/index.php\\\/2025\\\/04\\\/03\\\/latin-amerikada-turk-savunma-sanayi-ruzgari\\\/#respond\"]}]},{\"@type\":\"WebPage\",\"@id\":\"https:\\\/\\\/memurunsesi.net\\\/index.php\\\/2025\\\/04\\\/03\\\/latin-amerikada-turk-savunma-sanayi-ruzgari\\\/\",\"url\":\"https:\\\/\\\/memurunsesi.net\\\/index.php\\\/2025\\\/04\\\/03\\\/latin-amerikada-turk-savunma-sanayi-ruzgari\\\/\",\"name\":\"Latin Amerika'da 'T\u00fcrk savunma sanayi' r\u00fczgar\u0131 - Memurun Sesi\",\"isPartOf\":{\"@id\":\"https:\\\/\\\/memurunsesi.net\\\/#website\"},\"primaryImageOfPage\":{\"@id\":\"https:\\\/\\\/memurunsesi.net\\\/index.php\\\/2025\\\/04\\\/03\\\/latin-amerikada-turk-savunma-sanayi-ruzgari\\\/#primaryimage\"},\"image\":{\"@id\":\"https:\\\/\\\/memurunsesi.net\\\/index.php\\\/2025\\\/04\\\/03\\\/latin-amerikada-turk-savunma-sanayi-ruzgari\\\/#primaryimage\"},\"thumbnailUrl\":\"https:\\\/\\\/memurunsesi.net\\\/wp-content\\\/uploads\\\/2025\\\/04\\\/AW425145_01.png\",\"datePublished\":\"2025-04-03T06:33:34+00:00\",\"breadcrumb\":{\"@id\":\"https:\\\/\\\/memurunsesi.net\\\/index.php\\\/2025\\\/04\\\/03\\\/latin-amerikada-turk-savunma-sanayi-ruzgari\\\/#breadcrumb\"},\"inLanguage\":\"tr\",\"potentialAction\":[{\"@type\":\"ReadAction\",\"target\":[\"https:\\\/\\\/memurunsesi.net\\\/index.php\\\/2025\\\/04\\\/03\\\/latin-amerikada-turk-savunma-sanayi-ruzgari\\\/\"]}]},{\"@type\":\"ImageObject\",\"inLanguage\":\"tr\",\"@id\":\"https:\\\/\\\/memurunsesi.net\\\/index.php\\\/2025\\\/04\\\/03\\\/latin-amerikada-turk-savunma-sanayi-ruzgari\\\/#primaryimage\",\"url\":\"https:\\\/\\\/memurunsesi.net\\\/wp-content\\\/uploads\\\/2025\\\/04\\\/AW425145_01.png\",\"contentUrl\":\"https:\\\/\\\/memurunsesi.net\\\/wp-content\\\/uploads\\\/2025\\\/04\\\/AW425145_01.png\",\"width\":2048,\"height\":1536},{\"@type\":\"BreadcrumbList\",\"@id\":\"https:\\\/\\\/memurunsesi.net\\\/index.php\\\/2025\\\/04\\\/03\\\/latin-amerikada-turk-savunma-sanayi-ruzgari\\\/#breadcrumb\",\"itemListElement\":[{\"@type\":\"ListItem\",\"position\":1,\"name\":\"Anasayfa\",\"item\":\"https:\\\/\\\/memurunsesi.net\\\/\"},{\"@type\":\"ListItem\",\"position\":2,\"name\":\"Latin Amerika&#8217;da &#8216;T\u00fcrk savunma sanayi&#8217; r\u00fczgar\u0131\"}]},{\"@type\":\"WebSite\",\"@id\":\"https:\\\/\\\/memurunsesi.net\\\/#website\",\"url\":\"https:\\\/\\\/memurunsesi.net\\\/\",\"name\":\"Memurun Sesi\",\"description\":\"G\u00fcncel ve Do\u011fru Haber\",\"publisher\":{\"@id\":\"https:\\\/\\\/memurunsesi.net\\\/#organization\"},\"potentialAction\":[{\"@type\":\"SearchAction\",\"target\":{\"@type\":\"EntryPoint\",\"urlTemplate\":\"https:\\\/\\\/memurunsesi.net\\\/?s={search_term_string}\"},\"query-input\":{\"@type\":\"PropertyValueSpecification\",\"valueRequired\":true,\"valueName\":\"search_term_string\"}}],\"inLanguage\":\"tr\"},{\"@type\":\"Organization\",\"@id\":\"https:\\\/\\\/memurunsesi.net\\\/#organization\",\"name\":\"Memurun Sesi\",\"url\":\"https:\\\/\\\/memurunsesi.net\\\/\",\"logo\":{\"@type\":\"ImageObject\",\"inLanguage\":\"tr\",\"@id\":\"https:\\\/\\\/memurunsesi.net\\\/#\\\/schema\\\/logo\\\/image\\\/\",\"url\":\"https:\\\/\\\/memurunsesi.net\\\/wp-content\\\/uploads\\\/2025\\\/11\\\/cropped-MEMURUN-SESI.png\",\"contentUrl\":\"https:\\\/\\\/memurunsesi.net\\\/wp-content\\\/uploads\\\/2025\\\/11\\\/cropped-MEMURUN-SESI.png\",\"width\":238,\"height\":57,\"caption\":\"Memurun Sesi\"},\"image\":{\"@id\":\"https:\\\/\\\/memurunsesi.net\\\/#\\\/schema\\\/logo\\\/image\\\/\"},\"sameAs\":[\"https:\\\/\\\/www.facebook.com\\\/unipersen\\\/?locale=tr_TR\",\"https:\\\/\\\/x.com\\\/unipersen\"]},{\"@type\":\"Person\",\"@id\":\"https:\\\/\\\/memurunsesi.net\\\/#\\\/schema\\\/person\\\/f21c2d73b89f6ee1d80b0a1803e38587\",\"name\":\"Memurun Sesi Haber Merkezi\",\"image\":{\"@type\":\"ImageObject\",\"inLanguage\":\"tr\",\"@id\":\"https:\\\/\\\/secure.gravatar.com\\\/avatar\\\/6cf0505f452ee753f485014986fab09a434671d2b919ee76fc541025c5876a70?s=96&d=mm&r=g\",\"url\":\"https:\\\/\\\/secure.gravatar.com\\\/avatar\\\/6cf0505f452ee753f485014986fab09a434671d2b919ee76fc541025c5876a70?s=96&d=mm&r=g\",\"contentUrl\":\"https:\\\/\\\/secure.gravatar.com\\\/avatar\\\/6cf0505f452ee753f485014986fab09a434671d2b919ee76fc541025c5876a70?s=96&d=mm&r=g\",\"caption\":\"Memurun Sesi Haber Merkezi\"},\"sameAs\":[\"https:\\\/\\\/memurunsesi.net\"],\"url\":\"https:\\\/\\\/memurunsesi.net\\\/index.php\\\/author\\\/uniper\\\/\"}]}<\/script>\n<!-- \/ Yoast SEO plugin. -->","yoast_head_json":{"title":"Latin Amerika'da 'T\u00fcrk savunma sanayi' r\u00fczgar\u0131 - Memurun Sesi","robots":{"index":"index","follow":"follow","max-snippet":"max-snippet:-1","max-image-preview":"max-image-preview:large","max-video-preview":"max-video-preview:-1"},"canonical":"https:\/\/memurunsesi.net\/index.php\/2025\/04\/03\/latin-amerikada-turk-savunma-sanayi-ruzgari\/","og_locale":"tr_TR","og_type":"article","og_title":"Latin Amerika'da 'T\u00fcrk savunma sanayi' r\u00fczgar\u0131 - Memurun Sesi","og_description":"CANiK, g\u00fcc\u00fcn\u00fc Latin Amerika&#8217;ya ta\u015f\u0131d\u0131 CANiK&#8217;in de ba\u011fl\u0131 bulundu\u011fu Samsun Yurt Savunma (SYS) Grup \u015firketleri, G\u00fcney Amerika&#8217;n\u0131n en b\u00fcy\u00fck savunma sanayi fuar\u0131 olan LAAD 2025&#8217;te \u00fcr\u00fcnlerini sergileyip yeni i\u015f birliklerine kap\u0131 aralad\u0131. G\u00fcney Amerika&#8217;n\u0131n en b\u00fcy\u00fck savunma sanayi fuar\u0131 olan LAAD 2025 \u2013 Latin America Aerospace &amp;amp; Defence, Rio de Janeiro&#8217;da ba\u015flad\u0131. Brezilya ba\u015fta olmak [&hellip;]","og_url":"https:\/\/memurunsesi.net\/index.php\/2025\/04\/03\/latin-amerikada-turk-savunma-sanayi-ruzgari\/","og_site_name":"Memurun Sesi","article_publisher":"https:\/\/www.facebook.com\/unipersen\/?locale=tr_TR","article_published_time":"2025-04-03T06:33:34+00:00","og_image":[{"width":2048,"height":1536,"url":"https:\/\/memurunsesi.net\/wp-content\/uploads\/2025\/04\/AW425145_01.png","type":"image\/png"}],"author":"Memurun Sesi Haber Merkezi","twitter_card":"summary_large_image","twitter_creator":"@unipersen","twitter_site":"@unipersen","twitter_misc":{"Yazan:":"Memurun Sesi Haber Merkezi","Tahmini okuma s\u00fcresi":"3 dakika"},"schema":{"@context":"https:\/\/schema.org","@graph":[{"@type":"Article","@id":"https:\/\/memurunsesi.net\/index.php\/2025\/04\/03\/latin-amerikada-turk-savunma-sanayi-ruzgari\/#article","isPartOf":{"@id":"https:\/\/memurunsesi.net\/index.php\/2025\/04\/03\/latin-amerikada-turk-savunma-sanayi-ruzgari\/"},"author":{"name":"Memurun Sesi Haber Merkezi","@id":"https:\/\/memurunsesi.net\/#\/schema\/person\/f21c2d73b89f6ee1d80b0a1803e38587"},"headline":"Latin Amerika&#8217;da &#8216;T\u00fcrk savunma sanayi&#8217; r\u00fczgar\u0131","datePublished":"2025-04-03T06:33:34+00:00","mainEntityOfPage":{"@id":"https:\/\/memurunsesi.net\/index.php\/2025\/04\/03\/latin-amerikada-turk-savunma-sanayi-ruzgari\/"},"wordCount":528,"commentCount":0,"publisher":{"@id":"https:\/\/memurunsesi.net\/#organization"},"image":{"@id":"https:\/\/memurunsesi.net\/index.php\/2025\/04\/03\/latin-amerikada-turk-savunma-sanayi-ruzgari\/#primaryimage"},"thumbnailUrl":"https:\/\/memurunsesi.net\/wp-content\/uploads\/2025\/04\/AW425145_01.png","articleSection":["G\u00fcndem"],"inLanguage":"tr","potentialAction":[{"@type":"CommentAction","name":"Comment","target":["https:\/\/memurunsesi.net\/index.php\/2025\/04\/03\/latin-amerikada-turk-savunma-sanayi-ruzgari\/#respond"]}]},{"@type":"WebPage","@id":"https:\/\/memurunsesi.net\/index.php\/2025\/04\/03\/latin-amerikada-turk-savunma-sanayi-ruzgari\/","url":"https:\/\/memurunsesi.net\/index.php\/2025\/04\/03\/latin-amerikada-turk-savunma-sanayi-ruzgari\/","name":"Latin Amerika'da 'T\u00fcrk savunma sanayi' r\u00fczgar\u0131 - Memurun Sesi","isPartOf":{"@id":"https:\/\/memurunsesi.net\/#website"},"primaryImageOfPage":{"@id":"https:\/\/memurunsesi.net\/index.php\/2025\/04\/03\/latin-amerikada-turk-savunma-sanayi-ruzgari\/#primaryimage"},"image":{"@id":"https:\/\/memurunsesi.net\/index.php\/2025\/04\/03\/latin-amerikada-turk-savunma-sanayi-ruzgari\/#primaryimage"},"thumbnailUrl":"https:\/\/memurunsesi.net\/wp-content\/uploads\/2025\/04\/AW425145_01.png","datePublished":"2025-04-03T06:33:34+00:00","breadcrumb":{"@id":"https:\/\/memurunsesi.net\/index.php\/2025\/04\/03\/latin-amerikada-turk-savunma-sanayi-ruzgari\/#breadcrumb"},"inLanguage":"tr","potentialAction":[{"@type":"ReadAction","target":["https:\/\/memurunsesi.net\/index.php\/2025\/04\/03\/latin-amerikada-turk-savunma-sanayi-ruzgari\/"]}]},{"@type":"ImageObject","inLanguage":"tr","@id":"https:\/\/memurunsesi.net\/index.php\/2025\/04\/03\/latin-amerikada-turk-savunma-sanayi-ruzgari\/#primaryimage","url":"https:\/\/memurunsesi.net\/wp-content\/uploads\/2025\/04\/AW425145_01.png","contentUrl":"https:\/\/memurunsesi.net\/wp-content\/uploads\/2025\/04\/AW425145_01.png","width":2048,"height":1536},{"@type":"BreadcrumbList","@id":"https:\/\/memurunsesi.net\/index.php\/2025\/04\/03\/latin-amerikada-turk-savunma-sanayi-ruzgari\/#breadcrumb","itemListElement":[{"@type":"ListItem","position":1,"name":"Anasayfa","item":"https:\/\/memurunsesi.net\/"},{"@type":"ListItem","position":2,"name":"Latin Amerika&#8217;da &#8216;T\u00fcrk savunma sanayi&#8217; r\u00fczgar\u0131"}]},{"@type":"WebSite","@id":"https:\/\/memurunsesi.net\/#website","url":"https:\/\/memurunsesi.net\/","name":"Memurun Sesi","description":"G\u00fcncel ve Do\u011fru Haber","publisher":{"@id":"https:\/\/memurunsesi.net\/#organization"},"potentialAction":[{"@type":"SearchAction","target":{"@type":"EntryPoint","urlTemplate":"https:\/\/memurunsesi.net\/?s={search_term_string}"},"query-input":{"@type":"PropertyValueSpecification","valueRequired":true,"valueName":"search_term_string"}}],"inLanguage":"tr"},{"@type":"Organization","@id":"https:\/\/memurunsesi.net\/#organization","name":"Memurun Sesi","url":"https:\/\/memurunsesi.net\/","logo":{"@type":"ImageObject","inLanguage":"tr","@id":"https:\/\/memurunsesi.net\/#\/schema\/logo\/image\/","url":"https:\/\/memurunsesi.net\/wp-content\/uploads\/2025\/11\/cropped-MEMURUN-SESI.png","contentUrl":"https:\/\/memurunsesi.net\/wp-content\/uploads\/2025\/11\/cropped-MEMURUN-SESI.png","width":238,"height":57,"caption":"Memurun Sesi"},"image":{"@id":"https:\/\/memurunsesi.net\/#\/schema\/logo\/image\/"},"sameAs":["https:\/\/www.facebook.com\/unipersen\/?locale=tr_TR","https:\/\/x.com\/unipersen"]},{"@type":"Person","@id":"https:\/\/memurunsesi.net\/#\/schema\/person\/f21c2d73b89f6ee1d80b0a1803e38587","name":"Memurun Sesi Haber Merkezi","image":{"@type":"ImageObject","inLanguage":"tr","@id":"https:\/\/secure.gravatar.com\/avatar\/6cf0505f452ee753f485014986fab09a434671d2b919ee76fc541025c5876a70?s=96&d=mm&r=g","url":"https:\/\/secure.gravatar.com\/avatar\/6cf0505f452ee753f485014986fab09a434671d2b919ee76fc541025c5876a70?s=96&d=mm&r=g","contentUrl":"https:\/\/secure.gravatar.com\/avatar\/6cf0505f452ee753f485014986fab09a434671d2b919ee76fc541025c5876a70?s=96&d=mm&r=g","caption":"Memurun Sesi Haber Merkezi"},"sameAs":["https:\/\/memurunsesi.net"],"url":"https:\/\/memurunsesi.net\/index.php\/author\/uniper\/"}]}},"_links":{"self":[{"href":"https:\/\/memurunsesi.net\/index.php\/wp-json\/wp\/v2\/posts\/4768","targetHints":{"allow":["GET"]}}],"collection":[{"href":"https:\/\/memurunsesi.net\/index.php\/wp-json\/wp\/v2\/posts"}],"about":[{"href":"https:\/\/memurunsesi.net\/index.php\/wp-json\/wp\/v2\/types\/post"}],"author":[{"embeddable":true,"href":"https:\/\/memurunsesi.net\/index.php\/wp-json\/wp\/v2\/users\/1"}],"replies":[{"embeddable":true,"href":"https:\/\/memurunsesi.net\/index.php\/wp-json\/wp\/v2\/comments?post=4768"}],"version-history":[{"count":1,"href":"https:\/\/memurunsesi.net\/index.php\/wp-json\/wp\/v2\/posts\/4768\/revisions"}],"predecessor-version":[{"id":4770,"href":"https:\/\/memurunsesi.net\/index.php\/wp-json\/wp\/v2\/posts\/4768\/revisions\/4770"}],"wp:featuredmedia":[{"embeddable":true,"href":"https:\/\/memurunsesi.net\/index.php\/wp-json\/wp\/v2\/media\/4769"}],"wp:attachment":[{"href":"https:\/\/memurunsesi.net\/index.php\/wp-json\/wp\/v2\/media?parent=4768"}],"wp:term":[{"taxonomy":"category","embeddable":true,"href":"https:\/\/memurunsesi.net\/index.php\/wp-json\/wp\/v2\/categories?post=4768"},{"taxonomy":"post_tag","embeddable":true,"href":"https:\/\/memurunsesi.net\/index.php\/wp-json\/wp\/v2\/tags?post=4768"}],"curies":[{"name":"wp","href":"https:\/\/api.w.org\/{rel}","templated":true}]}}