{"id":4777,"date":"2025-04-03T09:40:06","date_gmt":"2025-04-03T06:40:06","guid":{"rendered":"https:\/\/memurunsesi.net\/?p=4777"},"modified":"2025-04-03T09:40:06","modified_gmt":"2025-04-03T06:40:06","slug":"cocuklarin-sosyal-medyada-maruz-kaldigi-cinsel-icerikler-ilerdeki-hayatlarini-etkiliyor","status":"publish","type":"post","link":"https:\/\/memurunsesi.net\/index.php\/2025\/04\/03\/cocuklarin-sosyal-medyada-maruz-kaldigi-cinsel-icerikler-ilerdeki-hayatlarini-etkiliyor\/","title":{"rendered":"\u00c7ocuklar\u0131n sosyal medyada maruz kald\u0131\u011f\u0131 cinsel i\u00e7erikler ilerdeki hayatlar\u0131n\u0131 etkiliyor"},"content":{"rendered":"<p>\u00c7ocukluk ve ergenlik d\u00f6neminde bireylerin sosyal medyada maruz kald\u0131\u011f\u0131 cinsel i\u00e7eriklerin gelecek ya\u015fant\u0131lar\u0131n\u0131 etkiledi\u011fini ifade eden uzmanlar, ortaokuldan \u00f6nce \u00e7ocuklar\u0131n sosyal medya hesaplar\u0131n\u0131n olmamas\u0131 gerekti\u011fini belirtti.<br \/>\n\u00c7ocukluk ve ergenlik d\u00f6neminin \u00e7ocuklar i\u00e7in \u00e7ok \u00f6nemli ve geli\u015fimsel s\u00fcre\u00e7lerinin tam olarak tamamlanmad\u0131\u011f\u0131 d\u00f6nemler oldu\u011funu anlatan Necmettin Erbakan \u00dcniversitesi (NE\u00dc) T\u0131p Fak\u00fcltesi Dekan Yard\u0131mc\u0131s\u0131 ve \u00c7ocuk ve Ergen Ruh Sa\u011fl\u0131\u011f\u0131 ve Hastal\u0131klar\u0131 Ana Bilim Dal\u0131 Ba\u015fkan\u0131 Prof. Dr. \u00d6mer Faruk Ak\u00e7a, &#8220;\u00d6zellikle cinsel i\u00e7erikli materyallere maruz kalman\u0131n belli bir ya\u015f\u0131 vard\u0131r. Bu ya\u015f \u00f6ncesinde \u00e7ocuklar\u0131n cinsel i\u00e7erikli materyallere maruz kald\u0131\u011f\u0131 zaman zihinsel d\u00fcnyalar\u0131nda \u00e7ok olumsuz etkiler olu\u015fturacakt\u0131r. Hatta baz\u0131lar\u0131 bu durumu bir travma olarak da tarif edebilir. O y\u00fczden erken ya\u015flarda, \u00e7ocukluk \u00e7a\u011f\u0131nda \u00e7ocuklar\u0131m\u0131z\u0131n cinsel i\u00e7erikli materyallere maruz kalmalar\u0131 olduk\u00e7a tehlikelidir. Di\u011fer yandan da g\u00fcn\u00fcm\u00fczde teknolojik aletlerin kullan\u0131m\u0131n\u0131n \u00e7ok yo\u011fun olmas\u0131 nedeniyle de bu t\u00fcr i\u00e7eriklere \u00e7ocuklar\u0131m\u0131z daha erken maruz kalabilmekteler. Bu durum \u00e7ocuklar\u0131m\u0131z\u0131n ger\u00e7ek d\u00fcnyayla ba\u011flant\u0131lar\u0131 \u00e7ok iyi olmad\u0131\u011f\u0131 zaman ve ger\u00e7ek d\u00fcnyan\u0131n kurallar\u0131n\u0131, de\u011ferlerini \u00e7ok iyi bilemedikleri zaman \u00e7ok ciddi sorunlar olu\u015fturabilmektedir. Bu g\u00fcnlerdeki en temel sorunlardan biri de budur. \u00c7ocuklar\u0131m\u0131z\u0131n sosyal medyadaki hayatlar\u0131 \u00e7ok yo\u011fun oldu\u011fu zaman, ger\u00e7ek d\u00fcnyay\u0131 anlamland\u0131ramad\u0131\u011f\u0131 zaman sosyal medyada g\u00f6rd\u00fckleri olaylar\u0131, durumlar\u0131 ya da arkada\u015flar\u0131ndan duyduklar\u0131, sosyal medya fenomenlerinden duyduklar\u0131n\u0131 ger\u00e7ekmi\u015f gibi alg\u0131lay\u0131p ger\u00e7ek hayatta normalle\u015ftirebiliyorlar. Buna ba\u011fl\u0131 olarak da ger\u00e7ek olmamas\u0131 gereken durumlar\u0131 ger\u00e7ekmi\u015f gibi alg\u0131lay\u0131p fiiliyata d\u00f6n\u00fc\u015ft\u00fcrebiliyorlar. Bu durum da \u00e7ok ciddi sorunlara yol a\u00e7abiliyor. Bir \u00e7ok \u00e7ocu\u011fumuzun, mesela olumsuz bir \u015fekilde kendi g\u00f6r\u00fcnt\u00fclerini ba\u015fka ki\u015filere g\u00f6nderdiklerini duyuyoruz. Normalde bunun \u00e7ok ciddi sorunlar olu\u015fturabilece\u011fini alg\u0131lamas\u0131 gerekiyor ama belli bir ya\u015ftan \u00f6nce alg\u0131lama yetenekleri geli\u015fmedi\u011fi i\u00e7in bunlar\u0131 g\u00f6nderebiliyorlar&#8221; dedi.<\/p>\n<p>&#8220;Sosyal medya hesab\u0131n\u0131 a\u00e7\u0131p \u00f6n\u00fcne b\u00fct\u00fcn d\u00fcnyam\u0131z\u0131 koymam\u0131z do\u011fru de\u011fildir&#8221;<br \/>\nProf. Dr. Ak\u00e7a, sosyal medya kullan\u0131m\u0131n\u0131n \u00e7ocuklar i\u00e7in k\u0131s\u0131tlanmas\u0131 gerekti\u011fini belirterek, &#8220;\u00c7ocuklar\u0131m\u0131z\u0131n mutlaka sosyal medya ileti\u015fimi esnas\u0131nda bir ya\u015f s\u0131n\u0131rlamas\u0131n\u0131n olmas\u0131 gerekir. Belli bir ya\u015ftan \u00f6nce \u00e7ocuklar\u0131m\u0131z\u0131n sosyal medya ile tan\u0131\u015fmalar\u0131 do\u011fru de\u011fildir. Bu ya\u015f s\u0131n\u0131r\u0131 d\u00fcnyada genel olarak 16-18 olarak tarif edilebilir. Kabaca bir \u00e7ocu\u011fumuzu siz \u015fehirleraras\u0131 otogara b\u0131rak\u0131p tek ba\u015f\u0131na ba\u015fka bir \u015fehre gitmesine m\u00fcsaade etti\u011fimiz zaman sosyal medya hesab\u0131n\u0131n da a\u00e7\u0131lmas\u0131 gerekir. E\u011fer ki bunu yapabilece\u011fini d\u00fc\u015f\u00fcnemiyorsak \u00e7ocu\u011fumuzun sosyal medya hesab\u0131n\u0131 a\u00e7\u0131p \u00f6n\u00fcne b\u00fct\u00fcn d\u00fcnyam\u0131z\u0131 koymam\u0131z do\u011fru de\u011fildir&#8221; \u015feklinde konu\u015ftu.<\/p>\n<p>&#8220;Yava\u015f yava\u015f hayat\u0131n i\u00e7eresinde kontrol\u00fc bir \u015fekilde ak\u0131ll\u0131 telefonu vermek gerekir&#8221;<br \/>\nAk\u00e7a son olarak, \u00e7ocu\u011fun kendisine ait telefonun liseden sonra olmas\u0131 gerekti\u011fini hat\u0131rlatarak, &#8220;Bir \u00e7ocu\u011fun kendine ait ak\u0131ll\u0131 telefonu, ak\u0131ll\u0131 cihaz\u0131n\u0131n olmas\u0131 mutlaka lise hayat\u0131ndan sonra olmal\u0131. Ama bir taraftan da \u00e7ocu\u011fumuzun ortaokul s\u00fcrecinde sosyal medyaya maruz kalaca\u011f\u0131 d\u00f6nemlerde nelerle kar\u015f\u0131la\u015fabilece\u011fini \u00f6\u011fretmemiz gerekiyor. Hi\u00e7bir \u015fekilde telefon vermeyip lisede birden telefon verdi\u011fimizde ayn\u0131 s\u00fcre\u00e7leri ba\u015ftan g\u00f6r\u00fcyoruz. \u00c7ocuklar \u00e7ok k\u0131sa s\u00fcrede ba\u011f\u0131ml\u0131 olabilecek konumda oluyor. O y\u00fczden ortaokul s\u00fcrecince bu mecralarda nelerle kar\u015f\u0131la\u015faca\u011f\u0131n\u0131 anlat\u0131p bunlar zararl\u0131, bunlar tehlikelidir, \u015funlar faydal\u0131d\u0131r gibi bir e\u011fitim verdikten sonra yava\u015f yava\u015f hayat\u0131n i\u00e7eresinde kontrol\u00fc bir \u015fekilde ak\u0131ll\u0131 telefonu vermek gerekir&#8221; diye konu\u015ftu.<\/p>\n<p>3.04.2025<\/p>\n","protected":false},"excerpt":{"rendered":"<p>\u00c7ocukluk ve ergenlik d\u00f6neminde bireylerin sosyal medyada maruz kald\u0131\u011f\u0131 cinsel i\u00e7eriklerin gelecek ya\u015fant\u0131lar\u0131n\u0131 etkiledi\u011fini ifade eden uzmanlar, ortaokuldan \u00f6nce \u00e7ocuklar\u0131n sosyal medya hesaplar\u0131n\u0131n olmamas\u0131 gerekti\u011fini belirtti. \u00c7ocukluk ve ergenlik d\u00f6neminin \u00e7ocuklar i\u00e7in \u00e7ok \u00f6nemli ve geli\u015fimsel s\u00fcre\u00e7lerinin tam olarak tamamlanmad\u0131\u011f\u0131 d\u00f6nemler oldu\u011funu anlatan Necmettin Erbakan \u00dcniversitesi (NE\u00dc) T\u0131p Fak\u00fcltesi Dekan Yard\u0131mc\u0131s\u0131 ve \u00c7ocuk ve Ergen [&hellip;]<\/p>\n","protected":false},"author":1,"featured_media":4778,"comment_status":"open","ping_status":"open","sticky":false,"template":"","format":"standard","meta":{"footnotes":""},"categories":[1],"tags":[],"class_list":["post-4777","post","type-post","status-publish","format-standard","has-post-thumbnail","hentry","category-genel"],"yoast_head":"<!-- This site is optimized with the Yoast SEO plugin v27.4 - https:\/\/yoast.com\/product\/yoast-seo-wordpress\/ -->\n<title>\u00c7ocuklar\u0131n sosyal medyada maruz kald\u0131\u011f\u0131 cinsel i\u00e7erikler ilerdeki hayatlar\u0131n\u0131 etkiliyor - Memurun Sesi<\/title>\n<meta name=\"robots\" content=\"index, follow, max-snippet:-1, max-image-preview:large, max-video-preview:-1\" \/>\n<link rel=\"canonical\" href=\"https:\/\/memurunsesi.net\/index.php\/2025\/04\/03\/cocuklarin-sosyal-medyada-maruz-kaldigi-cinsel-icerikler-ilerdeki-hayatlarini-etkiliyor\/\" \/>\n<meta property=\"og:locale\" content=\"tr_TR\" \/>\n<meta property=\"og:type\" content=\"article\" \/>\n<meta property=\"og:title\" content=\"\u00c7ocuklar\u0131n sosyal medyada maruz kald\u0131\u011f\u0131 cinsel i\u00e7erikler ilerdeki hayatlar\u0131n\u0131 etkiliyor - Memurun Sesi\" \/>\n<meta property=\"og:description\" content=\"\u00c7ocukluk ve ergenlik d\u00f6neminde bireylerin sosyal medyada maruz kald\u0131\u011f\u0131 cinsel i\u00e7eriklerin gelecek ya\u015fant\u0131lar\u0131n\u0131 etkiledi\u011fini ifade eden uzmanlar, ortaokuldan \u00f6nce \u00e7ocuklar\u0131n sosyal medya hesaplar\u0131n\u0131n olmamas\u0131 gerekti\u011fini belirtti. \u00c7ocukluk ve ergenlik d\u00f6neminin \u00e7ocuklar i\u00e7in \u00e7ok \u00f6nemli ve geli\u015fimsel s\u00fcre\u00e7lerinin tam olarak tamamlanmad\u0131\u011f\u0131 d\u00f6nemler oldu\u011funu anlatan Necmettin Erbakan \u00dcniversitesi (NE\u00dc) T\u0131p Fak\u00fcltesi Dekan Yard\u0131mc\u0131s\u0131 ve \u00c7ocuk ve Ergen [&hellip;]\" \/>\n<meta property=\"og:url\" content=\"https:\/\/memurunsesi.net\/index.php\/2025\/04\/03\/cocuklarin-sosyal-medyada-maruz-kaldigi-cinsel-icerikler-ilerdeki-hayatlarini-etkiliyor\/\" \/>\n<meta property=\"og:site_name\" content=\"Memurun Sesi\" \/>\n<meta property=\"article:publisher\" content=\"https:\/\/www.facebook.com\/unipersen\/?locale=tr_TR\" \/>\n<meta property=\"article:published_time\" content=\"2025-04-03T06:40:06+00:00\" \/>\n<meta property=\"og:image\" content=\"https:\/\/memurunsesi.net\/wp-content\/uploads\/2025\/04\/AW425159_01-scaled.jpg\" \/>\n\t<meta property=\"og:image:width\" content=\"2560\" \/>\n\t<meta property=\"og:image:height\" content=\"1707\" \/>\n\t<meta property=\"og:image:type\" content=\"image\/jpeg\" \/>\n<meta name=\"author\" content=\"Memurun Sesi Haber Merkezi\" \/>\n<meta name=\"twitter:card\" content=\"summary_large_image\" \/>\n<meta name=\"twitter:creator\" content=\"@unipersen\" \/>\n<meta name=\"twitter:site\" content=\"@unipersen\" \/>\n<meta name=\"twitter:label1\" content=\"Yazan:\" \/>\n\t<meta name=\"twitter:data1\" content=\"Memurun Sesi Haber Merkezi\" \/>\n\t<meta name=\"twitter:label2\" content=\"Tahmini okuma s\u00fcresi\" \/>\n\t<meta name=\"twitter:data2\" content=\"3 dakika\" \/>\n<script type=\"application\/ld+json\" class=\"yoast-schema-graph\">{\"@context\":\"https:\\\/\\\/schema.org\",\"@graph\":[{\"@type\":\"Article\",\"@id\":\"https:\\\/\\\/memurunsesi.net\\\/index.php\\\/2025\\\/04\\\/03\\\/cocuklarin-sosyal-medyada-maruz-kaldigi-cinsel-icerikler-ilerdeki-hayatlarini-etkiliyor\\\/#article\",\"isPartOf\":{\"@id\":\"https:\\\/\\\/memurunsesi.net\\\/index.php\\\/2025\\\/04\\\/03\\\/cocuklarin-sosyal-medyada-maruz-kaldigi-cinsel-icerikler-ilerdeki-hayatlarini-etkiliyor\\\/\"},\"author\":{\"name\":\"Memurun Sesi Haber Merkezi\",\"@id\":\"https:\\\/\\\/memurunsesi.net\\\/#\\\/schema\\\/person\\\/f21c2d73b89f6ee1d80b0a1803e38587\"},\"headline\":\"\u00c7ocuklar\u0131n sosyal medyada maruz kald\u0131\u011f\u0131 cinsel i\u00e7erikler ilerdeki hayatlar\u0131n\u0131 etkiliyor\",\"datePublished\":\"2025-04-03T06:40:06+00:00\",\"mainEntityOfPage\":{\"@id\":\"https:\\\/\\\/memurunsesi.net\\\/index.php\\\/2025\\\/04\\\/03\\\/cocuklarin-sosyal-medyada-maruz-kaldigi-cinsel-icerikler-ilerdeki-hayatlarini-etkiliyor\\\/\"},\"wordCount\":682,\"commentCount\":0,\"publisher\":{\"@id\":\"https:\\\/\\\/memurunsesi.net\\\/#organization\"},\"image\":{\"@id\":\"https:\\\/\\\/memurunsesi.net\\\/index.php\\\/2025\\\/04\\\/03\\\/cocuklarin-sosyal-medyada-maruz-kaldigi-cinsel-icerikler-ilerdeki-hayatlarini-etkiliyor\\\/#primaryimage\"},\"thumbnailUrl\":\"https:\\\/\\\/memurunsesi.net\\\/wp-content\\\/uploads\\\/2025\\\/04\\\/AW425159_01-scaled.jpg\",\"inLanguage\":\"tr\",\"potentialAction\":[{\"@type\":\"CommentAction\",\"name\":\"Comment\",\"target\":[\"https:\\\/\\\/memurunsesi.net\\\/index.php\\\/2025\\\/04\\\/03\\\/cocuklarin-sosyal-medyada-maruz-kaldigi-cinsel-icerikler-ilerdeki-hayatlarini-etkiliyor\\\/#respond\"]}]},{\"@type\":\"WebPage\",\"@id\":\"https:\\\/\\\/memurunsesi.net\\\/index.php\\\/2025\\\/04\\\/03\\\/cocuklarin-sosyal-medyada-maruz-kaldigi-cinsel-icerikler-ilerdeki-hayatlarini-etkiliyor\\\/\",\"url\":\"https:\\\/\\\/memurunsesi.net\\\/index.php\\\/2025\\\/04\\\/03\\\/cocuklarin-sosyal-medyada-maruz-kaldigi-cinsel-icerikler-ilerdeki-hayatlarini-etkiliyor\\\/\",\"name\":\"\u00c7ocuklar\u0131n sosyal medyada maruz kald\u0131\u011f\u0131 cinsel i\u00e7erikler ilerdeki hayatlar\u0131n\u0131 etkiliyor - Memurun Sesi\",\"isPartOf\":{\"@id\":\"https:\\\/\\\/memurunsesi.net\\\/#website\"},\"primaryImageOfPage\":{\"@id\":\"https:\\\/\\\/memurunsesi.net\\\/index.php\\\/2025\\\/04\\\/03\\\/cocuklarin-sosyal-medyada-maruz-kaldigi-cinsel-icerikler-ilerdeki-hayatlarini-etkiliyor\\\/#primaryimage\"},\"image\":{\"@id\":\"https:\\\/\\\/memurunsesi.net\\\/index.php\\\/2025\\\/04\\\/03\\\/cocuklarin-sosyal-medyada-maruz-kaldigi-cinsel-icerikler-ilerdeki-hayatlarini-etkiliyor\\\/#primaryimage\"},\"thumbnailUrl\":\"https:\\\/\\\/memurunsesi.net\\\/wp-content\\\/uploads\\\/2025\\\/04\\\/AW425159_01-scaled.jpg\",\"datePublished\":\"2025-04-03T06:40:06+00:00\",\"breadcrumb\":{\"@id\":\"https:\\\/\\\/memurunsesi.net\\\/index.php\\\/2025\\\/04\\\/03\\\/cocuklarin-sosyal-medyada-maruz-kaldigi-cinsel-icerikler-ilerdeki-hayatlarini-etkiliyor\\\/#breadcrumb\"},\"inLanguage\":\"tr\",\"potentialAction\":[{\"@type\":\"ReadAction\",\"target\":[\"https:\\\/\\\/memurunsesi.net\\\/index.php\\\/2025\\\/04\\\/03\\\/cocuklarin-sosyal-medyada-maruz-kaldigi-cinsel-icerikler-ilerdeki-hayatlarini-etkiliyor\\\/\"]}]},{\"@type\":\"ImageObject\",\"inLanguage\":\"tr\",\"@id\":\"https:\\\/\\\/memurunsesi.net\\\/index.php\\\/2025\\\/04\\\/03\\\/cocuklarin-sosyal-medyada-maruz-kaldigi-cinsel-icerikler-ilerdeki-hayatlarini-etkiliyor\\\/#primaryimage\",\"url\":\"https:\\\/\\\/memurunsesi.net\\\/wp-content\\\/uploads\\\/2025\\\/04\\\/AW425159_01-scaled.jpg\",\"contentUrl\":\"https:\\\/\\\/memurunsesi.net\\\/wp-content\\\/uploads\\\/2025\\\/04\\\/AW425159_01-scaled.jpg\",\"width\":2560,\"height\":1707},{\"@type\":\"BreadcrumbList\",\"@id\":\"https:\\\/\\\/memurunsesi.net\\\/index.php\\\/2025\\\/04\\\/03\\\/cocuklarin-sosyal-medyada-maruz-kaldigi-cinsel-icerikler-ilerdeki-hayatlarini-etkiliyor\\\/#breadcrumb\",\"itemListElement\":[{\"@type\":\"ListItem\",\"position\":1,\"name\":\"Anasayfa\",\"item\":\"https:\\\/\\\/memurunsesi.net\\\/\"},{\"@type\":\"ListItem\",\"position\":2,\"name\":\"\u00c7ocuklar\u0131n sosyal medyada maruz kald\u0131\u011f\u0131 cinsel i\u00e7erikler ilerdeki hayatlar\u0131n\u0131 etkiliyor\"}]},{\"@type\":\"WebSite\",\"@id\":\"https:\\\/\\\/memurunsesi.net\\\/#website\",\"url\":\"https:\\\/\\\/memurunsesi.net\\\/\",\"name\":\"Memurun Sesi\",\"description\":\"G\u00fcncel ve Do\u011fru Haber\",\"publisher\":{\"@id\":\"https:\\\/\\\/memurunsesi.net\\\/#organization\"},\"potentialAction\":[{\"@type\":\"SearchAction\",\"target\":{\"@type\":\"EntryPoint\",\"urlTemplate\":\"https:\\\/\\\/memurunsesi.net\\\/?s={search_term_string}\"},\"query-input\":{\"@type\":\"PropertyValueSpecification\",\"valueRequired\":true,\"valueName\":\"search_term_string\"}}],\"inLanguage\":\"tr\"},{\"@type\":\"Organization\",\"@id\":\"https:\\\/\\\/memurunsesi.net\\\/#organization\",\"name\":\"Memurun Sesi\",\"url\":\"https:\\\/\\\/memurunsesi.net\\\/\",\"logo\":{\"@type\":\"ImageObject\",\"inLanguage\":\"tr\",\"@id\":\"https:\\\/\\\/memurunsesi.net\\\/#\\\/schema\\\/logo\\\/image\\\/\",\"url\":\"https:\\\/\\\/memurunsesi.net\\\/wp-content\\\/uploads\\\/2025\\\/11\\\/cropped-MEMURUN-SESI.png\",\"contentUrl\":\"https:\\\/\\\/memurunsesi.net\\\/wp-content\\\/uploads\\\/2025\\\/11\\\/cropped-MEMURUN-SESI.png\",\"width\":238,\"height\":57,\"caption\":\"Memurun Sesi\"},\"image\":{\"@id\":\"https:\\\/\\\/memurunsesi.net\\\/#\\\/schema\\\/logo\\\/image\\\/\"},\"sameAs\":[\"https:\\\/\\\/www.facebook.com\\\/unipersen\\\/?locale=tr_TR\",\"https:\\\/\\\/x.com\\\/unipersen\"]},{\"@type\":\"Person\",\"@id\":\"https:\\\/\\\/memurunsesi.net\\\/#\\\/schema\\\/person\\\/f21c2d73b89f6ee1d80b0a1803e38587\",\"name\":\"Memurun Sesi Haber Merkezi\",\"image\":{\"@type\":\"ImageObject\",\"inLanguage\":\"tr\",\"@id\":\"https:\\\/\\\/secure.gravatar.com\\\/avatar\\\/6cf0505f452ee753f485014986fab09a434671d2b919ee76fc541025c5876a70?s=96&d=mm&r=g\",\"url\":\"https:\\\/\\\/secure.gravatar.com\\\/avatar\\\/6cf0505f452ee753f485014986fab09a434671d2b919ee76fc541025c5876a70?s=96&d=mm&r=g\",\"contentUrl\":\"https:\\\/\\\/secure.gravatar.com\\\/avatar\\\/6cf0505f452ee753f485014986fab09a434671d2b919ee76fc541025c5876a70?s=96&d=mm&r=g\",\"caption\":\"Memurun Sesi Haber Merkezi\"},\"sameAs\":[\"https:\\\/\\\/memurunsesi.net\"],\"url\":\"https:\\\/\\\/memurunsesi.net\\\/index.php\\\/author\\\/uniper\\\/\"}]}<\/script>\n<!-- \/ Yoast SEO plugin. -->","yoast_head_json":{"title":"\u00c7ocuklar\u0131n sosyal medyada maruz kald\u0131\u011f\u0131 cinsel i\u00e7erikler ilerdeki hayatlar\u0131n\u0131 etkiliyor - Memurun Sesi","robots":{"index":"index","follow":"follow","max-snippet":"max-snippet:-1","max-image-preview":"max-image-preview:large","max-video-preview":"max-video-preview:-1"},"canonical":"https:\/\/memurunsesi.net\/index.php\/2025\/04\/03\/cocuklarin-sosyal-medyada-maruz-kaldigi-cinsel-icerikler-ilerdeki-hayatlarini-etkiliyor\/","og_locale":"tr_TR","og_type":"article","og_title":"\u00c7ocuklar\u0131n sosyal medyada maruz kald\u0131\u011f\u0131 cinsel i\u00e7erikler ilerdeki hayatlar\u0131n\u0131 etkiliyor - Memurun Sesi","og_description":"\u00c7ocukluk ve ergenlik d\u00f6neminde bireylerin sosyal medyada maruz kald\u0131\u011f\u0131 cinsel i\u00e7eriklerin gelecek ya\u015fant\u0131lar\u0131n\u0131 etkiledi\u011fini ifade eden uzmanlar, ortaokuldan \u00f6nce \u00e7ocuklar\u0131n sosyal medya hesaplar\u0131n\u0131n olmamas\u0131 gerekti\u011fini belirtti. \u00c7ocukluk ve ergenlik d\u00f6neminin \u00e7ocuklar i\u00e7in \u00e7ok \u00f6nemli ve geli\u015fimsel s\u00fcre\u00e7lerinin tam olarak tamamlanmad\u0131\u011f\u0131 d\u00f6nemler oldu\u011funu anlatan Necmettin Erbakan \u00dcniversitesi (NE\u00dc) T\u0131p Fak\u00fcltesi Dekan Yard\u0131mc\u0131s\u0131 ve \u00c7ocuk ve Ergen [&hellip;]","og_url":"https:\/\/memurunsesi.net\/index.php\/2025\/04\/03\/cocuklarin-sosyal-medyada-maruz-kaldigi-cinsel-icerikler-ilerdeki-hayatlarini-etkiliyor\/","og_site_name":"Memurun Sesi","article_publisher":"https:\/\/www.facebook.com\/unipersen\/?locale=tr_TR","article_published_time":"2025-04-03T06:40:06+00:00","og_image":[{"width":2560,"height":1707,"url":"https:\/\/memurunsesi.net\/wp-content\/uploads\/2025\/04\/AW425159_01-scaled.jpg","type":"image\/jpeg"}],"author":"Memurun Sesi Haber Merkezi","twitter_card":"summary_large_image","twitter_creator":"@unipersen","twitter_site":"@unipersen","twitter_misc":{"Yazan:":"Memurun Sesi Haber Merkezi","Tahmini okuma s\u00fcresi":"3 dakika"},"schema":{"@context":"https:\/\/schema.org","@graph":[{"@type":"Article","@id":"https:\/\/memurunsesi.net\/index.php\/2025\/04\/03\/cocuklarin-sosyal-medyada-maruz-kaldigi-cinsel-icerikler-ilerdeki-hayatlarini-etkiliyor\/#article","isPartOf":{"@id":"https:\/\/memurunsesi.net\/index.php\/2025\/04\/03\/cocuklarin-sosyal-medyada-maruz-kaldigi-cinsel-icerikler-ilerdeki-hayatlarini-etkiliyor\/"},"author":{"name":"Memurun Sesi Haber Merkezi","@id":"https:\/\/memurunsesi.net\/#\/schema\/person\/f21c2d73b89f6ee1d80b0a1803e38587"},"headline":"\u00c7ocuklar\u0131n sosyal medyada maruz kald\u0131\u011f\u0131 cinsel i\u00e7erikler ilerdeki hayatlar\u0131n\u0131 etkiliyor","datePublished":"2025-04-03T06:40:06+00:00","mainEntityOfPage":{"@id":"https:\/\/memurunsesi.net\/index.php\/2025\/04\/03\/cocuklarin-sosyal-medyada-maruz-kaldigi-cinsel-icerikler-ilerdeki-hayatlarini-etkiliyor\/"},"wordCount":682,"commentCount":0,"publisher":{"@id":"https:\/\/memurunsesi.net\/#organization"},"image":{"@id":"https:\/\/memurunsesi.net\/index.php\/2025\/04\/03\/cocuklarin-sosyal-medyada-maruz-kaldigi-cinsel-icerikler-ilerdeki-hayatlarini-etkiliyor\/#primaryimage"},"thumbnailUrl":"https:\/\/memurunsesi.net\/wp-content\/uploads\/2025\/04\/AW425159_01-scaled.jpg","inLanguage":"tr","potentialAction":[{"@type":"CommentAction","name":"Comment","target":["https:\/\/memurunsesi.net\/index.php\/2025\/04\/03\/cocuklarin-sosyal-medyada-maruz-kaldigi-cinsel-icerikler-ilerdeki-hayatlarini-etkiliyor\/#respond"]}]},{"@type":"WebPage","@id":"https:\/\/memurunsesi.net\/index.php\/2025\/04\/03\/cocuklarin-sosyal-medyada-maruz-kaldigi-cinsel-icerikler-ilerdeki-hayatlarini-etkiliyor\/","url":"https:\/\/memurunsesi.net\/index.php\/2025\/04\/03\/cocuklarin-sosyal-medyada-maruz-kaldigi-cinsel-icerikler-ilerdeki-hayatlarini-etkiliyor\/","name":"\u00c7ocuklar\u0131n sosyal medyada maruz kald\u0131\u011f\u0131 cinsel i\u00e7erikler ilerdeki hayatlar\u0131n\u0131 etkiliyor - Memurun Sesi","isPartOf":{"@id":"https:\/\/memurunsesi.net\/#website"},"primaryImageOfPage":{"@id":"https:\/\/memurunsesi.net\/index.php\/2025\/04\/03\/cocuklarin-sosyal-medyada-maruz-kaldigi-cinsel-icerikler-ilerdeki-hayatlarini-etkiliyor\/#primaryimage"},"image":{"@id":"https:\/\/memurunsesi.net\/index.php\/2025\/04\/03\/cocuklarin-sosyal-medyada-maruz-kaldigi-cinsel-icerikler-ilerdeki-hayatlarini-etkiliyor\/#primaryimage"},"thumbnailUrl":"https:\/\/memurunsesi.net\/wp-content\/uploads\/2025\/04\/AW425159_01-scaled.jpg","datePublished":"2025-04-03T06:40:06+00:00","breadcrumb":{"@id":"https:\/\/memurunsesi.net\/index.php\/2025\/04\/03\/cocuklarin-sosyal-medyada-maruz-kaldigi-cinsel-icerikler-ilerdeki-hayatlarini-etkiliyor\/#breadcrumb"},"inLanguage":"tr","potentialAction":[{"@type":"ReadAction","target":["https:\/\/memurunsesi.net\/index.php\/2025\/04\/03\/cocuklarin-sosyal-medyada-maruz-kaldigi-cinsel-icerikler-ilerdeki-hayatlarini-etkiliyor\/"]}]},{"@type":"ImageObject","inLanguage":"tr","@id":"https:\/\/memurunsesi.net\/index.php\/2025\/04\/03\/cocuklarin-sosyal-medyada-maruz-kaldigi-cinsel-icerikler-ilerdeki-hayatlarini-etkiliyor\/#primaryimage","url":"https:\/\/memurunsesi.net\/wp-content\/uploads\/2025\/04\/AW425159_01-scaled.jpg","contentUrl":"https:\/\/memurunsesi.net\/wp-content\/uploads\/2025\/04\/AW425159_01-scaled.jpg","width":2560,"height":1707},{"@type":"BreadcrumbList","@id":"https:\/\/memurunsesi.net\/index.php\/2025\/04\/03\/cocuklarin-sosyal-medyada-maruz-kaldigi-cinsel-icerikler-ilerdeki-hayatlarini-etkiliyor\/#breadcrumb","itemListElement":[{"@type":"ListItem","position":1,"name":"Anasayfa","item":"https:\/\/memurunsesi.net\/"},{"@type":"ListItem","position":2,"name":"\u00c7ocuklar\u0131n sosyal medyada maruz kald\u0131\u011f\u0131 cinsel i\u00e7erikler ilerdeki hayatlar\u0131n\u0131 etkiliyor"}]},{"@type":"WebSite","@id":"https:\/\/memurunsesi.net\/#website","url":"https:\/\/memurunsesi.net\/","name":"Memurun Sesi","description":"G\u00fcncel ve Do\u011fru Haber","publisher":{"@id":"https:\/\/memurunsesi.net\/#organization"},"potentialAction":[{"@type":"SearchAction","target":{"@type":"EntryPoint","urlTemplate":"https:\/\/memurunsesi.net\/?s={search_term_string}"},"query-input":{"@type":"PropertyValueSpecification","valueRequired":true,"valueName":"search_term_string"}}],"inLanguage":"tr"},{"@type":"Organization","@id":"https:\/\/memurunsesi.net\/#organization","name":"Memurun Sesi","url":"https:\/\/memurunsesi.net\/","logo":{"@type":"ImageObject","inLanguage":"tr","@id":"https:\/\/memurunsesi.net\/#\/schema\/logo\/image\/","url":"https:\/\/memurunsesi.net\/wp-content\/uploads\/2025\/11\/cropped-MEMURUN-SESI.png","contentUrl":"https:\/\/memurunsesi.net\/wp-content\/uploads\/2025\/11\/cropped-MEMURUN-SESI.png","width":238,"height":57,"caption":"Memurun Sesi"},"image":{"@id":"https:\/\/memurunsesi.net\/#\/schema\/logo\/image\/"},"sameAs":["https:\/\/www.facebook.com\/unipersen\/?locale=tr_TR","https:\/\/x.com\/unipersen"]},{"@type":"Person","@id":"https:\/\/memurunsesi.net\/#\/schema\/person\/f21c2d73b89f6ee1d80b0a1803e38587","name":"Memurun Sesi Haber Merkezi","image":{"@type":"ImageObject","inLanguage":"tr","@id":"https:\/\/secure.gravatar.com\/avatar\/6cf0505f452ee753f485014986fab09a434671d2b919ee76fc541025c5876a70?s=96&d=mm&r=g","url":"https:\/\/secure.gravatar.com\/avatar\/6cf0505f452ee753f485014986fab09a434671d2b919ee76fc541025c5876a70?s=96&d=mm&r=g","contentUrl":"https:\/\/secure.gravatar.com\/avatar\/6cf0505f452ee753f485014986fab09a434671d2b919ee76fc541025c5876a70?s=96&d=mm&r=g","caption":"Memurun Sesi Haber Merkezi"},"sameAs":["https:\/\/memurunsesi.net"],"url":"https:\/\/memurunsesi.net\/index.php\/author\/uniper\/"}]}},"_links":{"self":[{"href":"https:\/\/memurunsesi.net\/index.php\/wp-json\/wp\/v2\/posts\/4777","targetHints":{"allow":["GET"]}}],"collection":[{"href":"https:\/\/memurunsesi.net\/index.php\/wp-json\/wp\/v2\/posts"}],"about":[{"href":"https:\/\/memurunsesi.net\/index.php\/wp-json\/wp\/v2\/types\/post"}],"author":[{"embeddable":true,"href":"https:\/\/memurunsesi.net\/index.php\/wp-json\/wp\/v2\/users\/1"}],"replies":[{"embeddable":true,"href":"https:\/\/memurunsesi.net\/index.php\/wp-json\/wp\/v2\/comments?post=4777"}],"version-history":[{"count":1,"href":"https:\/\/memurunsesi.net\/index.php\/wp-json\/wp\/v2\/posts\/4777\/revisions"}],"predecessor-version":[{"id":4779,"href":"https:\/\/memurunsesi.net\/index.php\/wp-json\/wp\/v2\/posts\/4777\/revisions\/4779"}],"wp:featuredmedia":[{"embeddable":true,"href":"https:\/\/memurunsesi.net\/index.php\/wp-json\/wp\/v2\/media\/4778"}],"wp:attachment":[{"href":"https:\/\/memurunsesi.net\/index.php\/wp-json\/wp\/v2\/media?parent=4777"}],"wp:term":[{"taxonomy":"category","embeddable":true,"href":"https:\/\/memurunsesi.net\/index.php\/wp-json\/wp\/v2\/categories?post=4777"},{"taxonomy":"post_tag","embeddable":true,"href":"https:\/\/memurunsesi.net\/index.php\/wp-json\/wp\/v2\/tags?post=4777"}],"curies":[{"name":"wp","href":"https:\/\/api.w.org\/{rel}","templated":true}]}}