{"id":4782,"date":"2025-04-04T09:05:58","date_gmt":"2025-04-04T06:05:58","guid":{"rendered":"https:\/\/memurunsesi.net\/?p=4782"},"modified":"2025-04-04T09:05:58","modified_gmt":"2025-04-04T06:05:58","slug":"koray-gunter-takim-adina-gurur-duyuyorum","status":"publish","type":"post","link":"https:\/\/memurunsesi.net\/index.php\/2025\/04\/04\/koray-gunter-takim-adina-gurur-duyuyorum\/","title":{"rendered":"Koray G\u00fcnter Tak\u0131m ad\u0131na gurur duyuyorum"},"content":{"rendered":"<p>G\u00fcnter: \u00d6n\u00fcm\u00fczdeki turda da elimizden geleni yapaca\u011f\u0131z<br \/>\nG\u00f6ztepe\u2019nin deneyimli defans\u0131 Koray G\u00fcnter, 3-1 yenerek yar\u0131 finale y\u00fckseldikleri Be\u015fikta\u015f ma\u00e7\u0131n\u0131n ard\u0131ndan yapt\u0131\u011f\u0131 a\u00e7\u0131klamada, sezon ba\u015f\u0131ndan beri Avrupa kupalar\u0131n\u0131 hedeflediklerini ve bug\u00fcnk\u00fc galibiyetten dolay\u0131 gurur duydu\u011funu belirtti.<br \/>\nZiraat T\u00fcrkiye Kupas\u0131 \u00e7eyrek final m\u00fcsabakas\u0131nda G\u00f6ztepe, deplasmanda kar\u015f\u0131la\u015ft\u0131\u011f\u0131 Be\u015fikta\u015f\u2019\u0131 3-1 ma\u011flup ederek ad\u0131n\u0131 yar\u0131 finale yazd\u0131rd\u0131. Kar\u015f\u0131la\u015fman\u0131n ard\u0131ndan G\u00f6ztepe\u2019nin savunma oyuncusu Koray G\u00fcnter, bas\u0131n mensuplar\u0131na a\u00e7\u0131klamalarda bulundu. G\u00fcnter, &#8220;\u00c7ok \u00f6nemli bir galibiyet bizim i\u00e7in. Kupaya ba\u015flad\u0131\u011f\u0131m\u0131zdan beri hedefledik. Avrupa hayalimiz vard\u0131 sezon ba\u015f\u0131ndan beri. Her iki kulvarda da bunu ba\u015farmaya \u00e7al\u0131\u015f\u0131yoruz. En k\u0131sa yolun kupa oldu\u011funu biliyorduk. Bug\u00fcn \u00e7ok zorlu bir m\u00fccadeleydi. \u00d6zellikle k\u0131rm\u0131z\u0131 karta kadar \u00e7ok zorland\u0131k. Pozisyon \u00fcretmekte \u00e7ok zorland\u0131k. Be\u015fikta\u015f g\u00fczel bir m\u00fccadele ortaya koydu. \u00dcst d\u00fczey, kaliteli oyuncular\u0131 var. K\u0131rm\u0131z\u0131 karttan sonra oyun bizim y\u00f6n\u00fcm\u00fcze geldi. \u015eans\u0131m\u0131za da k\u0131rm\u0131z\u0131 kart pozisyonuyla gol\u00fc bulduk. Belki gol\u00fc biraz daha erken bulamasak daha \u00e7ok zorland\u0131k. \u0130kinci yar\u0131da basit oynayarak, risk almadan bask\u0131 kurmaya \u00e7al\u0131\u015ft\u0131k. Bunu ba\u015farabildik. \u0130kinci gol\u00fc yine de ge\u00e7 bulduk ama elimizden geleni yapt\u0131k. Tak\u0131m ad\u0131na gurur duydu\u011fumu s\u00f6yleyebilirim. Burada 10 ki\u015fi olsa da olmasa da kazanaca\u011f\u0131m\u0131z\u0131n garantisi yok. Mutluyuz, bug\u00fcn mutlu olal\u0131m. Yar\u0131ndan itibaren tekrar \u00f6n\u00fcm\u00fczdeki ma\u00e7\u0131 d\u00fc\u015f\u00fcnelim&#8221; ifadelerini kulland\u0131.<\/p>\n<p>&#8220;\u00d6n\u00fcm\u00fczdeki turda da elimizden geleni yapaca\u011f\u0131z&#8221;<br \/>\nKupada yar\u0131 finalde Trabzonspor ile e\u015fle\u015fmelerine dair de de\u011ferlendirme yapan tecr\u00fcbeli futbolcu, &#8220;D\u00fcn tabii ki biz de o m\u00fccadeleyi takip ettik. Kim olursa olsun bu saatten sonra, biz kazanmak istiyoruz. \u00d6n\u00fcm\u00fczdeki turda da elimizden geleni yapaca\u011f\u0131z. Oraya daha var. \u00d6n\u00fcm\u00fczdeki ma\u00e7\u0131 d\u00fc\u015f\u00fcnelim. \u00c7\u00fcnk\u00fc lig de daha var. Ona g\u00f6re haz\u0131rlan\u0131r\u0131z in\u015fallah ve s\u0131ra Trabzon\u2019a geldi\u011finde onu da de\u011ferlendiririz&#8221; diye konu\u015ftu.<\/p>\n<p>4.04.2025<\/p>\n","protected":false},"excerpt":{"rendered":"<p>G\u00fcnter: \u00d6n\u00fcm\u00fczdeki turda da elimizden geleni yapaca\u011f\u0131z G\u00f6ztepe\u2019nin deneyimli defans\u0131 Koray G\u00fcnter, 3-1 yenerek yar\u0131 finale y\u00fckseldikleri Be\u015fikta\u015f ma\u00e7\u0131n\u0131n ard\u0131ndan yapt\u0131\u011f\u0131 a\u00e7\u0131klamada, sezon ba\u015f\u0131ndan beri Avrupa kupalar\u0131n\u0131 hedeflediklerini ve bug\u00fcnk\u00fc galibiyetten dolay\u0131 gurur duydu\u011funu belirtti. Ziraat T\u00fcrkiye Kupas\u0131 \u00e7eyrek final m\u00fcsabakas\u0131nda G\u00f6ztepe, deplasmanda kar\u015f\u0131la\u015ft\u0131\u011f\u0131 Be\u015fikta\u015f\u2019\u0131 3-1 ma\u011flup ederek ad\u0131n\u0131 yar\u0131 finale yazd\u0131rd\u0131. Kar\u015f\u0131la\u015fman\u0131n ard\u0131ndan G\u00f6ztepe\u2019nin [&hellip;]<\/p>\n","protected":false},"author":1,"featured_media":0,"comment_status":"open","ping_status":"open","sticky":false,"template":"","format":"standard","meta":{"footnotes":""},"categories":[57],"tags":[],"class_list":["post-4782","post","type-post","status-publish","format-standard","hentry","category-spor"],"yoast_head":"<!-- This site is optimized with the Yoast SEO plugin v27.4 - https:\/\/yoast.com\/product\/yoast-seo-wordpress\/ -->\n<title>Koray G\u00fcnter Tak\u0131m ad\u0131na gurur duyuyorum - Memurun Sesi<\/title>\n<meta name=\"robots\" content=\"index, follow, max-snippet:-1, max-image-preview:large, max-video-preview:-1\" \/>\n<link rel=\"canonical\" href=\"https:\/\/memurunsesi.net\/index.php\/2025\/04\/04\/koray-gunter-takim-adina-gurur-duyuyorum\/\" \/>\n<meta property=\"og:locale\" content=\"tr_TR\" \/>\n<meta property=\"og:type\" content=\"article\" \/>\n<meta property=\"og:title\" content=\"Koray G\u00fcnter Tak\u0131m ad\u0131na gurur duyuyorum - Memurun Sesi\" \/>\n<meta property=\"og:description\" content=\"G\u00fcnter: \u00d6n\u00fcm\u00fczdeki turda da elimizden geleni yapaca\u011f\u0131z G\u00f6ztepe\u2019nin deneyimli defans\u0131 Koray G\u00fcnter, 3-1 yenerek yar\u0131 finale y\u00fckseldikleri Be\u015fikta\u015f ma\u00e7\u0131n\u0131n ard\u0131ndan yapt\u0131\u011f\u0131 a\u00e7\u0131klamada, sezon ba\u015f\u0131ndan beri Avrupa kupalar\u0131n\u0131 hedeflediklerini ve bug\u00fcnk\u00fc galibiyetten dolay\u0131 gurur duydu\u011funu belirtti. Ziraat T\u00fcrkiye Kupas\u0131 \u00e7eyrek final m\u00fcsabakas\u0131nda G\u00f6ztepe, deplasmanda kar\u015f\u0131la\u015ft\u0131\u011f\u0131 Be\u015fikta\u015f\u2019\u0131 3-1 ma\u011flup ederek ad\u0131n\u0131 yar\u0131 finale yazd\u0131rd\u0131. Kar\u015f\u0131la\u015fman\u0131n ard\u0131ndan G\u00f6ztepe\u2019nin [&hellip;]\" \/>\n<meta property=\"og:url\" content=\"https:\/\/memurunsesi.net\/index.php\/2025\/04\/04\/koray-gunter-takim-adina-gurur-duyuyorum\/\" \/>\n<meta property=\"og:site_name\" content=\"Memurun Sesi\" \/>\n<meta property=\"article:publisher\" content=\"https:\/\/www.facebook.com\/unipersen\/?locale=tr_TR\" \/>\n<meta property=\"article:published_time\" content=\"2025-04-04T06:05:58+00:00\" \/>\n<meta name=\"author\" content=\"Memurun Sesi Haber Merkezi\" \/>\n<meta name=\"twitter:card\" content=\"summary_large_image\" \/>\n<meta name=\"twitter:creator\" content=\"@unipersen\" \/>\n<meta name=\"twitter:site\" content=\"@unipersen\" \/>\n<meta name=\"twitter:label1\" content=\"Yazan:\" \/>\n\t<meta name=\"twitter:data1\" content=\"Memurun Sesi Haber Merkezi\" \/>\n\t<meta name=\"twitter:label2\" content=\"Tahmini okuma s\u00fcresi\" \/>\n\t<meta name=\"twitter:data2\" content=\"2 dakika\" \/>\n<script type=\"application\/ld+json\" class=\"yoast-schema-graph\">{\"@context\":\"https:\\\/\\\/schema.org\",\"@graph\":[{\"@type\":\"Article\",\"@id\":\"https:\\\/\\\/memurunsesi.net\\\/index.php\\\/2025\\\/04\\\/04\\\/koray-gunter-takim-adina-gurur-duyuyorum\\\/#article\",\"isPartOf\":{\"@id\":\"https:\\\/\\\/memurunsesi.net\\\/index.php\\\/2025\\\/04\\\/04\\\/koray-gunter-takim-adina-gurur-duyuyorum\\\/\"},\"author\":{\"name\":\"Memurun Sesi Haber Merkezi\",\"@id\":\"https:\\\/\\\/memurunsesi.net\\\/#\\\/schema\\\/person\\\/f21c2d73b89f6ee1d80b0a1803e38587\"},\"headline\":\"Koray G\u00fcnter Tak\u0131m ad\u0131na gurur duyuyorum\",\"datePublished\":\"2025-04-04T06:05:58+00:00\",\"mainEntityOfPage\":{\"@id\":\"https:\\\/\\\/memurunsesi.net\\\/index.php\\\/2025\\\/04\\\/04\\\/koray-gunter-takim-adina-gurur-duyuyorum\\\/\"},\"wordCount\":375,\"commentCount\":0,\"publisher\":{\"@id\":\"https:\\\/\\\/memurunsesi.net\\\/#organization\"},\"articleSection\":[\"Spor\"],\"inLanguage\":\"tr\",\"potentialAction\":[{\"@type\":\"CommentAction\",\"name\":\"Comment\",\"target\":[\"https:\\\/\\\/memurunsesi.net\\\/index.php\\\/2025\\\/04\\\/04\\\/koray-gunter-takim-adina-gurur-duyuyorum\\\/#respond\"]}]},{\"@type\":\"WebPage\",\"@id\":\"https:\\\/\\\/memurunsesi.net\\\/index.php\\\/2025\\\/04\\\/04\\\/koray-gunter-takim-adina-gurur-duyuyorum\\\/\",\"url\":\"https:\\\/\\\/memurunsesi.net\\\/index.php\\\/2025\\\/04\\\/04\\\/koray-gunter-takim-adina-gurur-duyuyorum\\\/\",\"name\":\"Koray G\u00fcnter Tak\u0131m ad\u0131na gurur duyuyorum - Memurun Sesi\",\"isPartOf\":{\"@id\":\"https:\\\/\\\/memurunsesi.net\\\/#website\"},\"datePublished\":\"2025-04-04T06:05:58+00:00\",\"breadcrumb\":{\"@id\":\"https:\\\/\\\/memurunsesi.net\\\/index.php\\\/2025\\\/04\\\/04\\\/koray-gunter-takim-adina-gurur-duyuyorum\\\/#breadcrumb\"},\"inLanguage\":\"tr\",\"potentialAction\":[{\"@type\":\"ReadAction\",\"target\":[\"https:\\\/\\\/memurunsesi.net\\\/index.php\\\/2025\\\/04\\\/04\\\/koray-gunter-takim-adina-gurur-duyuyorum\\\/\"]}]},{\"@type\":\"BreadcrumbList\",\"@id\":\"https:\\\/\\\/memurunsesi.net\\\/index.php\\\/2025\\\/04\\\/04\\\/koray-gunter-takim-adina-gurur-duyuyorum\\\/#breadcrumb\",\"itemListElement\":[{\"@type\":\"ListItem\",\"position\":1,\"name\":\"Anasayfa\",\"item\":\"https:\\\/\\\/memurunsesi.net\\\/\"},{\"@type\":\"ListItem\",\"position\":2,\"name\":\"Koray G\u00fcnter Tak\u0131m ad\u0131na gurur duyuyorum\"}]},{\"@type\":\"WebSite\",\"@id\":\"https:\\\/\\\/memurunsesi.net\\\/#website\",\"url\":\"https:\\\/\\\/memurunsesi.net\\\/\",\"name\":\"Memurun Sesi\",\"description\":\"G\u00fcncel ve Do\u011fru Haber\",\"publisher\":{\"@id\":\"https:\\\/\\\/memurunsesi.net\\\/#organization\"},\"potentialAction\":[{\"@type\":\"SearchAction\",\"target\":{\"@type\":\"EntryPoint\",\"urlTemplate\":\"https:\\\/\\\/memurunsesi.net\\\/?s={search_term_string}\"},\"query-input\":{\"@type\":\"PropertyValueSpecification\",\"valueRequired\":true,\"valueName\":\"search_term_string\"}}],\"inLanguage\":\"tr\"},{\"@type\":\"Organization\",\"@id\":\"https:\\\/\\\/memurunsesi.net\\\/#organization\",\"name\":\"Memurun Sesi\",\"url\":\"https:\\\/\\\/memurunsesi.net\\\/\",\"logo\":{\"@type\":\"ImageObject\",\"inLanguage\":\"tr\",\"@id\":\"https:\\\/\\\/memurunsesi.net\\\/#\\\/schema\\\/logo\\\/image\\\/\",\"url\":\"https:\\\/\\\/memurunsesi.net\\\/wp-content\\\/uploads\\\/2025\\\/11\\\/cropped-MEMURUN-SESI.png\",\"contentUrl\":\"https:\\\/\\\/memurunsesi.net\\\/wp-content\\\/uploads\\\/2025\\\/11\\\/cropped-MEMURUN-SESI.png\",\"width\":238,\"height\":57,\"caption\":\"Memurun Sesi\"},\"image\":{\"@id\":\"https:\\\/\\\/memurunsesi.net\\\/#\\\/schema\\\/logo\\\/image\\\/\"},\"sameAs\":[\"https:\\\/\\\/www.facebook.com\\\/unipersen\\\/?locale=tr_TR\",\"https:\\\/\\\/x.com\\\/unipersen\"]},{\"@type\":\"Person\",\"@id\":\"https:\\\/\\\/memurunsesi.net\\\/#\\\/schema\\\/person\\\/f21c2d73b89f6ee1d80b0a1803e38587\",\"name\":\"Memurun Sesi Haber Merkezi\",\"image\":{\"@type\":\"ImageObject\",\"inLanguage\":\"tr\",\"@id\":\"https:\\\/\\\/secure.gravatar.com\\\/avatar\\\/6cf0505f452ee753f485014986fab09a434671d2b919ee76fc541025c5876a70?s=96&d=mm&r=g\",\"url\":\"https:\\\/\\\/secure.gravatar.com\\\/avatar\\\/6cf0505f452ee753f485014986fab09a434671d2b919ee76fc541025c5876a70?s=96&d=mm&r=g\",\"contentUrl\":\"https:\\\/\\\/secure.gravatar.com\\\/avatar\\\/6cf0505f452ee753f485014986fab09a434671d2b919ee76fc541025c5876a70?s=96&d=mm&r=g\",\"caption\":\"Memurun Sesi Haber Merkezi\"},\"sameAs\":[\"https:\\\/\\\/memurunsesi.net\"],\"url\":\"https:\\\/\\\/memurunsesi.net\\\/index.php\\\/author\\\/uniper\\\/\"}]}<\/script>\n<!-- \/ Yoast SEO plugin. -->","yoast_head_json":{"title":"Koray G\u00fcnter Tak\u0131m ad\u0131na gurur duyuyorum - Memurun Sesi","robots":{"index":"index","follow":"follow","max-snippet":"max-snippet:-1","max-image-preview":"max-image-preview:large","max-video-preview":"max-video-preview:-1"},"canonical":"https:\/\/memurunsesi.net\/index.php\/2025\/04\/04\/koray-gunter-takim-adina-gurur-duyuyorum\/","og_locale":"tr_TR","og_type":"article","og_title":"Koray G\u00fcnter Tak\u0131m ad\u0131na gurur duyuyorum - Memurun Sesi","og_description":"G\u00fcnter: \u00d6n\u00fcm\u00fczdeki turda da elimizden geleni yapaca\u011f\u0131z G\u00f6ztepe\u2019nin deneyimli defans\u0131 Koray G\u00fcnter, 3-1 yenerek yar\u0131 finale y\u00fckseldikleri Be\u015fikta\u015f ma\u00e7\u0131n\u0131n ard\u0131ndan yapt\u0131\u011f\u0131 a\u00e7\u0131klamada, sezon ba\u015f\u0131ndan beri Avrupa kupalar\u0131n\u0131 hedeflediklerini ve bug\u00fcnk\u00fc galibiyetten dolay\u0131 gurur duydu\u011funu belirtti. Ziraat T\u00fcrkiye Kupas\u0131 \u00e7eyrek final m\u00fcsabakas\u0131nda G\u00f6ztepe, deplasmanda kar\u015f\u0131la\u015ft\u0131\u011f\u0131 Be\u015fikta\u015f\u2019\u0131 3-1 ma\u011flup ederek ad\u0131n\u0131 yar\u0131 finale yazd\u0131rd\u0131. Kar\u015f\u0131la\u015fman\u0131n ard\u0131ndan G\u00f6ztepe\u2019nin [&hellip;]","og_url":"https:\/\/memurunsesi.net\/index.php\/2025\/04\/04\/koray-gunter-takim-adina-gurur-duyuyorum\/","og_site_name":"Memurun Sesi","article_publisher":"https:\/\/www.facebook.com\/unipersen\/?locale=tr_TR","article_published_time":"2025-04-04T06:05:58+00:00","author":"Memurun Sesi Haber Merkezi","twitter_card":"summary_large_image","twitter_creator":"@unipersen","twitter_site":"@unipersen","twitter_misc":{"Yazan:":"Memurun Sesi Haber Merkezi","Tahmini okuma s\u00fcresi":"2 dakika"},"schema":{"@context":"https:\/\/schema.org","@graph":[{"@type":"Article","@id":"https:\/\/memurunsesi.net\/index.php\/2025\/04\/04\/koray-gunter-takim-adina-gurur-duyuyorum\/#article","isPartOf":{"@id":"https:\/\/memurunsesi.net\/index.php\/2025\/04\/04\/koray-gunter-takim-adina-gurur-duyuyorum\/"},"author":{"name":"Memurun Sesi Haber Merkezi","@id":"https:\/\/memurunsesi.net\/#\/schema\/person\/f21c2d73b89f6ee1d80b0a1803e38587"},"headline":"Koray G\u00fcnter Tak\u0131m ad\u0131na gurur duyuyorum","datePublished":"2025-04-04T06:05:58+00:00","mainEntityOfPage":{"@id":"https:\/\/memurunsesi.net\/index.php\/2025\/04\/04\/koray-gunter-takim-adina-gurur-duyuyorum\/"},"wordCount":375,"commentCount":0,"publisher":{"@id":"https:\/\/memurunsesi.net\/#organization"},"articleSection":["Spor"],"inLanguage":"tr","potentialAction":[{"@type":"CommentAction","name":"Comment","target":["https:\/\/memurunsesi.net\/index.php\/2025\/04\/04\/koray-gunter-takim-adina-gurur-duyuyorum\/#respond"]}]},{"@type":"WebPage","@id":"https:\/\/memurunsesi.net\/index.php\/2025\/04\/04\/koray-gunter-takim-adina-gurur-duyuyorum\/","url":"https:\/\/memurunsesi.net\/index.php\/2025\/04\/04\/koray-gunter-takim-adina-gurur-duyuyorum\/","name":"Koray G\u00fcnter Tak\u0131m ad\u0131na gurur duyuyorum - Memurun Sesi","isPartOf":{"@id":"https:\/\/memurunsesi.net\/#website"},"datePublished":"2025-04-04T06:05:58+00:00","breadcrumb":{"@id":"https:\/\/memurunsesi.net\/index.php\/2025\/04\/04\/koray-gunter-takim-adina-gurur-duyuyorum\/#breadcrumb"},"inLanguage":"tr","potentialAction":[{"@type":"ReadAction","target":["https:\/\/memurunsesi.net\/index.php\/2025\/04\/04\/koray-gunter-takim-adina-gurur-duyuyorum\/"]}]},{"@type":"BreadcrumbList","@id":"https:\/\/memurunsesi.net\/index.php\/2025\/04\/04\/koray-gunter-takim-adina-gurur-duyuyorum\/#breadcrumb","itemListElement":[{"@type":"ListItem","position":1,"name":"Anasayfa","item":"https:\/\/memurunsesi.net\/"},{"@type":"ListItem","position":2,"name":"Koray G\u00fcnter Tak\u0131m ad\u0131na gurur duyuyorum"}]},{"@type":"WebSite","@id":"https:\/\/memurunsesi.net\/#website","url":"https:\/\/memurunsesi.net\/","name":"Memurun Sesi","description":"G\u00fcncel ve Do\u011fru Haber","publisher":{"@id":"https:\/\/memurunsesi.net\/#organization"},"potentialAction":[{"@type":"SearchAction","target":{"@type":"EntryPoint","urlTemplate":"https:\/\/memurunsesi.net\/?s={search_term_string}"},"query-input":{"@type":"PropertyValueSpecification","valueRequired":true,"valueName":"search_term_string"}}],"inLanguage":"tr"},{"@type":"Organization","@id":"https:\/\/memurunsesi.net\/#organization","name":"Memurun Sesi","url":"https:\/\/memurunsesi.net\/","logo":{"@type":"ImageObject","inLanguage":"tr","@id":"https:\/\/memurunsesi.net\/#\/schema\/logo\/image\/","url":"https:\/\/memurunsesi.net\/wp-content\/uploads\/2025\/11\/cropped-MEMURUN-SESI.png","contentUrl":"https:\/\/memurunsesi.net\/wp-content\/uploads\/2025\/11\/cropped-MEMURUN-SESI.png","width":238,"height":57,"caption":"Memurun Sesi"},"image":{"@id":"https:\/\/memurunsesi.net\/#\/schema\/logo\/image\/"},"sameAs":["https:\/\/www.facebook.com\/unipersen\/?locale=tr_TR","https:\/\/x.com\/unipersen"]},{"@type":"Person","@id":"https:\/\/memurunsesi.net\/#\/schema\/person\/f21c2d73b89f6ee1d80b0a1803e38587","name":"Memurun Sesi Haber Merkezi","image":{"@type":"ImageObject","inLanguage":"tr","@id":"https:\/\/secure.gravatar.com\/avatar\/6cf0505f452ee753f485014986fab09a434671d2b919ee76fc541025c5876a70?s=96&d=mm&r=g","url":"https:\/\/secure.gravatar.com\/avatar\/6cf0505f452ee753f485014986fab09a434671d2b919ee76fc541025c5876a70?s=96&d=mm&r=g","contentUrl":"https:\/\/secure.gravatar.com\/avatar\/6cf0505f452ee753f485014986fab09a434671d2b919ee76fc541025c5876a70?s=96&d=mm&r=g","caption":"Memurun Sesi Haber Merkezi"},"sameAs":["https:\/\/memurunsesi.net"],"url":"https:\/\/memurunsesi.net\/index.php\/author\/uniper\/"}]}},"_links":{"self":[{"href":"https:\/\/memurunsesi.net\/index.php\/wp-json\/wp\/v2\/posts\/4782","targetHints":{"allow":["GET"]}}],"collection":[{"href":"https:\/\/memurunsesi.net\/index.php\/wp-json\/wp\/v2\/posts"}],"about":[{"href":"https:\/\/memurunsesi.net\/index.php\/wp-json\/wp\/v2\/types\/post"}],"author":[{"embeddable":true,"href":"https:\/\/memurunsesi.net\/index.php\/wp-json\/wp\/v2\/users\/1"}],"replies":[{"embeddable":true,"href":"https:\/\/memurunsesi.net\/index.php\/wp-json\/wp\/v2\/comments?post=4782"}],"version-history":[{"count":1,"href":"https:\/\/memurunsesi.net\/index.php\/wp-json\/wp\/v2\/posts\/4782\/revisions"}],"predecessor-version":[{"id":4783,"href":"https:\/\/memurunsesi.net\/index.php\/wp-json\/wp\/v2\/posts\/4782\/revisions\/4783"}],"wp:attachment":[{"href":"https:\/\/memurunsesi.net\/index.php\/wp-json\/wp\/v2\/media?parent=4782"}],"wp:term":[{"taxonomy":"category","embeddable":true,"href":"https:\/\/memurunsesi.net\/index.php\/wp-json\/wp\/v2\/categories?post=4782"},{"taxonomy":"post_tag","embeddable":true,"href":"https:\/\/memurunsesi.net\/index.php\/wp-json\/wp\/v2\/tags?post=4782"}],"curies":[{"name":"wp","href":"https:\/\/api.w.org\/{rel}","templated":true}]}}