{"id":4834,"date":"2025-04-05T19:01:15","date_gmt":"2025-04-05T16:01:15","guid":{"rendered":"https:\/\/memurunsesi.net\/?p=4834"},"modified":"2025-04-05T19:01:15","modified_gmt":"2025-04-05T16:01:15","slug":"trendyol-super-lig-basaksehir-1-konyaspor-0","status":"publish","type":"post","link":"https:\/\/memurunsesi.net\/index.php\/2025\/04\/05\/trendyol-super-lig-basaksehir-1-konyaspor-0\/","title":{"rendered":"Trendyol S\u00fcper Lig: Ba\u015fak\u015fehir: 1 &#8211; Konyaspor: 0"},"content":{"rendered":"<p>Trendyol S\u00fcper Lig\u2019in 30. haftas\u0131nda Ba\u015fak\u015fehir, sahas\u0131nda kar\u015f\u0131la\u015ft\u0131\u011f\u0131 Konyaspor&#8217;u 1-0 ma\u011flup etti.<\/p>\n<p>Ma\u00e7tan dakikalar (\u0130kinci yar\u0131)<br \/>\n55. dakikada Kramer\u2019in pas\u0131nda topla bulu\u015fan Pedrinho\u2019nun ceza sahas\u0131 i\u00e7inde kaleyi kar\u015f\u0131s\u0131na ald\u0131ktan sonra yapt\u0131\u011f\u0131 vuru\u015fta top yandan d\u0131\u015far\u0131 gitti.<br \/>\n69. dakikada Yusuf Sar\u0131 sol taraftan \u00e7al\u0131mlarla ceza sahas\u0131 i\u00e7ine y\u00f6neldi\u011fi anda Danijel Aleksic\u2019in m\u00fcdahalesiyle yerde kald\u0131 ve hakem \u00c7a\u011fda\u015f Altay penalt\u0131 noktas\u0131n\u0131 g\u00f6sterdi.<br \/>\n71. dakikada penalt\u0131da topun ba\u015f\u0131na ge\u00e7en Piatek\u2019in vuru\u015funda me\u015fin yuvarlak sol alt k\u00f6\u015feden filelerle bulu\u015ftu. 1-0<br \/>\n79. dakikada Kemen\u2019in ceza sahas\u0131 \u00f6n\u00fcne kadar ilerleyip verdi\u011fi verdi\u011fi pasta topla bulu\u015fan Yusuf Sar\u0131\u2019n\u0131n sol \u00e7aprazdan geli\u015fine vuru\u015funda me\u015fin yuvarlak yan a\u011flarda kald\u0131.<br \/>\n90. dakikada Yusuf Erdo\u011fan\u2019\u0131n sol taraftan ortas\u0131nda ceza sahas\u0131 i\u00e7inde Umut Nayir\u2019in kafa vuru\u015funda kaleci Muhammed, soluna gelen topu son anda \u00e7eldi ve gole izin vermedi.<\/p>\n<p>Hakemler: \u00c7a\u011fda\u015f Altay, Abdullah Bora \u00d6zkara, Mehmet K\u0131sal<br \/>\nBa\u015fak\u015fehir: Muhammed \u015eengezer, \u00d6mer Ali \u015eahiner, Leo Duarte, Ousseynou Ba, Christopher Operi, Berat \u00d6zdemir, Yusuf Sar\u0131 (Hamza G\u00fcreler dk. 80), Miguel Crespo (Umut G\u00fcne\u015f dk. 87), Olivier Kemen (Joao Figueiredo dk. 87), Ivan Brnic (Deniz T\u00fcr\u00fc\u00e7 dk. 67), Krzysztof Piatek (Philippe Keny dk. 87)<br \/>\nYedekler: Deniz Dilmen, Serdar G\u00fcrler, \u00d6mer Faruk Beyaz, Matchoi Djalo, Festy Ebosele<br \/>\nTeknik Direkt\u00f6r: \u00c7a\u011fda\u015f Atan<br \/>\nKonyaspor: Deniz Erta\u015f, Alassane Ndao, Adil Demirba\u011f, U\u011furcan Yaz\u011f\u0131l\u0131, Guilherme (Yasir Suba\u015f\u0131 dk. 30), Marko Jevtovic (Louka Andreasen Prip dk. 83), Pedrinho (O\u011fulcan \u00dclg\u00fcn dk. 83), Melih \u0130brahimo\u011flu, Danijel Aleksic (Umut Nayir dk. 75) Yusuf Erdo\u011fan, Blaz Kramer<br \/>\nYedekler: Ahmet Da\u015f, Abdurrahman \u00dcresin, Kaan Akyaz\u0131, Riechedly Bazoer, Nikola Boranijasevic, Morten Bjorlo<br \/>\nTeknik Direkt\u00f6r: Recep U\u00e7ar<br \/>\nGol: Krzysztof Piatek (dk. 71 Pen.) (Ba\u015fak\u015fehir)<\/p>\n<p>5.04.2025<\/p>\n","protected":false},"excerpt":{"rendered":"<p>Trendyol S\u00fcper Lig\u2019in 30. haftas\u0131nda Ba\u015fak\u015fehir, sahas\u0131nda kar\u015f\u0131la\u015ft\u0131\u011f\u0131 Konyaspor&#8217;u 1-0 ma\u011flup etti. Ma\u00e7tan dakikalar (\u0130kinci yar\u0131) 55. dakikada Kramer\u2019in pas\u0131nda topla bulu\u015fan Pedrinho\u2019nun ceza sahas\u0131 i\u00e7inde kaleyi kar\u015f\u0131s\u0131na ald\u0131ktan sonra yapt\u0131\u011f\u0131 vuru\u015fta top yandan d\u0131\u015far\u0131 gitti. 69. dakikada Yusuf Sar\u0131 sol taraftan \u00e7al\u0131mlarla ceza sahas\u0131 i\u00e7ine y\u00f6neldi\u011fi anda Danijel Aleksic\u2019in m\u00fcdahalesiyle yerde kald\u0131 ve hakem [&hellip;]<\/p>\n","protected":false},"author":1,"featured_media":4835,"comment_status":"open","ping_status":"open","sticky":false,"template":"","format":"standard","meta":{"footnotes":""},"categories":[57],"tags":[],"class_list":["post-4834","post","type-post","status-publish","format-standard","has-post-thumbnail","hentry","category-spor"],"yoast_head":"<!-- This site is optimized with the Yoast SEO plugin v27.4 - https:\/\/yoast.com\/product\/yoast-seo-wordpress\/ -->\n<title>Trendyol S\u00fcper Lig: Ba\u015fak\u015fehir: 1 - Konyaspor: 0 - Memurun Sesi<\/title>\n<meta name=\"robots\" content=\"index, follow, max-snippet:-1, max-image-preview:large, max-video-preview:-1\" \/>\n<link rel=\"canonical\" href=\"https:\/\/memurunsesi.net\/index.php\/2025\/04\/05\/trendyol-super-lig-basaksehir-1-konyaspor-0\/\" \/>\n<meta property=\"og:locale\" content=\"tr_TR\" \/>\n<meta property=\"og:type\" content=\"article\" \/>\n<meta property=\"og:title\" content=\"Trendyol S\u00fcper Lig: Ba\u015fak\u015fehir: 1 - Konyaspor: 0 - Memurun Sesi\" \/>\n<meta property=\"og:description\" content=\"Trendyol S\u00fcper Lig\u2019in 30. haftas\u0131nda Ba\u015fak\u015fehir, sahas\u0131nda kar\u015f\u0131la\u015ft\u0131\u011f\u0131 Konyaspor&#8217;u 1-0 ma\u011flup etti. Ma\u00e7tan dakikalar (\u0130kinci yar\u0131) 55. dakikada Kramer\u2019in pas\u0131nda topla bulu\u015fan Pedrinho\u2019nun ceza sahas\u0131 i\u00e7inde kaleyi kar\u015f\u0131s\u0131na ald\u0131ktan sonra yapt\u0131\u011f\u0131 vuru\u015fta top yandan d\u0131\u015far\u0131 gitti. 69. dakikada Yusuf Sar\u0131 sol taraftan \u00e7al\u0131mlarla ceza sahas\u0131 i\u00e7ine y\u00f6neldi\u011fi anda Danijel Aleksic\u2019in m\u00fcdahalesiyle yerde kald\u0131 ve hakem [&hellip;]\" \/>\n<meta property=\"og:url\" content=\"https:\/\/memurunsesi.net\/index.php\/2025\/04\/05\/trendyol-super-lig-basaksehir-1-konyaspor-0\/\" \/>\n<meta property=\"og:site_name\" content=\"Memurun Sesi\" \/>\n<meta property=\"article:publisher\" content=\"https:\/\/www.facebook.com\/unipersen\/?locale=tr_TR\" \/>\n<meta property=\"article:published_time\" content=\"2025-04-05T16:01:15+00:00\" \/>\n<meta property=\"og:image\" content=\"https:\/\/memurunsesi.net\/wp-content\/uploads\/2025\/04\/AW426466_01-scaled.jpg\" \/>\n\t<meta property=\"og:image:width\" content=\"2560\" \/>\n\t<meta property=\"og:image:height\" content=\"1707\" \/>\n\t<meta property=\"og:image:type\" content=\"image\/jpeg\" \/>\n<meta name=\"author\" content=\"Memurun Sesi Haber Merkezi\" \/>\n<meta name=\"twitter:card\" content=\"summary_large_image\" \/>\n<meta name=\"twitter:creator\" content=\"@unipersen\" \/>\n<meta name=\"twitter:site\" content=\"@unipersen\" \/>\n<meta name=\"twitter:label1\" content=\"Yazan:\" \/>\n\t<meta name=\"twitter:data1\" content=\"Memurun Sesi Haber Merkezi\" \/>\n\t<meta name=\"twitter:label2\" content=\"Tahmini okuma s\u00fcresi\" \/>\n\t<meta name=\"twitter:data2\" content=\"2 dakika\" \/>\n<script type=\"application\/ld+json\" class=\"yoast-schema-graph\">{\"@context\":\"https:\\\/\\\/schema.org\",\"@graph\":[{\"@type\":\"Article\",\"@id\":\"https:\\\/\\\/memurunsesi.net\\\/index.php\\\/2025\\\/04\\\/05\\\/trendyol-super-lig-basaksehir-1-konyaspor-0\\\/#article\",\"isPartOf\":{\"@id\":\"https:\\\/\\\/memurunsesi.net\\\/index.php\\\/2025\\\/04\\\/05\\\/trendyol-super-lig-basaksehir-1-konyaspor-0\\\/\"},\"author\":{\"name\":\"Memurun Sesi Haber Merkezi\",\"@id\":\"https:\\\/\\\/memurunsesi.net\\\/#\\\/schema\\\/person\\\/f21c2d73b89f6ee1d80b0a1803e38587\"},\"headline\":\"Trendyol S\u00fcper Lig: Ba\u015fak\u015fehir: 1 &#8211; Konyaspor: 0\",\"datePublished\":\"2025-04-05T16:01:15+00:00\",\"mainEntityOfPage\":{\"@id\":\"https:\\\/\\\/memurunsesi.net\\\/index.php\\\/2025\\\/04\\\/05\\\/trendyol-super-lig-basaksehir-1-konyaspor-0\\\/\"},\"wordCount\":324,\"commentCount\":0,\"publisher\":{\"@id\":\"https:\\\/\\\/memurunsesi.net\\\/#organization\"},\"image\":{\"@id\":\"https:\\\/\\\/memurunsesi.net\\\/index.php\\\/2025\\\/04\\\/05\\\/trendyol-super-lig-basaksehir-1-konyaspor-0\\\/#primaryimage\"},\"thumbnailUrl\":\"https:\\\/\\\/memurunsesi.net\\\/wp-content\\\/uploads\\\/2025\\\/04\\\/AW426466_01-scaled.jpg\",\"articleSection\":[\"Spor\"],\"inLanguage\":\"tr\",\"potentialAction\":[{\"@type\":\"CommentAction\",\"name\":\"Comment\",\"target\":[\"https:\\\/\\\/memurunsesi.net\\\/index.php\\\/2025\\\/04\\\/05\\\/trendyol-super-lig-basaksehir-1-konyaspor-0\\\/#respond\"]}]},{\"@type\":\"WebPage\",\"@id\":\"https:\\\/\\\/memurunsesi.net\\\/index.php\\\/2025\\\/04\\\/05\\\/trendyol-super-lig-basaksehir-1-konyaspor-0\\\/\",\"url\":\"https:\\\/\\\/memurunsesi.net\\\/index.php\\\/2025\\\/04\\\/05\\\/trendyol-super-lig-basaksehir-1-konyaspor-0\\\/\",\"name\":\"Trendyol S\u00fcper Lig: Ba\u015fak\u015fehir: 1 - Konyaspor: 0 - Memurun Sesi\",\"isPartOf\":{\"@id\":\"https:\\\/\\\/memurunsesi.net\\\/#website\"},\"primaryImageOfPage\":{\"@id\":\"https:\\\/\\\/memurunsesi.net\\\/index.php\\\/2025\\\/04\\\/05\\\/trendyol-super-lig-basaksehir-1-konyaspor-0\\\/#primaryimage\"},\"image\":{\"@id\":\"https:\\\/\\\/memurunsesi.net\\\/index.php\\\/2025\\\/04\\\/05\\\/trendyol-super-lig-basaksehir-1-konyaspor-0\\\/#primaryimage\"},\"thumbnailUrl\":\"https:\\\/\\\/memurunsesi.net\\\/wp-content\\\/uploads\\\/2025\\\/04\\\/AW426466_01-scaled.jpg\",\"datePublished\":\"2025-04-05T16:01:15+00:00\",\"breadcrumb\":{\"@id\":\"https:\\\/\\\/memurunsesi.net\\\/index.php\\\/2025\\\/04\\\/05\\\/trendyol-super-lig-basaksehir-1-konyaspor-0\\\/#breadcrumb\"},\"inLanguage\":\"tr\",\"potentialAction\":[{\"@type\":\"ReadAction\",\"target\":[\"https:\\\/\\\/memurunsesi.net\\\/index.php\\\/2025\\\/04\\\/05\\\/trendyol-super-lig-basaksehir-1-konyaspor-0\\\/\"]}]},{\"@type\":\"ImageObject\",\"inLanguage\":\"tr\",\"@id\":\"https:\\\/\\\/memurunsesi.net\\\/index.php\\\/2025\\\/04\\\/05\\\/trendyol-super-lig-basaksehir-1-konyaspor-0\\\/#primaryimage\",\"url\":\"https:\\\/\\\/memurunsesi.net\\\/wp-content\\\/uploads\\\/2025\\\/04\\\/AW426466_01-scaled.jpg\",\"contentUrl\":\"https:\\\/\\\/memurunsesi.net\\\/wp-content\\\/uploads\\\/2025\\\/04\\\/AW426466_01-scaled.jpg\",\"width\":2560,\"height\":1707,\"caption\":\"TRENDYOL S\u00dcPER L\u0130G'\u0130N 30. HAFTASINDA BA\u015eAK\u015eEH\u0130R, SAHASINDA KAR\u015eILA\u015eTI\u011eI KONYASPOR'U 1-0 MA\u011eLUP ETT\u0130. (SAMET YAL\u00c7IN\\\/\u0130STANBUL-\u0130HA) Trendyol S\u00fcper Lig'in 30. haftas\u0131nda Ba\u015fak\u015fehir, sahas\u0131nda kar\u015f\u0131la\u015ft\u0131\u011f\u0131 Konyaspor'u 1-0 ma\u011flup etti.\"},{\"@type\":\"BreadcrumbList\",\"@id\":\"https:\\\/\\\/memurunsesi.net\\\/index.php\\\/2025\\\/04\\\/05\\\/trendyol-super-lig-basaksehir-1-konyaspor-0\\\/#breadcrumb\",\"itemListElement\":[{\"@type\":\"ListItem\",\"position\":1,\"name\":\"Anasayfa\",\"item\":\"https:\\\/\\\/memurunsesi.net\\\/\"},{\"@type\":\"ListItem\",\"position\":2,\"name\":\"Trendyol S\u00fcper Lig: Ba\u015fak\u015fehir: 1 &#8211; Konyaspor: 0\"}]},{\"@type\":\"WebSite\",\"@id\":\"https:\\\/\\\/memurunsesi.net\\\/#website\",\"url\":\"https:\\\/\\\/memurunsesi.net\\\/\",\"name\":\"Memurun Sesi\",\"description\":\"G\u00fcncel ve Do\u011fru Haber\",\"publisher\":{\"@id\":\"https:\\\/\\\/memurunsesi.net\\\/#organization\"},\"potentialAction\":[{\"@type\":\"SearchAction\",\"target\":{\"@type\":\"EntryPoint\",\"urlTemplate\":\"https:\\\/\\\/memurunsesi.net\\\/?s={search_term_string}\"},\"query-input\":{\"@type\":\"PropertyValueSpecification\",\"valueRequired\":true,\"valueName\":\"search_term_string\"}}],\"inLanguage\":\"tr\"},{\"@type\":\"Organization\",\"@id\":\"https:\\\/\\\/memurunsesi.net\\\/#organization\",\"name\":\"Memurun Sesi\",\"url\":\"https:\\\/\\\/memurunsesi.net\\\/\",\"logo\":{\"@type\":\"ImageObject\",\"inLanguage\":\"tr\",\"@id\":\"https:\\\/\\\/memurunsesi.net\\\/#\\\/schema\\\/logo\\\/image\\\/\",\"url\":\"https:\\\/\\\/memurunsesi.net\\\/wp-content\\\/uploads\\\/2025\\\/11\\\/cropped-MEMURUN-SESI.png\",\"contentUrl\":\"https:\\\/\\\/memurunsesi.net\\\/wp-content\\\/uploads\\\/2025\\\/11\\\/cropped-MEMURUN-SESI.png\",\"width\":238,\"height\":57,\"caption\":\"Memurun Sesi\"},\"image\":{\"@id\":\"https:\\\/\\\/memurunsesi.net\\\/#\\\/schema\\\/logo\\\/image\\\/\"},\"sameAs\":[\"https:\\\/\\\/www.facebook.com\\\/unipersen\\\/?locale=tr_TR\",\"https:\\\/\\\/x.com\\\/unipersen\"]},{\"@type\":\"Person\",\"@id\":\"https:\\\/\\\/memurunsesi.net\\\/#\\\/schema\\\/person\\\/f21c2d73b89f6ee1d80b0a1803e38587\",\"name\":\"Memurun Sesi Haber Merkezi\",\"image\":{\"@type\":\"ImageObject\",\"inLanguage\":\"tr\",\"@id\":\"https:\\\/\\\/secure.gravatar.com\\\/avatar\\\/6cf0505f452ee753f485014986fab09a434671d2b919ee76fc541025c5876a70?s=96&d=mm&r=g\",\"url\":\"https:\\\/\\\/secure.gravatar.com\\\/avatar\\\/6cf0505f452ee753f485014986fab09a434671d2b919ee76fc541025c5876a70?s=96&d=mm&r=g\",\"contentUrl\":\"https:\\\/\\\/secure.gravatar.com\\\/avatar\\\/6cf0505f452ee753f485014986fab09a434671d2b919ee76fc541025c5876a70?s=96&d=mm&r=g\",\"caption\":\"Memurun Sesi Haber Merkezi\"},\"sameAs\":[\"https:\\\/\\\/memurunsesi.net\"],\"url\":\"https:\\\/\\\/memurunsesi.net\\\/index.php\\\/author\\\/uniper\\\/\"}]}<\/script>\n<!-- \/ Yoast SEO plugin. -->","yoast_head_json":{"title":"Trendyol S\u00fcper Lig: Ba\u015fak\u015fehir: 1 - Konyaspor: 0 - Memurun Sesi","robots":{"index":"index","follow":"follow","max-snippet":"max-snippet:-1","max-image-preview":"max-image-preview:large","max-video-preview":"max-video-preview:-1"},"canonical":"https:\/\/memurunsesi.net\/index.php\/2025\/04\/05\/trendyol-super-lig-basaksehir-1-konyaspor-0\/","og_locale":"tr_TR","og_type":"article","og_title":"Trendyol S\u00fcper Lig: Ba\u015fak\u015fehir: 1 - Konyaspor: 0 - Memurun Sesi","og_description":"Trendyol S\u00fcper Lig\u2019in 30. haftas\u0131nda Ba\u015fak\u015fehir, sahas\u0131nda kar\u015f\u0131la\u015ft\u0131\u011f\u0131 Konyaspor&#8217;u 1-0 ma\u011flup etti. Ma\u00e7tan dakikalar (\u0130kinci yar\u0131) 55. dakikada Kramer\u2019in pas\u0131nda topla bulu\u015fan Pedrinho\u2019nun ceza sahas\u0131 i\u00e7inde kaleyi kar\u015f\u0131s\u0131na ald\u0131ktan sonra yapt\u0131\u011f\u0131 vuru\u015fta top yandan d\u0131\u015far\u0131 gitti. 69. dakikada Yusuf Sar\u0131 sol taraftan \u00e7al\u0131mlarla ceza sahas\u0131 i\u00e7ine y\u00f6neldi\u011fi anda Danijel Aleksic\u2019in m\u00fcdahalesiyle yerde kald\u0131 ve hakem [&hellip;]","og_url":"https:\/\/memurunsesi.net\/index.php\/2025\/04\/05\/trendyol-super-lig-basaksehir-1-konyaspor-0\/","og_site_name":"Memurun Sesi","article_publisher":"https:\/\/www.facebook.com\/unipersen\/?locale=tr_TR","article_published_time":"2025-04-05T16:01:15+00:00","og_image":[{"width":2560,"height":1707,"url":"https:\/\/memurunsesi.net\/wp-content\/uploads\/2025\/04\/AW426466_01-scaled.jpg","type":"image\/jpeg"}],"author":"Memurun Sesi Haber Merkezi","twitter_card":"summary_large_image","twitter_creator":"@unipersen","twitter_site":"@unipersen","twitter_misc":{"Yazan:":"Memurun Sesi Haber Merkezi","Tahmini okuma s\u00fcresi":"2 dakika"},"schema":{"@context":"https:\/\/schema.org","@graph":[{"@type":"Article","@id":"https:\/\/memurunsesi.net\/index.php\/2025\/04\/05\/trendyol-super-lig-basaksehir-1-konyaspor-0\/#article","isPartOf":{"@id":"https:\/\/memurunsesi.net\/index.php\/2025\/04\/05\/trendyol-super-lig-basaksehir-1-konyaspor-0\/"},"author":{"name":"Memurun Sesi Haber Merkezi","@id":"https:\/\/memurunsesi.net\/#\/schema\/person\/f21c2d73b89f6ee1d80b0a1803e38587"},"headline":"Trendyol S\u00fcper Lig: Ba\u015fak\u015fehir: 1 &#8211; Konyaspor: 0","datePublished":"2025-04-05T16:01:15+00:00","mainEntityOfPage":{"@id":"https:\/\/memurunsesi.net\/index.php\/2025\/04\/05\/trendyol-super-lig-basaksehir-1-konyaspor-0\/"},"wordCount":324,"commentCount":0,"publisher":{"@id":"https:\/\/memurunsesi.net\/#organization"},"image":{"@id":"https:\/\/memurunsesi.net\/index.php\/2025\/04\/05\/trendyol-super-lig-basaksehir-1-konyaspor-0\/#primaryimage"},"thumbnailUrl":"https:\/\/memurunsesi.net\/wp-content\/uploads\/2025\/04\/AW426466_01-scaled.jpg","articleSection":["Spor"],"inLanguage":"tr","potentialAction":[{"@type":"CommentAction","name":"Comment","target":["https:\/\/memurunsesi.net\/index.php\/2025\/04\/05\/trendyol-super-lig-basaksehir-1-konyaspor-0\/#respond"]}]},{"@type":"WebPage","@id":"https:\/\/memurunsesi.net\/index.php\/2025\/04\/05\/trendyol-super-lig-basaksehir-1-konyaspor-0\/","url":"https:\/\/memurunsesi.net\/index.php\/2025\/04\/05\/trendyol-super-lig-basaksehir-1-konyaspor-0\/","name":"Trendyol S\u00fcper Lig: Ba\u015fak\u015fehir: 1 - Konyaspor: 0 - Memurun Sesi","isPartOf":{"@id":"https:\/\/memurunsesi.net\/#website"},"primaryImageOfPage":{"@id":"https:\/\/memurunsesi.net\/index.php\/2025\/04\/05\/trendyol-super-lig-basaksehir-1-konyaspor-0\/#primaryimage"},"image":{"@id":"https:\/\/memurunsesi.net\/index.php\/2025\/04\/05\/trendyol-super-lig-basaksehir-1-konyaspor-0\/#primaryimage"},"thumbnailUrl":"https:\/\/memurunsesi.net\/wp-content\/uploads\/2025\/04\/AW426466_01-scaled.jpg","datePublished":"2025-04-05T16:01:15+00:00","breadcrumb":{"@id":"https:\/\/memurunsesi.net\/index.php\/2025\/04\/05\/trendyol-super-lig-basaksehir-1-konyaspor-0\/#breadcrumb"},"inLanguage":"tr","potentialAction":[{"@type":"ReadAction","target":["https:\/\/memurunsesi.net\/index.php\/2025\/04\/05\/trendyol-super-lig-basaksehir-1-konyaspor-0\/"]}]},{"@type":"ImageObject","inLanguage":"tr","@id":"https:\/\/memurunsesi.net\/index.php\/2025\/04\/05\/trendyol-super-lig-basaksehir-1-konyaspor-0\/#primaryimage","url":"https:\/\/memurunsesi.net\/wp-content\/uploads\/2025\/04\/AW426466_01-scaled.jpg","contentUrl":"https:\/\/memurunsesi.net\/wp-content\/uploads\/2025\/04\/AW426466_01-scaled.jpg","width":2560,"height":1707,"caption":"TRENDYOL S\u00dcPER L\u0130G'\u0130N 30. HAFTASINDA BA\u015eAK\u015eEH\u0130R, SAHASINDA KAR\u015eILA\u015eTI\u011eI KONYASPOR'U 1-0 MA\u011eLUP ETT\u0130. (SAMET YAL\u00c7IN\/\u0130STANBUL-\u0130HA) Trendyol S\u00fcper Lig'in 30. haftas\u0131nda Ba\u015fak\u015fehir, sahas\u0131nda kar\u015f\u0131la\u015ft\u0131\u011f\u0131 Konyaspor'u 1-0 ma\u011flup etti."},{"@type":"BreadcrumbList","@id":"https:\/\/memurunsesi.net\/index.php\/2025\/04\/05\/trendyol-super-lig-basaksehir-1-konyaspor-0\/#breadcrumb","itemListElement":[{"@type":"ListItem","position":1,"name":"Anasayfa","item":"https:\/\/memurunsesi.net\/"},{"@type":"ListItem","position":2,"name":"Trendyol S\u00fcper Lig: Ba\u015fak\u015fehir: 1 &#8211; Konyaspor: 0"}]},{"@type":"WebSite","@id":"https:\/\/memurunsesi.net\/#website","url":"https:\/\/memurunsesi.net\/","name":"Memurun Sesi","description":"G\u00fcncel ve Do\u011fru Haber","publisher":{"@id":"https:\/\/memurunsesi.net\/#organization"},"potentialAction":[{"@type":"SearchAction","target":{"@type":"EntryPoint","urlTemplate":"https:\/\/memurunsesi.net\/?s={search_term_string}"},"query-input":{"@type":"PropertyValueSpecification","valueRequired":true,"valueName":"search_term_string"}}],"inLanguage":"tr"},{"@type":"Organization","@id":"https:\/\/memurunsesi.net\/#organization","name":"Memurun Sesi","url":"https:\/\/memurunsesi.net\/","logo":{"@type":"ImageObject","inLanguage":"tr","@id":"https:\/\/memurunsesi.net\/#\/schema\/logo\/image\/","url":"https:\/\/memurunsesi.net\/wp-content\/uploads\/2025\/11\/cropped-MEMURUN-SESI.png","contentUrl":"https:\/\/memurunsesi.net\/wp-content\/uploads\/2025\/11\/cropped-MEMURUN-SESI.png","width":238,"height":57,"caption":"Memurun Sesi"},"image":{"@id":"https:\/\/memurunsesi.net\/#\/schema\/logo\/image\/"},"sameAs":["https:\/\/www.facebook.com\/unipersen\/?locale=tr_TR","https:\/\/x.com\/unipersen"]},{"@type":"Person","@id":"https:\/\/memurunsesi.net\/#\/schema\/person\/f21c2d73b89f6ee1d80b0a1803e38587","name":"Memurun Sesi Haber Merkezi","image":{"@type":"ImageObject","inLanguage":"tr","@id":"https:\/\/secure.gravatar.com\/avatar\/6cf0505f452ee753f485014986fab09a434671d2b919ee76fc541025c5876a70?s=96&d=mm&r=g","url":"https:\/\/secure.gravatar.com\/avatar\/6cf0505f452ee753f485014986fab09a434671d2b919ee76fc541025c5876a70?s=96&d=mm&r=g","contentUrl":"https:\/\/secure.gravatar.com\/avatar\/6cf0505f452ee753f485014986fab09a434671d2b919ee76fc541025c5876a70?s=96&d=mm&r=g","caption":"Memurun Sesi Haber Merkezi"},"sameAs":["https:\/\/memurunsesi.net"],"url":"https:\/\/memurunsesi.net\/index.php\/author\/uniper\/"}]}},"_links":{"self":[{"href":"https:\/\/memurunsesi.net\/index.php\/wp-json\/wp\/v2\/posts\/4834","targetHints":{"allow":["GET"]}}],"collection":[{"href":"https:\/\/memurunsesi.net\/index.php\/wp-json\/wp\/v2\/posts"}],"about":[{"href":"https:\/\/memurunsesi.net\/index.php\/wp-json\/wp\/v2\/types\/post"}],"author":[{"embeddable":true,"href":"https:\/\/memurunsesi.net\/index.php\/wp-json\/wp\/v2\/users\/1"}],"replies":[{"embeddable":true,"href":"https:\/\/memurunsesi.net\/index.php\/wp-json\/wp\/v2\/comments?post=4834"}],"version-history":[{"count":1,"href":"https:\/\/memurunsesi.net\/index.php\/wp-json\/wp\/v2\/posts\/4834\/revisions"}],"predecessor-version":[{"id":4836,"href":"https:\/\/memurunsesi.net\/index.php\/wp-json\/wp\/v2\/posts\/4834\/revisions\/4836"}],"wp:featuredmedia":[{"embeddable":true,"href":"https:\/\/memurunsesi.net\/index.php\/wp-json\/wp\/v2\/media\/4835"}],"wp:attachment":[{"href":"https:\/\/memurunsesi.net\/index.php\/wp-json\/wp\/v2\/media?parent=4834"}],"wp:term":[{"taxonomy":"category","embeddable":true,"href":"https:\/\/memurunsesi.net\/index.php\/wp-json\/wp\/v2\/categories?post=4834"},{"taxonomy":"post_tag","embeddable":true,"href":"https:\/\/memurunsesi.net\/index.php\/wp-json\/wp\/v2\/tags?post=4834"}],"curies":[{"name":"wp","href":"https:\/\/api.w.org\/{rel}","templated":true}]}}