{"id":4849,"date":"2025-04-05T19:07:59","date_gmt":"2025-04-05T16:07:59","guid":{"rendered":"https:\/\/memurunsesi.net\/?p=4849"},"modified":"2025-04-05T19:07:59","modified_gmt":"2025-04-05T16:07:59","slug":"sanliurfada-gocuk-faciasinda-3-tutuklama","status":"publish","type":"post","link":"https:\/\/memurunsesi.net\/index.php\/2025\/04\/05\/sanliurfada-gocuk-faciasinda-3-tutuklama\/","title":{"rendered":"\u015eanl\u0131urfa&#8217;da g\u00f6\u00e7\u00fck facias\u0131nda 3 tutuklama"},"content":{"rendered":"<p>\u015eanl\u0131urfa&#8217;n\u0131n Ceylanp\u0131nar il\u00e7esinde 3 i\u015f\u00e7inin hayat\u0131n\u0131 kaybetti\u011fi g\u00f6\u00e7\u00fck facias\u0131nda g\u00f6zalt\u0131na al\u0131nan 7 \u015f\u00fcpheliden 3&#8217;\u00fc tutukland\u0131.<br \/>\nCeylanp\u0131nar il\u00e7esine ba\u011fl\u0131 Bah\u00e7elievler Mahallesi&#8217;nde \u00f6zel bir firmaya ba\u011fl\u0131 i\u015f\u00e7iler, kanalizasyon \u00e7al\u0131\u015fmas\u0131 yapt\u0131\u011f\u0131 s\u0131rada g\u00f6\u00e7\u00fck alt\u0131nda kald\u0131. G\u00f6\u00e7\u00fck alt\u0131ndan \u00e7\u0131kar\u0131lan i\u015f\u00e7ilerden Engin \u00c7eki\u00e7, Kadir Alt\u0131n\u00f6z ve Halil Kartalm\u0131\u015f kald\u0131r\u0131ld\u0131klar\u0131 Ceylanp\u0131nar Devlet Hastanesinde, m\u00fcdahalelere ra\u011fmen kurtar\u0131lamayarak hayat\u0131n\u0131 kaybetti, Mithat Y\u0131lmaz ise olay\u0131 hafif yaral\u0131 olarak atlatt\u0131.<\/p>\n<p>7 \u015f\u00fcpheli g\u00f6zalt\u0131na al\u0131nd\u0131<br \/>\nCeylanp\u0131nar Cumhuriyet Ba\u015fsavc\u0131l\u0131\u011f\u0131nca olayla ilgili ba\u015flat\u0131lan soru\u015fturma kapsam\u0131nda, g\u00f6\u00e7\u00fck olay\u0131nda ihmali oldu\u011fu ileri s\u00fcr\u00fclen firma yetkilisi ve \u00e7al\u0131\u015fanlar\u0131n da aralar\u0131nda bulundu\u011fu 7 \u015f\u00fcpheli g\u00f6zalt\u0131na al\u0131nd\u0131. G\u00f6zalt\u0131 i\u015flemleri tamamlanan \u015f\u00fcpheliler adliyeye sevk edildi. \u015e\u00fcphelilerden firma sorumlusu \u00dc.\u00d6., i\u015f makinas\u0131 operat\u00f6r\u00fc H.A. ile firmada g\u00f6revli harita m\u00fchendisi N.A. tutuklanarak cezaevine g\u00f6nderilirken, M.K. adli kontrolle olmak \u00fczere M.A.K. ile \u0130.E. serbest b\u0131rak\u0131ld\u0131.<\/p>\n<p>5.04.2025<\/p>\n","protected":false},"excerpt":{"rendered":"<p>\u015eanl\u0131urfa&#8217;n\u0131n Ceylanp\u0131nar il\u00e7esinde 3 i\u015f\u00e7inin hayat\u0131n\u0131 kaybetti\u011fi g\u00f6\u00e7\u00fck facias\u0131nda g\u00f6zalt\u0131na al\u0131nan 7 \u015f\u00fcpheliden 3&#8217;\u00fc tutukland\u0131. Ceylanp\u0131nar il\u00e7esine ba\u011fl\u0131 Bah\u00e7elievler Mahallesi&#8217;nde \u00f6zel bir firmaya ba\u011fl\u0131 i\u015f\u00e7iler, kanalizasyon \u00e7al\u0131\u015fmas\u0131 yapt\u0131\u011f\u0131 s\u0131rada g\u00f6\u00e7\u00fck alt\u0131nda kald\u0131. G\u00f6\u00e7\u00fck alt\u0131ndan \u00e7\u0131kar\u0131lan i\u015f\u00e7ilerden Engin \u00c7eki\u00e7, Kadir Alt\u0131n\u00f6z ve Halil Kartalm\u0131\u015f kald\u0131r\u0131ld\u0131klar\u0131 Ceylanp\u0131nar Devlet Hastanesinde, m\u00fcdahalelere ra\u011fmen kurtar\u0131lamayarak hayat\u0131n\u0131 kaybetti, Mithat Y\u0131lmaz ise [&hellip;]<\/p>\n","protected":false},"author":1,"featured_media":4850,"comment_status":"open","ping_status":"open","sticky":false,"template":"","format":"standard","meta":{"footnotes":""},"categories":[45],"tags":[],"class_list":["post-4849","post","type-post","status-publish","format-standard","has-post-thumbnail","hentry","category-gundem"],"yoast_head":"<!-- This site is optimized with the Yoast SEO plugin v27.4 - https:\/\/yoast.com\/product\/yoast-seo-wordpress\/ -->\n<title>\u015eanl\u0131urfa&#039;da g\u00f6\u00e7\u00fck facias\u0131nda 3 tutuklama - Memurun Sesi<\/title>\n<meta name=\"robots\" content=\"index, follow, max-snippet:-1, max-image-preview:large, max-video-preview:-1\" \/>\n<link rel=\"canonical\" href=\"https:\/\/memurunsesi.net\/index.php\/2025\/04\/05\/sanliurfada-gocuk-faciasinda-3-tutuklama\/\" \/>\n<meta property=\"og:locale\" content=\"tr_TR\" \/>\n<meta property=\"og:type\" content=\"article\" \/>\n<meta property=\"og:title\" content=\"\u015eanl\u0131urfa&#039;da g\u00f6\u00e7\u00fck facias\u0131nda 3 tutuklama - Memurun Sesi\" \/>\n<meta property=\"og:description\" content=\"\u015eanl\u0131urfa&#8217;n\u0131n Ceylanp\u0131nar il\u00e7esinde 3 i\u015f\u00e7inin hayat\u0131n\u0131 kaybetti\u011fi g\u00f6\u00e7\u00fck facias\u0131nda g\u00f6zalt\u0131na al\u0131nan 7 \u015f\u00fcpheliden 3&#8217;\u00fc tutukland\u0131. Ceylanp\u0131nar il\u00e7esine ba\u011fl\u0131 Bah\u00e7elievler Mahallesi&#8217;nde \u00f6zel bir firmaya ba\u011fl\u0131 i\u015f\u00e7iler, kanalizasyon \u00e7al\u0131\u015fmas\u0131 yapt\u0131\u011f\u0131 s\u0131rada g\u00f6\u00e7\u00fck alt\u0131nda kald\u0131. G\u00f6\u00e7\u00fck alt\u0131ndan \u00e7\u0131kar\u0131lan i\u015f\u00e7ilerden Engin \u00c7eki\u00e7, Kadir Alt\u0131n\u00f6z ve Halil Kartalm\u0131\u015f kald\u0131r\u0131ld\u0131klar\u0131 Ceylanp\u0131nar Devlet Hastanesinde, m\u00fcdahalelere ra\u011fmen kurtar\u0131lamayarak hayat\u0131n\u0131 kaybetti, Mithat Y\u0131lmaz ise [&hellip;]\" \/>\n<meta property=\"og:url\" content=\"https:\/\/memurunsesi.net\/index.php\/2025\/04\/05\/sanliurfada-gocuk-faciasinda-3-tutuklama\/\" \/>\n<meta property=\"og:site_name\" content=\"Memurun Sesi\" \/>\n<meta property=\"article:publisher\" content=\"https:\/\/www.facebook.com\/unipersen\/?locale=tr_TR\" \/>\n<meta property=\"article:published_time\" content=\"2025-04-05T16:07:59+00:00\" \/>\n<meta property=\"og:image\" content=\"https:\/\/memurunsesi.net\/wp-content\/uploads\/2025\/04\/AW426476_01.jpg\" \/>\n\t<meta property=\"og:image:width\" content=\"959\" \/>\n\t<meta property=\"og:image:height\" content=\"517\" \/>\n\t<meta property=\"og:image:type\" content=\"image\/jpeg\" \/>\n<meta name=\"author\" content=\"Memurun Sesi Haber Merkezi\" \/>\n<meta name=\"twitter:card\" content=\"summary_large_image\" \/>\n<meta name=\"twitter:creator\" content=\"@unipersen\" \/>\n<meta name=\"twitter:site\" content=\"@unipersen\" \/>\n<meta name=\"twitter:label1\" content=\"Yazan:\" \/>\n\t<meta name=\"twitter:data1\" content=\"Memurun Sesi Haber Merkezi\" \/>\n\t<meta name=\"twitter:label2\" content=\"Tahmini okuma s\u00fcresi\" \/>\n\t<meta name=\"twitter:data2\" content=\"1 dakika\" \/>\n<script type=\"application\/ld+json\" class=\"yoast-schema-graph\">{\"@context\":\"https:\\\/\\\/schema.org\",\"@graph\":[{\"@type\":\"Article\",\"@id\":\"https:\\\/\\\/memurunsesi.net\\\/index.php\\\/2025\\\/04\\\/05\\\/sanliurfada-gocuk-faciasinda-3-tutuklama\\\/#article\",\"isPartOf\":{\"@id\":\"https:\\\/\\\/memurunsesi.net\\\/index.php\\\/2025\\\/04\\\/05\\\/sanliurfada-gocuk-faciasinda-3-tutuklama\\\/\"},\"author\":{\"name\":\"Memurun Sesi Haber Merkezi\",\"@id\":\"https:\\\/\\\/memurunsesi.net\\\/#\\\/schema\\\/person\\\/f21c2d73b89f6ee1d80b0a1803e38587\"},\"headline\":\"\u015eanl\u0131urfa&#8217;da g\u00f6\u00e7\u00fck facias\u0131nda 3 tutuklama\",\"datePublished\":\"2025-04-05T16:07:59+00:00\",\"mainEntityOfPage\":{\"@id\":\"https:\\\/\\\/memurunsesi.net\\\/index.php\\\/2025\\\/04\\\/05\\\/sanliurfada-gocuk-faciasinda-3-tutuklama\\\/\"},\"wordCount\":200,\"commentCount\":0,\"publisher\":{\"@id\":\"https:\\\/\\\/memurunsesi.net\\\/#organization\"},\"image\":{\"@id\":\"https:\\\/\\\/memurunsesi.net\\\/index.php\\\/2025\\\/04\\\/05\\\/sanliurfada-gocuk-faciasinda-3-tutuklama\\\/#primaryimage\"},\"thumbnailUrl\":\"https:\\\/\\\/memurunsesi.net\\\/wp-content\\\/uploads\\\/2025\\\/04\\\/AW426476_01.jpg\",\"articleSection\":[\"G\u00fcndem\"],\"inLanguage\":\"tr\",\"potentialAction\":[{\"@type\":\"CommentAction\",\"name\":\"Comment\",\"target\":[\"https:\\\/\\\/memurunsesi.net\\\/index.php\\\/2025\\\/04\\\/05\\\/sanliurfada-gocuk-faciasinda-3-tutuklama\\\/#respond\"]}]},{\"@type\":\"WebPage\",\"@id\":\"https:\\\/\\\/memurunsesi.net\\\/index.php\\\/2025\\\/04\\\/05\\\/sanliurfada-gocuk-faciasinda-3-tutuklama\\\/\",\"url\":\"https:\\\/\\\/memurunsesi.net\\\/index.php\\\/2025\\\/04\\\/05\\\/sanliurfada-gocuk-faciasinda-3-tutuklama\\\/\",\"name\":\"\u015eanl\u0131urfa'da g\u00f6\u00e7\u00fck facias\u0131nda 3 tutuklama - Memurun Sesi\",\"isPartOf\":{\"@id\":\"https:\\\/\\\/memurunsesi.net\\\/#website\"},\"primaryImageOfPage\":{\"@id\":\"https:\\\/\\\/memurunsesi.net\\\/index.php\\\/2025\\\/04\\\/05\\\/sanliurfada-gocuk-faciasinda-3-tutuklama\\\/#primaryimage\"},\"image\":{\"@id\":\"https:\\\/\\\/memurunsesi.net\\\/index.php\\\/2025\\\/04\\\/05\\\/sanliurfada-gocuk-faciasinda-3-tutuklama\\\/#primaryimage\"},\"thumbnailUrl\":\"https:\\\/\\\/memurunsesi.net\\\/wp-content\\\/uploads\\\/2025\\\/04\\\/AW426476_01.jpg\",\"datePublished\":\"2025-04-05T16:07:59+00:00\",\"breadcrumb\":{\"@id\":\"https:\\\/\\\/memurunsesi.net\\\/index.php\\\/2025\\\/04\\\/05\\\/sanliurfada-gocuk-faciasinda-3-tutuklama\\\/#breadcrumb\"},\"inLanguage\":\"tr\",\"potentialAction\":[{\"@type\":\"ReadAction\",\"target\":[\"https:\\\/\\\/memurunsesi.net\\\/index.php\\\/2025\\\/04\\\/05\\\/sanliurfada-gocuk-faciasinda-3-tutuklama\\\/\"]}]},{\"@type\":\"ImageObject\",\"inLanguage\":\"tr\",\"@id\":\"https:\\\/\\\/memurunsesi.net\\\/index.php\\\/2025\\\/04\\\/05\\\/sanliurfada-gocuk-faciasinda-3-tutuklama\\\/#primaryimage\",\"url\":\"https:\\\/\\\/memurunsesi.net\\\/wp-content\\\/uploads\\\/2025\\\/04\\\/AW426476_01.jpg\",\"contentUrl\":\"https:\\\/\\\/memurunsesi.net\\\/wp-content\\\/uploads\\\/2025\\\/04\\\/AW426476_01.jpg\",\"width\":959,\"height\":517,\"caption\":\"\u015eANLIURFA'DA G\u00d6\u00c7\u00dcK FAC\u0130ASINDA 3 TUTUKLAMA (AHMET ATAN\\\/\u015eANLIURFA-\u0130HA) \u015eanl\u0131urfa'n\u0131n Ceylanp\u0131nar il\u00e7esinde 3 i\u015f\u00e7inin hayat\u0131n\u0131 kaybetti\u011fi g\u00f6\u00e7\u00fck facias\u0131nda g\u00f6zalt\u0131na al\u0131nan 7 \u015f\u00fcpheliden 3'\u00fc tutukland\u0131.\"},{\"@type\":\"BreadcrumbList\",\"@id\":\"https:\\\/\\\/memurunsesi.net\\\/index.php\\\/2025\\\/04\\\/05\\\/sanliurfada-gocuk-faciasinda-3-tutuklama\\\/#breadcrumb\",\"itemListElement\":[{\"@type\":\"ListItem\",\"position\":1,\"name\":\"Anasayfa\",\"item\":\"https:\\\/\\\/memurunsesi.net\\\/\"},{\"@type\":\"ListItem\",\"position\":2,\"name\":\"\u015eanl\u0131urfa&#8217;da g\u00f6\u00e7\u00fck facias\u0131nda 3 tutuklama\"}]},{\"@type\":\"WebSite\",\"@id\":\"https:\\\/\\\/memurunsesi.net\\\/#website\",\"url\":\"https:\\\/\\\/memurunsesi.net\\\/\",\"name\":\"Memurun Sesi\",\"description\":\"G\u00fcncel ve Do\u011fru Haber\",\"publisher\":{\"@id\":\"https:\\\/\\\/memurunsesi.net\\\/#organization\"},\"potentialAction\":[{\"@type\":\"SearchAction\",\"target\":{\"@type\":\"EntryPoint\",\"urlTemplate\":\"https:\\\/\\\/memurunsesi.net\\\/?s={search_term_string}\"},\"query-input\":{\"@type\":\"PropertyValueSpecification\",\"valueRequired\":true,\"valueName\":\"search_term_string\"}}],\"inLanguage\":\"tr\"},{\"@type\":\"Organization\",\"@id\":\"https:\\\/\\\/memurunsesi.net\\\/#organization\",\"name\":\"Memurun Sesi\",\"url\":\"https:\\\/\\\/memurunsesi.net\\\/\",\"logo\":{\"@type\":\"ImageObject\",\"inLanguage\":\"tr\",\"@id\":\"https:\\\/\\\/memurunsesi.net\\\/#\\\/schema\\\/logo\\\/image\\\/\",\"url\":\"https:\\\/\\\/memurunsesi.net\\\/wp-content\\\/uploads\\\/2025\\\/11\\\/cropped-MEMURUN-SESI.png\",\"contentUrl\":\"https:\\\/\\\/memurunsesi.net\\\/wp-content\\\/uploads\\\/2025\\\/11\\\/cropped-MEMURUN-SESI.png\",\"width\":238,\"height\":57,\"caption\":\"Memurun Sesi\"},\"image\":{\"@id\":\"https:\\\/\\\/memurunsesi.net\\\/#\\\/schema\\\/logo\\\/image\\\/\"},\"sameAs\":[\"https:\\\/\\\/www.facebook.com\\\/unipersen\\\/?locale=tr_TR\",\"https:\\\/\\\/x.com\\\/unipersen\"]},{\"@type\":\"Person\",\"@id\":\"https:\\\/\\\/memurunsesi.net\\\/#\\\/schema\\\/person\\\/f21c2d73b89f6ee1d80b0a1803e38587\",\"name\":\"Memurun Sesi Haber Merkezi\",\"image\":{\"@type\":\"ImageObject\",\"inLanguage\":\"tr\",\"@id\":\"https:\\\/\\\/secure.gravatar.com\\\/avatar\\\/6cf0505f452ee753f485014986fab09a434671d2b919ee76fc541025c5876a70?s=96&d=mm&r=g\",\"url\":\"https:\\\/\\\/secure.gravatar.com\\\/avatar\\\/6cf0505f452ee753f485014986fab09a434671d2b919ee76fc541025c5876a70?s=96&d=mm&r=g\",\"contentUrl\":\"https:\\\/\\\/secure.gravatar.com\\\/avatar\\\/6cf0505f452ee753f485014986fab09a434671d2b919ee76fc541025c5876a70?s=96&d=mm&r=g\",\"caption\":\"Memurun Sesi Haber Merkezi\"},\"sameAs\":[\"https:\\\/\\\/memurunsesi.net\"],\"url\":\"https:\\\/\\\/memurunsesi.net\\\/index.php\\\/author\\\/uniper\\\/\"}]}<\/script>\n<!-- \/ Yoast SEO plugin. -->","yoast_head_json":{"title":"\u015eanl\u0131urfa'da g\u00f6\u00e7\u00fck facias\u0131nda 3 tutuklama - Memurun Sesi","robots":{"index":"index","follow":"follow","max-snippet":"max-snippet:-1","max-image-preview":"max-image-preview:large","max-video-preview":"max-video-preview:-1"},"canonical":"https:\/\/memurunsesi.net\/index.php\/2025\/04\/05\/sanliurfada-gocuk-faciasinda-3-tutuklama\/","og_locale":"tr_TR","og_type":"article","og_title":"\u015eanl\u0131urfa'da g\u00f6\u00e7\u00fck facias\u0131nda 3 tutuklama - Memurun Sesi","og_description":"\u015eanl\u0131urfa&#8217;n\u0131n Ceylanp\u0131nar il\u00e7esinde 3 i\u015f\u00e7inin hayat\u0131n\u0131 kaybetti\u011fi g\u00f6\u00e7\u00fck facias\u0131nda g\u00f6zalt\u0131na al\u0131nan 7 \u015f\u00fcpheliden 3&#8217;\u00fc tutukland\u0131. Ceylanp\u0131nar il\u00e7esine ba\u011fl\u0131 Bah\u00e7elievler Mahallesi&#8217;nde \u00f6zel bir firmaya ba\u011fl\u0131 i\u015f\u00e7iler, kanalizasyon \u00e7al\u0131\u015fmas\u0131 yapt\u0131\u011f\u0131 s\u0131rada g\u00f6\u00e7\u00fck alt\u0131nda kald\u0131. G\u00f6\u00e7\u00fck alt\u0131ndan \u00e7\u0131kar\u0131lan i\u015f\u00e7ilerden Engin \u00c7eki\u00e7, Kadir Alt\u0131n\u00f6z ve Halil Kartalm\u0131\u015f kald\u0131r\u0131ld\u0131klar\u0131 Ceylanp\u0131nar Devlet Hastanesinde, m\u00fcdahalelere ra\u011fmen kurtar\u0131lamayarak hayat\u0131n\u0131 kaybetti, Mithat Y\u0131lmaz ise [&hellip;]","og_url":"https:\/\/memurunsesi.net\/index.php\/2025\/04\/05\/sanliurfada-gocuk-faciasinda-3-tutuklama\/","og_site_name":"Memurun Sesi","article_publisher":"https:\/\/www.facebook.com\/unipersen\/?locale=tr_TR","article_published_time":"2025-04-05T16:07:59+00:00","og_image":[{"width":959,"height":517,"url":"https:\/\/memurunsesi.net\/wp-content\/uploads\/2025\/04\/AW426476_01.jpg","type":"image\/jpeg"}],"author":"Memurun Sesi Haber Merkezi","twitter_card":"summary_large_image","twitter_creator":"@unipersen","twitter_site":"@unipersen","twitter_misc":{"Yazan:":"Memurun Sesi Haber Merkezi","Tahmini okuma s\u00fcresi":"1 dakika"},"schema":{"@context":"https:\/\/schema.org","@graph":[{"@type":"Article","@id":"https:\/\/memurunsesi.net\/index.php\/2025\/04\/05\/sanliurfada-gocuk-faciasinda-3-tutuklama\/#article","isPartOf":{"@id":"https:\/\/memurunsesi.net\/index.php\/2025\/04\/05\/sanliurfada-gocuk-faciasinda-3-tutuklama\/"},"author":{"name":"Memurun Sesi Haber Merkezi","@id":"https:\/\/memurunsesi.net\/#\/schema\/person\/f21c2d73b89f6ee1d80b0a1803e38587"},"headline":"\u015eanl\u0131urfa&#8217;da g\u00f6\u00e7\u00fck facias\u0131nda 3 tutuklama","datePublished":"2025-04-05T16:07:59+00:00","mainEntityOfPage":{"@id":"https:\/\/memurunsesi.net\/index.php\/2025\/04\/05\/sanliurfada-gocuk-faciasinda-3-tutuklama\/"},"wordCount":200,"commentCount":0,"publisher":{"@id":"https:\/\/memurunsesi.net\/#organization"},"image":{"@id":"https:\/\/memurunsesi.net\/index.php\/2025\/04\/05\/sanliurfada-gocuk-faciasinda-3-tutuklama\/#primaryimage"},"thumbnailUrl":"https:\/\/memurunsesi.net\/wp-content\/uploads\/2025\/04\/AW426476_01.jpg","articleSection":["G\u00fcndem"],"inLanguage":"tr","potentialAction":[{"@type":"CommentAction","name":"Comment","target":["https:\/\/memurunsesi.net\/index.php\/2025\/04\/05\/sanliurfada-gocuk-faciasinda-3-tutuklama\/#respond"]}]},{"@type":"WebPage","@id":"https:\/\/memurunsesi.net\/index.php\/2025\/04\/05\/sanliurfada-gocuk-faciasinda-3-tutuklama\/","url":"https:\/\/memurunsesi.net\/index.php\/2025\/04\/05\/sanliurfada-gocuk-faciasinda-3-tutuklama\/","name":"\u015eanl\u0131urfa'da g\u00f6\u00e7\u00fck facias\u0131nda 3 tutuklama - Memurun Sesi","isPartOf":{"@id":"https:\/\/memurunsesi.net\/#website"},"primaryImageOfPage":{"@id":"https:\/\/memurunsesi.net\/index.php\/2025\/04\/05\/sanliurfada-gocuk-faciasinda-3-tutuklama\/#primaryimage"},"image":{"@id":"https:\/\/memurunsesi.net\/index.php\/2025\/04\/05\/sanliurfada-gocuk-faciasinda-3-tutuklama\/#primaryimage"},"thumbnailUrl":"https:\/\/memurunsesi.net\/wp-content\/uploads\/2025\/04\/AW426476_01.jpg","datePublished":"2025-04-05T16:07:59+00:00","breadcrumb":{"@id":"https:\/\/memurunsesi.net\/index.php\/2025\/04\/05\/sanliurfada-gocuk-faciasinda-3-tutuklama\/#breadcrumb"},"inLanguage":"tr","potentialAction":[{"@type":"ReadAction","target":["https:\/\/memurunsesi.net\/index.php\/2025\/04\/05\/sanliurfada-gocuk-faciasinda-3-tutuklama\/"]}]},{"@type":"ImageObject","inLanguage":"tr","@id":"https:\/\/memurunsesi.net\/index.php\/2025\/04\/05\/sanliurfada-gocuk-faciasinda-3-tutuklama\/#primaryimage","url":"https:\/\/memurunsesi.net\/wp-content\/uploads\/2025\/04\/AW426476_01.jpg","contentUrl":"https:\/\/memurunsesi.net\/wp-content\/uploads\/2025\/04\/AW426476_01.jpg","width":959,"height":517,"caption":"\u015eANLIURFA'DA G\u00d6\u00c7\u00dcK FAC\u0130ASINDA 3 TUTUKLAMA (AHMET ATAN\/\u015eANLIURFA-\u0130HA) \u015eanl\u0131urfa'n\u0131n Ceylanp\u0131nar il\u00e7esinde 3 i\u015f\u00e7inin hayat\u0131n\u0131 kaybetti\u011fi g\u00f6\u00e7\u00fck facias\u0131nda g\u00f6zalt\u0131na al\u0131nan 7 \u015f\u00fcpheliden 3'\u00fc tutukland\u0131."},{"@type":"BreadcrumbList","@id":"https:\/\/memurunsesi.net\/index.php\/2025\/04\/05\/sanliurfada-gocuk-faciasinda-3-tutuklama\/#breadcrumb","itemListElement":[{"@type":"ListItem","position":1,"name":"Anasayfa","item":"https:\/\/memurunsesi.net\/"},{"@type":"ListItem","position":2,"name":"\u015eanl\u0131urfa&#8217;da g\u00f6\u00e7\u00fck facias\u0131nda 3 tutuklama"}]},{"@type":"WebSite","@id":"https:\/\/memurunsesi.net\/#website","url":"https:\/\/memurunsesi.net\/","name":"Memurun Sesi","description":"G\u00fcncel ve Do\u011fru Haber","publisher":{"@id":"https:\/\/memurunsesi.net\/#organization"},"potentialAction":[{"@type":"SearchAction","target":{"@type":"EntryPoint","urlTemplate":"https:\/\/memurunsesi.net\/?s={search_term_string}"},"query-input":{"@type":"PropertyValueSpecification","valueRequired":true,"valueName":"search_term_string"}}],"inLanguage":"tr"},{"@type":"Organization","@id":"https:\/\/memurunsesi.net\/#organization","name":"Memurun Sesi","url":"https:\/\/memurunsesi.net\/","logo":{"@type":"ImageObject","inLanguage":"tr","@id":"https:\/\/memurunsesi.net\/#\/schema\/logo\/image\/","url":"https:\/\/memurunsesi.net\/wp-content\/uploads\/2025\/11\/cropped-MEMURUN-SESI.png","contentUrl":"https:\/\/memurunsesi.net\/wp-content\/uploads\/2025\/11\/cropped-MEMURUN-SESI.png","width":238,"height":57,"caption":"Memurun Sesi"},"image":{"@id":"https:\/\/memurunsesi.net\/#\/schema\/logo\/image\/"},"sameAs":["https:\/\/www.facebook.com\/unipersen\/?locale=tr_TR","https:\/\/x.com\/unipersen"]},{"@type":"Person","@id":"https:\/\/memurunsesi.net\/#\/schema\/person\/f21c2d73b89f6ee1d80b0a1803e38587","name":"Memurun Sesi Haber Merkezi","image":{"@type":"ImageObject","inLanguage":"tr","@id":"https:\/\/secure.gravatar.com\/avatar\/6cf0505f452ee753f485014986fab09a434671d2b919ee76fc541025c5876a70?s=96&d=mm&r=g","url":"https:\/\/secure.gravatar.com\/avatar\/6cf0505f452ee753f485014986fab09a434671d2b919ee76fc541025c5876a70?s=96&d=mm&r=g","contentUrl":"https:\/\/secure.gravatar.com\/avatar\/6cf0505f452ee753f485014986fab09a434671d2b919ee76fc541025c5876a70?s=96&d=mm&r=g","caption":"Memurun Sesi Haber Merkezi"},"sameAs":["https:\/\/memurunsesi.net"],"url":"https:\/\/memurunsesi.net\/index.php\/author\/uniper\/"}]}},"_links":{"self":[{"href":"https:\/\/memurunsesi.net\/index.php\/wp-json\/wp\/v2\/posts\/4849","targetHints":{"allow":["GET"]}}],"collection":[{"href":"https:\/\/memurunsesi.net\/index.php\/wp-json\/wp\/v2\/posts"}],"about":[{"href":"https:\/\/memurunsesi.net\/index.php\/wp-json\/wp\/v2\/types\/post"}],"author":[{"embeddable":true,"href":"https:\/\/memurunsesi.net\/index.php\/wp-json\/wp\/v2\/users\/1"}],"replies":[{"embeddable":true,"href":"https:\/\/memurunsesi.net\/index.php\/wp-json\/wp\/v2\/comments?post=4849"}],"version-history":[{"count":1,"href":"https:\/\/memurunsesi.net\/index.php\/wp-json\/wp\/v2\/posts\/4849\/revisions"}],"predecessor-version":[{"id":4851,"href":"https:\/\/memurunsesi.net\/index.php\/wp-json\/wp\/v2\/posts\/4849\/revisions\/4851"}],"wp:featuredmedia":[{"embeddable":true,"href":"https:\/\/memurunsesi.net\/index.php\/wp-json\/wp\/v2\/media\/4850"}],"wp:attachment":[{"href":"https:\/\/memurunsesi.net\/index.php\/wp-json\/wp\/v2\/media?parent=4849"}],"wp:term":[{"taxonomy":"category","embeddable":true,"href":"https:\/\/memurunsesi.net\/index.php\/wp-json\/wp\/v2\/categories?post=4849"},{"taxonomy":"post_tag","embeddable":true,"href":"https:\/\/memurunsesi.net\/index.php\/wp-json\/wp\/v2\/tags?post=4849"}],"curies":[{"name":"wp","href":"https:\/\/api.w.org\/{rel}","templated":true}]}}