{"id":4858,"date":"2025-04-05T19:36:42","date_gmt":"2025-04-05T16:36:42","guid":{"rendered":"https:\/\/memurunsesi.net\/?p=4858"},"modified":"2025-04-05T19:36:42","modified_gmt":"2025-04-05T16:36:42","slug":"dogal-ve-saglikli-yasam-kiymetlendi-aileler-inek-edinmeye-basladi","status":"publish","type":"post","link":"https:\/\/memurunsesi.net\/index.php\/2025\/04\/05\/dogal-ve-saglikli-yasam-kiymetlendi-aileler-inek-edinmeye-basladi\/","title":{"rendered":"Do\u011fal ve sa\u011fl\u0131kl\u0131 ya\u015fam k\u0131ymetlendi, aileler inek edinmeye ba\u015flad\u0131"},"content":{"rendered":"<p>Ayd\u0131n hayvan pazar\u0131nda, inek al\u0131\u015fveri\u015fi artt\u0131<br \/>\nT\u00fcrkiye\u2019de en yo\u011fun emeklinin ya\u015fad\u0131\u011f\u0131 \u015fehirlerde biri olan Ayd\u0131n\u2019da k\u00f6ylerde ya\u015fayan aileler yeniden inek edinmeye ba\u015flad\u0131. Ayd\u0131n Celepler ve Kasaplar Odas\u0131\u2019n\u0131n eski ba\u015fkan\u0131 \u0130smail Kad\u0131, inek bakmaya imkan\u0131 olan ailelerin kendi s\u00fct, yo\u011furt ve peynirlerini kendileri sa\u011flamak i\u00e7in yeniden inek edinmeye ba\u015flad\u0131\u011f\u0131n\u0131 belirtti.<\/p>\n<p>Ayd\u0131n\u2019da her hafta Cuma sabahlar\u0131 kurulan hayvan pazar\u0131, bu hafta ya\u011f\u0131\u015f ve a\u015f\u0131r\u0131 sise ra\u011fmen yo\u011fun bir kat\u0131l\u0131mla a\u00e7\u0131ld\u0131. \u0130nek al\u0131\u015fveri\u015finin olduk\u00e7a yo\u011fun oldu\u011fu pazarda, gen\u00e7 ve verimli ineklerin i\u015fletmelerden ziyade aileler al\u0131nmaya ba\u015fland\u0131\u011f\u0131 belirtildi.<\/p>\n<p>&#8220;\u0130mkan\u0131 olan i\u00e7in hem ekonomik hem de sa\u011fl\u0131kl\u0131&#8221;<br \/>\nPek \u00e7ok hastal\u0131\u011f\u0131n yayg\u0131n hale gelmesi ve g\u0131dada ya\u015fanan hileler ortaya \u00e7\u0131kt\u0131k\u00e7a insanlar\u0131n imkanlar\u0131 \u00f6l\u00e7\u00fcs\u00fcnde g\u00fcvenli g\u0131da ile beslenmeye \u00f6zen g\u00f6sterdi\u011fini belirten Ayd\u0131n Celepler ve Kasaplar Odas\u0131\u2019n\u0131n \u00f6nceki d\u00f6nem ba\u015fkan\u0131 \u0130smail Kad\u0131, bu kapsamda ailelerin eski d\u00f6nemlerde oldu\u011fu gibi kendi ihtiyac\u0131n\u0131 kar\u015f\u0131lamak i\u00e7in inek edinmeye ba\u015flad\u0131\u011f\u0131n\u0131 belirtti. Kad\u0131, &#8220;Eskiden \u2018para her \u015feyi al\u0131r\u2019 anlay\u0131\u015f\u0131 vard\u0131. \u015eimdi para her \u015feyi al\u0131yor ama sa\u011fl\u0131\u011f\u0131 alam\u0131yor. Bu nedenle pek \u00e7ok ki\u015fi t\u00fcketece\u011fi g\u0131day\u0131 ya g\u00fcvendi\u011fi ki\u015fi ya da kurumdan al\u0131yor imkan\u0131 varsa kendi \u00fcretiyor. Bu nedenle \u015fimdi k\u00f6yde ya\u015fay\u0131p inek bakmaya imkanlar\u0131 elveri\u015fli olan herkes, s\u0131rf para kazanmak i\u00e7in de\u011fil sa\u011fl\u0131kl\u0131 beslenmek ve g\u00fcvenli g\u0131daya ula\u015fmak i\u00e7in inek edinmeye ba\u015flad\u0131. Vatanda\u015f ine\u011finin sa\u011f\u0131n\u0131 ile hem kendisi besleniyor hem de \u00e7evresine sat\u0131\u015f yap\u0131p \u00fc\u00e7 be\u015f kuru\u015f har\u00e7l\u0131k \u00e7\u0131kar\u0131yor. Hem de ine\u011fin buza\u011f\u0131s\u0131n\u0131 besleyip b\u00fcy\u00fcterek birikim yapmaya \u00e7al\u0131\u015f\u0131yor&#8221; dedi.<br \/>\n5.04.2025<\/p>\n","protected":false},"excerpt":{"rendered":"<p>Ayd\u0131n hayvan pazar\u0131nda, inek al\u0131\u015fveri\u015fi artt\u0131 T\u00fcrkiye\u2019de en yo\u011fun emeklinin ya\u015fad\u0131\u011f\u0131 \u015fehirlerde biri olan Ayd\u0131n\u2019da k\u00f6ylerde ya\u015fayan aileler yeniden inek edinmeye ba\u015flad\u0131. Ayd\u0131n Celepler ve Kasaplar Odas\u0131\u2019n\u0131n eski ba\u015fkan\u0131 \u0130smail Kad\u0131, inek bakmaya imkan\u0131 olan ailelerin kendi s\u00fct, yo\u011furt ve peynirlerini kendileri sa\u011flamak i\u00e7in yeniden inek edinmeye ba\u015flad\u0131\u011f\u0131n\u0131 belirtti. Ayd\u0131n\u2019da her hafta Cuma sabahlar\u0131 kurulan [&hellip;]<\/p>\n","protected":false},"author":1,"featured_media":4859,"comment_status":"open","ping_status":"open","sticky":false,"template":"","format":"standard","meta":{"footnotes":""},"categories":[50],"tags":[],"class_list":["post-4858","post","type-post","status-publish","format-standard","has-post-thumbnail","hentry","category-tum-haberler"],"yoast_head":"<!-- This site is optimized with the Yoast SEO plugin v27.4 - https:\/\/yoast.com\/product\/yoast-seo-wordpress\/ -->\n<title>Do\u011fal ve sa\u011fl\u0131kl\u0131 ya\u015fam k\u0131ymetlendi, aileler inek edinmeye ba\u015flad\u0131 - Memurun Sesi<\/title>\n<meta name=\"robots\" content=\"index, follow, max-snippet:-1, max-image-preview:large, max-video-preview:-1\" \/>\n<link rel=\"canonical\" href=\"https:\/\/memurunsesi.net\/index.php\/2025\/04\/05\/dogal-ve-saglikli-yasam-kiymetlendi-aileler-inek-edinmeye-basladi\/\" \/>\n<meta property=\"og:locale\" content=\"tr_TR\" \/>\n<meta property=\"og:type\" content=\"article\" \/>\n<meta property=\"og:title\" content=\"Do\u011fal ve sa\u011fl\u0131kl\u0131 ya\u015fam k\u0131ymetlendi, aileler inek edinmeye ba\u015flad\u0131 - Memurun Sesi\" \/>\n<meta property=\"og:description\" content=\"Ayd\u0131n hayvan pazar\u0131nda, inek al\u0131\u015fveri\u015fi artt\u0131 T\u00fcrkiye\u2019de en yo\u011fun emeklinin ya\u015fad\u0131\u011f\u0131 \u015fehirlerde biri olan Ayd\u0131n\u2019da k\u00f6ylerde ya\u015fayan aileler yeniden inek edinmeye ba\u015flad\u0131. Ayd\u0131n Celepler ve Kasaplar Odas\u0131\u2019n\u0131n eski ba\u015fkan\u0131 \u0130smail Kad\u0131, inek bakmaya imkan\u0131 olan ailelerin kendi s\u00fct, yo\u011furt ve peynirlerini kendileri sa\u011flamak i\u00e7in yeniden inek edinmeye ba\u015flad\u0131\u011f\u0131n\u0131 belirtti. Ayd\u0131n\u2019da her hafta Cuma sabahlar\u0131 kurulan [&hellip;]\" \/>\n<meta property=\"og:url\" content=\"https:\/\/memurunsesi.net\/index.php\/2025\/04\/05\/dogal-ve-saglikli-yasam-kiymetlendi-aileler-inek-edinmeye-basladi\/\" \/>\n<meta property=\"og:site_name\" content=\"Memurun Sesi\" \/>\n<meta property=\"article:publisher\" content=\"https:\/\/www.facebook.com\/unipersen\/?locale=tr_TR\" \/>\n<meta property=\"article:published_time\" content=\"2025-04-05T16:36:42+00:00\" \/>\n<meta property=\"og:image\" content=\"https:\/\/memurunsesi.net\/wp-content\/uploads\/2025\/04\/AW426453_01-scaled.jpg\" \/>\n\t<meta property=\"og:image:width\" content=\"2560\" \/>\n\t<meta property=\"og:image:height\" content=\"1499\" \/>\n\t<meta property=\"og:image:type\" content=\"image\/jpeg\" \/>\n<meta name=\"author\" content=\"Memurun Sesi Haber Merkezi\" \/>\n<meta name=\"twitter:card\" content=\"summary_large_image\" \/>\n<meta name=\"twitter:creator\" content=\"@unipersen\" \/>\n<meta name=\"twitter:site\" content=\"@unipersen\" \/>\n<meta name=\"twitter:label1\" content=\"Yazan:\" \/>\n\t<meta name=\"twitter:data1\" content=\"Memurun Sesi Haber Merkezi\" \/>\n\t<meta name=\"twitter:label2\" content=\"Tahmini okuma s\u00fcresi\" \/>\n\t<meta name=\"twitter:data2\" content=\"2 dakika\" \/>\n<script type=\"application\/ld+json\" class=\"yoast-schema-graph\">{\"@context\":\"https:\\\/\\\/schema.org\",\"@graph\":[{\"@type\":\"Article\",\"@id\":\"https:\\\/\\\/memurunsesi.net\\\/index.php\\\/2025\\\/04\\\/05\\\/dogal-ve-saglikli-yasam-kiymetlendi-aileler-inek-edinmeye-basladi\\\/#article\",\"isPartOf\":{\"@id\":\"https:\\\/\\\/memurunsesi.net\\\/index.php\\\/2025\\\/04\\\/05\\\/dogal-ve-saglikli-yasam-kiymetlendi-aileler-inek-edinmeye-basladi\\\/\"},\"author\":{\"name\":\"Memurun Sesi Haber Merkezi\",\"@id\":\"https:\\\/\\\/memurunsesi.net\\\/#\\\/schema\\\/person\\\/f21c2d73b89f6ee1d80b0a1803e38587\"},\"headline\":\"Do\u011fal ve sa\u011fl\u0131kl\u0131 ya\u015fam k\u0131ymetlendi, aileler inek edinmeye ba\u015flad\u0131\",\"datePublished\":\"2025-04-05T16:36:42+00:00\",\"mainEntityOfPage\":{\"@id\":\"https:\\\/\\\/memurunsesi.net\\\/index.php\\\/2025\\\/04\\\/05\\\/dogal-ve-saglikli-yasam-kiymetlendi-aileler-inek-edinmeye-basladi\\\/\"},\"wordCount\":345,\"commentCount\":0,\"publisher\":{\"@id\":\"https:\\\/\\\/memurunsesi.net\\\/#organization\"},\"image\":{\"@id\":\"https:\\\/\\\/memurunsesi.net\\\/index.php\\\/2025\\\/04\\\/05\\\/dogal-ve-saglikli-yasam-kiymetlendi-aileler-inek-edinmeye-basladi\\\/#primaryimage\"},\"thumbnailUrl\":\"https:\\\/\\\/memurunsesi.net\\\/wp-content\\\/uploads\\\/2025\\\/04\\\/AW426453_01-scaled.jpg\",\"articleSection\":[\"T\u00fcm Haberler\"],\"inLanguage\":\"tr\",\"potentialAction\":[{\"@type\":\"CommentAction\",\"name\":\"Comment\",\"target\":[\"https:\\\/\\\/memurunsesi.net\\\/index.php\\\/2025\\\/04\\\/05\\\/dogal-ve-saglikli-yasam-kiymetlendi-aileler-inek-edinmeye-basladi\\\/#respond\"]}]},{\"@type\":\"WebPage\",\"@id\":\"https:\\\/\\\/memurunsesi.net\\\/index.php\\\/2025\\\/04\\\/05\\\/dogal-ve-saglikli-yasam-kiymetlendi-aileler-inek-edinmeye-basladi\\\/\",\"url\":\"https:\\\/\\\/memurunsesi.net\\\/index.php\\\/2025\\\/04\\\/05\\\/dogal-ve-saglikli-yasam-kiymetlendi-aileler-inek-edinmeye-basladi\\\/\",\"name\":\"Do\u011fal ve sa\u011fl\u0131kl\u0131 ya\u015fam k\u0131ymetlendi, aileler inek edinmeye ba\u015flad\u0131 - Memurun Sesi\",\"isPartOf\":{\"@id\":\"https:\\\/\\\/memurunsesi.net\\\/#website\"},\"primaryImageOfPage\":{\"@id\":\"https:\\\/\\\/memurunsesi.net\\\/index.php\\\/2025\\\/04\\\/05\\\/dogal-ve-saglikli-yasam-kiymetlendi-aileler-inek-edinmeye-basladi\\\/#primaryimage\"},\"image\":{\"@id\":\"https:\\\/\\\/memurunsesi.net\\\/index.php\\\/2025\\\/04\\\/05\\\/dogal-ve-saglikli-yasam-kiymetlendi-aileler-inek-edinmeye-basladi\\\/#primaryimage\"},\"thumbnailUrl\":\"https:\\\/\\\/memurunsesi.net\\\/wp-content\\\/uploads\\\/2025\\\/04\\\/AW426453_01-scaled.jpg\",\"datePublished\":\"2025-04-05T16:36:42+00:00\",\"breadcrumb\":{\"@id\":\"https:\\\/\\\/memurunsesi.net\\\/index.php\\\/2025\\\/04\\\/05\\\/dogal-ve-saglikli-yasam-kiymetlendi-aileler-inek-edinmeye-basladi\\\/#breadcrumb\"},\"inLanguage\":\"tr\",\"potentialAction\":[{\"@type\":\"ReadAction\",\"target\":[\"https:\\\/\\\/memurunsesi.net\\\/index.php\\\/2025\\\/04\\\/05\\\/dogal-ve-saglikli-yasam-kiymetlendi-aileler-inek-edinmeye-basladi\\\/\"]}]},{\"@type\":\"ImageObject\",\"inLanguage\":\"tr\",\"@id\":\"https:\\\/\\\/memurunsesi.net\\\/index.php\\\/2025\\\/04\\\/05\\\/dogal-ve-saglikli-yasam-kiymetlendi-aileler-inek-edinmeye-basladi\\\/#primaryimage\",\"url\":\"https:\\\/\\\/memurunsesi.net\\\/wp-content\\\/uploads\\\/2025\\\/04\\\/AW426453_01-scaled.jpg\",\"contentUrl\":\"https:\\\/\\\/memurunsesi.net\\\/wp-content\\\/uploads\\\/2025\\\/04\\\/AW426453_01-scaled.jpg\",\"width\":2560,\"height\":1499,\"caption\":\"DO\u011eAL VE SA\u011eLIKLI YA\u015eAM KIYMETLEND\u0130, A\u0130LELER \u0130NEK ED\u0130NMEYE BA\u015eLADI, AYDIN HAYVAN PAZARINDA, \u0130NEK ALI\u015eVER\u0130\u015e\u0130 ARTTI (MURAT TAN\\\/AYDIN-\u0130HA) T\u00fcrkiye'de en yo\u011fun emeklinin ya\u015fad\u0131\u011f\u0131 \u015fehirlerde biri olan Ayd\u0131n'da k\u00f6ylerde ya\u015fayan aileler yeniden inek edinmeye ba\u015flad\u0131. Ayd\u0131n Celepler ve Kasaplar Odas\u0131'n\u0131n eski ba\u015fkan\u0131 \u0130smail Kad\u0131, inek bakmaya imkan\u0131 olan ailelerin kendi s\u00fct, yo\u011furt ve peynirlerini kendileri sa\u011flamak i\u00e7in yeniden inek edinmeye ba\u015flad\u0131\u011f\u0131n\u0131 belirtti.\"},{\"@type\":\"BreadcrumbList\",\"@id\":\"https:\\\/\\\/memurunsesi.net\\\/index.php\\\/2025\\\/04\\\/05\\\/dogal-ve-saglikli-yasam-kiymetlendi-aileler-inek-edinmeye-basladi\\\/#breadcrumb\",\"itemListElement\":[{\"@type\":\"ListItem\",\"position\":1,\"name\":\"Anasayfa\",\"item\":\"https:\\\/\\\/memurunsesi.net\\\/\"},{\"@type\":\"ListItem\",\"position\":2,\"name\":\"Do\u011fal ve sa\u011fl\u0131kl\u0131 ya\u015fam k\u0131ymetlendi, aileler inek edinmeye ba\u015flad\u0131\"}]},{\"@type\":\"WebSite\",\"@id\":\"https:\\\/\\\/memurunsesi.net\\\/#website\",\"url\":\"https:\\\/\\\/memurunsesi.net\\\/\",\"name\":\"Memurun Sesi\",\"description\":\"G\u00fcncel ve Do\u011fru Haber\",\"publisher\":{\"@id\":\"https:\\\/\\\/memurunsesi.net\\\/#organization\"},\"potentialAction\":[{\"@type\":\"SearchAction\",\"target\":{\"@type\":\"EntryPoint\",\"urlTemplate\":\"https:\\\/\\\/memurunsesi.net\\\/?s={search_term_string}\"},\"query-input\":{\"@type\":\"PropertyValueSpecification\",\"valueRequired\":true,\"valueName\":\"search_term_string\"}}],\"inLanguage\":\"tr\"},{\"@type\":\"Organization\",\"@id\":\"https:\\\/\\\/memurunsesi.net\\\/#organization\",\"name\":\"Memurun Sesi\",\"url\":\"https:\\\/\\\/memurunsesi.net\\\/\",\"logo\":{\"@type\":\"ImageObject\",\"inLanguage\":\"tr\",\"@id\":\"https:\\\/\\\/memurunsesi.net\\\/#\\\/schema\\\/logo\\\/image\\\/\",\"url\":\"https:\\\/\\\/memurunsesi.net\\\/wp-content\\\/uploads\\\/2025\\\/11\\\/cropped-MEMURUN-SESI.png\",\"contentUrl\":\"https:\\\/\\\/memurunsesi.net\\\/wp-content\\\/uploads\\\/2025\\\/11\\\/cropped-MEMURUN-SESI.png\",\"width\":238,\"height\":57,\"caption\":\"Memurun Sesi\"},\"image\":{\"@id\":\"https:\\\/\\\/memurunsesi.net\\\/#\\\/schema\\\/logo\\\/image\\\/\"},\"sameAs\":[\"https:\\\/\\\/www.facebook.com\\\/unipersen\\\/?locale=tr_TR\",\"https:\\\/\\\/x.com\\\/unipersen\"]},{\"@type\":\"Person\",\"@id\":\"https:\\\/\\\/memurunsesi.net\\\/#\\\/schema\\\/person\\\/f21c2d73b89f6ee1d80b0a1803e38587\",\"name\":\"Memurun Sesi Haber Merkezi\",\"image\":{\"@type\":\"ImageObject\",\"inLanguage\":\"tr\",\"@id\":\"https:\\\/\\\/secure.gravatar.com\\\/avatar\\\/6cf0505f452ee753f485014986fab09a434671d2b919ee76fc541025c5876a70?s=96&d=mm&r=g\",\"url\":\"https:\\\/\\\/secure.gravatar.com\\\/avatar\\\/6cf0505f452ee753f485014986fab09a434671d2b919ee76fc541025c5876a70?s=96&d=mm&r=g\",\"contentUrl\":\"https:\\\/\\\/secure.gravatar.com\\\/avatar\\\/6cf0505f452ee753f485014986fab09a434671d2b919ee76fc541025c5876a70?s=96&d=mm&r=g\",\"caption\":\"Memurun Sesi Haber Merkezi\"},\"sameAs\":[\"https:\\\/\\\/memurunsesi.net\"],\"url\":\"https:\\\/\\\/memurunsesi.net\\\/index.php\\\/author\\\/uniper\\\/\"}]}<\/script>\n<!-- \/ Yoast SEO plugin. -->","yoast_head_json":{"title":"Do\u011fal ve sa\u011fl\u0131kl\u0131 ya\u015fam k\u0131ymetlendi, aileler inek edinmeye ba\u015flad\u0131 - Memurun Sesi","robots":{"index":"index","follow":"follow","max-snippet":"max-snippet:-1","max-image-preview":"max-image-preview:large","max-video-preview":"max-video-preview:-1"},"canonical":"https:\/\/memurunsesi.net\/index.php\/2025\/04\/05\/dogal-ve-saglikli-yasam-kiymetlendi-aileler-inek-edinmeye-basladi\/","og_locale":"tr_TR","og_type":"article","og_title":"Do\u011fal ve sa\u011fl\u0131kl\u0131 ya\u015fam k\u0131ymetlendi, aileler inek edinmeye ba\u015flad\u0131 - Memurun Sesi","og_description":"Ayd\u0131n hayvan pazar\u0131nda, inek al\u0131\u015fveri\u015fi artt\u0131 T\u00fcrkiye\u2019de en yo\u011fun emeklinin ya\u015fad\u0131\u011f\u0131 \u015fehirlerde biri olan Ayd\u0131n\u2019da k\u00f6ylerde ya\u015fayan aileler yeniden inek edinmeye ba\u015flad\u0131. Ayd\u0131n Celepler ve Kasaplar Odas\u0131\u2019n\u0131n eski ba\u015fkan\u0131 \u0130smail Kad\u0131, inek bakmaya imkan\u0131 olan ailelerin kendi s\u00fct, yo\u011furt ve peynirlerini kendileri sa\u011flamak i\u00e7in yeniden inek edinmeye ba\u015flad\u0131\u011f\u0131n\u0131 belirtti. Ayd\u0131n\u2019da her hafta Cuma sabahlar\u0131 kurulan [&hellip;]","og_url":"https:\/\/memurunsesi.net\/index.php\/2025\/04\/05\/dogal-ve-saglikli-yasam-kiymetlendi-aileler-inek-edinmeye-basladi\/","og_site_name":"Memurun Sesi","article_publisher":"https:\/\/www.facebook.com\/unipersen\/?locale=tr_TR","article_published_time":"2025-04-05T16:36:42+00:00","og_image":[{"width":2560,"height":1499,"url":"https:\/\/memurunsesi.net\/wp-content\/uploads\/2025\/04\/AW426453_01-scaled.jpg","type":"image\/jpeg"}],"author":"Memurun Sesi Haber Merkezi","twitter_card":"summary_large_image","twitter_creator":"@unipersen","twitter_site":"@unipersen","twitter_misc":{"Yazan:":"Memurun Sesi Haber Merkezi","Tahmini okuma s\u00fcresi":"2 dakika"},"schema":{"@context":"https:\/\/schema.org","@graph":[{"@type":"Article","@id":"https:\/\/memurunsesi.net\/index.php\/2025\/04\/05\/dogal-ve-saglikli-yasam-kiymetlendi-aileler-inek-edinmeye-basladi\/#article","isPartOf":{"@id":"https:\/\/memurunsesi.net\/index.php\/2025\/04\/05\/dogal-ve-saglikli-yasam-kiymetlendi-aileler-inek-edinmeye-basladi\/"},"author":{"name":"Memurun Sesi Haber Merkezi","@id":"https:\/\/memurunsesi.net\/#\/schema\/person\/f21c2d73b89f6ee1d80b0a1803e38587"},"headline":"Do\u011fal ve sa\u011fl\u0131kl\u0131 ya\u015fam k\u0131ymetlendi, aileler inek edinmeye ba\u015flad\u0131","datePublished":"2025-04-05T16:36:42+00:00","mainEntityOfPage":{"@id":"https:\/\/memurunsesi.net\/index.php\/2025\/04\/05\/dogal-ve-saglikli-yasam-kiymetlendi-aileler-inek-edinmeye-basladi\/"},"wordCount":345,"commentCount":0,"publisher":{"@id":"https:\/\/memurunsesi.net\/#organization"},"image":{"@id":"https:\/\/memurunsesi.net\/index.php\/2025\/04\/05\/dogal-ve-saglikli-yasam-kiymetlendi-aileler-inek-edinmeye-basladi\/#primaryimage"},"thumbnailUrl":"https:\/\/memurunsesi.net\/wp-content\/uploads\/2025\/04\/AW426453_01-scaled.jpg","articleSection":["T\u00fcm Haberler"],"inLanguage":"tr","potentialAction":[{"@type":"CommentAction","name":"Comment","target":["https:\/\/memurunsesi.net\/index.php\/2025\/04\/05\/dogal-ve-saglikli-yasam-kiymetlendi-aileler-inek-edinmeye-basladi\/#respond"]}]},{"@type":"WebPage","@id":"https:\/\/memurunsesi.net\/index.php\/2025\/04\/05\/dogal-ve-saglikli-yasam-kiymetlendi-aileler-inek-edinmeye-basladi\/","url":"https:\/\/memurunsesi.net\/index.php\/2025\/04\/05\/dogal-ve-saglikli-yasam-kiymetlendi-aileler-inek-edinmeye-basladi\/","name":"Do\u011fal ve sa\u011fl\u0131kl\u0131 ya\u015fam k\u0131ymetlendi, aileler inek edinmeye ba\u015flad\u0131 - Memurun Sesi","isPartOf":{"@id":"https:\/\/memurunsesi.net\/#website"},"primaryImageOfPage":{"@id":"https:\/\/memurunsesi.net\/index.php\/2025\/04\/05\/dogal-ve-saglikli-yasam-kiymetlendi-aileler-inek-edinmeye-basladi\/#primaryimage"},"image":{"@id":"https:\/\/memurunsesi.net\/index.php\/2025\/04\/05\/dogal-ve-saglikli-yasam-kiymetlendi-aileler-inek-edinmeye-basladi\/#primaryimage"},"thumbnailUrl":"https:\/\/memurunsesi.net\/wp-content\/uploads\/2025\/04\/AW426453_01-scaled.jpg","datePublished":"2025-04-05T16:36:42+00:00","breadcrumb":{"@id":"https:\/\/memurunsesi.net\/index.php\/2025\/04\/05\/dogal-ve-saglikli-yasam-kiymetlendi-aileler-inek-edinmeye-basladi\/#breadcrumb"},"inLanguage":"tr","potentialAction":[{"@type":"ReadAction","target":["https:\/\/memurunsesi.net\/index.php\/2025\/04\/05\/dogal-ve-saglikli-yasam-kiymetlendi-aileler-inek-edinmeye-basladi\/"]}]},{"@type":"ImageObject","inLanguage":"tr","@id":"https:\/\/memurunsesi.net\/index.php\/2025\/04\/05\/dogal-ve-saglikli-yasam-kiymetlendi-aileler-inek-edinmeye-basladi\/#primaryimage","url":"https:\/\/memurunsesi.net\/wp-content\/uploads\/2025\/04\/AW426453_01-scaled.jpg","contentUrl":"https:\/\/memurunsesi.net\/wp-content\/uploads\/2025\/04\/AW426453_01-scaled.jpg","width":2560,"height":1499,"caption":"DO\u011eAL VE SA\u011eLIKLI YA\u015eAM KIYMETLEND\u0130, A\u0130LELER \u0130NEK ED\u0130NMEYE BA\u015eLADI, AYDIN HAYVAN PAZARINDA, \u0130NEK ALI\u015eVER\u0130\u015e\u0130 ARTTI (MURAT TAN\/AYDIN-\u0130HA) T\u00fcrkiye'de en yo\u011fun emeklinin ya\u015fad\u0131\u011f\u0131 \u015fehirlerde biri olan Ayd\u0131n'da k\u00f6ylerde ya\u015fayan aileler yeniden inek edinmeye ba\u015flad\u0131. Ayd\u0131n Celepler ve Kasaplar Odas\u0131'n\u0131n eski ba\u015fkan\u0131 \u0130smail Kad\u0131, inek bakmaya imkan\u0131 olan ailelerin kendi s\u00fct, yo\u011furt ve peynirlerini kendileri sa\u011flamak i\u00e7in yeniden inek edinmeye ba\u015flad\u0131\u011f\u0131n\u0131 belirtti."},{"@type":"BreadcrumbList","@id":"https:\/\/memurunsesi.net\/index.php\/2025\/04\/05\/dogal-ve-saglikli-yasam-kiymetlendi-aileler-inek-edinmeye-basladi\/#breadcrumb","itemListElement":[{"@type":"ListItem","position":1,"name":"Anasayfa","item":"https:\/\/memurunsesi.net\/"},{"@type":"ListItem","position":2,"name":"Do\u011fal ve sa\u011fl\u0131kl\u0131 ya\u015fam k\u0131ymetlendi, aileler inek edinmeye ba\u015flad\u0131"}]},{"@type":"WebSite","@id":"https:\/\/memurunsesi.net\/#website","url":"https:\/\/memurunsesi.net\/","name":"Memurun Sesi","description":"G\u00fcncel ve Do\u011fru Haber","publisher":{"@id":"https:\/\/memurunsesi.net\/#organization"},"potentialAction":[{"@type":"SearchAction","target":{"@type":"EntryPoint","urlTemplate":"https:\/\/memurunsesi.net\/?s={search_term_string}"},"query-input":{"@type":"PropertyValueSpecification","valueRequired":true,"valueName":"search_term_string"}}],"inLanguage":"tr"},{"@type":"Organization","@id":"https:\/\/memurunsesi.net\/#organization","name":"Memurun Sesi","url":"https:\/\/memurunsesi.net\/","logo":{"@type":"ImageObject","inLanguage":"tr","@id":"https:\/\/memurunsesi.net\/#\/schema\/logo\/image\/","url":"https:\/\/memurunsesi.net\/wp-content\/uploads\/2025\/11\/cropped-MEMURUN-SESI.png","contentUrl":"https:\/\/memurunsesi.net\/wp-content\/uploads\/2025\/11\/cropped-MEMURUN-SESI.png","width":238,"height":57,"caption":"Memurun Sesi"},"image":{"@id":"https:\/\/memurunsesi.net\/#\/schema\/logo\/image\/"},"sameAs":["https:\/\/www.facebook.com\/unipersen\/?locale=tr_TR","https:\/\/x.com\/unipersen"]},{"@type":"Person","@id":"https:\/\/memurunsesi.net\/#\/schema\/person\/f21c2d73b89f6ee1d80b0a1803e38587","name":"Memurun Sesi Haber Merkezi","image":{"@type":"ImageObject","inLanguage":"tr","@id":"https:\/\/secure.gravatar.com\/avatar\/6cf0505f452ee753f485014986fab09a434671d2b919ee76fc541025c5876a70?s=96&d=mm&r=g","url":"https:\/\/secure.gravatar.com\/avatar\/6cf0505f452ee753f485014986fab09a434671d2b919ee76fc541025c5876a70?s=96&d=mm&r=g","contentUrl":"https:\/\/secure.gravatar.com\/avatar\/6cf0505f452ee753f485014986fab09a434671d2b919ee76fc541025c5876a70?s=96&d=mm&r=g","caption":"Memurun Sesi Haber Merkezi"},"sameAs":["https:\/\/memurunsesi.net"],"url":"https:\/\/memurunsesi.net\/index.php\/author\/uniper\/"}]}},"_links":{"self":[{"href":"https:\/\/memurunsesi.net\/index.php\/wp-json\/wp\/v2\/posts\/4858","targetHints":{"allow":["GET"]}}],"collection":[{"href":"https:\/\/memurunsesi.net\/index.php\/wp-json\/wp\/v2\/posts"}],"about":[{"href":"https:\/\/memurunsesi.net\/index.php\/wp-json\/wp\/v2\/types\/post"}],"author":[{"embeddable":true,"href":"https:\/\/memurunsesi.net\/index.php\/wp-json\/wp\/v2\/users\/1"}],"replies":[{"embeddable":true,"href":"https:\/\/memurunsesi.net\/index.php\/wp-json\/wp\/v2\/comments?post=4858"}],"version-history":[{"count":1,"href":"https:\/\/memurunsesi.net\/index.php\/wp-json\/wp\/v2\/posts\/4858\/revisions"}],"predecessor-version":[{"id":4860,"href":"https:\/\/memurunsesi.net\/index.php\/wp-json\/wp\/v2\/posts\/4858\/revisions\/4860"}],"wp:featuredmedia":[{"embeddable":true,"href":"https:\/\/memurunsesi.net\/index.php\/wp-json\/wp\/v2\/media\/4859"}],"wp:attachment":[{"href":"https:\/\/memurunsesi.net\/index.php\/wp-json\/wp\/v2\/media?parent=4858"}],"wp:term":[{"taxonomy":"category","embeddable":true,"href":"https:\/\/memurunsesi.net\/index.php\/wp-json\/wp\/v2\/categories?post=4858"},{"taxonomy":"post_tag","embeddable":true,"href":"https:\/\/memurunsesi.net\/index.php\/wp-json\/wp\/v2\/tags?post=4858"}],"curies":[{"name":"wp","href":"https:\/\/api.w.org\/{rel}","templated":true}]}}