{"id":4917,"date":"2025-04-06T11:34:13","date_gmt":"2025-04-06T08:34:13","guid":{"rendered":"https:\/\/memurunsesi.net\/?p=4917"},"modified":"2025-04-06T11:34:13","modified_gmt":"2025-04-06T08:34:13","slug":"bayram-tatilinin-son-gununde-de-denetim-devam-etti","status":"publish","type":"post","link":"https:\/\/memurunsesi.net\/index.php\/2025\/04\/06\/bayram-tatilinin-son-gununde-de-denetim-devam-etti\/","title":{"rendered":"Bayram tatilinin son g\u00fcn\u00fcnde de denetim devam etti"},"content":{"rendered":"<p>Afyonkarahisar\u2019da jandarma ekipleri bayram tatilinin son g\u00fcn\u00fcnde de trafik denetimine devam ederken, kurallara uymad\u0131klar\u0131 tespit edilen s\u00fcr\u00fcc\u00fclere para cezas\u0131 kesildi.<br \/>\nBolvadin \u0130l\u00e7e Jandarma Komutanl\u0131\u011f\u0131\u2019na ba\u011fl\u0131 trafik ekipleri 9 g\u00fcnl\u00fck bayram tatilinin son g\u00fcn\u00fcnde de denetimlerini s\u00fcrd\u00fcrd\u00fc. Denetimde durdurulan ara\u00e7larda 9 bin 175 s\u00fcr\u00fcc\u00fc ve yolcunun kimlik sorgulamas\u0131 yap\u0131ld\u0131. Ara\u00e7lar\u0131n evrak kontrollerinin de yap\u0131ld\u0131\u011f\u0131 denetim dron destekli ger\u00e7ekle\u015ftirildi. Denetimde emniyet kemeri ba\u015fta olmak \u00fczere direksiyonda cep telefonu kullan\u0131m\u0131 ve h\u0131z s\u0131n\u0131rlar\u0131na uymad\u0131klar\u0131 tespit edilen 40 s\u00fcr\u00fcc\u00fcye toplamda 112 bin 740 TL para cezas\u0131 kesildi. Denetimlerin g\u00fcn boyu devam edece\u011fi belirtildi.<\/p>\n<p>6.04.2025<\/p>\n","protected":false},"excerpt":{"rendered":"<p>Afyonkarahisar\u2019da jandarma ekipleri bayram tatilinin son g\u00fcn\u00fcnde de trafik denetimine devam ederken, kurallara uymad\u0131klar\u0131 tespit edilen s\u00fcr\u00fcc\u00fclere para cezas\u0131 kesildi. Bolvadin \u0130l\u00e7e Jandarma Komutanl\u0131\u011f\u0131\u2019na ba\u011fl\u0131 trafik ekipleri 9 g\u00fcnl\u00fck bayram tatilinin son g\u00fcn\u00fcnde de denetimlerini s\u00fcrd\u00fcrd\u00fc. Denetimde durdurulan ara\u00e7larda 9 bin 175 s\u00fcr\u00fcc\u00fc ve yolcunun kimlik sorgulamas\u0131 yap\u0131ld\u0131. Ara\u00e7lar\u0131n evrak kontrollerinin de yap\u0131ld\u0131\u011f\u0131 denetim dron [&hellip;]<\/p>\n","protected":false},"author":1,"featured_media":4918,"comment_status":"open","ping_status":"open","sticky":false,"template":"","format":"standard","meta":{"footnotes":""},"categories":[45],"tags":[],"class_list":["post-4917","post","type-post","status-publish","format-standard","has-post-thumbnail","hentry","category-gundem"],"yoast_head":"<!-- This site is optimized with the Yoast SEO plugin v27.4 - https:\/\/yoast.com\/product\/yoast-seo-wordpress\/ -->\n<title>Bayram tatilinin son g\u00fcn\u00fcnde de denetim devam etti - Memurun Sesi<\/title>\n<meta name=\"robots\" content=\"index, follow, max-snippet:-1, max-image-preview:large, max-video-preview:-1\" \/>\n<link rel=\"canonical\" href=\"https:\/\/memurunsesi.net\/index.php\/2025\/04\/06\/bayram-tatilinin-son-gununde-de-denetim-devam-etti\/\" \/>\n<meta property=\"og:locale\" content=\"tr_TR\" \/>\n<meta property=\"og:type\" content=\"article\" \/>\n<meta property=\"og:title\" content=\"Bayram tatilinin son g\u00fcn\u00fcnde de denetim devam etti - Memurun Sesi\" \/>\n<meta property=\"og:description\" content=\"Afyonkarahisar\u2019da jandarma ekipleri bayram tatilinin son g\u00fcn\u00fcnde de trafik denetimine devam ederken, kurallara uymad\u0131klar\u0131 tespit edilen s\u00fcr\u00fcc\u00fclere para cezas\u0131 kesildi. Bolvadin \u0130l\u00e7e Jandarma Komutanl\u0131\u011f\u0131\u2019na ba\u011fl\u0131 trafik ekipleri 9 g\u00fcnl\u00fck bayram tatilinin son g\u00fcn\u00fcnde de denetimlerini s\u00fcrd\u00fcrd\u00fc. Denetimde durdurulan ara\u00e7larda 9 bin 175 s\u00fcr\u00fcc\u00fc ve yolcunun kimlik sorgulamas\u0131 yap\u0131ld\u0131. Ara\u00e7lar\u0131n evrak kontrollerinin de yap\u0131ld\u0131\u011f\u0131 denetim dron [&hellip;]\" \/>\n<meta property=\"og:url\" content=\"https:\/\/memurunsesi.net\/index.php\/2025\/04\/06\/bayram-tatilinin-son-gununde-de-denetim-devam-etti\/\" \/>\n<meta property=\"og:site_name\" content=\"Memurun Sesi\" \/>\n<meta property=\"article:publisher\" content=\"https:\/\/www.facebook.com\/unipersen\/?locale=tr_TR\" \/>\n<meta property=\"article:published_time\" content=\"2025-04-06T08:34:13+00:00\" \/>\n<meta property=\"og:image\" content=\"https:\/\/memurunsesi.net\/wp-content\/uploads\/2025\/04\/AW426661_01-scaled.jpg\" \/>\n\t<meta property=\"og:image:width\" content=\"2560\" \/>\n\t<meta property=\"og:image:height\" content=\"1920\" \/>\n\t<meta property=\"og:image:type\" content=\"image\/jpeg\" \/>\n<meta name=\"author\" content=\"Memurun Sesi Haber Merkezi\" \/>\n<meta name=\"twitter:card\" content=\"summary_large_image\" \/>\n<meta name=\"twitter:creator\" content=\"@unipersen\" \/>\n<meta name=\"twitter:site\" content=\"@unipersen\" \/>\n<meta name=\"twitter:label1\" content=\"Yazan:\" \/>\n\t<meta name=\"twitter:data1\" content=\"Memurun Sesi Haber Merkezi\" \/>\n\t<meta name=\"twitter:label2\" content=\"Tahmini okuma s\u00fcresi\" \/>\n\t<meta name=\"twitter:data2\" content=\"1 dakika\" \/>\n<script type=\"application\/ld+json\" class=\"yoast-schema-graph\">{\"@context\":\"https:\\\/\\\/schema.org\",\"@graph\":[{\"@type\":\"Article\",\"@id\":\"https:\\\/\\\/memurunsesi.net\\\/index.php\\\/2025\\\/04\\\/06\\\/bayram-tatilinin-son-gununde-de-denetim-devam-etti\\\/#article\",\"isPartOf\":{\"@id\":\"https:\\\/\\\/memurunsesi.net\\\/index.php\\\/2025\\\/04\\\/06\\\/bayram-tatilinin-son-gununde-de-denetim-devam-etti\\\/\"},\"author\":{\"name\":\"Memurun Sesi Haber Merkezi\",\"@id\":\"https:\\\/\\\/memurunsesi.net\\\/#\\\/schema\\\/person\\\/f21c2d73b89f6ee1d80b0a1803e38587\"},\"headline\":\"Bayram tatilinin son g\u00fcn\u00fcnde de denetim devam etti\",\"datePublished\":\"2025-04-06T08:34:13+00:00\",\"mainEntityOfPage\":{\"@id\":\"https:\\\/\\\/memurunsesi.net\\\/index.php\\\/2025\\\/04\\\/06\\\/bayram-tatilinin-son-gununde-de-denetim-devam-etti\\\/\"},\"wordCount\":130,\"commentCount\":0,\"publisher\":{\"@id\":\"https:\\\/\\\/memurunsesi.net\\\/#organization\"},\"image\":{\"@id\":\"https:\\\/\\\/memurunsesi.net\\\/index.php\\\/2025\\\/04\\\/06\\\/bayram-tatilinin-son-gununde-de-denetim-devam-etti\\\/#primaryimage\"},\"thumbnailUrl\":\"https:\\\/\\\/memurunsesi.net\\\/wp-content\\\/uploads\\\/2025\\\/04\\\/AW426661_01-scaled.jpg\",\"articleSection\":[\"G\u00fcndem\"],\"inLanguage\":\"tr\",\"potentialAction\":[{\"@type\":\"CommentAction\",\"name\":\"Comment\",\"target\":[\"https:\\\/\\\/memurunsesi.net\\\/index.php\\\/2025\\\/04\\\/06\\\/bayram-tatilinin-son-gununde-de-denetim-devam-etti\\\/#respond\"]}]},{\"@type\":\"WebPage\",\"@id\":\"https:\\\/\\\/memurunsesi.net\\\/index.php\\\/2025\\\/04\\\/06\\\/bayram-tatilinin-son-gununde-de-denetim-devam-etti\\\/\",\"url\":\"https:\\\/\\\/memurunsesi.net\\\/index.php\\\/2025\\\/04\\\/06\\\/bayram-tatilinin-son-gununde-de-denetim-devam-etti\\\/\",\"name\":\"Bayram tatilinin son g\u00fcn\u00fcnde de denetim devam etti - Memurun Sesi\",\"isPartOf\":{\"@id\":\"https:\\\/\\\/memurunsesi.net\\\/#website\"},\"primaryImageOfPage\":{\"@id\":\"https:\\\/\\\/memurunsesi.net\\\/index.php\\\/2025\\\/04\\\/06\\\/bayram-tatilinin-son-gununde-de-denetim-devam-etti\\\/#primaryimage\"},\"image\":{\"@id\":\"https:\\\/\\\/memurunsesi.net\\\/index.php\\\/2025\\\/04\\\/06\\\/bayram-tatilinin-son-gununde-de-denetim-devam-etti\\\/#primaryimage\"},\"thumbnailUrl\":\"https:\\\/\\\/memurunsesi.net\\\/wp-content\\\/uploads\\\/2025\\\/04\\\/AW426661_01-scaled.jpg\",\"datePublished\":\"2025-04-06T08:34:13+00:00\",\"breadcrumb\":{\"@id\":\"https:\\\/\\\/memurunsesi.net\\\/index.php\\\/2025\\\/04\\\/06\\\/bayram-tatilinin-son-gununde-de-denetim-devam-etti\\\/#breadcrumb\"},\"inLanguage\":\"tr\",\"potentialAction\":[{\"@type\":\"ReadAction\",\"target\":[\"https:\\\/\\\/memurunsesi.net\\\/index.php\\\/2025\\\/04\\\/06\\\/bayram-tatilinin-son-gununde-de-denetim-devam-etti\\\/\"]}]},{\"@type\":\"ImageObject\",\"inLanguage\":\"tr\",\"@id\":\"https:\\\/\\\/memurunsesi.net\\\/index.php\\\/2025\\\/04\\\/06\\\/bayram-tatilinin-son-gununde-de-denetim-devam-etti\\\/#primaryimage\",\"url\":\"https:\\\/\\\/memurunsesi.net\\\/wp-content\\\/uploads\\\/2025\\\/04\\\/AW426661_01-scaled.jpg\",\"contentUrl\":\"https:\\\/\\\/memurunsesi.net\\\/wp-content\\\/uploads\\\/2025\\\/04\\\/AW426661_01-scaled.jpg\",\"width\":2560,\"height\":1920,\"caption\":\"AFYONKARAH\u0130SAR'DA JANDARMA EK\u0130PLER\u0130 BAYRAM TAT\u0130L\u0130N\u0130N SON G\u00dcN\u00dcNDE DE TRAF\u0130K DENET\u0130M\u0130NE DEVAM EDERKEN, KURALLARA UYMADIKLARI TESP\u0130T ED\u0130LEN S\u00dcR\u00dcC\u00dcLERE PARA CEZASI KES\u0130LD\u0130. (G\u00d6KTEN CEYLAN\\\/AFYONKARAH\u0130SAR-\u0130HA) Afyonkarahisar'da jandarma ekipleri bayram tatilinin son g\u00fcn\u00fcnde de trafik denetimine devam ederken, kurallara uymad\u0131klar\u0131 tespit edilen s\u00fcr\u00fcc\u00fclere para cezas\u0131 kesildi.\"},{\"@type\":\"BreadcrumbList\",\"@id\":\"https:\\\/\\\/memurunsesi.net\\\/index.php\\\/2025\\\/04\\\/06\\\/bayram-tatilinin-son-gununde-de-denetim-devam-etti\\\/#breadcrumb\",\"itemListElement\":[{\"@type\":\"ListItem\",\"position\":1,\"name\":\"Anasayfa\",\"item\":\"https:\\\/\\\/memurunsesi.net\\\/\"},{\"@type\":\"ListItem\",\"position\":2,\"name\":\"Bayram tatilinin son g\u00fcn\u00fcnde de denetim devam etti\"}]},{\"@type\":\"WebSite\",\"@id\":\"https:\\\/\\\/memurunsesi.net\\\/#website\",\"url\":\"https:\\\/\\\/memurunsesi.net\\\/\",\"name\":\"Memurun Sesi\",\"description\":\"G\u00fcncel ve Do\u011fru Haber\",\"publisher\":{\"@id\":\"https:\\\/\\\/memurunsesi.net\\\/#organization\"},\"potentialAction\":[{\"@type\":\"SearchAction\",\"target\":{\"@type\":\"EntryPoint\",\"urlTemplate\":\"https:\\\/\\\/memurunsesi.net\\\/?s={search_term_string}\"},\"query-input\":{\"@type\":\"PropertyValueSpecification\",\"valueRequired\":true,\"valueName\":\"search_term_string\"}}],\"inLanguage\":\"tr\"},{\"@type\":\"Organization\",\"@id\":\"https:\\\/\\\/memurunsesi.net\\\/#organization\",\"name\":\"Memurun Sesi\",\"url\":\"https:\\\/\\\/memurunsesi.net\\\/\",\"logo\":{\"@type\":\"ImageObject\",\"inLanguage\":\"tr\",\"@id\":\"https:\\\/\\\/memurunsesi.net\\\/#\\\/schema\\\/logo\\\/image\\\/\",\"url\":\"https:\\\/\\\/memurunsesi.net\\\/wp-content\\\/uploads\\\/2025\\\/11\\\/cropped-MEMURUN-SESI.png\",\"contentUrl\":\"https:\\\/\\\/memurunsesi.net\\\/wp-content\\\/uploads\\\/2025\\\/11\\\/cropped-MEMURUN-SESI.png\",\"width\":238,\"height\":57,\"caption\":\"Memurun Sesi\"},\"image\":{\"@id\":\"https:\\\/\\\/memurunsesi.net\\\/#\\\/schema\\\/logo\\\/image\\\/\"},\"sameAs\":[\"https:\\\/\\\/www.facebook.com\\\/unipersen\\\/?locale=tr_TR\",\"https:\\\/\\\/x.com\\\/unipersen\"]},{\"@type\":\"Person\",\"@id\":\"https:\\\/\\\/memurunsesi.net\\\/#\\\/schema\\\/person\\\/f21c2d73b89f6ee1d80b0a1803e38587\",\"name\":\"Memurun Sesi Haber Merkezi\",\"image\":{\"@type\":\"ImageObject\",\"inLanguage\":\"tr\",\"@id\":\"https:\\\/\\\/secure.gravatar.com\\\/avatar\\\/6cf0505f452ee753f485014986fab09a434671d2b919ee76fc541025c5876a70?s=96&d=mm&r=g\",\"url\":\"https:\\\/\\\/secure.gravatar.com\\\/avatar\\\/6cf0505f452ee753f485014986fab09a434671d2b919ee76fc541025c5876a70?s=96&d=mm&r=g\",\"contentUrl\":\"https:\\\/\\\/secure.gravatar.com\\\/avatar\\\/6cf0505f452ee753f485014986fab09a434671d2b919ee76fc541025c5876a70?s=96&d=mm&r=g\",\"caption\":\"Memurun Sesi Haber Merkezi\"},\"sameAs\":[\"https:\\\/\\\/memurunsesi.net\"],\"url\":\"https:\\\/\\\/memurunsesi.net\\\/index.php\\\/author\\\/uniper\\\/\"}]}<\/script>\n<!-- \/ Yoast SEO plugin. -->","yoast_head_json":{"title":"Bayram tatilinin son g\u00fcn\u00fcnde de denetim devam etti - Memurun Sesi","robots":{"index":"index","follow":"follow","max-snippet":"max-snippet:-1","max-image-preview":"max-image-preview:large","max-video-preview":"max-video-preview:-1"},"canonical":"https:\/\/memurunsesi.net\/index.php\/2025\/04\/06\/bayram-tatilinin-son-gununde-de-denetim-devam-etti\/","og_locale":"tr_TR","og_type":"article","og_title":"Bayram tatilinin son g\u00fcn\u00fcnde de denetim devam etti - Memurun Sesi","og_description":"Afyonkarahisar\u2019da jandarma ekipleri bayram tatilinin son g\u00fcn\u00fcnde de trafik denetimine devam ederken, kurallara uymad\u0131klar\u0131 tespit edilen s\u00fcr\u00fcc\u00fclere para cezas\u0131 kesildi. Bolvadin \u0130l\u00e7e Jandarma Komutanl\u0131\u011f\u0131\u2019na ba\u011fl\u0131 trafik ekipleri 9 g\u00fcnl\u00fck bayram tatilinin son g\u00fcn\u00fcnde de denetimlerini s\u00fcrd\u00fcrd\u00fc. Denetimde durdurulan ara\u00e7larda 9 bin 175 s\u00fcr\u00fcc\u00fc ve yolcunun kimlik sorgulamas\u0131 yap\u0131ld\u0131. Ara\u00e7lar\u0131n evrak kontrollerinin de yap\u0131ld\u0131\u011f\u0131 denetim dron [&hellip;]","og_url":"https:\/\/memurunsesi.net\/index.php\/2025\/04\/06\/bayram-tatilinin-son-gununde-de-denetim-devam-etti\/","og_site_name":"Memurun Sesi","article_publisher":"https:\/\/www.facebook.com\/unipersen\/?locale=tr_TR","article_published_time":"2025-04-06T08:34:13+00:00","og_image":[{"width":2560,"height":1920,"url":"https:\/\/memurunsesi.net\/wp-content\/uploads\/2025\/04\/AW426661_01-scaled.jpg","type":"image\/jpeg"}],"author":"Memurun Sesi Haber Merkezi","twitter_card":"summary_large_image","twitter_creator":"@unipersen","twitter_site":"@unipersen","twitter_misc":{"Yazan:":"Memurun Sesi Haber Merkezi","Tahmini okuma s\u00fcresi":"1 dakika"},"schema":{"@context":"https:\/\/schema.org","@graph":[{"@type":"Article","@id":"https:\/\/memurunsesi.net\/index.php\/2025\/04\/06\/bayram-tatilinin-son-gununde-de-denetim-devam-etti\/#article","isPartOf":{"@id":"https:\/\/memurunsesi.net\/index.php\/2025\/04\/06\/bayram-tatilinin-son-gununde-de-denetim-devam-etti\/"},"author":{"name":"Memurun Sesi Haber Merkezi","@id":"https:\/\/memurunsesi.net\/#\/schema\/person\/f21c2d73b89f6ee1d80b0a1803e38587"},"headline":"Bayram tatilinin son g\u00fcn\u00fcnde de denetim devam etti","datePublished":"2025-04-06T08:34:13+00:00","mainEntityOfPage":{"@id":"https:\/\/memurunsesi.net\/index.php\/2025\/04\/06\/bayram-tatilinin-son-gununde-de-denetim-devam-etti\/"},"wordCount":130,"commentCount":0,"publisher":{"@id":"https:\/\/memurunsesi.net\/#organization"},"image":{"@id":"https:\/\/memurunsesi.net\/index.php\/2025\/04\/06\/bayram-tatilinin-son-gununde-de-denetim-devam-etti\/#primaryimage"},"thumbnailUrl":"https:\/\/memurunsesi.net\/wp-content\/uploads\/2025\/04\/AW426661_01-scaled.jpg","articleSection":["G\u00fcndem"],"inLanguage":"tr","potentialAction":[{"@type":"CommentAction","name":"Comment","target":["https:\/\/memurunsesi.net\/index.php\/2025\/04\/06\/bayram-tatilinin-son-gununde-de-denetim-devam-etti\/#respond"]}]},{"@type":"WebPage","@id":"https:\/\/memurunsesi.net\/index.php\/2025\/04\/06\/bayram-tatilinin-son-gununde-de-denetim-devam-etti\/","url":"https:\/\/memurunsesi.net\/index.php\/2025\/04\/06\/bayram-tatilinin-son-gununde-de-denetim-devam-etti\/","name":"Bayram tatilinin son g\u00fcn\u00fcnde de denetim devam etti - Memurun Sesi","isPartOf":{"@id":"https:\/\/memurunsesi.net\/#website"},"primaryImageOfPage":{"@id":"https:\/\/memurunsesi.net\/index.php\/2025\/04\/06\/bayram-tatilinin-son-gununde-de-denetim-devam-etti\/#primaryimage"},"image":{"@id":"https:\/\/memurunsesi.net\/index.php\/2025\/04\/06\/bayram-tatilinin-son-gununde-de-denetim-devam-etti\/#primaryimage"},"thumbnailUrl":"https:\/\/memurunsesi.net\/wp-content\/uploads\/2025\/04\/AW426661_01-scaled.jpg","datePublished":"2025-04-06T08:34:13+00:00","breadcrumb":{"@id":"https:\/\/memurunsesi.net\/index.php\/2025\/04\/06\/bayram-tatilinin-son-gununde-de-denetim-devam-etti\/#breadcrumb"},"inLanguage":"tr","potentialAction":[{"@type":"ReadAction","target":["https:\/\/memurunsesi.net\/index.php\/2025\/04\/06\/bayram-tatilinin-son-gununde-de-denetim-devam-etti\/"]}]},{"@type":"ImageObject","inLanguage":"tr","@id":"https:\/\/memurunsesi.net\/index.php\/2025\/04\/06\/bayram-tatilinin-son-gununde-de-denetim-devam-etti\/#primaryimage","url":"https:\/\/memurunsesi.net\/wp-content\/uploads\/2025\/04\/AW426661_01-scaled.jpg","contentUrl":"https:\/\/memurunsesi.net\/wp-content\/uploads\/2025\/04\/AW426661_01-scaled.jpg","width":2560,"height":1920,"caption":"AFYONKARAH\u0130SAR'DA JANDARMA EK\u0130PLER\u0130 BAYRAM TAT\u0130L\u0130N\u0130N SON G\u00dcN\u00dcNDE DE TRAF\u0130K DENET\u0130M\u0130NE DEVAM EDERKEN, KURALLARA UYMADIKLARI TESP\u0130T ED\u0130LEN S\u00dcR\u00dcC\u00dcLERE PARA CEZASI KES\u0130LD\u0130. (G\u00d6KTEN CEYLAN\/AFYONKARAH\u0130SAR-\u0130HA) Afyonkarahisar'da jandarma ekipleri bayram tatilinin son g\u00fcn\u00fcnde de trafik denetimine devam ederken, kurallara uymad\u0131klar\u0131 tespit edilen s\u00fcr\u00fcc\u00fclere para cezas\u0131 kesildi."},{"@type":"BreadcrumbList","@id":"https:\/\/memurunsesi.net\/index.php\/2025\/04\/06\/bayram-tatilinin-son-gununde-de-denetim-devam-etti\/#breadcrumb","itemListElement":[{"@type":"ListItem","position":1,"name":"Anasayfa","item":"https:\/\/memurunsesi.net\/"},{"@type":"ListItem","position":2,"name":"Bayram tatilinin son g\u00fcn\u00fcnde de denetim devam etti"}]},{"@type":"WebSite","@id":"https:\/\/memurunsesi.net\/#website","url":"https:\/\/memurunsesi.net\/","name":"Memurun Sesi","description":"G\u00fcncel ve Do\u011fru Haber","publisher":{"@id":"https:\/\/memurunsesi.net\/#organization"},"potentialAction":[{"@type":"SearchAction","target":{"@type":"EntryPoint","urlTemplate":"https:\/\/memurunsesi.net\/?s={search_term_string}"},"query-input":{"@type":"PropertyValueSpecification","valueRequired":true,"valueName":"search_term_string"}}],"inLanguage":"tr"},{"@type":"Organization","@id":"https:\/\/memurunsesi.net\/#organization","name":"Memurun Sesi","url":"https:\/\/memurunsesi.net\/","logo":{"@type":"ImageObject","inLanguage":"tr","@id":"https:\/\/memurunsesi.net\/#\/schema\/logo\/image\/","url":"https:\/\/memurunsesi.net\/wp-content\/uploads\/2025\/11\/cropped-MEMURUN-SESI.png","contentUrl":"https:\/\/memurunsesi.net\/wp-content\/uploads\/2025\/11\/cropped-MEMURUN-SESI.png","width":238,"height":57,"caption":"Memurun Sesi"},"image":{"@id":"https:\/\/memurunsesi.net\/#\/schema\/logo\/image\/"},"sameAs":["https:\/\/www.facebook.com\/unipersen\/?locale=tr_TR","https:\/\/x.com\/unipersen"]},{"@type":"Person","@id":"https:\/\/memurunsesi.net\/#\/schema\/person\/f21c2d73b89f6ee1d80b0a1803e38587","name":"Memurun Sesi Haber Merkezi","image":{"@type":"ImageObject","inLanguage":"tr","@id":"https:\/\/secure.gravatar.com\/avatar\/6cf0505f452ee753f485014986fab09a434671d2b919ee76fc541025c5876a70?s=96&d=mm&r=g","url":"https:\/\/secure.gravatar.com\/avatar\/6cf0505f452ee753f485014986fab09a434671d2b919ee76fc541025c5876a70?s=96&d=mm&r=g","contentUrl":"https:\/\/secure.gravatar.com\/avatar\/6cf0505f452ee753f485014986fab09a434671d2b919ee76fc541025c5876a70?s=96&d=mm&r=g","caption":"Memurun Sesi Haber Merkezi"},"sameAs":["https:\/\/memurunsesi.net"],"url":"https:\/\/memurunsesi.net\/index.php\/author\/uniper\/"}]}},"_links":{"self":[{"href":"https:\/\/memurunsesi.net\/index.php\/wp-json\/wp\/v2\/posts\/4917","targetHints":{"allow":["GET"]}}],"collection":[{"href":"https:\/\/memurunsesi.net\/index.php\/wp-json\/wp\/v2\/posts"}],"about":[{"href":"https:\/\/memurunsesi.net\/index.php\/wp-json\/wp\/v2\/types\/post"}],"author":[{"embeddable":true,"href":"https:\/\/memurunsesi.net\/index.php\/wp-json\/wp\/v2\/users\/1"}],"replies":[{"embeddable":true,"href":"https:\/\/memurunsesi.net\/index.php\/wp-json\/wp\/v2\/comments?post=4917"}],"version-history":[{"count":1,"href":"https:\/\/memurunsesi.net\/index.php\/wp-json\/wp\/v2\/posts\/4917\/revisions"}],"predecessor-version":[{"id":4919,"href":"https:\/\/memurunsesi.net\/index.php\/wp-json\/wp\/v2\/posts\/4917\/revisions\/4919"}],"wp:featuredmedia":[{"embeddable":true,"href":"https:\/\/memurunsesi.net\/index.php\/wp-json\/wp\/v2\/media\/4918"}],"wp:attachment":[{"href":"https:\/\/memurunsesi.net\/index.php\/wp-json\/wp\/v2\/media?parent=4917"}],"wp:term":[{"taxonomy":"category","embeddable":true,"href":"https:\/\/memurunsesi.net\/index.php\/wp-json\/wp\/v2\/categories?post=4917"},{"taxonomy":"post_tag","embeddable":true,"href":"https:\/\/memurunsesi.net\/index.php\/wp-json\/wp\/v2\/tags?post=4917"}],"curies":[{"name":"wp","href":"https:\/\/api.w.org\/{rel}","templated":true}]}}