{"id":4927,"date":"2025-04-07T09:05:58","date_gmt":"2025-04-07T06:05:58","guid":{"rendered":"https:\/\/memurunsesi.net\/?p=4927"},"modified":"2025-04-07T09:05:58","modified_gmt":"2025-04-07T06:05:58","slug":"bayburt-devlet-hastanesinde-ilk-kez-c1-2-posterior-stabilizasyon-yapildi","status":"publish","type":"post","link":"https:\/\/memurunsesi.net\/index.php\/2025\/04\/07\/bayburt-devlet-hastanesinde-ilk-kez-c1-2-posterior-stabilizasyon-yapildi\/","title":{"rendered":"Bayburt Devlet Hastanesinde ilk kez C1-2 posterior stabilizasyon yap\u0131ld\u0131"},"content":{"rendered":"<p>Y\u00fcksekten d\u00fc\u015fme sonras\u0131 v\u00fccudunda k\u0131r\u0131klar olu\u015fan bir hastaya Bayburt Devlet Hastanesinde ilk kez C1-2 posterior stabilizasyon ba\u015far\u0131yla yap\u0131ld\u0131.<br \/>\nKonuya ili\u015fkin hastanenin sosyal medya hesab\u0131 \u00fczerinden yap\u0131lan a\u00e7\u0131klamada, &#8220;Bu hastam\u0131zda y\u00fcksekten d\u00fc\u015fme sonras\u0131 odontoid tip 2 k\u0131r\u0131\u011f\u0131 olmas\u0131 \u00fczerine Bayburt\u2019ta ilk defa C1-2 posterior stabilizasyon yap\u0131ld\u0131. Odontoid \u00e7\u0131k\u0131nt\u0131, kafataban\u0131 ve boyun bile\u015fkesi geni\u015f hareket becerisi a\u00e7\u0131s\u0131ndan \u00f6nemli bir par\u00e7as\u0131d\u0131r. B\u00f6ylesi geni\u015f hareket aral\u0131\u011f\u0131 ile birlikte stabilitenin idamesi de ayr\u0131 bir \u00f6zellik ta\u015f\u0131maktad\u0131r. Bu y\u00fczden odontoid k\u0131r\u0131klar\u0131 servikal k\u0131r\u0131klar i\u00e7inde \u00f6nemli bir yere sahiptir. \u00c7o\u011funlu\u011fu y\u00fcksek enerjili travmalarla olu\u015fur ve s\u0131kl\u0131kla zorlay\u0131c\u0131 fleksiyon ve\/veya ekstansiyon hareketleri sonucu olu\u015fmaktad\u0131r. Boyun K\u0131r\u0131\u011f\u0131 Ameliyat\u0131 Beyin ve Sinir Cerrahisi Uzman\u0131m\u0131z Aziz Kaan Er\u00e7and\u0131rl\u0131 taraf\u0131ndan ba\u015far\u0131l\u0131 bir \u015fekilde ger\u00e7ekle\u015ftirilmi\u015ftir.&#8221; ifadelerine yer verildi.<\/p>\n<p>7.04.2025<\/p>\n","protected":false},"excerpt":{"rendered":"<p>Y\u00fcksekten d\u00fc\u015fme sonras\u0131 v\u00fccudunda k\u0131r\u0131klar olu\u015fan bir hastaya Bayburt Devlet Hastanesinde ilk kez C1-2 posterior stabilizasyon ba\u015far\u0131yla yap\u0131ld\u0131. Konuya ili\u015fkin hastanenin sosyal medya hesab\u0131 \u00fczerinden yap\u0131lan a\u00e7\u0131klamada, &#8220;Bu hastam\u0131zda y\u00fcksekten d\u00fc\u015fme sonras\u0131 odontoid tip 2 k\u0131r\u0131\u011f\u0131 olmas\u0131 \u00fczerine Bayburt\u2019ta ilk defa C1-2 posterior stabilizasyon yap\u0131ld\u0131. Odontoid \u00e7\u0131k\u0131nt\u0131, kafataban\u0131 ve boyun bile\u015fkesi geni\u015f hareket becerisi a\u00e7\u0131s\u0131ndan [&hellip;]<\/p>\n","protected":false},"author":1,"featured_media":4928,"comment_status":"open","ping_status":"open","sticky":false,"template":"","format":"standard","meta":{"footnotes":""},"categories":[1],"tags":[],"class_list":["post-4927","post","type-post","status-publish","format-standard","has-post-thumbnail","hentry","category-genel"],"yoast_head":"<!-- This site is optimized with the Yoast SEO plugin v27.4 - https:\/\/yoast.com\/product\/yoast-seo-wordpress\/ -->\n<title>Bayburt Devlet Hastanesinde ilk kez C1-2 posterior stabilizasyon yap\u0131ld\u0131 - Memurun Sesi<\/title>\n<meta name=\"robots\" content=\"index, follow, max-snippet:-1, max-image-preview:large, max-video-preview:-1\" \/>\n<link rel=\"canonical\" href=\"https:\/\/memurunsesi.net\/index.php\/2025\/04\/07\/bayburt-devlet-hastanesinde-ilk-kez-c1-2-posterior-stabilizasyon-yapildi\/\" \/>\n<meta property=\"og:locale\" content=\"tr_TR\" \/>\n<meta property=\"og:type\" content=\"article\" \/>\n<meta property=\"og:title\" content=\"Bayburt Devlet Hastanesinde ilk kez C1-2 posterior stabilizasyon yap\u0131ld\u0131 - Memurun Sesi\" \/>\n<meta property=\"og:description\" content=\"Y\u00fcksekten d\u00fc\u015fme sonras\u0131 v\u00fccudunda k\u0131r\u0131klar olu\u015fan bir hastaya Bayburt Devlet Hastanesinde ilk kez C1-2 posterior stabilizasyon ba\u015far\u0131yla yap\u0131ld\u0131. Konuya ili\u015fkin hastanenin sosyal medya hesab\u0131 \u00fczerinden yap\u0131lan a\u00e7\u0131klamada, &#8220;Bu hastam\u0131zda y\u00fcksekten d\u00fc\u015fme sonras\u0131 odontoid tip 2 k\u0131r\u0131\u011f\u0131 olmas\u0131 \u00fczerine Bayburt\u2019ta ilk defa C1-2 posterior stabilizasyon yap\u0131ld\u0131. Odontoid \u00e7\u0131k\u0131nt\u0131, kafataban\u0131 ve boyun bile\u015fkesi geni\u015f hareket becerisi a\u00e7\u0131s\u0131ndan [&hellip;]\" \/>\n<meta property=\"og:url\" content=\"https:\/\/memurunsesi.net\/index.php\/2025\/04\/07\/bayburt-devlet-hastanesinde-ilk-kez-c1-2-posterior-stabilizasyon-yapildi\/\" \/>\n<meta property=\"og:site_name\" content=\"Memurun Sesi\" \/>\n<meta property=\"article:publisher\" content=\"https:\/\/www.facebook.com\/unipersen\/?locale=tr_TR\" \/>\n<meta property=\"article:published_time\" content=\"2025-04-07T06:05:58+00:00\" \/>\n<meta property=\"og:image\" content=\"https:\/\/memurunsesi.net\/wp-content\/uploads\/2025\/04\/AW427025_01.jpg\" \/>\n\t<meta property=\"og:image:width\" content=\"1600\" \/>\n\t<meta property=\"og:image:height\" content=\"1204\" \/>\n\t<meta property=\"og:image:type\" content=\"image\/jpeg\" \/>\n<meta name=\"author\" content=\"Memurun Sesi Haber Merkezi\" \/>\n<meta name=\"twitter:card\" content=\"summary_large_image\" \/>\n<meta name=\"twitter:creator\" content=\"@unipersen\" \/>\n<meta name=\"twitter:site\" content=\"@unipersen\" \/>\n<meta name=\"twitter:label1\" content=\"Yazan:\" \/>\n\t<meta name=\"twitter:data1\" content=\"Memurun Sesi Haber Merkezi\" \/>\n\t<meta name=\"twitter:label2\" content=\"Tahmini okuma s\u00fcresi\" \/>\n\t<meta name=\"twitter:data2\" content=\"1 dakika\" \/>\n<script type=\"application\/ld+json\" class=\"yoast-schema-graph\">{\"@context\":\"https:\\\/\\\/schema.org\",\"@graph\":[{\"@type\":\"Article\",\"@id\":\"https:\\\/\\\/memurunsesi.net\\\/index.php\\\/2025\\\/04\\\/07\\\/bayburt-devlet-hastanesinde-ilk-kez-c1-2-posterior-stabilizasyon-yapildi\\\/#article\",\"isPartOf\":{\"@id\":\"https:\\\/\\\/memurunsesi.net\\\/index.php\\\/2025\\\/04\\\/07\\\/bayburt-devlet-hastanesinde-ilk-kez-c1-2-posterior-stabilizasyon-yapildi\\\/\"},\"author\":{\"name\":\"Memurun Sesi Haber Merkezi\",\"@id\":\"https:\\\/\\\/memurunsesi.net\\\/#\\\/schema\\\/person\\\/f21c2d73b89f6ee1d80b0a1803e38587\"},\"headline\":\"Bayburt Devlet Hastanesinde ilk kez C1-2 posterior stabilizasyon yap\u0131ld\u0131\",\"datePublished\":\"2025-04-07T06:05:58+00:00\",\"mainEntityOfPage\":{\"@id\":\"https:\\\/\\\/memurunsesi.net\\\/index.php\\\/2025\\\/04\\\/07\\\/bayburt-devlet-hastanesinde-ilk-kez-c1-2-posterior-stabilizasyon-yapildi\\\/\"},\"wordCount\":182,\"commentCount\":0,\"publisher\":{\"@id\":\"https:\\\/\\\/memurunsesi.net\\\/#organization\"},\"image\":{\"@id\":\"https:\\\/\\\/memurunsesi.net\\\/index.php\\\/2025\\\/04\\\/07\\\/bayburt-devlet-hastanesinde-ilk-kez-c1-2-posterior-stabilizasyon-yapildi\\\/#primaryimage\"},\"thumbnailUrl\":\"https:\\\/\\\/memurunsesi.net\\\/wp-content\\\/uploads\\\/2025\\\/04\\\/AW427025_01.jpg\",\"inLanguage\":\"tr\",\"potentialAction\":[{\"@type\":\"CommentAction\",\"name\":\"Comment\",\"target\":[\"https:\\\/\\\/memurunsesi.net\\\/index.php\\\/2025\\\/04\\\/07\\\/bayburt-devlet-hastanesinde-ilk-kez-c1-2-posterior-stabilizasyon-yapildi\\\/#respond\"]}]},{\"@type\":\"WebPage\",\"@id\":\"https:\\\/\\\/memurunsesi.net\\\/index.php\\\/2025\\\/04\\\/07\\\/bayburt-devlet-hastanesinde-ilk-kez-c1-2-posterior-stabilizasyon-yapildi\\\/\",\"url\":\"https:\\\/\\\/memurunsesi.net\\\/index.php\\\/2025\\\/04\\\/07\\\/bayburt-devlet-hastanesinde-ilk-kez-c1-2-posterior-stabilizasyon-yapildi\\\/\",\"name\":\"Bayburt Devlet Hastanesinde ilk kez C1-2 posterior stabilizasyon yap\u0131ld\u0131 - Memurun Sesi\",\"isPartOf\":{\"@id\":\"https:\\\/\\\/memurunsesi.net\\\/#website\"},\"primaryImageOfPage\":{\"@id\":\"https:\\\/\\\/memurunsesi.net\\\/index.php\\\/2025\\\/04\\\/07\\\/bayburt-devlet-hastanesinde-ilk-kez-c1-2-posterior-stabilizasyon-yapildi\\\/#primaryimage\"},\"image\":{\"@id\":\"https:\\\/\\\/memurunsesi.net\\\/index.php\\\/2025\\\/04\\\/07\\\/bayburt-devlet-hastanesinde-ilk-kez-c1-2-posterior-stabilizasyon-yapildi\\\/#primaryimage\"},\"thumbnailUrl\":\"https:\\\/\\\/memurunsesi.net\\\/wp-content\\\/uploads\\\/2025\\\/04\\\/AW427025_01.jpg\",\"datePublished\":\"2025-04-07T06:05:58+00:00\",\"breadcrumb\":{\"@id\":\"https:\\\/\\\/memurunsesi.net\\\/index.php\\\/2025\\\/04\\\/07\\\/bayburt-devlet-hastanesinde-ilk-kez-c1-2-posterior-stabilizasyon-yapildi\\\/#breadcrumb\"},\"inLanguage\":\"tr\",\"potentialAction\":[{\"@type\":\"ReadAction\",\"target\":[\"https:\\\/\\\/memurunsesi.net\\\/index.php\\\/2025\\\/04\\\/07\\\/bayburt-devlet-hastanesinde-ilk-kez-c1-2-posterior-stabilizasyon-yapildi\\\/\"]}]},{\"@type\":\"ImageObject\",\"inLanguage\":\"tr\",\"@id\":\"https:\\\/\\\/memurunsesi.net\\\/index.php\\\/2025\\\/04\\\/07\\\/bayburt-devlet-hastanesinde-ilk-kez-c1-2-posterior-stabilizasyon-yapildi\\\/#primaryimage\",\"url\":\"https:\\\/\\\/memurunsesi.net\\\/wp-content\\\/uploads\\\/2025\\\/04\\\/AW427025_01.jpg\",\"contentUrl\":\"https:\\\/\\\/memurunsesi.net\\\/wp-content\\\/uploads\\\/2025\\\/04\\\/AW427025_01.jpg\",\"width\":1600,\"height\":1204,\"caption\":\"Y\u00dcKSEKTEN D\u00dc\u015eME SONRASI V\u00dcCUDUNDA KIRIKLAR OLU\u015eAN B\u0130R HASTAYA BAYBURT DEVLET HASTANES\u0130NDE \u0130LK KEZ C1-2 POSTER\u0130OR STAB\u0130L\u0130ZASYON BA\u015eARIYLA YAPILDI (\u00d6ZNUR DEM\u0130R\\\/BAYBURT-\u0130HA) Y\u00fcksekten d\u00fc\u015fme sonras\u0131 v\u00fccudunda k\u0131r\u0131klar olu\u015fan bir hastaya Bayburt Devlet Hastanesinde ilk kez C1-2 posterior stabilizasyon ba\u015far\u0131yla yap\u0131ld\u0131.\"},{\"@type\":\"BreadcrumbList\",\"@id\":\"https:\\\/\\\/memurunsesi.net\\\/index.php\\\/2025\\\/04\\\/07\\\/bayburt-devlet-hastanesinde-ilk-kez-c1-2-posterior-stabilizasyon-yapildi\\\/#breadcrumb\",\"itemListElement\":[{\"@type\":\"ListItem\",\"position\":1,\"name\":\"Anasayfa\",\"item\":\"https:\\\/\\\/memurunsesi.net\\\/\"},{\"@type\":\"ListItem\",\"position\":2,\"name\":\"Bayburt Devlet Hastanesinde ilk kez C1-2 posterior stabilizasyon yap\u0131ld\u0131\"}]},{\"@type\":\"WebSite\",\"@id\":\"https:\\\/\\\/memurunsesi.net\\\/#website\",\"url\":\"https:\\\/\\\/memurunsesi.net\\\/\",\"name\":\"Memurun Sesi\",\"description\":\"G\u00fcncel ve Do\u011fru Haber\",\"publisher\":{\"@id\":\"https:\\\/\\\/memurunsesi.net\\\/#organization\"},\"potentialAction\":[{\"@type\":\"SearchAction\",\"target\":{\"@type\":\"EntryPoint\",\"urlTemplate\":\"https:\\\/\\\/memurunsesi.net\\\/?s={search_term_string}\"},\"query-input\":{\"@type\":\"PropertyValueSpecification\",\"valueRequired\":true,\"valueName\":\"search_term_string\"}}],\"inLanguage\":\"tr\"},{\"@type\":\"Organization\",\"@id\":\"https:\\\/\\\/memurunsesi.net\\\/#organization\",\"name\":\"Memurun Sesi\",\"url\":\"https:\\\/\\\/memurunsesi.net\\\/\",\"logo\":{\"@type\":\"ImageObject\",\"inLanguage\":\"tr\",\"@id\":\"https:\\\/\\\/memurunsesi.net\\\/#\\\/schema\\\/logo\\\/image\\\/\",\"url\":\"https:\\\/\\\/memurunsesi.net\\\/wp-content\\\/uploads\\\/2025\\\/11\\\/cropped-MEMURUN-SESI.png\",\"contentUrl\":\"https:\\\/\\\/memurunsesi.net\\\/wp-content\\\/uploads\\\/2025\\\/11\\\/cropped-MEMURUN-SESI.png\",\"width\":238,\"height\":57,\"caption\":\"Memurun Sesi\"},\"image\":{\"@id\":\"https:\\\/\\\/memurunsesi.net\\\/#\\\/schema\\\/logo\\\/image\\\/\"},\"sameAs\":[\"https:\\\/\\\/www.facebook.com\\\/unipersen\\\/?locale=tr_TR\",\"https:\\\/\\\/x.com\\\/unipersen\"]},{\"@type\":\"Person\",\"@id\":\"https:\\\/\\\/memurunsesi.net\\\/#\\\/schema\\\/person\\\/f21c2d73b89f6ee1d80b0a1803e38587\",\"name\":\"Memurun Sesi Haber Merkezi\",\"image\":{\"@type\":\"ImageObject\",\"inLanguage\":\"tr\",\"@id\":\"https:\\\/\\\/secure.gravatar.com\\\/avatar\\\/6cf0505f452ee753f485014986fab09a434671d2b919ee76fc541025c5876a70?s=96&d=mm&r=g\",\"url\":\"https:\\\/\\\/secure.gravatar.com\\\/avatar\\\/6cf0505f452ee753f485014986fab09a434671d2b919ee76fc541025c5876a70?s=96&d=mm&r=g\",\"contentUrl\":\"https:\\\/\\\/secure.gravatar.com\\\/avatar\\\/6cf0505f452ee753f485014986fab09a434671d2b919ee76fc541025c5876a70?s=96&d=mm&r=g\",\"caption\":\"Memurun Sesi Haber Merkezi\"},\"sameAs\":[\"https:\\\/\\\/memurunsesi.net\"],\"url\":\"https:\\\/\\\/memurunsesi.net\\\/index.php\\\/author\\\/uniper\\\/\"}]}<\/script>\n<!-- \/ Yoast SEO plugin. -->","yoast_head_json":{"title":"Bayburt Devlet Hastanesinde ilk kez C1-2 posterior stabilizasyon yap\u0131ld\u0131 - Memurun Sesi","robots":{"index":"index","follow":"follow","max-snippet":"max-snippet:-1","max-image-preview":"max-image-preview:large","max-video-preview":"max-video-preview:-1"},"canonical":"https:\/\/memurunsesi.net\/index.php\/2025\/04\/07\/bayburt-devlet-hastanesinde-ilk-kez-c1-2-posterior-stabilizasyon-yapildi\/","og_locale":"tr_TR","og_type":"article","og_title":"Bayburt Devlet Hastanesinde ilk kez C1-2 posterior stabilizasyon yap\u0131ld\u0131 - Memurun Sesi","og_description":"Y\u00fcksekten d\u00fc\u015fme sonras\u0131 v\u00fccudunda k\u0131r\u0131klar olu\u015fan bir hastaya Bayburt Devlet Hastanesinde ilk kez C1-2 posterior stabilizasyon ba\u015far\u0131yla yap\u0131ld\u0131. Konuya ili\u015fkin hastanenin sosyal medya hesab\u0131 \u00fczerinden yap\u0131lan a\u00e7\u0131klamada, &#8220;Bu hastam\u0131zda y\u00fcksekten d\u00fc\u015fme sonras\u0131 odontoid tip 2 k\u0131r\u0131\u011f\u0131 olmas\u0131 \u00fczerine Bayburt\u2019ta ilk defa C1-2 posterior stabilizasyon yap\u0131ld\u0131. Odontoid \u00e7\u0131k\u0131nt\u0131, kafataban\u0131 ve boyun bile\u015fkesi geni\u015f hareket becerisi a\u00e7\u0131s\u0131ndan [&hellip;]","og_url":"https:\/\/memurunsesi.net\/index.php\/2025\/04\/07\/bayburt-devlet-hastanesinde-ilk-kez-c1-2-posterior-stabilizasyon-yapildi\/","og_site_name":"Memurun Sesi","article_publisher":"https:\/\/www.facebook.com\/unipersen\/?locale=tr_TR","article_published_time":"2025-04-07T06:05:58+00:00","og_image":[{"width":1600,"height":1204,"url":"https:\/\/memurunsesi.net\/wp-content\/uploads\/2025\/04\/AW427025_01.jpg","type":"image\/jpeg"}],"author":"Memurun Sesi Haber Merkezi","twitter_card":"summary_large_image","twitter_creator":"@unipersen","twitter_site":"@unipersen","twitter_misc":{"Yazan:":"Memurun Sesi Haber Merkezi","Tahmini okuma s\u00fcresi":"1 dakika"},"schema":{"@context":"https:\/\/schema.org","@graph":[{"@type":"Article","@id":"https:\/\/memurunsesi.net\/index.php\/2025\/04\/07\/bayburt-devlet-hastanesinde-ilk-kez-c1-2-posterior-stabilizasyon-yapildi\/#article","isPartOf":{"@id":"https:\/\/memurunsesi.net\/index.php\/2025\/04\/07\/bayburt-devlet-hastanesinde-ilk-kez-c1-2-posterior-stabilizasyon-yapildi\/"},"author":{"name":"Memurun Sesi Haber Merkezi","@id":"https:\/\/memurunsesi.net\/#\/schema\/person\/f21c2d73b89f6ee1d80b0a1803e38587"},"headline":"Bayburt Devlet Hastanesinde ilk kez C1-2 posterior stabilizasyon yap\u0131ld\u0131","datePublished":"2025-04-07T06:05:58+00:00","mainEntityOfPage":{"@id":"https:\/\/memurunsesi.net\/index.php\/2025\/04\/07\/bayburt-devlet-hastanesinde-ilk-kez-c1-2-posterior-stabilizasyon-yapildi\/"},"wordCount":182,"commentCount":0,"publisher":{"@id":"https:\/\/memurunsesi.net\/#organization"},"image":{"@id":"https:\/\/memurunsesi.net\/index.php\/2025\/04\/07\/bayburt-devlet-hastanesinde-ilk-kez-c1-2-posterior-stabilizasyon-yapildi\/#primaryimage"},"thumbnailUrl":"https:\/\/memurunsesi.net\/wp-content\/uploads\/2025\/04\/AW427025_01.jpg","inLanguage":"tr","potentialAction":[{"@type":"CommentAction","name":"Comment","target":["https:\/\/memurunsesi.net\/index.php\/2025\/04\/07\/bayburt-devlet-hastanesinde-ilk-kez-c1-2-posterior-stabilizasyon-yapildi\/#respond"]}]},{"@type":"WebPage","@id":"https:\/\/memurunsesi.net\/index.php\/2025\/04\/07\/bayburt-devlet-hastanesinde-ilk-kez-c1-2-posterior-stabilizasyon-yapildi\/","url":"https:\/\/memurunsesi.net\/index.php\/2025\/04\/07\/bayburt-devlet-hastanesinde-ilk-kez-c1-2-posterior-stabilizasyon-yapildi\/","name":"Bayburt Devlet Hastanesinde ilk kez C1-2 posterior stabilizasyon yap\u0131ld\u0131 - Memurun Sesi","isPartOf":{"@id":"https:\/\/memurunsesi.net\/#website"},"primaryImageOfPage":{"@id":"https:\/\/memurunsesi.net\/index.php\/2025\/04\/07\/bayburt-devlet-hastanesinde-ilk-kez-c1-2-posterior-stabilizasyon-yapildi\/#primaryimage"},"image":{"@id":"https:\/\/memurunsesi.net\/index.php\/2025\/04\/07\/bayburt-devlet-hastanesinde-ilk-kez-c1-2-posterior-stabilizasyon-yapildi\/#primaryimage"},"thumbnailUrl":"https:\/\/memurunsesi.net\/wp-content\/uploads\/2025\/04\/AW427025_01.jpg","datePublished":"2025-04-07T06:05:58+00:00","breadcrumb":{"@id":"https:\/\/memurunsesi.net\/index.php\/2025\/04\/07\/bayburt-devlet-hastanesinde-ilk-kez-c1-2-posterior-stabilizasyon-yapildi\/#breadcrumb"},"inLanguage":"tr","potentialAction":[{"@type":"ReadAction","target":["https:\/\/memurunsesi.net\/index.php\/2025\/04\/07\/bayburt-devlet-hastanesinde-ilk-kez-c1-2-posterior-stabilizasyon-yapildi\/"]}]},{"@type":"ImageObject","inLanguage":"tr","@id":"https:\/\/memurunsesi.net\/index.php\/2025\/04\/07\/bayburt-devlet-hastanesinde-ilk-kez-c1-2-posterior-stabilizasyon-yapildi\/#primaryimage","url":"https:\/\/memurunsesi.net\/wp-content\/uploads\/2025\/04\/AW427025_01.jpg","contentUrl":"https:\/\/memurunsesi.net\/wp-content\/uploads\/2025\/04\/AW427025_01.jpg","width":1600,"height":1204,"caption":"Y\u00dcKSEKTEN D\u00dc\u015eME SONRASI V\u00dcCUDUNDA KIRIKLAR OLU\u015eAN B\u0130R HASTAYA BAYBURT DEVLET HASTANES\u0130NDE \u0130LK KEZ C1-2 POSTER\u0130OR STAB\u0130L\u0130ZASYON BA\u015eARIYLA YAPILDI (\u00d6ZNUR DEM\u0130R\/BAYBURT-\u0130HA) Y\u00fcksekten d\u00fc\u015fme sonras\u0131 v\u00fccudunda k\u0131r\u0131klar olu\u015fan bir hastaya Bayburt Devlet Hastanesinde ilk kez C1-2 posterior stabilizasyon ba\u015far\u0131yla yap\u0131ld\u0131."},{"@type":"BreadcrumbList","@id":"https:\/\/memurunsesi.net\/index.php\/2025\/04\/07\/bayburt-devlet-hastanesinde-ilk-kez-c1-2-posterior-stabilizasyon-yapildi\/#breadcrumb","itemListElement":[{"@type":"ListItem","position":1,"name":"Anasayfa","item":"https:\/\/memurunsesi.net\/"},{"@type":"ListItem","position":2,"name":"Bayburt Devlet Hastanesinde ilk kez C1-2 posterior stabilizasyon yap\u0131ld\u0131"}]},{"@type":"WebSite","@id":"https:\/\/memurunsesi.net\/#website","url":"https:\/\/memurunsesi.net\/","name":"Memurun Sesi","description":"G\u00fcncel ve Do\u011fru Haber","publisher":{"@id":"https:\/\/memurunsesi.net\/#organization"},"potentialAction":[{"@type":"SearchAction","target":{"@type":"EntryPoint","urlTemplate":"https:\/\/memurunsesi.net\/?s={search_term_string}"},"query-input":{"@type":"PropertyValueSpecification","valueRequired":true,"valueName":"search_term_string"}}],"inLanguage":"tr"},{"@type":"Organization","@id":"https:\/\/memurunsesi.net\/#organization","name":"Memurun Sesi","url":"https:\/\/memurunsesi.net\/","logo":{"@type":"ImageObject","inLanguage":"tr","@id":"https:\/\/memurunsesi.net\/#\/schema\/logo\/image\/","url":"https:\/\/memurunsesi.net\/wp-content\/uploads\/2025\/11\/cropped-MEMURUN-SESI.png","contentUrl":"https:\/\/memurunsesi.net\/wp-content\/uploads\/2025\/11\/cropped-MEMURUN-SESI.png","width":238,"height":57,"caption":"Memurun Sesi"},"image":{"@id":"https:\/\/memurunsesi.net\/#\/schema\/logo\/image\/"},"sameAs":["https:\/\/www.facebook.com\/unipersen\/?locale=tr_TR","https:\/\/x.com\/unipersen"]},{"@type":"Person","@id":"https:\/\/memurunsesi.net\/#\/schema\/person\/f21c2d73b89f6ee1d80b0a1803e38587","name":"Memurun Sesi Haber Merkezi","image":{"@type":"ImageObject","inLanguage":"tr","@id":"https:\/\/secure.gravatar.com\/avatar\/6cf0505f452ee753f485014986fab09a434671d2b919ee76fc541025c5876a70?s=96&d=mm&r=g","url":"https:\/\/secure.gravatar.com\/avatar\/6cf0505f452ee753f485014986fab09a434671d2b919ee76fc541025c5876a70?s=96&d=mm&r=g","contentUrl":"https:\/\/secure.gravatar.com\/avatar\/6cf0505f452ee753f485014986fab09a434671d2b919ee76fc541025c5876a70?s=96&d=mm&r=g","caption":"Memurun Sesi Haber Merkezi"},"sameAs":["https:\/\/memurunsesi.net"],"url":"https:\/\/memurunsesi.net\/index.php\/author\/uniper\/"}]}},"_links":{"self":[{"href":"https:\/\/memurunsesi.net\/index.php\/wp-json\/wp\/v2\/posts\/4927","targetHints":{"allow":["GET"]}}],"collection":[{"href":"https:\/\/memurunsesi.net\/index.php\/wp-json\/wp\/v2\/posts"}],"about":[{"href":"https:\/\/memurunsesi.net\/index.php\/wp-json\/wp\/v2\/types\/post"}],"author":[{"embeddable":true,"href":"https:\/\/memurunsesi.net\/index.php\/wp-json\/wp\/v2\/users\/1"}],"replies":[{"embeddable":true,"href":"https:\/\/memurunsesi.net\/index.php\/wp-json\/wp\/v2\/comments?post=4927"}],"version-history":[{"count":1,"href":"https:\/\/memurunsesi.net\/index.php\/wp-json\/wp\/v2\/posts\/4927\/revisions"}],"predecessor-version":[{"id":4929,"href":"https:\/\/memurunsesi.net\/index.php\/wp-json\/wp\/v2\/posts\/4927\/revisions\/4929"}],"wp:featuredmedia":[{"embeddable":true,"href":"https:\/\/memurunsesi.net\/index.php\/wp-json\/wp\/v2\/media\/4928"}],"wp:attachment":[{"href":"https:\/\/memurunsesi.net\/index.php\/wp-json\/wp\/v2\/media?parent=4927"}],"wp:term":[{"taxonomy":"category","embeddable":true,"href":"https:\/\/memurunsesi.net\/index.php\/wp-json\/wp\/v2\/categories?post=4927"},{"taxonomy":"post_tag","embeddable":true,"href":"https:\/\/memurunsesi.net\/index.php\/wp-json\/wp\/v2\/tags?post=4927"}],"curies":[{"name":"wp","href":"https:\/\/api.w.org\/{rel}","templated":true}]}}