{"id":4932,"date":"2025-04-07T09:07:58","date_gmt":"2025-04-07T06:07:58","guid":{"rendered":"https:\/\/memurunsesi.net\/?p=4932"},"modified":"2025-04-07T09:07:58","modified_gmt":"2025-04-07T06:07:58","slug":"kayserispor-8-mac-sonra-deplasmanda-kazandi","status":"publish","type":"post","link":"https:\/\/memurunsesi.net\/index.php\/2025\/04\/07\/kayserispor-8-mac-sonra-deplasmanda-kazandi\/","title":{"rendered":"Kayserispor 8 ma\u00e7 sonra deplasmanda kazand\u0131"},"content":{"rendered":"<p>Kayserispor, S\u00fcper Lig&#8217;de 8 ma\u00e7 sonra deplasmanda galip geldi.<br \/>\nS\u00fcper Lig&#8217;de kal\u0131c\u0131 olman\u0131n m\u00fccadelesini veren Kayserispor, Adana Demirspor kar\u0131s\u0131nda ald\u0131\u011f\u0131 galibiyetin moralini ve mutlulu\u011funu ya\u015f\u0131yor. Kartal Kayra Y\u0131lmaz ve Bahoken&#8217;in golleri ile 3 puan\u0131 hanesine yazd\u0131ran sar\u0131-k\u0131rm\u0131z\u0131l\u0131lar 8 ma\u00e7 sonra deplasmanda kazand\u0131. Son olarak 8 Kas\u0131m 2024 tarihinde oynad\u0131\u011f\u0131 ve 2-1 noktalad\u0131\u011f\u0131 Kas\u0131mpa\u015fa ma\u00e7\u0131nda deplasman galibiyeti alan Kayserispor, 8 ma\u00e7 sonra Adana Demirspor&#8217;u sahas\u0131nda 2-0 yendi.<br \/>\nKayserispor&#8217;un Kas\u0131mpa\u015fa ma\u00e7\u0131 ve sonras\u0131nda oynad\u0131\u011f\u0131 deplasman ma\u00e7lar\u0131 ve neticeleri \u015fu \u015fekilde:<br \/>\n08.11.2024 Kas\u0131mpa\u015fa-Kayserispor 1-2<br \/>\n01.12.2024 \u00c7.Rizespor-Kayserispor 3-0<br \/>\n15.12.2024 Antalyaspor-Kayserispor 2-0<br \/>\n05.01.2025 Bodrumspor-Kayserispor 1-1<br \/>\n25.01.2025 Sivasspor-Kayserispor 5-2<br \/>\n16.02.2025 Ey\u00fcpspor-Kayserispor 1-1<br \/>\n01.03.2025 Be\u015fikta\u015f-Kayserispor 2-0<br \/>\n15.03.2025 Gaziantep-Kayserispor 1-0<br \/>\n04.04.2025 Adana DS-Kayserispor 0-2<\/p>\n<p>7.04.2025<\/p>\n","protected":false},"excerpt":{"rendered":"<p>Kayserispor, S\u00fcper Lig&#8217;de 8 ma\u00e7 sonra deplasmanda galip geldi. S\u00fcper Lig&#8217;de kal\u0131c\u0131 olman\u0131n m\u00fccadelesini veren Kayserispor, Adana Demirspor kar\u0131s\u0131nda ald\u0131\u011f\u0131 galibiyetin moralini ve mutlulu\u011funu ya\u015f\u0131yor. Kartal Kayra Y\u0131lmaz ve Bahoken&#8217;in golleri ile 3 puan\u0131 hanesine yazd\u0131ran sar\u0131-k\u0131rm\u0131z\u0131l\u0131lar 8 ma\u00e7 sonra deplasmanda kazand\u0131. Son olarak 8 Kas\u0131m 2024 tarihinde oynad\u0131\u011f\u0131 ve 2-1 noktalad\u0131\u011f\u0131 Kas\u0131mpa\u015fa ma\u00e7\u0131nda deplasman [&hellip;]<\/p>\n","protected":false},"author":1,"featured_media":4933,"comment_status":"open","ping_status":"open","sticky":false,"template":"","format":"standard","meta":{"footnotes":""},"categories":[57],"tags":[],"class_list":["post-4932","post","type-post","status-publish","format-standard","has-post-thumbnail","hentry","category-spor"],"yoast_head":"<!-- This site is optimized with the Yoast SEO plugin v27.4 - https:\/\/yoast.com\/product\/yoast-seo-wordpress\/ -->\n<title>Kayserispor 8 ma\u00e7 sonra deplasmanda kazand\u0131 - Memurun Sesi<\/title>\n<meta name=\"robots\" content=\"index, follow, max-snippet:-1, max-image-preview:large, max-video-preview:-1\" \/>\n<link rel=\"canonical\" href=\"https:\/\/memurunsesi.net\/index.php\/2025\/04\/07\/kayserispor-8-mac-sonra-deplasmanda-kazandi\/\" \/>\n<meta property=\"og:locale\" content=\"tr_TR\" \/>\n<meta property=\"og:type\" content=\"article\" \/>\n<meta property=\"og:title\" content=\"Kayserispor 8 ma\u00e7 sonra deplasmanda kazand\u0131 - Memurun Sesi\" \/>\n<meta property=\"og:description\" content=\"Kayserispor, S\u00fcper Lig&#8217;de 8 ma\u00e7 sonra deplasmanda galip geldi. S\u00fcper Lig&#8217;de kal\u0131c\u0131 olman\u0131n m\u00fccadelesini veren Kayserispor, Adana Demirspor kar\u0131s\u0131nda ald\u0131\u011f\u0131 galibiyetin moralini ve mutlulu\u011funu ya\u015f\u0131yor. Kartal Kayra Y\u0131lmaz ve Bahoken&#8217;in golleri ile 3 puan\u0131 hanesine yazd\u0131ran sar\u0131-k\u0131rm\u0131z\u0131l\u0131lar 8 ma\u00e7 sonra deplasmanda kazand\u0131. Son olarak 8 Kas\u0131m 2024 tarihinde oynad\u0131\u011f\u0131 ve 2-1 noktalad\u0131\u011f\u0131 Kas\u0131mpa\u015fa ma\u00e7\u0131nda deplasman [&hellip;]\" \/>\n<meta property=\"og:url\" content=\"https:\/\/memurunsesi.net\/index.php\/2025\/04\/07\/kayserispor-8-mac-sonra-deplasmanda-kazandi\/\" \/>\n<meta property=\"og:site_name\" content=\"Memurun Sesi\" \/>\n<meta property=\"article:publisher\" content=\"https:\/\/www.facebook.com\/unipersen\/?locale=tr_TR\" \/>\n<meta property=\"article:published_time\" content=\"2025-04-07T06:07:58+00:00\" \/>\n<meta property=\"og:image\" content=\"https:\/\/memurunsesi.net\/wp-content\/uploads\/2025\/04\/AW427020_01.jpg\" \/>\n\t<meta property=\"og:image:width\" content=\"1380\" \/>\n\t<meta property=\"og:image:height\" content=\"1569\" \/>\n\t<meta property=\"og:image:type\" content=\"image\/jpeg\" \/>\n<meta name=\"author\" content=\"Memurun Sesi Haber Merkezi\" \/>\n<meta name=\"twitter:card\" content=\"summary_large_image\" \/>\n<meta name=\"twitter:creator\" content=\"@unipersen\" \/>\n<meta name=\"twitter:site\" content=\"@unipersen\" \/>\n<meta name=\"twitter:label1\" content=\"Yazan:\" \/>\n\t<meta name=\"twitter:data1\" content=\"Memurun Sesi Haber Merkezi\" \/>\n\t<meta name=\"twitter:label2\" content=\"Tahmini okuma s\u00fcresi\" \/>\n\t<meta name=\"twitter:data2\" content=\"1 dakika\" \/>\n<script type=\"application\/ld+json\" class=\"yoast-schema-graph\">{\"@context\":\"https:\\\/\\\/schema.org\",\"@graph\":[{\"@type\":\"Article\",\"@id\":\"https:\\\/\\\/memurunsesi.net\\\/index.php\\\/2025\\\/04\\\/07\\\/kayserispor-8-mac-sonra-deplasmanda-kazandi\\\/#article\",\"isPartOf\":{\"@id\":\"https:\\\/\\\/memurunsesi.net\\\/index.php\\\/2025\\\/04\\\/07\\\/kayserispor-8-mac-sonra-deplasmanda-kazandi\\\/\"},\"author\":{\"name\":\"Memurun Sesi Haber Merkezi\",\"@id\":\"https:\\\/\\\/memurunsesi.net\\\/#\\\/schema\\\/person\\\/f21c2d73b89f6ee1d80b0a1803e38587\"},\"headline\":\"Kayserispor 8 ma\u00e7 sonra deplasmanda kazand\u0131\",\"datePublished\":\"2025-04-07T06:07:58+00:00\",\"mainEntityOfPage\":{\"@id\":\"https:\\\/\\\/memurunsesi.net\\\/index.php\\\/2025\\\/04\\\/07\\\/kayserispor-8-mac-sonra-deplasmanda-kazandi\\\/\"},\"wordCount\":131,\"commentCount\":0,\"publisher\":{\"@id\":\"https:\\\/\\\/memurunsesi.net\\\/#organization\"},\"image\":{\"@id\":\"https:\\\/\\\/memurunsesi.net\\\/index.php\\\/2025\\\/04\\\/07\\\/kayserispor-8-mac-sonra-deplasmanda-kazandi\\\/#primaryimage\"},\"thumbnailUrl\":\"https:\\\/\\\/memurunsesi.net\\\/wp-content\\\/uploads\\\/2025\\\/04\\\/AW427020_01.jpg\",\"articleSection\":[\"Spor\"],\"inLanguage\":\"tr\",\"potentialAction\":[{\"@type\":\"CommentAction\",\"name\":\"Comment\",\"target\":[\"https:\\\/\\\/memurunsesi.net\\\/index.php\\\/2025\\\/04\\\/07\\\/kayserispor-8-mac-sonra-deplasmanda-kazandi\\\/#respond\"]}]},{\"@type\":\"WebPage\",\"@id\":\"https:\\\/\\\/memurunsesi.net\\\/index.php\\\/2025\\\/04\\\/07\\\/kayserispor-8-mac-sonra-deplasmanda-kazandi\\\/\",\"url\":\"https:\\\/\\\/memurunsesi.net\\\/index.php\\\/2025\\\/04\\\/07\\\/kayserispor-8-mac-sonra-deplasmanda-kazandi\\\/\",\"name\":\"Kayserispor 8 ma\u00e7 sonra deplasmanda kazand\u0131 - Memurun Sesi\",\"isPartOf\":{\"@id\":\"https:\\\/\\\/memurunsesi.net\\\/#website\"},\"primaryImageOfPage\":{\"@id\":\"https:\\\/\\\/memurunsesi.net\\\/index.php\\\/2025\\\/04\\\/07\\\/kayserispor-8-mac-sonra-deplasmanda-kazandi\\\/#primaryimage\"},\"image\":{\"@id\":\"https:\\\/\\\/memurunsesi.net\\\/index.php\\\/2025\\\/04\\\/07\\\/kayserispor-8-mac-sonra-deplasmanda-kazandi\\\/#primaryimage\"},\"thumbnailUrl\":\"https:\\\/\\\/memurunsesi.net\\\/wp-content\\\/uploads\\\/2025\\\/04\\\/AW427020_01.jpg\",\"datePublished\":\"2025-04-07T06:07:58+00:00\",\"breadcrumb\":{\"@id\":\"https:\\\/\\\/memurunsesi.net\\\/index.php\\\/2025\\\/04\\\/07\\\/kayserispor-8-mac-sonra-deplasmanda-kazandi\\\/#breadcrumb\"},\"inLanguage\":\"tr\",\"potentialAction\":[{\"@type\":\"ReadAction\",\"target\":[\"https:\\\/\\\/memurunsesi.net\\\/index.php\\\/2025\\\/04\\\/07\\\/kayserispor-8-mac-sonra-deplasmanda-kazandi\\\/\"]}]},{\"@type\":\"ImageObject\",\"inLanguage\":\"tr\",\"@id\":\"https:\\\/\\\/memurunsesi.net\\\/index.php\\\/2025\\\/04\\\/07\\\/kayserispor-8-mac-sonra-deplasmanda-kazandi\\\/#primaryimage\",\"url\":\"https:\\\/\\\/memurunsesi.net\\\/wp-content\\\/uploads\\\/2025\\\/04\\\/AW427020_01.jpg\",\"contentUrl\":\"https:\\\/\\\/memurunsesi.net\\\/wp-content\\\/uploads\\\/2025\\\/04\\\/AW427020_01.jpg\",\"width\":1380,\"height\":1569,\"caption\":\"KAYSER\u0130SPOR, S\u00dcPER L\u0130G'DE 8 MA\u00c7 SONRA DEPLASMANDA GAL\u0130P GELD\u0130. (Y\u00dcKSEL YIKILMAZ\\\/KAYSER\u0130-\u0130HA) Kayserispor, S\u00fcper Lig'de 8 ma\u00e7 sonra deplasmanda galip geldi.\"},{\"@type\":\"BreadcrumbList\",\"@id\":\"https:\\\/\\\/memurunsesi.net\\\/index.php\\\/2025\\\/04\\\/07\\\/kayserispor-8-mac-sonra-deplasmanda-kazandi\\\/#breadcrumb\",\"itemListElement\":[{\"@type\":\"ListItem\",\"position\":1,\"name\":\"Anasayfa\",\"item\":\"https:\\\/\\\/memurunsesi.net\\\/\"},{\"@type\":\"ListItem\",\"position\":2,\"name\":\"Kayserispor 8 ma\u00e7 sonra deplasmanda kazand\u0131\"}]},{\"@type\":\"WebSite\",\"@id\":\"https:\\\/\\\/memurunsesi.net\\\/#website\",\"url\":\"https:\\\/\\\/memurunsesi.net\\\/\",\"name\":\"Memurun Sesi\",\"description\":\"G\u00fcncel ve Do\u011fru Haber\",\"publisher\":{\"@id\":\"https:\\\/\\\/memurunsesi.net\\\/#organization\"},\"potentialAction\":[{\"@type\":\"SearchAction\",\"target\":{\"@type\":\"EntryPoint\",\"urlTemplate\":\"https:\\\/\\\/memurunsesi.net\\\/?s={search_term_string}\"},\"query-input\":{\"@type\":\"PropertyValueSpecification\",\"valueRequired\":true,\"valueName\":\"search_term_string\"}}],\"inLanguage\":\"tr\"},{\"@type\":\"Organization\",\"@id\":\"https:\\\/\\\/memurunsesi.net\\\/#organization\",\"name\":\"Memurun Sesi\",\"url\":\"https:\\\/\\\/memurunsesi.net\\\/\",\"logo\":{\"@type\":\"ImageObject\",\"inLanguage\":\"tr\",\"@id\":\"https:\\\/\\\/memurunsesi.net\\\/#\\\/schema\\\/logo\\\/image\\\/\",\"url\":\"https:\\\/\\\/memurunsesi.net\\\/wp-content\\\/uploads\\\/2025\\\/11\\\/cropped-MEMURUN-SESI.png\",\"contentUrl\":\"https:\\\/\\\/memurunsesi.net\\\/wp-content\\\/uploads\\\/2025\\\/11\\\/cropped-MEMURUN-SESI.png\",\"width\":238,\"height\":57,\"caption\":\"Memurun Sesi\"},\"image\":{\"@id\":\"https:\\\/\\\/memurunsesi.net\\\/#\\\/schema\\\/logo\\\/image\\\/\"},\"sameAs\":[\"https:\\\/\\\/www.facebook.com\\\/unipersen\\\/?locale=tr_TR\",\"https:\\\/\\\/x.com\\\/unipersen\"]},{\"@type\":\"Person\",\"@id\":\"https:\\\/\\\/memurunsesi.net\\\/#\\\/schema\\\/person\\\/f21c2d73b89f6ee1d80b0a1803e38587\",\"name\":\"Memurun Sesi Haber Merkezi\",\"image\":{\"@type\":\"ImageObject\",\"inLanguage\":\"tr\",\"@id\":\"https:\\\/\\\/secure.gravatar.com\\\/avatar\\\/6cf0505f452ee753f485014986fab09a434671d2b919ee76fc541025c5876a70?s=96&d=mm&r=g\",\"url\":\"https:\\\/\\\/secure.gravatar.com\\\/avatar\\\/6cf0505f452ee753f485014986fab09a434671d2b919ee76fc541025c5876a70?s=96&d=mm&r=g\",\"contentUrl\":\"https:\\\/\\\/secure.gravatar.com\\\/avatar\\\/6cf0505f452ee753f485014986fab09a434671d2b919ee76fc541025c5876a70?s=96&d=mm&r=g\",\"caption\":\"Memurun Sesi Haber Merkezi\"},\"sameAs\":[\"https:\\\/\\\/memurunsesi.net\"],\"url\":\"https:\\\/\\\/memurunsesi.net\\\/index.php\\\/author\\\/uniper\\\/\"}]}<\/script>\n<!-- \/ Yoast SEO plugin. -->","yoast_head_json":{"title":"Kayserispor 8 ma\u00e7 sonra deplasmanda kazand\u0131 - Memurun Sesi","robots":{"index":"index","follow":"follow","max-snippet":"max-snippet:-1","max-image-preview":"max-image-preview:large","max-video-preview":"max-video-preview:-1"},"canonical":"https:\/\/memurunsesi.net\/index.php\/2025\/04\/07\/kayserispor-8-mac-sonra-deplasmanda-kazandi\/","og_locale":"tr_TR","og_type":"article","og_title":"Kayserispor 8 ma\u00e7 sonra deplasmanda kazand\u0131 - Memurun Sesi","og_description":"Kayserispor, S\u00fcper Lig&#8217;de 8 ma\u00e7 sonra deplasmanda galip geldi. S\u00fcper Lig&#8217;de kal\u0131c\u0131 olman\u0131n m\u00fccadelesini veren Kayserispor, Adana Demirspor kar\u0131s\u0131nda ald\u0131\u011f\u0131 galibiyetin moralini ve mutlulu\u011funu ya\u015f\u0131yor. Kartal Kayra Y\u0131lmaz ve Bahoken&#8217;in golleri ile 3 puan\u0131 hanesine yazd\u0131ran sar\u0131-k\u0131rm\u0131z\u0131l\u0131lar 8 ma\u00e7 sonra deplasmanda kazand\u0131. Son olarak 8 Kas\u0131m 2024 tarihinde oynad\u0131\u011f\u0131 ve 2-1 noktalad\u0131\u011f\u0131 Kas\u0131mpa\u015fa ma\u00e7\u0131nda deplasman [&hellip;]","og_url":"https:\/\/memurunsesi.net\/index.php\/2025\/04\/07\/kayserispor-8-mac-sonra-deplasmanda-kazandi\/","og_site_name":"Memurun Sesi","article_publisher":"https:\/\/www.facebook.com\/unipersen\/?locale=tr_TR","article_published_time":"2025-04-07T06:07:58+00:00","og_image":[{"width":1380,"height":1569,"url":"https:\/\/memurunsesi.net\/wp-content\/uploads\/2025\/04\/AW427020_01.jpg","type":"image\/jpeg"}],"author":"Memurun Sesi Haber Merkezi","twitter_card":"summary_large_image","twitter_creator":"@unipersen","twitter_site":"@unipersen","twitter_misc":{"Yazan:":"Memurun Sesi Haber Merkezi","Tahmini okuma s\u00fcresi":"1 dakika"},"schema":{"@context":"https:\/\/schema.org","@graph":[{"@type":"Article","@id":"https:\/\/memurunsesi.net\/index.php\/2025\/04\/07\/kayserispor-8-mac-sonra-deplasmanda-kazandi\/#article","isPartOf":{"@id":"https:\/\/memurunsesi.net\/index.php\/2025\/04\/07\/kayserispor-8-mac-sonra-deplasmanda-kazandi\/"},"author":{"name":"Memurun Sesi Haber Merkezi","@id":"https:\/\/memurunsesi.net\/#\/schema\/person\/f21c2d73b89f6ee1d80b0a1803e38587"},"headline":"Kayserispor 8 ma\u00e7 sonra deplasmanda kazand\u0131","datePublished":"2025-04-07T06:07:58+00:00","mainEntityOfPage":{"@id":"https:\/\/memurunsesi.net\/index.php\/2025\/04\/07\/kayserispor-8-mac-sonra-deplasmanda-kazandi\/"},"wordCount":131,"commentCount":0,"publisher":{"@id":"https:\/\/memurunsesi.net\/#organization"},"image":{"@id":"https:\/\/memurunsesi.net\/index.php\/2025\/04\/07\/kayserispor-8-mac-sonra-deplasmanda-kazandi\/#primaryimage"},"thumbnailUrl":"https:\/\/memurunsesi.net\/wp-content\/uploads\/2025\/04\/AW427020_01.jpg","articleSection":["Spor"],"inLanguage":"tr","potentialAction":[{"@type":"CommentAction","name":"Comment","target":["https:\/\/memurunsesi.net\/index.php\/2025\/04\/07\/kayserispor-8-mac-sonra-deplasmanda-kazandi\/#respond"]}]},{"@type":"WebPage","@id":"https:\/\/memurunsesi.net\/index.php\/2025\/04\/07\/kayserispor-8-mac-sonra-deplasmanda-kazandi\/","url":"https:\/\/memurunsesi.net\/index.php\/2025\/04\/07\/kayserispor-8-mac-sonra-deplasmanda-kazandi\/","name":"Kayserispor 8 ma\u00e7 sonra deplasmanda kazand\u0131 - Memurun Sesi","isPartOf":{"@id":"https:\/\/memurunsesi.net\/#website"},"primaryImageOfPage":{"@id":"https:\/\/memurunsesi.net\/index.php\/2025\/04\/07\/kayserispor-8-mac-sonra-deplasmanda-kazandi\/#primaryimage"},"image":{"@id":"https:\/\/memurunsesi.net\/index.php\/2025\/04\/07\/kayserispor-8-mac-sonra-deplasmanda-kazandi\/#primaryimage"},"thumbnailUrl":"https:\/\/memurunsesi.net\/wp-content\/uploads\/2025\/04\/AW427020_01.jpg","datePublished":"2025-04-07T06:07:58+00:00","breadcrumb":{"@id":"https:\/\/memurunsesi.net\/index.php\/2025\/04\/07\/kayserispor-8-mac-sonra-deplasmanda-kazandi\/#breadcrumb"},"inLanguage":"tr","potentialAction":[{"@type":"ReadAction","target":["https:\/\/memurunsesi.net\/index.php\/2025\/04\/07\/kayserispor-8-mac-sonra-deplasmanda-kazandi\/"]}]},{"@type":"ImageObject","inLanguage":"tr","@id":"https:\/\/memurunsesi.net\/index.php\/2025\/04\/07\/kayserispor-8-mac-sonra-deplasmanda-kazandi\/#primaryimage","url":"https:\/\/memurunsesi.net\/wp-content\/uploads\/2025\/04\/AW427020_01.jpg","contentUrl":"https:\/\/memurunsesi.net\/wp-content\/uploads\/2025\/04\/AW427020_01.jpg","width":1380,"height":1569,"caption":"KAYSER\u0130SPOR, S\u00dcPER L\u0130G'DE 8 MA\u00c7 SONRA DEPLASMANDA GAL\u0130P GELD\u0130. (Y\u00dcKSEL YIKILMAZ\/KAYSER\u0130-\u0130HA) Kayserispor, S\u00fcper Lig'de 8 ma\u00e7 sonra deplasmanda galip geldi."},{"@type":"BreadcrumbList","@id":"https:\/\/memurunsesi.net\/index.php\/2025\/04\/07\/kayserispor-8-mac-sonra-deplasmanda-kazandi\/#breadcrumb","itemListElement":[{"@type":"ListItem","position":1,"name":"Anasayfa","item":"https:\/\/memurunsesi.net\/"},{"@type":"ListItem","position":2,"name":"Kayserispor 8 ma\u00e7 sonra deplasmanda kazand\u0131"}]},{"@type":"WebSite","@id":"https:\/\/memurunsesi.net\/#website","url":"https:\/\/memurunsesi.net\/","name":"Memurun Sesi","description":"G\u00fcncel ve Do\u011fru Haber","publisher":{"@id":"https:\/\/memurunsesi.net\/#organization"},"potentialAction":[{"@type":"SearchAction","target":{"@type":"EntryPoint","urlTemplate":"https:\/\/memurunsesi.net\/?s={search_term_string}"},"query-input":{"@type":"PropertyValueSpecification","valueRequired":true,"valueName":"search_term_string"}}],"inLanguage":"tr"},{"@type":"Organization","@id":"https:\/\/memurunsesi.net\/#organization","name":"Memurun Sesi","url":"https:\/\/memurunsesi.net\/","logo":{"@type":"ImageObject","inLanguage":"tr","@id":"https:\/\/memurunsesi.net\/#\/schema\/logo\/image\/","url":"https:\/\/memurunsesi.net\/wp-content\/uploads\/2025\/11\/cropped-MEMURUN-SESI.png","contentUrl":"https:\/\/memurunsesi.net\/wp-content\/uploads\/2025\/11\/cropped-MEMURUN-SESI.png","width":238,"height":57,"caption":"Memurun Sesi"},"image":{"@id":"https:\/\/memurunsesi.net\/#\/schema\/logo\/image\/"},"sameAs":["https:\/\/www.facebook.com\/unipersen\/?locale=tr_TR","https:\/\/x.com\/unipersen"]},{"@type":"Person","@id":"https:\/\/memurunsesi.net\/#\/schema\/person\/f21c2d73b89f6ee1d80b0a1803e38587","name":"Memurun Sesi Haber Merkezi","image":{"@type":"ImageObject","inLanguage":"tr","@id":"https:\/\/secure.gravatar.com\/avatar\/6cf0505f452ee753f485014986fab09a434671d2b919ee76fc541025c5876a70?s=96&d=mm&r=g","url":"https:\/\/secure.gravatar.com\/avatar\/6cf0505f452ee753f485014986fab09a434671d2b919ee76fc541025c5876a70?s=96&d=mm&r=g","contentUrl":"https:\/\/secure.gravatar.com\/avatar\/6cf0505f452ee753f485014986fab09a434671d2b919ee76fc541025c5876a70?s=96&d=mm&r=g","caption":"Memurun Sesi Haber Merkezi"},"sameAs":["https:\/\/memurunsesi.net"],"url":"https:\/\/memurunsesi.net\/index.php\/author\/uniper\/"}]}},"_links":{"self":[{"href":"https:\/\/memurunsesi.net\/index.php\/wp-json\/wp\/v2\/posts\/4932","targetHints":{"allow":["GET"]}}],"collection":[{"href":"https:\/\/memurunsesi.net\/index.php\/wp-json\/wp\/v2\/posts"}],"about":[{"href":"https:\/\/memurunsesi.net\/index.php\/wp-json\/wp\/v2\/types\/post"}],"author":[{"embeddable":true,"href":"https:\/\/memurunsesi.net\/index.php\/wp-json\/wp\/v2\/users\/1"}],"replies":[{"embeddable":true,"href":"https:\/\/memurunsesi.net\/index.php\/wp-json\/wp\/v2\/comments?post=4932"}],"version-history":[{"count":1,"href":"https:\/\/memurunsesi.net\/index.php\/wp-json\/wp\/v2\/posts\/4932\/revisions"}],"predecessor-version":[{"id":4934,"href":"https:\/\/memurunsesi.net\/index.php\/wp-json\/wp\/v2\/posts\/4932\/revisions\/4934"}],"wp:featuredmedia":[{"embeddable":true,"href":"https:\/\/memurunsesi.net\/index.php\/wp-json\/wp\/v2\/media\/4933"}],"wp:attachment":[{"href":"https:\/\/memurunsesi.net\/index.php\/wp-json\/wp\/v2\/media?parent=4932"}],"wp:term":[{"taxonomy":"category","embeddable":true,"href":"https:\/\/memurunsesi.net\/index.php\/wp-json\/wp\/v2\/categories?post=4932"},{"taxonomy":"post_tag","embeddable":true,"href":"https:\/\/memurunsesi.net\/index.php\/wp-json\/wp\/v2\/tags?post=4932"}],"curies":[{"name":"wp","href":"https:\/\/api.w.org\/{rel}","templated":true}]}}