{"id":4953,"date":"2025-04-07T11:10:39","date_gmt":"2025-04-07T08:10:39","guid":{"rendered":"https:\/\/memurunsesi.net\/?p=4953"},"modified":"2025-04-07T11:10:39","modified_gmt":"2025-04-07T08:10:39","slug":"gayrimenkulde-satislar-ve-krediler-zirvede","status":"publish","type":"post","link":"https:\/\/memurunsesi.net\/index.php\/2025\/04\/07\/gayrimenkulde-satislar-ve-krediler-zirvede\/","title":{"rendered":"Gayrimenkulde sat\u0131\u015flar ve krediler zirvede"},"content":{"rendered":"<p>Emlak Uzman\u0131 Mustafa Hakan \u00d6zelmac\u0131kl\u0131, &#8220;T\u00fcrkiye genelinde t\u00fcm gayrimenkul t\u00fcrlerinde bu y\u0131l\u0131n ilk \u00e7eyre\u011finde sat\u0131\u015flar rekor k\u0131rarak 694 bin 628&#8217;e ula\u015ft\u0131. Ayn\u0131 d\u00f6nemde konut kredileri hacmi ise 545 milyar seviyesine yakla\u015ft\u0131&#8221; dedi.<\/p>\n<p>T\u00fcrkiye genelinde t\u00fcm gayrimenkul t\u00fcrlerinde bu y\u0131l\u0131n ilk \u00e7eyre\u011finde sat\u0131\u015flar 694 bin 628&#8217;e ula\u015ft\u0131. Ayn\u0131 d\u00f6nemde konut kredileri hacmi ise 545 milyar seviyesine yakla\u015ft\u0131. Konuya ili\u015fkin de\u011ferlendirmelerde bulunan Alt\u0131n Emlak Global Y\u00f6netim Kurulu Ba\u015fkan\u0131 Mustafa Hakan \u00d6zelmac\u0131kl\u0131 &#8220;2024 y\u0131l\u0131nda ilk \u00e7eyrekte t\u00fcm gayrimenkul sat\u0131\u015flar\u0131nda 641 bin, 2023 y\u0131l\u0131nda ise ayn\u0131 d\u00f6nemde en fazla 683 bin seviyelerine ula\u015f\u0131lm\u0131\u015ft\u0131. 2025 y\u0131l\u0131nda ise t\u00fcm gayrimenkul t\u00fcrlerinde sat\u0131\u015flar 694 bin seviyesine ula\u015farak t\u00fcm zamanlar\u0131n ilk \u00e7eyrek rekorunu k\u0131rd\u0131. Sat\u0131\u015flara ayl\u0131k bazda bakt\u0131\u011f\u0131m\u0131zda Ocak ay\u0131nda 238 bin 938, \u015eubat ay\u0131nda 232 bin 756, Mart ay\u0131nda da 222 bin 934 oldu. Ramazan etkisine ra\u011fmen sat\u0131\u015flar\u0131n Mart ay\u0131nda bu seviyeyi yakalamas\u0131 sat\u0131\u015flardaki ivmeyi art\u0131rd\u0131. Konut kredi hacmi de 3 Ocak&#8217;ta 513 milyar 527 milyon seviyelerinde iken, yakla\u015f\u0131k 30 milyarl\u0131k bir art\u0131\u015fla, 21 Mart itibar\u0131 ile 543 milyar 757 milyon seviyelerine \u00e7\u0131karak yeni bir rekor k\u0131rd\u0131. Ayn\u0131 d\u00f6nemde ta\u015f\u0131t kredi hacmi 8 milyar 332 milyon seviyesinde azal\u0131rken, sat\u0131\u015flar da ilk 3 ayl\u0131k d\u00f6nemde ge\u00e7en y\u0131la g\u00f6re y\u00fczde 6,5 seviyesinde azald\u0131&#8221; dedi.<\/p>\n<p>&#8220;E\u0130DS sat\u0131l\u0131k i\u015fyerlerinde ba\u015fl\u0131yor&#8221;<br \/>\n1 Ocak 2025 tarihi itibar\u0131yla kiral\u0131k ta\u015f\u0131nmazlar i\u00e7in uygulamaya ba\u015flayan Elektronik \u0130lan Do\u011frulama Sistemi&#8217;nin (E\u0130DS) sat\u0131l\u0131k i\u015fyeri ilanlar\u0131 i\u00e7in de bug\u00fcn itibar\u0131 ile uygulamaya al\u0131naca\u011f\u0131n\u0131 ifade eden \u00d6zelmac\u0131kl\u0131 &#8220;Sat\u0131l\u0131k i\u015f yeri ilanlar\u0131 i\u00e7in bug\u00fcn itibar\u0131 ile E\u0130DS zorunlulu\u011fu ba\u015flad\u0131. Sat\u0131l\u0131k konut ve arsa ilanlar\u0131nda ise ikinci bir talimata kadar E\u0130DS sorgulama sonucu olumsuz olsa bile do\u011frulama olmaks\u0131z\u0131n ilan verilebilecek. Emlak i\u015fletmeleri olarak belirlenen ta\u015f\u0131nmazlar\u0131n ilanlar\u0131n\u0131 internet portallar\u0131nda ilan olarak yay\u0131mlamak i\u00e7in E\u0130DS iznine ihtiya\u00e7 duyuyoruz. Bu izin ger\u00e7ek ve t\u00fczel ki\u015filer olarak iki ayr\u0131 \u015fekilde veriliyor. Ger\u00e7ek ki\u015filer e-Devlet sistemindeki Ticaret Bakanl\u0131\u011f\u0131 E\u0130DS men\u00fcs\u00fcnden, maliki olduklar\u0131 ta\u015f\u0131nmazlar\u0131n sat\u0131\u015f ve kiralanmas\u0131na ili\u015fkin elektronik ortamda ilan verilmesi konusunda bir emlak i\u015fletmesine izin verebiliyorlar. T\u00fczel ki\u015filere ait ta\u015f\u0131nmazlar i\u00e7in de yine E\u0130DS T\u00fczel ki\u015fi men\u00fcs\u00fc \u00fczerinden bu yetki emlak i\u015fletmelerine verilebiliyor. \u015eirketlerde de \u015firketi temsilen yetkili ki\u015filer taraf\u0131ndan bu yetkilendirme yap\u0131labiliyor&#8221; dedi.<\/p>\n<p>&#8220;TOK\u0130 gayrimenkul arz\u0131na destek veriyor&#8221;<br \/>\n\u00c7evre, \u015eehircilik ve \u0130klim De\u011fi\u015fikli\u011fi Bakanl\u0131\u011f\u0131 Toplu Konut \u0130daresi Ba\u015fkanl\u0131\u011f\u0131 (TOK\u0130) taraf\u0131ndan 44 ilde 552 arsan\u0131n a\u00e7\u0131k art\u0131rmayla sat\u0131lacak olmas\u0131n\u0131 da de\u011ferlendiren \u00d6zelmac\u0131kl\u0131, &#8220;Yeni arsa arz\u0131 gayrimenkul \u00fcretimi a\u00e7\u0131s\u0131ndan \u00f6nemli. TOK\u0130 taraf\u0131ndan arz edilecek olan arsalar konut, ticaret, turizm, tar\u0131m, hayvanc\u0131l\u0131k, sa\u011fl\u0131k, e\u011fitim, sanayi, plans\u0131z arsalar, sosyal k\u00fclt\u00fcrel tesis alanlar\u0131 ile akaryak\u0131t istasyon alanlar\u0131 niteli\u011finde. Arsalar y\u00fczde 25 pe\u015finat 48 ay vade veya y\u00fczde 40 pe\u015finat 36 ay vade ile sat\u0131lacak. Ayr\u0131ca pe\u015fin al\u0131mlar\u0131nda y\u00fczde 15 indirim uygulanacak. A\u00e7\u0131k art\u0131rmalar 16-17 Nisan 2025 tarihlerinde yap\u0131lacak&#8221; dedi.<\/p>\n<p>7.04.2025<\/p>\n","protected":false},"excerpt":{"rendered":"<p>Emlak Uzman\u0131 Mustafa Hakan \u00d6zelmac\u0131kl\u0131, &#8220;T\u00fcrkiye genelinde t\u00fcm gayrimenkul t\u00fcrlerinde bu y\u0131l\u0131n ilk \u00e7eyre\u011finde sat\u0131\u015flar rekor k\u0131rarak 694 bin 628&#8217;e ula\u015ft\u0131. Ayn\u0131 d\u00f6nemde konut kredileri hacmi ise 545 milyar seviyesine yakla\u015ft\u0131&#8221; dedi. T\u00fcrkiye genelinde t\u00fcm gayrimenkul t\u00fcrlerinde bu y\u0131l\u0131n ilk \u00e7eyre\u011finde sat\u0131\u015flar 694 bin 628&#8217;e ula\u015ft\u0131. Ayn\u0131 d\u00f6nemde konut kredileri hacmi ise 545 milyar seviyesine [&hellip;]<\/p>\n","protected":false},"author":1,"featured_media":4954,"comment_status":"open","ping_status":"open","sticky":false,"template":"","format":"standard","meta":{"footnotes":""},"categories":[45],"tags":[],"class_list":["post-4953","post","type-post","status-publish","format-standard","has-post-thumbnail","hentry","category-gundem"],"yoast_head":"<!-- This site is optimized with the Yoast SEO plugin v27.4 - https:\/\/yoast.com\/product\/yoast-seo-wordpress\/ -->\n<title>Gayrimenkulde sat\u0131\u015flar ve krediler zirvede - Memurun Sesi<\/title>\n<meta name=\"robots\" content=\"index, follow, max-snippet:-1, max-image-preview:large, max-video-preview:-1\" \/>\n<link rel=\"canonical\" href=\"https:\/\/memurunsesi.net\/index.php\/2025\/04\/07\/gayrimenkulde-satislar-ve-krediler-zirvede\/\" \/>\n<meta property=\"og:locale\" content=\"tr_TR\" \/>\n<meta property=\"og:type\" content=\"article\" \/>\n<meta property=\"og:title\" content=\"Gayrimenkulde sat\u0131\u015flar ve krediler zirvede - Memurun Sesi\" \/>\n<meta property=\"og:description\" content=\"Emlak Uzman\u0131 Mustafa Hakan \u00d6zelmac\u0131kl\u0131, &#8220;T\u00fcrkiye genelinde t\u00fcm gayrimenkul t\u00fcrlerinde bu y\u0131l\u0131n ilk \u00e7eyre\u011finde sat\u0131\u015flar rekor k\u0131rarak 694 bin 628&#8217;e ula\u015ft\u0131. Ayn\u0131 d\u00f6nemde konut kredileri hacmi ise 545 milyar seviyesine yakla\u015ft\u0131&#8221; dedi. T\u00fcrkiye genelinde t\u00fcm gayrimenkul t\u00fcrlerinde bu y\u0131l\u0131n ilk \u00e7eyre\u011finde sat\u0131\u015flar 694 bin 628&#8217;e ula\u015ft\u0131. Ayn\u0131 d\u00f6nemde konut kredileri hacmi ise 545 milyar seviyesine [&hellip;]\" \/>\n<meta property=\"og:url\" content=\"https:\/\/memurunsesi.net\/index.php\/2025\/04\/07\/gayrimenkulde-satislar-ve-krediler-zirvede\/\" \/>\n<meta property=\"og:site_name\" content=\"Memurun Sesi\" \/>\n<meta property=\"article:publisher\" content=\"https:\/\/www.facebook.com\/unipersen\/?locale=tr_TR\" \/>\n<meta property=\"article:published_time\" content=\"2025-04-07T08:10:39+00:00\" \/>\n<meta property=\"og:image\" content=\"https:\/\/memurunsesi.net\/wp-content\/uploads\/2025\/04\/AW427083_01-scaled.jpg\" \/>\n\t<meta property=\"og:image:width\" content=\"2560\" \/>\n\t<meta property=\"og:image:height\" content=\"2003\" \/>\n\t<meta property=\"og:image:type\" content=\"image\/jpeg\" \/>\n<meta name=\"author\" content=\"Memurun Sesi Haber Merkezi\" \/>\n<meta name=\"twitter:card\" content=\"summary_large_image\" \/>\n<meta name=\"twitter:creator\" content=\"@unipersen\" \/>\n<meta name=\"twitter:site\" content=\"@unipersen\" \/>\n<meta name=\"twitter:label1\" content=\"Yazan:\" \/>\n\t<meta name=\"twitter:data1\" content=\"Memurun Sesi Haber Merkezi\" \/>\n\t<meta name=\"twitter:label2\" content=\"Tahmini okuma s\u00fcresi\" \/>\n\t<meta name=\"twitter:data2\" content=\"3 dakika\" \/>\n<script type=\"application\/ld+json\" class=\"yoast-schema-graph\">{\"@context\":\"https:\\\/\\\/schema.org\",\"@graph\":[{\"@type\":\"Article\",\"@id\":\"https:\\\/\\\/memurunsesi.net\\\/index.php\\\/2025\\\/04\\\/07\\\/gayrimenkulde-satislar-ve-krediler-zirvede\\\/#article\",\"isPartOf\":{\"@id\":\"https:\\\/\\\/memurunsesi.net\\\/index.php\\\/2025\\\/04\\\/07\\\/gayrimenkulde-satislar-ve-krediler-zirvede\\\/\"},\"author\":{\"name\":\"Memurun Sesi Haber Merkezi\",\"@id\":\"https:\\\/\\\/memurunsesi.net\\\/#\\\/schema\\\/person\\\/f21c2d73b89f6ee1d80b0a1803e38587\"},\"headline\":\"Gayrimenkulde sat\u0131\u015flar ve krediler zirvede\",\"datePublished\":\"2025-04-07T08:10:39+00:00\",\"mainEntityOfPage\":{\"@id\":\"https:\\\/\\\/memurunsesi.net\\\/index.php\\\/2025\\\/04\\\/07\\\/gayrimenkulde-satislar-ve-krediler-zirvede\\\/\"},\"wordCount\":582,\"commentCount\":0,\"publisher\":{\"@id\":\"https:\\\/\\\/memurunsesi.net\\\/#organization\"},\"image\":{\"@id\":\"https:\\\/\\\/memurunsesi.net\\\/index.php\\\/2025\\\/04\\\/07\\\/gayrimenkulde-satislar-ve-krediler-zirvede\\\/#primaryimage\"},\"thumbnailUrl\":\"https:\\\/\\\/memurunsesi.net\\\/wp-content\\\/uploads\\\/2025\\\/04\\\/AW427083_01-scaled.jpg\",\"articleSection\":[\"G\u00fcndem\"],\"inLanguage\":\"tr\",\"potentialAction\":[{\"@type\":\"CommentAction\",\"name\":\"Comment\",\"target\":[\"https:\\\/\\\/memurunsesi.net\\\/index.php\\\/2025\\\/04\\\/07\\\/gayrimenkulde-satislar-ve-krediler-zirvede\\\/#respond\"]}]},{\"@type\":\"WebPage\",\"@id\":\"https:\\\/\\\/memurunsesi.net\\\/index.php\\\/2025\\\/04\\\/07\\\/gayrimenkulde-satislar-ve-krediler-zirvede\\\/\",\"url\":\"https:\\\/\\\/memurunsesi.net\\\/index.php\\\/2025\\\/04\\\/07\\\/gayrimenkulde-satislar-ve-krediler-zirvede\\\/\",\"name\":\"Gayrimenkulde sat\u0131\u015flar ve krediler zirvede - Memurun Sesi\",\"isPartOf\":{\"@id\":\"https:\\\/\\\/memurunsesi.net\\\/#website\"},\"primaryImageOfPage\":{\"@id\":\"https:\\\/\\\/memurunsesi.net\\\/index.php\\\/2025\\\/04\\\/07\\\/gayrimenkulde-satislar-ve-krediler-zirvede\\\/#primaryimage\"},\"image\":{\"@id\":\"https:\\\/\\\/memurunsesi.net\\\/index.php\\\/2025\\\/04\\\/07\\\/gayrimenkulde-satislar-ve-krediler-zirvede\\\/#primaryimage\"},\"thumbnailUrl\":\"https:\\\/\\\/memurunsesi.net\\\/wp-content\\\/uploads\\\/2025\\\/04\\\/AW427083_01-scaled.jpg\",\"datePublished\":\"2025-04-07T08:10:39+00:00\",\"breadcrumb\":{\"@id\":\"https:\\\/\\\/memurunsesi.net\\\/index.php\\\/2025\\\/04\\\/07\\\/gayrimenkulde-satislar-ve-krediler-zirvede\\\/#breadcrumb\"},\"inLanguage\":\"tr\",\"potentialAction\":[{\"@type\":\"ReadAction\",\"target\":[\"https:\\\/\\\/memurunsesi.net\\\/index.php\\\/2025\\\/04\\\/07\\\/gayrimenkulde-satislar-ve-krediler-zirvede\\\/\"]}]},{\"@type\":\"ImageObject\",\"inLanguage\":\"tr\",\"@id\":\"https:\\\/\\\/memurunsesi.net\\\/index.php\\\/2025\\\/04\\\/07\\\/gayrimenkulde-satislar-ve-krediler-zirvede\\\/#primaryimage\",\"url\":\"https:\\\/\\\/memurunsesi.net\\\/wp-content\\\/uploads\\\/2025\\\/04\\\/AW427083_01-scaled.jpg\",\"contentUrl\":\"https:\\\/\\\/memurunsesi.net\\\/wp-content\\\/uploads\\\/2025\\\/04\\\/AW427083_01-scaled.jpg\",\"width\":2560,\"height\":2003,\"caption\":\"EMLAK UZMANI MUSTAFA HAKAN \u00d6ZELMACIKLI, \\\"T\u00dcRK\u0130YE GENEL\u0130NDE T\u00dcM GAYR\u0130MENKUL T\u00dcRLER\u0130NDE BU YILIN \u0130LK \u00c7EYRE\u011e\u0130NDE SATI\u015eLAR REKOR KIRARAK 694 B\u0130N 628'E ULA\u015eTI. AYNI D\u00d6NEMDE KONUT KRED\u0130LER\u0130 HACM\u0130 \u0130SE 545 M\u0130LYAR SEV\u0130YES\u0130NE YAKLA\u015eTI\\\" DED\u0130. (\u0130HA\\\/\u0130STANBUL-\u0130HA) Emlak Uzman\u0131 Mustafa Hakan \u00d6zelmac\u0131kl\u0131, \\\"T\u00fcrkiye genelinde t\u00fcm gayrimenkul t\u00fcrlerinde bu y\u0131l\u0131n ilk \u00e7eyre\u011finde sat\u0131\u015flar rekor k\u0131rarak 694 bin 628'e ula\u015ft\u0131. Ayn\u0131 d\u00f6nemde konut kredileri hacmi ise 545 milyar seviyesine yakla\u015ft\u0131\\\" dedi.\"},{\"@type\":\"BreadcrumbList\",\"@id\":\"https:\\\/\\\/memurunsesi.net\\\/index.php\\\/2025\\\/04\\\/07\\\/gayrimenkulde-satislar-ve-krediler-zirvede\\\/#breadcrumb\",\"itemListElement\":[{\"@type\":\"ListItem\",\"position\":1,\"name\":\"Anasayfa\",\"item\":\"https:\\\/\\\/memurunsesi.net\\\/\"},{\"@type\":\"ListItem\",\"position\":2,\"name\":\"Gayrimenkulde sat\u0131\u015flar ve krediler zirvede\"}]},{\"@type\":\"WebSite\",\"@id\":\"https:\\\/\\\/memurunsesi.net\\\/#website\",\"url\":\"https:\\\/\\\/memurunsesi.net\\\/\",\"name\":\"Memurun Sesi\",\"description\":\"G\u00fcncel ve Do\u011fru Haber\",\"publisher\":{\"@id\":\"https:\\\/\\\/memurunsesi.net\\\/#organization\"},\"potentialAction\":[{\"@type\":\"SearchAction\",\"target\":{\"@type\":\"EntryPoint\",\"urlTemplate\":\"https:\\\/\\\/memurunsesi.net\\\/?s={search_term_string}\"},\"query-input\":{\"@type\":\"PropertyValueSpecification\",\"valueRequired\":true,\"valueName\":\"search_term_string\"}}],\"inLanguage\":\"tr\"},{\"@type\":\"Organization\",\"@id\":\"https:\\\/\\\/memurunsesi.net\\\/#organization\",\"name\":\"Memurun Sesi\",\"url\":\"https:\\\/\\\/memurunsesi.net\\\/\",\"logo\":{\"@type\":\"ImageObject\",\"inLanguage\":\"tr\",\"@id\":\"https:\\\/\\\/memurunsesi.net\\\/#\\\/schema\\\/logo\\\/image\\\/\",\"url\":\"https:\\\/\\\/memurunsesi.net\\\/wp-content\\\/uploads\\\/2025\\\/11\\\/cropped-MEMURUN-SESI.png\",\"contentUrl\":\"https:\\\/\\\/memurunsesi.net\\\/wp-content\\\/uploads\\\/2025\\\/11\\\/cropped-MEMURUN-SESI.png\",\"width\":238,\"height\":57,\"caption\":\"Memurun Sesi\"},\"image\":{\"@id\":\"https:\\\/\\\/memurunsesi.net\\\/#\\\/schema\\\/logo\\\/image\\\/\"},\"sameAs\":[\"https:\\\/\\\/www.facebook.com\\\/unipersen\\\/?locale=tr_TR\",\"https:\\\/\\\/x.com\\\/unipersen\"]},{\"@type\":\"Person\",\"@id\":\"https:\\\/\\\/memurunsesi.net\\\/#\\\/schema\\\/person\\\/f21c2d73b89f6ee1d80b0a1803e38587\",\"name\":\"Memurun Sesi Haber Merkezi\",\"image\":{\"@type\":\"ImageObject\",\"inLanguage\":\"tr\",\"@id\":\"https:\\\/\\\/secure.gravatar.com\\\/avatar\\\/6cf0505f452ee753f485014986fab09a434671d2b919ee76fc541025c5876a70?s=96&d=mm&r=g\",\"url\":\"https:\\\/\\\/secure.gravatar.com\\\/avatar\\\/6cf0505f452ee753f485014986fab09a434671d2b919ee76fc541025c5876a70?s=96&d=mm&r=g\",\"contentUrl\":\"https:\\\/\\\/secure.gravatar.com\\\/avatar\\\/6cf0505f452ee753f485014986fab09a434671d2b919ee76fc541025c5876a70?s=96&d=mm&r=g\",\"caption\":\"Memurun Sesi Haber Merkezi\"},\"sameAs\":[\"https:\\\/\\\/memurunsesi.net\"],\"url\":\"https:\\\/\\\/memurunsesi.net\\\/index.php\\\/author\\\/uniper\\\/\"}]}<\/script>\n<!-- \/ Yoast SEO plugin. -->","yoast_head_json":{"title":"Gayrimenkulde sat\u0131\u015flar ve krediler zirvede - Memurun Sesi","robots":{"index":"index","follow":"follow","max-snippet":"max-snippet:-1","max-image-preview":"max-image-preview:large","max-video-preview":"max-video-preview:-1"},"canonical":"https:\/\/memurunsesi.net\/index.php\/2025\/04\/07\/gayrimenkulde-satislar-ve-krediler-zirvede\/","og_locale":"tr_TR","og_type":"article","og_title":"Gayrimenkulde sat\u0131\u015flar ve krediler zirvede - Memurun Sesi","og_description":"Emlak Uzman\u0131 Mustafa Hakan \u00d6zelmac\u0131kl\u0131, &#8220;T\u00fcrkiye genelinde t\u00fcm gayrimenkul t\u00fcrlerinde bu y\u0131l\u0131n ilk \u00e7eyre\u011finde sat\u0131\u015flar rekor k\u0131rarak 694 bin 628&#8217;e ula\u015ft\u0131. Ayn\u0131 d\u00f6nemde konut kredileri hacmi ise 545 milyar seviyesine yakla\u015ft\u0131&#8221; dedi. T\u00fcrkiye genelinde t\u00fcm gayrimenkul t\u00fcrlerinde bu y\u0131l\u0131n ilk \u00e7eyre\u011finde sat\u0131\u015flar 694 bin 628&#8217;e ula\u015ft\u0131. Ayn\u0131 d\u00f6nemde konut kredileri hacmi ise 545 milyar seviyesine [&hellip;]","og_url":"https:\/\/memurunsesi.net\/index.php\/2025\/04\/07\/gayrimenkulde-satislar-ve-krediler-zirvede\/","og_site_name":"Memurun Sesi","article_publisher":"https:\/\/www.facebook.com\/unipersen\/?locale=tr_TR","article_published_time":"2025-04-07T08:10:39+00:00","og_image":[{"width":2560,"height":2003,"url":"https:\/\/memurunsesi.net\/wp-content\/uploads\/2025\/04\/AW427083_01-scaled.jpg","type":"image\/jpeg"}],"author":"Memurun Sesi Haber Merkezi","twitter_card":"summary_large_image","twitter_creator":"@unipersen","twitter_site":"@unipersen","twitter_misc":{"Yazan:":"Memurun Sesi Haber Merkezi","Tahmini okuma s\u00fcresi":"3 dakika"},"schema":{"@context":"https:\/\/schema.org","@graph":[{"@type":"Article","@id":"https:\/\/memurunsesi.net\/index.php\/2025\/04\/07\/gayrimenkulde-satislar-ve-krediler-zirvede\/#article","isPartOf":{"@id":"https:\/\/memurunsesi.net\/index.php\/2025\/04\/07\/gayrimenkulde-satislar-ve-krediler-zirvede\/"},"author":{"name":"Memurun Sesi Haber Merkezi","@id":"https:\/\/memurunsesi.net\/#\/schema\/person\/f21c2d73b89f6ee1d80b0a1803e38587"},"headline":"Gayrimenkulde sat\u0131\u015flar ve krediler zirvede","datePublished":"2025-04-07T08:10:39+00:00","mainEntityOfPage":{"@id":"https:\/\/memurunsesi.net\/index.php\/2025\/04\/07\/gayrimenkulde-satislar-ve-krediler-zirvede\/"},"wordCount":582,"commentCount":0,"publisher":{"@id":"https:\/\/memurunsesi.net\/#organization"},"image":{"@id":"https:\/\/memurunsesi.net\/index.php\/2025\/04\/07\/gayrimenkulde-satislar-ve-krediler-zirvede\/#primaryimage"},"thumbnailUrl":"https:\/\/memurunsesi.net\/wp-content\/uploads\/2025\/04\/AW427083_01-scaled.jpg","articleSection":["G\u00fcndem"],"inLanguage":"tr","potentialAction":[{"@type":"CommentAction","name":"Comment","target":["https:\/\/memurunsesi.net\/index.php\/2025\/04\/07\/gayrimenkulde-satislar-ve-krediler-zirvede\/#respond"]}]},{"@type":"WebPage","@id":"https:\/\/memurunsesi.net\/index.php\/2025\/04\/07\/gayrimenkulde-satislar-ve-krediler-zirvede\/","url":"https:\/\/memurunsesi.net\/index.php\/2025\/04\/07\/gayrimenkulde-satislar-ve-krediler-zirvede\/","name":"Gayrimenkulde sat\u0131\u015flar ve krediler zirvede - Memurun Sesi","isPartOf":{"@id":"https:\/\/memurunsesi.net\/#website"},"primaryImageOfPage":{"@id":"https:\/\/memurunsesi.net\/index.php\/2025\/04\/07\/gayrimenkulde-satislar-ve-krediler-zirvede\/#primaryimage"},"image":{"@id":"https:\/\/memurunsesi.net\/index.php\/2025\/04\/07\/gayrimenkulde-satislar-ve-krediler-zirvede\/#primaryimage"},"thumbnailUrl":"https:\/\/memurunsesi.net\/wp-content\/uploads\/2025\/04\/AW427083_01-scaled.jpg","datePublished":"2025-04-07T08:10:39+00:00","breadcrumb":{"@id":"https:\/\/memurunsesi.net\/index.php\/2025\/04\/07\/gayrimenkulde-satislar-ve-krediler-zirvede\/#breadcrumb"},"inLanguage":"tr","potentialAction":[{"@type":"ReadAction","target":["https:\/\/memurunsesi.net\/index.php\/2025\/04\/07\/gayrimenkulde-satislar-ve-krediler-zirvede\/"]}]},{"@type":"ImageObject","inLanguage":"tr","@id":"https:\/\/memurunsesi.net\/index.php\/2025\/04\/07\/gayrimenkulde-satislar-ve-krediler-zirvede\/#primaryimage","url":"https:\/\/memurunsesi.net\/wp-content\/uploads\/2025\/04\/AW427083_01-scaled.jpg","contentUrl":"https:\/\/memurunsesi.net\/wp-content\/uploads\/2025\/04\/AW427083_01-scaled.jpg","width":2560,"height":2003,"caption":"EMLAK UZMANI MUSTAFA HAKAN \u00d6ZELMACIKLI, \"T\u00dcRK\u0130YE GENEL\u0130NDE T\u00dcM GAYR\u0130MENKUL T\u00dcRLER\u0130NDE BU YILIN \u0130LK \u00c7EYRE\u011e\u0130NDE SATI\u015eLAR REKOR KIRARAK 694 B\u0130N 628'E ULA\u015eTI. AYNI D\u00d6NEMDE KONUT KRED\u0130LER\u0130 HACM\u0130 \u0130SE 545 M\u0130LYAR SEV\u0130YES\u0130NE YAKLA\u015eTI\" DED\u0130. (\u0130HA\/\u0130STANBUL-\u0130HA) Emlak Uzman\u0131 Mustafa Hakan \u00d6zelmac\u0131kl\u0131, \"T\u00fcrkiye genelinde t\u00fcm gayrimenkul t\u00fcrlerinde bu y\u0131l\u0131n ilk \u00e7eyre\u011finde sat\u0131\u015flar rekor k\u0131rarak 694 bin 628'e ula\u015ft\u0131. Ayn\u0131 d\u00f6nemde konut kredileri hacmi ise 545 milyar seviyesine yakla\u015ft\u0131\" dedi."},{"@type":"BreadcrumbList","@id":"https:\/\/memurunsesi.net\/index.php\/2025\/04\/07\/gayrimenkulde-satislar-ve-krediler-zirvede\/#breadcrumb","itemListElement":[{"@type":"ListItem","position":1,"name":"Anasayfa","item":"https:\/\/memurunsesi.net\/"},{"@type":"ListItem","position":2,"name":"Gayrimenkulde sat\u0131\u015flar ve krediler zirvede"}]},{"@type":"WebSite","@id":"https:\/\/memurunsesi.net\/#website","url":"https:\/\/memurunsesi.net\/","name":"Memurun Sesi","description":"G\u00fcncel ve Do\u011fru Haber","publisher":{"@id":"https:\/\/memurunsesi.net\/#organization"},"potentialAction":[{"@type":"SearchAction","target":{"@type":"EntryPoint","urlTemplate":"https:\/\/memurunsesi.net\/?s={search_term_string}"},"query-input":{"@type":"PropertyValueSpecification","valueRequired":true,"valueName":"search_term_string"}}],"inLanguage":"tr"},{"@type":"Organization","@id":"https:\/\/memurunsesi.net\/#organization","name":"Memurun Sesi","url":"https:\/\/memurunsesi.net\/","logo":{"@type":"ImageObject","inLanguage":"tr","@id":"https:\/\/memurunsesi.net\/#\/schema\/logo\/image\/","url":"https:\/\/memurunsesi.net\/wp-content\/uploads\/2025\/11\/cropped-MEMURUN-SESI.png","contentUrl":"https:\/\/memurunsesi.net\/wp-content\/uploads\/2025\/11\/cropped-MEMURUN-SESI.png","width":238,"height":57,"caption":"Memurun Sesi"},"image":{"@id":"https:\/\/memurunsesi.net\/#\/schema\/logo\/image\/"},"sameAs":["https:\/\/www.facebook.com\/unipersen\/?locale=tr_TR","https:\/\/x.com\/unipersen"]},{"@type":"Person","@id":"https:\/\/memurunsesi.net\/#\/schema\/person\/f21c2d73b89f6ee1d80b0a1803e38587","name":"Memurun Sesi Haber Merkezi","image":{"@type":"ImageObject","inLanguage":"tr","@id":"https:\/\/secure.gravatar.com\/avatar\/6cf0505f452ee753f485014986fab09a434671d2b919ee76fc541025c5876a70?s=96&d=mm&r=g","url":"https:\/\/secure.gravatar.com\/avatar\/6cf0505f452ee753f485014986fab09a434671d2b919ee76fc541025c5876a70?s=96&d=mm&r=g","contentUrl":"https:\/\/secure.gravatar.com\/avatar\/6cf0505f452ee753f485014986fab09a434671d2b919ee76fc541025c5876a70?s=96&d=mm&r=g","caption":"Memurun Sesi Haber Merkezi"},"sameAs":["https:\/\/memurunsesi.net"],"url":"https:\/\/memurunsesi.net\/index.php\/author\/uniper\/"}]}},"_links":{"self":[{"href":"https:\/\/memurunsesi.net\/index.php\/wp-json\/wp\/v2\/posts\/4953","targetHints":{"allow":["GET"]}}],"collection":[{"href":"https:\/\/memurunsesi.net\/index.php\/wp-json\/wp\/v2\/posts"}],"about":[{"href":"https:\/\/memurunsesi.net\/index.php\/wp-json\/wp\/v2\/types\/post"}],"author":[{"embeddable":true,"href":"https:\/\/memurunsesi.net\/index.php\/wp-json\/wp\/v2\/users\/1"}],"replies":[{"embeddable":true,"href":"https:\/\/memurunsesi.net\/index.php\/wp-json\/wp\/v2\/comments?post=4953"}],"version-history":[{"count":1,"href":"https:\/\/memurunsesi.net\/index.php\/wp-json\/wp\/v2\/posts\/4953\/revisions"}],"predecessor-version":[{"id":4955,"href":"https:\/\/memurunsesi.net\/index.php\/wp-json\/wp\/v2\/posts\/4953\/revisions\/4955"}],"wp:featuredmedia":[{"embeddable":true,"href":"https:\/\/memurunsesi.net\/index.php\/wp-json\/wp\/v2\/media\/4954"}],"wp:attachment":[{"href":"https:\/\/memurunsesi.net\/index.php\/wp-json\/wp\/v2\/media?parent=4953"}],"wp:term":[{"taxonomy":"category","embeddable":true,"href":"https:\/\/memurunsesi.net\/index.php\/wp-json\/wp\/v2\/categories?post=4953"},{"taxonomy":"post_tag","embeddable":true,"href":"https:\/\/memurunsesi.net\/index.php\/wp-json\/wp\/v2\/tags?post=4953"}],"curies":[{"name":"wp","href":"https:\/\/api.w.org\/{rel}","templated":true}]}}