{"id":4965,"date":"2025-04-08T08:19:30","date_gmt":"2025-04-08T05:19:30","guid":{"rendered":"https:\/\/memurunsesi.net\/?p=4965"},"modified":"2025-04-08T08:19:30","modified_gmt":"2025-04-08T05:19:30","slug":"erzincanda-meralar-ihaleye-cikarildi","status":"publish","type":"post","link":"https:\/\/memurunsesi.net\/index.php\/2025\/04\/08\/erzincanda-meralar-ihaleye-cikarildi\/","title":{"rendered":"Erzincan\u2019da meralar ihaleye \u00e7\u0131kar\u0131ld\u0131"},"content":{"rendered":"<p>430 bin hektar mera varl\u0131\u011f\u0131na sahip Erzincan\u2019da ihtiya\u00e7 fazlas\u0131 43 mera, \u0130l Mera Komisyonu marifetiyle ihaleye \u00e7\u0131kar\u0131ld\u0131.<br \/>\nErzincan\u2019da tespit, tahdit ve tahsis \u00e7al\u0131\u015fmalar\u0131 tamamlanan ihtiya\u00e7 fazlas\u0131 meralar ihaleye \u00e7\u0131kar\u0131ld\u0131. Mera ihalesinde k\u00fc\u00e7\u00fckba\u015f hayvanc\u0131l\u0131kla u\u011fra\u015fan s\u00fcr\u00fc sahipleri meralar\u0131 kiralayabilmek i\u00e7in yar\u0131\u015ft\u0131.<br \/>\nErzincan \u0130l Mera Komisyonu taraf\u0131ndan ihaleye \u00e7\u0131kart\u0131lan ihtiya\u00e7 fazlas\u0131 meralar Tar\u0131m ve Orman \u0130l M\u00fcd\u00fcrl\u00fc\u011f\u00fc toplant\u0131 salonunda s\u00fcr\u00fc sahiplerine kiraland\u0131. Tar\u0131m ve Orman \u0130l M\u00fcd\u00fcr\u00fc Alper Ko\u00e7aker ba\u015fkanl\u0131\u011f\u0131nda toplanan \u0130l Mera Komisyonunun huzurunda il genelindeki ihtiya\u00e7 fazlas\u0131 43 mera ve yayla ihaleye \u00e7\u0131kar\u0131ld\u0131. \u0130haleye \u00e7\u0131kar\u0131lan 43 meradan 34\u2019\u00fc s\u00fcr\u00fc sahipleri taraf\u0131ndan kiraland\u0131.<br \/>\n\u0130hale \u00f6ncesinde Tar\u0131m ve Orman \u0130l M\u00fcd\u00fcr\u00fc Alper Ko\u00e7aker kat\u0131lanlara y\u00f6nelik yapt\u0131\u011f\u0131 konu\u015fmada meralar\u0131 kiralayan s\u00fcr\u00fc sahiplerinden imzalayacaklar\u0131 s\u00f6zle\u015fmelere uymalar\u0131n\u0131 istedi. Her meran\u0131n kapasitesinin belirlendi\u011fini ve bu kapasitenin \u00fczerinde hayvan otlat\u0131lmas\u0131na izin verilmeyece\u011fini kaydeden \u0130l M\u00fcd\u00fcr\u00fc Ko\u00e7aker, \u015fu ifadelere yer verdi;<br \/>\n&#8220;Kiraya verdi\u011fimiz meralar\u0131 alan s\u00fcr\u00fc sahipleri s\u00f6zle\u015fmeye uymak durumundalar. Bu mera ve yaylalar kurallara uygun olarak kullan\u0131ld\u0131\u011f\u0131 takdirde uzun y\u0131llar hayvanc\u0131l\u0131k yapan \u00e7ift\u00e7ilerime hizmet verecektir. A\u015f\u0131r\u0131 ve d\u00fczensiz otlatma meralar\u0131m\u0131za yo\u011fun zarar verecektir. Unutulmamal\u0131d\u0131r ki s\u00fcrd\u00fcr\u00fclebilir bir kalk\u0131nman\u0131n ilk \u015fart\u0131 mevcut durumu korumaktan ge\u00e7er. \u00d6n\u00fcm\u00fczdeki y\u0131llarda da bu meralar\u0131n kullan\u0131laca\u011f\u0131 unutulmamal\u0131d\u0131r.&#8221;<\/p>\n<p>8.04.2025<\/p>\n","protected":false},"excerpt":{"rendered":"<p>430 bin hektar mera varl\u0131\u011f\u0131na sahip Erzincan\u2019da ihtiya\u00e7 fazlas\u0131 43 mera, \u0130l Mera Komisyonu marifetiyle ihaleye \u00e7\u0131kar\u0131ld\u0131. Erzincan\u2019da tespit, tahdit ve tahsis \u00e7al\u0131\u015fmalar\u0131 tamamlanan ihtiya\u00e7 fazlas\u0131 meralar ihaleye \u00e7\u0131kar\u0131ld\u0131. Mera ihalesinde k\u00fc\u00e7\u00fckba\u015f hayvanc\u0131l\u0131kla u\u011fra\u015fan s\u00fcr\u00fc sahipleri meralar\u0131 kiralayabilmek i\u00e7in yar\u0131\u015ft\u0131. Erzincan \u0130l Mera Komisyonu taraf\u0131ndan ihaleye \u00e7\u0131kart\u0131lan ihtiya\u00e7 fazlas\u0131 meralar Tar\u0131m ve Orman \u0130l M\u00fcd\u00fcrl\u00fc\u011f\u00fc [&hellip;]<\/p>\n","protected":false},"author":1,"featured_media":4966,"comment_status":"open","ping_status":"open","sticky":false,"template":"","format":"standard","meta":{"footnotes":""},"categories":[1],"tags":[],"class_list":["post-4965","post","type-post","status-publish","format-standard","has-post-thumbnail","hentry","category-genel"],"yoast_head":"<!-- This site is optimized with the Yoast SEO plugin v27.4 - https:\/\/yoast.com\/product\/yoast-seo-wordpress\/ -->\n<title>Erzincan\u2019da meralar ihaleye \u00e7\u0131kar\u0131ld\u0131 - Memurun Sesi<\/title>\n<meta name=\"robots\" content=\"index, follow, max-snippet:-1, max-image-preview:large, max-video-preview:-1\" \/>\n<link rel=\"canonical\" href=\"https:\/\/memurunsesi.net\/index.php\/2025\/04\/08\/erzincanda-meralar-ihaleye-cikarildi\/\" \/>\n<meta property=\"og:locale\" content=\"tr_TR\" \/>\n<meta property=\"og:type\" content=\"article\" \/>\n<meta property=\"og:title\" content=\"Erzincan\u2019da meralar ihaleye \u00e7\u0131kar\u0131ld\u0131 - Memurun Sesi\" \/>\n<meta property=\"og:description\" content=\"430 bin hektar mera varl\u0131\u011f\u0131na sahip Erzincan\u2019da ihtiya\u00e7 fazlas\u0131 43 mera, \u0130l Mera Komisyonu marifetiyle ihaleye \u00e7\u0131kar\u0131ld\u0131. Erzincan\u2019da tespit, tahdit ve tahsis \u00e7al\u0131\u015fmalar\u0131 tamamlanan ihtiya\u00e7 fazlas\u0131 meralar ihaleye \u00e7\u0131kar\u0131ld\u0131. Mera ihalesinde k\u00fc\u00e7\u00fckba\u015f hayvanc\u0131l\u0131kla u\u011fra\u015fan s\u00fcr\u00fc sahipleri meralar\u0131 kiralayabilmek i\u00e7in yar\u0131\u015ft\u0131. Erzincan \u0130l Mera Komisyonu taraf\u0131ndan ihaleye \u00e7\u0131kart\u0131lan ihtiya\u00e7 fazlas\u0131 meralar Tar\u0131m ve Orman \u0130l M\u00fcd\u00fcrl\u00fc\u011f\u00fc [&hellip;]\" \/>\n<meta property=\"og:url\" content=\"https:\/\/memurunsesi.net\/index.php\/2025\/04\/08\/erzincanda-meralar-ihaleye-cikarildi\/\" \/>\n<meta property=\"og:site_name\" content=\"Memurun Sesi\" \/>\n<meta property=\"article:publisher\" content=\"https:\/\/www.facebook.com\/unipersen\/?locale=tr_TR\" \/>\n<meta property=\"article:published_time\" content=\"2025-04-08T05:19:30+00:00\" \/>\n<meta property=\"og:image\" content=\"https:\/\/memurunsesi.net\/wp-content\/uploads\/2025\/04\/AW427685_02.jpg\" \/>\n\t<meta property=\"og:image:width\" content=\"1600\" \/>\n\t<meta property=\"og:image:height\" content=\"1066\" \/>\n\t<meta property=\"og:image:type\" content=\"image\/jpeg\" \/>\n<meta name=\"author\" content=\"Memurun Sesi Haber Merkezi\" \/>\n<meta name=\"twitter:card\" content=\"summary_large_image\" \/>\n<meta name=\"twitter:creator\" content=\"@unipersen\" \/>\n<meta name=\"twitter:site\" content=\"@unipersen\" \/>\n<meta name=\"twitter:label1\" content=\"Yazan:\" \/>\n\t<meta name=\"twitter:data1\" content=\"Memurun Sesi Haber Merkezi\" \/>\n\t<meta name=\"twitter:label2\" content=\"Tahmini okuma s\u00fcresi\" \/>\n\t<meta name=\"twitter:data2\" content=\"1 dakika\" \/>\n<script type=\"application\/ld+json\" class=\"yoast-schema-graph\">{\"@context\":\"https:\\\/\\\/schema.org\",\"@graph\":[{\"@type\":\"Article\",\"@id\":\"https:\\\/\\\/memurunsesi.net\\\/index.php\\\/2025\\\/04\\\/08\\\/erzincanda-meralar-ihaleye-cikarildi\\\/#article\",\"isPartOf\":{\"@id\":\"https:\\\/\\\/memurunsesi.net\\\/index.php\\\/2025\\\/04\\\/08\\\/erzincanda-meralar-ihaleye-cikarildi\\\/\"},\"author\":{\"name\":\"Memurun Sesi Haber Merkezi\",\"@id\":\"https:\\\/\\\/memurunsesi.net\\\/#\\\/schema\\\/person\\\/f21c2d73b89f6ee1d80b0a1803e38587\"},\"headline\":\"Erzincan\u2019da meralar ihaleye \u00e7\u0131kar\u0131ld\u0131\",\"datePublished\":\"2025-04-08T05:19:30+00:00\",\"mainEntityOfPage\":{\"@id\":\"https:\\\/\\\/memurunsesi.net\\\/index.php\\\/2025\\\/04\\\/08\\\/erzincanda-meralar-ihaleye-cikarildi\\\/\"},\"wordCount\":263,\"commentCount\":0,\"publisher\":{\"@id\":\"https:\\\/\\\/memurunsesi.net\\\/#organization\"},\"image\":{\"@id\":\"https:\\\/\\\/memurunsesi.net\\\/index.php\\\/2025\\\/04\\\/08\\\/erzincanda-meralar-ihaleye-cikarildi\\\/#primaryimage\"},\"thumbnailUrl\":\"https:\\\/\\\/memurunsesi.net\\\/wp-content\\\/uploads\\\/2025\\\/04\\\/AW427685_02.jpg\",\"inLanguage\":\"tr\",\"potentialAction\":[{\"@type\":\"CommentAction\",\"name\":\"Comment\",\"target\":[\"https:\\\/\\\/memurunsesi.net\\\/index.php\\\/2025\\\/04\\\/08\\\/erzincanda-meralar-ihaleye-cikarildi\\\/#respond\"]}]},{\"@type\":\"WebPage\",\"@id\":\"https:\\\/\\\/memurunsesi.net\\\/index.php\\\/2025\\\/04\\\/08\\\/erzincanda-meralar-ihaleye-cikarildi\\\/\",\"url\":\"https:\\\/\\\/memurunsesi.net\\\/index.php\\\/2025\\\/04\\\/08\\\/erzincanda-meralar-ihaleye-cikarildi\\\/\",\"name\":\"Erzincan\u2019da meralar ihaleye \u00e7\u0131kar\u0131ld\u0131 - Memurun Sesi\",\"isPartOf\":{\"@id\":\"https:\\\/\\\/memurunsesi.net\\\/#website\"},\"primaryImageOfPage\":{\"@id\":\"https:\\\/\\\/memurunsesi.net\\\/index.php\\\/2025\\\/04\\\/08\\\/erzincanda-meralar-ihaleye-cikarildi\\\/#primaryimage\"},\"image\":{\"@id\":\"https:\\\/\\\/memurunsesi.net\\\/index.php\\\/2025\\\/04\\\/08\\\/erzincanda-meralar-ihaleye-cikarildi\\\/#primaryimage\"},\"thumbnailUrl\":\"https:\\\/\\\/memurunsesi.net\\\/wp-content\\\/uploads\\\/2025\\\/04\\\/AW427685_02.jpg\",\"datePublished\":\"2025-04-08T05:19:30+00:00\",\"breadcrumb\":{\"@id\":\"https:\\\/\\\/memurunsesi.net\\\/index.php\\\/2025\\\/04\\\/08\\\/erzincanda-meralar-ihaleye-cikarildi\\\/#breadcrumb\"},\"inLanguage\":\"tr\",\"potentialAction\":[{\"@type\":\"ReadAction\",\"target\":[\"https:\\\/\\\/memurunsesi.net\\\/index.php\\\/2025\\\/04\\\/08\\\/erzincanda-meralar-ihaleye-cikarildi\\\/\"]}]},{\"@type\":\"ImageObject\",\"inLanguage\":\"tr\",\"@id\":\"https:\\\/\\\/memurunsesi.net\\\/index.php\\\/2025\\\/04\\\/08\\\/erzincanda-meralar-ihaleye-cikarildi\\\/#primaryimage\",\"url\":\"https:\\\/\\\/memurunsesi.net\\\/wp-content\\\/uploads\\\/2025\\\/04\\\/AW427685_02.jpg\",\"contentUrl\":\"https:\\\/\\\/memurunsesi.net\\\/wp-content\\\/uploads\\\/2025\\\/04\\\/AW427685_02.jpg\",\"width\":1600,\"height\":1066,\"caption\":\"430 B\u0130N HEKTAR MERA VARLI\u011eINA SAH\u0130P ERZ\u0130NCAN'DA \u0130HT\u0130YA\u00c7 FAZLASI 43 MERA, \u0130L MERA KOM\u0130SYONU MAR\u0130FET\u0130YLE \u0130HALEYE \u00c7IKARILDI (ADEM K\u00dc\u00c7\u00dcKKAYA\\\/ERZ\u0130NCAN-\u0130HA) 430 bin hektar mera varl\u0131\u011f\u0131na sahip Erzincan'da ihtiya\u00e7 fazlas\u0131 43 mera, \u0130l Mera Komisyonu marifetiyle ihaleye \u00e7\u0131kar\u0131ld\u0131.\"},{\"@type\":\"BreadcrumbList\",\"@id\":\"https:\\\/\\\/memurunsesi.net\\\/index.php\\\/2025\\\/04\\\/08\\\/erzincanda-meralar-ihaleye-cikarildi\\\/#breadcrumb\",\"itemListElement\":[{\"@type\":\"ListItem\",\"position\":1,\"name\":\"Anasayfa\",\"item\":\"https:\\\/\\\/memurunsesi.net\\\/\"},{\"@type\":\"ListItem\",\"position\":2,\"name\":\"Erzincan\u2019da meralar ihaleye \u00e7\u0131kar\u0131ld\u0131\"}]},{\"@type\":\"WebSite\",\"@id\":\"https:\\\/\\\/memurunsesi.net\\\/#website\",\"url\":\"https:\\\/\\\/memurunsesi.net\\\/\",\"name\":\"Memurun Sesi\",\"description\":\"G\u00fcncel ve Do\u011fru Haber\",\"publisher\":{\"@id\":\"https:\\\/\\\/memurunsesi.net\\\/#organization\"},\"potentialAction\":[{\"@type\":\"SearchAction\",\"target\":{\"@type\":\"EntryPoint\",\"urlTemplate\":\"https:\\\/\\\/memurunsesi.net\\\/?s={search_term_string}\"},\"query-input\":{\"@type\":\"PropertyValueSpecification\",\"valueRequired\":true,\"valueName\":\"search_term_string\"}}],\"inLanguage\":\"tr\"},{\"@type\":\"Organization\",\"@id\":\"https:\\\/\\\/memurunsesi.net\\\/#organization\",\"name\":\"Memurun Sesi\",\"url\":\"https:\\\/\\\/memurunsesi.net\\\/\",\"logo\":{\"@type\":\"ImageObject\",\"inLanguage\":\"tr\",\"@id\":\"https:\\\/\\\/memurunsesi.net\\\/#\\\/schema\\\/logo\\\/image\\\/\",\"url\":\"https:\\\/\\\/memurunsesi.net\\\/wp-content\\\/uploads\\\/2025\\\/11\\\/cropped-MEMURUN-SESI.png\",\"contentUrl\":\"https:\\\/\\\/memurunsesi.net\\\/wp-content\\\/uploads\\\/2025\\\/11\\\/cropped-MEMURUN-SESI.png\",\"width\":238,\"height\":57,\"caption\":\"Memurun Sesi\"},\"image\":{\"@id\":\"https:\\\/\\\/memurunsesi.net\\\/#\\\/schema\\\/logo\\\/image\\\/\"},\"sameAs\":[\"https:\\\/\\\/www.facebook.com\\\/unipersen\\\/?locale=tr_TR\",\"https:\\\/\\\/x.com\\\/unipersen\"]},{\"@type\":\"Person\",\"@id\":\"https:\\\/\\\/memurunsesi.net\\\/#\\\/schema\\\/person\\\/f21c2d73b89f6ee1d80b0a1803e38587\",\"name\":\"Memurun Sesi Haber Merkezi\",\"image\":{\"@type\":\"ImageObject\",\"inLanguage\":\"tr\",\"@id\":\"https:\\\/\\\/secure.gravatar.com\\\/avatar\\\/6cf0505f452ee753f485014986fab09a434671d2b919ee76fc541025c5876a70?s=96&d=mm&r=g\",\"url\":\"https:\\\/\\\/secure.gravatar.com\\\/avatar\\\/6cf0505f452ee753f485014986fab09a434671d2b919ee76fc541025c5876a70?s=96&d=mm&r=g\",\"contentUrl\":\"https:\\\/\\\/secure.gravatar.com\\\/avatar\\\/6cf0505f452ee753f485014986fab09a434671d2b919ee76fc541025c5876a70?s=96&d=mm&r=g\",\"caption\":\"Memurun Sesi Haber Merkezi\"},\"sameAs\":[\"https:\\\/\\\/memurunsesi.net\"],\"url\":\"https:\\\/\\\/memurunsesi.net\\\/index.php\\\/author\\\/uniper\\\/\"}]}<\/script>\n<!-- \/ Yoast SEO plugin. -->","yoast_head_json":{"title":"Erzincan\u2019da meralar ihaleye \u00e7\u0131kar\u0131ld\u0131 - Memurun Sesi","robots":{"index":"index","follow":"follow","max-snippet":"max-snippet:-1","max-image-preview":"max-image-preview:large","max-video-preview":"max-video-preview:-1"},"canonical":"https:\/\/memurunsesi.net\/index.php\/2025\/04\/08\/erzincanda-meralar-ihaleye-cikarildi\/","og_locale":"tr_TR","og_type":"article","og_title":"Erzincan\u2019da meralar ihaleye \u00e7\u0131kar\u0131ld\u0131 - Memurun Sesi","og_description":"430 bin hektar mera varl\u0131\u011f\u0131na sahip Erzincan\u2019da ihtiya\u00e7 fazlas\u0131 43 mera, \u0130l Mera Komisyonu marifetiyle ihaleye \u00e7\u0131kar\u0131ld\u0131. Erzincan\u2019da tespit, tahdit ve tahsis \u00e7al\u0131\u015fmalar\u0131 tamamlanan ihtiya\u00e7 fazlas\u0131 meralar ihaleye \u00e7\u0131kar\u0131ld\u0131. Mera ihalesinde k\u00fc\u00e7\u00fckba\u015f hayvanc\u0131l\u0131kla u\u011fra\u015fan s\u00fcr\u00fc sahipleri meralar\u0131 kiralayabilmek i\u00e7in yar\u0131\u015ft\u0131. Erzincan \u0130l Mera Komisyonu taraf\u0131ndan ihaleye \u00e7\u0131kart\u0131lan ihtiya\u00e7 fazlas\u0131 meralar Tar\u0131m ve Orman \u0130l M\u00fcd\u00fcrl\u00fc\u011f\u00fc [&hellip;]","og_url":"https:\/\/memurunsesi.net\/index.php\/2025\/04\/08\/erzincanda-meralar-ihaleye-cikarildi\/","og_site_name":"Memurun Sesi","article_publisher":"https:\/\/www.facebook.com\/unipersen\/?locale=tr_TR","article_published_time":"2025-04-08T05:19:30+00:00","og_image":[{"width":1600,"height":1066,"url":"https:\/\/memurunsesi.net\/wp-content\/uploads\/2025\/04\/AW427685_02.jpg","type":"image\/jpeg"}],"author":"Memurun Sesi Haber Merkezi","twitter_card":"summary_large_image","twitter_creator":"@unipersen","twitter_site":"@unipersen","twitter_misc":{"Yazan:":"Memurun Sesi Haber Merkezi","Tahmini okuma s\u00fcresi":"1 dakika"},"schema":{"@context":"https:\/\/schema.org","@graph":[{"@type":"Article","@id":"https:\/\/memurunsesi.net\/index.php\/2025\/04\/08\/erzincanda-meralar-ihaleye-cikarildi\/#article","isPartOf":{"@id":"https:\/\/memurunsesi.net\/index.php\/2025\/04\/08\/erzincanda-meralar-ihaleye-cikarildi\/"},"author":{"name":"Memurun Sesi Haber Merkezi","@id":"https:\/\/memurunsesi.net\/#\/schema\/person\/f21c2d73b89f6ee1d80b0a1803e38587"},"headline":"Erzincan\u2019da meralar ihaleye \u00e7\u0131kar\u0131ld\u0131","datePublished":"2025-04-08T05:19:30+00:00","mainEntityOfPage":{"@id":"https:\/\/memurunsesi.net\/index.php\/2025\/04\/08\/erzincanda-meralar-ihaleye-cikarildi\/"},"wordCount":263,"commentCount":0,"publisher":{"@id":"https:\/\/memurunsesi.net\/#organization"},"image":{"@id":"https:\/\/memurunsesi.net\/index.php\/2025\/04\/08\/erzincanda-meralar-ihaleye-cikarildi\/#primaryimage"},"thumbnailUrl":"https:\/\/memurunsesi.net\/wp-content\/uploads\/2025\/04\/AW427685_02.jpg","inLanguage":"tr","potentialAction":[{"@type":"CommentAction","name":"Comment","target":["https:\/\/memurunsesi.net\/index.php\/2025\/04\/08\/erzincanda-meralar-ihaleye-cikarildi\/#respond"]}]},{"@type":"WebPage","@id":"https:\/\/memurunsesi.net\/index.php\/2025\/04\/08\/erzincanda-meralar-ihaleye-cikarildi\/","url":"https:\/\/memurunsesi.net\/index.php\/2025\/04\/08\/erzincanda-meralar-ihaleye-cikarildi\/","name":"Erzincan\u2019da meralar ihaleye \u00e7\u0131kar\u0131ld\u0131 - Memurun Sesi","isPartOf":{"@id":"https:\/\/memurunsesi.net\/#website"},"primaryImageOfPage":{"@id":"https:\/\/memurunsesi.net\/index.php\/2025\/04\/08\/erzincanda-meralar-ihaleye-cikarildi\/#primaryimage"},"image":{"@id":"https:\/\/memurunsesi.net\/index.php\/2025\/04\/08\/erzincanda-meralar-ihaleye-cikarildi\/#primaryimage"},"thumbnailUrl":"https:\/\/memurunsesi.net\/wp-content\/uploads\/2025\/04\/AW427685_02.jpg","datePublished":"2025-04-08T05:19:30+00:00","breadcrumb":{"@id":"https:\/\/memurunsesi.net\/index.php\/2025\/04\/08\/erzincanda-meralar-ihaleye-cikarildi\/#breadcrumb"},"inLanguage":"tr","potentialAction":[{"@type":"ReadAction","target":["https:\/\/memurunsesi.net\/index.php\/2025\/04\/08\/erzincanda-meralar-ihaleye-cikarildi\/"]}]},{"@type":"ImageObject","inLanguage":"tr","@id":"https:\/\/memurunsesi.net\/index.php\/2025\/04\/08\/erzincanda-meralar-ihaleye-cikarildi\/#primaryimage","url":"https:\/\/memurunsesi.net\/wp-content\/uploads\/2025\/04\/AW427685_02.jpg","contentUrl":"https:\/\/memurunsesi.net\/wp-content\/uploads\/2025\/04\/AW427685_02.jpg","width":1600,"height":1066,"caption":"430 B\u0130N HEKTAR MERA VARLI\u011eINA SAH\u0130P ERZ\u0130NCAN'DA \u0130HT\u0130YA\u00c7 FAZLASI 43 MERA, \u0130L MERA KOM\u0130SYONU MAR\u0130FET\u0130YLE \u0130HALEYE \u00c7IKARILDI (ADEM K\u00dc\u00c7\u00dcKKAYA\/ERZ\u0130NCAN-\u0130HA) 430 bin hektar mera varl\u0131\u011f\u0131na sahip Erzincan'da ihtiya\u00e7 fazlas\u0131 43 mera, \u0130l Mera Komisyonu marifetiyle ihaleye \u00e7\u0131kar\u0131ld\u0131."},{"@type":"BreadcrumbList","@id":"https:\/\/memurunsesi.net\/index.php\/2025\/04\/08\/erzincanda-meralar-ihaleye-cikarildi\/#breadcrumb","itemListElement":[{"@type":"ListItem","position":1,"name":"Anasayfa","item":"https:\/\/memurunsesi.net\/"},{"@type":"ListItem","position":2,"name":"Erzincan\u2019da meralar ihaleye \u00e7\u0131kar\u0131ld\u0131"}]},{"@type":"WebSite","@id":"https:\/\/memurunsesi.net\/#website","url":"https:\/\/memurunsesi.net\/","name":"Memurun Sesi","description":"G\u00fcncel ve Do\u011fru Haber","publisher":{"@id":"https:\/\/memurunsesi.net\/#organization"},"potentialAction":[{"@type":"SearchAction","target":{"@type":"EntryPoint","urlTemplate":"https:\/\/memurunsesi.net\/?s={search_term_string}"},"query-input":{"@type":"PropertyValueSpecification","valueRequired":true,"valueName":"search_term_string"}}],"inLanguage":"tr"},{"@type":"Organization","@id":"https:\/\/memurunsesi.net\/#organization","name":"Memurun Sesi","url":"https:\/\/memurunsesi.net\/","logo":{"@type":"ImageObject","inLanguage":"tr","@id":"https:\/\/memurunsesi.net\/#\/schema\/logo\/image\/","url":"https:\/\/memurunsesi.net\/wp-content\/uploads\/2025\/11\/cropped-MEMURUN-SESI.png","contentUrl":"https:\/\/memurunsesi.net\/wp-content\/uploads\/2025\/11\/cropped-MEMURUN-SESI.png","width":238,"height":57,"caption":"Memurun Sesi"},"image":{"@id":"https:\/\/memurunsesi.net\/#\/schema\/logo\/image\/"},"sameAs":["https:\/\/www.facebook.com\/unipersen\/?locale=tr_TR","https:\/\/x.com\/unipersen"]},{"@type":"Person","@id":"https:\/\/memurunsesi.net\/#\/schema\/person\/f21c2d73b89f6ee1d80b0a1803e38587","name":"Memurun Sesi Haber Merkezi","image":{"@type":"ImageObject","inLanguage":"tr","@id":"https:\/\/secure.gravatar.com\/avatar\/6cf0505f452ee753f485014986fab09a434671d2b919ee76fc541025c5876a70?s=96&d=mm&r=g","url":"https:\/\/secure.gravatar.com\/avatar\/6cf0505f452ee753f485014986fab09a434671d2b919ee76fc541025c5876a70?s=96&d=mm&r=g","contentUrl":"https:\/\/secure.gravatar.com\/avatar\/6cf0505f452ee753f485014986fab09a434671d2b919ee76fc541025c5876a70?s=96&d=mm&r=g","caption":"Memurun Sesi Haber Merkezi"},"sameAs":["https:\/\/memurunsesi.net"],"url":"https:\/\/memurunsesi.net\/index.php\/author\/uniper\/"}]}},"_links":{"self":[{"href":"https:\/\/memurunsesi.net\/index.php\/wp-json\/wp\/v2\/posts\/4965","targetHints":{"allow":["GET"]}}],"collection":[{"href":"https:\/\/memurunsesi.net\/index.php\/wp-json\/wp\/v2\/posts"}],"about":[{"href":"https:\/\/memurunsesi.net\/index.php\/wp-json\/wp\/v2\/types\/post"}],"author":[{"embeddable":true,"href":"https:\/\/memurunsesi.net\/index.php\/wp-json\/wp\/v2\/users\/1"}],"replies":[{"embeddable":true,"href":"https:\/\/memurunsesi.net\/index.php\/wp-json\/wp\/v2\/comments?post=4965"}],"version-history":[{"count":1,"href":"https:\/\/memurunsesi.net\/index.php\/wp-json\/wp\/v2\/posts\/4965\/revisions"}],"predecessor-version":[{"id":4967,"href":"https:\/\/memurunsesi.net\/index.php\/wp-json\/wp\/v2\/posts\/4965\/revisions\/4967"}],"wp:featuredmedia":[{"embeddable":true,"href":"https:\/\/memurunsesi.net\/index.php\/wp-json\/wp\/v2\/media\/4966"}],"wp:attachment":[{"href":"https:\/\/memurunsesi.net\/index.php\/wp-json\/wp\/v2\/media?parent=4965"}],"wp:term":[{"taxonomy":"category","embeddable":true,"href":"https:\/\/memurunsesi.net\/index.php\/wp-json\/wp\/v2\/categories?post=4965"},{"taxonomy":"post_tag","embeddable":true,"href":"https:\/\/memurunsesi.net\/index.php\/wp-json\/wp\/v2\/tags?post=4965"}],"curies":[{"name":"wp","href":"https:\/\/api.w.org\/{rel}","templated":true}]}}