{"id":4971,"date":"2025-04-08T08:21:57","date_gmt":"2025-04-08T05:21:57","guid":{"rendered":"https:\/\/memurunsesi.net\/?p=4971"},"modified":"2025-04-08T08:21:57","modified_gmt":"2025-04-08T05:21:57","slug":"ankarada-dolmusta-genc-kizi-taciz-eden-sahis-yakalandi","status":"publish","type":"post","link":"https:\/\/memurunsesi.net\/index.php\/2025\/04\/08\/ankarada-dolmusta-genc-kizi-taciz-eden-sahis-yakalandi\/","title":{"rendered":"Ankara\u2019da dolmu\u015fta gen\u00e7 k\u0131z\u0131 taciz eden \u015fah\u0131s yakaland\u0131"},"content":{"rendered":"<p>Ankara\u2019n\u0131n Sincan il\u00e7esinde, dolmu\u015fta gen\u00e7 bir k\u0131z\u0131 taciz eden ve hakk\u0131nda bir\u00e7ok su\u00e7 kayd\u0131 oldu\u011fu belirlenen \u015f\u00fcpheli, polis ekiplerinin \u00e7al\u0131\u015fmas\u0131 sonucu yakalanarak, g\u00f6zalt\u0131na al\u0131nd\u0131.<br \/>\nEdinilen bilgilere g\u00f6re, olay 7 Nisan Pazartesi g\u00fcn\u00fc Sincan-A\u015eT\u0130 g\u00fczerg\u00e2h\u0131nda seyir halindeki bir dolmu\u015fta meydana geldi. Sosyal medyada payla\u015f\u0131lan g\u00f6r\u00fcnt\u00fcler \u00fczerine Ankara Emniyet M\u00fcd\u00fcrl\u00fc\u011f\u00fc\u2019ne ba\u011fl\u0131 Sincan \u0130l\u00e7e Emniyet M\u00fcd\u00fcrl\u00fc\u011f\u00fc ekipleri, bir kad\u0131n\u0131 taciz etti\u011fi iddia edilen \u015fahs\u0131 yakalamak i\u00e7in \u00e7al\u0131\u015fma ba\u015flatt\u0131. Yap\u0131lan incelemelerde kimli\u011finin H.\u00dc. oldu\u011fu saptanan ki\u015finin dolmu\u015fta seyahat eden gen\u00e7 k\u0131za \u00f6nce rahats\u0131z edici \u015fekilde bakt\u0131\u011f\u0131, ard\u0131ndan da telefon numaras\u0131n\u0131 g\u00f6stererek tacizde bulundu\u011fu tespit edildi. \u015e\u00fcpheli H.\u00dc., Etimesgut il\u00e7esinde bulunan adresinde polis ekipleri taraf\u0131ndan yakalanarak g\u00f6zalt\u0131na al\u0131nd\u0131.<br \/>\n\u015e\u00fcpheli H.\u00dc.\u2019n\u00fcn hakk\u0131nda yap\u0131lan ara\u015ft\u0131rmada cinsel taciz de dahil olmak \u00fczere bir\u00e7ok su\u00e7 kayd\u0131n\u0131n bulundu\u011fu \u00f6\u011frenildi. \u015e\u00fcphelinin emniyetteki i\u015flemlerinin ard\u0131ndan adliyeye sevk edilmesi bekleniyor.<\/p>\n<p>8.04.2025<\/p>\n","protected":false},"excerpt":{"rendered":"<p>Ankara\u2019n\u0131n Sincan il\u00e7esinde, dolmu\u015fta gen\u00e7 bir k\u0131z\u0131 taciz eden ve hakk\u0131nda bir\u00e7ok su\u00e7 kayd\u0131 oldu\u011fu belirlenen \u015f\u00fcpheli, polis ekiplerinin \u00e7al\u0131\u015fmas\u0131 sonucu yakalanarak, g\u00f6zalt\u0131na al\u0131nd\u0131. Edinilen bilgilere g\u00f6re, olay 7 Nisan Pazartesi g\u00fcn\u00fc Sincan-A\u015eT\u0130 g\u00fczerg\u00e2h\u0131nda seyir halindeki bir dolmu\u015fta meydana geldi. Sosyal medyada payla\u015f\u0131lan g\u00f6r\u00fcnt\u00fcler \u00fczerine Ankara Emniyet M\u00fcd\u00fcrl\u00fc\u011f\u00fc\u2019ne ba\u011fl\u0131 Sincan \u0130l\u00e7e Emniyet M\u00fcd\u00fcrl\u00fc\u011f\u00fc ekipleri, bir [&hellip;]<\/p>\n","protected":false},"author":1,"featured_media":4972,"comment_status":"open","ping_status":"open","sticky":false,"template":"","format":"standard","meta":{"footnotes":""},"categories":[45],"tags":[],"class_list":["post-4971","post","type-post","status-publish","format-standard","has-post-thumbnail","hentry","category-gundem"],"yoast_head":"<!-- This site is optimized with the Yoast SEO plugin v27.4 - https:\/\/yoast.com\/product\/yoast-seo-wordpress\/ -->\n<title>Ankara\u2019da dolmu\u015fta gen\u00e7 k\u0131z\u0131 taciz eden \u015fah\u0131s yakaland\u0131 - Memurun Sesi<\/title>\n<meta name=\"robots\" content=\"index, follow, max-snippet:-1, max-image-preview:large, max-video-preview:-1\" \/>\n<link rel=\"canonical\" href=\"https:\/\/memurunsesi.net\/index.php\/2025\/04\/08\/ankarada-dolmusta-genc-kizi-taciz-eden-sahis-yakalandi\/\" \/>\n<meta property=\"og:locale\" content=\"tr_TR\" \/>\n<meta property=\"og:type\" content=\"article\" \/>\n<meta property=\"og:title\" content=\"Ankara\u2019da dolmu\u015fta gen\u00e7 k\u0131z\u0131 taciz eden \u015fah\u0131s yakaland\u0131 - Memurun Sesi\" \/>\n<meta property=\"og:description\" content=\"Ankara\u2019n\u0131n Sincan il\u00e7esinde, dolmu\u015fta gen\u00e7 bir k\u0131z\u0131 taciz eden ve hakk\u0131nda bir\u00e7ok su\u00e7 kayd\u0131 oldu\u011fu belirlenen \u015f\u00fcpheli, polis ekiplerinin \u00e7al\u0131\u015fmas\u0131 sonucu yakalanarak, g\u00f6zalt\u0131na al\u0131nd\u0131. Edinilen bilgilere g\u00f6re, olay 7 Nisan Pazartesi g\u00fcn\u00fc Sincan-A\u015eT\u0130 g\u00fczerg\u00e2h\u0131nda seyir halindeki bir dolmu\u015fta meydana geldi. Sosyal medyada payla\u015f\u0131lan g\u00f6r\u00fcnt\u00fcler \u00fczerine Ankara Emniyet M\u00fcd\u00fcrl\u00fc\u011f\u00fc\u2019ne ba\u011fl\u0131 Sincan \u0130l\u00e7e Emniyet M\u00fcd\u00fcrl\u00fc\u011f\u00fc ekipleri, bir [&hellip;]\" \/>\n<meta property=\"og:url\" content=\"https:\/\/memurunsesi.net\/index.php\/2025\/04\/08\/ankarada-dolmusta-genc-kizi-taciz-eden-sahis-yakalandi\/\" \/>\n<meta property=\"og:site_name\" content=\"Memurun Sesi\" \/>\n<meta property=\"article:publisher\" content=\"https:\/\/www.facebook.com\/unipersen\/?locale=tr_TR\" \/>\n<meta property=\"article:published_time\" content=\"2025-04-08T05:21:57+00:00\" \/>\n<meta property=\"og:image\" content=\"https:\/\/memurunsesi.net\/wp-content\/uploads\/2025\/04\/AW427672_01.jpg\" \/>\n\t<meta property=\"og:image:width\" content=\"345\" \/>\n\t<meta property=\"og:image:height\" content=\"749\" \/>\n\t<meta property=\"og:image:type\" content=\"image\/jpeg\" \/>\n<meta name=\"author\" content=\"Memurun Sesi Haber Merkezi\" \/>\n<meta name=\"twitter:card\" content=\"summary_large_image\" \/>\n<meta name=\"twitter:creator\" content=\"@unipersen\" \/>\n<meta name=\"twitter:site\" content=\"@unipersen\" \/>\n<meta name=\"twitter:label1\" content=\"Yazan:\" \/>\n\t<meta name=\"twitter:data1\" content=\"Memurun Sesi Haber Merkezi\" \/>\n\t<meta name=\"twitter:label2\" content=\"Tahmini okuma s\u00fcresi\" \/>\n\t<meta name=\"twitter:data2\" content=\"1 dakika\" \/>\n<script type=\"application\/ld+json\" class=\"yoast-schema-graph\">{\"@context\":\"https:\\\/\\\/schema.org\",\"@graph\":[{\"@type\":\"Article\",\"@id\":\"https:\\\/\\\/memurunsesi.net\\\/index.php\\\/2025\\\/04\\\/08\\\/ankarada-dolmusta-genc-kizi-taciz-eden-sahis-yakalandi\\\/#article\",\"isPartOf\":{\"@id\":\"https:\\\/\\\/memurunsesi.net\\\/index.php\\\/2025\\\/04\\\/08\\\/ankarada-dolmusta-genc-kizi-taciz-eden-sahis-yakalandi\\\/\"},\"author\":{\"name\":\"Memurun Sesi Haber Merkezi\",\"@id\":\"https:\\\/\\\/memurunsesi.net\\\/#\\\/schema\\\/person\\\/f21c2d73b89f6ee1d80b0a1803e38587\"},\"headline\":\"Ankara\u2019da dolmu\u015fta gen\u00e7 k\u0131z\u0131 taciz eden \u015fah\u0131s yakaland\u0131\",\"datePublished\":\"2025-04-08T05:21:57+00:00\",\"mainEntityOfPage\":{\"@id\":\"https:\\\/\\\/memurunsesi.net\\\/index.php\\\/2025\\\/04\\\/08\\\/ankarada-dolmusta-genc-kizi-taciz-eden-sahis-yakalandi\\\/\"},\"wordCount\":201,\"commentCount\":0,\"publisher\":{\"@id\":\"https:\\\/\\\/memurunsesi.net\\\/#organization\"},\"image\":{\"@id\":\"https:\\\/\\\/memurunsesi.net\\\/index.php\\\/2025\\\/04\\\/08\\\/ankarada-dolmusta-genc-kizi-taciz-eden-sahis-yakalandi\\\/#primaryimage\"},\"thumbnailUrl\":\"https:\\\/\\\/memurunsesi.net\\\/wp-content\\\/uploads\\\/2025\\\/04\\\/AW427672_01.jpg\",\"articleSection\":[\"G\u00fcndem\"],\"inLanguage\":\"tr\",\"potentialAction\":[{\"@type\":\"CommentAction\",\"name\":\"Comment\",\"target\":[\"https:\\\/\\\/memurunsesi.net\\\/index.php\\\/2025\\\/04\\\/08\\\/ankarada-dolmusta-genc-kizi-taciz-eden-sahis-yakalandi\\\/#respond\"]}]},{\"@type\":\"WebPage\",\"@id\":\"https:\\\/\\\/memurunsesi.net\\\/index.php\\\/2025\\\/04\\\/08\\\/ankarada-dolmusta-genc-kizi-taciz-eden-sahis-yakalandi\\\/\",\"url\":\"https:\\\/\\\/memurunsesi.net\\\/index.php\\\/2025\\\/04\\\/08\\\/ankarada-dolmusta-genc-kizi-taciz-eden-sahis-yakalandi\\\/\",\"name\":\"Ankara\u2019da dolmu\u015fta gen\u00e7 k\u0131z\u0131 taciz eden \u015fah\u0131s yakaland\u0131 - Memurun Sesi\",\"isPartOf\":{\"@id\":\"https:\\\/\\\/memurunsesi.net\\\/#website\"},\"primaryImageOfPage\":{\"@id\":\"https:\\\/\\\/memurunsesi.net\\\/index.php\\\/2025\\\/04\\\/08\\\/ankarada-dolmusta-genc-kizi-taciz-eden-sahis-yakalandi\\\/#primaryimage\"},\"image\":{\"@id\":\"https:\\\/\\\/memurunsesi.net\\\/index.php\\\/2025\\\/04\\\/08\\\/ankarada-dolmusta-genc-kizi-taciz-eden-sahis-yakalandi\\\/#primaryimage\"},\"thumbnailUrl\":\"https:\\\/\\\/memurunsesi.net\\\/wp-content\\\/uploads\\\/2025\\\/04\\\/AW427672_01.jpg\",\"datePublished\":\"2025-04-08T05:21:57+00:00\",\"breadcrumb\":{\"@id\":\"https:\\\/\\\/memurunsesi.net\\\/index.php\\\/2025\\\/04\\\/08\\\/ankarada-dolmusta-genc-kizi-taciz-eden-sahis-yakalandi\\\/#breadcrumb\"},\"inLanguage\":\"tr\",\"potentialAction\":[{\"@type\":\"ReadAction\",\"target\":[\"https:\\\/\\\/memurunsesi.net\\\/index.php\\\/2025\\\/04\\\/08\\\/ankarada-dolmusta-genc-kizi-taciz-eden-sahis-yakalandi\\\/\"]}]},{\"@type\":\"ImageObject\",\"inLanguage\":\"tr\",\"@id\":\"https:\\\/\\\/memurunsesi.net\\\/index.php\\\/2025\\\/04\\\/08\\\/ankarada-dolmusta-genc-kizi-taciz-eden-sahis-yakalandi\\\/#primaryimage\",\"url\":\"https:\\\/\\\/memurunsesi.net\\\/wp-content\\\/uploads\\\/2025\\\/04\\\/AW427672_01.jpg\",\"contentUrl\":\"https:\\\/\\\/memurunsesi.net\\\/wp-content\\\/uploads\\\/2025\\\/04\\\/AW427672_01.jpg\",\"width\":345,\"height\":749,\"caption\":\"ANKARA'DA DOLMU\u015eTA GEN\u00c7 KIZI TAC\u0130Z EDEN \u015eAHIS YAKALANDI (FAZLI \u00c7OLAK - FURKAN DO\u011eAN\\\/ANKARA-\u0130HA) Ankara'n\u0131n Sincan il\u00e7esinde, dolmu\u015fta gen\u00e7 bir k\u0131z\u0131 taciz eden ve hakk\u0131nda bir\u00e7ok su\u00e7 kayd\u0131 oldu\u011fu belirlenen \u015f\u00fcpheli, polis ekiplerinin \u00e7al\u0131\u015fmas\u0131 sonucu yakalanarak, g\u00f6zalt\u0131na al\u0131nd\u0131.\"},{\"@type\":\"BreadcrumbList\",\"@id\":\"https:\\\/\\\/memurunsesi.net\\\/index.php\\\/2025\\\/04\\\/08\\\/ankarada-dolmusta-genc-kizi-taciz-eden-sahis-yakalandi\\\/#breadcrumb\",\"itemListElement\":[{\"@type\":\"ListItem\",\"position\":1,\"name\":\"Anasayfa\",\"item\":\"https:\\\/\\\/memurunsesi.net\\\/\"},{\"@type\":\"ListItem\",\"position\":2,\"name\":\"Ankara\u2019da dolmu\u015fta gen\u00e7 k\u0131z\u0131 taciz eden \u015fah\u0131s yakaland\u0131\"}]},{\"@type\":\"WebSite\",\"@id\":\"https:\\\/\\\/memurunsesi.net\\\/#website\",\"url\":\"https:\\\/\\\/memurunsesi.net\\\/\",\"name\":\"Memurun Sesi\",\"description\":\"G\u00fcncel ve Do\u011fru Haber\",\"publisher\":{\"@id\":\"https:\\\/\\\/memurunsesi.net\\\/#organization\"},\"potentialAction\":[{\"@type\":\"SearchAction\",\"target\":{\"@type\":\"EntryPoint\",\"urlTemplate\":\"https:\\\/\\\/memurunsesi.net\\\/?s={search_term_string}\"},\"query-input\":{\"@type\":\"PropertyValueSpecification\",\"valueRequired\":true,\"valueName\":\"search_term_string\"}}],\"inLanguage\":\"tr\"},{\"@type\":\"Organization\",\"@id\":\"https:\\\/\\\/memurunsesi.net\\\/#organization\",\"name\":\"Memurun Sesi\",\"url\":\"https:\\\/\\\/memurunsesi.net\\\/\",\"logo\":{\"@type\":\"ImageObject\",\"inLanguage\":\"tr\",\"@id\":\"https:\\\/\\\/memurunsesi.net\\\/#\\\/schema\\\/logo\\\/image\\\/\",\"url\":\"https:\\\/\\\/memurunsesi.net\\\/wp-content\\\/uploads\\\/2025\\\/11\\\/cropped-MEMURUN-SESI.png\",\"contentUrl\":\"https:\\\/\\\/memurunsesi.net\\\/wp-content\\\/uploads\\\/2025\\\/11\\\/cropped-MEMURUN-SESI.png\",\"width\":238,\"height\":57,\"caption\":\"Memurun Sesi\"},\"image\":{\"@id\":\"https:\\\/\\\/memurunsesi.net\\\/#\\\/schema\\\/logo\\\/image\\\/\"},\"sameAs\":[\"https:\\\/\\\/www.facebook.com\\\/unipersen\\\/?locale=tr_TR\",\"https:\\\/\\\/x.com\\\/unipersen\"]},{\"@type\":\"Person\",\"@id\":\"https:\\\/\\\/memurunsesi.net\\\/#\\\/schema\\\/person\\\/f21c2d73b89f6ee1d80b0a1803e38587\",\"name\":\"Memurun Sesi Haber Merkezi\",\"image\":{\"@type\":\"ImageObject\",\"inLanguage\":\"tr\",\"@id\":\"https:\\\/\\\/secure.gravatar.com\\\/avatar\\\/6cf0505f452ee753f485014986fab09a434671d2b919ee76fc541025c5876a70?s=96&d=mm&r=g\",\"url\":\"https:\\\/\\\/secure.gravatar.com\\\/avatar\\\/6cf0505f452ee753f485014986fab09a434671d2b919ee76fc541025c5876a70?s=96&d=mm&r=g\",\"contentUrl\":\"https:\\\/\\\/secure.gravatar.com\\\/avatar\\\/6cf0505f452ee753f485014986fab09a434671d2b919ee76fc541025c5876a70?s=96&d=mm&r=g\",\"caption\":\"Memurun Sesi Haber Merkezi\"},\"sameAs\":[\"https:\\\/\\\/memurunsesi.net\"],\"url\":\"https:\\\/\\\/memurunsesi.net\\\/index.php\\\/author\\\/uniper\\\/\"}]}<\/script>\n<!-- \/ Yoast SEO plugin. -->","yoast_head_json":{"title":"Ankara\u2019da dolmu\u015fta gen\u00e7 k\u0131z\u0131 taciz eden \u015fah\u0131s yakaland\u0131 - Memurun Sesi","robots":{"index":"index","follow":"follow","max-snippet":"max-snippet:-1","max-image-preview":"max-image-preview:large","max-video-preview":"max-video-preview:-1"},"canonical":"https:\/\/memurunsesi.net\/index.php\/2025\/04\/08\/ankarada-dolmusta-genc-kizi-taciz-eden-sahis-yakalandi\/","og_locale":"tr_TR","og_type":"article","og_title":"Ankara\u2019da dolmu\u015fta gen\u00e7 k\u0131z\u0131 taciz eden \u015fah\u0131s yakaland\u0131 - Memurun Sesi","og_description":"Ankara\u2019n\u0131n Sincan il\u00e7esinde, dolmu\u015fta gen\u00e7 bir k\u0131z\u0131 taciz eden ve hakk\u0131nda bir\u00e7ok su\u00e7 kayd\u0131 oldu\u011fu belirlenen \u015f\u00fcpheli, polis ekiplerinin \u00e7al\u0131\u015fmas\u0131 sonucu yakalanarak, g\u00f6zalt\u0131na al\u0131nd\u0131. Edinilen bilgilere g\u00f6re, olay 7 Nisan Pazartesi g\u00fcn\u00fc Sincan-A\u015eT\u0130 g\u00fczerg\u00e2h\u0131nda seyir halindeki bir dolmu\u015fta meydana geldi. Sosyal medyada payla\u015f\u0131lan g\u00f6r\u00fcnt\u00fcler \u00fczerine Ankara Emniyet M\u00fcd\u00fcrl\u00fc\u011f\u00fc\u2019ne ba\u011fl\u0131 Sincan \u0130l\u00e7e Emniyet M\u00fcd\u00fcrl\u00fc\u011f\u00fc ekipleri, bir [&hellip;]","og_url":"https:\/\/memurunsesi.net\/index.php\/2025\/04\/08\/ankarada-dolmusta-genc-kizi-taciz-eden-sahis-yakalandi\/","og_site_name":"Memurun Sesi","article_publisher":"https:\/\/www.facebook.com\/unipersen\/?locale=tr_TR","article_published_time":"2025-04-08T05:21:57+00:00","og_image":[{"width":345,"height":749,"url":"https:\/\/memurunsesi.net\/wp-content\/uploads\/2025\/04\/AW427672_01.jpg","type":"image\/jpeg"}],"author":"Memurun Sesi Haber Merkezi","twitter_card":"summary_large_image","twitter_creator":"@unipersen","twitter_site":"@unipersen","twitter_misc":{"Yazan:":"Memurun Sesi Haber Merkezi","Tahmini okuma s\u00fcresi":"1 dakika"},"schema":{"@context":"https:\/\/schema.org","@graph":[{"@type":"Article","@id":"https:\/\/memurunsesi.net\/index.php\/2025\/04\/08\/ankarada-dolmusta-genc-kizi-taciz-eden-sahis-yakalandi\/#article","isPartOf":{"@id":"https:\/\/memurunsesi.net\/index.php\/2025\/04\/08\/ankarada-dolmusta-genc-kizi-taciz-eden-sahis-yakalandi\/"},"author":{"name":"Memurun Sesi Haber Merkezi","@id":"https:\/\/memurunsesi.net\/#\/schema\/person\/f21c2d73b89f6ee1d80b0a1803e38587"},"headline":"Ankara\u2019da dolmu\u015fta gen\u00e7 k\u0131z\u0131 taciz eden \u015fah\u0131s yakaland\u0131","datePublished":"2025-04-08T05:21:57+00:00","mainEntityOfPage":{"@id":"https:\/\/memurunsesi.net\/index.php\/2025\/04\/08\/ankarada-dolmusta-genc-kizi-taciz-eden-sahis-yakalandi\/"},"wordCount":201,"commentCount":0,"publisher":{"@id":"https:\/\/memurunsesi.net\/#organization"},"image":{"@id":"https:\/\/memurunsesi.net\/index.php\/2025\/04\/08\/ankarada-dolmusta-genc-kizi-taciz-eden-sahis-yakalandi\/#primaryimage"},"thumbnailUrl":"https:\/\/memurunsesi.net\/wp-content\/uploads\/2025\/04\/AW427672_01.jpg","articleSection":["G\u00fcndem"],"inLanguage":"tr","potentialAction":[{"@type":"CommentAction","name":"Comment","target":["https:\/\/memurunsesi.net\/index.php\/2025\/04\/08\/ankarada-dolmusta-genc-kizi-taciz-eden-sahis-yakalandi\/#respond"]}]},{"@type":"WebPage","@id":"https:\/\/memurunsesi.net\/index.php\/2025\/04\/08\/ankarada-dolmusta-genc-kizi-taciz-eden-sahis-yakalandi\/","url":"https:\/\/memurunsesi.net\/index.php\/2025\/04\/08\/ankarada-dolmusta-genc-kizi-taciz-eden-sahis-yakalandi\/","name":"Ankara\u2019da dolmu\u015fta gen\u00e7 k\u0131z\u0131 taciz eden \u015fah\u0131s yakaland\u0131 - Memurun Sesi","isPartOf":{"@id":"https:\/\/memurunsesi.net\/#website"},"primaryImageOfPage":{"@id":"https:\/\/memurunsesi.net\/index.php\/2025\/04\/08\/ankarada-dolmusta-genc-kizi-taciz-eden-sahis-yakalandi\/#primaryimage"},"image":{"@id":"https:\/\/memurunsesi.net\/index.php\/2025\/04\/08\/ankarada-dolmusta-genc-kizi-taciz-eden-sahis-yakalandi\/#primaryimage"},"thumbnailUrl":"https:\/\/memurunsesi.net\/wp-content\/uploads\/2025\/04\/AW427672_01.jpg","datePublished":"2025-04-08T05:21:57+00:00","breadcrumb":{"@id":"https:\/\/memurunsesi.net\/index.php\/2025\/04\/08\/ankarada-dolmusta-genc-kizi-taciz-eden-sahis-yakalandi\/#breadcrumb"},"inLanguage":"tr","potentialAction":[{"@type":"ReadAction","target":["https:\/\/memurunsesi.net\/index.php\/2025\/04\/08\/ankarada-dolmusta-genc-kizi-taciz-eden-sahis-yakalandi\/"]}]},{"@type":"ImageObject","inLanguage":"tr","@id":"https:\/\/memurunsesi.net\/index.php\/2025\/04\/08\/ankarada-dolmusta-genc-kizi-taciz-eden-sahis-yakalandi\/#primaryimage","url":"https:\/\/memurunsesi.net\/wp-content\/uploads\/2025\/04\/AW427672_01.jpg","contentUrl":"https:\/\/memurunsesi.net\/wp-content\/uploads\/2025\/04\/AW427672_01.jpg","width":345,"height":749,"caption":"ANKARA'DA DOLMU\u015eTA GEN\u00c7 KIZI TAC\u0130Z EDEN \u015eAHIS YAKALANDI (FAZLI \u00c7OLAK - FURKAN DO\u011eAN\/ANKARA-\u0130HA) Ankara'n\u0131n Sincan il\u00e7esinde, dolmu\u015fta gen\u00e7 bir k\u0131z\u0131 taciz eden ve hakk\u0131nda bir\u00e7ok su\u00e7 kayd\u0131 oldu\u011fu belirlenen \u015f\u00fcpheli, polis ekiplerinin \u00e7al\u0131\u015fmas\u0131 sonucu yakalanarak, g\u00f6zalt\u0131na al\u0131nd\u0131."},{"@type":"BreadcrumbList","@id":"https:\/\/memurunsesi.net\/index.php\/2025\/04\/08\/ankarada-dolmusta-genc-kizi-taciz-eden-sahis-yakalandi\/#breadcrumb","itemListElement":[{"@type":"ListItem","position":1,"name":"Anasayfa","item":"https:\/\/memurunsesi.net\/"},{"@type":"ListItem","position":2,"name":"Ankara\u2019da dolmu\u015fta gen\u00e7 k\u0131z\u0131 taciz eden \u015fah\u0131s yakaland\u0131"}]},{"@type":"WebSite","@id":"https:\/\/memurunsesi.net\/#website","url":"https:\/\/memurunsesi.net\/","name":"Memurun Sesi","description":"G\u00fcncel ve Do\u011fru Haber","publisher":{"@id":"https:\/\/memurunsesi.net\/#organization"},"potentialAction":[{"@type":"SearchAction","target":{"@type":"EntryPoint","urlTemplate":"https:\/\/memurunsesi.net\/?s={search_term_string}"},"query-input":{"@type":"PropertyValueSpecification","valueRequired":true,"valueName":"search_term_string"}}],"inLanguage":"tr"},{"@type":"Organization","@id":"https:\/\/memurunsesi.net\/#organization","name":"Memurun Sesi","url":"https:\/\/memurunsesi.net\/","logo":{"@type":"ImageObject","inLanguage":"tr","@id":"https:\/\/memurunsesi.net\/#\/schema\/logo\/image\/","url":"https:\/\/memurunsesi.net\/wp-content\/uploads\/2025\/11\/cropped-MEMURUN-SESI.png","contentUrl":"https:\/\/memurunsesi.net\/wp-content\/uploads\/2025\/11\/cropped-MEMURUN-SESI.png","width":238,"height":57,"caption":"Memurun Sesi"},"image":{"@id":"https:\/\/memurunsesi.net\/#\/schema\/logo\/image\/"},"sameAs":["https:\/\/www.facebook.com\/unipersen\/?locale=tr_TR","https:\/\/x.com\/unipersen"]},{"@type":"Person","@id":"https:\/\/memurunsesi.net\/#\/schema\/person\/f21c2d73b89f6ee1d80b0a1803e38587","name":"Memurun Sesi Haber Merkezi","image":{"@type":"ImageObject","inLanguage":"tr","@id":"https:\/\/secure.gravatar.com\/avatar\/6cf0505f452ee753f485014986fab09a434671d2b919ee76fc541025c5876a70?s=96&d=mm&r=g","url":"https:\/\/secure.gravatar.com\/avatar\/6cf0505f452ee753f485014986fab09a434671d2b919ee76fc541025c5876a70?s=96&d=mm&r=g","contentUrl":"https:\/\/secure.gravatar.com\/avatar\/6cf0505f452ee753f485014986fab09a434671d2b919ee76fc541025c5876a70?s=96&d=mm&r=g","caption":"Memurun Sesi Haber Merkezi"},"sameAs":["https:\/\/memurunsesi.net"],"url":"https:\/\/memurunsesi.net\/index.php\/author\/uniper\/"}]}},"_links":{"self":[{"href":"https:\/\/memurunsesi.net\/index.php\/wp-json\/wp\/v2\/posts\/4971","targetHints":{"allow":["GET"]}}],"collection":[{"href":"https:\/\/memurunsesi.net\/index.php\/wp-json\/wp\/v2\/posts"}],"about":[{"href":"https:\/\/memurunsesi.net\/index.php\/wp-json\/wp\/v2\/types\/post"}],"author":[{"embeddable":true,"href":"https:\/\/memurunsesi.net\/index.php\/wp-json\/wp\/v2\/users\/1"}],"replies":[{"embeddable":true,"href":"https:\/\/memurunsesi.net\/index.php\/wp-json\/wp\/v2\/comments?post=4971"}],"version-history":[{"count":1,"href":"https:\/\/memurunsesi.net\/index.php\/wp-json\/wp\/v2\/posts\/4971\/revisions"}],"predecessor-version":[{"id":4973,"href":"https:\/\/memurunsesi.net\/index.php\/wp-json\/wp\/v2\/posts\/4971\/revisions\/4973"}],"wp:featuredmedia":[{"embeddable":true,"href":"https:\/\/memurunsesi.net\/index.php\/wp-json\/wp\/v2\/media\/4972"}],"wp:attachment":[{"href":"https:\/\/memurunsesi.net\/index.php\/wp-json\/wp\/v2\/media?parent=4971"}],"wp:term":[{"taxonomy":"category","embeddable":true,"href":"https:\/\/memurunsesi.net\/index.php\/wp-json\/wp\/v2\/categories?post=4971"},{"taxonomy":"post_tag","embeddable":true,"href":"https:\/\/memurunsesi.net\/index.php\/wp-json\/wp\/v2\/tags?post=4971"}],"curies":[{"name":"wp","href":"https:\/\/api.w.org\/{rel}","templated":true}]}}