{"id":4974,"date":"2025-04-08T08:23:07","date_gmt":"2025-04-08T05:23:07","guid":{"rendered":"https:\/\/memurunsesi.net\/?p=4974"},"modified":"2025-04-08T08:23:07","modified_gmt":"2025-04-08T05:23:07","slug":"ankarada-elektrik-direklerinde-yasanan-patlamalar-korkuttu","status":"publish","type":"post","link":"https:\/\/memurunsesi.net\/index.php\/2025\/04\/08\/ankarada-elektrik-direklerinde-yasanan-patlamalar-korkuttu\/","title":{"rendered":"Ankara&#8217;da elektrik direklerinde ya\u015fanan patlamalar korkuttu"},"content":{"rendered":"<p>Ankara&#8217;n\u0131n Ke\u00e7i\u00f6ren il\u00e7esinde elektrik direklerinde art arda meydana gelen patlamalar g\u00f6renleri korkuttu.<br \/>\nKe\u00e7i\u00f6ren il\u00e7esinde bulunan elektrik direklerinde art arda patlamalar meydana geldi. Patlamalar g\u00f6renleri korkuturken, ihbar \u00fczerine olay yerine polis ve itfaiye ekipleri sevk edildi. \u0130tfaiye ekipleri olay yerine geldiklerinde patlamalar\u0131n devam etmesi sebebiyle ilk etapta m\u00fcdahale edemezken, daha sonra patlamalar kontrol alt\u0131na al\u0131nd\u0131. Polis ekipleri olayla ilgili inceleme ba\u015flatt\u0131.<\/p>\n<p>7.04.2025<\/p>\n","protected":false},"excerpt":{"rendered":"<p>Ankara&#8217;n\u0131n Ke\u00e7i\u00f6ren il\u00e7esinde elektrik direklerinde art arda meydana gelen patlamalar g\u00f6renleri korkuttu. Ke\u00e7i\u00f6ren il\u00e7esinde bulunan elektrik direklerinde art arda patlamalar meydana geldi. Patlamalar g\u00f6renleri korkuturken, ihbar \u00fczerine olay yerine polis ve itfaiye ekipleri sevk edildi. \u0130tfaiye ekipleri olay yerine geldiklerinde patlamalar\u0131n devam etmesi sebebiyle ilk etapta m\u00fcdahale edemezken, daha sonra patlamalar kontrol alt\u0131na al\u0131nd\u0131. Polis [&hellip;]<\/p>\n","protected":false},"author":1,"featured_media":4975,"comment_status":"open","ping_status":"open","sticky":false,"template":"","format":"standard","meta":{"footnotes":""},"categories":[50],"tags":[],"class_list":["post-4974","post","type-post","status-publish","format-standard","has-post-thumbnail","hentry","category-tum-haberler"],"yoast_head":"<!-- This site is optimized with the Yoast SEO plugin v27.4 - https:\/\/yoast.com\/product\/yoast-seo-wordpress\/ -->\n<title>Ankara&#039;da elektrik direklerinde ya\u015fanan patlamalar korkuttu - Memurun Sesi<\/title>\n<meta name=\"robots\" content=\"index, follow, max-snippet:-1, max-image-preview:large, max-video-preview:-1\" \/>\n<link rel=\"canonical\" href=\"https:\/\/memurunsesi.net\/index.php\/2025\/04\/08\/ankarada-elektrik-direklerinde-yasanan-patlamalar-korkuttu\/\" \/>\n<meta property=\"og:locale\" content=\"tr_TR\" \/>\n<meta property=\"og:type\" content=\"article\" \/>\n<meta property=\"og:title\" content=\"Ankara&#039;da elektrik direklerinde ya\u015fanan patlamalar korkuttu - Memurun Sesi\" \/>\n<meta property=\"og:description\" content=\"Ankara&#8217;n\u0131n Ke\u00e7i\u00f6ren il\u00e7esinde elektrik direklerinde art arda meydana gelen patlamalar g\u00f6renleri korkuttu. Ke\u00e7i\u00f6ren il\u00e7esinde bulunan elektrik direklerinde art arda patlamalar meydana geldi. Patlamalar g\u00f6renleri korkuturken, ihbar \u00fczerine olay yerine polis ve itfaiye ekipleri sevk edildi. \u0130tfaiye ekipleri olay yerine geldiklerinde patlamalar\u0131n devam etmesi sebebiyle ilk etapta m\u00fcdahale edemezken, daha sonra patlamalar kontrol alt\u0131na al\u0131nd\u0131. Polis [&hellip;]\" \/>\n<meta property=\"og:url\" content=\"https:\/\/memurunsesi.net\/index.php\/2025\/04\/08\/ankarada-elektrik-direklerinde-yasanan-patlamalar-korkuttu\/\" \/>\n<meta property=\"og:site_name\" content=\"Memurun Sesi\" \/>\n<meta property=\"article:publisher\" content=\"https:\/\/www.facebook.com\/unipersen\/?locale=tr_TR\" \/>\n<meta property=\"article:published_time\" content=\"2025-04-08T05:23:07+00:00\" \/>\n<meta property=\"og:image\" content=\"https:\/\/memurunsesi.net\/wp-content\/uploads\/2025\/04\/AW427638_01.jpg\" \/>\n\t<meta property=\"og:image:width\" content=\"1153\" \/>\n\t<meta property=\"og:image:height\" content=\"2048\" \/>\n\t<meta property=\"og:image:type\" content=\"image\/jpeg\" \/>\n<meta name=\"author\" content=\"Memurun Sesi Haber Merkezi\" \/>\n<meta name=\"twitter:card\" content=\"summary_large_image\" \/>\n<meta name=\"twitter:creator\" content=\"@unipersen\" \/>\n<meta name=\"twitter:site\" content=\"@unipersen\" \/>\n<meta name=\"twitter:label1\" content=\"Yazan:\" \/>\n\t<meta name=\"twitter:data1\" content=\"Memurun Sesi Haber Merkezi\" \/>\n<script type=\"application\/ld+json\" class=\"yoast-schema-graph\">{\"@context\":\"https:\\\/\\\/schema.org\",\"@graph\":[{\"@type\":\"Article\",\"@id\":\"https:\\\/\\\/memurunsesi.net\\\/index.php\\\/2025\\\/04\\\/08\\\/ankarada-elektrik-direklerinde-yasanan-patlamalar-korkuttu\\\/#article\",\"isPartOf\":{\"@id\":\"https:\\\/\\\/memurunsesi.net\\\/index.php\\\/2025\\\/04\\\/08\\\/ankarada-elektrik-direklerinde-yasanan-patlamalar-korkuttu\\\/\"},\"author\":{\"name\":\"Memurun Sesi Haber Merkezi\",\"@id\":\"https:\\\/\\\/memurunsesi.net\\\/#\\\/schema\\\/person\\\/f21c2d73b89f6ee1d80b0a1803e38587\"},\"headline\":\"Ankara&#8217;da elektrik direklerinde ya\u015fanan patlamalar korkuttu\",\"datePublished\":\"2025-04-08T05:23:07+00:00\",\"mainEntityOfPage\":{\"@id\":\"https:\\\/\\\/memurunsesi.net\\\/index.php\\\/2025\\\/04\\\/08\\\/ankarada-elektrik-direklerinde-yasanan-patlamalar-korkuttu\\\/\"},\"wordCount\":83,\"commentCount\":0,\"publisher\":{\"@id\":\"https:\\\/\\\/memurunsesi.net\\\/#organization\"},\"image\":{\"@id\":\"https:\\\/\\\/memurunsesi.net\\\/index.php\\\/2025\\\/04\\\/08\\\/ankarada-elektrik-direklerinde-yasanan-patlamalar-korkuttu\\\/#primaryimage\"},\"thumbnailUrl\":\"https:\\\/\\\/memurunsesi.net\\\/wp-content\\\/uploads\\\/2025\\\/04\\\/AW427638_01.jpg\",\"articleSection\":[\"T\u00fcm Haberler\"],\"inLanguage\":\"tr\",\"potentialAction\":[{\"@type\":\"CommentAction\",\"name\":\"Comment\",\"target\":[\"https:\\\/\\\/memurunsesi.net\\\/index.php\\\/2025\\\/04\\\/08\\\/ankarada-elektrik-direklerinde-yasanan-patlamalar-korkuttu\\\/#respond\"]}]},{\"@type\":\"WebPage\",\"@id\":\"https:\\\/\\\/memurunsesi.net\\\/index.php\\\/2025\\\/04\\\/08\\\/ankarada-elektrik-direklerinde-yasanan-patlamalar-korkuttu\\\/\",\"url\":\"https:\\\/\\\/memurunsesi.net\\\/index.php\\\/2025\\\/04\\\/08\\\/ankarada-elektrik-direklerinde-yasanan-patlamalar-korkuttu\\\/\",\"name\":\"Ankara'da elektrik direklerinde ya\u015fanan patlamalar korkuttu - Memurun Sesi\",\"isPartOf\":{\"@id\":\"https:\\\/\\\/memurunsesi.net\\\/#website\"},\"primaryImageOfPage\":{\"@id\":\"https:\\\/\\\/memurunsesi.net\\\/index.php\\\/2025\\\/04\\\/08\\\/ankarada-elektrik-direklerinde-yasanan-patlamalar-korkuttu\\\/#primaryimage\"},\"image\":{\"@id\":\"https:\\\/\\\/memurunsesi.net\\\/index.php\\\/2025\\\/04\\\/08\\\/ankarada-elektrik-direklerinde-yasanan-patlamalar-korkuttu\\\/#primaryimage\"},\"thumbnailUrl\":\"https:\\\/\\\/memurunsesi.net\\\/wp-content\\\/uploads\\\/2025\\\/04\\\/AW427638_01.jpg\",\"datePublished\":\"2025-04-08T05:23:07+00:00\",\"breadcrumb\":{\"@id\":\"https:\\\/\\\/memurunsesi.net\\\/index.php\\\/2025\\\/04\\\/08\\\/ankarada-elektrik-direklerinde-yasanan-patlamalar-korkuttu\\\/#breadcrumb\"},\"inLanguage\":\"tr\",\"potentialAction\":[{\"@type\":\"ReadAction\",\"target\":[\"https:\\\/\\\/memurunsesi.net\\\/index.php\\\/2025\\\/04\\\/08\\\/ankarada-elektrik-direklerinde-yasanan-patlamalar-korkuttu\\\/\"]}]},{\"@type\":\"ImageObject\",\"inLanguage\":\"tr\",\"@id\":\"https:\\\/\\\/memurunsesi.net\\\/index.php\\\/2025\\\/04\\\/08\\\/ankarada-elektrik-direklerinde-yasanan-patlamalar-korkuttu\\\/#primaryimage\",\"url\":\"https:\\\/\\\/memurunsesi.net\\\/wp-content\\\/uploads\\\/2025\\\/04\\\/AW427638_01.jpg\",\"contentUrl\":\"https:\\\/\\\/memurunsesi.net\\\/wp-content\\\/uploads\\\/2025\\\/04\\\/AW427638_01.jpg\",\"width\":1153,\"height\":2048,\"caption\":\"KE\u00c7\u0130\u00d6REN'DE ELEKTR\u0130K D\u0130REKLER\u0130NDE ART ARDA MEYDANA GELEN PATLAMALAR G\u00d6RENLER\u0130 KORKUTTU. (\u0130HA\\\/ANKARA-\u0130HA) Ankara'n\u0131n Ke\u00e7i\u00f6ren il\u00e7esinde elektrik direklerinde art arda meydana gelen patlamalar g\u00f6renleri korkuttu.\"},{\"@type\":\"BreadcrumbList\",\"@id\":\"https:\\\/\\\/memurunsesi.net\\\/index.php\\\/2025\\\/04\\\/08\\\/ankarada-elektrik-direklerinde-yasanan-patlamalar-korkuttu\\\/#breadcrumb\",\"itemListElement\":[{\"@type\":\"ListItem\",\"position\":1,\"name\":\"Anasayfa\",\"item\":\"https:\\\/\\\/memurunsesi.net\\\/\"},{\"@type\":\"ListItem\",\"position\":2,\"name\":\"Ankara&#8217;da elektrik direklerinde ya\u015fanan patlamalar korkuttu\"}]},{\"@type\":\"WebSite\",\"@id\":\"https:\\\/\\\/memurunsesi.net\\\/#website\",\"url\":\"https:\\\/\\\/memurunsesi.net\\\/\",\"name\":\"Memurun Sesi\",\"description\":\"G\u00fcncel ve Do\u011fru Haber\",\"publisher\":{\"@id\":\"https:\\\/\\\/memurunsesi.net\\\/#organization\"},\"potentialAction\":[{\"@type\":\"SearchAction\",\"target\":{\"@type\":\"EntryPoint\",\"urlTemplate\":\"https:\\\/\\\/memurunsesi.net\\\/?s={search_term_string}\"},\"query-input\":{\"@type\":\"PropertyValueSpecification\",\"valueRequired\":true,\"valueName\":\"search_term_string\"}}],\"inLanguage\":\"tr\"},{\"@type\":\"Organization\",\"@id\":\"https:\\\/\\\/memurunsesi.net\\\/#organization\",\"name\":\"Memurun Sesi\",\"url\":\"https:\\\/\\\/memurunsesi.net\\\/\",\"logo\":{\"@type\":\"ImageObject\",\"inLanguage\":\"tr\",\"@id\":\"https:\\\/\\\/memurunsesi.net\\\/#\\\/schema\\\/logo\\\/image\\\/\",\"url\":\"https:\\\/\\\/memurunsesi.net\\\/wp-content\\\/uploads\\\/2025\\\/11\\\/cropped-MEMURUN-SESI.png\",\"contentUrl\":\"https:\\\/\\\/memurunsesi.net\\\/wp-content\\\/uploads\\\/2025\\\/11\\\/cropped-MEMURUN-SESI.png\",\"width\":238,\"height\":57,\"caption\":\"Memurun Sesi\"},\"image\":{\"@id\":\"https:\\\/\\\/memurunsesi.net\\\/#\\\/schema\\\/logo\\\/image\\\/\"},\"sameAs\":[\"https:\\\/\\\/www.facebook.com\\\/unipersen\\\/?locale=tr_TR\",\"https:\\\/\\\/x.com\\\/unipersen\"]},{\"@type\":\"Person\",\"@id\":\"https:\\\/\\\/memurunsesi.net\\\/#\\\/schema\\\/person\\\/f21c2d73b89f6ee1d80b0a1803e38587\",\"name\":\"Memurun Sesi Haber Merkezi\",\"image\":{\"@type\":\"ImageObject\",\"inLanguage\":\"tr\",\"@id\":\"https:\\\/\\\/secure.gravatar.com\\\/avatar\\\/6cf0505f452ee753f485014986fab09a434671d2b919ee76fc541025c5876a70?s=96&d=mm&r=g\",\"url\":\"https:\\\/\\\/secure.gravatar.com\\\/avatar\\\/6cf0505f452ee753f485014986fab09a434671d2b919ee76fc541025c5876a70?s=96&d=mm&r=g\",\"contentUrl\":\"https:\\\/\\\/secure.gravatar.com\\\/avatar\\\/6cf0505f452ee753f485014986fab09a434671d2b919ee76fc541025c5876a70?s=96&d=mm&r=g\",\"caption\":\"Memurun Sesi Haber Merkezi\"},\"sameAs\":[\"https:\\\/\\\/memurunsesi.net\"],\"url\":\"https:\\\/\\\/memurunsesi.net\\\/index.php\\\/author\\\/uniper\\\/\"}]}<\/script>\n<!-- \/ Yoast SEO plugin. -->","yoast_head_json":{"title":"Ankara'da elektrik direklerinde ya\u015fanan patlamalar korkuttu - Memurun Sesi","robots":{"index":"index","follow":"follow","max-snippet":"max-snippet:-1","max-image-preview":"max-image-preview:large","max-video-preview":"max-video-preview:-1"},"canonical":"https:\/\/memurunsesi.net\/index.php\/2025\/04\/08\/ankarada-elektrik-direklerinde-yasanan-patlamalar-korkuttu\/","og_locale":"tr_TR","og_type":"article","og_title":"Ankara'da elektrik direklerinde ya\u015fanan patlamalar korkuttu - Memurun Sesi","og_description":"Ankara&#8217;n\u0131n Ke\u00e7i\u00f6ren il\u00e7esinde elektrik direklerinde art arda meydana gelen patlamalar g\u00f6renleri korkuttu. Ke\u00e7i\u00f6ren il\u00e7esinde bulunan elektrik direklerinde art arda patlamalar meydana geldi. Patlamalar g\u00f6renleri korkuturken, ihbar \u00fczerine olay yerine polis ve itfaiye ekipleri sevk edildi. \u0130tfaiye ekipleri olay yerine geldiklerinde patlamalar\u0131n devam etmesi sebebiyle ilk etapta m\u00fcdahale edemezken, daha sonra patlamalar kontrol alt\u0131na al\u0131nd\u0131. Polis [&hellip;]","og_url":"https:\/\/memurunsesi.net\/index.php\/2025\/04\/08\/ankarada-elektrik-direklerinde-yasanan-patlamalar-korkuttu\/","og_site_name":"Memurun Sesi","article_publisher":"https:\/\/www.facebook.com\/unipersen\/?locale=tr_TR","article_published_time":"2025-04-08T05:23:07+00:00","og_image":[{"width":1153,"height":2048,"url":"https:\/\/memurunsesi.net\/wp-content\/uploads\/2025\/04\/AW427638_01.jpg","type":"image\/jpeg"}],"author":"Memurun Sesi Haber Merkezi","twitter_card":"summary_large_image","twitter_creator":"@unipersen","twitter_site":"@unipersen","twitter_misc":{"Yazan:":"Memurun Sesi Haber Merkezi"},"schema":{"@context":"https:\/\/schema.org","@graph":[{"@type":"Article","@id":"https:\/\/memurunsesi.net\/index.php\/2025\/04\/08\/ankarada-elektrik-direklerinde-yasanan-patlamalar-korkuttu\/#article","isPartOf":{"@id":"https:\/\/memurunsesi.net\/index.php\/2025\/04\/08\/ankarada-elektrik-direklerinde-yasanan-patlamalar-korkuttu\/"},"author":{"name":"Memurun Sesi Haber Merkezi","@id":"https:\/\/memurunsesi.net\/#\/schema\/person\/f21c2d73b89f6ee1d80b0a1803e38587"},"headline":"Ankara&#8217;da elektrik direklerinde ya\u015fanan patlamalar korkuttu","datePublished":"2025-04-08T05:23:07+00:00","mainEntityOfPage":{"@id":"https:\/\/memurunsesi.net\/index.php\/2025\/04\/08\/ankarada-elektrik-direklerinde-yasanan-patlamalar-korkuttu\/"},"wordCount":83,"commentCount":0,"publisher":{"@id":"https:\/\/memurunsesi.net\/#organization"},"image":{"@id":"https:\/\/memurunsesi.net\/index.php\/2025\/04\/08\/ankarada-elektrik-direklerinde-yasanan-patlamalar-korkuttu\/#primaryimage"},"thumbnailUrl":"https:\/\/memurunsesi.net\/wp-content\/uploads\/2025\/04\/AW427638_01.jpg","articleSection":["T\u00fcm Haberler"],"inLanguage":"tr","potentialAction":[{"@type":"CommentAction","name":"Comment","target":["https:\/\/memurunsesi.net\/index.php\/2025\/04\/08\/ankarada-elektrik-direklerinde-yasanan-patlamalar-korkuttu\/#respond"]}]},{"@type":"WebPage","@id":"https:\/\/memurunsesi.net\/index.php\/2025\/04\/08\/ankarada-elektrik-direklerinde-yasanan-patlamalar-korkuttu\/","url":"https:\/\/memurunsesi.net\/index.php\/2025\/04\/08\/ankarada-elektrik-direklerinde-yasanan-patlamalar-korkuttu\/","name":"Ankara'da elektrik direklerinde ya\u015fanan patlamalar korkuttu - Memurun Sesi","isPartOf":{"@id":"https:\/\/memurunsesi.net\/#website"},"primaryImageOfPage":{"@id":"https:\/\/memurunsesi.net\/index.php\/2025\/04\/08\/ankarada-elektrik-direklerinde-yasanan-patlamalar-korkuttu\/#primaryimage"},"image":{"@id":"https:\/\/memurunsesi.net\/index.php\/2025\/04\/08\/ankarada-elektrik-direklerinde-yasanan-patlamalar-korkuttu\/#primaryimage"},"thumbnailUrl":"https:\/\/memurunsesi.net\/wp-content\/uploads\/2025\/04\/AW427638_01.jpg","datePublished":"2025-04-08T05:23:07+00:00","breadcrumb":{"@id":"https:\/\/memurunsesi.net\/index.php\/2025\/04\/08\/ankarada-elektrik-direklerinde-yasanan-patlamalar-korkuttu\/#breadcrumb"},"inLanguage":"tr","potentialAction":[{"@type":"ReadAction","target":["https:\/\/memurunsesi.net\/index.php\/2025\/04\/08\/ankarada-elektrik-direklerinde-yasanan-patlamalar-korkuttu\/"]}]},{"@type":"ImageObject","inLanguage":"tr","@id":"https:\/\/memurunsesi.net\/index.php\/2025\/04\/08\/ankarada-elektrik-direklerinde-yasanan-patlamalar-korkuttu\/#primaryimage","url":"https:\/\/memurunsesi.net\/wp-content\/uploads\/2025\/04\/AW427638_01.jpg","contentUrl":"https:\/\/memurunsesi.net\/wp-content\/uploads\/2025\/04\/AW427638_01.jpg","width":1153,"height":2048,"caption":"KE\u00c7\u0130\u00d6REN'DE ELEKTR\u0130K D\u0130REKLER\u0130NDE ART ARDA MEYDANA GELEN PATLAMALAR G\u00d6RENLER\u0130 KORKUTTU. (\u0130HA\/ANKARA-\u0130HA) Ankara'n\u0131n Ke\u00e7i\u00f6ren il\u00e7esinde elektrik direklerinde art arda meydana gelen patlamalar g\u00f6renleri korkuttu."},{"@type":"BreadcrumbList","@id":"https:\/\/memurunsesi.net\/index.php\/2025\/04\/08\/ankarada-elektrik-direklerinde-yasanan-patlamalar-korkuttu\/#breadcrumb","itemListElement":[{"@type":"ListItem","position":1,"name":"Anasayfa","item":"https:\/\/memurunsesi.net\/"},{"@type":"ListItem","position":2,"name":"Ankara&#8217;da elektrik direklerinde ya\u015fanan patlamalar korkuttu"}]},{"@type":"WebSite","@id":"https:\/\/memurunsesi.net\/#website","url":"https:\/\/memurunsesi.net\/","name":"Memurun Sesi","description":"G\u00fcncel ve Do\u011fru Haber","publisher":{"@id":"https:\/\/memurunsesi.net\/#organization"},"potentialAction":[{"@type":"SearchAction","target":{"@type":"EntryPoint","urlTemplate":"https:\/\/memurunsesi.net\/?s={search_term_string}"},"query-input":{"@type":"PropertyValueSpecification","valueRequired":true,"valueName":"search_term_string"}}],"inLanguage":"tr"},{"@type":"Organization","@id":"https:\/\/memurunsesi.net\/#organization","name":"Memurun Sesi","url":"https:\/\/memurunsesi.net\/","logo":{"@type":"ImageObject","inLanguage":"tr","@id":"https:\/\/memurunsesi.net\/#\/schema\/logo\/image\/","url":"https:\/\/memurunsesi.net\/wp-content\/uploads\/2025\/11\/cropped-MEMURUN-SESI.png","contentUrl":"https:\/\/memurunsesi.net\/wp-content\/uploads\/2025\/11\/cropped-MEMURUN-SESI.png","width":238,"height":57,"caption":"Memurun Sesi"},"image":{"@id":"https:\/\/memurunsesi.net\/#\/schema\/logo\/image\/"},"sameAs":["https:\/\/www.facebook.com\/unipersen\/?locale=tr_TR","https:\/\/x.com\/unipersen"]},{"@type":"Person","@id":"https:\/\/memurunsesi.net\/#\/schema\/person\/f21c2d73b89f6ee1d80b0a1803e38587","name":"Memurun Sesi Haber Merkezi","image":{"@type":"ImageObject","inLanguage":"tr","@id":"https:\/\/secure.gravatar.com\/avatar\/6cf0505f452ee753f485014986fab09a434671d2b919ee76fc541025c5876a70?s=96&d=mm&r=g","url":"https:\/\/secure.gravatar.com\/avatar\/6cf0505f452ee753f485014986fab09a434671d2b919ee76fc541025c5876a70?s=96&d=mm&r=g","contentUrl":"https:\/\/secure.gravatar.com\/avatar\/6cf0505f452ee753f485014986fab09a434671d2b919ee76fc541025c5876a70?s=96&d=mm&r=g","caption":"Memurun Sesi Haber Merkezi"},"sameAs":["https:\/\/memurunsesi.net"],"url":"https:\/\/memurunsesi.net\/index.php\/author\/uniper\/"}]}},"_links":{"self":[{"href":"https:\/\/memurunsesi.net\/index.php\/wp-json\/wp\/v2\/posts\/4974","targetHints":{"allow":["GET"]}}],"collection":[{"href":"https:\/\/memurunsesi.net\/index.php\/wp-json\/wp\/v2\/posts"}],"about":[{"href":"https:\/\/memurunsesi.net\/index.php\/wp-json\/wp\/v2\/types\/post"}],"author":[{"embeddable":true,"href":"https:\/\/memurunsesi.net\/index.php\/wp-json\/wp\/v2\/users\/1"}],"replies":[{"embeddable":true,"href":"https:\/\/memurunsesi.net\/index.php\/wp-json\/wp\/v2\/comments?post=4974"}],"version-history":[{"count":1,"href":"https:\/\/memurunsesi.net\/index.php\/wp-json\/wp\/v2\/posts\/4974\/revisions"}],"predecessor-version":[{"id":4976,"href":"https:\/\/memurunsesi.net\/index.php\/wp-json\/wp\/v2\/posts\/4974\/revisions\/4976"}],"wp:featuredmedia":[{"embeddable":true,"href":"https:\/\/memurunsesi.net\/index.php\/wp-json\/wp\/v2\/media\/4975"}],"wp:attachment":[{"href":"https:\/\/memurunsesi.net\/index.php\/wp-json\/wp\/v2\/media?parent=4974"}],"wp:term":[{"taxonomy":"category","embeddable":true,"href":"https:\/\/memurunsesi.net\/index.php\/wp-json\/wp\/v2\/categories?post=4974"},{"taxonomy":"post_tag","embeddable":true,"href":"https:\/\/memurunsesi.net\/index.php\/wp-json\/wp\/v2\/tags?post=4974"}],"curies":[{"name":"wp","href":"https:\/\/api.w.org\/{rel}","templated":true}]}}