{"id":4980,"date":"2025-04-08T08:26:23","date_gmt":"2025-04-08T05:26:23","guid":{"rendered":"https:\/\/memurunsesi.net\/?p=4980"},"modified":"2025-04-08T08:26:23","modified_gmt":"2025-04-08T05:26:23","slug":"rektor-aydin-omu-50-yil-once-basladigi-yolculuguna-azimle-ve-kararlilikla-devam-etmektedir","status":"publish","type":"post","link":"https:\/\/memurunsesi.net\/index.php\/2025\/04\/08\/rektor-aydin-omu-50-yil-once-basladigi-yolculuguna-azimle-ve-kararlilikla-devam-etmektedir\/","title":{"rendered":"Rekt\u00f6r Ayd\u0131n: OM\u00dc 50 y\u0131l \u00f6nce ba\u015flad\u0131\u011f\u0131 yolculu\u011funa azimle ve kararl\u0131l\u0131kla devam etmektedir"},"content":{"rendered":"<p>Ondokuz May\u0131s \u00dcniversitesi (OM\u00dc) Rekt\u00f6r\u00fc Prof. Dr. Fatma Ayd\u0131n, &#8220;H\u00e2lihaz\u0131rda \u00fcniversitemiz, kadrosunda bulunan 6 binin \u00fczerindeki idari ve akademik personeli ve 50 bine varan \u00f6\u011frencisiyle g\u00fc\u00e7l\u00fc bir potansiyele sahiptir. Fak\u00fclteleri, y\u00fcksek okullar\u0131, enstit\u00fcleri, ara\u015ft\u0131rma merkezleri, teknoloji transfer ofisi, teknopark, sa\u011fl\u0131k uygulama ve ara\u015ft\u0131rma hastaneleri ile 50 y\u0131l \u00f6nce ba\u015flad\u0131\u011f\u0131 yolculu\u011funa azimle ve kararl\u0131l\u0131kla devam etmektedir&#8221; dedi.<br \/>\nOndokuz May\u0131s \u00dcniversitesi&#8217;nde 50. y\u0131l resepsiyonu ve bayramla\u015fma t\u00f6reni yap\u0131ld\u0131. Omtel Otel&#8217;de yap\u0131lan resepsiyonda OM\u00dc idari ve akademik kadro bayramla\u015farak, \u00fcniversitenin 50. y\u0131l\u0131na \u00f6zel pasta kesildi. T\u00f6rende konu\u015fan Rekt\u00f6r Prof. Dr. Fatma Ayd\u0131n, &#8220;Bug\u00fcn Ondokuz May\u0131s \u00dcniversitesi, ara\u015ft\u0131rma \u00fcniversitesi olma hedefi ve uluslararas\u0131la\u015fma misyonuyla \u00fclkemizin en sayg\u0131n, geli\u015fmi\u015f, dinamik ve g\u00fc\u00e7l\u00fc y\u00fcksek\u00f6\u011fretim kurumlar\u0131ndan biri h\u00e2line gelmi\u015ftir. H\u00e2lihaz\u0131rda \u00fcniversitemiz, kadrosunda bulunan 6 binin \u00fczerindeki idari ve akademik personeli ve 50 bine varan \u00f6\u011frencisiyle g\u00fc\u00e7l\u00fc bir potansiyele sahiptir. Fak\u00fclteleri, y\u00fcksek okullar\u0131, enstit\u00fcleri, ara\u015ft\u0131rma merkezleri, teknoloji transfer ofisi, teknopark, sa\u011fl\u0131k uygulama ve ara\u015ft\u0131rma hastaneleri ile 50 y\u0131l \u00f6nce ba\u015flad\u0131\u011f\u0131 yolculu\u011funa azimle ve kararl\u0131l\u0131kla devam etmektedir. 50 y\u0131ll\u0131k ge\u00e7mi\u015fimizin bug\u00fcn bizlere b\u0131rakt\u0131\u011f\u0131 b\u00fcy\u00fck miras\u0131n fark\u0131nday\u0131z ve bu miras\u0131n bize ne kadar \u00f6nemli sorumluluklar y\u00fckledi\u011finin de bilincindeyiz. Bu bilin\u00e7le g\u00f6revimizi, \u00fcniversitemize bug\u00fcne kadar sa\u011flanan her t\u00fcrl\u00fc iyile\u015ftirici faaliyeti kal\u0131c\u0131 h\u00e2le getirme ve bu kazan\u0131mlar\u0131 daha ileri d\u00fczeye ula\u015ft\u0131rma motivasyonu ile s\u00fcrd\u00fcrmekteyiz. Bu vesileyle, bug\u00fcn Ondokuz May\u0131s \u00dcniversitesi Vakf\u0131\u2019na d\u00f6n\u00fc\u015fm\u00fc\u015f olan Ondokuz May\u0131s \u00dcniversitesi\u2019ni Kurma Derne\u011fi \u00dcyeleri ve Kurucu Rekt\u00f6r\u00fcm\u00fcz Prof. Dr. Tahsin Tuncal\u0131 nezdinde \u00fcniversitemizin geli\u015fimine katk\u0131 sa\u011flam\u0131\u015f t\u00fcm y\u00f6neticilerimize, bizlerden deste\u011fini esirgemeyen il protokol\u00fcm\u00fcze, akademik ve idari personelimize, \u00f6\u011frencilerimize ve b\u00fct\u00fcn Ondokuz May\u0131s \u00dcniversitesi ailesine \u015f\u00fckranlar\u0131m\u0131 sunuyorum&#8221; diye konu\u015ftu.<br \/>\nT\u00f6ren \u00e7e\u015fitli ikramlar\u0131n ard\u0131ndan sona erdi.<\/p>\n<p>8.04.2025<\/p>\n","protected":false},"excerpt":{"rendered":"<p>Ondokuz May\u0131s \u00dcniversitesi (OM\u00dc) Rekt\u00f6r\u00fc Prof. Dr. Fatma Ayd\u0131n, &#8220;H\u00e2lihaz\u0131rda \u00fcniversitemiz, kadrosunda bulunan 6 binin \u00fczerindeki idari ve akademik personeli ve 50 bine varan \u00f6\u011frencisiyle g\u00fc\u00e7l\u00fc bir potansiyele sahiptir. Fak\u00fclteleri, y\u00fcksek okullar\u0131, enstit\u00fcleri, ara\u015ft\u0131rma merkezleri, teknoloji transfer ofisi, teknopark, sa\u011fl\u0131k uygulama ve ara\u015ft\u0131rma hastaneleri ile 50 y\u0131l \u00f6nce ba\u015flad\u0131\u011f\u0131 yolculu\u011funa azimle ve kararl\u0131l\u0131kla devam etmektedir&#8221; [&hellip;]<\/p>\n","protected":false},"author":1,"featured_media":4981,"comment_status":"open","ping_status":"open","sticky":false,"template":"","format":"standard","meta":{"footnotes":""},"categories":[47],"tags":[],"class_list":["post-4980","post","type-post","status-publish","format-standard","has-post-thumbnail","hentry","category-universiteden-haberler"],"yoast_head":"<!-- This site is optimized with the Yoast SEO plugin v27.4 - https:\/\/yoast.com\/product\/yoast-seo-wordpress\/ -->\n<title>Rekt\u00f6r Ayd\u0131n: OM\u00dc 50 y\u0131l \u00f6nce ba\u015flad\u0131\u011f\u0131 yolculu\u011funa azimle ve kararl\u0131l\u0131kla devam etmektedir - Memurun Sesi<\/title>\n<meta name=\"robots\" content=\"index, follow, max-snippet:-1, max-image-preview:large, max-video-preview:-1\" \/>\n<link rel=\"canonical\" href=\"https:\/\/memurunsesi.net\/index.php\/2025\/04\/08\/rektor-aydin-omu-50-yil-once-basladigi-yolculuguna-azimle-ve-kararlilikla-devam-etmektedir\/\" \/>\n<meta property=\"og:locale\" content=\"tr_TR\" \/>\n<meta property=\"og:type\" content=\"article\" \/>\n<meta property=\"og:title\" content=\"Rekt\u00f6r Ayd\u0131n: OM\u00dc 50 y\u0131l \u00f6nce ba\u015flad\u0131\u011f\u0131 yolculu\u011funa azimle ve kararl\u0131l\u0131kla devam etmektedir - Memurun Sesi\" \/>\n<meta property=\"og:description\" content=\"Ondokuz May\u0131s \u00dcniversitesi (OM\u00dc) Rekt\u00f6r\u00fc Prof. Dr. Fatma Ayd\u0131n, &#8220;H\u00e2lihaz\u0131rda \u00fcniversitemiz, kadrosunda bulunan 6 binin \u00fczerindeki idari ve akademik personeli ve 50 bine varan \u00f6\u011frencisiyle g\u00fc\u00e7l\u00fc bir potansiyele sahiptir. Fak\u00fclteleri, y\u00fcksek okullar\u0131, enstit\u00fcleri, ara\u015ft\u0131rma merkezleri, teknoloji transfer ofisi, teknopark, sa\u011fl\u0131k uygulama ve ara\u015ft\u0131rma hastaneleri ile 50 y\u0131l \u00f6nce ba\u015flad\u0131\u011f\u0131 yolculu\u011funa azimle ve kararl\u0131l\u0131kla devam etmektedir&#8221; [&hellip;]\" \/>\n<meta property=\"og:url\" content=\"https:\/\/memurunsesi.net\/index.php\/2025\/04\/08\/rektor-aydin-omu-50-yil-once-basladigi-yolculuguna-azimle-ve-kararlilikla-devam-etmektedir\/\" \/>\n<meta property=\"og:site_name\" content=\"Memurun Sesi\" \/>\n<meta property=\"article:publisher\" content=\"https:\/\/www.facebook.com\/unipersen\/?locale=tr_TR\" \/>\n<meta property=\"article:published_time\" content=\"2025-04-08T05:26:23+00:00\" \/>\n<meta property=\"og:image\" content=\"https:\/\/memurunsesi.net\/wp-content\/uploads\/2025\/04\/AW427591_02.jpg\" \/>\n\t<meta property=\"og:image:width\" content=\"1920\" \/>\n\t<meta property=\"og:image:height\" content=\"1080\" \/>\n\t<meta property=\"og:image:type\" content=\"image\/jpeg\" \/>\n<meta name=\"author\" content=\"Memurun Sesi Haber Merkezi\" \/>\n<meta name=\"twitter:card\" content=\"summary_large_image\" \/>\n<meta name=\"twitter:creator\" content=\"@unipersen\" \/>\n<meta name=\"twitter:site\" content=\"@unipersen\" \/>\n<meta name=\"twitter:label1\" content=\"Yazan:\" \/>\n\t<meta name=\"twitter:data1\" content=\"Memurun Sesi Haber Merkezi\" \/>\n\t<meta name=\"twitter:label2\" content=\"Tahmini okuma s\u00fcresi\" \/>\n\t<meta name=\"twitter:data2\" content=\"2 dakika\" \/>\n<script type=\"application\/ld+json\" class=\"yoast-schema-graph\">{\"@context\":\"https:\\\/\\\/schema.org\",\"@graph\":[{\"@type\":\"Article\",\"@id\":\"https:\\\/\\\/memurunsesi.net\\\/index.php\\\/2025\\\/04\\\/08\\\/rektor-aydin-omu-50-yil-once-basladigi-yolculuguna-azimle-ve-kararlilikla-devam-etmektedir\\\/#article\",\"isPartOf\":{\"@id\":\"https:\\\/\\\/memurunsesi.net\\\/index.php\\\/2025\\\/04\\\/08\\\/rektor-aydin-omu-50-yil-once-basladigi-yolculuguna-azimle-ve-kararlilikla-devam-etmektedir\\\/\"},\"author\":{\"name\":\"Memurun Sesi Haber Merkezi\",\"@id\":\"https:\\\/\\\/memurunsesi.net\\\/#\\\/schema\\\/person\\\/f21c2d73b89f6ee1d80b0a1803e38587\"},\"headline\":\"Rekt\u00f6r Ayd\u0131n: OM\u00dc 50 y\u0131l \u00f6nce ba\u015flad\u0131\u011f\u0131 yolculu\u011funa azimle ve kararl\u0131l\u0131kla devam etmektedir\",\"datePublished\":\"2025-04-08T05:26:23+00:00\",\"mainEntityOfPage\":{\"@id\":\"https:\\\/\\\/memurunsesi.net\\\/index.php\\\/2025\\\/04\\\/08\\\/rektor-aydin-omu-50-yil-once-basladigi-yolculuguna-azimle-ve-kararlilikla-devam-etmektedir\\\/\"},\"wordCount\":388,\"commentCount\":0,\"publisher\":{\"@id\":\"https:\\\/\\\/memurunsesi.net\\\/#organization\"},\"image\":{\"@id\":\"https:\\\/\\\/memurunsesi.net\\\/index.php\\\/2025\\\/04\\\/08\\\/rektor-aydin-omu-50-yil-once-basladigi-yolculuguna-azimle-ve-kararlilikla-devam-etmektedir\\\/#primaryimage\"},\"thumbnailUrl\":\"https:\\\/\\\/memurunsesi.net\\\/wp-content\\\/uploads\\\/2025\\\/04\\\/AW427591_02.jpg\",\"articleSection\":[\"\u00dcniversiteden Haberler\"],\"inLanguage\":\"tr\",\"potentialAction\":[{\"@type\":\"CommentAction\",\"name\":\"Comment\",\"target\":[\"https:\\\/\\\/memurunsesi.net\\\/index.php\\\/2025\\\/04\\\/08\\\/rektor-aydin-omu-50-yil-once-basladigi-yolculuguna-azimle-ve-kararlilikla-devam-etmektedir\\\/#respond\"]}]},{\"@type\":\"WebPage\",\"@id\":\"https:\\\/\\\/memurunsesi.net\\\/index.php\\\/2025\\\/04\\\/08\\\/rektor-aydin-omu-50-yil-once-basladigi-yolculuguna-azimle-ve-kararlilikla-devam-etmektedir\\\/\",\"url\":\"https:\\\/\\\/memurunsesi.net\\\/index.php\\\/2025\\\/04\\\/08\\\/rektor-aydin-omu-50-yil-once-basladigi-yolculuguna-azimle-ve-kararlilikla-devam-etmektedir\\\/\",\"name\":\"Rekt\u00f6r Ayd\u0131n: OM\u00dc 50 y\u0131l \u00f6nce ba\u015flad\u0131\u011f\u0131 yolculu\u011funa azimle ve kararl\u0131l\u0131kla devam etmektedir - Memurun Sesi\",\"isPartOf\":{\"@id\":\"https:\\\/\\\/memurunsesi.net\\\/#website\"},\"primaryImageOfPage\":{\"@id\":\"https:\\\/\\\/memurunsesi.net\\\/index.php\\\/2025\\\/04\\\/08\\\/rektor-aydin-omu-50-yil-once-basladigi-yolculuguna-azimle-ve-kararlilikla-devam-etmektedir\\\/#primaryimage\"},\"image\":{\"@id\":\"https:\\\/\\\/memurunsesi.net\\\/index.php\\\/2025\\\/04\\\/08\\\/rektor-aydin-omu-50-yil-once-basladigi-yolculuguna-azimle-ve-kararlilikla-devam-etmektedir\\\/#primaryimage\"},\"thumbnailUrl\":\"https:\\\/\\\/memurunsesi.net\\\/wp-content\\\/uploads\\\/2025\\\/04\\\/AW427591_02.jpg\",\"datePublished\":\"2025-04-08T05:26:23+00:00\",\"breadcrumb\":{\"@id\":\"https:\\\/\\\/memurunsesi.net\\\/index.php\\\/2025\\\/04\\\/08\\\/rektor-aydin-omu-50-yil-once-basladigi-yolculuguna-azimle-ve-kararlilikla-devam-etmektedir\\\/#breadcrumb\"},\"inLanguage\":\"tr\",\"potentialAction\":[{\"@type\":\"ReadAction\",\"target\":[\"https:\\\/\\\/memurunsesi.net\\\/index.php\\\/2025\\\/04\\\/08\\\/rektor-aydin-omu-50-yil-once-basladigi-yolculuguna-azimle-ve-kararlilikla-devam-etmektedir\\\/\"]}]},{\"@type\":\"ImageObject\",\"inLanguage\":\"tr\",\"@id\":\"https:\\\/\\\/memurunsesi.net\\\/index.php\\\/2025\\\/04\\\/08\\\/rektor-aydin-omu-50-yil-once-basladigi-yolculuguna-azimle-ve-kararlilikla-devam-etmektedir\\\/#primaryimage\",\"url\":\"https:\\\/\\\/memurunsesi.net\\\/wp-content\\\/uploads\\\/2025\\\/04\\\/AW427591_02.jpg\",\"contentUrl\":\"https:\\\/\\\/memurunsesi.net\\\/wp-content\\\/uploads\\\/2025\\\/04\\\/AW427591_02.jpg\",\"width\":1920,\"height\":1080,\"caption\":\"OM\u00dc REKT\u00d6R\u00dc PROF. DR. FATMA AYDIN, \\\"H\u00c2L\u0130HAZIRDA \u00dcN\u0130VERS\u0130TEM\u0130Z, KADROSUNDA BULUNAN 6 B\u0130N\u0130N \u00dcZER\u0130NDEK\u0130 \u0130DAR\u0130 VE AKADEM\u0130K PERSONEL\u0130 VE 50 B\u0130NE VARAN \u00d6\u011eRENC\u0130S\u0130YLE G\u00dc\u00c7L\u00dc B\u0130R POTANS\u0130YELE SAH\u0130PT\u0130R. FAK\u00dcLTELER\u0130, Y\u00dcKSEK OKULLARI, ENST\u0130T\u00dcLER\u0130, ARA\u015eTIRMA MERKEZLER\u0130, TEKNOLOJ\u0130 TRANSFER OF\u0130S\u0130, TEKNOPARK, SA\u011eLIK UYGULAMA VE ARA\u015eTIRMA HASTANELER\u0130 \u0130LE 50 YIL \u00d6NCE BA\u015eLADI\u011eI YOLCULU\u011eUNA AZ\u0130MLE VE KARARLILIKLA DEVAM ETMEKTED\u0130R\\\" DED\u0130. (FURKAN ABREK \u00dcNAL\\\/SAMSUN-\u0130HA) Ondokuz May\u0131s \u00dcniversitesi (OM\u00dc) Rekt\u00f6r\u00fc Prof. Dr. Fatma Ayd\u0131n, \\\"H\u00e2lihaz\u0131rda \u00fcniversitemiz, kadrosunda bulunan 6 binin \u00fczerindeki idari ve akademik personeli ve 50 bine varan \u00f6\u011frencisiyle g\u00fc\u00e7l\u00fc bir potansiyele sahiptir. Fak\u00fclteleri, y\u00fcksek okullar\u0131, enstit\u00fcleri, ara\u015ft\u0131rma merkezleri, teknoloji transfer ofisi, teknopark, sa\u011fl\u0131k uygulama ve ara\u015ft\u0131rma hastaneleri ile 50 y\u0131l \u00f6nce ba\u015flad\u0131\u011f\u0131 yolculu\u011funa azimle ve kararl\u0131l\u0131kla devam etmektedir\\\" dedi.\"},{\"@type\":\"BreadcrumbList\",\"@id\":\"https:\\\/\\\/memurunsesi.net\\\/index.php\\\/2025\\\/04\\\/08\\\/rektor-aydin-omu-50-yil-once-basladigi-yolculuguna-azimle-ve-kararlilikla-devam-etmektedir\\\/#breadcrumb\",\"itemListElement\":[{\"@type\":\"ListItem\",\"position\":1,\"name\":\"Anasayfa\",\"item\":\"https:\\\/\\\/memurunsesi.net\\\/\"},{\"@type\":\"ListItem\",\"position\":2,\"name\":\"Rekt\u00f6r Ayd\u0131n: OM\u00dc 50 y\u0131l \u00f6nce ba\u015flad\u0131\u011f\u0131 yolculu\u011funa azimle ve kararl\u0131l\u0131kla devam etmektedir\"}]},{\"@type\":\"WebSite\",\"@id\":\"https:\\\/\\\/memurunsesi.net\\\/#website\",\"url\":\"https:\\\/\\\/memurunsesi.net\\\/\",\"name\":\"Memurun Sesi\",\"description\":\"G\u00fcncel ve Do\u011fru Haber\",\"publisher\":{\"@id\":\"https:\\\/\\\/memurunsesi.net\\\/#organization\"},\"potentialAction\":[{\"@type\":\"SearchAction\",\"target\":{\"@type\":\"EntryPoint\",\"urlTemplate\":\"https:\\\/\\\/memurunsesi.net\\\/?s={search_term_string}\"},\"query-input\":{\"@type\":\"PropertyValueSpecification\",\"valueRequired\":true,\"valueName\":\"search_term_string\"}}],\"inLanguage\":\"tr\"},{\"@type\":\"Organization\",\"@id\":\"https:\\\/\\\/memurunsesi.net\\\/#organization\",\"name\":\"Memurun Sesi\",\"url\":\"https:\\\/\\\/memurunsesi.net\\\/\",\"logo\":{\"@type\":\"ImageObject\",\"inLanguage\":\"tr\",\"@id\":\"https:\\\/\\\/memurunsesi.net\\\/#\\\/schema\\\/logo\\\/image\\\/\",\"url\":\"https:\\\/\\\/memurunsesi.net\\\/wp-content\\\/uploads\\\/2025\\\/11\\\/cropped-MEMURUN-SESI.png\",\"contentUrl\":\"https:\\\/\\\/memurunsesi.net\\\/wp-content\\\/uploads\\\/2025\\\/11\\\/cropped-MEMURUN-SESI.png\",\"width\":238,\"height\":57,\"caption\":\"Memurun Sesi\"},\"image\":{\"@id\":\"https:\\\/\\\/memurunsesi.net\\\/#\\\/schema\\\/logo\\\/image\\\/\"},\"sameAs\":[\"https:\\\/\\\/www.facebook.com\\\/unipersen\\\/?locale=tr_TR\",\"https:\\\/\\\/x.com\\\/unipersen\"]},{\"@type\":\"Person\",\"@id\":\"https:\\\/\\\/memurunsesi.net\\\/#\\\/schema\\\/person\\\/f21c2d73b89f6ee1d80b0a1803e38587\",\"name\":\"Memurun Sesi Haber Merkezi\",\"image\":{\"@type\":\"ImageObject\",\"inLanguage\":\"tr\",\"@id\":\"https:\\\/\\\/secure.gravatar.com\\\/avatar\\\/6cf0505f452ee753f485014986fab09a434671d2b919ee76fc541025c5876a70?s=96&d=mm&r=g\",\"url\":\"https:\\\/\\\/secure.gravatar.com\\\/avatar\\\/6cf0505f452ee753f485014986fab09a434671d2b919ee76fc541025c5876a70?s=96&d=mm&r=g\",\"contentUrl\":\"https:\\\/\\\/secure.gravatar.com\\\/avatar\\\/6cf0505f452ee753f485014986fab09a434671d2b919ee76fc541025c5876a70?s=96&d=mm&r=g\",\"caption\":\"Memurun Sesi Haber Merkezi\"},\"sameAs\":[\"https:\\\/\\\/memurunsesi.net\"],\"url\":\"https:\\\/\\\/memurunsesi.net\\\/index.php\\\/author\\\/uniper\\\/\"}]}<\/script>\n<!-- \/ Yoast SEO plugin. -->","yoast_head_json":{"title":"Rekt\u00f6r Ayd\u0131n: OM\u00dc 50 y\u0131l \u00f6nce ba\u015flad\u0131\u011f\u0131 yolculu\u011funa azimle ve kararl\u0131l\u0131kla devam etmektedir - Memurun Sesi","robots":{"index":"index","follow":"follow","max-snippet":"max-snippet:-1","max-image-preview":"max-image-preview:large","max-video-preview":"max-video-preview:-1"},"canonical":"https:\/\/memurunsesi.net\/index.php\/2025\/04\/08\/rektor-aydin-omu-50-yil-once-basladigi-yolculuguna-azimle-ve-kararlilikla-devam-etmektedir\/","og_locale":"tr_TR","og_type":"article","og_title":"Rekt\u00f6r Ayd\u0131n: OM\u00dc 50 y\u0131l \u00f6nce ba\u015flad\u0131\u011f\u0131 yolculu\u011funa azimle ve kararl\u0131l\u0131kla devam etmektedir - Memurun Sesi","og_description":"Ondokuz May\u0131s \u00dcniversitesi (OM\u00dc) Rekt\u00f6r\u00fc Prof. Dr. Fatma Ayd\u0131n, &#8220;H\u00e2lihaz\u0131rda \u00fcniversitemiz, kadrosunda bulunan 6 binin \u00fczerindeki idari ve akademik personeli ve 50 bine varan \u00f6\u011frencisiyle g\u00fc\u00e7l\u00fc bir potansiyele sahiptir. Fak\u00fclteleri, y\u00fcksek okullar\u0131, enstit\u00fcleri, ara\u015ft\u0131rma merkezleri, teknoloji transfer ofisi, teknopark, sa\u011fl\u0131k uygulama ve ara\u015ft\u0131rma hastaneleri ile 50 y\u0131l \u00f6nce ba\u015flad\u0131\u011f\u0131 yolculu\u011funa azimle ve kararl\u0131l\u0131kla devam etmektedir&#8221; [&hellip;]","og_url":"https:\/\/memurunsesi.net\/index.php\/2025\/04\/08\/rektor-aydin-omu-50-yil-once-basladigi-yolculuguna-azimle-ve-kararlilikla-devam-etmektedir\/","og_site_name":"Memurun Sesi","article_publisher":"https:\/\/www.facebook.com\/unipersen\/?locale=tr_TR","article_published_time":"2025-04-08T05:26:23+00:00","og_image":[{"width":1920,"height":1080,"url":"https:\/\/memurunsesi.net\/wp-content\/uploads\/2025\/04\/AW427591_02.jpg","type":"image\/jpeg"}],"author":"Memurun Sesi Haber Merkezi","twitter_card":"summary_large_image","twitter_creator":"@unipersen","twitter_site":"@unipersen","twitter_misc":{"Yazan:":"Memurun Sesi Haber Merkezi","Tahmini okuma s\u00fcresi":"2 dakika"},"schema":{"@context":"https:\/\/schema.org","@graph":[{"@type":"Article","@id":"https:\/\/memurunsesi.net\/index.php\/2025\/04\/08\/rektor-aydin-omu-50-yil-once-basladigi-yolculuguna-azimle-ve-kararlilikla-devam-etmektedir\/#article","isPartOf":{"@id":"https:\/\/memurunsesi.net\/index.php\/2025\/04\/08\/rektor-aydin-omu-50-yil-once-basladigi-yolculuguna-azimle-ve-kararlilikla-devam-etmektedir\/"},"author":{"name":"Memurun Sesi Haber Merkezi","@id":"https:\/\/memurunsesi.net\/#\/schema\/person\/f21c2d73b89f6ee1d80b0a1803e38587"},"headline":"Rekt\u00f6r Ayd\u0131n: OM\u00dc 50 y\u0131l \u00f6nce ba\u015flad\u0131\u011f\u0131 yolculu\u011funa azimle ve kararl\u0131l\u0131kla devam etmektedir","datePublished":"2025-04-08T05:26:23+00:00","mainEntityOfPage":{"@id":"https:\/\/memurunsesi.net\/index.php\/2025\/04\/08\/rektor-aydin-omu-50-yil-once-basladigi-yolculuguna-azimle-ve-kararlilikla-devam-etmektedir\/"},"wordCount":388,"commentCount":0,"publisher":{"@id":"https:\/\/memurunsesi.net\/#organization"},"image":{"@id":"https:\/\/memurunsesi.net\/index.php\/2025\/04\/08\/rektor-aydin-omu-50-yil-once-basladigi-yolculuguna-azimle-ve-kararlilikla-devam-etmektedir\/#primaryimage"},"thumbnailUrl":"https:\/\/memurunsesi.net\/wp-content\/uploads\/2025\/04\/AW427591_02.jpg","articleSection":["\u00dcniversiteden Haberler"],"inLanguage":"tr","potentialAction":[{"@type":"CommentAction","name":"Comment","target":["https:\/\/memurunsesi.net\/index.php\/2025\/04\/08\/rektor-aydin-omu-50-yil-once-basladigi-yolculuguna-azimle-ve-kararlilikla-devam-etmektedir\/#respond"]}]},{"@type":"WebPage","@id":"https:\/\/memurunsesi.net\/index.php\/2025\/04\/08\/rektor-aydin-omu-50-yil-once-basladigi-yolculuguna-azimle-ve-kararlilikla-devam-etmektedir\/","url":"https:\/\/memurunsesi.net\/index.php\/2025\/04\/08\/rektor-aydin-omu-50-yil-once-basladigi-yolculuguna-azimle-ve-kararlilikla-devam-etmektedir\/","name":"Rekt\u00f6r Ayd\u0131n: OM\u00dc 50 y\u0131l \u00f6nce ba\u015flad\u0131\u011f\u0131 yolculu\u011funa azimle ve kararl\u0131l\u0131kla devam etmektedir - Memurun Sesi","isPartOf":{"@id":"https:\/\/memurunsesi.net\/#website"},"primaryImageOfPage":{"@id":"https:\/\/memurunsesi.net\/index.php\/2025\/04\/08\/rektor-aydin-omu-50-yil-once-basladigi-yolculuguna-azimle-ve-kararlilikla-devam-etmektedir\/#primaryimage"},"image":{"@id":"https:\/\/memurunsesi.net\/index.php\/2025\/04\/08\/rektor-aydin-omu-50-yil-once-basladigi-yolculuguna-azimle-ve-kararlilikla-devam-etmektedir\/#primaryimage"},"thumbnailUrl":"https:\/\/memurunsesi.net\/wp-content\/uploads\/2025\/04\/AW427591_02.jpg","datePublished":"2025-04-08T05:26:23+00:00","breadcrumb":{"@id":"https:\/\/memurunsesi.net\/index.php\/2025\/04\/08\/rektor-aydin-omu-50-yil-once-basladigi-yolculuguna-azimle-ve-kararlilikla-devam-etmektedir\/#breadcrumb"},"inLanguage":"tr","potentialAction":[{"@type":"ReadAction","target":["https:\/\/memurunsesi.net\/index.php\/2025\/04\/08\/rektor-aydin-omu-50-yil-once-basladigi-yolculuguna-azimle-ve-kararlilikla-devam-etmektedir\/"]}]},{"@type":"ImageObject","inLanguage":"tr","@id":"https:\/\/memurunsesi.net\/index.php\/2025\/04\/08\/rektor-aydin-omu-50-yil-once-basladigi-yolculuguna-azimle-ve-kararlilikla-devam-etmektedir\/#primaryimage","url":"https:\/\/memurunsesi.net\/wp-content\/uploads\/2025\/04\/AW427591_02.jpg","contentUrl":"https:\/\/memurunsesi.net\/wp-content\/uploads\/2025\/04\/AW427591_02.jpg","width":1920,"height":1080,"caption":"OM\u00dc REKT\u00d6R\u00dc PROF. DR. FATMA AYDIN, \"H\u00c2L\u0130HAZIRDA \u00dcN\u0130VERS\u0130TEM\u0130Z, KADROSUNDA BULUNAN 6 B\u0130N\u0130N \u00dcZER\u0130NDEK\u0130 \u0130DAR\u0130 VE AKADEM\u0130K PERSONEL\u0130 VE 50 B\u0130NE VARAN \u00d6\u011eRENC\u0130S\u0130YLE G\u00dc\u00c7L\u00dc B\u0130R POTANS\u0130YELE SAH\u0130PT\u0130R. FAK\u00dcLTELER\u0130, Y\u00dcKSEK OKULLARI, ENST\u0130T\u00dcLER\u0130, ARA\u015eTIRMA MERKEZLER\u0130, TEKNOLOJ\u0130 TRANSFER OF\u0130S\u0130, TEKNOPARK, SA\u011eLIK UYGULAMA VE ARA\u015eTIRMA HASTANELER\u0130 \u0130LE 50 YIL \u00d6NCE BA\u015eLADI\u011eI YOLCULU\u011eUNA AZ\u0130MLE VE KARARLILIKLA DEVAM ETMEKTED\u0130R\" DED\u0130. (FURKAN ABREK \u00dcNAL\/SAMSUN-\u0130HA) Ondokuz May\u0131s \u00dcniversitesi (OM\u00dc) Rekt\u00f6r\u00fc Prof. Dr. Fatma Ayd\u0131n, \"H\u00e2lihaz\u0131rda \u00fcniversitemiz, kadrosunda bulunan 6 binin \u00fczerindeki idari ve akademik personeli ve 50 bine varan \u00f6\u011frencisiyle g\u00fc\u00e7l\u00fc bir potansiyele sahiptir. Fak\u00fclteleri, y\u00fcksek okullar\u0131, enstit\u00fcleri, ara\u015ft\u0131rma merkezleri, teknoloji transfer ofisi, teknopark, sa\u011fl\u0131k uygulama ve ara\u015ft\u0131rma hastaneleri ile 50 y\u0131l \u00f6nce ba\u015flad\u0131\u011f\u0131 yolculu\u011funa azimle ve kararl\u0131l\u0131kla devam etmektedir\" dedi."},{"@type":"BreadcrumbList","@id":"https:\/\/memurunsesi.net\/index.php\/2025\/04\/08\/rektor-aydin-omu-50-yil-once-basladigi-yolculuguna-azimle-ve-kararlilikla-devam-etmektedir\/#breadcrumb","itemListElement":[{"@type":"ListItem","position":1,"name":"Anasayfa","item":"https:\/\/memurunsesi.net\/"},{"@type":"ListItem","position":2,"name":"Rekt\u00f6r Ayd\u0131n: OM\u00dc 50 y\u0131l \u00f6nce ba\u015flad\u0131\u011f\u0131 yolculu\u011funa azimle ve kararl\u0131l\u0131kla devam etmektedir"}]},{"@type":"WebSite","@id":"https:\/\/memurunsesi.net\/#website","url":"https:\/\/memurunsesi.net\/","name":"Memurun Sesi","description":"G\u00fcncel ve Do\u011fru Haber","publisher":{"@id":"https:\/\/memurunsesi.net\/#organization"},"potentialAction":[{"@type":"SearchAction","target":{"@type":"EntryPoint","urlTemplate":"https:\/\/memurunsesi.net\/?s={search_term_string}"},"query-input":{"@type":"PropertyValueSpecification","valueRequired":true,"valueName":"search_term_string"}}],"inLanguage":"tr"},{"@type":"Organization","@id":"https:\/\/memurunsesi.net\/#organization","name":"Memurun Sesi","url":"https:\/\/memurunsesi.net\/","logo":{"@type":"ImageObject","inLanguage":"tr","@id":"https:\/\/memurunsesi.net\/#\/schema\/logo\/image\/","url":"https:\/\/memurunsesi.net\/wp-content\/uploads\/2025\/11\/cropped-MEMURUN-SESI.png","contentUrl":"https:\/\/memurunsesi.net\/wp-content\/uploads\/2025\/11\/cropped-MEMURUN-SESI.png","width":238,"height":57,"caption":"Memurun Sesi"},"image":{"@id":"https:\/\/memurunsesi.net\/#\/schema\/logo\/image\/"},"sameAs":["https:\/\/www.facebook.com\/unipersen\/?locale=tr_TR","https:\/\/x.com\/unipersen"]},{"@type":"Person","@id":"https:\/\/memurunsesi.net\/#\/schema\/person\/f21c2d73b89f6ee1d80b0a1803e38587","name":"Memurun Sesi Haber Merkezi","image":{"@type":"ImageObject","inLanguage":"tr","@id":"https:\/\/secure.gravatar.com\/avatar\/6cf0505f452ee753f485014986fab09a434671d2b919ee76fc541025c5876a70?s=96&d=mm&r=g","url":"https:\/\/secure.gravatar.com\/avatar\/6cf0505f452ee753f485014986fab09a434671d2b919ee76fc541025c5876a70?s=96&d=mm&r=g","contentUrl":"https:\/\/secure.gravatar.com\/avatar\/6cf0505f452ee753f485014986fab09a434671d2b919ee76fc541025c5876a70?s=96&d=mm&r=g","caption":"Memurun Sesi Haber Merkezi"},"sameAs":["https:\/\/memurunsesi.net"],"url":"https:\/\/memurunsesi.net\/index.php\/author\/uniper\/"}]}},"_links":{"self":[{"href":"https:\/\/memurunsesi.net\/index.php\/wp-json\/wp\/v2\/posts\/4980","targetHints":{"allow":["GET"]}}],"collection":[{"href":"https:\/\/memurunsesi.net\/index.php\/wp-json\/wp\/v2\/posts"}],"about":[{"href":"https:\/\/memurunsesi.net\/index.php\/wp-json\/wp\/v2\/types\/post"}],"author":[{"embeddable":true,"href":"https:\/\/memurunsesi.net\/index.php\/wp-json\/wp\/v2\/users\/1"}],"replies":[{"embeddable":true,"href":"https:\/\/memurunsesi.net\/index.php\/wp-json\/wp\/v2\/comments?post=4980"}],"version-history":[{"count":1,"href":"https:\/\/memurunsesi.net\/index.php\/wp-json\/wp\/v2\/posts\/4980\/revisions"}],"predecessor-version":[{"id":4982,"href":"https:\/\/memurunsesi.net\/index.php\/wp-json\/wp\/v2\/posts\/4980\/revisions\/4982"}],"wp:featuredmedia":[{"embeddable":true,"href":"https:\/\/memurunsesi.net\/index.php\/wp-json\/wp\/v2\/media\/4981"}],"wp:attachment":[{"href":"https:\/\/memurunsesi.net\/index.php\/wp-json\/wp\/v2\/media?parent=4980"}],"wp:term":[{"taxonomy":"category","embeddable":true,"href":"https:\/\/memurunsesi.net\/index.php\/wp-json\/wp\/v2\/categories?post=4980"},{"taxonomy":"post_tag","embeddable":true,"href":"https:\/\/memurunsesi.net\/index.php\/wp-json\/wp\/v2\/tags?post=4980"}],"curies":[{"name":"wp","href":"https:\/\/api.w.org\/{rel}","templated":true}]}}