{"id":4983,"date":"2025-04-08T13:26:42","date_gmt":"2025-04-08T10:26:42","guid":{"rendered":"https:\/\/memurunsesi.net\/?p=4983"},"modified":"2025-04-08T13:26:42","modified_gmt":"2025-04-08T10:26:42","slug":"boludaki-otel-yangini-yangin-egitimlerine-olan-talebi-artirdi","status":"publish","type":"post","link":"https:\/\/memurunsesi.net\/index.php\/2025\/04\/08\/boludaki-otel-yangini-yangin-egitimlerine-olan-talebi-artirdi\/","title":{"rendered":"Bolu\u2019daki otel yang\u0131n\u0131, yang\u0131n e\u011fitimlerine olan talebi art\u0131rd\u0131"},"content":{"rendered":"<p>Manisa B\u00fcy\u00fck\u015fehir Belediyesi, Bolu\u2019da ya\u015fanan otel yang\u0131n\u0131 felaketi sonras\u0131nda temel yang\u0131n e\u011fitimlerinin say\u0131s\u0131n\u0131 artt\u0131rd\u0131. \u0130tfaiye Dairesi Ba\u015fkanl\u0131\u011f\u0131 taraf\u0131ndan 2024 y\u0131l\u0131nda 64 bin ki\u015fiye temel yang\u0131n e\u011fitimi verilirken Bolu\u2019da ya\u015fanan facian\u0131n ard\u0131ndan kurumlardan gelen e\u011fitim taleplerin artmas\u0131yla birlikte bu y\u0131l\u0131n ilk \u00fc\u00e7 ay\u0131nda ge\u00e7en y\u0131l\u0131n rakamlar\u0131na yakla\u015f\u0131larak 62 bin 451 ki\u015fiye temel yang\u0131n e\u011fitimi verildi.<br \/>\nManisa B\u00fcy\u00fck\u015fehir Belediyesi, yang\u0131n ba\u015fta olmak \u00fczere trafik kazas\u0131, sel, su bask\u0131nlar\u0131 ve \u00e7e\u015fitli hayvan kurtarma vakalar\u0131na y\u00f6nelik geni\u015f bir yelpazede 7 g\u00fcn 24 saat hizmet vermeye devam ediyor. Manisa \u0130tfaiyesi bu g\u00f6revlerinin yan\u0131 s\u0131ra kamu kurumlar\u0131n\u0131n, \u00f6zel \u015firketlerin personeline ve vatanda\u015flara verdi\u011fi temel yang\u0131n e\u011fitimleri vermeyi s\u00fcrd\u00fcr\u00fcyor. Gelen talepleri de\u011ferlendiren itfaiye, hem teorik hem de uygulamal\u0131 olarak temel yang\u0131n e\u011fitimleri vererek halk\u0131n bilin\u00e7lenmesini sa\u011fl\u0131yor.<\/p>\n<p>&#8220;Bolu\u2019daki otel yang\u0131n\u0131 sonras\u0131 talepler artt\u0131&#8221;<br \/>\nManisa B\u00fcy\u00fck\u015fehir Belediyesi \u0130tfaiye Dairesi Ba\u015fkan\u0131 G\u00fcrhan \u0130nal, ge\u00e7ti\u011fimiz Ocak ay\u0131nda Bolu\u2019da ya\u015fanan otel yang\u0131n\u0131 sonras\u0131nda kurum, kurulu\u015f ve site y\u00f6netimleri taraf\u0131ndan temel yang\u0131n e\u011fitimlerine y\u00f6nelik taleplerin artt\u0131\u011f\u0131n\u0131 belirtti. \u0130nal, itfaiye Dairesi Ba\u015fkanl\u0131\u011f\u0131 olarak, ge\u00e7en y\u0131l 64 bin 227 ki\u015fiye temel yang\u0131n e\u011fitimi verildi\u011fini hat\u0131rlatarak, &#8220;Bolu\u2019da ya\u015fanan otel yang\u0131n\u0131 sonras\u0131nda e\u011fitim talepleri artt\u0131. Biz de bu taleplere kay\u0131ts\u0131z kalmayarak daha 2025 y\u0131l\u0131n\u0131n ilk \u00fc\u00e7 ay\u0131nda, ge\u00e7en y\u0131l\u0131n rakamlar\u0131n\u0131 yakalad\u0131k. Vatanda\u015flar\u0131m\u0131z bu e\u011fitimlere \u00e7ok \u00f6nem veriyor. Bu y\u0131l\u0131n ilk \u00fc\u00e7 ayl\u0131k d\u00f6neminde 62 bin 451 ki\u015fiye e\u011fitim verdik. E\u011fitimlerimiz t\u00fcm h\u0131z\u0131yla planl\u0131 bir \u015fekilde devam edecek. \u0130steyen t\u00fcm vatanda\u015flar\u0131m\u0131z\u0131 bilin\u00e7lendirmeyi s\u00fcrd\u00fcrece\u011fiz&#8221; dedi.<br \/>\nG\u00fcrhan \u0130nal, &#8220;Kurum ve kurulu\u015flardan gelen talepler \u00fczerine \u00e7al\u0131\u015fanlara; yang\u0131n t\u00fcp\u00fc kullan\u0131m\u0131, yang\u0131na nas\u0131l m\u00fcdahale edilece\u011fi, yang\u0131n \u00f6ncesi ve sonras\u0131nda neler yap\u0131lmas\u0131 gerekti\u011fi konular\u0131nda bilgiler aktar\u0131l\u0131yor. Yang\u0131n s\u00f6nd\u00fcrme e\u011fitimleri uygulamal\u0131 olarak verilirken baz\u0131 bilgiler ise teorik olarak aktar\u0131l\u0131yor. Daire Ba\u015fkanl\u0131\u011f\u0131m\u0131zdaki uzman e\u011fitmenlerimiz taraf\u0131ndan 2025 y\u0131l\u0131 Ocak &#8211; Mart \u00fc\u00e7 ayl\u0131k d\u00f6neminde 45 hizmet i\u00e7i e\u011fitimde bin 430 belediye \u00e7al\u0131\u015fan\u0131, kamu e\u011fitimlerinde 7 bin 313, \u00f6zel firmalardan gelen taleplerde 64, okullarda 53 bin 264, g\u00f6n\u00fcll\u00fc e\u011fitimlerinde 380 ki\u015fi olmak \u00fczere toplamda 62 bin 451 ki\u015fiye temel yang\u0131n e\u011fitimi verildi&#8221; diye konu\u015ftu.<\/p>\n<p>8.04.2025<\/p>\n","protected":false},"excerpt":{"rendered":"<p>Manisa B\u00fcy\u00fck\u015fehir Belediyesi, Bolu\u2019da ya\u015fanan otel yang\u0131n\u0131 felaketi sonras\u0131nda temel yang\u0131n e\u011fitimlerinin say\u0131s\u0131n\u0131 artt\u0131rd\u0131. \u0130tfaiye Dairesi Ba\u015fkanl\u0131\u011f\u0131 taraf\u0131ndan 2024 y\u0131l\u0131nda 64 bin ki\u015fiye temel yang\u0131n e\u011fitimi verilirken Bolu\u2019da ya\u015fanan facian\u0131n ard\u0131ndan kurumlardan gelen e\u011fitim taleplerin artmas\u0131yla birlikte bu y\u0131l\u0131n ilk \u00fc\u00e7 ay\u0131nda ge\u00e7en y\u0131l\u0131n rakamlar\u0131na yakla\u015f\u0131larak 62 bin 451 ki\u015fiye temel yang\u0131n e\u011fitimi verildi. Manisa [&hellip;]<\/p>\n","protected":false},"author":1,"featured_media":4984,"comment_status":"open","ping_status":"open","sticky":false,"template":"","format":"standard","meta":{"footnotes":""},"categories":[45],"tags":[],"class_list":["post-4983","post","type-post","status-publish","format-standard","has-post-thumbnail","hentry","category-gundem"],"yoast_head":"<!-- This site is optimized with the Yoast SEO plugin v27.4 - https:\/\/yoast.com\/product\/yoast-seo-wordpress\/ -->\n<title>Bolu\u2019daki otel yang\u0131n\u0131, yang\u0131n e\u011fitimlerine olan talebi art\u0131rd\u0131 - Memurun Sesi<\/title>\n<meta name=\"robots\" content=\"index, follow, max-snippet:-1, max-image-preview:large, max-video-preview:-1\" \/>\n<link rel=\"canonical\" href=\"https:\/\/memurunsesi.net\/index.php\/2025\/04\/08\/boludaki-otel-yangini-yangin-egitimlerine-olan-talebi-artirdi\/\" \/>\n<meta property=\"og:locale\" content=\"tr_TR\" \/>\n<meta property=\"og:type\" content=\"article\" \/>\n<meta property=\"og:title\" content=\"Bolu\u2019daki otel yang\u0131n\u0131, yang\u0131n e\u011fitimlerine olan talebi art\u0131rd\u0131 - Memurun Sesi\" \/>\n<meta property=\"og:description\" content=\"Manisa B\u00fcy\u00fck\u015fehir Belediyesi, Bolu\u2019da ya\u015fanan otel yang\u0131n\u0131 felaketi sonras\u0131nda temel yang\u0131n e\u011fitimlerinin say\u0131s\u0131n\u0131 artt\u0131rd\u0131. \u0130tfaiye Dairesi Ba\u015fkanl\u0131\u011f\u0131 taraf\u0131ndan 2024 y\u0131l\u0131nda 64 bin ki\u015fiye temel yang\u0131n e\u011fitimi verilirken Bolu\u2019da ya\u015fanan facian\u0131n ard\u0131ndan kurumlardan gelen e\u011fitim taleplerin artmas\u0131yla birlikte bu y\u0131l\u0131n ilk \u00fc\u00e7 ay\u0131nda ge\u00e7en y\u0131l\u0131n rakamlar\u0131na yakla\u015f\u0131larak 62 bin 451 ki\u015fiye temel yang\u0131n e\u011fitimi verildi. Manisa [&hellip;]\" \/>\n<meta property=\"og:url\" content=\"https:\/\/memurunsesi.net\/index.php\/2025\/04\/08\/boludaki-otel-yangini-yangin-egitimlerine-olan-talebi-artirdi\/\" \/>\n<meta property=\"og:site_name\" content=\"Memurun Sesi\" \/>\n<meta property=\"article:publisher\" content=\"https:\/\/www.facebook.com\/unipersen\/?locale=tr_TR\" \/>\n<meta property=\"article:published_time\" content=\"2025-04-08T10:26:42+00:00\" \/>\n<meta property=\"og:image\" content=\"https:\/\/memurunsesi.net\/wp-content\/uploads\/2025\/04\/AW427989_01.jpg\" \/>\n\t<meta property=\"og:image:width\" content=\"1600\" \/>\n\t<meta property=\"og:image:height\" content=\"1064\" \/>\n\t<meta property=\"og:image:type\" content=\"image\/jpeg\" \/>\n<meta name=\"author\" content=\"Memurun Sesi Haber Merkezi\" \/>\n<meta name=\"twitter:card\" content=\"summary_large_image\" \/>\n<meta name=\"twitter:creator\" content=\"@unipersen\" \/>\n<meta name=\"twitter:site\" content=\"@unipersen\" \/>\n<meta name=\"twitter:label1\" content=\"Yazan:\" \/>\n\t<meta name=\"twitter:data1\" content=\"Memurun Sesi Haber Merkezi\" \/>\n\t<meta name=\"twitter:label2\" content=\"Tahmini okuma s\u00fcresi\" \/>\n\t<meta name=\"twitter:data2\" content=\"2 dakika\" \/>\n<script type=\"application\/ld+json\" class=\"yoast-schema-graph\">{\"@context\":\"https:\\\/\\\/schema.org\",\"@graph\":[{\"@type\":\"Article\",\"@id\":\"https:\\\/\\\/memurunsesi.net\\\/index.php\\\/2025\\\/04\\\/08\\\/boludaki-otel-yangini-yangin-egitimlerine-olan-talebi-artirdi\\\/#article\",\"isPartOf\":{\"@id\":\"https:\\\/\\\/memurunsesi.net\\\/index.php\\\/2025\\\/04\\\/08\\\/boludaki-otel-yangini-yangin-egitimlerine-olan-talebi-artirdi\\\/\"},\"author\":{\"name\":\"Memurun Sesi Haber Merkezi\",\"@id\":\"https:\\\/\\\/memurunsesi.net\\\/#\\\/schema\\\/person\\\/f21c2d73b89f6ee1d80b0a1803e38587\"},\"headline\":\"Bolu\u2019daki otel yang\u0131n\u0131, yang\u0131n e\u011fitimlerine olan talebi art\u0131rd\u0131\",\"datePublished\":\"2025-04-08T10:26:42+00:00\",\"mainEntityOfPage\":{\"@id\":\"https:\\\/\\\/memurunsesi.net\\\/index.php\\\/2025\\\/04\\\/08\\\/boludaki-otel-yangini-yangin-egitimlerine-olan-talebi-artirdi\\\/\"},\"wordCount\":476,\"commentCount\":0,\"publisher\":{\"@id\":\"https:\\\/\\\/memurunsesi.net\\\/#organization\"},\"image\":{\"@id\":\"https:\\\/\\\/memurunsesi.net\\\/index.php\\\/2025\\\/04\\\/08\\\/boludaki-otel-yangini-yangin-egitimlerine-olan-talebi-artirdi\\\/#primaryimage\"},\"thumbnailUrl\":\"https:\\\/\\\/memurunsesi.net\\\/wp-content\\\/uploads\\\/2025\\\/04\\\/AW427989_01.jpg\",\"articleSection\":[\"G\u00fcndem\"],\"inLanguage\":\"tr\",\"potentialAction\":[{\"@type\":\"CommentAction\",\"name\":\"Comment\",\"target\":[\"https:\\\/\\\/memurunsesi.net\\\/index.php\\\/2025\\\/04\\\/08\\\/boludaki-otel-yangini-yangin-egitimlerine-olan-talebi-artirdi\\\/#respond\"]}]},{\"@type\":\"WebPage\",\"@id\":\"https:\\\/\\\/memurunsesi.net\\\/index.php\\\/2025\\\/04\\\/08\\\/boludaki-otel-yangini-yangin-egitimlerine-olan-talebi-artirdi\\\/\",\"url\":\"https:\\\/\\\/memurunsesi.net\\\/index.php\\\/2025\\\/04\\\/08\\\/boludaki-otel-yangini-yangin-egitimlerine-olan-talebi-artirdi\\\/\",\"name\":\"Bolu\u2019daki otel yang\u0131n\u0131, yang\u0131n e\u011fitimlerine olan talebi art\u0131rd\u0131 - Memurun Sesi\",\"isPartOf\":{\"@id\":\"https:\\\/\\\/memurunsesi.net\\\/#website\"},\"primaryImageOfPage\":{\"@id\":\"https:\\\/\\\/memurunsesi.net\\\/index.php\\\/2025\\\/04\\\/08\\\/boludaki-otel-yangini-yangin-egitimlerine-olan-talebi-artirdi\\\/#primaryimage\"},\"image\":{\"@id\":\"https:\\\/\\\/memurunsesi.net\\\/index.php\\\/2025\\\/04\\\/08\\\/boludaki-otel-yangini-yangin-egitimlerine-olan-talebi-artirdi\\\/#primaryimage\"},\"thumbnailUrl\":\"https:\\\/\\\/memurunsesi.net\\\/wp-content\\\/uploads\\\/2025\\\/04\\\/AW427989_01.jpg\",\"datePublished\":\"2025-04-08T10:26:42+00:00\",\"breadcrumb\":{\"@id\":\"https:\\\/\\\/memurunsesi.net\\\/index.php\\\/2025\\\/04\\\/08\\\/boludaki-otel-yangini-yangin-egitimlerine-olan-talebi-artirdi\\\/#breadcrumb\"},\"inLanguage\":\"tr\",\"potentialAction\":[{\"@type\":\"ReadAction\",\"target\":[\"https:\\\/\\\/memurunsesi.net\\\/index.php\\\/2025\\\/04\\\/08\\\/boludaki-otel-yangini-yangin-egitimlerine-olan-talebi-artirdi\\\/\"]}]},{\"@type\":\"ImageObject\",\"inLanguage\":\"tr\",\"@id\":\"https:\\\/\\\/memurunsesi.net\\\/index.php\\\/2025\\\/04\\\/08\\\/boludaki-otel-yangini-yangin-egitimlerine-olan-talebi-artirdi\\\/#primaryimage\",\"url\":\"https:\\\/\\\/memurunsesi.net\\\/wp-content\\\/uploads\\\/2025\\\/04\\\/AW427989_01.jpg\",\"contentUrl\":\"https:\\\/\\\/memurunsesi.net\\\/wp-content\\\/uploads\\\/2025\\\/04\\\/AW427989_01.jpg\",\"width\":1600,\"height\":1064,\"caption\":\"MAN\u0130SA B\u00dcY\u00dcK\u015eEH\u0130R BELED\u0130YES\u0130, BOLU'DA YA\u015eANAN OTEL YANGINI FELAKET\u0130 SONRASINDA TEMEL YANGIN E\u011e\u0130T\u0130MLER\u0130N\u0130N SAYISINI ARTTIRDI. \u0130TFA\u0130YE DA\u0130RES\u0130 BA\u015eKANLI\u011eI TARAFINDAN 2024 YILINDA 64 B\u0130N K\u0130\u015e\u0130YE TEMEL YANGIN E\u011e\u0130T\u0130M\u0130 VER\u0130L\u0130RKEN BOLU'DA YA\u015eANAN FAC\u0130ANIN ARDINDAN KURUMLARDAN GELEN E\u011e\u0130T\u0130M TALEPLER\u0130N ARTMASIYLA B\u0130RL\u0130KTE BU YILIN \u0130LK \u00dc\u00c7 AYINDA GE\u00c7EN YILIN RAKAMLARINA YAKLA\u015eILARAK 62 B\u0130N 451 K\u0130\u015e\u0130YE TEMEL YANGIN E\u011e\u0130T\u0130M\u0130 VER\u0130LD\u0130. (\u0130HA\\\/MAN\u0130SA-\u0130HA) Manisa B\u00fcy\u00fck\u015fehir Belediyesi, Bolu'da ya\u015fanan otel yang\u0131n\u0131 felaketi sonras\u0131nda temel yang\u0131n e\u011fitimlerinin say\u0131s\u0131n\u0131 artt\u0131rd\u0131. \u0130tfaiye Dairesi Ba\u015fkanl\u0131\u011f\u0131 taraf\u0131ndan 2024 y\u0131l\u0131nda 64 bin ki\u015fiye temel yang\u0131n e\u011fitimi verilirken Bolu'da ya\u015fanan facian\u0131n ard\u0131ndan kurumlardan gelen e\u011fitim taleplerin artmas\u0131yla birlikte bu y\u0131l\u0131n ilk \u00fc\u00e7 ay\u0131nda ge\u00e7en y\u0131l\u0131n rakamlar\u0131na yakla\u015f\u0131larak 62 bin 451 ki\u015fiye temel yang\u0131n e\u011fitimi verildi.\"},{\"@type\":\"BreadcrumbList\",\"@id\":\"https:\\\/\\\/memurunsesi.net\\\/index.php\\\/2025\\\/04\\\/08\\\/boludaki-otel-yangini-yangin-egitimlerine-olan-talebi-artirdi\\\/#breadcrumb\",\"itemListElement\":[{\"@type\":\"ListItem\",\"position\":1,\"name\":\"Anasayfa\",\"item\":\"https:\\\/\\\/memurunsesi.net\\\/\"},{\"@type\":\"ListItem\",\"position\":2,\"name\":\"Bolu\u2019daki otel yang\u0131n\u0131, yang\u0131n e\u011fitimlerine olan talebi art\u0131rd\u0131\"}]},{\"@type\":\"WebSite\",\"@id\":\"https:\\\/\\\/memurunsesi.net\\\/#website\",\"url\":\"https:\\\/\\\/memurunsesi.net\\\/\",\"name\":\"Memurun Sesi\",\"description\":\"G\u00fcncel ve Do\u011fru Haber\",\"publisher\":{\"@id\":\"https:\\\/\\\/memurunsesi.net\\\/#organization\"},\"potentialAction\":[{\"@type\":\"SearchAction\",\"target\":{\"@type\":\"EntryPoint\",\"urlTemplate\":\"https:\\\/\\\/memurunsesi.net\\\/?s={search_term_string}\"},\"query-input\":{\"@type\":\"PropertyValueSpecification\",\"valueRequired\":true,\"valueName\":\"search_term_string\"}}],\"inLanguage\":\"tr\"},{\"@type\":\"Organization\",\"@id\":\"https:\\\/\\\/memurunsesi.net\\\/#organization\",\"name\":\"Memurun Sesi\",\"url\":\"https:\\\/\\\/memurunsesi.net\\\/\",\"logo\":{\"@type\":\"ImageObject\",\"inLanguage\":\"tr\",\"@id\":\"https:\\\/\\\/memurunsesi.net\\\/#\\\/schema\\\/logo\\\/image\\\/\",\"url\":\"https:\\\/\\\/memurunsesi.net\\\/wp-content\\\/uploads\\\/2025\\\/11\\\/cropped-MEMURUN-SESI.png\",\"contentUrl\":\"https:\\\/\\\/memurunsesi.net\\\/wp-content\\\/uploads\\\/2025\\\/11\\\/cropped-MEMURUN-SESI.png\",\"width\":238,\"height\":57,\"caption\":\"Memurun Sesi\"},\"image\":{\"@id\":\"https:\\\/\\\/memurunsesi.net\\\/#\\\/schema\\\/logo\\\/image\\\/\"},\"sameAs\":[\"https:\\\/\\\/www.facebook.com\\\/unipersen\\\/?locale=tr_TR\",\"https:\\\/\\\/x.com\\\/unipersen\"]},{\"@type\":\"Person\",\"@id\":\"https:\\\/\\\/memurunsesi.net\\\/#\\\/schema\\\/person\\\/f21c2d73b89f6ee1d80b0a1803e38587\",\"name\":\"Memurun Sesi Haber Merkezi\",\"image\":{\"@type\":\"ImageObject\",\"inLanguage\":\"tr\",\"@id\":\"https:\\\/\\\/secure.gravatar.com\\\/avatar\\\/6cf0505f452ee753f485014986fab09a434671d2b919ee76fc541025c5876a70?s=96&d=mm&r=g\",\"url\":\"https:\\\/\\\/secure.gravatar.com\\\/avatar\\\/6cf0505f452ee753f485014986fab09a434671d2b919ee76fc541025c5876a70?s=96&d=mm&r=g\",\"contentUrl\":\"https:\\\/\\\/secure.gravatar.com\\\/avatar\\\/6cf0505f452ee753f485014986fab09a434671d2b919ee76fc541025c5876a70?s=96&d=mm&r=g\",\"caption\":\"Memurun Sesi Haber Merkezi\"},\"sameAs\":[\"https:\\\/\\\/memurunsesi.net\"],\"url\":\"https:\\\/\\\/memurunsesi.net\\\/index.php\\\/author\\\/uniper\\\/\"}]}<\/script>\n<!-- \/ Yoast SEO plugin. -->","yoast_head_json":{"title":"Bolu\u2019daki otel yang\u0131n\u0131, yang\u0131n e\u011fitimlerine olan talebi art\u0131rd\u0131 - Memurun Sesi","robots":{"index":"index","follow":"follow","max-snippet":"max-snippet:-1","max-image-preview":"max-image-preview:large","max-video-preview":"max-video-preview:-1"},"canonical":"https:\/\/memurunsesi.net\/index.php\/2025\/04\/08\/boludaki-otel-yangini-yangin-egitimlerine-olan-talebi-artirdi\/","og_locale":"tr_TR","og_type":"article","og_title":"Bolu\u2019daki otel yang\u0131n\u0131, yang\u0131n e\u011fitimlerine olan talebi art\u0131rd\u0131 - Memurun Sesi","og_description":"Manisa B\u00fcy\u00fck\u015fehir Belediyesi, Bolu\u2019da ya\u015fanan otel yang\u0131n\u0131 felaketi sonras\u0131nda temel yang\u0131n e\u011fitimlerinin say\u0131s\u0131n\u0131 artt\u0131rd\u0131. \u0130tfaiye Dairesi Ba\u015fkanl\u0131\u011f\u0131 taraf\u0131ndan 2024 y\u0131l\u0131nda 64 bin ki\u015fiye temel yang\u0131n e\u011fitimi verilirken Bolu\u2019da ya\u015fanan facian\u0131n ard\u0131ndan kurumlardan gelen e\u011fitim taleplerin artmas\u0131yla birlikte bu y\u0131l\u0131n ilk \u00fc\u00e7 ay\u0131nda ge\u00e7en y\u0131l\u0131n rakamlar\u0131na yakla\u015f\u0131larak 62 bin 451 ki\u015fiye temel yang\u0131n e\u011fitimi verildi. Manisa [&hellip;]","og_url":"https:\/\/memurunsesi.net\/index.php\/2025\/04\/08\/boludaki-otel-yangini-yangin-egitimlerine-olan-talebi-artirdi\/","og_site_name":"Memurun Sesi","article_publisher":"https:\/\/www.facebook.com\/unipersen\/?locale=tr_TR","article_published_time":"2025-04-08T10:26:42+00:00","og_image":[{"width":1600,"height":1064,"url":"https:\/\/memurunsesi.net\/wp-content\/uploads\/2025\/04\/AW427989_01.jpg","type":"image\/jpeg"}],"author":"Memurun Sesi Haber Merkezi","twitter_card":"summary_large_image","twitter_creator":"@unipersen","twitter_site":"@unipersen","twitter_misc":{"Yazan:":"Memurun Sesi Haber Merkezi","Tahmini okuma s\u00fcresi":"2 dakika"},"schema":{"@context":"https:\/\/schema.org","@graph":[{"@type":"Article","@id":"https:\/\/memurunsesi.net\/index.php\/2025\/04\/08\/boludaki-otel-yangini-yangin-egitimlerine-olan-talebi-artirdi\/#article","isPartOf":{"@id":"https:\/\/memurunsesi.net\/index.php\/2025\/04\/08\/boludaki-otel-yangini-yangin-egitimlerine-olan-talebi-artirdi\/"},"author":{"name":"Memurun Sesi Haber Merkezi","@id":"https:\/\/memurunsesi.net\/#\/schema\/person\/f21c2d73b89f6ee1d80b0a1803e38587"},"headline":"Bolu\u2019daki otel yang\u0131n\u0131, yang\u0131n e\u011fitimlerine olan talebi art\u0131rd\u0131","datePublished":"2025-04-08T10:26:42+00:00","mainEntityOfPage":{"@id":"https:\/\/memurunsesi.net\/index.php\/2025\/04\/08\/boludaki-otel-yangini-yangin-egitimlerine-olan-talebi-artirdi\/"},"wordCount":476,"commentCount":0,"publisher":{"@id":"https:\/\/memurunsesi.net\/#organization"},"image":{"@id":"https:\/\/memurunsesi.net\/index.php\/2025\/04\/08\/boludaki-otel-yangini-yangin-egitimlerine-olan-talebi-artirdi\/#primaryimage"},"thumbnailUrl":"https:\/\/memurunsesi.net\/wp-content\/uploads\/2025\/04\/AW427989_01.jpg","articleSection":["G\u00fcndem"],"inLanguage":"tr","potentialAction":[{"@type":"CommentAction","name":"Comment","target":["https:\/\/memurunsesi.net\/index.php\/2025\/04\/08\/boludaki-otel-yangini-yangin-egitimlerine-olan-talebi-artirdi\/#respond"]}]},{"@type":"WebPage","@id":"https:\/\/memurunsesi.net\/index.php\/2025\/04\/08\/boludaki-otel-yangini-yangin-egitimlerine-olan-talebi-artirdi\/","url":"https:\/\/memurunsesi.net\/index.php\/2025\/04\/08\/boludaki-otel-yangini-yangin-egitimlerine-olan-talebi-artirdi\/","name":"Bolu\u2019daki otel yang\u0131n\u0131, yang\u0131n e\u011fitimlerine olan talebi art\u0131rd\u0131 - Memurun Sesi","isPartOf":{"@id":"https:\/\/memurunsesi.net\/#website"},"primaryImageOfPage":{"@id":"https:\/\/memurunsesi.net\/index.php\/2025\/04\/08\/boludaki-otel-yangini-yangin-egitimlerine-olan-talebi-artirdi\/#primaryimage"},"image":{"@id":"https:\/\/memurunsesi.net\/index.php\/2025\/04\/08\/boludaki-otel-yangini-yangin-egitimlerine-olan-talebi-artirdi\/#primaryimage"},"thumbnailUrl":"https:\/\/memurunsesi.net\/wp-content\/uploads\/2025\/04\/AW427989_01.jpg","datePublished":"2025-04-08T10:26:42+00:00","breadcrumb":{"@id":"https:\/\/memurunsesi.net\/index.php\/2025\/04\/08\/boludaki-otel-yangini-yangin-egitimlerine-olan-talebi-artirdi\/#breadcrumb"},"inLanguage":"tr","potentialAction":[{"@type":"ReadAction","target":["https:\/\/memurunsesi.net\/index.php\/2025\/04\/08\/boludaki-otel-yangini-yangin-egitimlerine-olan-talebi-artirdi\/"]}]},{"@type":"ImageObject","inLanguage":"tr","@id":"https:\/\/memurunsesi.net\/index.php\/2025\/04\/08\/boludaki-otel-yangini-yangin-egitimlerine-olan-talebi-artirdi\/#primaryimage","url":"https:\/\/memurunsesi.net\/wp-content\/uploads\/2025\/04\/AW427989_01.jpg","contentUrl":"https:\/\/memurunsesi.net\/wp-content\/uploads\/2025\/04\/AW427989_01.jpg","width":1600,"height":1064,"caption":"MAN\u0130SA B\u00dcY\u00dcK\u015eEH\u0130R BELED\u0130YES\u0130, BOLU'DA YA\u015eANAN OTEL YANGINI FELAKET\u0130 SONRASINDA TEMEL YANGIN E\u011e\u0130T\u0130MLER\u0130N\u0130N SAYISINI ARTTIRDI. \u0130TFA\u0130YE DA\u0130RES\u0130 BA\u015eKANLI\u011eI TARAFINDAN 2024 YILINDA 64 B\u0130N K\u0130\u015e\u0130YE TEMEL YANGIN E\u011e\u0130T\u0130M\u0130 VER\u0130L\u0130RKEN BOLU'DA YA\u015eANAN FAC\u0130ANIN ARDINDAN KURUMLARDAN GELEN E\u011e\u0130T\u0130M TALEPLER\u0130N ARTMASIYLA B\u0130RL\u0130KTE BU YILIN \u0130LK \u00dc\u00c7 AYINDA GE\u00c7EN YILIN RAKAMLARINA YAKLA\u015eILARAK 62 B\u0130N 451 K\u0130\u015e\u0130YE TEMEL YANGIN E\u011e\u0130T\u0130M\u0130 VER\u0130LD\u0130. (\u0130HA\/MAN\u0130SA-\u0130HA) Manisa B\u00fcy\u00fck\u015fehir Belediyesi, Bolu'da ya\u015fanan otel yang\u0131n\u0131 felaketi sonras\u0131nda temel yang\u0131n e\u011fitimlerinin say\u0131s\u0131n\u0131 artt\u0131rd\u0131. \u0130tfaiye Dairesi Ba\u015fkanl\u0131\u011f\u0131 taraf\u0131ndan 2024 y\u0131l\u0131nda 64 bin ki\u015fiye temel yang\u0131n e\u011fitimi verilirken Bolu'da ya\u015fanan facian\u0131n ard\u0131ndan kurumlardan gelen e\u011fitim taleplerin artmas\u0131yla birlikte bu y\u0131l\u0131n ilk \u00fc\u00e7 ay\u0131nda ge\u00e7en y\u0131l\u0131n rakamlar\u0131na yakla\u015f\u0131larak 62 bin 451 ki\u015fiye temel yang\u0131n e\u011fitimi verildi."},{"@type":"BreadcrumbList","@id":"https:\/\/memurunsesi.net\/index.php\/2025\/04\/08\/boludaki-otel-yangini-yangin-egitimlerine-olan-talebi-artirdi\/#breadcrumb","itemListElement":[{"@type":"ListItem","position":1,"name":"Anasayfa","item":"https:\/\/memurunsesi.net\/"},{"@type":"ListItem","position":2,"name":"Bolu\u2019daki otel yang\u0131n\u0131, yang\u0131n e\u011fitimlerine olan talebi art\u0131rd\u0131"}]},{"@type":"WebSite","@id":"https:\/\/memurunsesi.net\/#website","url":"https:\/\/memurunsesi.net\/","name":"Memurun Sesi","description":"G\u00fcncel ve Do\u011fru Haber","publisher":{"@id":"https:\/\/memurunsesi.net\/#organization"},"potentialAction":[{"@type":"SearchAction","target":{"@type":"EntryPoint","urlTemplate":"https:\/\/memurunsesi.net\/?s={search_term_string}"},"query-input":{"@type":"PropertyValueSpecification","valueRequired":true,"valueName":"search_term_string"}}],"inLanguage":"tr"},{"@type":"Organization","@id":"https:\/\/memurunsesi.net\/#organization","name":"Memurun Sesi","url":"https:\/\/memurunsesi.net\/","logo":{"@type":"ImageObject","inLanguage":"tr","@id":"https:\/\/memurunsesi.net\/#\/schema\/logo\/image\/","url":"https:\/\/memurunsesi.net\/wp-content\/uploads\/2025\/11\/cropped-MEMURUN-SESI.png","contentUrl":"https:\/\/memurunsesi.net\/wp-content\/uploads\/2025\/11\/cropped-MEMURUN-SESI.png","width":238,"height":57,"caption":"Memurun Sesi"},"image":{"@id":"https:\/\/memurunsesi.net\/#\/schema\/logo\/image\/"},"sameAs":["https:\/\/www.facebook.com\/unipersen\/?locale=tr_TR","https:\/\/x.com\/unipersen"]},{"@type":"Person","@id":"https:\/\/memurunsesi.net\/#\/schema\/person\/f21c2d73b89f6ee1d80b0a1803e38587","name":"Memurun Sesi Haber Merkezi","image":{"@type":"ImageObject","inLanguage":"tr","@id":"https:\/\/secure.gravatar.com\/avatar\/6cf0505f452ee753f485014986fab09a434671d2b919ee76fc541025c5876a70?s=96&d=mm&r=g","url":"https:\/\/secure.gravatar.com\/avatar\/6cf0505f452ee753f485014986fab09a434671d2b919ee76fc541025c5876a70?s=96&d=mm&r=g","contentUrl":"https:\/\/secure.gravatar.com\/avatar\/6cf0505f452ee753f485014986fab09a434671d2b919ee76fc541025c5876a70?s=96&d=mm&r=g","caption":"Memurun Sesi Haber Merkezi"},"sameAs":["https:\/\/memurunsesi.net"],"url":"https:\/\/memurunsesi.net\/index.php\/author\/uniper\/"}]}},"_links":{"self":[{"href":"https:\/\/memurunsesi.net\/index.php\/wp-json\/wp\/v2\/posts\/4983","targetHints":{"allow":["GET"]}}],"collection":[{"href":"https:\/\/memurunsesi.net\/index.php\/wp-json\/wp\/v2\/posts"}],"about":[{"href":"https:\/\/memurunsesi.net\/index.php\/wp-json\/wp\/v2\/types\/post"}],"author":[{"embeddable":true,"href":"https:\/\/memurunsesi.net\/index.php\/wp-json\/wp\/v2\/users\/1"}],"replies":[{"embeddable":true,"href":"https:\/\/memurunsesi.net\/index.php\/wp-json\/wp\/v2\/comments?post=4983"}],"version-history":[{"count":1,"href":"https:\/\/memurunsesi.net\/index.php\/wp-json\/wp\/v2\/posts\/4983\/revisions"}],"predecessor-version":[{"id":4985,"href":"https:\/\/memurunsesi.net\/index.php\/wp-json\/wp\/v2\/posts\/4983\/revisions\/4985"}],"wp:featuredmedia":[{"embeddable":true,"href":"https:\/\/memurunsesi.net\/index.php\/wp-json\/wp\/v2\/media\/4984"}],"wp:attachment":[{"href":"https:\/\/memurunsesi.net\/index.php\/wp-json\/wp\/v2\/media?parent=4983"}],"wp:term":[{"taxonomy":"category","embeddable":true,"href":"https:\/\/memurunsesi.net\/index.php\/wp-json\/wp\/v2\/categories?post=4983"},{"taxonomy":"post_tag","embeddable":true,"href":"https:\/\/memurunsesi.net\/index.php\/wp-json\/wp\/v2\/tags?post=4983"}],"curies":[{"name":"wp","href":"https:\/\/api.w.org\/{rel}","templated":true}]}}