{"id":4986,"date":"2025-04-08T13:39:46","date_gmt":"2025-04-08T10:39:46","guid":{"rendered":"https:\/\/memurunsesi.net\/?p=4986"},"modified":"2025-04-08T13:39:54","modified_gmt":"2025-04-08T10:39:54","slug":"vanda-silahli-saldiri-1-kisi-hayatini-kaybetti","status":"publish","type":"post","link":"https:\/\/memurunsesi.net\/index.php\/2025\/04\/08\/vanda-silahli-saldiri-1-kisi-hayatini-kaybetti\/","title":{"rendered":"Van\u2019da silahl\u0131 sald\u0131r\u0131: 1 ki\u015fi hayat\u0131n\u0131 kaybetti"},"content":{"rendered":"<p>Van\u2019\u0131n \u0130pekyolu il\u00e7esinde sabah saatlerinde meydana gelen silahl\u0131 sald\u0131r\u0131da 53 ya\u015f\u0131ndaki F.K. hayat\u0131n\u0131 kaybetti.<br \/>\nEdinilen bilgilere g\u00f6re, sabah saatlerinde \u0130pekyolu il\u00e7esine ba\u011fl\u0131 Esenler Mahallesi\u2019nde bulunan bir taziye evi yak\u0131nlar\u0131nda 53 ya\u015f\u0131ndaki F.K., evinden \u00e7\u0131kt\u0131\u011f\u0131 s\u0131rada silahl\u0131 sald\u0131r\u0131ya u\u011frad\u0131.<br \/>\nHen\u00fcz bilinmeyen bir nedenle hedef al\u0131nd\u0131\u011f\u0131 belirtilen F.K., ba\u015f\u0131ndan a\u011f\u0131r yaraland\u0131. Olay\u0131n ard\u0131ndan b\u00f6lgeye \u00e7ok say\u0131da polis ve sa\u011fl\u0131k ekibi sevk edildi.<br \/>\nSa\u011fl\u0131k ekiplerinin olay yerindeki t\u00fcm m\u00fcdahalelerine ra\u011fmen kurtar\u0131lamayan F.K., hayat\u0131n\u0131 kaybetti. Cenazesi, otopsi yap\u0131lmak \u00fczere Van Adli T\u0131p Kurumu\u2019na kald\u0131r\u0131ld\u0131.<br \/>\nPolis ekipleri olay yerinde geni\u015f g\u00fcvenlik \u00f6nlemleri al\u0131rken, sald\u0131rgan ya da sald\u0131rganlar\u0131n yakalanmas\u0131 i\u00e7in \u00e7al\u0131\u015fma ba\u015flat\u0131ld\u0131. Olayla ilgili soru\u015fturma devam ediyor.<\/p>\n<p>8.04.2025<\/p>\n","protected":false},"excerpt":{"rendered":"<p>Van\u2019\u0131n \u0130pekyolu il\u00e7esinde sabah saatlerinde meydana gelen silahl\u0131 sald\u0131r\u0131da 53 ya\u015f\u0131ndaki F.K. hayat\u0131n\u0131 kaybetti. Edinilen bilgilere g\u00f6re, sabah saatlerinde \u0130pekyolu il\u00e7esine ba\u011fl\u0131 Esenler Mahallesi\u2019nde bulunan bir taziye evi yak\u0131nlar\u0131nda 53 ya\u015f\u0131ndaki F.K., evinden \u00e7\u0131kt\u0131\u011f\u0131 s\u0131rada silahl\u0131 sald\u0131r\u0131ya u\u011frad\u0131. Hen\u00fcz bilinmeyen bir nedenle hedef al\u0131nd\u0131\u011f\u0131 belirtilen F.K., ba\u015f\u0131ndan a\u011f\u0131r yaraland\u0131. Olay\u0131n ard\u0131ndan b\u00f6lgeye \u00e7ok say\u0131da polis [&hellip;]<\/p>\n","protected":false},"author":1,"featured_media":4987,"comment_status":"open","ping_status":"open","sticky":false,"template":"","format":"standard","meta":{"footnotes":""},"categories":[1],"tags":[],"class_list":["post-4986","post","type-post","status-publish","format-standard","has-post-thumbnail","hentry","category-genel"],"yoast_head":"<!-- This site is optimized with the Yoast SEO plugin v27.4 - https:\/\/yoast.com\/product\/yoast-seo-wordpress\/ -->\n<title>Van\u2019da silahl\u0131 sald\u0131r\u0131: 1 ki\u015fi hayat\u0131n\u0131 kaybetti - Memurun Sesi<\/title>\n<meta name=\"robots\" content=\"index, follow, max-snippet:-1, max-image-preview:large, max-video-preview:-1\" \/>\n<link rel=\"canonical\" href=\"https:\/\/memurunsesi.net\/index.php\/2025\/04\/08\/vanda-silahli-saldiri-1-kisi-hayatini-kaybetti\/\" \/>\n<meta property=\"og:locale\" content=\"tr_TR\" \/>\n<meta property=\"og:type\" content=\"article\" \/>\n<meta property=\"og:title\" content=\"Van\u2019da silahl\u0131 sald\u0131r\u0131: 1 ki\u015fi hayat\u0131n\u0131 kaybetti - Memurun Sesi\" \/>\n<meta property=\"og:description\" content=\"Van\u2019\u0131n \u0130pekyolu il\u00e7esinde sabah saatlerinde meydana gelen silahl\u0131 sald\u0131r\u0131da 53 ya\u015f\u0131ndaki F.K. hayat\u0131n\u0131 kaybetti. Edinilen bilgilere g\u00f6re, sabah saatlerinde \u0130pekyolu il\u00e7esine ba\u011fl\u0131 Esenler Mahallesi\u2019nde bulunan bir taziye evi yak\u0131nlar\u0131nda 53 ya\u015f\u0131ndaki F.K., evinden \u00e7\u0131kt\u0131\u011f\u0131 s\u0131rada silahl\u0131 sald\u0131r\u0131ya u\u011frad\u0131. Hen\u00fcz bilinmeyen bir nedenle hedef al\u0131nd\u0131\u011f\u0131 belirtilen F.K., ba\u015f\u0131ndan a\u011f\u0131r yaraland\u0131. Olay\u0131n ard\u0131ndan b\u00f6lgeye \u00e7ok say\u0131da polis [&hellip;]\" \/>\n<meta property=\"og:url\" content=\"https:\/\/memurunsesi.net\/index.php\/2025\/04\/08\/vanda-silahli-saldiri-1-kisi-hayatini-kaybetti\/\" \/>\n<meta property=\"og:site_name\" content=\"Memurun Sesi\" \/>\n<meta property=\"article:publisher\" content=\"https:\/\/www.facebook.com\/unipersen\/?locale=tr_TR\" \/>\n<meta property=\"article:published_time\" content=\"2025-04-08T10:39:46+00:00\" \/>\n<meta property=\"article:modified_time\" content=\"2025-04-08T10:39:54+00:00\" \/>\n<meta property=\"og:image\" content=\"https:\/\/memurunsesi.net\/wp-content\/uploads\/2025\/04\/AW428006_01.jpg\" \/>\n\t<meta property=\"og:image:width\" content=\"1200\" \/>\n\t<meta property=\"og:image:height\" content=\"975\" \/>\n\t<meta property=\"og:image:type\" content=\"image\/jpeg\" \/>\n<meta name=\"author\" content=\"Memurun Sesi Haber Merkezi\" \/>\n<meta name=\"twitter:card\" content=\"summary_large_image\" \/>\n<meta name=\"twitter:creator\" content=\"@unipersen\" \/>\n<meta name=\"twitter:site\" content=\"@unipersen\" \/>\n<meta name=\"twitter:label1\" content=\"Yazan:\" \/>\n\t<meta name=\"twitter:data1\" content=\"Memurun Sesi Haber Merkezi\" \/>\n\t<meta name=\"twitter:label2\" content=\"Tahmini okuma s\u00fcresi\" \/>\n\t<meta name=\"twitter:data2\" content=\"1 dakika\" \/>\n<script type=\"application\/ld+json\" class=\"yoast-schema-graph\">{\"@context\":\"https:\\\/\\\/schema.org\",\"@graph\":[{\"@type\":\"Article\",\"@id\":\"https:\\\/\\\/memurunsesi.net\\\/index.php\\\/2025\\\/04\\\/08\\\/vanda-silahli-saldiri-1-kisi-hayatini-kaybetti\\\/#article\",\"isPartOf\":{\"@id\":\"https:\\\/\\\/memurunsesi.net\\\/index.php\\\/2025\\\/04\\\/08\\\/vanda-silahli-saldiri-1-kisi-hayatini-kaybetti\\\/\"},\"author\":{\"name\":\"Memurun Sesi Haber Merkezi\",\"@id\":\"https:\\\/\\\/memurunsesi.net\\\/#\\\/schema\\\/person\\\/f21c2d73b89f6ee1d80b0a1803e38587\"},\"headline\":\"Van\u2019da silahl\u0131 sald\u0131r\u0131: 1 ki\u015fi hayat\u0131n\u0131 kaybetti\",\"datePublished\":\"2025-04-08T10:39:46+00:00\",\"dateModified\":\"2025-04-08T10:39:54+00:00\",\"mainEntityOfPage\":{\"@id\":\"https:\\\/\\\/memurunsesi.net\\\/index.php\\\/2025\\\/04\\\/08\\\/vanda-silahli-saldiri-1-kisi-hayatini-kaybetti\\\/\"},\"wordCount\":162,\"commentCount\":0,\"publisher\":{\"@id\":\"https:\\\/\\\/memurunsesi.net\\\/#organization\"},\"image\":{\"@id\":\"https:\\\/\\\/memurunsesi.net\\\/index.php\\\/2025\\\/04\\\/08\\\/vanda-silahli-saldiri-1-kisi-hayatini-kaybetti\\\/#primaryimage\"},\"thumbnailUrl\":\"https:\\\/\\\/memurunsesi.net\\\/wp-content\\\/uploads\\\/2025\\\/04\\\/AW428006_01.jpg\",\"inLanguage\":\"tr\",\"potentialAction\":[{\"@type\":\"CommentAction\",\"name\":\"Comment\",\"target\":[\"https:\\\/\\\/memurunsesi.net\\\/index.php\\\/2025\\\/04\\\/08\\\/vanda-silahli-saldiri-1-kisi-hayatini-kaybetti\\\/#respond\"]}]},{\"@type\":\"WebPage\",\"@id\":\"https:\\\/\\\/memurunsesi.net\\\/index.php\\\/2025\\\/04\\\/08\\\/vanda-silahli-saldiri-1-kisi-hayatini-kaybetti\\\/\",\"url\":\"https:\\\/\\\/memurunsesi.net\\\/index.php\\\/2025\\\/04\\\/08\\\/vanda-silahli-saldiri-1-kisi-hayatini-kaybetti\\\/\",\"name\":\"Van\u2019da silahl\u0131 sald\u0131r\u0131: 1 ki\u015fi hayat\u0131n\u0131 kaybetti - Memurun Sesi\",\"isPartOf\":{\"@id\":\"https:\\\/\\\/memurunsesi.net\\\/#website\"},\"primaryImageOfPage\":{\"@id\":\"https:\\\/\\\/memurunsesi.net\\\/index.php\\\/2025\\\/04\\\/08\\\/vanda-silahli-saldiri-1-kisi-hayatini-kaybetti\\\/#primaryimage\"},\"image\":{\"@id\":\"https:\\\/\\\/memurunsesi.net\\\/index.php\\\/2025\\\/04\\\/08\\\/vanda-silahli-saldiri-1-kisi-hayatini-kaybetti\\\/#primaryimage\"},\"thumbnailUrl\":\"https:\\\/\\\/memurunsesi.net\\\/wp-content\\\/uploads\\\/2025\\\/04\\\/AW428006_01.jpg\",\"datePublished\":\"2025-04-08T10:39:46+00:00\",\"dateModified\":\"2025-04-08T10:39:54+00:00\",\"breadcrumb\":{\"@id\":\"https:\\\/\\\/memurunsesi.net\\\/index.php\\\/2025\\\/04\\\/08\\\/vanda-silahli-saldiri-1-kisi-hayatini-kaybetti\\\/#breadcrumb\"},\"inLanguage\":\"tr\",\"potentialAction\":[{\"@type\":\"ReadAction\",\"target\":[\"https:\\\/\\\/memurunsesi.net\\\/index.php\\\/2025\\\/04\\\/08\\\/vanda-silahli-saldiri-1-kisi-hayatini-kaybetti\\\/\"]}]},{\"@type\":\"ImageObject\",\"inLanguage\":\"tr\",\"@id\":\"https:\\\/\\\/memurunsesi.net\\\/index.php\\\/2025\\\/04\\\/08\\\/vanda-silahli-saldiri-1-kisi-hayatini-kaybetti\\\/#primaryimage\",\"url\":\"https:\\\/\\\/memurunsesi.net\\\/wp-content\\\/uploads\\\/2025\\\/04\\\/AW428006_01.jpg\",\"contentUrl\":\"https:\\\/\\\/memurunsesi.net\\\/wp-content\\\/uploads\\\/2025\\\/04\\\/AW428006_01.jpg\",\"width\":1200,\"height\":975,\"caption\":\"VAN'IN \u0130PEKYOLU \u0130L\u00c7ES\u0130NDE SABAH SAATLER\u0130NDE MEYDANA GELEN S\u0130LAHLI SALDIRIDA 53 YA\u015eINDAK\u0130 F.K. HAYATINI KAYBETT\u0130. (YILMAZ S\u00d6NMEZ\\\/VAN-\u0130HA) Van'\u0131n \u0130pekyolu il\u00e7esinde sabah saatlerinde meydana gelen silahl\u0131 sald\u0131r\u0131da 53 ya\u015f\u0131ndaki F.K. hayat\u0131n\u0131 kaybetti.\"},{\"@type\":\"BreadcrumbList\",\"@id\":\"https:\\\/\\\/memurunsesi.net\\\/index.php\\\/2025\\\/04\\\/08\\\/vanda-silahli-saldiri-1-kisi-hayatini-kaybetti\\\/#breadcrumb\",\"itemListElement\":[{\"@type\":\"ListItem\",\"position\":1,\"name\":\"Anasayfa\",\"item\":\"https:\\\/\\\/memurunsesi.net\\\/\"},{\"@type\":\"ListItem\",\"position\":2,\"name\":\"Van\u2019da silahl\u0131 sald\u0131r\u0131: 1 ki\u015fi hayat\u0131n\u0131 kaybetti\"}]},{\"@type\":\"WebSite\",\"@id\":\"https:\\\/\\\/memurunsesi.net\\\/#website\",\"url\":\"https:\\\/\\\/memurunsesi.net\\\/\",\"name\":\"Memurun Sesi\",\"description\":\"G\u00fcncel ve Do\u011fru Haber\",\"publisher\":{\"@id\":\"https:\\\/\\\/memurunsesi.net\\\/#organization\"},\"potentialAction\":[{\"@type\":\"SearchAction\",\"target\":{\"@type\":\"EntryPoint\",\"urlTemplate\":\"https:\\\/\\\/memurunsesi.net\\\/?s={search_term_string}\"},\"query-input\":{\"@type\":\"PropertyValueSpecification\",\"valueRequired\":true,\"valueName\":\"search_term_string\"}}],\"inLanguage\":\"tr\"},{\"@type\":\"Organization\",\"@id\":\"https:\\\/\\\/memurunsesi.net\\\/#organization\",\"name\":\"Memurun Sesi\",\"url\":\"https:\\\/\\\/memurunsesi.net\\\/\",\"logo\":{\"@type\":\"ImageObject\",\"inLanguage\":\"tr\",\"@id\":\"https:\\\/\\\/memurunsesi.net\\\/#\\\/schema\\\/logo\\\/image\\\/\",\"url\":\"https:\\\/\\\/memurunsesi.net\\\/wp-content\\\/uploads\\\/2025\\\/11\\\/cropped-MEMURUN-SESI.png\",\"contentUrl\":\"https:\\\/\\\/memurunsesi.net\\\/wp-content\\\/uploads\\\/2025\\\/11\\\/cropped-MEMURUN-SESI.png\",\"width\":238,\"height\":57,\"caption\":\"Memurun Sesi\"},\"image\":{\"@id\":\"https:\\\/\\\/memurunsesi.net\\\/#\\\/schema\\\/logo\\\/image\\\/\"},\"sameAs\":[\"https:\\\/\\\/www.facebook.com\\\/unipersen\\\/?locale=tr_TR\",\"https:\\\/\\\/x.com\\\/unipersen\"]},{\"@type\":\"Person\",\"@id\":\"https:\\\/\\\/memurunsesi.net\\\/#\\\/schema\\\/person\\\/f21c2d73b89f6ee1d80b0a1803e38587\",\"name\":\"Memurun Sesi Haber Merkezi\",\"image\":{\"@type\":\"ImageObject\",\"inLanguage\":\"tr\",\"@id\":\"https:\\\/\\\/secure.gravatar.com\\\/avatar\\\/6cf0505f452ee753f485014986fab09a434671d2b919ee76fc541025c5876a70?s=96&d=mm&r=g\",\"url\":\"https:\\\/\\\/secure.gravatar.com\\\/avatar\\\/6cf0505f452ee753f485014986fab09a434671d2b919ee76fc541025c5876a70?s=96&d=mm&r=g\",\"contentUrl\":\"https:\\\/\\\/secure.gravatar.com\\\/avatar\\\/6cf0505f452ee753f485014986fab09a434671d2b919ee76fc541025c5876a70?s=96&d=mm&r=g\",\"caption\":\"Memurun Sesi Haber Merkezi\"},\"sameAs\":[\"https:\\\/\\\/memurunsesi.net\"],\"url\":\"https:\\\/\\\/memurunsesi.net\\\/index.php\\\/author\\\/uniper\\\/\"}]}<\/script>\n<!-- \/ Yoast SEO plugin. -->","yoast_head_json":{"title":"Van\u2019da silahl\u0131 sald\u0131r\u0131: 1 ki\u015fi hayat\u0131n\u0131 kaybetti - Memurun Sesi","robots":{"index":"index","follow":"follow","max-snippet":"max-snippet:-1","max-image-preview":"max-image-preview:large","max-video-preview":"max-video-preview:-1"},"canonical":"https:\/\/memurunsesi.net\/index.php\/2025\/04\/08\/vanda-silahli-saldiri-1-kisi-hayatini-kaybetti\/","og_locale":"tr_TR","og_type":"article","og_title":"Van\u2019da silahl\u0131 sald\u0131r\u0131: 1 ki\u015fi hayat\u0131n\u0131 kaybetti - Memurun Sesi","og_description":"Van\u2019\u0131n \u0130pekyolu il\u00e7esinde sabah saatlerinde meydana gelen silahl\u0131 sald\u0131r\u0131da 53 ya\u015f\u0131ndaki F.K. hayat\u0131n\u0131 kaybetti. Edinilen bilgilere g\u00f6re, sabah saatlerinde \u0130pekyolu il\u00e7esine ba\u011fl\u0131 Esenler Mahallesi\u2019nde bulunan bir taziye evi yak\u0131nlar\u0131nda 53 ya\u015f\u0131ndaki F.K., evinden \u00e7\u0131kt\u0131\u011f\u0131 s\u0131rada silahl\u0131 sald\u0131r\u0131ya u\u011frad\u0131. Hen\u00fcz bilinmeyen bir nedenle hedef al\u0131nd\u0131\u011f\u0131 belirtilen F.K., ba\u015f\u0131ndan a\u011f\u0131r yaraland\u0131. Olay\u0131n ard\u0131ndan b\u00f6lgeye \u00e7ok say\u0131da polis [&hellip;]","og_url":"https:\/\/memurunsesi.net\/index.php\/2025\/04\/08\/vanda-silahli-saldiri-1-kisi-hayatini-kaybetti\/","og_site_name":"Memurun Sesi","article_publisher":"https:\/\/www.facebook.com\/unipersen\/?locale=tr_TR","article_published_time":"2025-04-08T10:39:46+00:00","article_modified_time":"2025-04-08T10:39:54+00:00","og_image":[{"width":1200,"height":975,"url":"https:\/\/memurunsesi.net\/wp-content\/uploads\/2025\/04\/AW428006_01.jpg","type":"image\/jpeg"}],"author":"Memurun Sesi Haber Merkezi","twitter_card":"summary_large_image","twitter_creator":"@unipersen","twitter_site":"@unipersen","twitter_misc":{"Yazan:":"Memurun Sesi Haber Merkezi","Tahmini okuma s\u00fcresi":"1 dakika"},"schema":{"@context":"https:\/\/schema.org","@graph":[{"@type":"Article","@id":"https:\/\/memurunsesi.net\/index.php\/2025\/04\/08\/vanda-silahli-saldiri-1-kisi-hayatini-kaybetti\/#article","isPartOf":{"@id":"https:\/\/memurunsesi.net\/index.php\/2025\/04\/08\/vanda-silahli-saldiri-1-kisi-hayatini-kaybetti\/"},"author":{"name":"Memurun Sesi Haber Merkezi","@id":"https:\/\/memurunsesi.net\/#\/schema\/person\/f21c2d73b89f6ee1d80b0a1803e38587"},"headline":"Van\u2019da silahl\u0131 sald\u0131r\u0131: 1 ki\u015fi hayat\u0131n\u0131 kaybetti","datePublished":"2025-04-08T10:39:46+00:00","dateModified":"2025-04-08T10:39:54+00:00","mainEntityOfPage":{"@id":"https:\/\/memurunsesi.net\/index.php\/2025\/04\/08\/vanda-silahli-saldiri-1-kisi-hayatini-kaybetti\/"},"wordCount":162,"commentCount":0,"publisher":{"@id":"https:\/\/memurunsesi.net\/#organization"},"image":{"@id":"https:\/\/memurunsesi.net\/index.php\/2025\/04\/08\/vanda-silahli-saldiri-1-kisi-hayatini-kaybetti\/#primaryimage"},"thumbnailUrl":"https:\/\/memurunsesi.net\/wp-content\/uploads\/2025\/04\/AW428006_01.jpg","inLanguage":"tr","potentialAction":[{"@type":"CommentAction","name":"Comment","target":["https:\/\/memurunsesi.net\/index.php\/2025\/04\/08\/vanda-silahli-saldiri-1-kisi-hayatini-kaybetti\/#respond"]}]},{"@type":"WebPage","@id":"https:\/\/memurunsesi.net\/index.php\/2025\/04\/08\/vanda-silahli-saldiri-1-kisi-hayatini-kaybetti\/","url":"https:\/\/memurunsesi.net\/index.php\/2025\/04\/08\/vanda-silahli-saldiri-1-kisi-hayatini-kaybetti\/","name":"Van\u2019da silahl\u0131 sald\u0131r\u0131: 1 ki\u015fi hayat\u0131n\u0131 kaybetti - Memurun Sesi","isPartOf":{"@id":"https:\/\/memurunsesi.net\/#website"},"primaryImageOfPage":{"@id":"https:\/\/memurunsesi.net\/index.php\/2025\/04\/08\/vanda-silahli-saldiri-1-kisi-hayatini-kaybetti\/#primaryimage"},"image":{"@id":"https:\/\/memurunsesi.net\/index.php\/2025\/04\/08\/vanda-silahli-saldiri-1-kisi-hayatini-kaybetti\/#primaryimage"},"thumbnailUrl":"https:\/\/memurunsesi.net\/wp-content\/uploads\/2025\/04\/AW428006_01.jpg","datePublished":"2025-04-08T10:39:46+00:00","dateModified":"2025-04-08T10:39:54+00:00","breadcrumb":{"@id":"https:\/\/memurunsesi.net\/index.php\/2025\/04\/08\/vanda-silahli-saldiri-1-kisi-hayatini-kaybetti\/#breadcrumb"},"inLanguage":"tr","potentialAction":[{"@type":"ReadAction","target":["https:\/\/memurunsesi.net\/index.php\/2025\/04\/08\/vanda-silahli-saldiri-1-kisi-hayatini-kaybetti\/"]}]},{"@type":"ImageObject","inLanguage":"tr","@id":"https:\/\/memurunsesi.net\/index.php\/2025\/04\/08\/vanda-silahli-saldiri-1-kisi-hayatini-kaybetti\/#primaryimage","url":"https:\/\/memurunsesi.net\/wp-content\/uploads\/2025\/04\/AW428006_01.jpg","contentUrl":"https:\/\/memurunsesi.net\/wp-content\/uploads\/2025\/04\/AW428006_01.jpg","width":1200,"height":975,"caption":"VAN'IN \u0130PEKYOLU \u0130L\u00c7ES\u0130NDE SABAH SAATLER\u0130NDE MEYDANA GELEN S\u0130LAHLI SALDIRIDA 53 YA\u015eINDAK\u0130 F.K. HAYATINI KAYBETT\u0130. (YILMAZ S\u00d6NMEZ\/VAN-\u0130HA) Van'\u0131n \u0130pekyolu il\u00e7esinde sabah saatlerinde meydana gelen silahl\u0131 sald\u0131r\u0131da 53 ya\u015f\u0131ndaki F.K. hayat\u0131n\u0131 kaybetti."},{"@type":"BreadcrumbList","@id":"https:\/\/memurunsesi.net\/index.php\/2025\/04\/08\/vanda-silahli-saldiri-1-kisi-hayatini-kaybetti\/#breadcrumb","itemListElement":[{"@type":"ListItem","position":1,"name":"Anasayfa","item":"https:\/\/memurunsesi.net\/"},{"@type":"ListItem","position":2,"name":"Van\u2019da silahl\u0131 sald\u0131r\u0131: 1 ki\u015fi hayat\u0131n\u0131 kaybetti"}]},{"@type":"WebSite","@id":"https:\/\/memurunsesi.net\/#website","url":"https:\/\/memurunsesi.net\/","name":"Memurun Sesi","description":"G\u00fcncel ve Do\u011fru Haber","publisher":{"@id":"https:\/\/memurunsesi.net\/#organization"},"potentialAction":[{"@type":"SearchAction","target":{"@type":"EntryPoint","urlTemplate":"https:\/\/memurunsesi.net\/?s={search_term_string}"},"query-input":{"@type":"PropertyValueSpecification","valueRequired":true,"valueName":"search_term_string"}}],"inLanguage":"tr"},{"@type":"Organization","@id":"https:\/\/memurunsesi.net\/#organization","name":"Memurun Sesi","url":"https:\/\/memurunsesi.net\/","logo":{"@type":"ImageObject","inLanguage":"tr","@id":"https:\/\/memurunsesi.net\/#\/schema\/logo\/image\/","url":"https:\/\/memurunsesi.net\/wp-content\/uploads\/2025\/11\/cropped-MEMURUN-SESI.png","contentUrl":"https:\/\/memurunsesi.net\/wp-content\/uploads\/2025\/11\/cropped-MEMURUN-SESI.png","width":238,"height":57,"caption":"Memurun Sesi"},"image":{"@id":"https:\/\/memurunsesi.net\/#\/schema\/logo\/image\/"},"sameAs":["https:\/\/www.facebook.com\/unipersen\/?locale=tr_TR","https:\/\/x.com\/unipersen"]},{"@type":"Person","@id":"https:\/\/memurunsesi.net\/#\/schema\/person\/f21c2d73b89f6ee1d80b0a1803e38587","name":"Memurun Sesi Haber Merkezi","image":{"@type":"ImageObject","inLanguage":"tr","@id":"https:\/\/secure.gravatar.com\/avatar\/6cf0505f452ee753f485014986fab09a434671d2b919ee76fc541025c5876a70?s=96&d=mm&r=g","url":"https:\/\/secure.gravatar.com\/avatar\/6cf0505f452ee753f485014986fab09a434671d2b919ee76fc541025c5876a70?s=96&d=mm&r=g","contentUrl":"https:\/\/secure.gravatar.com\/avatar\/6cf0505f452ee753f485014986fab09a434671d2b919ee76fc541025c5876a70?s=96&d=mm&r=g","caption":"Memurun Sesi Haber Merkezi"},"sameAs":["https:\/\/memurunsesi.net"],"url":"https:\/\/memurunsesi.net\/index.php\/author\/uniper\/"}]}},"_links":{"self":[{"href":"https:\/\/memurunsesi.net\/index.php\/wp-json\/wp\/v2\/posts\/4986","targetHints":{"allow":["GET"]}}],"collection":[{"href":"https:\/\/memurunsesi.net\/index.php\/wp-json\/wp\/v2\/posts"}],"about":[{"href":"https:\/\/memurunsesi.net\/index.php\/wp-json\/wp\/v2\/types\/post"}],"author":[{"embeddable":true,"href":"https:\/\/memurunsesi.net\/index.php\/wp-json\/wp\/v2\/users\/1"}],"replies":[{"embeddable":true,"href":"https:\/\/memurunsesi.net\/index.php\/wp-json\/wp\/v2\/comments?post=4986"}],"version-history":[{"count":1,"href":"https:\/\/memurunsesi.net\/index.php\/wp-json\/wp\/v2\/posts\/4986\/revisions"}],"predecessor-version":[{"id":4988,"href":"https:\/\/memurunsesi.net\/index.php\/wp-json\/wp\/v2\/posts\/4986\/revisions\/4988"}],"wp:featuredmedia":[{"embeddable":true,"href":"https:\/\/memurunsesi.net\/index.php\/wp-json\/wp\/v2\/media\/4987"}],"wp:attachment":[{"href":"https:\/\/memurunsesi.net\/index.php\/wp-json\/wp\/v2\/media?parent=4986"}],"wp:term":[{"taxonomy":"category","embeddable":true,"href":"https:\/\/memurunsesi.net\/index.php\/wp-json\/wp\/v2\/categories?post=4986"},{"taxonomy":"post_tag","embeddable":true,"href":"https:\/\/memurunsesi.net\/index.php\/wp-json\/wp\/v2\/tags?post=4986"}],"curies":[{"name":"wp","href":"https:\/\/api.w.org\/{rel}","templated":true}]}}