{"id":5033,"date":"2025-04-09T19:24:59","date_gmt":"2025-04-09T16:24:59","guid":{"rendered":"https:\/\/memurunsesi.net\/?p=5033"},"modified":"2025-04-09T19:24:59","modified_gmt":"2025-04-09T16:24:59","slug":"baskan-degirmenci-kardemir-ile-imzalanan-tisi-degerlendirdi","status":"publish","type":"post","link":"https:\/\/memurunsesi.net\/index.php\/2025\/04\/09\/baskan-degirmenci-kardemir-ile-imzalanan-tisi-degerlendirdi\/","title":{"rendered":"Ba\u015fkan De\u011firmenci, KARDEM\u0130R ile imzalanan T\u0130S&#8217;i de\u011ferlendirdi"},"content":{"rendered":"<p>&#8211; \u00d6z\u00e7elik \u0130\u015f Sendikas\u0131 Genel Ba\u015fkan\u0131 Yunus De\u011firmenci:<br \/>\n&#8211; &#8220;40 y\u0131ll\u0131k sendikac\u0131l\u0131k hayat\u0131m\u0131n en kolay s\u00f6zle\u015fmesini imzalad\u0131k&#8221;<\/p>\n<p>\u00d6z\u00e7elik \u0130\u015f Sendikas\u0131 Genel Ba\u015fkan\u0131 Yunus De\u011firmenci, KARDEM\u0130R ile imzalanan toplu i\u015f s\u00f6zle\u015fmesinin sendika hayat\u0131 boyuca imzalad\u0131klar\u0131 en kolay s\u00f6zle\u015fmelerden biri oldu\u011funu s\u00f6yledi.<br \/>\n\u00d6z\u00e7elik \u0130\u015f Sendikas\u0131, KARDEM\u0130R ile 17. D\u00f6nem Toplu \u0130\u015f S\u00f6zle\u015fmesini d\u00fczenlenen t\u00f6renle imzaladi. Genel M\u00fcd\u00fcrl\u00fckte d\u00fczenlenen t\u00f6rene KARDEM\u0130R Y\u00f6netim Kurulu Ba\u015fkan\u0131 Prof. Dr. \u0130smail Demir, \u00d6z\u00e7elik\u0130\u015f Sendikas\u0131 Genel Ba\u015fkan\u0131 Yunus De\u011firmenci, y\u00f6netim kurulu \u00fcyeleri ile sendika \u00fcyeleri kat\u0131ld\u0131.<br \/>\n\u0130mza \u00f6ncesi konu\u015fan KARDEM\u0130R Y\u00f6netim Kurulu Ba\u015fkan\u0131 \u0130smail Demir, &#8220;S\u00fcrecimiz biraz uzun s\u00fcrd\u00fc ama her iki taraf ta yapabilece\u011finin en iyisini yapmaya \u00e7al\u0131\u015ft\u0131. Ge\u00e7ti\u011fimiz d\u00f6nem sekt\u00f6r\u00fcn durumu malum. Ancak Karab\u00fck T\u00fcrkiye&#8217;de a\u011f\u0131r sanayinin kalbi ve buras\u0131 bir i\u015f\u00e7i \u015fehri. Kardemir bir yere gelecekse, ivmelenmesi, ideallerine eri\u015fmesi, \u00e7ok daha g\u00fc\u00e7l\u00fc olarak yar\u0131nlara y\u00fcr\u00fcmesi gerekiyorsa bunun lokomotifi \u00e7al\u0131\u015fan\u0131m\u0131zd\u0131r&#8221; dedi.<br \/>\n&#8220;Bundan sonra ataca\u011f\u0131m\u0131z her ad\u0131mda, tesisimizin, fabrikam\u0131\u0131z\u0131 iyile\u015ftirilmesi, veriminin artt\u0131r\u0131lmas\u0131, d\u00fczenlenmesi, Kardemir&#8217;in daha karl\u0131, daha verimli, daha atak yar\u0131nlara do\u011fru \u00e7ok g\u00fcvenilir ad\u0131mlarla y\u00fcr\u00fcyen bir \u015firket olmas\u0131n\u0131n temelini att\u0131k&#8221; diyen Demir, &#8220;Bu temelde, arkada\u015flar\u0131m\u0131zla var g\u00fcc\u00fcm\u00fczle \u015firketimizi daha ileriye ta\u015f\u0131mak i\u00e7in elimizden gelen her t\u00fcrl\u00fc fedakarl\u0131\u011f\u0131 beraber yapaca\u011f\u0131m\u0131za inanc\u0131m\u0131z tamd\u0131r. Bu anlay\u0131\u015f i\u00e7inde toplu i\u015f s\u00f6zle\u015fmemizin hay\u0131rl\u0131 olmas\u0131n\u0131 temenni ediyorum&#8221; ifadelerini kulland\u0131.<br \/>\n\u00d6z\u00e7elik \u0130\u015f Sendikas\u0131 ile Kardemir ve emek\u00e7ilerinin bir b\u00fct\u00fcn oldu\u011funun alt\u0131n\u0131 \u00e7izen \u00d6z\u00e7elik \u0130\u015f Sendikas\u0131 Genel Ba\u015fkan\u0131 Yunus De\u011firmenci, &#8220;40 y\u0131la yak\u0131n sendikac\u0131l\u0131k hayat\u0131m\u0131n en kolay toplu i\u015f s\u00f6zle\u015fmesini imzalad\u0131k&#8221; ifadeleriyle s\u00f6zle\u015fmeden duydu\u011fu memnuniyeti dile getirdi.<br \/>\nDe\u011firmenci, &#8220;Biz Kardemirsiz, Kardemir bizsiz olamaz. Karab\u00fck bizsiz, biz Karab\u00fcks\u00fcz olamay\u0131z. Biz burada bir aileyiz. B\u00fcy\u00fcmemizin ana fakt\u00f6r\u00fc Kardemir ve emek\u00e7ileridir. Dolay\u0131s\u0131yla biz Kardemir&#8217;e g\u00f6z\u00fcm\u00fcz gibi bakan bir anlay\u0131\u015fla yolumuza devam ediyoruz. Ge\u00e7mi\u015fte yapt\u0131\u011f\u0131m\u0131z s\u00f6zle\u015fmelerde \u00fccret art\u0131\u015f\u0131n\u0131 verimlilikle telafi etme s\u00f6z\u00fcn\u00fc alm\u0131\u015ft\u0131m. 2 sene sonra tekrar oturaca\u011f\u0131m\u0131z T\u0130S masas\u0131nda daha g\u00fczel haklar elde edelim diye canla ba\u015fla \u00e7al\u0131\u015fmaya devam edece\u011fiz&#8221; diye konu\u015ftu.<br \/>\n&#8220;Allah Kardemir&#8217;e zeval vermesin&#8221; diyerek s\u00f6zlerini devam ettiren De\u011firmenci, \u015funlar\u0131 s\u00f6yledi: &#8220;Ola ki Kardemir bir s\u0131k\u0131nt\u0131ya d\u00fc\u015ferse, ben ve \u00fcyelerim burada \u00fccretsiz \u00e7al\u0131\u015fmaya haz\u0131r\u0131z. Ge\u00e7mi\u015fte \u00d6z\u00e7elik \u0130\u015f Sendikas\u0131 \u00fcyeleriyle birlikte ne fedakarl\u0131klar yapt\u0131. Yine \u00fczerimize d\u00fc\u015feni yapmak i\u00e7in y\u00f6netimin yan\u0131nda oluruz.&#8221;<br \/>\nKonu\u015fmalar\u0131n ard\u0131ndan T\u0130S protokolleri imzalanmas\u0131yla program sona erdi.<br \/>\nGenel Ba\u015fkan De\u011firmenci, daha sonra ba\u015f temsilcilik binas\u0131n\u0131n \u00f6n\u00fcne ge\u00e7erek burada vardiya \u00e7\u0131k\u0131\u015f\u0131nda toplanan KARDEM\u0130R i\u015f\u00e7ilerine hitap ederek, sendika olarak kendi rekorlar\u0131 ile T\u00fcrkiye rekorunda bir s\u00f6zle\u015fmeye imza att\u0131klar\u0131n\u0131 s\u00f6yledi.<\/p>\n<p>9.04.2025<\/p>\n","protected":false},"excerpt":{"rendered":"<p>&#8211; \u00d6z\u00e7elik \u0130\u015f Sendikas\u0131 Genel Ba\u015fkan\u0131 Yunus De\u011firmenci: &#8211; &#8220;40 y\u0131ll\u0131k sendikac\u0131l\u0131k hayat\u0131m\u0131n en kolay s\u00f6zle\u015fmesini imzalad\u0131k&#8221; \u00d6z\u00e7elik \u0130\u015f Sendikas\u0131 Genel Ba\u015fkan\u0131 Yunus De\u011firmenci, KARDEM\u0130R ile imzalanan toplu i\u015f s\u00f6zle\u015fmesinin sendika hayat\u0131 boyuca imzalad\u0131klar\u0131 en kolay s\u00f6zle\u015fmelerden biri oldu\u011funu s\u00f6yledi. \u00d6z\u00e7elik \u0130\u015f Sendikas\u0131, KARDEM\u0130R ile 17. D\u00f6nem Toplu \u0130\u015f S\u00f6zle\u015fmesini d\u00fczenlenen t\u00f6renle imzaladi. Genel M\u00fcd\u00fcrl\u00fckte [&hellip;]<\/p>\n","protected":false},"author":1,"featured_media":5034,"comment_status":"open","ping_status":"open","sticky":false,"template":"","format":"standard","meta":{"footnotes":""},"categories":[1],"tags":[],"class_list":["post-5033","post","type-post","status-publish","format-standard","has-post-thumbnail","hentry","category-genel"],"yoast_head":"<!-- This site is optimized with the Yoast SEO plugin v27.4 - https:\/\/yoast.com\/product\/yoast-seo-wordpress\/ -->\n<title>Ba\u015fkan De\u011firmenci, KARDEM\u0130R ile imzalanan T\u0130S&#039;i de\u011ferlendirdi - Memurun Sesi<\/title>\n<meta name=\"robots\" content=\"index, follow, max-snippet:-1, max-image-preview:large, max-video-preview:-1\" \/>\n<link rel=\"canonical\" href=\"https:\/\/memurunsesi.net\/index.php\/2025\/04\/09\/baskan-degirmenci-kardemir-ile-imzalanan-tisi-degerlendirdi\/\" \/>\n<meta property=\"og:locale\" content=\"tr_TR\" \/>\n<meta property=\"og:type\" content=\"article\" \/>\n<meta property=\"og:title\" content=\"Ba\u015fkan De\u011firmenci, KARDEM\u0130R ile imzalanan T\u0130S&#039;i de\u011ferlendirdi - Memurun Sesi\" \/>\n<meta property=\"og:description\" content=\"&#8211; \u00d6z\u00e7elik \u0130\u015f Sendikas\u0131 Genel Ba\u015fkan\u0131 Yunus De\u011firmenci: &#8211; &#8220;40 y\u0131ll\u0131k sendikac\u0131l\u0131k hayat\u0131m\u0131n en kolay s\u00f6zle\u015fmesini imzalad\u0131k&#8221; \u00d6z\u00e7elik \u0130\u015f Sendikas\u0131 Genel Ba\u015fkan\u0131 Yunus De\u011firmenci, KARDEM\u0130R ile imzalanan toplu i\u015f s\u00f6zle\u015fmesinin sendika hayat\u0131 boyuca imzalad\u0131klar\u0131 en kolay s\u00f6zle\u015fmelerden biri oldu\u011funu s\u00f6yledi. \u00d6z\u00e7elik \u0130\u015f Sendikas\u0131, KARDEM\u0130R ile 17. D\u00f6nem Toplu \u0130\u015f S\u00f6zle\u015fmesini d\u00fczenlenen t\u00f6renle imzaladi. Genel M\u00fcd\u00fcrl\u00fckte [&hellip;]\" \/>\n<meta property=\"og:url\" content=\"https:\/\/memurunsesi.net\/index.php\/2025\/04\/09\/baskan-degirmenci-kardemir-ile-imzalanan-tisi-degerlendirdi\/\" \/>\n<meta property=\"og:site_name\" content=\"Memurun Sesi\" \/>\n<meta property=\"article:publisher\" content=\"https:\/\/www.facebook.com\/unipersen\/?locale=tr_TR\" \/>\n<meta property=\"article:published_time\" content=\"2025-04-09T16:24:59+00:00\" \/>\n<meta property=\"og:image\" content=\"https:\/\/memurunsesi.net\/wp-content\/uploads\/2025\/04\/AW429080_01-scaled.jpg\" \/>\n\t<meta property=\"og:image:width\" content=\"2560\" \/>\n\t<meta property=\"og:image:height\" content=\"1441\" \/>\n\t<meta property=\"og:image:type\" content=\"image\/jpeg\" \/>\n<meta name=\"author\" content=\"Memurun Sesi Haber Merkezi\" \/>\n<meta name=\"twitter:card\" content=\"summary_large_image\" \/>\n<meta name=\"twitter:creator\" content=\"@unipersen\" \/>\n<meta name=\"twitter:site\" content=\"@unipersen\" \/>\n<meta name=\"twitter:label1\" content=\"Yazan:\" \/>\n\t<meta name=\"twitter:data1\" content=\"Memurun Sesi Haber Merkezi\" \/>\n\t<meta name=\"twitter:label2\" content=\"Tahmini okuma s\u00fcresi\" \/>\n\t<meta name=\"twitter:data2\" content=\"3 dakika\" \/>\n<script type=\"application\/ld+json\" class=\"yoast-schema-graph\">{\"@context\":\"https:\\\/\\\/schema.org\",\"@graph\":[{\"@type\":\"Article\",\"@id\":\"https:\\\/\\\/memurunsesi.net\\\/index.php\\\/2025\\\/04\\\/09\\\/baskan-degirmenci-kardemir-ile-imzalanan-tisi-degerlendirdi\\\/#article\",\"isPartOf\":{\"@id\":\"https:\\\/\\\/memurunsesi.net\\\/index.php\\\/2025\\\/04\\\/09\\\/baskan-degirmenci-kardemir-ile-imzalanan-tisi-degerlendirdi\\\/\"},\"author\":{\"name\":\"Memurun Sesi Haber Merkezi\",\"@id\":\"https:\\\/\\\/memurunsesi.net\\\/#\\\/schema\\\/person\\\/f21c2d73b89f6ee1d80b0a1803e38587\"},\"headline\":\"Ba\u015fkan De\u011firmenci, KARDEM\u0130R ile imzalanan T\u0130S&#8217;i de\u011ferlendirdi\",\"datePublished\":\"2025-04-09T16:24:59+00:00\",\"mainEntityOfPage\":{\"@id\":\"https:\\\/\\\/memurunsesi.net\\\/index.php\\\/2025\\\/04\\\/09\\\/baskan-degirmenci-kardemir-ile-imzalanan-tisi-degerlendirdi\\\/\"},\"wordCount\":579,\"commentCount\":0,\"publisher\":{\"@id\":\"https:\\\/\\\/memurunsesi.net\\\/#organization\"},\"image\":{\"@id\":\"https:\\\/\\\/memurunsesi.net\\\/index.php\\\/2025\\\/04\\\/09\\\/baskan-degirmenci-kardemir-ile-imzalanan-tisi-degerlendirdi\\\/#primaryimage\"},\"thumbnailUrl\":\"https:\\\/\\\/memurunsesi.net\\\/wp-content\\\/uploads\\\/2025\\\/04\\\/AW429080_01-scaled.jpg\",\"inLanguage\":\"tr\",\"potentialAction\":[{\"@type\":\"CommentAction\",\"name\":\"Comment\",\"target\":[\"https:\\\/\\\/memurunsesi.net\\\/index.php\\\/2025\\\/04\\\/09\\\/baskan-degirmenci-kardemir-ile-imzalanan-tisi-degerlendirdi\\\/#respond\"]}]},{\"@type\":\"WebPage\",\"@id\":\"https:\\\/\\\/memurunsesi.net\\\/index.php\\\/2025\\\/04\\\/09\\\/baskan-degirmenci-kardemir-ile-imzalanan-tisi-degerlendirdi\\\/\",\"url\":\"https:\\\/\\\/memurunsesi.net\\\/index.php\\\/2025\\\/04\\\/09\\\/baskan-degirmenci-kardemir-ile-imzalanan-tisi-degerlendirdi\\\/\",\"name\":\"Ba\u015fkan De\u011firmenci, KARDEM\u0130R ile imzalanan T\u0130S'i de\u011ferlendirdi - Memurun Sesi\",\"isPartOf\":{\"@id\":\"https:\\\/\\\/memurunsesi.net\\\/#website\"},\"primaryImageOfPage\":{\"@id\":\"https:\\\/\\\/memurunsesi.net\\\/index.php\\\/2025\\\/04\\\/09\\\/baskan-degirmenci-kardemir-ile-imzalanan-tisi-degerlendirdi\\\/#primaryimage\"},\"image\":{\"@id\":\"https:\\\/\\\/memurunsesi.net\\\/index.php\\\/2025\\\/04\\\/09\\\/baskan-degirmenci-kardemir-ile-imzalanan-tisi-degerlendirdi\\\/#primaryimage\"},\"thumbnailUrl\":\"https:\\\/\\\/memurunsesi.net\\\/wp-content\\\/uploads\\\/2025\\\/04\\\/AW429080_01-scaled.jpg\",\"datePublished\":\"2025-04-09T16:24:59+00:00\",\"breadcrumb\":{\"@id\":\"https:\\\/\\\/memurunsesi.net\\\/index.php\\\/2025\\\/04\\\/09\\\/baskan-degirmenci-kardemir-ile-imzalanan-tisi-degerlendirdi\\\/#breadcrumb\"},\"inLanguage\":\"tr\",\"potentialAction\":[{\"@type\":\"ReadAction\",\"target\":[\"https:\\\/\\\/memurunsesi.net\\\/index.php\\\/2025\\\/04\\\/09\\\/baskan-degirmenci-kardemir-ile-imzalanan-tisi-degerlendirdi\\\/\"]}]},{\"@type\":\"ImageObject\",\"inLanguage\":\"tr\",\"@id\":\"https:\\\/\\\/memurunsesi.net\\\/index.php\\\/2025\\\/04\\\/09\\\/baskan-degirmenci-kardemir-ile-imzalanan-tisi-degerlendirdi\\\/#primaryimage\",\"url\":\"https:\\\/\\\/memurunsesi.net\\\/wp-content\\\/uploads\\\/2025\\\/04\\\/AW429080_01-scaled.jpg\",\"contentUrl\":\"https:\\\/\\\/memurunsesi.net\\\/wp-content\\\/uploads\\\/2025\\\/04\\\/AW429080_01-scaled.jpg\",\"width\":2560,\"height\":1441,\"caption\":\"\u00d6Z\u00c7EL\u0130K \u0130\u015e SEND\u0130KASI, KARDEM\u0130R \u0130LE 17. D\u00d6NEM TOPLU \u0130\u015e S\u00d6ZLE\u015eMES\u0130N\u0130 D\u00dcZENLENEN T\u00d6RENLE \u0130MZALAD\u0130. GENEL M\u00dcD\u00dcRL\u00dcKTE D\u00dcZENLENEN T\u00d6RENE KARDEM\u0130R Y\u00d6NET\u0130M KURULU BA\u015eKANI PROF. DR. \u0130SMA\u0130L DEM\u0130R, \u00d6Z\u00c7EL\u0130K\u0130\u015e SEND\u0130KASI GENEL BA\u015eKANI YUNUS DE\u011e\u0130RMENC\u0130, Y\u00d6NET\u0130M KURULU \u00dcYELER\u0130 \u0130LE SEND\u0130KA \u00dcYELER\u0130 KATILDI. (\u0130BRAH\u0130M B\u0130LG\u0130N - RIDVAN BOSTANCI\\\/KARAB\u00dcK-\u0130HA) \u00d6z\u00e7elik \u0130\u015f Sendikas\u0131 Genel Ba\u015fkan\u0131 Yunus De\u011firmenci, KARDEM\u0130R ile imzalanan toplu i\u015f s\u00f6zle\u015fmesinin sendika hayat\u0131 boyuca imzalad\u0131klar\u0131 en kolay s\u00f6zle\u015fmelerden biri oldu\u011funu s\u00f6yledi.\"},{\"@type\":\"BreadcrumbList\",\"@id\":\"https:\\\/\\\/memurunsesi.net\\\/index.php\\\/2025\\\/04\\\/09\\\/baskan-degirmenci-kardemir-ile-imzalanan-tisi-degerlendirdi\\\/#breadcrumb\",\"itemListElement\":[{\"@type\":\"ListItem\",\"position\":1,\"name\":\"Anasayfa\",\"item\":\"https:\\\/\\\/memurunsesi.net\\\/\"},{\"@type\":\"ListItem\",\"position\":2,\"name\":\"Ba\u015fkan De\u011firmenci, KARDEM\u0130R ile imzalanan T\u0130S&#8217;i de\u011ferlendirdi\"}]},{\"@type\":\"WebSite\",\"@id\":\"https:\\\/\\\/memurunsesi.net\\\/#website\",\"url\":\"https:\\\/\\\/memurunsesi.net\\\/\",\"name\":\"Memurun Sesi\",\"description\":\"G\u00fcncel ve Do\u011fru Haber\",\"publisher\":{\"@id\":\"https:\\\/\\\/memurunsesi.net\\\/#organization\"},\"potentialAction\":[{\"@type\":\"SearchAction\",\"target\":{\"@type\":\"EntryPoint\",\"urlTemplate\":\"https:\\\/\\\/memurunsesi.net\\\/?s={search_term_string}\"},\"query-input\":{\"@type\":\"PropertyValueSpecification\",\"valueRequired\":true,\"valueName\":\"search_term_string\"}}],\"inLanguage\":\"tr\"},{\"@type\":\"Organization\",\"@id\":\"https:\\\/\\\/memurunsesi.net\\\/#organization\",\"name\":\"Memurun Sesi\",\"url\":\"https:\\\/\\\/memurunsesi.net\\\/\",\"logo\":{\"@type\":\"ImageObject\",\"inLanguage\":\"tr\",\"@id\":\"https:\\\/\\\/memurunsesi.net\\\/#\\\/schema\\\/logo\\\/image\\\/\",\"url\":\"https:\\\/\\\/memurunsesi.net\\\/wp-content\\\/uploads\\\/2025\\\/11\\\/cropped-MEMURUN-SESI.png\",\"contentUrl\":\"https:\\\/\\\/memurunsesi.net\\\/wp-content\\\/uploads\\\/2025\\\/11\\\/cropped-MEMURUN-SESI.png\",\"width\":238,\"height\":57,\"caption\":\"Memurun Sesi\"},\"image\":{\"@id\":\"https:\\\/\\\/memurunsesi.net\\\/#\\\/schema\\\/logo\\\/image\\\/\"},\"sameAs\":[\"https:\\\/\\\/www.facebook.com\\\/unipersen\\\/?locale=tr_TR\",\"https:\\\/\\\/x.com\\\/unipersen\"]},{\"@type\":\"Person\",\"@id\":\"https:\\\/\\\/memurunsesi.net\\\/#\\\/schema\\\/person\\\/f21c2d73b89f6ee1d80b0a1803e38587\",\"name\":\"Memurun Sesi Haber Merkezi\",\"image\":{\"@type\":\"ImageObject\",\"inLanguage\":\"tr\",\"@id\":\"https:\\\/\\\/secure.gravatar.com\\\/avatar\\\/6cf0505f452ee753f485014986fab09a434671d2b919ee76fc541025c5876a70?s=96&d=mm&r=g\",\"url\":\"https:\\\/\\\/secure.gravatar.com\\\/avatar\\\/6cf0505f452ee753f485014986fab09a434671d2b919ee76fc541025c5876a70?s=96&d=mm&r=g\",\"contentUrl\":\"https:\\\/\\\/secure.gravatar.com\\\/avatar\\\/6cf0505f452ee753f485014986fab09a434671d2b919ee76fc541025c5876a70?s=96&d=mm&r=g\",\"caption\":\"Memurun Sesi Haber Merkezi\"},\"sameAs\":[\"https:\\\/\\\/memurunsesi.net\"],\"url\":\"https:\\\/\\\/memurunsesi.net\\\/index.php\\\/author\\\/uniper\\\/\"}]}<\/script>\n<!-- \/ Yoast SEO plugin. -->","yoast_head_json":{"title":"Ba\u015fkan De\u011firmenci, KARDEM\u0130R ile imzalanan T\u0130S'i de\u011ferlendirdi - Memurun Sesi","robots":{"index":"index","follow":"follow","max-snippet":"max-snippet:-1","max-image-preview":"max-image-preview:large","max-video-preview":"max-video-preview:-1"},"canonical":"https:\/\/memurunsesi.net\/index.php\/2025\/04\/09\/baskan-degirmenci-kardemir-ile-imzalanan-tisi-degerlendirdi\/","og_locale":"tr_TR","og_type":"article","og_title":"Ba\u015fkan De\u011firmenci, KARDEM\u0130R ile imzalanan T\u0130S'i de\u011ferlendirdi - Memurun Sesi","og_description":"&#8211; \u00d6z\u00e7elik \u0130\u015f Sendikas\u0131 Genel Ba\u015fkan\u0131 Yunus De\u011firmenci: &#8211; &#8220;40 y\u0131ll\u0131k sendikac\u0131l\u0131k hayat\u0131m\u0131n en kolay s\u00f6zle\u015fmesini imzalad\u0131k&#8221; \u00d6z\u00e7elik \u0130\u015f Sendikas\u0131 Genel Ba\u015fkan\u0131 Yunus De\u011firmenci, KARDEM\u0130R ile imzalanan toplu i\u015f s\u00f6zle\u015fmesinin sendika hayat\u0131 boyuca imzalad\u0131klar\u0131 en kolay s\u00f6zle\u015fmelerden biri oldu\u011funu s\u00f6yledi. \u00d6z\u00e7elik \u0130\u015f Sendikas\u0131, KARDEM\u0130R ile 17. D\u00f6nem Toplu \u0130\u015f S\u00f6zle\u015fmesini d\u00fczenlenen t\u00f6renle imzaladi. Genel M\u00fcd\u00fcrl\u00fckte [&hellip;]","og_url":"https:\/\/memurunsesi.net\/index.php\/2025\/04\/09\/baskan-degirmenci-kardemir-ile-imzalanan-tisi-degerlendirdi\/","og_site_name":"Memurun Sesi","article_publisher":"https:\/\/www.facebook.com\/unipersen\/?locale=tr_TR","article_published_time":"2025-04-09T16:24:59+00:00","og_image":[{"width":2560,"height":1441,"url":"https:\/\/memurunsesi.net\/wp-content\/uploads\/2025\/04\/AW429080_01-scaled.jpg","type":"image\/jpeg"}],"author":"Memurun Sesi Haber Merkezi","twitter_card":"summary_large_image","twitter_creator":"@unipersen","twitter_site":"@unipersen","twitter_misc":{"Yazan:":"Memurun Sesi Haber Merkezi","Tahmini okuma s\u00fcresi":"3 dakika"},"schema":{"@context":"https:\/\/schema.org","@graph":[{"@type":"Article","@id":"https:\/\/memurunsesi.net\/index.php\/2025\/04\/09\/baskan-degirmenci-kardemir-ile-imzalanan-tisi-degerlendirdi\/#article","isPartOf":{"@id":"https:\/\/memurunsesi.net\/index.php\/2025\/04\/09\/baskan-degirmenci-kardemir-ile-imzalanan-tisi-degerlendirdi\/"},"author":{"name":"Memurun Sesi Haber Merkezi","@id":"https:\/\/memurunsesi.net\/#\/schema\/person\/f21c2d73b89f6ee1d80b0a1803e38587"},"headline":"Ba\u015fkan De\u011firmenci, KARDEM\u0130R ile imzalanan T\u0130S&#8217;i de\u011ferlendirdi","datePublished":"2025-04-09T16:24:59+00:00","mainEntityOfPage":{"@id":"https:\/\/memurunsesi.net\/index.php\/2025\/04\/09\/baskan-degirmenci-kardemir-ile-imzalanan-tisi-degerlendirdi\/"},"wordCount":579,"commentCount":0,"publisher":{"@id":"https:\/\/memurunsesi.net\/#organization"},"image":{"@id":"https:\/\/memurunsesi.net\/index.php\/2025\/04\/09\/baskan-degirmenci-kardemir-ile-imzalanan-tisi-degerlendirdi\/#primaryimage"},"thumbnailUrl":"https:\/\/memurunsesi.net\/wp-content\/uploads\/2025\/04\/AW429080_01-scaled.jpg","inLanguage":"tr","potentialAction":[{"@type":"CommentAction","name":"Comment","target":["https:\/\/memurunsesi.net\/index.php\/2025\/04\/09\/baskan-degirmenci-kardemir-ile-imzalanan-tisi-degerlendirdi\/#respond"]}]},{"@type":"WebPage","@id":"https:\/\/memurunsesi.net\/index.php\/2025\/04\/09\/baskan-degirmenci-kardemir-ile-imzalanan-tisi-degerlendirdi\/","url":"https:\/\/memurunsesi.net\/index.php\/2025\/04\/09\/baskan-degirmenci-kardemir-ile-imzalanan-tisi-degerlendirdi\/","name":"Ba\u015fkan De\u011firmenci, KARDEM\u0130R ile imzalanan T\u0130S'i de\u011ferlendirdi - Memurun Sesi","isPartOf":{"@id":"https:\/\/memurunsesi.net\/#website"},"primaryImageOfPage":{"@id":"https:\/\/memurunsesi.net\/index.php\/2025\/04\/09\/baskan-degirmenci-kardemir-ile-imzalanan-tisi-degerlendirdi\/#primaryimage"},"image":{"@id":"https:\/\/memurunsesi.net\/index.php\/2025\/04\/09\/baskan-degirmenci-kardemir-ile-imzalanan-tisi-degerlendirdi\/#primaryimage"},"thumbnailUrl":"https:\/\/memurunsesi.net\/wp-content\/uploads\/2025\/04\/AW429080_01-scaled.jpg","datePublished":"2025-04-09T16:24:59+00:00","breadcrumb":{"@id":"https:\/\/memurunsesi.net\/index.php\/2025\/04\/09\/baskan-degirmenci-kardemir-ile-imzalanan-tisi-degerlendirdi\/#breadcrumb"},"inLanguage":"tr","potentialAction":[{"@type":"ReadAction","target":["https:\/\/memurunsesi.net\/index.php\/2025\/04\/09\/baskan-degirmenci-kardemir-ile-imzalanan-tisi-degerlendirdi\/"]}]},{"@type":"ImageObject","inLanguage":"tr","@id":"https:\/\/memurunsesi.net\/index.php\/2025\/04\/09\/baskan-degirmenci-kardemir-ile-imzalanan-tisi-degerlendirdi\/#primaryimage","url":"https:\/\/memurunsesi.net\/wp-content\/uploads\/2025\/04\/AW429080_01-scaled.jpg","contentUrl":"https:\/\/memurunsesi.net\/wp-content\/uploads\/2025\/04\/AW429080_01-scaled.jpg","width":2560,"height":1441,"caption":"\u00d6Z\u00c7EL\u0130K \u0130\u015e SEND\u0130KASI, KARDEM\u0130R \u0130LE 17. D\u00d6NEM TOPLU \u0130\u015e S\u00d6ZLE\u015eMES\u0130N\u0130 D\u00dcZENLENEN T\u00d6RENLE \u0130MZALAD\u0130. GENEL M\u00dcD\u00dcRL\u00dcKTE D\u00dcZENLENEN T\u00d6RENE KARDEM\u0130R Y\u00d6NET\u0130M KURULU BA\u015eKANI PROF. DR. \u0130SMA\u0130L DEM\u0130R, \u00d6Z\u00c7EL\u0130K\u0130\u015e SEND\u0130KASI GENEL BA\u015eKANI YUNUS DE\u011e\u0130RMENC\u0130, Y\u00d6NET\u0130M KURULU \u00dcYELER\u0130 \u0130LE SEND\u0130KA \u00dcYELER\u0130 KATILDI. (\u0130BRAH\u0130M B\u0130LG\u0130N - RIDVAN BOSTANCI\/KARAB\u00dcK-\u0130HA) \u00d6z\u00e7elik \u0130\u015f Sendikas\u0131 Genel Ba\u015fkan\u0131 Yunus De\u011firmenci, KARDEM\u0130R ile imzalanan toplu i\u015f s\u00f6zle\u015fmesinin sendika hayat\u0131 boyuca imzalad\u0131klar\u0131 en kolay s\u00f6zle\u015fmelerden biri oldu\u011funu s\u00f6yledi."},{"@type":"BreadcrumbList","@id":"https:\/\/memurunsesi.net\/index.php\/2025\/04\/09\/baskan-degirmenci-kardemir-ile-imzalanan-tisi-degerlendirdi\/#breadcrumb","itemListElement":[{"@type":"ListItem","position":1,"name":"Anasayfa","item":"https:\/\/memurunsesi.net\/"},{"@type":"ListItem","position":2,"name":"Ba\u015fkan De\u011firmenci, KARDEM\u0130R ile imzalanan T\u0130S&#8217;i de\u011ferlendirdi"}]},{"@type":"WebSite","@id":"https:\/\/memurunsesi.net\/#website","url":"https:\/\/memurunsesi.net\/","name":"Memurun Sesi","description":"G\u00fcncel ve Do\u011fru Haber","publisher":{"@id":"https:\/\/memurunsesi.net\/#organization"},"potentialAction":[{"@type":"SearchAction","target":{"@type":"EntryPoint","urlTemplate":"https:\/\/memurunsesi.net\/?s={search_term_string}"},"query-input":{"@type":"PropertyValueSpecification","valueRequired":true,"valueName":"search_term_string"}}],"inLanguage":"tr"},{"@type":"Organization","@id":"https:\/\/memurunsesi.net\/#organization","name":"Memurun Sesi","url":"https:\/\/memurunsesi.net\/","logo":{"@type":"ImageObject","inLanguage":"tr","@id":"https:\/\/memurunsesi.net\/#\/schema\/logo\/image\/","url":"https:\/\/memurunsesi.net\/wp-content\/uploads\/2025\/11\/cropped-MEMURUN-SESI.png","contentUrl":"https:\/\/memurunsesi.net\/wp-content\/uploads\/2025\/11\/cropped-MEMURUN-SESI.png","width":238,"height":57,"caption":"Memurun Sesi"},"image":{"@id":"https:\/\/memurunsesi.net\/#\/schema\/logo\/image\/"},"sameAs":["https:\/\/www.facebook.com\/unipersen\/?locale=tr_TR","https:\/\/x.com\/unipersen"]},{"@type":"Person","@id":"https:\/\/memurunsesi.net\/#\/schema\/person\/f21c2d73b89f6ee1d80b0a1803e38587","name":"Memurun Sesi Haber Merkezi","image":{"@type":"ImageObject","inLanguage":"tr","@id":"https:\/\/secure.gravatar.com\/avatar\/6cf0505f452ee753f485014986fab09a434671d2b919ee76fc541025c5876a70?s=96&d=mm&r=g","url":"https:\/\/secure.gravatar.com\/avatar\/6cf0505f452ee753f485014986fab09a434671d2b919ee76fc541025c5876a70?s=96&d=mm&r=g","contentUrl":"https:\/\/secure.gravatar.com\/avatar\/6cf0505f452ee753f485014986fab09a434671d2b919ee76fc541025c5876a70?s=96&d=mm&r=g","caption":"Memurun Sesi Haber Merkezi"},"sameAs":["https:\/\/memurunsesi.net"],"url":"https:\/\/memurunsesi.net\/index.php\/author\/uniper\/"}]}},"_links":{"self":[{"href":"https:\/\/memurunsesi.net\/index.php\/wp-json\/wp\/v2\/posts\/5033","targetHints":{"allow":["GET"]}}],"collection":[{"href":"https:\/\/memurunsesi.net\/index.php\/wp-json\/wp\/v2\/posts"}],"about":[{"href":"https:\/\/memurunsesi.net\/index.php\/wp-json\/wp\/v2\/types\/post"}],"author":[{"embeddable":true,"href":"https:\/\/memurunsesi.net\/index.php\/wp-json\/wp\/v2\/users\/1"}],"replies":[{"embeddable":true,"href":"https:\/\/memurunsesi.net\/index.php\/wp-json\/wp\/v2\/comments?post=5033"}],"version-history":[{"count":1,"href":"https:\/\/memurunsesi.net\/index.php\/wp-json\/wp\/v2\/posts\/5033\/revisions"}],"predecessor-version":[{"id":5035,"href":"https:\/\/memurunsesi.net\/index.php\/wp-json\/wp\/v2\/posts\/5033\/revisions\/5035"}],"wp:featuredmedia":[{"embeddable":true,"href":"https:\/\/memurunsesi.net\/index.php\/wp-json\/wp\/v2\/media\/5034"}],"wp:attachment":[{"href":"https:\/\/memurunsesi.net\/index.php\/wp-json\/wp\/v2\/media?parent=5033"}],"wp:term":[{"taxonomy":"category","embeddable":true,"href":"https:\/\/memurunsesi.net\/index.php\/wp-json\/wp\/v2\/categories?post=5033"},{"taxonomy":"post_tag","embeddable":true,"href":"https:\/\/memurunsesi.net\/index.php\/wp-json\/wp\/v2\/tags?post=5033"}],"curies":[{"name":"wp","href":"https:\/\/api.w.org\/{rel}","templated":true}]}}