{"id":5039,"date":"2025-04-09T19:29:20","date_gmt":"2025-04-09T16:29:20","guid":{"rendered":"https:\/\/memurunsesi.net\/?p=5039"},"modified":"2025-04-09T19:29:20","modified_gmt":"2025-04-09T16:29:20","slug":"siverekte-hastane-otoparkinda-otomobiller-alev-aldi","status":"publish","type":"post","link":"https:\/\/memurunsesi.net\/index.php\/2025\/04\/09\/siverekte-hastane-otoparkinda-otomobiller-alev-aldi\/","title":{"rendered":"Siverek\u2019te hastane otopark\u0131nda otomobiller alev ald\u0131"},"content":{"rendered":"<p>Siverek Devlet Hastanesi otopark\u0131nda bir otomobilde \u00e7\u0131kan yang\u0131n ba\u015fka bir araca s\u0131\u00e7rad\u0131. Yang\u0131n itfaiye ekiplerinin m\u00fcdahalesiyle s\u00f6nd\u00fcr\u00fcl\u00fcrken, iki ara\u00e7 kullan\u0131lamaz hale geldi.<br \/>\n\u015eanl\u0131urfa\u2019n\u0131n Siverek il\u00e7esinde Devlet Hastanesi otopark\u0131nda park halindeki bir otomobilde yang\u0131n \u00e7\u0131kt\u0131. Yang\u0131n k\u0131sa s\u00fcrede b\u00fcy\u00fcyerek, yan\u0131nda bulunan ba\u015fka bir araca da s\u0131\u00e7rad\u0131. \u0130hbar \u00fczerine olay yerine itfaiye ekipleri sevk edildi. Ekiplerin m\u00fcdahalesiyle yang\u0131n kontrol alt\u0131na al\u0131narak s\u00f6nd\u00fcr\u00fcl\u00fcrken, yang\u0131n nedeniyle her iki ara\u00e7 da tamamen yanarak kullan\u0131lamaz hale geldi.<br \/>\nYang\u0131n\u0131n \u00e7\u0131k\u0131\u015f nedeni hen\u00fcz belirlenemezken, olayla ilgili inceleme ba\u015flat\u0131ld\u0131.<\/p>\n<p>9.04.2025<\/p>\n","protected":false},"excerpt":{"rendered":"<p>Siverek Devlet Hastanesi otopark\u0131nda bir otomobilde \u00e7\u0131kan yang\u0131n ba\u015fka bir araca s\u0131\u00e7rad\u0131. Yang\u0131n itfaiye ekiplerinin m\u00fcdahalesiyle s\u00f6nd\u00fcr\u00fcl\u00fcrken, iki ara\u00e7 kullan\u0131lamaz hale geldi. \u015eanl\u0131urfa\u2019n\u0131n Siverek il\u00e7esinde Devlet Hastanesi otopark\u0131nda park halindeki bir otomobilde yang\u0131n \u00e7\u0131kt\u0131. Yang\u0131n k\u0131sa s\u00fcrede b\u00fcy\u00fcyerek, yan\u0131nda bulunan ba\u015fka bir araca da s\u0131\u00e7rad\u0131. \u0130hbar \u00fczerine olay yerine itfaiye ekipleri sevk edildi. Ekiplerin m\u00fcdahalesiyle [&hellip;]<\/p>\n","protected":false},"author":1,"featured_media":5040,"comment_status":"open","ping_status":"open","sticky":false,"template":"","format":"standard","meta":{"footnotes":""},"categories":[45],"tags":[],"class_list":["post-5039","post","type-post","status-publish","format-standard","has-post-thumbnail","hentry","category-gundem"],"yoast_head":"<!-- This site is optimized with the Yoast SEO plugin v27.4 - https:\/\/yoast.com\/product\/yoast-seo-wordpress\/ -->\n<title>Siverek\u2019te hastane otopark\u0131nda otomobiller alev ald\u0131 - Memurun Sesi<\/title>\n<meta name=\"robots\" content=\"index, follow, max-snippet:-1, max-image-preview:large, max-video-preview:-1\" \/>\n<link rel=\"canonical\" href=\"https:\/\/memurunsesi.net\/index.php\/2025\/04\/09\/siverekte-hastane-otoparkinda-otomobiller-alev-aldi\/\" \/>\n<meta property=\"og:locale\" content=\"tr_TR\" \/>\n<meta property=\"og:type\" content=\"article\" \/>\n<meta property=\"og:title\" content=\"Siverek\u2019te hastane otopark\u0131nda otomobiller alev ald\u0131 - Memurun Sesi\" \/>\n<meta property=\"og:description\" content=\"Siverek Devlet Hastanesi otopark\u0131nda bir otomobilde \u00e7\u0131kan yang\u0131n ba\u015fka bir araca s\u0131\u00e7rad\u0131. Yang\u0131n itfaiye ekiplerinin m\u00fcdahalesiyle s\u00f6nd\u00fcr\u00fcl\u00fcrken, iki ara\u00e7 kullan\u0131lamaz hale geldi. \u015eanl\u0131urfa\u2019n\u0131n Siverek il\u00e7esinde Devlet Hastanesi otopark\u0131nda park halindeki bir otomobilde yang\u0131n \u00e7\u0131kt\u0131. Yang\u0131n k\u0131sa s\u00fcrede b\u00fcy\u00fcyerek, yan\u0131nda bulunan ba\u015fka bir araca da s\u0131\u00e7rad\u0131. \u0130hbar \u00fczerine olay yerine itfaiye ekipleri sevk edildi. Ekiplerin m\u00fcdahalesiyle [&hellip;]\" \/>\n<meta property=\"og:url\" content=\"https:\/\/memurunsesi.net\/index.php\/2025\/04\/09\/siverekte-hastane-otoparkinda-otomobiller-alev-aldi\/\" \/>\n<meta property=\"og:site_name\" content=\"Memurun Sesi\" \/>\n<meta property=\"article:publisher\" content=\"https:\/\/www.facebook.com\/unipersen\/?locale=tr_TR\" \/>\n<meta property=\"article:published_time\" content=\"2025-04-09T16:29:20+00:00\" \/>\n<meta property=\"og:image\" content=\"https:\/\/memurunsesi.net\/wp-content\/uploads\/2025\/04\/AW429078_01.jpg\" \/>\n\t<meta property=\"og:image:width\" content=\"1290\" \/>\n\t<meta property=\"og:image:height\" content=\"1829\" \/>\n\t<meta property=\"og:image:type\" content=\"image\/jpeg\" \/>\n<meta name=\"author\" content=\"Memurun Sesi Haber Merkezi\" \/>\n<meta name=\"twitter:card\" content=\"summary_large_image\" \/>\n<meta name=\"twitter:creator\" content=\"@unipersen\" \/>\n<meta name=\"twitter:site\" content=\"@unipersen\" \/>\n<meta name=\"twitter:label1\" content=\"Yazan:\" \/>\n\t<meta name=\"twitter:data1\" content=\"Memurun Sesi Haber Merkezi\" \/>\n\t<meta name=\"twitter:label2\" content=\"Tahmini okuma s\u00fcresi\" \/>\n\t<meta name=\"twitter:data2\" content=\"1 dakika\" \/>\n<script type=\"application\/ld+json\" class=\"yoast-schema-graph\">{\"@context\":\"https:\\\/\\\/schema.org\",\"@graph\":[{\"@type\":\"Article\",\"@id\":\"https:\\\/\\\/memurunsesi.net\\\/index.php\\\/2025\\\/04\\\/09\\\/siverekte-hastane-otoparkinda-otomobiller-alev-aldi\\\/#article\",\"isPartOf\":{\"@id\":\"https:\\\/\\\/memurunsesi.net\\\/index.php\\\/2025\\\/04\\\/09\\\/siverekte-hastane-otoparkinda-otomobiller-alev-aldi\\\/\"},\"author\":{\"name\":\"Memurun Sesi Haber Merkezi\",\"@id\":\"https:\\\/\\\/memurunsesi.net\\\/#\\\/schema\\\/person\\\/f21c2d73b89f6ee1d80b0a1803e38587\"},\"headline\":\"Siverek\u2019te hastane otopark\u0131nda otomobiller alev ald\u0131\",\"datePublished\":\"2025-04-09T16:29:20+00:00\",\"mainEntityOfPage\":{\"@id\":\"https:\\\/\\\/memurunsesi.net\\\/index.php\\\/2025\\\/04\\\/09\\\/siverekte-hastane-otoparkinda-otomobiller-alev-aldi\\\/\"},\"wordCount\":128,\"commentCount\":0,\"publisher\":{\"@id\":\"https:\\\/\\\/memurunsesi.net\\\/#organization\"},\"image\":{\"@id\":\"https:\\\/\\\/memurunsesi.net\\\/index.php\\\/2025\\\/04\\\/09\\\/siverekte-hastane-otoparkinda-otomobiller-alev-aldi\\\/#primaryimage\"},\"thumbnailUrl\":\"https:\\\/\\\/memurunsesi.net\\\/wp-content\\\/uploads\\\/2025\\\/04\\\/AW429078_01.jpg\",\"articleSection\":[\"G\u00fcndem\"],\"inLanguage\":\"tr\",\"potentialAction\":[{\"@type\":\"CommentAction\",\"name\":\"Comment\",\"target\":[\"https:\\\/\\\/memurunsesi.net\\\/index.php\\\/2025\\\/04\\\/09\\\/siverekte-hastane-otoparkinda-otomobiller-alev-aldi\\\/#respond\"]}]},{\"@type\":\"WebPage\",\"@id\":\"https:\\\/\\\/memurunsesi.net\\\/index.php\\\/2025\\\/04\\\/09\\\/siverekte-hastane-otoparkinda-otomobiller-alev-aldi\\\/\",\"url\":\"https:\\\/\\\/memurunsesi.net\\\/index.php\\\/2025\\\/04\\\/09\\\/siverekte-hastane-otoparkinda-otomobiller-alev-aldi\\\/\",\"name\":\"Siverek\u2019te hastane otopark\u0131nda otomobiller alev ald\u0131 - Memurun Sesi\",\"isPartOf\":{\"@id\":\"https:\\\/\\\/memurunsesi.net\\\/#website\"},\"primaryImageOfPage\":{\"@id\":\"https:\\\/\\\/memurunsesi.net\\\/index.php\\\/2025\\\/04\\\/09\\\/siverekte-hastane-otoparkinda-otomobiller-alev-aldi\\\/#primaryimage\"},\"image\":{\"@id\":\"https:\\\/\\\/memurunsesi.net\\\/index.php\\\/2025\\\/04\\\/09\\\/siverekte-hastane-otoparkinda-otomobiller-alev-aldi\\\/#primaryimage\"},\"thumbnailUrl\":\"https:\\\/\\\/memurunsesi.net\\\/wp-content\\\/uploads\\\/2025\\\/04\\\/AW429078_01.jpg\",\"datePublished\":\"2025-04-09T16:29:20+00:00\",\"breadcrumb\":{\"@id\":\"https:\\\/\\\/memurunsesi.net\\\/index.php\\\/2025\\\/04\\\/09\\\/siverekte-hastane-otoparkinda-otomobiller-alev-aldi\\\/#breadcrumb\"},\"inLanguage\":\"tr\",\"potentialAction\":[{\"@type\":\"ReadAction\",\"target\":[\"https:\\\/\\\/memurunsesi.net\\\/index.php\\\/2025\\\/04\\\/09\\\/siverekte-hastane-otoparkinda-otomobiller-alev-aldi\\\/\"]}]},{\"@type\":\"ImageObject\",\"inLanguage\":\"tr\",\"@id\":\"https:\\\/\\\/memurunsesi.net\\\/index.php\\\/2025\\\/04\\\/09\\\/siverekte-hastane-otoparkinda-otomobiller-alev-aldi\\\/#primaryimage\",\"url\":\"https:\\\/\\\/memurunsesi.net\\\/wp-content\\\/uploads\\\/2025\\\/04\\\/AW429078_01.jpg\",\"contentUrl\":\"https:\\\/\\\/memurunsesi.net\\\/wp-content\\\/uploads\\\/2025\\\/04\\\/AW429078_01.jpg\",\"width\":1290,\"height\":1829,\"caption\":\"S\u0130VEREK ARA\u00c7 YANGINI (MEVL\u00dcT BAYRAKTAR\\\/\u015eANLIURFA-\u0130HA) Siverek Devlet Hastanesi otopark\u0131nda bir otomobilde \u00e7\u0131kan yang\u0131n ba\u015fka bir araca s\u0131\u00e7rad\u0131. Yang\u0131n itfaiye ekiplerinin m\u00fcdahalesiyle s\u00f6nd\u00fcr\u00fcl\u00fcrken, iki ara\u00e7 kullan\u0131lamaz hale geldi.\"},{\"@type\":\"BreadcrumbList\",\"@id\":\"https:\\\/\\\/memurunsesi.net\\\/index.php\\\/2025\\\/04\\\/09\\\/siverekte-hastane-otoparkinda-otomobiller-alev-aldi\\\/#breadcrumb\",\"itemListElement\":[{\"@type\":\"ListItem\",\"position\":1,\"name\":\"Anasayfa\",\"item\":\"https:\\\/\\\/memurunsesi.net\\\/\"},{\"@type\":\"ListItem\",\"position\":2,\"name\":\"Siverek\u2019te hastane otopark\u0131nda otomobiller alev ald\u0131\"}]},{\"@type\":\"WebSite\",\"@id\":\"https:\\\/\\\/memurunsesi.net\\\/#website\",\"url\":\"https:\\\/\\\/memurunsesi.net\\\/\",\"name\":\"Memurun Sesi\",\"description\":\"G\u00fcncel ve Do\u011fru Haber\",\"publisher\":{\"@id\":\"https:\\\/\\\/memurunsesi.net\\\/#organization\"},\"potentialAction\":[{\"@type\":\"SearchAction\",\"target\":{\"@type\":\"EntryPoint\",\"urlTemplate\":\"https:\\\/\\\/memurunsesi.net\\\/?s={search_term_string}\"},\"query-input\":{\"@type\":\"PropertyValueSpecification\",\"valueRequired\":true,\"valueName\":\"search_term_string\"}}],\"inLanguage\":\"tr\"},{\"@type\":\"Organization\",\"@id\":\"https:\\\/\\\/memurunsesi.net\\\/#organization\",\"name\":\"Memurun Sesi\",\"url\":\"https:\\\/\\\/memurunsesi.net\\\/\",\"logo\":{\"@type\":\"ImageObject\",\"inLanguage\":\"tr\",\"@id\":\"https:\\\/\\\/memurunsesi.net\\\/#\\\/schema\\\/logo\\\/image\\\/\",\"url\":\"https:\\\/\\\/memurunsesi.net\\\/wp-content\\\/uploads\\\/2025\\\/11\\\/cropped-MEMURUN-SESI.png\",\"contentUrl\":\"https:\\\/\\\/memurunsesi.net\\\/wp-content\\\/uploads\\\/2025\\\/11\\\/cropped-MEMURUN-SESI.png\",\"width\":238,\"height\":57,\"caption\":\"Memurun Sesi\"},\"image\":{\"@id\":\"https:\\\/\\\/memurunsesi.net\\\/#\\\/schema\\\/logo\\\/image\\\/\"},\"sameAs\":[\"https:\\\/\\\/www.facebook.com\\\/unipersen\\\/?locale=tr_TR\",\"https:\\\/\\\/x.com\\\/unipersen\"]},{\"@type\":\"Person\",\"@id\":\"https:\\\/\\\/memurunsesi.net\\\/#\\\/schema\\\/person\\\/f21c2d73b89f6ee1d80b0a1803e38587\",\"name\":\"Memurun Sesi Haber Merkezi\",\"image\":{\"@type\":\"ImageObject\",\"inLanguage\":\"tr\",\"@id\":\"https:\\\/\\\/secure.gravatar.com\\\/avatar\\\/6cf0505f452ee753f485014986fab09a434671d2b919ee76fc541025c5876a70?s=96&d=mm&r=g\",\"url\":\"https:\\\/\\\/secure.gravatar.com\\\/avatar\\\/6cf0505f452ee753f485014986fab09a434671d2b919ee76fc541025c5876a70?s=96&d=mm&r=g\",\"contentUrl\":\"https:\\\/\\\/secure.gravatar.com\\\/avatar\\\/6cf0505f452ee753f485014986fab09a434671d2b919ee76fc541025c5876a70?s=96&d=mm&r=g\",\"caption\":\"Memurun Sesi Haber Merkezi\"},\"sameAs\":[\"https:\\\/\\\/memurunsesi.net\"],\"url\":\"https:\\\/\\\/memurunsesi.net\\\/index.php\\\/author\\\/uniper\\\/\"}]}<\/script>\n<!-- \/ Yoast SEO plugin. -->","yoast_head_json":{"title":"Siverek\u2019te hastane otopark\u0131nda otomobiller alev ald\u0131 - Memurun Sesi","robots":{"index":"index","follow":"follow","max-snippet":"max-snippet:-1","max-image-preview":"max-image-preview:large","max-video-preview":"max-video-preview:-1"},"canonical":"https:\/\/memurunsesi.net\/index.php\/2025\/04\/09\/siverekte-hastane-otoparkinda-otomobiller-alev-aldi\/","og_locale":"tr_TR","og_type":"article","og_title":"Siverek\u2019te hastane otopark\u0131nda otomobiller alev ald\u0131 - Memurun Sesi","og_description":"Siverek Devlet Hastanesi otopark\u0131nda bir otomobilde \u00e7\u0131kan yang\u0131n ba\u015fka bir araca s\u0131\u00e7rad\u0131. Yang\u0131n itfaiye ekiplerinin m\u00fcdahalesiyle s\u00f6nd\u00fcr\u00fcl\u00fcrken, iki ara\u00e7 kullan\u0131lamaz hale geldi. \u015eanl\u0131urfa\u2019n\u0131n Siverek il\u00e7esinde Devlet Hastanesi otopark\u0131nda park halindeki bir otomobilde yang\u0131n \u00e7\u0131kt\u0131. Yang\u0131n k\u0131sa s\u00fcrede b\u00fcy\u00fcyerek, yan\u0131nda bulunan ba\u015fka bir araca da s\u0131\u00e7rad\u0131. \u0130hbar \u00fczerine olay yerine itfaiye ekipleri sevk edildi. Ekiplerin m\u00fcdahalesiyle [&hellip;]","og_url":"https:\/\/memurunsesi.net\/index.php\/2025\/04\/09\/siverekte-hastane-otoparkinda-otomobiller-alev-aldi\/","og_site_name":"Memurun Sesi","article_publisher":"https:\/\/www.facebook.com\/unipersen\/?locale=tr_TR","article_published_time":"2025-04-09T16:29:20+00:00","og_image":[{"width":1290,"height":1829,"url":"https:\/\/memurunsesi.net\/wp-content\/uploads\/2025\/04\/AW429078_01.jpg","type":"image\/jpeg"}],"author":"Memurun Sesi Haber Merkezi","twitter_card":"summary_large_image","twitter_creator":"@unipersen","twitter_site":"@unipersen","twitter_misc":{"Yazan:":"Memurun Sesi Haber Merkezi","Tahmini okuma s\u00fcresi":"1 dakika"},"schema":{"@context":"https:\/\/schema.org","@graph":[{"@type":"Article","@id":"https:\/\/memurunsesi.net\/index.php\/2025\/04\/09\/siverekte-hastane-otoparkinda-otomobiller-alev-aldi\/#article","isPartOf":{"@id":"https:\/\/memurunsesi.net\/index.php\/2025\/04\/09\/siverekte-hastane-otoparkinda-otomobiller-alev-aldi\/"},"author":{"name":"Memurun Sesi Haber Merkezi","@id":"https:\/\/memurunsesi.net\/#\/schema\/person\/f21c2d73b89f6ee1d80b0a1803e38587"},"headline":"Siverek\u2019te hastane otopark\u0131nda otomobiller alev ald\u0131","datePublished":"2025-04-09T16:29:20+00:00","mainEntityOfPage":{"@id":"https:\/\/memurunsesi.net\/index.php\/2025\/04\/09\/siverekte-hastane-otoparkinda-otomobiller-alev-aldi\/"},"wordCount":128,"commentCount":0,"publisher":{"@id":"https:\/\/memurunsesi.net\/#organization"},"image":{"@id":"https:\/\/memurunsesi.net\/index.php\/2025\/04\/09\/siverekte-hastane-otoparkinda-otomobiller-alev-aldi\/#primaryimage"},"thumbnailUrl":"https:\/\/memurunsesi.net\/wp-content\/uploads\/2025\/04\/AW429078_01.jpg","articleSection":["G\u00fcndem"],"inLanguage":"tr","potentialAction":[{"@type":"CommentAction","name":"Comment","target":["https:\/\/memurunsesi.net\/index.php\/2025\/04\/09\/siverekte-hastane-otoparkinda-otomobiller-alev-aldi\/#respond"]}]},{"@type":"WebPage","@id":"https:\/\/memurunsesi.net\/index.php\/2025\/04\/09\/siverekte-hastane-otoparkinda-otomobiller-alev-aldi\/","url":"https:\/\/memurunsesi.net\/index.php\/2025\/04\/09\/siverekte-hastane-otoparkinda-otomobiller-alev-aldi\/","name":"Siverek\u2019te hastane otopark\u0131nda otomobiller alev ald\u0131 - Memurun Sesi","isPartOf":{"@id":"https:\/\/memurunsesi.net\/#website"},"primaryImageOfPage":{"@id":"https:\/\/memurunsesi.net\/index.php\/2025\/04\/09\/siverekte-hastane-otoparkinda-otomobiller-alev-aldi\/#primaryimage"},"image":{"@id":"https:\/\/memurunsesi.net\/index.php\/2025\/04\/09\/siverekte-hastane-otoparkinda-otomobiller-alev-aldi\/#primaryimage"},"thumbnailUrl":"https:\/\/memurunsesi.net\/wp-content\/uploads\/2025\/04\/AW429078_01.jpg","datePublished":"2025-04-09T16:29:20+00:00","breadcrumb":{"@id":"https:\/\/memurunsesi.net\/index.php\/2025\/04\/09\/siverekte-hastane-otoparkinda-otomobiller-alev-aldi\/#breadcrumb"},"inLanguage":"tr","potentialAction":[{"@type":"ReadAction","target":["https:\/\/memurunsesi.net\/index.php\/2025\/04\/09\/siverekte-hastane-otoparkinda-otomobiller-alev-aldi\/"]}]},{"@type":"ImageObject","inLanguage":"tr","@id":"https:\/\/memurunsesi.net\/index.php\/2025\/04\/09\/siverekte-hastane-otoparkinda-otomobiller-alev-aldi\/#primaryimage","url":"https:\/\/memurunsesi.net\/wp-content\/uploads\/2025\/04\/AW429078_01.jpg","contentUrl":"https:\/\/memurunsesi.net\/wp-content\/uploads\/2025\/04\/AW429078_01.jpg","width":1290,"height":1829,"caption":"S\u0130VEREK ARA\u00c7 YANGINI (MEVL\u00dcT BAYRAKTAR\/\u015eANLIURFA-\u0130HA) Siverek Devlet Hastanesi otopark\u0131nda bir otomobilde \u00e7\u0131kan yang\u0131n ba\u015fka bir araca s\u0131\u00e7rad\u0131. Yang\u0131n itfaiye ekiplerinin m\u00fcdahalesiyle s\u00f6nd\u00fcr\u00fcl\u00fcrken, iki ara\u00e7 kullan\u0131lamaz hale geldi."},{"@type":"BreadcrumbList","@id":"https:\/\/memurunsesi.net\/index.php\/2025\/04\/09\/siverekte-hastane-otoparkinda-otomobiller-alev-aldi\/#breadcrumb","itemListElement":[{"@type":"ListItem","position":1,"name":"Anasayfa","item":"https:\/\/memurunsesi.net\/"},{"@type":"ListItem","position":2,"name":"Siverek\u2019te hastane otopark\u0131nda otomobiller alev ald\u0131"}]},{"@type":"WebSite","@id":"https:\/\/memurunsesi.net\/#website","url":"https:\/\/memurunsesi.net\/","name":"Memurun Sesi","description":"G\u00fcncel ve Do\u011fru Haber","publisher":{"@id":"https:\/\/memurunsesi.net\/#organization"},"potentialAction":[{"@type":"SearchAction","target":{"@type":"EntryPoint","urlTemplate":"https:\/\/memurunsesi.net\/?s={search_term_string}"},"query-input":{"@type":"PropertyValueSpecification","valueRequired":true,"valueName":"search_term_string"}}],"inLanguage":"tr"},{"@type":"Organization","@id":"https:\/\/memurunsesi.net\/#organization","name":"Memurun Sesi","url":"https:\/\/memurunsesi.net\/","logo":{"@type":"ImageObject","inLanguage":"tr","@id":"https:\/\/memurunsesi.net\/#\/schema\/logo\/image\/","url":"https:\/\/memurunsesi.net\/wp-content\/uploads\/2025\/11\/cropped-MEMURUN-SESI.png","contentUrl":"https:\/\/memurunsesi.net\/wp-content\/uploads\/2025\/11\/cropped-MEMURUN-SESI.png","width":238,"height":57,"caption":"Memurun Sesi"},"image":{"@id":"https:\/\/memurunsesi.net\/#\/schema\/logo\/image\/"},"sameAs":["https:\/\/www.facebook.com\/unipersen\/?locale=tr_TR","https:\/\/x.com\/unipersen"]},{"@type":"Person","@id":"https:\/\/memurunsesi.net\/#\/schema\/person\/f21c2d73b89f6ee1d80b0a1803e38587","name":"Memurun Sesi Haber Merkezi","image":{"@type":"ImageObject","inLanguage":"tr","@id":"https:\/\/secure.gravatar.com\/avatar\/6cf0505f452ee753f485014986fab09a434671d2b919ee76fc541025c5876a70?s=96&d=mm&r=g","url":"https:\/\/secure.gravatar.com\/avatar\/6cf0505f452ee753f485014986fab09a434671d2b919ee76fc541025c5876a70?s=96&d=mm&r=g","contentUrl":"https:\/\/secure.gravatar.com\/avatar\/6cf0505f452ee753f485014986fab09a434671d2b919ee76fc541025c5876a70?s=96&d=mm&r=g","caption":"Memurun Sesi Haber Merkezi"},"sameAs":["https:\/\/memurunsesi.net"],"url":"https:\/\/memurunsesi.net\/index.php\/author\/uniper\/"}]}},"_links":{"self":[{"href":"https:\/\/memurunsesi.net\/index.php\/wp-json\/wp\/v2\/posts\/5039","targetHints":{"allow":["GET"]}}],"collection":[{"href":"https:\/\/memurunsesi.net\/index.php\/wp-json\/wp\/v2\/posts"}],"about":[{"href":"https:\/\/memurunsesi.net\/index.php\/wp-json\/wp\/v2\/types\/post"}],"author":[{"embeddable":true,"href":"https:\/\/memurunsesi.net\/index.php\/wp-json\/wp\/v2\/users\/1"}],"replies":[{"embeddable":true,"href":"https:\/\/memurunsesi.net\/index.php\/wp-json\/wp\/v2\/comments?post=5039"}],"version-history":[{"count":1,"href":"https:\/\/memurunsesi.net\/index.php\/wp-json\/wp\/v2\/posts\/5039\/revisions"}],"predecessor-version":[{"id":5041,"href":"https:\/\/memurunsesi.net\/index.php\/wp-json\/wp\/v2\/posts\/5039\/revisions\/5041"}],"wp:featuredmedia":[{"embeddable":true,"href":"https:\/\/memurunsesi.net\/index.php\/wp-json\/wp\/v2\/media\/5040"}],"wp:attachment":[{"href":"https:\/\/memurunsesi.net\/index.php\/wp-json\/wp\/v2\/media?parent=5039"}],"wp:term":[{"taxonomy":"category","embeddable":true,"href":"https:\/\/memurunsesi.net\/index.php\/wp-json\/wp\/v2\/categories?post=5039"},{"taxonomy":"post_tag","embeddable":true,"href":"https:\/\/memurunsesi.net\/index.php\/wp-json\/wp\/v2\/tags?post=5039"}],"curies":[{"name":"wp","href":"https:\/\/api.w.org\/{rel}","templated":true}]}}