{"id":5045,"date":"2025-04-09T19:34:06","date_gmt":"2025-04-09T16:34:06","guid":{"rendered":"https:\/\/memurunsesi.net\/?p=5045"},"modified":"2025-04-09T19:34:06","modified_gmt":"2025-04-09T16:34:06","slug":"anne-vahseti-ogretmen-kizini-bogarak-oldurdu-bilegini-keserek-intihar-susu-verdi","status":"publish","type":"post","link":"https:\/\/memurunsesi.net\/index.php\/2025\/04\/09\/anne-vahseti-ogretmen-kizini-bogarak-oldurdu-bilegini-keserek-intihar-susu-verdi\/","title":{"rendered":"Anne vah\u015feti: \u00d6\u011fretmen k\u0131z\u0131n\u0131 bo\u011farak \u00f6ld\u00fcrd\u00fc, bile\u011fini keserek intihar s\u00fcs\u00fc verdi"},"content":{"rendered":"<p>Samsun&#8217;da rehber \u00f6\u011fretmeni k\u0131z\u0131n\u0131 bo\u011farak \u00f6ld\u00fcren anne bile\u011fini kesip intihar s\u00fcs\u00fc verdi ve polise ihbarda bulundu. Gen\u00e7 \u00f6\u011fretmenin \u00f6ld\u00fcr\u00fcld\u00fc\u011f\u00fc otopside ortaya \u00e7\u0131k\u0131nca g\u00f6zalt\u0131na al\u0131nan anne cinayeti itiraf etti.<br \/>\nOlay, Samsun&#8217;un Atakum il\u00e7esi Esenevler Mahallesi&#8217;nde \u00f6nceki gece meydana geldi. Edinilen bilgiye g\u00f6re, asker olan a\u011fabeyi 2021 y\u0131l\u0131nda Hakkari&#8217;de \u015fehit olan Tuba G\u00fcnayd\u0131n (34), ya\u015fad\u0131\u011f\u0131 psikolojik s\u0131k\u0131nt\u0131dan dolay\u0131 ayn\u0131 d\u00f6nemde e\u015finden bo\u015fand\u0131. Rehberlik \u00f6\u011fretmeni olan Tuba G\u00fcnayd\u0131n, \u015fehit ve gazi yak\u0131n\u0131 kadrosundan Samsun&#8217;daki Sakarya \u0130lkokulunda g\u00f6reve ba\u015flad\u0131. G\u00f6z\u00fcnden sa\u011fl\u0131k sorunlar\u0131 ya\u015fay\u0131p sa\u011f aya\u011f\u0131 da k\u0131smi fel\u00e7 ge\u00e7iren Tuba G\u00fcnayd\u0131n, annesi Sultan G\u00fcnayd\u0131n (61) ile ya\u015famaya ba\u015flad\u0131. \u00d6\u011fretmen Tuba G\u00fcnayd\u0131n&#8217;\u0131n annesi Sultan G\u00fcnayd\u0131n \u00f6nceki gece 112 Acil \u00c7a\u011fr\u0131 Merkezine ihbarda bulunarak k\u0131z\u0131n\u0131n banyoda sol bile\u011fi kesilmi\u015f halde hareketsiz yatt\u0131\u011f\u0131n\u0131 ve son d\u00f6nemlerde psikolojik sorunlar\u0131 oldu\u011funu s\u00f6yledi. Olay\u0131n oldu\u011fu eve polis ve sa\u011fl\u0131k ekipleri sevk edildi. Tuba G\u00fcnayd\u0131n&#8217;\u0131n olay yerinde hayat\u0131n\u0131 kaybetti\u011fi tespit edildi. Bile\u011fini keserek intihar etti\u011fi de\u011ferlendirilen Tuba G\u00fcnayd\u0131n&#8217;\u0131n cans\u0131z bedeni otopsi i\u00e7in Adli T\u0131p Kurumu Samsun Grup Ba\u015fkanl\u0131\u011f\u0131na g\u00f6nderildi. Yap\u0131lan otopside gen\u00e7 \u00f6\u011fretmenin boynunda bo\u011fmaya ba\u011fl\u0131 k\u0131r\u0131klar oldu\u011fu ortaya \u00e7\u0131k\u0131nca korkun\u00e7 ger\u00e7ek ortaya \u00e7\u0131kt\u0131 ve anne Sultan G\u00fcnayd\u0131n savc\u0131n\u0131n talimat\u0131 do\u011frultusunda Samsun Emniyet M\u00fcd\u00fcrl\u00fc\u011f\u00fc Asayi\u015f \u015eube M\u00fcd\u00fcrl\u00fc\u011f\u00fc Cinayet B\u00fcro Amirli\u011fi ekipleri taraf\u0131ndan g\u00f6zalt\u0131na al\u0131nd\u0131. Polis sorgusunda su\u00e7unu itiraf etmek zorunda kalan anne Sultan G\u00fcnayd\u0131n, &#8220;Olay gecesi kanepeye uzand\u0131m yat\u0131yordum. K\u0131z\u0131m da banyoda di\u015fini f\u0131r\u00e7al\u0131yordu. Beni yan\u0131na \u00e7a\u011f\u0131rd\u0131. Yan\u0131na gidince bana sald\u0131rd\u0131. \u0130ttim yere d\u00fc\u015ft\u00fc. Kalk\u0131p yine sald\u0131rd\u0131. Bu kez kendimi kurtarmak i\u00e7in bo\u011faz\u0131n\u0131 s\u0131kt\u0131m, yere d\u00fc\u015ft\u00fc. Hareketsiz yat\u0131yordu. \u00d6lm\u00fc\u015ft\u00fc. Mutfaktan b\u0131\u00e7ak ald\u0131m sol bile\u011fini kesip intihar s\u00fcs\u00fc verip polise haber verdim&#8221; dedi\u011fi \u00f6\u011frenildi.<br \/>\nPolisteki sorgusu tamamlanan katil zanl\u0131s\u0131 anne, Samsun Adliyesine sevk edildi.<\/p>\n<p>9.04.2025<\/p>\n","protected":false},"excerpt":{"rendered":"<p>Samsun&#8217;da rehber \u00f6\u011fretmeni k\u0131z\u0131n\u0131 bo\u011farak \u00f6ld\u00fcren anne bile\u011fini kesip intihar s\u00fcs\u00fc verdi ve polise ihbarda bulundu. Gen\u00e7 \u00f6\u011fretmenin \u00f6ld\u00fcr\u00fcld\u00fc\u011f\u00fc otopside ortaya \u00e7\u0131k\u0131nca g\u00f6zalt\u0131na al\u0131nan anne cinayeti itiraf etti. Olay, Samsun&#8217;un Atakum il\u00e7esi Esenevler Mahallesi&#8217;nde \u00f6nceki gece meydana geldi. Edinilen bilgiye g\u00f6re, asker olan a\u011fabeyi 2021 y\u0131l\u0131nda Hakkari&#8217;de \u015fehit olan Tuba G\u00fcnayd\u0131n (34), ya\u015fad\u0131\u011f\u0131 psikolojik s\u0131k\u0131nt\u0131dan [&hellip;]<\/p>\n","protected":false},"author":1,"featured_media":5046,"comment_status":"open","ping_status":"open","sticky":false,"template":"","format":"standard","meta":{"footnotes":""},"categories":[1],"tags":[],"class_list":["post-5045","post","type-post","status-publish","format-standard","has-post-thumbnail","hentry","category-genel"],"yoast_head":"<!-- This site is optimized with the Yoast SEO plugin v27.4 - https:\/\/yoast.com\/product\/yoast-seo-wordpress\/ -->\n<title>Anne vah\u015feti: \u00d6\u011fretmen k\u0131z\u0131n\u0131 bo\u011farak \u00f6ld\u00fcrd\u00fc, bile\u011fini keserek intihar s\u00fcs\u00fc verdi - Memurun Sesi<\/title>\n<meta name=\"robots\" content=\"index, follow, max-snippet:-1, max-image-preview:large, max-video-preview:-1\" \/>\n<link rel=\"canonical\" href=\"https:\/\/memurunsesi.net\/index.php\/2025\/04\/09\/anne-vahseti-ogretmen-kizini-bogarak-oldurdu-bilegini-keserek-intihar-susu-verdi\/\" \/>\n<meta property=\"og:locale\" content=\"tr_TR\" \/>\n<meta property=\"og:type\" content=\"article\" \/>\n<meta property=\"og:title\" content=\"Anne vah\u015feti: \u00d6\u011fretmen k\u0131z\u0131n\u0131 bo\u011farak \u00f6ld\u00fcrd\u00fc, bile\u011fini keserek intihar s\u00fcs\u00fc verdi - Memurun Sesi\" \/>\n<meta property=\"og:description\" content=\"Samsun&#8217;da rehber \u00f6\u011fretmeni k\u0131z\u0131n\u0131 bo\u011farak \u00f6ld\u00fcren anne bile\u011fini kesip intihar s\u00fcs\u00fc verdi ve polise ihbarda bulundu. Gen\u00e7 \u00f6\u011fretmenin \u00f6ld\u00fcr\u00fcld\u00fc\u011f\u00fc otopside ortaya \u00e7\u0131k\u0131nca g\u00f6zalt\u0131na al\u0131nan anne cinayeti itiraf etti. Olay, Samsun&#8217;un Atakum il\u00e7esi Esenevler Mahallesi&#8217;nde \u00f6nceki gece meydana geldi. Edinilen bilgiye g\u00f6re, asker olan a\u011fabeyi 2021 y\u0131l\u0131nda Hakkari&#8217;de \u015fehit olan Tuba G\u00fcnayd\u0131n (34), ya\u015fad\u0131\u011f\u0131 psikolojik s\u0131k\u0131nt\u0131dan [&hellip;]\" \/>\n<meta property=\"og:url\" content=\"https:\/\/memurunsesi.net\/index.php\/2025\/04\/09\/anne-vahseti-ogretmen-kizini-bogarak-oldurdu-bilegini-keserek-intihar-susu-verdi\/\" \/>\n<meta property=\"og:site_name\" content=\"Memurun Sesi\" \/>\n<meta property=\"article:publisher\" content=\"https:\/\/www.facebook.com\/unipersen\/?locale=tr_TR\" \/>\n<meta property=\"article:published_time\" content=\"2025-04-09T16:34:06+00:00\" \/>\n<meta property=\"og:image\" content=\"https:\/\/memurunsesi.net\/wp-content\/uploads\/2025\/04\/AW428515_05-scaled.jpg\" \/>\n\t<meta property=\"og:image:width\" content=\"2560\" \/>\n\t<meta property=\"og:image:height\" content=\"1442\" \/>\n\t<meta property=\"og:image:type\" content=\"image\/jpeg\" \/>\n<meta name=\"author\" content=\"Memurun Sesi Haber Merkezi\" \/>\n<meta name=\"twitter:card\" content=\"summary_large_image\" \/>\n<meta name=\"twitter:creator\" content=\"@unipersen\" \/>\n<meta name=\"twitter:site\" content=\"@unipersen\" \/>\n<meta name=\"twitter:label1\" content=\"Yazan:\" \/>\n\t<meta name=\"twitter:data1\" content=\"Memurun Sesi Haber Merkezi\" \/>\n\t<meta name=\"twitter:label2\" content=\"Tahmini okuma s\u00fcresi\" \/>\n\t<meta name=\"twitter:data2\" content=\"2 dakika\" \/>\n<script type=\"application\/ld+json\" class=\"yoast-schema-graph\">{\"@context\":\"https:\\\/\\\/schema.org\",\"@graph\":[{\"@type\":\"Article\",\"@id\":\"https:\\\/\\\/memurunsesi.net\\\/index.php\\\/2025\\\/04\\\/09\\\/anne-vahseti-ogretmen-kizini-bogarak-oldurdu-bilegini-keserek-intihar-susu-verdi\\\/#article\",\"isPartOf\":{\"@id\":\"https:\\\/\\\/memurunsesi.net\\\/index.php\\\/2025\\\/04\\\/09\\\/anne-vahseti-ogretmen-kizini-bogarak-oldurdu-bilegini-keserek-intihar-susu-verdi\\\/\"},\"author\":{\"name\":\"Memurun Sesi Haber Merkezi\",\"@id\":\"https:\\\/\\\/memurunsesi.net\\\/#\\\/schema\\\/person\\\/f21c2d73b89f6ee1d80b0a1803e38587\"},\"headline\":\"Anne vah\u015feti: \u00d6\u011fretmen k\u0131z\u0131n\u0131 bo\u011farak \u00f6ld\u00fcrd\u00fc, bile\u011fini keserek intihar s\u00fcs\u00fc verdi\",\"datePublished\":\"2025-04-09T16:34:06+00:00\",\"mainEntityOfPage\":{\"@id\":\"https:\\\/\\\/memurunsesi.net\\\/index.php\\\/2025\\\/04\\\/09\\\/anne-vahseti-ogretmen-kizini-bogarak-oldurdu-bilegini-keserek-intihar-susu-verdi\\\/\"},\"wordCount\":416,\"commentCount\":0,\"publisher\":{\"@id\":\"https:\\\/\\\/memurunsesi.net\\\/#organization\"},\"image\":{\"@id\":\"https:\\\/\\\/memurunsesi.net\\\/index.php\\\/2025\\\/04\\\/09\\\/anne-vahseti-ogretmen-kizini-bogarak-oldurdu-bilegini-keserek-intihar-susu-verdi\\\/#primaryimage\"},\"thumbnailUrl\":\"https:\\\/\\\/memurunsesi.net\\\/wp-content\\\/uploads\\\/2025\\\/04\\\/AW428515_05-scaled.jpg\",\"inLanguage\":\"tr\",\"potentialAction\":[{\"@type\":\"CommentAction\",\"name\":\"Comment\",\"target\":[\"https:\\\/\\\/memurunsesi.net\\\/index.php\\\/2025\\\/04\\\/09\\\/anne-vahseti-ogretmen-kizini-bogarak-oldurdu-bilegini-keserek-intihar-susu-verdi\\\/#respond\"]}]},{\"@type\":\"WebPage\",\"@id\":\"https:\\\/\\\/memurunsesi.net\\\/index.php\\\/2025\\\/04\\\/09\\\/anne-vahseti-ogretmen-kizini-bogarak-oldurdu-bilegini-keserek-intihar-susu-verdi\\\/\",\"url\":\"https:\\\/\\\/memurunsesi.net\\\/index.php\\\/2025\\\/04\\\/09\\\/anne-vahseti-ogretmen-kizini-bogarak-oldurdu-bilegini-keserek-intihar-susu-verdi\\\/\",\"name\":\"Anne vah\u015feti: \u00d6\u011fretmen k\u0131z\u0131n\u0131 bo\u011farak \u00f6ld\u00fcrd\u00fc, bile\u011fini keserek intihar s\u00fcs\u00fc verdi - Memurun Sesi\",\"isPartOf\":{\"@id\":\"https:\\\/\\\/memurunsesi.net\\\/#website\"},\"primaryImageOfPage\":{\"@id\":\"https:\\\/\\\/memurunsesi.net\\\/index.php\\\/2025\\\/04\\\/09\\\/anne-vahseti-ogretmen-kizini-bogarak-oldurdu-bilegini-keserek-intihar-susu-verdi\\\/#primaryimage\"},\"image\":{\"@id\":\"https:\\\/\\\/memurunsesi.net\\\/index.php\\\/2025\\\/04\\\/09\\\/anne-vahseti-ogretmen-kizini-bogarak-oldurdu-bilegini-keserek-intihar-susu-verdi\\\/#primaryimage\"},\"thumbnailUrl\":\"https:\\\/\\\/memurunsesi.net\\\/wp-content\\\/uploads\\\/2025\\\/04\\\/AW428515_05-scaled.jpg\",\"datePublished\":\"2025-04-09T16:34:06+00:00\",\"breadcrumb\":{\"@id\":\"https:\\\/\\\/memurunsesi.net\\\/index.php\\\/2025\\\/04\\\/09\\\/anne-vahseti-ogretmen-kizini-bogarak-oldurdu-bilegini-keserek-intihar-susu-verdi\\\/#breadcrumb\"},\"inLanguage\":\"tr\",\"potentialAction\":[{\"@type\":\"ReadAction\",\"target\":[\"https:\\\/\\\/memurunsesi.net\\\/index.php\\\/2025\\\/04\\\/09\\\/anne-vahseti-ogretmen-kizini-bogarak-oldurdu-bilegini-keserek-intihar-susu-verdi\\\/\"]}]},{\"@type\":\"ImageObject\",\"inLanguage\":\"tr\",\"@id\":\"https:\\\/\\\/memurunsesi.net\\\/index.php\\\/2025\\\/04\\\/09\\\/anne-vahseti-ogretmen-kizini-bogarak-oldurdu-bilegini-keserek-intihar-susu-verdi\\\/#primaryimage\",\"url\":\"https:\\\/\\\/memurunsesi.net\\\/wp-content\\\/uploads\\\/2025\\\/04\\\/AW428515_05-scaled.jpg\",\"contentUrl\":\"https:\\\/\\\/memurunsesi.net\\\/wp-content\\\/uploads\\\/2025\\\/04\\\/AW428515_05-scaled.jpg\",\"width\":2560,\"height\":1442,\"caption\":\"\u00d6\u011eRETMEN KIZINI BO\u011eARAK \u00d6LD\u00dcREN ANNE SULTAN G\u00dcNAYDIN (61) G\u00d6ZALTINA ALINDI. (MUHAMMER AY\\\/SAMSUN-\u0130HA) Samsun'da rehber \u00f6\u011fretmeni k\u0131z\u0131n\u0131 bo\u011farak \u00f6ld\u00fcren anne bile\u011fini kesip intihar s\u00fcs\u00fc verip polise ihbarda bulundu. Gen\u00e7 \u00f6\u011fretmenin \u00f6ld\u00fcr\u00fcld\u00fc\u011f\u00fc otopside ortaya \u00e7\u0131k\u0131nca g\u00f6zalt\u0131na al\u0131nan anne cinayeti itiraf etti.\"},{\"@type\":\"BreadcrumbList\",\"@id\":\"https:\\\/\\\/memurunsesi.net\\\/index.php\\\/2025\\\/04\\\/09\\\/anne-vahseti-ogretmen-kizini-bogarak-oldurdu-bilegini-keserek-intihar-susu-verdi\\\/#breadcrumb\",\"itemListElement\":[{\"@type\":\"ListItem\",\"position\":1,\"name\":\"Anasayfa\",\"item\":\"https:\\\/\\\/memurunsesi.net\\\/\"},{\"@type\":\"ListItem\",\"position\":2,\"name\":\"Anne vah\u015feti: \u00d6\u011fretmen k\u0131z\u0131n\u0131 bo\u011farak \u00f6ld\u00fcrd\u00fc, bile\u011fini keserek intihar s\u00fcs\u00fc verdi\"}]},{\"@type\":\"WebSite\",\"@id\":\"https:\\\/\\\/memurunsesi.net\\\/#website\",\"url\":\"https:\\\/\\\/memurunsesi.net\\\/\",\"name\":\"Memurun Sesi\",\"description\":\"G\u00fcncel ve Do\u011fru Haber\",\"publisher\":{\"@id\":\"https:\\\/\\\/memurunsesi.net\\\/#organization\"},\"potentialAction\":[{\"@type\":\"SearchAction\",\"target\":{\"@type\":\"EntryPoint\",\"urlTemplate\":\"https:\\\/\\\/memurunsesi.net\\\/?s={search_term_string}\"},\"query-input\":{\"@type\":\"PropertyValueSpecification\",\"valueRequired\":true,\"valueName\":\"search_term_string\"}}],\"inLanguage\":\"tr\"},{\"@type\":\"Organization\",\"@id\":\"https:\\\/\\\/memurunsesi.net\\\/#organization\",\"name\":\"Memurun Sesi\",\"url\":\"https:\\\/\\\/memurunsesi.net\\\/\",\"logo\":{\"@type\":\"ImageObject\",\"inLanguage\":\"tr\",\"@id\":\"https:\\\/\\\/memurunsesi.net\\\/#\\\/schema\\\/logo\\\/image\\\/\",\"url\":\"https:\\\/\\\/memurunsesi.net\\\/wp-content\\\/uploads\\\/2025\\\/11\\\/cropped-MEMURUN-SESI.png\",\"contentUrl\":\"https:\\\/\\\/memurunsesi.net\\\/wp-content\\\/uploads\\\/2025\\\/11\\\/cropped-MEMURUN-SESI.png\",\"width\":238,\"height\":57,\"caption\":\"Memurun Sesi\"},\"image\":{\"@id\":\"https:\\\/\\\/memurunsesi.net\\\/#\\\/schema\\\/logo\\\/image\\\/\"},\"sameAs\":[\"https:\\\/\\\/www.facebook.com\\\/unipersen\\\/?locale=tr_TR\",\"https:\\\/\\\/x.com\\\/unipersen\"]},{\"@type\":\"Person\",\"@id\":\"https:\\\/\\\/memurunsesi.net\\\/#\\\/schema\\\/person\\\/f21c2d73b89f6ee1d80b0a1803e38587\",\"name\":\"Memurun Sesi Haber Merkezi\",\"image\":{\"@type\":\"ImageObject\",\"inLanguage\":\"tr\",\"@id\":\"https:\\\/\\\/secure.gravatar.com\\\/avatar\\\/6cf0505f452ee753f485014986fab09a434671d2b919ee76fc541025c5876a70?s=96&d=mm&r=g\",\"url\":\"https:\\\/\\\/secure.gravatar.com\\\/avatar\\\/6cf0505f452ee753f485014986fab09a434671d2b919ee76fc541025c5876a70?s=96&d=mm&r=g\",\"contentUrl\":\"https:\\\/\\\/secure.gravatar.com\\\/avatar\\\/6cf0505f452ee753f485014986fab09a434671d2b919ee76fc541025c5876a70?s=96&d=mm&r=g\",\"caption\":\"Memurun Sesi Haber Merkezi\"},\"sameAs\":[\"https:\\\/\\\/memurunsesi.net\"],\"url\":\"https:\\\/\\\/memurunsesi.net\\\/index.php\\\/author\\\/uniper\\\/\"}]}<\/script>\n<!-- \/ Yoast SEO plugin. -->","yoast_head_json":{"title":"Anne vah\u015feti: \u00d6\u011fretmen k\u0131z\u0131n\u0131 bo\u011farak \u00f6ld\u00fcrd\u00fc, bile\u011fini keserek intihar s\u00fcs\u00fc verdi - Memurun Sesi","robots":{"index":"index","follow":"follow","max-snippet":"max-snippet:-1","max-image-preview":"max-image-preview:large","max-video-preview":"max-video-preview:-1"},"canonical":"https:\/\/memurunsesi.net\/index.php\/2025\/04\/09\/anne-vahseti-ogretmen-kizini-bogarak-oldurdu-bilegini-keserek-intihar-susu-verdi\/","og_locale":"tr_TR","og_type":"article","og_title":"Anne vah\u015feti: \u00d6\u011fretmen k\u0131z\u0131n\u0131 bo\u011farak \u00f6ld\u00fcrd\u00fc, bile\u011fini keserek intihar s\u00fcs\u00fc verdi - Memurun Sesi","og_description":"Samsun&#8217;da rehber \u00f6\u011fretmeni k\u0131z\u0131n\u0131 bo\u011farak \u00f6ld\u00fcren anne bile\u011fini kesip intihar s\u00fcs\u00fc verdi ve polise ihbarda bulundu. Gen\u00e7 \u00f6\u011fretmenin \u00f6ld\u00fcr\u00fcld\u00fc\u011f\u00fc otopside ortaya \u00e7\u0131k\u0131nca g\u00f6zalt\u0131na al\u0131nan anne cinayeti itiraf etti. Olay, Samsun&#8217;un Atakum il\u00e7esi Esenevler Mahallesi&#8217;nde \u00f6nceki gece meydana geldi. Edinilen bilgiye g\u00f6re, asker olan a\u011fabeyi 2021 y\u0131l\u0131nda Hakkari&#8217;de \u015fehit olan Tuba G\u00fcnayd\u0131n (34), ya\u015fad\u0131\u011f\u0131 psikolojik s\u0131k\u0131nt\u0131dan [&hellip;]","og_url":"https:\/\/memurunsesi.net\/index.php\/2025\/04\/09\/anne-vahseti-ogretmen-kizini-bogarak-oldurdu-bilegini-keserek-intihar-susu-verdi\/","og_site_name":"Memurun Sesi","article_publisher":"https:\/\/www.facebook.com\/unipersen\/?locale=tr_TR","article_published_time":"2025-04-09T16:34:06+00:00","og_image":[{"width":2560,"height":1442,"url":"https:\/\/memurunsesi.net\/wp-content\/uploads\/2025\/04\/AW428515_05-scaled.jpg","type":"image\/jpeg"}],"author":"Memurun Sesi Haber Merkezi","twitter_card":"summary_large_image","twitter_creator":"@unipersen","twitter_site":"@unipersen","twitter_misc":{"Yazan:":"Memurun Sesi Haber Merkezi","Tahmini okuma s\u00fcresi":"2 dakika"},"schema":{"@context":"https:\/\/schema.org","@graph":[{"@type":"Article","@id":"https:\/\/memurunsesi.net\/index.php\/2025\/04\/09\/anne-vahseti-ogretmen-kizini-bogarak-oldurdu-bilegini-keserek-intihar-susu-verdi\/#article","isPartOf":{"@id":"https:\/\/memurunsesi.net\/index.php\/2025\/04\/09\/anne-vahseti-ogretmen-kizini-bogarak-oldurdu-bilegini-keserek-intihar-susu-verdi\/"},"author":{"name":"Memurun Sesi Haber Merkezi","@id":"https:\/\/memurunsesi.net\/#\/schema\/person\/f21c2d73b89f6ee1d80b0a1803e38587"},"headline":"Anne vah\u015feti: \u00d6\u011fretmen k\u0131z\u0131n\u0131 bo\u011farak \u00f6ld\u00fcrd\u00fc, bile\u011fini keserek intihar s\u00fcs\u00fc verdi","datePublished":"2025-04-09T16:34:06+00:00","mainEntityOfPage":{"@id":"https:\/\/memurunsesi.net\/index.php\/2025\/04\/09\/anne-vahseti-ogretmen-kizini-bogarak-oldurdu-bilegini-keserek-intihar-susu-verdi\/"},"wordCount":416,"commentCount":0,"publisher":{"@id":"https:\/\/memurunsesi.net\/#organization"},"image":{"@id":"https:\/\/memurunsesi.net\/index.php\/2025\/04\/09\/anne-vahseti-ogretmen-kizini-bogarak-oldurdu-bilegini-keserek-intihar-susu-verdi\/#primaryimage"},"thumbnailUrl":"https:\/\/memurunsesi.net\/wp-content\/uploads\/2025\/04\/AW428515_05-scaled.jpg","inLanguage":"tr","potentialAction":[{"@type":"CommentAction","name":"Comment","target":["https:\/\/memurunsesi.net\/index.php\/2025\/04\/09\/anne-vahseti-ogretmen-kizini-bogarak-oldurdu-bilegini-keserek-intihar-susu-verdi\/#respond"]}]},{"@type":"WebPage","@id":"https:\/\/memurunsesi.net\/index.php\/2025\/04\/09\/anne-vahseti-ogretmen-kizini-bogarak-oldurdu-bilegini-keserek-intihar-susu-verdi\/","url":"https:\/\/memurunsesi.net\/index.php\/2025\/04\/09\/anne-vahseti-ogretmen-kizini-bogarak-oldurdu-bilegini-keserek-intihar-susu-verdi\/","name":"Anne vah\u015feti: \u00d6\u011fretmen k\u0131z\u0131n\u0131 bo\u011farak \u00f6ld\u00fcrd\u00fc, bile\u011fini keserek intihar s\u00fcs\u00fc verdi - Memurun Sesi","isPartOf":{"@id":"https:\/\/memurunsesi.net\/#website"},"primaryImageOfPage":{"@id":"https:\/\/memurunsesi.net\/index.php\/2025\/04\/09\/anne-vahseti-ogretmen-kizini-bogarak-oldurdu-bilegini-keserek-intihar-susu-verdi\/#primaryimage"},"image":{"@id":"https:\/\/memurunsesi.net\/index.php\/2025\/04\/09\/anne-vahseti-ogretmen-kizini-bogarak-oldurdu-bilegini-keserek-intihar-susu-verdi\/#primaryimage"},"thumbnailUrl":"https:\/\/memurunsesi.net\/wp-content\/uploads\/2025\/04\/AW428515_05-scaled.jpg","datePublished":"2025-04-09T16:34:06+00:00","breadcrumb":{"@id":"https:\/\/memurunsesi.net\/index.php\/2025\/04\/09\/anne-vahseti-ogretmen-kizini-bogarak-oldurdu-bilegini-keserek-intihar-susu-verdi\/#breadcrumb"},"inLanguage":"tr","potentialAction":[{"@type":"ReadAction","target":["https:\/\/memurunsesi.net\/index.php\/2025\/04\/09\/anne-vahseti-ogretmen-kizini-bogarak-oldurdu-bilegini-keserek-intihar-susu-verdi\/"]}]},{"@type":"ImageObject","inLanguage":"tr","@id":"https:\/\/memurunsesi.net\/index.php\/2025\/04\/09\/anne-vahseti-ogretmen-kizini-bogarak-oldurdu-bilegini-keserek-intihar-susu-verdi\/#primaryimage","url":"https:\/\/memurunsesi.net\/wp-content\/uploads\/2025\/04\/AW428515_05-scaled.jpg","contentUrl":"https:\/\/memurunsesi.net\/wp-content\/uploads\/2025\/04\/AW428515_05-scaled.jpg","width":2560,"height":1442,"caption":"\u00d6\u011eRETMEN KIZINI BO\u011eARAK \u00d6LD\u00dcREN ANNE SULTAN G\u00dcNAYDIN (61) G\u00d6ZALTINA ALINDI. (MUHAMMER AY\/SAMSUN-\u0130HA) Samsun'da rehber \u00f6\u011fretmeni k\u0131z\u0131n\u0131 bo\u011farak \u00f6ld\u00fcren anne bile\u011fini kesip intihar s\u00fcs\u00fc verip polise ihbarda bulundu. Gen\u00e7 \u00f6\u011fretmenin \u00f6ld\u00fcr\u00fcld\u00fc\u011f\u00fc otopside ortaya \u00e7\u0131k\u0131nca g\u00f6zalt\u0131na al\u0131nan anne cinayeti itiraf etti."},{"@type":"BreadcrumbList","@id":"https:\/\/memurunsesi.net\/index.php\/2025\/04\/09\/anne-vahseti-ogretmen-kizini-bogarak-oldurdu-bilegini-keserek-intihar-susu-verdi\/#breadcrumb","itemListElement":[{"@type":"ListItem","position":1,"name":"Anasayfa","item":"https:\/\/memurunsesi.net\/"},{"@type":"ListItem","position":2,"name":"Anne vah\u015feti: \u00d6\u011fretmen k\u0131z\u0131n\u0131 bo\u011farak \u00f6ld\u00fcrd\u00fc, bile\u011fini keserek intihar s\u00fcs\u00fc verdi"}]},{"@type":"WebSite","@id":"https:\/\/memurunsesi.net\/#website","url":"https:\/\/memurunsesi.net\/","name":"Memurun Sesi","description":"G\u00fcncel ve Do\u011fru Haber","publisher":{"@id":"https:\/\/memurunsesi.net\/#organization"},"potentialAction":[{"@type":"SearchAction","target":{"@type":"EntryPoint","urlTemplate":"https:\/\/memurunsesi.net\/?s={search_term_string}"},"query-input":{"@type":"PropertyValueSpecification","valueRequired":true,"valueName":"search_term_string"}}],"inLanguage":"tr"},{"@type":"Organization","@id":"https:\/\/memurunsesi.net\/#organization","name":"Memurun Sesi","url":"https:\/\/memurunsesi.net\/","logo":{"@type":"ImageObject","inLanguage":"tr","@id":"https:\/\/memurunsesi.net\/#\/schema\/logo\/image\/","url":"https:\/\/memurunsesi.net\/wp-content\/uploads\/2025\/11\/cropped-MEMURUN-SESI.png","contentUrl":"https:\/\/memurunsesi.net\/wp-content\/uploads\/2025\/11\/cropped-MEMURUN-SESI.png","width":238,"height":57,"caption":"Memurun Sesi"},"image":{"@id":"https:\/\/memurunsesi.net\/#\/schema\/logo\/image\/"},"sameAs":["https:\/\/www.facebook.com\/unipersen\/?locale=tr_TR","https:\/\/x.com\/unipersen"]},{"@type":"Person","@id":"https:\/\/memurunsesi.net\/#\/schema\/person\/f21c2d73b89f6ee1d80b0a1803e38587","name":"Memurun Sesi Haber Merkezi","image":{"@type":"ImageObject","inLanguage":"tr","@id":"https:\/\/secure.gravatar.com\/avatar\/6cf0505f452ee753f485014986fab09a434671d2b919ee76fc541025c5876a70?s=96&d=mm&r=g","url":"https:\/\/secure.gravatar.com\/avatar\/6cf0505f452ee753f485014986fab09a434671d2b919ee76fc541025c5876a70?s=96&d=mm&r=g","contentUrl":"https:\/\/secure.gravatar.com\/avatar\/6cf0505f452ee753f485014986fab09a434671d2b919ee76fc541025c5876a70?s=96&d=mm&r=g","caption":"Memurun Sesi Haber Merkezi"},"sameAs":["https:\/\/memurunsesi.net"],"url":"https:\/\/memurunsesi.net\/index.php\/author\/uniper\/"}]}},"_links":{"self":[{"href":"https:\/\/memurunsesi.net\/index.php\/wp-json\/wp\/v2\/posts\/5045","targetHints":{"allow":["GET"]}}],"collection":[{"href":"https:\/\/memurunsesi.net\/index.php\/wp-json\/wp\/v2\/posts"}],"about":[{"href":"https:\/\/memurunsesi.net\/index.php\/wp-json\/wp\/v2\/types\/post"}],"author":[{"embeddable":true,"href":"https:\/\/memurunsesi.net\/index.php\/wp-json\/wp\/v2\/users\/1"}],"replies":[{"embeddable":true,"href":"https:\/\/memurunsesi.net\/index.php\/wp-json\/wp\/v2\/comments?post=5045"}],"version-history":[{"count":1,"href":"https:\/\/memurunsesi.net\/index.php\/wp-json\/wp\/v2\/posts\/5045\/revisions"}],"predecessor-version":[{"id":5047,"href":"https:\/\/memurunsesi.net\/index.php\/wp-json\/wp\/v2\/posts\/5045\/revisions\/5047"}],"wp:featuredmedia":[{"embeddable":true,"href":"https:\/\/memurunsesi.net\/index.php\/wp-json\/wp\/v2\/media\/5046"}],"wp:attachment":[{"href":"https:\/\/memurunsesi.net\/index.php\/wp-json\/wp\/v2\/media?parent=5045"}],"wp:term":[{"taxonomy":"category","embeddable":true,"href":"https:\/\/memurunsesi.net\/index.php\/wp-json\/wp\/v2\/categories?post=5045"},{"taxonomy":"post_tag","embeddable":true,"href":"https:\/\/memurunsesi.net\/index.php\/wp-json\/wp\/v2\/tags?post=5045"}],"curies":[{"name":"wp","href":"https:\/\/api.w.org\/{rel}","templated":true}]}}