{"id":5057,"date":"2025-04-09T19:48:37","date_gmt":"2025-04-09T16:48:37","guid":{"rendered":"https:\/\/memurunsesi.net\/?p=5057"},"modified":"2025-04-09T19:48:37","modified_gmt":"2025-04-09T16:48:37","slug":"a-milli-kadin-tenis-takimi-fransayi-maglup-etti","status":"publish","type":"post","link":"https:\/\/memurunsesi.net\/index.php\/2025\/04\/09\/a-milli-kadin-tenis-takimi-fransayi-maglup-etti\/","title":{"rendered":"A Milli Kad\u0131n Tenis Tak\u0131m\u0131, Fransa\u2019y\u0131 ma\u011flup etti"},"content":{"rendered":"<p>Litvanya\u2019n\u0131n ba\u015fkenti Vilnius\u2019ta 8-12 Nisan tarihleri aras\u0131nda ger\u00e7ekle\u015fen kad\u0131nlar tenisinin d\u00fcnya \u015fampiyonas\u0131 olan Billie Jean King Cup\u2019ta T\u00fcrkiye ilk rakibi Fransa\u2019y\u0131 2-1 ma\u011flup etti.<br \/>\nKaptanl\u0131\u011f\u0131n\u0131 Bora Ger\u00e7eker, antren\u00f6rl\u00fc\u011f\u00fcn\u00fc Pemra \u00d6zgen\u2019in \u00fcstlendi\u011fi \u00c7a\u011fla B\u00fcy\u00fckak\u00e7ay, Zeynep S\u00f6nmez, \u0130pek \u00d6z, Ayla Aksu ve Deniz Dilek\u2019ten olu\u015fan milliler, Billie Jean King Cup Avrupa\/Afrika Grup I\u2019de ilk s\u0131nav\u0131n\u0131 bug\u00fcn Fransa kar\u015f\u0131s\u0131nda verdi. Serinin ilk kar\u015f\u0131la\u015fmas\u0131nda Ayla Aksu korta \u00e7\u0131kt\u0131. Ayla d\u00fcnya s\u0131ralamas\u0131nda 141. s\u0131rada yer alan Clara Burel kar\u015f\u0131s\u0131nda 4-1 gerideyken Burel\u2019in sakatl\u0131\u011f\u0131 sebebiyle ma\u00e7tan \u00e7ekilmesiyle T\u00fcrkiye, Fransa kar\u015f\u0131s\u0131nda 1-0 \u00f6ne ge\u00e7ti. Billie Jean King Cup\u2019taki ikinci ma\u00e7ta korta \u00e7\u0131kan Zeynep S\u00f6nmez d\u00fcnya 67 numaras\u0131 Varvara Gracheva\u2019y\u0131 6-2, 6-1 ma\u011flup ederek T\u00fcrkiye\u2019yi 2-0 \u00f6ne ta\u015f\u0131d\u0131.<br \/>\nSerinin \u00e7iftler ma\u00e7\u0131nda \u00c7a\u011fla B\u00fcy\u00fckak\u00e7ay\/\u0130pek \u00d6z \u00e7ifti Diane Parry\/Alize Cornet ikilisine 6-4, 1-6, 10-7 ma\u011flup oldu. D\u00fcnya s\u0131ralamas\u0131n\u0131n 31. basama\u011f\u0131nda bulunan ay-y\u0131ld\u0131zl\u0131lar, ilk g\u00fcn\u00fc d\u00fcnya s\u0131ralamas\u0131nda 15. s\u0131rada yer alan ve Avrupa\/Afrika Grup I&#8217;in en y\u00fcksek s\u0131ralamadaki \u00fclkesi olan Fransa kar\u015f\u0131s\u0131nda 2-1 galip tamamlad\u0131.<br \/>\nT\u00fcrkiye, Vilnius SEB Arena&#8217;da yar\u0131n saat 12.00&#8217;de ba\u015flayacak kar\u015f\u0131la\u015fmalarda \u0130sve\u00e7 ile kar\u015f\u0131la\u015facak.<\/p>\n<p>9.04.2025<\/p>\n","protected":false},"excerpt":{"rendered":"<p>Litvanya\u2019n\u0131n ba\u015fkenti Vilnius\u2019ta 8-12 Nisan tarihleri aras\u0131nda ger\u00e7ekle\u015fen kad\u0131nlar tenisinin d\u00fcnya \u015fampiyonas\u0131 olan Billie Jean King Cup\u2019ta T\u00fcrkiye ilk rakibi Fransa\u2019y\u0131 2-1 ma\u011flup etti. Kaptanl\u0131\u011f\u0131n\u0131 Bora Ger\u00e7eker, antren\u00f6rl\u00fc\u011f\u00fcn\u00fc Pemra \u00d6zgen\u2019in \u00fcstlendi\u011fi \u00c7a\u011fla B\u00fcy\u00fckak\u00e7ay, Zeynep S\u00f6nmez, \u0130pek \u00d6z, Ayla Aksu ve Deniz Dilek\u2019ten olu\u015fan milliler, Billie Jean King Cup Avrupa\/Afrika Grup I\u2019de ilk s\u0131nav\u0131n\u0131 bug\u00fcn Fransa [&hellip;]<\/p>\n","protected":false},"author":1,"featured_media":5060,"comment_status":"open","ping_status":"open","sticky":false,"template":"","format":"standard","meta":{"footnotes":""},"categories":[57],"tags":[],"class_list":["post-5057","post","type-post","status-publish","format-standard","has-post-thumbnail","hentry","category-spor"],"yoast_head":"<!-- This site is optimized with the Yoast SEO plugin v27.4 - https:\/\/yoast.com\/product\/yoast-seo-wordpress\/ -->\n<title>A Milli Kad\u0131n Tenis Tak\u0131m\u0131, Fransa\u2019y\u0131 ma\u011flup etti - Memurun Sesi<\/title>\n<meta name=\"robots\" content=\"index, follow, max-snippet:-1, max-image-preview:large, max-video-preview:-1\" \/>\n<link rel=\"canonical\" href=\"https:\/\/memurunsesi.net\/index.php\/2025\/04\/09\/a-milli-kadin-tenis-takimi-fransayi-maglup-etti\/\" \/>\n<meta property=\"og:locale\" content=\"tr_TR\" \/>\n<meta property=\"og:type\" content=\"article\" \/>\n<meta property=\"og:title\" content=\"A Milli Kad\u0131n Tenis Tak\u0131m\u0131, Fransa\u2019y\u0131 ma\u011flup etti - Memurun Sesi\" \/>\n<meta property=\"og:description\" content=\"Litvanya\u2019n\u0131n ba\u015fkenti Vilnius\u2019ta 8-12 Nisan tarihleri aras\u0131nda ger\u00e7ekle\u015fen kad\u0131nlar tenisinin d\u00fcnya \u015fampiyonas\u0131 olan Billie Jean King Cup\u2019ta T\u00fcrkiye ilk rakibi Fransa\u2019y\u0131 2-1 ma\u011flup etti. Kaptanl\u0131\u011f\u0131n\u0131 Bora Ger\u00e7eker, antren\u00f6rl\u00fc\u011f\u00fcn\u00fc Pemra \u00d6zgen\u2019in \u00fcstlendi\u011fi \u00c7a\u011fla B\u00fcy\u00fckak\u00e7ay, Zeynep S\u00f6nmez, \u0130pek \u00d6z, Ayla Aksu ve Deniz Dilek\u2019ten olu\u015fan milliler, Billie Jean King Cup Avrupa\/Afrika Grup I\u2019de ilk s\u0131nav\u0131n\u0131 bug\u00fcn Fransa [&hellip;]\" \/>\n<meta property=\"og:url\" content=\"https:\/\/memurunsesi.net\/index.php\/2025\/04\/09\/a-milli-kadin-tenis-takimi-fransayi-maglup-etti\/\" \/>\n<meta property=\"og:site_name\" content=\"Memurun Sesi\" \/>\n<meta property=\"article:publisher\" content=\"https:\/\/www.facebook.com\/unipersen\/?locale=tr_TR\" \/>\n<meta property=\"article:published_time\" content=\"2025-04-09T16:48:37+00:00\" \/>\n<meta property=\"og:image\" content=\"https:\/\/memurunsesi.net\/wp-content\/uploads\/2025\/04\/AW429071_01-scaled.jpg\" \/>\n\t<meta property=\"og:image:width\" content=\"2560\" \/>\n\t<meta property=\"og:image:height\" content=\"1707\" \/>\n\t<meta property=\"og:image:type\" content=\"image\/jpeg\" \/>\n<meta name=\"author\" content=\"Memurun Sesi Haber Merkezi\" \/>\n<meta name=\"twitter:card\" content=\"summary_large_image\" \/>\n<meta name=\"twitter:creator\" content=\"@unipersen\" \/>\n<meta name=\"twitter:site\" content=\"@unipersen\" \/>\n<meta name=\"twitter:label1\" content=\"Yazan:\" \/>\n\t<meta name=\"twitter:data1\" content=\"Memurun Sesi Haber Merkezi\" \/>\n\t<meta name=\"twitter:label2\" content=\"Tahmini okuma s\u00fcresi\" \/>\n\t<meta name=\"twitter:data2\" content=\"1 dakika\" \/>\n<script type=\"application\/ld+json\" class=\"yoast-schema-graph\">{\"@context\":\"https:\\\/\\\/schema.org\",\"@graph\":[{\"@type\":\"Article\",\"@id\":\"https:\\\/\\\/memurunsesi.net\\\/index.php\\\/2025\\\/04\\\/09\\\/a-milli-kadin-tenis-takimi-fransayi-maglup-etti\\\/#article\",\"isPartOf\":{\"@id\":\"https:\\\/\\\/memurunsesi.net\\\/index.php\\\/2025\\\/04\\\/09\\\/a-milli-kadin-tenis-takimi-fransayi-maglup-etti\\\/\"},\"author\":{\"name\":\"Memurun Sesi Haber Merkezi\",\"@id\":\"https:\\\/\\\/memurunsesi.net\\\/#\\\/schema\\\/person\\\/f21c2d73b89f6ee1d80b0a1803e38587\"},\"headline\":\"A Milli Kad\u0131n Tenis Tak\u0131m\u0131, Fransa\u2019y\u0131 ma\u011flup etti\",\"datePublished\":\"2025-04-09T16:48:37+00:00\",\"mainEntityOfPage\":{\"@id\":\"https:\\\/\\\/memurunsesi.net\\\/index.php\\\/2025\\\/04\\\/09\\\/a-milli-kadin-tenis-takimi-fransayi-maglup-etti\\\/\"},\"wordCount\":266,\"commentCount\":0,\"publisher\":{\"@id\":\"https:\\\/\\\/memurunsesi.net\\\/#organization\"},\"image\":{\"@id\":\"https:\\\/\\\/memurunsesi.net\\\/index.php\\\/2025\\\/04\\\/09\\\/a-milli-kadin-tenis-takimi-fransayi-maglup-etti\\\/#primaryimage\"},\"thumbnailUrl\":\"https:\\\/\\\/memurunsesi.net\\\/wp-content\\\/uploads\\\/2025\\\/04\\\/AW429071_01-scaled.jpg\",\"articleSection\":[\"Spor\"],\"inLanguage\":\"tr\",\"potentialAction\":[{\"@type\":\"CommentAction\",\"name\":\"Comment\",\"target\":[\"https:\\\/\\\/memurunsesi.net\\\/index.php\\\/2025\\\/04\\\/09\\\/a-milli-kadin-tenis-takimi-fransayi-maglup-etti\\\/#respond\"]}]},{\"@type\":\"WebPage\",\"@id\":\"https:\\\/\\\/memurunsesi.net\\\/index.php\\\/2025\\\/04\\\/09\\\/a-milli-kadin-tenis-takimi-fransayi-maglup-etti\\\/\",\"url\":\"https:\\\/\\\/memurunsesi.net\\\/index.php\\\/2025\\\/04\\\/09\\\/a-milli-kadin-tenis-takimi-fransayi-maglup-etti\\\/\",\"name\":\"A Milli Kad\u0131n Tenis Tak\u0131m\u0131, Fransa\u2019y\u0131 ma\u011flup etti - Memurun Sesi\",\"isPartOf\":{\"@id\":\"https:\\\/\\\/memurunsesi.net\\\/#website\"},\"primaryImageOfPage\":{\"@id\":\"https:\\\/\\\/memurunsesi.net\\\/index.php\\\/2025\\\/04\\\/09\\\/a-milli-kadin-tenis-takimi-fransayi-maglup-etti\\\/#primaryimage\"},\"image\":{\"@id\":\"https:\\\/\\\/memurunsesi.net\\\/index.php\\\/2025\\\/04\\\/09\\\/a-milli-kadin-tenis-takimi-fransayi-maglup-etti\\\/#primaryimage\"},\"thumbnailUrl\":\"https:\\\/\\\/memurunsesi.net\\\/wp-content\\\/uploads\\\/2025\\\/04\\\/AW429071_01-scaled.jpg\",\"datePublished\":\"2025-04-09T16:48:37+00:00\",\"breadcrumb\":{\"@id\":\"https:\\\/\\\/memurunsesi.net\\\/index.php\\\/2025\\\/04\\\/09\\\/a-milli-kadin-tenis-takimi-fransayi-maglup-etti\\\/#breadcrumb\"},\"inLanguage\":\"tr\",\"potentialAction\":[{\"@type\":\"ReadAction\",\"target\":[\"https:\\\/\\\/memurunsesi.net\\\/index.php\\\/2025\\\/04\\\/09\\\/a-milli-kadin-tenis-takimi-fransayi-maglup-etti\\\/\"]}]},{\"@type\":\"ImageObject\",\"inLanguage\":\"tr\",\"@id\":\"https:\\\/\\\/memurunsesi.net\\\/index.php\\\/2025\\\/04\\\/09\\\/a-milli-kadin-tenis-takimi-fransayi-maglup-etti\\\/#primaryimage\",\"url\":\"https:\\\/\\\/memurunsesi.net\\\/wp-content\\\/uploads\\\/2025\\\/04\\\/AW429071_01-scaled.jpg\",\"contentUrl\":\"https:\\\/\\\/memurunsesi.net\\\/wp-content\\\/uploads\\\/2025\\\/04\\\/AW429071_01-scaled.jpg\",\"width\":2560,\"height\":1707,\"caption\":\"L\u0130TVANYA'NIN BA\u015eKENT\u0130 V\u0130LN\u0130US'TA 8-12 N\u0130SAN TAR\u0130HLER\u0130 ARASINDA GER\u00c7EKLE\u015eEN KADINLAR TEN\u0130S\u0130N\u0130N D\u00dcNYA \u015eAMP\u0130YONASI OLAN B\u0130LL\u0130E JEAN K\u0130NG CUP'TA T\u00dcRK\u0130YE \u0130LK RAK\u0130B\u0130 FRANSA'YI 2-1 MA\u011eLUP ETT\u0130. (\u0130HA\\\/\u0130STANBUL-\u0130HA) Litvanya'n\u0131n ba\u015fkenti Vilnius'ta 8-12 Nisan tarihleri aras\u0131nda ger\u00e7ekle\u015fen kad\u0131nlar tenisinin d\u00fcnya \u015fampiyonas\u0131 olan Billie Jean King Cup'ta T\u00fcrkiye ilk rakibi Fransa'y\u0131 2-1 ma\u011flup etti.\"},{\"@type\":\"BreadcrumbList\",\"@id\":\"https:\\\/\\\/memurunsesi.net\\\/index.php\\\/2025\\\/04\\\/09\\\/a-milli-kadin-tenis-takimi-fransayi-maglup-etti\\\/#breadcrumb\",\"itemListElement\":[{\"@type\":\"ListItem\",\"position\":1,\"name\":\"Anasayfa\",\"item\":\"https:\\\/\\\/memurunsesi.net\\\/\"},{\"@type\":\"ListItem\",\"position\":2,\"name\":\"A Milli Kad\u0131n Tenis Tak\u0131m\u0131, Fransa\u2019y\u0131 ma\u011flup etti\"}]},{\"@type\":\"WebSite\",\"@id\":\"https:\\\/\\\/memurunsesi.net\\\/#website\",\"url\":\"https:\\\/\\\/memurunsesi.net\\\/\",\"name\":\"Memurun Sesi\",\"description\":\"G\u00fcncel ve Do\u011fru Haber\",\"publisher\":{\"@id\":\"https:\\\/\\\/memurunsesi.net\\\/#organization\"},\"potentialAction\":[{\"@type\":\"SearchAction\",\"target\":{\"@type\":\"EntryPoint\",\"urlTemplate\":\"https:\\\/\\\/memurunsesi.net\\\/?s={search_term_string}\"},\"query-input\":{\"@type\":\"PropertyValueSpecification\",\"valueRequired\":true,\"valueName\":\"search_term_string\"}}],\"inLanguage\":\"tr\"},{\"@type\":\"Organization\",\"@id\":\"https:\\\/\\\/memurunsesi.net\\\/#organization\",\"name\":\"Memurun Sesi\",\"url\":\"https:\\\/\\\/memurunsesi.net\\\/\",\"logo\":{\"@type\":\"ImageObject\",\"inLanguage\":\"tr\",\"@id\":\"https:\\\/\\\/memurunsesi.net\\\/#\\\/schema\\\/logo\\\/image\\\/\",\"url\":\"https:\\\/\\\/memurunsesi.net\\\/wp-content\\\/uploads\\\/2025\\\/11\\\/cropped-MEMURUN-SESI.png\",\"contentUrl\":\"https:\\\/\\\/memurunsesi.net\\\/wp-content\\\/uploads\\\/2025\\\/11\\\/cropped-MEMURUN-SESI.png\",\"width\":238,\"height\":57,\"caption\":\"Memurun Sesi\"},\"image\":{\"@id\":\"https:\\\/\\\/memurunsesi.net\\\/#\\\/schema\\\/logo\\\/image\\\/\"},\"sameAs\":[\"https:\\\/\\\/www.facebook.com\\\/unipersen\\\/?locale=tr_TR\",\"https:\\\/\\\/x.com\\\/unipersen\"]},{\"@type\":\"Person\",\"@id\":\"https:\\\/\\\/memurunsesi.net\\\/#\\\/schema\\\/person\\\/f21c2d73b89f6ee1d80b0a1803e38587\",\"name\":\"Memurun Sesi Haber Merkezi\",\"image\":{\"@type\":\"ImageObject\",\"inLanguage\":\"tr\",\"@id\":\"https:\\\/\\\/secure.gravatar.com\\\/avatar\\\/6cf0505f452ee753f485014986fab09a434671d2b919ee76fc541025c5876a70?s=96&d=mm&r=g\",\"url\":\"https:\\\/\\\/secure.gravatar.com\\\/avatar\\\/6cf0505f452ee753f485014986fab09a434671d2b919ee76fc541025c5876a70?s=96&d=mm&r=g\",\"contentUrl\":\"https:\\\/\\\/secure.gravatar.com\\\/avatar\\\/6cf0505f452ee753f485014986fab09a434671d2b919ee76fc541025c5876a70?s=96&d=mm&r=g\",\"caption\":\"Memurun Sesi Haber Merkezi\"},\"sameAs\":[\"https:\\\/\\\/memurunsesi.net\"],\"url\":\"https:\\\/\\\/memurunsesi.net\\\/index.php\\\/author\\\/uniper\\\/\"}]}<\/script>\n<!-- \/ Yoast SEO plugin. -->","yoast_head_json":{"title":"A Milli Kad\u0131n Tenis Tak\u0131m\u0131, Fransa\u2019y\u0131 ma\u011flup etti - Memurun Sesi","robots":{"index":"index","follow":"follow","max-snippet":"max-snippet:-1","max-image-preview":"max-image-preview:large","max-video-preview":"max-video-preview:-1"},"canonical":"https:\/\/memurunsesi.net\/index.php\/2025\/04\/09\/a-milli-kadin-tenis-takimi-fransayi-maglup-etti\/","og_locale":"tr_TR","og_type":"article","og_title":"A Milli Kad\u0131n Tenis Tak\u0131m\u0131, Fransa\u2019y\u0131 ma\u011flup etti - Memurun Sesi","og_description":"Litvanya\u2019n\u0131n ba\u015fkenti Vilnius\u2019ta 8-12 Nisan tarihleri aras\u0131nda ger\u00e7ekle\u015fen kad\u0131nlar tenisinin d\u00fcnya \u015fampiyonas\u0131 olan Billie Jean King Cup\u2019ta T\u00fcrkiye ilk rakibi Fransa\u2019y\u0131 2-1 ma\u011flup etti. Kaptanl\u0131\u011f\u0131n\u0131 Bora Ger\u00e7eker, antren\u00f6rl\u00fc\u011f\u00fcn\u00fc Pemra \u00d6zgen\u2019in \u00fcstlendi\u011fi \u00c7a\u011fla B\u00fcy\u00fckak\u00e7ay, Zeynep S\u00f6nmez, \u0130pek \u00d6z, Ayla Aksu ve Deniz Dilek\u2019ten olu\u015fan milliler, Billie Jean King Cup Avrupa\/Afrika Grup I\u2019de ilk s\u0131nav\u0131n\u0131 bug\u00fcn Fransa [&hellip;]","og_url":"https:\/\/memurunsesi.net\/index.php\/2025\/04\/09\/a-milli-kadin-tenis-takimi-fransayi-maglup-etti\/","og_site_name":"Memurun Sesi","article_publisher":"https:\/\/www.facebook.com\/unipersen\/?locale=tr_TR","article_published_time":"2025-04-09T16:48:37+00:00","og_image":[{"width":2560,"height":1707,"url":"https:\/\/memurunsesi.net\/wp-content\/uploads\/2025\/04\/AW429071_01-scaled.jpg","type":"image\/jpeg"}],"author":"Memurun Sesi Haber Merkezi","twitter_card":"summary_large_image","twitter_creator":"@unipersen","twitter_site":"@unipersen","twitter_misc":{"Yazan:":"Memurun Sesi Haber Merkezi","Tahmini okuma s\u00fcresi":"1 dakika"},"schema":{"@context":"https:\/\/schema.org","@graph":[{"@type":"Article","@id":"https:\/\/memurunsesi.net\/index.php\/2025\/04\/09\/a-milli-kadin-tenis-takimi-fransayi-maglup-etti\/#article","isPartOf":{"@id":"https:\/\/memurunsesi.net\/index.php\/2025\/04\/09\/a-milli-kadin-tenis-takimi-fransayi-maglup-etti\/"},"author":{"name":"Memurun Sesi Haber Merkezi","@id":"https:\/\/memurunsesi.net\/#\/schema\/person\/f21c2d73b89f6ee1d80b0a1803e38587"},"headline":"A Milli Kad\u0131n Tenis Tak\u0131m\u0131, Fransa\u2019y\u0131 ma\u011flup etti","datePublished":"2025-04-09T16:48:37+00:00","mainEntityOfPage":{"@id":"https:\/\/memurunsesi.net\/index.php\/2025\/04\/09\/a-milli-kadin-tenis-takimi-fransayi-maglup-etti\/"},"wordCount":266,"commentCount":0,"publisher":{"@id":"https:\/\/memurunsesi.net\/#organization"},"image":{"@id":"https:\/\/memurunsesi.net\/index.php\/2025\/04\/09\/a-milli-kadin-tenis-takimi-fransayi-maglup-etti\/#primaryimage"},"thumbnailUrl":"https:\/\/memurunsesi.net\/wp-content\/uploads\/2025\/04\/AW429071_01-scaled.jpg","articleSection":["Spor"],"inLanguage":"tr","potentialAction":[{"@type":"CommentAction","name":"Comment","target":["https:\/\/memurunsesi.net\/index.php\/2025\/04\/09\/a-milli-kadin-tenis-takimi-fransayi-maglup-etti\/#respond"]}]},{"@type":"WebPage","@id":"https:\/\/memurunsesi.net\/index.php\/2025\/04\/09\/a-milli-kadin-tenis-takimi-fransayi-maglup-etti\/","url":"https:\/\/memurunsesi.net\/index.php\/2025\/04\/09\/a-milli-kadin-tenis-takimi-fransayi-maglup-etti\/","name":"A Milli Kad\u0131n Tenis Tak\u0131m\u0131, Fransa\u2019y\u0131 ma\u011flup etti - Memurun Sesi","isPartOf":{"@id":"https:\/\/memurunsesi.net\/#website"},"primaryImageOfPage":{"@id":"https:\/\/memurunsesi.net\/index.php\/2025\/04\/09\/a-milli-kadin-tenis-takimi-fransayi-maglup-etti\/#primaryimage"},"image":{"@id":"https:\/\/memurunsesi.net\/index.php\/2025\/04\/09\/a-milli-kadin-tenis-takimi-fransayi-maglup-etti\/#primaryimage"},"thumbnailUrl":"https:\/\/memurunsesi.net\/wp-content\/uploads\/2025\/04\/AW429071_01-scaled.jpg","datePublished":"2025-04-09T16:48:37+00:00","breadcrumb":{"@id":"https:\/\/memurunsesi.net\/index.php\/2025\/04\/09\/a-milli-kadin-tenis-takimi-fransayi-maglup-etti\/#breadcrumb"},"inLanguage":"tr","potentialAction":[{"@type":"ReadAction","target":["https:\/\/memurunsesi.net\/index.php\/2025\/04\/09\/a-milli-kadin-tenis-takimi-fransayi-maglup-etti\/"]}]},{"@type":"ImageObject","inLanguage":"tr","@id":"https:\/\/memurunsesi.net\/index.php\/2025\/04\/09\/a-milli-kadin-tenis-takimi-fransayi-maglup-etti\/#primaryimage","url":"https:\/\/memurunsesi.net\/wp-content\/uploads\/2025\/04\/AW429071_01-scaled.jpg","contentUrl":"https:\/\/memurunsesi.net\/wp-content\/uploads\/2025\/04\/AW429071_01-scaled.jpg","width":2560,"height":1707,"caption":"L\u0130TVANYA'NIN BA\u015eKENT\u0130 V\u0130LN\u0130US'TA 8-12 N\u0130SAN TAR\u0130HLER\u0130 ARASINDA GER\u00c7EKLE\u015eEN KADINLAR TEN\u0130S\u0130N\u0130N D\u00dcNYA \u015eAMP\u0130YONASI OLAN B\u0130LL\u0130E JEAN K\u0130NG CUP'TA T\u00dcRK\u0130YE \u0130LK RAK\u0130B\u0130 FRANSA'YI 2-1 MA\u011eLUP ETT\u0130. (\u0130HA\/\u0130STANBUL-\u0130HA) Litvanya'n\u0131n ba\u015fkenti Vilnius'ta 8-12 Nisan tarihleri aras\u0131nda ger\u00e7ekle\u015fen kad\u0131nlar tenisinin d\u00fcnya \u015fampiyonas\u0131 olan Billie Jean King Cup'ta T\u00fcrkiye ilk rakibi Fransa'y\u0131 2-1 ma\u011flup etti."},{"@type":"BreadcrumbList","@id":"https:\/\/memurunsesi.net\/index.php\/2025\/04\/09\/a-milli-kadin-tenis-takimi-fransayi-maglup-etti\/#breadcrumb","itemListElement":[{"@type":"ListItem","position":1,"name":"Anasayfa","item":"https:\/\/memurunsesi.net\/"},{"@type":"ListItem","position":2,"name":"A Milli Kad\u0131n Tenis Tak\u0131m\u0131, Fransa\u2019y\u0131 ma\u011flup etti"}]},{"@type":"WebSite","@id":"https:\/\/memurunsesi.net\/#website","url":"https:\/\/memurunsesi.net\/","name":"Memurun Sesi","description":"G\u00fcncel ve Do\u011fru Haber","publisher":{"@id":"https:\/\/memurunsesi.net\/#organization"},"potentialAction":[{"@type":"SearchAction","target":{"@type":"EntryPoint","urlTemplate":"https:\/\/memurunsesi.net\/?s={search_term_string}"},"query-input":{"@type":"PropertyValueSpecification","valueRequired":true,"valueName":"search_term_string"}}],"inLanguage":"tr"},{"@type":"Organization","@id":"https:\/\/memurunsesi.net\/#organization","name":"Memurun Sesi","url":"https:\/\/memurunsesi.net\/","logo":{"@type":"ImageObject","inLanguage":"tr","@id":"https:\/\/memurunsesi.net\/#\/schema\/logo\/image\/","url":"https:\/\/memurunsesi.net\/wp-content\/uploads\/2025\/11\/cropped-MEMURUN-SESI.png","contentUrl":"https:\/\/memurunsesi.net\/wp-content\/uploads\/2025\/11\/cropped-MEMURUN-SESI.png","width":238,"height":57,"caption":"Memurun Sesi"},"image":{"@id":"https:\/\/memurunsesi.net\/#\/schema\/logo\/image\/"},"sameAs":["https:\/\/www.facebook.com\/unipersen\/?locale=tr_TR","https:\/\/x.com\/unipersen"]},{"@type":"Person","@id":"https:\/\/memurunsesi.net\/#\/schema\/person\/f21c2d73b89f6ee1d80b0a1803e38587","name":"Memurun Sesi Haber Merkezi","image":{"@type":"ImageObject","inLanguage":"tr","@id":"https:\/\/secure.gravatar.com\/avatar\/6cf0505f452ee753f485014986fab09a434671d2b919ee76fc541025c5876a70?s=96&d=mm&r=g","url":"https:\/\/secure.gravatar.com\/avatar\/6cf0505f452ee753f485014986fab09a434671d2b919ee76fc541025c5876a70?s=96&d=mm&r=g","contentUrl":"https:\/\/secure.gravatar.com\/avatar\/6cf0505f452ee753f485014986fab09a434671d2b919ee76fc541025c5876a70?s=96&d=mm&r=g","caption":"Memurun Sesi Haber Merkezi"},"sameAs":["https:\/\/memurunsesi.net"],"url":"https:\/\/memurunsesi.net\/index.php\/author\/uniper\/"}]}},"_links":{"self":[{"href":"https:\/\/memurunsesi.net\/index.php\/wp-json\/wp\/v2\/posts\/5057","targetHints":{"allow":["GET"]}}],"collection":[{"href":"https:\/\/memurunsesi.net\/index.php\/wp-json\/wp\/v2\/posts"}],"about":[{"href":"https:\/\/memurunsesi.net\/index.php\/wp-json\/wp\/v2\/types\/post"}],"author":[{"embeddable":true,"href":"https:\/\/memurunsesi.net\/index.php\/wp-json\/wp\/v2\/users\/1"}],"replies":[{"embeddable":true,"href":"https:\/\/memurunsesi.net\/index.php\/wp-json\/wp\/v2\/comments?post=5057"}],"version-history":[{"count":1,"href":"https:\/\/memurunsesi.net\/index.php\/wp-json\/wp\/v2\/posts\/5057\/revisions"}],"predecessor-version":[{"id":5061,"href":"https:\/\/memurunsesi.net\/index.php\/wp-json\/wp\/v2\/posts\/5057\/revisions\/5061"}],"wp:featuredmedia":[{"embeddable":true,"href":"https:\/\/memurunsesi.net\/index.php\/wp-json\/wp\/v2\/media\/5060"}],"wp:attachment":[{"href":"https:\/\/memurunsesi.net\/index.php\/wp-json\/wp\/v2\/media?parent=5057"}],"wp:term":[{"taxonomy":"category","embeddable":true,"href":"https:\/\/memurunsesi.net\/index.php\/wp-json\/wp\/v2\/categories?post=5057"},{"taxonomy":"post_tag","embeddable":true,"href":"https:\/\/memurunsesi.net\/index.php\/wp-json\/wp\/v2\/tags?post=5057"}],"curies":[{"name":"wp","href":"https:\/\/api.w.org\/{rel}","templated":true}]}}