{"id":5062,"date":"2025-04-09T19:51:12","date_gmt":"2025-04-09T16:51:12","guid":{"rendered":"https:\/\/memurunsesi.net\/?p=5062"},"modified":"2025-04-09T19:51:12","modified_gmt":"2025-04-09T16:51:12","slug":"ibb-genel-sekreter-yardimcisi-mahir-polat-hakkinda-ev-hapsi-karari","status":"publish","type":"post","link":"https:\/\/memurunsesi.net\/index.php\/2025\/04\/09\/ibb-genel-sekreter-yardimcisi-mahir-polat-hakkinda-ev-hapsi-karari\/","title":{"rendered":"\u0130BB Genel Sekreter Yard\u0131mc\u0131s\u0131 Mahir Polat hakk\u0131nda ev hapsi karar\u0131"},"content":{"rendered":"<p>PKK silahl\u0131 ter\u00f6r \u00f6rg\u00fct\u00fcn\u00fcn &#8216;kent uzla\u015f\u0131s\u0131&#8217; ad\u0131 alt\u0131ndaki faaliyetlerine ili\u015fkin \u0130stanbul B\u00fcy\u00fck\u015fehir Belediyesi&#8217;ne (\u0130BB) y\u00f6nelik y\u00fcr\u00fct\u00fclen soru\u015fturma kapsam\u0131nda \u0130BB Genel Sekreter Yard\u0131mc\u0131s\u0131 Mahir Polat hakk\u0131nda ev hapsi karar\u0131 verildi.<br \/>\n\u0130stanbul Cumhuriyet Ba\u015fsavc\u0131l\u0131\u011f\u0131 taraf\u0131ndan PKK\/KCK silahl\u0131 ter\u00f6r \u00f6rg\u00fct\u00fcn\u00fcn metropol illerde etkinli\u011fini artt\u0131rma amac\u0131 ile ger\u00e7ekle\u015ftirdi\u011fi &#8216;kent uzla\u015f\u0131s\u0131&#8217; faaliyetlerine y\u00f6nelik y\u00fcr\u00fct\u00fclen soru\u015fturma kapsam\u0131nda, g\u00f6revinden uzakla\u015ft\u0131r\u0131lan tutuklu \u0130stanbul B\u00fcy\u00fck\u015fehir Belediye Ba\u015fkan\u0131 Ekrem \u0130mamo\u011flu, \u0130BB Genel Sekreter Yard\u0131mc\u0131s\u0131 Mahir Polat, \u015ei\u015fli Belediye Ba\u015fkan\u0131 Resul Ekrem \u015eahan, \u015ei\u015fli Belediye Ba\u015fkan Yard\u0131mc\u0131s\u0131 Ebru \u00d6zdemir, Reform Enstit\u00fcs\u00fc Ba\u015fkan\u0131 Mehmet Ali \u00c7al\u0131\u015fkan, &#8216;Spectrum House\u2019 sahibi Azad Bar\u0131\u015f ve \u00e7al\u0131\u015fan\u0131 Hunav Altun hakk\u0131nda &#8216;silahl\u0131 ter\u00f6r \u00f6rg\u00fct\u00fcne yard\u0131m etmek&#8217; su\u00e7undan soru\u015fturma s\u00fcr\u00fcyor.<br \/>\nSoru\u015fturma kapsam\u0131nda Polat, tutuklu oldu\u011fu Silivri&#8217;deki Marmara Cezaevi\u2019nde rahats\u0131zlanmas\u0131 \u00fczerine ge\u00e7ti\u011fimiz g\u00fcnlerde hastaneye kald\u0131r\u0131lm\u0131\u015f, tedavisinin ard\u0131ndan tekrar cezaevine g\u00f6nderilmi\u015fti. Son olarak Polat sa\u011fl\u0131k durumunun de\u011ferlendirilmesi i\u00e7in cezaevinden \u0130stanbul Adli T\u0131p Kurumu&#8217;na sevk edilmi\u015f, burada muayenesi yap\u0131ld\u0131ktan sonra yeniden cezaevine g\u00f6t\u00fcr\u00fclm\u00fc\u015ft\u00fc.<br \/>\nSoru\u015fturma \u00e7er\u00e7evesinde Polat hakk\u0131nda &#8216;konutu terk etmemek&#8217; \u015feklinde adli kontrol tedbiri uygulanmas\u0131na karar verildi.<br \/>\n9.04.2025<\/p>\n","protected":false},"excerpt":{"rendered":"<p>PKK silahl\u0131 ter\u00f6r \u00f6rg\u00fct\u00fcn\u00fcn &#8216;kent uzla\u015f\u0131s\u0131&#8217; ad\u0131 alt\u0131ndaki faaliyetlerine ili\u015fkin \u0130stanbul B\u00fcy\u00fck\u015fehir Belediyesi&#8217;ne (\u0130BB) y\u00f6nelik y\u00fcr\u00fct\u00fclen soru\u015fturma kapsam\u0131nda \u0130BB Genel Sekreter Yard\u0131mc\u0131s\u0131 Mahir Polat hakk\u0131nda ev hapsi karar\u0131 verildi. \u0130stanbul Cumhuriyet Ba\u015fsavc\u0131l\u0131\u011f\u0131 taraf\u0131ndan PKK\/KCK silahl\u0131 ter\u00f6r \u00f6rg\u00fct\u00fcn\u00fcn metropol illerde etkinli\u011fini artt\u0131rma amac\u0131 ile ger\u00e7ekle\u015ftirdi\u011fi &#8216;kent uzla\u015f\u0131s\u0131&#8217; faaliyetlerine y\u00f6nelik y\u00fcr\u00fct\u00fclen soru\u015fturma kapsam\u0131nda, g\u00f6revinden uzakla\u015ft\u0131r\u0131lan tutuklu \u0130stanbul [&hellip;]<\/p>\n","protected":false},"author":1,"featured_media":0,"comment_status":"open","ping_status":"open","sticky":false,"template":"","format":"standard","meta":{"footnotes":""},"categories":[50,53],"tags":[],"class_list":["post-5062","post","type-post","status-publish","format-standard","hentry","category-tum-haberler","category-video"],"yoast_head":"<!-- This site is optimized with the Yoast SEO plugin v27.4 - https:\/\/yoast.com\/product\/yoast-seo-wordpress\/ -->\n<title>\u0130BB Genel Sekreter Yard\u0131mc\u0131s\u0131 Mahir Polat hakk\u0131nda ev hapsi karar\u0131 - Memurun Sesi<\/title>\n<meta name=\"robots\" content=\"index, follow, max-snippet:-1, max-image-preview:large, max-video-preview:-1\" \/>\n<link rel=\"canonical\" href=\"https:\/\/memurunsesi.net\/index.php\/2025\/04\/09\/ibb-genel-sekreter-yardimcisi-mahir-polat-hakkinda-ev-hapsi-karari\/\" \/>\n<meta property=\"og:locale\" content=\"tr_TR\" \/>\n<meta property=\"og:type\" content=\"article\" \/>\n<meta property=\"og:title\" content=\"\u0130BB Genel Sekreter Yard\u0131mc\u0131s\u0131 Mahir Polat hakk\u0131nda ev hapsi karar\u0131 - Memurun Sesi\" \/>\n<meta property=\"og:description\" content=\"PKK silahl\u0131 ter\u00f6r \u00f6rg\u00fct\u00fcn\u00fcn &#8216;kent uzla\u015f\u0131s\u0131&#8217; ad\u0131 alt\u0131ndaki faaliyetlerine ili\u015fkin \u0130stanbul B\u00fcy\u00fck\u015fehir Belediyesi&#8217;ne (\u0130BB) y\u00f6nelik y\u00fcr\u00fct\u00fclen soru\u015fturma kapsam\u0131nda \u0130BB Genel Sekreter Yard\u0131mc\u0131s\u0131 Mahir Polat hakk\u0131nda ev hapsi karar\u0131 verildi. \u0130stanbul Cumhuriyet Ba\u015fsavc\u0131l\u0131\u011f\u0131 taraf\u0131ndan PKK\/KCK silahl\u0131 ter\u00f6r \u00f6rg\u00fct\u00fcn\u00fcn metropol illerde etkinli\u011fini artt\u0131rma amac\u0131 ile ger\u00e7ekle\u015ftirdi\u011fi &#8216;kent uzla\u015f\u0131s\u0131&#8217; faaliyetlerine y\u00f6nelik y\u00fcr\u00fct\u00fclen soru\u015fturma kapsam\u0131nda, g\u00f6revinden uzakla\u015ft\u0131r\u0131lan tutuklu \u0130stanbul [&hellip;]\" \/>\n<meta property=\"og:url\" content=\"https:\/\/memurunsesi.net\/index.php\/2025\/04\/09\/ibb-genel-sekreter-yardimcisi-mahir-polat-hakkinda-ev-hapsi-karari\/\" \/>\n<meta property=\"og:site_name\" content=\"Memurun Sesi\" \/>\n<meta property=\"article:publisher\" content=\"https:\/\/www.facebook.com\/unipersen\/?locale=tr_TR\" \/>\n<meta property=\"article:published_time\" content=\"2025-04-09T16:51:12+00:00\" \/>\n<meta name=\"author\" content=\"Memurun Sesi Haber Merkezi\" \/>\n<meta name=\"twitter:card\" content=\"summary_large_image\" \/>\n<meta name=\"twitter:creator\" content=\"@unipersen\" \/>\n<meta name=\"twitter:site\" content=\"@unipersen\" \/>\n<meta name=\"twitter:label1\" content=\"Yazan:\" \/>\n\t<meta name=\"twitter:data1\" content=\"Memurun Sesi Haber Merkezi\" \/>\n\t<meta name=\"twitter:label2\" content=\"Tahmini okuma s\u00fcresi\" \/>\n\t<meta name=\"twitter:data2\" content=\"1 dakika\" \/>\n<script type=\"application\/ld+json\" class=\"yoast-schema-graph\">{\"@context\":\"https:\\\/\\\/schema.org\",\"@graph\":[{\"@type\":\"Article\",\"@id\":\"https:\\\/\\\/memurunsesi.net\\\/index.php\\\/2025\\\/04\\\/09\\\/ibb-genel-sekreter-yardimcisi-mahir-polat-hakkinda-ev-hapsi-karari\\\/#article\",\"isPartOf\":{\"@id\":\"https:\\\/\\\/memurunsesi.net\\\/index.php\\\/2025\\\/04\\\/09\\\/ibb-genel-sekreter-yardimcisi-mahir-polat-hakkinda-ev-hapsi-karari\\\/\"},\"author\":{\"name\":\"Memurun Sesi Haber Merkezi\",\"@id\":\"https:\\\/\\\/memurunsesi.net\\\/#\\\/schema\\\/person\\\/f21c2d73b89f6ee1d80b0a1803e38587\"},\"headline\":\"\u0130BB Genel Sekreter Yard\u0131mc\u0131s\u0131 Mahir Polat hakk\u0131nda ev hapsi karar\u0131\",\"datePublished\":\"2025-04-09T16:51:12+00:00\",\"mainEntityOfPage\":{\"@id\":\"https:\\\/\\\/memurunsesi.net\\\/index.php\\\/2025\\\/04\\\/09\\\/ibb-genel-sekreter-yardimcisi-mahir-polat-hakkinda-ev-hapsi-karari\\\/\"},\"wordCount\":269,\"commentCount\":0,\"publisher\":{\"@id\":\"https:\\\/\\\/memurunsesi.net\\\/#organization\"},\"articleSection\":[\"T\u00fcm Haberler\",\"Video\"],\"inLanguage\":\"tr\",\"potentialAction\":[{\"@type\":\"CommentAction\",\"name\":\"Comment\",\"target\":[\"https:\\\/\\\/memurunsesi.net\\\/index.php\\\/2025\\\/04\\\/09\\\/ibb-genel-sekreter-yardimcisi-mahir-polat-hakkinda-ev-hapsi-karari\\\/#respond\"]}]},{\"@type\":\"WebPage\",\"@id\":\"https:\\\/\\\/memurunsesi.net\\\/index.php\\\/2025\\\/04\\\/09\\\/ibb-genel-sekreter-yardimcisi-mahir-polat-hakkinda-ev-hapsi-karari\\\/\",\"url\":\"https:\\\/\\\/memurunsesi.net\\\/index.php\\\/2025\\\/04\\\/09\\\/ibb-genel-sekreter-yardimcisi-mahir-polat-hakkinda-ev-hapsi-karari\\\/\",\"name\":\"\u0130BB Genel Sekreter Yard\u0131mc\u0131s\u0131 Mahir Polat hakk\u0131nda ev hapsi karar\u0131 - Memurun Sesi\",\"isPartOf\":{\"@id\":\"https:\\\/\\\/memurunsesi.net\\\/#website\"},\"datePublished\":\"2025-04-09T16:51:12+00:00\",\"breadcrumb\":{\"@id\":\"https:\\\/\\\/memurunsesi.net\\\/index.php\\\/2025\\\/04\\\/09\\\/ibb-genel-sekreter-yardimcisi-mahir-polat-hakkinda-ev-hapsi-karari\\\/#breadcrumb\"},\"inLanguage\":\"tr\",\"potentialAction\":[{\"@type\":\"ReadAction\",\"target\":[\"https:\\\/\\\/memurunsesi.net\\\/index.php\\\/2025\\\/04\\\/09\\\/ibb-genel-sekreter-yardimcisi-mahir-polat-hakkinda-ev-hapsi-karari\\\/\"]}]},{\"@type\":\"BreadcrumbList\",\"@id\":\"https:\\\/\\\/memurunsesi.net\\\/index.php\\\/2025\\\/04\\\/09\\\/ibb-genel-sekreter-yardimcisi-mahir-polat-hakkinda-ev-hapsi-karari\\\/#breadcrumb\",\"itemListElement\":[{\"@type\":\"ListItem\",\"position\":1,\"name\":\"Anasayfa\",\"item\":\"https:\\\/\\\/memurunsesi.net\\\/\"},{\"@type\":\"ListItem\",\"position\":2,\"name\":\"\u0130BB Genel Sekreter Yard\u0131mc\u0131s\u0131 Mahir Polat hakk\u0131nda ev hapsi karar\u0131\"}]},{\"@type\":\"WebSite\",\"@id\":\"https:\\\/\\\/memurunsesi.net\\\/#website\",\"url\":\"https:\\\/\\\/memurunsesi.net\\\/\",\"name\":\"Memurun Sesi\",\"description\":\"G\u00fcncel ve Do\u011fru Haber\",\"publisher\":{\"@id\":\"https:\\\/\\\/memurunsesi.net\\\/#organization\"},\"potentialAction\":[{\"@type\":\"SearchAction\",\"target\":{\"@type\":\"EntryPoint\",\"urlTemplate\":\"https:\\\/\\\/memurunsesi.net\\\/?s={search_term_string}\"},\"query-input\":{\"@type\":\"PropertyValueSpecification\",\"valueRequired\":true,\"valueName\":\"search_term_string\"}}],\"inLanguage\":\"tr\"},{\"@type\":\"Organization\",\"@id\":\"https:\\\/\\\/memurunsesi.net\\\/#organization\",\"name\":\"Memurun Sesi\",\"url\":\"https:\\\/\\\/memurunsesi.net\\\/\",\"logo\":{\"@type\":\"ImageObject\",\"inLanguage\":\"tr\",\"@id\":\"https:\\\/\\\/memurunsesi.net\\\/#\\\/schema\\\/logo\\\/image\\\/\",\"url\":\"https:\\\/\\\/memurunsesi.net\\\/wp-content\\\/uploads\\\/2025\\\/11\\\/cropped-MEMURUN-SESI.png\",\"contentUrl\":\"https:\\\/\\\/memurunsesi.net\\\/wp-content\\\/uploads\\\/2025\\\/11\\\/cropped-MEMURUN-SESI.png\",\"width\":238,\"height\":57,\"caption\":\"Memurun Sesi\"},\"image\":{\"@id\":\"https:\\\/\\\/memurunsesi.net\\\/#\\\/schema\\\/logo\\\/image\\\/\"},\"sameAs\":[\"https:\\\/\\\/www.facebook.com\\\/unipersen\\\/?locale=tr_TR\",\"https:\\\/\\\/x.com\\\/unipersen\"]},{\"@type\":\"Person\",\"@id\":\"https:\\\/\\\/memurunsesi.net\\\/#\\\/schema\\\/person\\\/f21c2d73b89f6ee1d80b0a1803e38587\",\"name\":\"Memurun Sesi Haber Merkezi\",\"image\":{\"@type\":\"ImageObject\",\"inLanguage\":\"tr\",\"@id\":\"https:\\\/\\\/secure.gravatar.com\\\/avatar\\\/6cf0505f452ee753f485014986fab09a434671d2b919ee76fc541025c5876a70?s=96&d=mm&r=g\",\"url\":\"https:\\\/\\\/secure.gravatar.com\\\/avatar\\\/6cf0505f452ee753f485014986fab09a434671d2b919ee76fc541025c5876a70?s=96&d=mm&r=g\",\"contentUrl\":\"https:\\\/\\\/secure.gravatar.com\\\/avatar\\\/6cf0505f452ee753f485014986fab09a434671d2b919ee76fc541025c5876a70?s=96&d=mm&r=g\",\"caption\":\"Memurun Sesi Haber Merkezi\"},\"sameAs\":[\"https:\\\/\\\/memurunsesi.net\"],\"url\":\"https:\\\/\\\/memurunsesi.net\\\/index.php\\\/author\\\/uniper\\\/\"}]}<\/script>\n<!-- \/ Yoast SEO plugin. -->","yoast_head_json":{"title":"\u0130BB Genel Sekreter Yard\u0131mc\u0131s\u0131 Mahir Polat hakk\u0131nda ev hapsi karar\u0131 - Memurun Sesi","robots":{"index":"index","follow":"follow","max-snippet":"max-snippet:-1","max-image-preview":"max-image-preview:large","max-video-preview":"max-video-preview:-1"},"canonical":"https:\/\/memurunsesi.net\/index.php\/2025\/04\/09\/ibb-genel-sekreter-yardimcisi-mahir-polat-hakkinda-ev-hapsi-karari\/","og_locale":"tr_TR","og_type":"article","og_title":"\u0130BB Genel Sekreter Yard\u0131mc\u0131s\u0131 Mahir Polat hakk\u0131nda ev hapsi karar\u0131 - Memurun Sesi","og_description":"PKK silahl\u0131 ter\u00f6r \u00f6rg\u00fct\u00fcn\u00fcn &#8216;kent uzla\u015f\u0131s\u0131&#8217; ad\u0131 alt\u0131ndaki faaliyetlerine ili\u015fkin \u0130stanbul B\u00fcy\u00fck\u015fehir Belediyesi&#8217;ne (\u0130BB) y\u00f6nelik y\u00fcr\u00fct\u00fclen soru\u015fturma kapsam\u0131nda \u0130BB Genel Sekreter Yard\u0131mc\u0131s\u0131 Mahir Polat hakk\u0131nda ev hapsi karar\u0131 verildi. \u0130stanbul Cumhuriyet Ba\u015fsavc\u0131l\u0131\u011f\u0131 taraf\u0131ndan PKK\/KCK silahl\u0131 ter\u00f6r \u00f6rg\u00fct\u00fcn\u00fcn metropol illerde etkinli\u011fini artt\u0131rma amac\u0131 ile ger\u00e7ekle\u015ftirdi\u011fi &#8216;kent uzla\u015f\u0131s\u0131&#8217; faaliyetlerine y\u00f6nelik y\u00fcr\u00fct\u00fclen soru\u015fturma kapsam\u0131nda, g\u00f6revinden uzakla\u015ft\u0131r\u0131lan tutuklu \u0130stanbul [&hellip;]","og_url":"https:\/\/memurunsesi.net\/index.php\/2025\/04\/09\/ibb-genel-sekreter-yardimcisi-mahir-polat-hakkinda-ev-hapsi-karari\/","og_site_name":"Memurun Sesi","article_publisher":"https:\/\/www.facebook.com\/unipersen\/?locale=tr_TR","article_published_time":"2025-04-09T16:51:12+00:00","author":"Memurun Sesi Haber Merkezi","twitter_card":"summary_large_image","twitter_creator":"@unipersen","twitter_site":"@unipersen","twitter_misc":{"Yazan:":"Memurun Sesi Haber Merkezi","Tahmini okuma s\u00fcresi":"1 dakika"},"schema":{"@context":"https:\/\/schema.org","@graph":[{"@type":"Article","@id":"https:\/\/memurunsesi.net\/index.php\/2025\/04\/09\/ibb-genel-sekreter-yardimcisi-mahir-polat-hakkinda-ev-hapsi-karari\/#article","isPartOf":{"@id":"https:\/\/memurunsesi.net\/index.php\/2025\/04\/09\/ibb-genel-sekreter-yardimcisi-mahir-polat-hakkinda-ev-hapsi-karari\/"},"author":{"name":"Memurun Sesi Haber Merkezi","@id":"https:\/\/memurunsesi.net\/#\/schema\/person\/f21c2d73b89f6ee1d80b0a1803e38587"},"headline":"\u0130BB Genel Sekreter Yard\u0131mc\u0131s\u0131 Mahir Polat hakk\u0131nda ev hapsi karar\u0131","datePublished":"2025-04-09T16:51:12+00:00","mainEntityOfPage":{"@id":"https:\/\/memurunsesi.net\/index.php\/2025\/04\/09\/ibb-genel-sekreter-yardimcisi-mahir-polat-hakkinda-ev-hapsi-karari\/"},"wordCount":269,"commentCount":0,"publisher":{"@id":"https:\/\/memurunsesi.net\/#organization"},"articleSection":["T\u00fcm Haberler","Video"],"inLanguage":"tr","potentialAction":[{"@type":"CommentAction","name":"Comment","target":["https:\/\/memurunsesi.net\/index.php\/2025\/04\/09\/ibb-genel-sekreter-yardimcisi-mahir-polat-hakkinda-ev-hapsi-karari\/#respond"]}]},{"@type":"WebPage","@id":"https:\/\/memurunsesi.net\/index.php\/2025\/04\/09\/ibb-genel-sekreter-yardimcisi-mahir-polat-hakkinda-ev-hapsi-karari\/","url":"https:\/\/memurunsesi.net\/index.php\/2025\/04\/09\/ibb-genel-sekreter-yardimcisi-mahir-polat-hakkinda-ev-hapsi-karari\/","name":"\u0130BB Genel Sekreter Yard\u0131mc\u0131s\u0131 Mahir Polat hakk\u0131nda ev hapsi karar\u0131 - Memurun Sesi","isPartOf":{"@id":"https:\/\/memurunsesi.net\/#website"},"datePublished":"2025-04-09T16:51:12+00:00","breadcrumb":{"@id":"https:\/\/memurunsesi.net\/index.php\/2025\/04\/09\/ibb-genel-sekreter-yardimcisi-mahir-polat-hakkinda-ev-hapsi-karari\/#breadcrumb"},"inLanguage":"tr","potentialAction":[{"@type":"ReadAction","target":["https:\/\/memurunsesi.net\/index.php\/2025\/04\/09\/ibb-genel-sekreter-yardimcisi-mahir-polat-hakkinda-ev-hapsi-karari\/"]}]},{"@type":"BreadcrumbList","@id":"https:\/\/memurunsesi.net\/index.php\/2025\/04\/09\/ibb-genel-sekreter-yardimcisi-mahir-polat-hakkinda-ev-hapsi-karari\/#breadcrumb","itemListElement":[{"@type":"ListItem","position":1,"name":"Anasayfa","item":"https:\/\/memurunsesi.net\/"},{"@type":"ListItem","position":2,"name":"\u0130BB Genel Sekreter Yard\u0131mc\u0131s\u0131 Mahir Polat hakk\u0131nda ev hapsi karar\u0131"}]},{"@type":"WebSite","@id":"https:\/\/memurunsesi.net\/#website","url":"https:\/\/memurunsesi.net\/","name":"Memurun Sesi","description":"G\u00fcncel ve Do\u011fru Haber","publisher":{"@id":"https:\/\/memurunsesi.net\/#organization"},"potentialAction":[{"@type":"SearchAction","target":{"@type":"EntryPoint","urlTemplate":"https:\/\/memurunsesi.net\/?s={search_term_string}"},"query-input":{"@type":"PropertyValueSpecification","valueRequired":true,"valueName":"search_term_string"}}],"inLanguage":"tr"},{"@type":"Organization","@id":"https:\/\/memurunsesi.net\/#organization","name":"Memurun Sesi","url":"https:\/\/memurunsesi.net\/","logo":{"@type":"ImageObject","inLanguage":"tr","@id":"https:\/\/memurunsesi.net\/#\/schema\/logo\/image\/","url":"https:\/\/memurunsesi.net\/wp-content\/uploads\/2025\/11\/cropped-MEMURUN-SESI.png","contentUrl":"https:\/\/memurunsesi.net\/wp-content\/uploads\/2025\/11\/cropped-MEMURUN-SESI.png","width":238,"height":57,"caption":"Memurun Sesi"},"image":{"@id":"https:\/\/memurunsesi.net\/#\/schema\/logo\/image\/"},"sameAs":["https:\/\/www.facebook.com\/unipersen\/?locale=tr_TR","https:\/\/x.com\/unipersen"]},{"@type":"Person","@id":"https:\/\/memurunsesi.net\/#\/schema\/person\/f21c2d73b89f6ee1d80b0a1803e38587","name":"Memurun Sesi Haber Merkezi","image":{"@type":"ImageObject","inLanguage":"tr","@id":"https:\/\/secure.gravatar.com\/avatar\/6cf0505f452ee753f485014986fab09a434671d2b919ee76fc541025c5876a70?s=96&d=mm&r=g","url":"https:\/\/secure.gravatar.com\/avatar\/6cf0505f452ee753f485014986fab09a434671d2b919ee76fc541025c5876a70?s=96&d=mm&r=g","contentUrl":"https:\/\/secure.gravatar.com\/avatar\/6cf0505f452ee753f485014986fab09a434671d2b919ee76fc541025c5876a70?s=96&d=mm&r=g","caption":"Memurun Sesi Haber Merkezi"},"sameAs":["https:\/\/memurunsesi.net"],"url":"https:\/\/memurunsesi.net\/index.php\/author\/uniper\/"}]}},"_links":{"self":[{"href":"https:\/\/memurunsesi.net\/index.php\/wp-json\/wp\/v2\/posts\/5062","targetHints":{"allow":["GET"]}}],"collection":[{"href":"https:\/\/memurunsesi.net\/index.php\/wp-json\/wp\/v2\/posts"}],"about":[{"href":"https:\/\/memurunsesi.net\/index.php\/wp-json\/wp\/v2\/types\/post"}],"author":[{"embeddable":true,"href":"https:\/\/memurunsesi.net\/index.php\/wp-json\/wp\/v2\/users\/1"}],"replies":[{"embeddable":true,"href":"https:\/\/memurunsesi.net\/index.php\/wp-json\/wp\/v2\/comments?post=5062"}],"version-history":[{"count":1,"href":"https:\/\/memurunsesi.net\/index.php\/wp-json\/wp\/v2\/posts\/5062\/revisions"}],"predecessor-version":[{"id":5064,"href":"https:\/\/memurunsesi.net\/index.php\/wp-json\/wp\/v2\/posts\/5062\/revisions\/5064"}],"wp:attachment":[{"href":"https:\/\/memurunsesi.net\/index.php\/wp-json\/wp\/v2\/media?parent=5062"}],"wp:term":[{"taxonomy":"category","embeddable":true,"href":"https:\/\/memurunsesi.net\/index.php\/wp-json\/wp\/v2\/categories?post=5062"},{"taxonomy":"post_tag","embeddable":true,"href":"https:\/\/memurunsesi.net\/index.php\/wp-json\/wp\/v2\/tags?post=5062"}],"curies":[{"name":"wp","href":"https:\/\/api.w.org\/{rel}","templated":true}]}}