{"id":5069,"date":"2025-04-09T20:15:32","date_gmt":"2025-04-09T17:15:32","guid":{"rendered":"https:\/\/memurunsesi.net\/?p=5069"},"modified":"2025-04-09T20:15:32","modified_gmt":"2025-04-09T17:15:32","slug":"kilpayi-kurtuldu-catindan-dusen-fayans-az-kalsin-cocugun-kafasina-carpiyordu","status":"publish","type":"post","link":"https:\/\/memurunsesi.net\/index.php\/2025\/04\/09\/kilpayi-kurtuldu-catindan-dusen-fayans-az-kalsin-cocugun-kafasina-carpiyordu\/","title":{"rendered":"K\u0131lpay\u0131 kurtuldu: \u00c7at\u0131ndan d\u00fc\u015fen fayans az kals\u0131n \u00e7ocu\u011fun kafas\u0131na \u00e7arp\u0131yordu"},"content":{"rendered":"<p>Mersin&#8217;de f\u0131rt\u0131na etkili oldu<\/p>\n<p>Mersin&#8217;de bir \u00e7ocuk, f\u0131rt\u0131na dolay\u0131s\u0131yla binan\u0131n \u00e7at\u0131s\u0131ndan d\u00fc\u015fen fayans\u0131n kafas\u0131na isabet etmesinden son anda kurtuldu. Fayans\u0131n d\u00fc\u015ft\u00fc\u011f\u00fc otomobilde ise hasar olu\u015ftu.<br \/>\nMeteorolojinin uyar\u0131 yapt\u0131\u011f\u0131 Mersin&#8217;de \u00f6\u011fle saatlerinde ba\u015flayan ve saatteki h\u0131z\u0131 zaman zaman 33 kilometreye ula\u015fan f\u0131rt\u0131na hayat\u0131 olumsuz etkilerken, \u015fiddetli r\u00fczgar kentteki a\u011fa\u00e7lara ve tabelalara da zarar verdi. F\u0131rt\u0131na dolay\u0131s\u0131yla merkez Toroslar il\u00e7esindeki Cumhuriyet Konaklar\u0131nda bir binan\u0131n \u00e7at\u0131s\u0131ndan d\u00fc\u015fen fayans, az kals\u0131n o s\u0131rada elinde ekmek po\u015fetiyle evine d\u00f6nen k\u00fc\u00e7\u00fck ya\u015ftaki bir \u00e7ocu\u011fun kafas\u0131na isabet ediyordu. \u00c7ocuk k\u0131lpay\u0131 kurutulurken, fayans\u0131n isabet etti\u011fi park halindeki otomobilde ise k\u00fc\u00e7\u00fck \u00e7apta hasar meydana geldi. O anlar ise yak\u0131nda bulunan bir i\u015f yerinin g\u00fcvenlik kameras\u0131 taraf\u0131ndan saniye saniye g\u00f6r\u00fcnt\u00fclendi. Neye u\u011frad\u0131\u011f\u0131n\u0131 \u015fa\u015f\u0131ran \u00e7ocuk daha sonra evine gitti.<br \/>\n\u00d6te yandan merkez Yeni\u015fehir il\u00e7esi Gazi Mustafa Kemal Bulvar\u0131 \u00fczerindeki bir reklam tabelas\u0131 da f\u0131rt\u0131nadan dolay\u0131 devrilirken, baz\u0131 b\u00f6lgelerdeki a\u011fa\u00e7lar\u0131n da zarar g\u00f6rd\u00fc\u011f\u00fc bildirildi.<\/p>\n<p>9.04.2025<\/p>\n","protected":false},"excerpt":{"rendered":"<p>Mersin&#8217;de f\u0131rt\u0131na etkili oldu Mersin&#8217;de bir \u00e7ocuk, f\u0131rt\u0131na dolay\u0131s\u0131yla binan\u0131n \u00e7at\u0131s\u0131ndan d\u00fc\u015fen fayans\u0131n kafas\u0131na isabet etmesinden son anda kurtuldu. Fayans\u0131n d\u00fc\u015ft\u00fc\u011f\u00fc otomobilde ise hasar olu\u015ftu. Meteorolojinin uyar\u0131 yapt\u0131\u011f\u0131 Mersin&#8217;de \u00f6\u011fle saatlerinde ba\u015flayan ve saatteki h\u0131z\u0131 zaman zaman 33 kilometreye ula\u015fan f\u0131rt\u0131na hayat\u0131 olumsuz etkilerken, \u015fiddetli r\u00fczgar kentteki a\u011fa\u00e7lara ve tabelalara da zarar verdi. F\u0131rt\u0131na dolay\u0131s\u0131yla [&hellip;]<\/p>\n","protected":false},"author":1,"featured_media":5072,"comment_status":"open","ping_status":"open","sticky":false,"template":"","format":"standard","meta":{"footnotes":""},"categories":[45],"tags":[],"class_list":["post-5069","post","type-post","status-publish","format-standard","has-post-thumbnail","hentry","category-gundem"],"yoast_head":"<!-- This site is optimized with the Yoast SEO plugin v27.4 - https:\/\/yoast.com\/product\/yoast-seo-wordpress\/ -->\n<title>K\u0131lpay\u0131 kurtuldu: \u00c7at\u0131ndan d\u00fc\u015fen fayans az kals\u0131n \u00e7ocu\u011fun kafas\u0131na \u00e7arp\u0131yordu - Memurun Sesi<\/title>\n<meta name=\"robots\" content=\"index, follow, max-snippet:-1, max-image-preview:large, max-video-preview:-1\" \/>\n<link rel=\"canonical\" href=\"https:\/\/memurunsesi.net\/index.php\/2025\/04\/09\/kilpayi-kurtuldu-catindan-dusen-fayans-az-kalsin-cocugun-kafasina-carpiyordu\/\" \/>\n<meta property=\"og:locale\" content=\"tr_TR\" \/>\n<meta property=\"og:type\" content=\"article\" \/>\n<meta property=\"og:title\" content=\"K\u0131lpay\u0131 kurtuldu: \u00c7at\u0131ndan d\u00fc\u015fen fayans az kals\u0131n \u00e7ocu\u011fun kafas\u0131na \u00e7arp\u0131yordu - Memurun Sesi\" \/>\n<meta property=\"og:description\" content=\"Mersin&#8217;de f\u0131rt\u0131na etkili oldu Mersin&#8217;de bir \u00e7ocuk, f\u0131rt\u0131na dolay\u0131s\u0131yla binan\u0131n \u00e7at\u0131s\u0131ndan d\u00fc\u015fen fayans\u0131n kafas\u0131na isabet etmesinden son anda kurtuldu. Fayans\u0131n d\u00fc\u015ft\u00fc\u011f\u00fc otomobilde ise hasar olu\u015ftu. Meteorolojinin uyar\u0131 yapt\u0131\u011f\u0131 Mersin&#8217;de \u00f6\u011fle saatlerinde ba\u015flayan ve saatteki h\u0131z\u0131 zaman zaman 33 kilometreye ula\u015fan f\u0131rt\u0131na hayat\u0131 olumsuz etkilerken, \u015fiddetli r\u00fczgar kentteki a\u011fa\u00e7lara ve tabelalara da zarar verdi. F\u0131rt\u0131na dolay\u0131s\u0131yla [&hellip;]\" \/>\n<meta property=\"og:url\" content=\"https:\/\/memurunsesi.net\/index.php\/2025\/04\/09\/kilpayi-kurtuldu-catindan-dusen-fayans-az-kalsin-cocugun-kafasina-carpiyordu\/\" \/>\n<meta property=\"og:site_name\" content=\"Memurun Sesi\" \/>\n<meta property=\"article:publisher\" content=\"https:\/\/www.facebook.com\/unipersen\/?locale=tr_TR\" \/>\n<meta property=\"article:published_time\" content=\"2025-04-09T17:15:32+00:00\" \/>\n<meta property=\"og:image\" content=\"https:\/\/memurunsesi.net\/wp-content\/uploads\/2025\/04\/AW429052_05-scaled.jpg\" \/>\n\t<meta property=\"og:image:width\" content=\"2560\" \/>\n\t<meta property=\"og:image:height\" content=\"1287\" \/>\n\t<meta property=\"og:image:type\" content=\"image\/jpeg\" \/>\n<meta name=\"author\" content=\"Memurun Sesi Haber Merkezi\" \/>\n<meta name=\"twitter:card\" content=\"summary_large_image\" \/>\n<meta name=\"twitter:creator\" content=\"@unipersen\" \/>\n<meta name=\"twitter:site\" content=\"@unipersen\" \/>\n<meta name=\"twitter:label1\" content=\"Yazan:\" \/>\n\t<meta name=\"twitter:data1\" content=\"Memurun Sesi Haber Merkezi\" \/>\n\t<meta name=\"twitter:label2\" content=\"Tahmini okuma s\u00fcresi\" \/>\n\t<meta name=\"twitter:data2\" content=\"1 dakika\" \/>\n<script type=\"application\/ld+json\" class=\"yoast-schema-graph\">{\"@context\":\"https:\\\/\\\/schema.org\",\"@graph\":[{\"@type\":\"Article\",\"@id\":\"https:\\\/\\\/memurunsesi.net\\\/index.php\\\/2025\\\/04\\\/09\\\/kilpayi-kurtuldu-catindan-dusen-fayans-az-kalsin-cocugun-kafasina-carpiyordu\\\/#article\",\"isPartOf\":{\"@id\":\"https:\\\/\\\/memurunsesi.net\\\/index.php\\\/2025\\\/04\\\/09\\\/kilpayi-kurtuldu-catindan-dusen-fayans-az-kalsin-cocugun-kafasina-carpiyordu\\\/\"},\"author\":{\"name\":\"Memurun Sesi Haber Merkezi\",\"@id\":\"https:\\\/\\\/memurunsesi.net\\\/#\\\/schema\\\/person\\\/f21c2d73b89f6ee1d80b0a1803e38587\"},\"headline\":\"K\u0131lpay\u0131 kurtuldu: \u00c7at\u0131ndan d\u00fc\u015fen fayans az kals\u0131n \u00e7ocu\u011fun kafas\u0131na \u00e7arp\u0131yordu\",\"datePublished\":\"2025-04-09T17:15:32+00:00\",\"mainEntityOfPage\":{\"@id\":\"https:\\\/\\\/memurunsesi.net\\\/index.php\\\/2025\\\/04\\\/09\\\/kilpayi-kurtuldu-catindan-dusen-fayans-az-kalsin-cocugun-kafasina-carpiyordu\\\/\"},\"wordCount\":224,\"commentCount\":0,\"publisher\":{\"@id\":\"https:\\\/\\\/memurunsesi.net\\\/#organization\"},\"image\":{\"@id\":\"https:\\\/\\\/memurunsesi.net\\\/index.php\\\/2025\\\/04\\\/09\\\/kilpayi-kurtuldu-catindan-dusen-fayans-az-kalsin-cocugun-kafasina-carpiyordu\\\/#primaryimage\"},\"thumbnailUrl\":\"https:\\\/\\\/memurunsesi.net\\\/wp-content\\\/uploads\\\/2025\\\/04\\\/AW429052_05-scaled.jpg\",\"articleSection\":[\"G\u00fcndem\"],\"inLanguage\":\"tr\",\"potentialAction\":[{\"@type\":\"CommentAction\",\"name\":\"Comment\",\"target\":[\"https:\\\/\\\/memurunsesi.net\\\/index.php\\\/2025\\\/04\\\/09\\\/kilpayi-kurtuldu-catindan-dusen-fayans-az-kalsin-cocugun-kafasina-carpiyordu\\\/#respond\"]}]},{\"@type\":\"WebPage\",\"@id\":\"https:\\\/\\\/memurunsesi.net\\\/index.php\\\/2025\\\/04\\\/09\\\/kilpayi-kurtuldu-catindan-dusen-fayans-az-kalsin-cocugun-kafasina-carpiyordu\\\/\",\"url\":\"https:\\\/\\\/memurunsesi.net\\\/index.php\\\/2025\\\/04\\\/09\\\/kilpayi-kurtuldu-catindan-dusen-fayans-az-kalsin-cocugun-kafasina-carpiyordu\\\/\",\"name\":\"K\u0131lpay\u0131 kurtuldu: \u00c7at\u0131ndan d\u00fc\u015fen fayans az kals\u0131n \u00e7ocu\u011fun kafas\u0131na \u00e7arp\u0131yordu - Memurun Sesi\",\"isPartOf\":{\"@id\":\"https:\\\/\\\/memurunsesi.net\\\/#website\"},\"primaryImageOfPage\":{\"@id\":\"https:\\\/\\\/memurunsesi.net\\\/index.php\\\/2025\\\/04\\\/09\\\/kilpayi-kurtuldu-catindan-dusen-fayans-az-kalsin-cocugun-kafasina-carpiyordu\\\/#primaryimage\"},\"image\":{\"@id\":\"https:\\\/\\\/memurunsesi.net\\\/index.php\\\/2025\\\/04\\\/09\\\/kilpayi-kurtuldu-catindan-dusen-fayans-az-kalsin-cocugun-kafasina-carpiyordu\\\/#primaryimage\"},\"thumbnailUrl\":\"https:\\\/\\\/memurunsesi.net\\\/wp-content\\\/uploads\\\/2025\\\/04\\\/AW429052_05-scaled.jpg\",\"datePublished\":\"2025-04-09T17:15:32+00:00\",\"breadcrumb\":{\"@id\":\"https:\\\/\\\/memurunsesi.net\\\/index.php\\\/2025\\\/04\\\/09\\\/kilpayi-kurtuldu-catindan-dusen-fayans-az-kalsin-cocugun-kafasina-carpiyordu\\\/#breadcrumb\"},\"inLanguage\":\"tr\",\"potentialAction\":[{\"@type\":\"ReadAction\",\"target\":[\"https:\\\/\\\/memurunsesi.net\\\/index.php\\\/2025\\\/04\\\/09\\\/kilpayi-kurtuldu-catindan-dusen-fayans-az-kalsin-cocugun-kafasina-carpiyordu\\\/\"]}]},{\"@type\":\"ImageObject\",\"inLanguage\":\"tr\",\"@id\":\"https:\\\/\\\/memurunsesi.net\\\/index.php\\\/2025\\\/04\\\/09\\\/kilpayi-kurtuldu-catindan-dusen-fayans-az-kalsin-cocugun-kafasina-carpiyordu\\\/#primaryimage\",\"url\":\"https:\\\/\\\/memurunsesi.net\\\/wp-content\\\/uploads\\\/2025\\\/04\\\/AW429052_05-scaled.jpg\",\"contentUrl\":\"https:\\\/\\\/memurunsesi.net\\\/wp-content\\\/uploads\\\/2025\\\/04\\\/AW429052_05-scaled.jpg\",\"width\":2560,\"height\":1287,\"caption\":\"METEOROLOJ\u0130N\u0130N UYARI YAPTI\u011eI MERS\u0130N'DE \u00d6\u011eLE SAATLER\u0130NDE BA\u015eLAYAN VE SAATTEK\u0130 HIZI ZAMAN ZAMAN 33 K\u0130LOMETREYE ULA\u015eAN FIRTINA HAYATI OLUMSUZ ETK\u0130LERKEN, \u015e\u0130DDETL\u0130 R\u00dcZGAR KENTTEK\u0130 A\u011eA\u00c7LARA VE TABELALARA DA ZARAR VERD\u0130. (FEVZ\u0130 DEM\u0130RCAN\\\/MERS\u0130N-\u0130HA) Mersin'de bir \u00e7ocuk, f\u0131rt\u0131na dolay\u0131s\u0131yla binan\u0131n \u00e7at\u0131s\u0131ndan d\u00fc\u015fen fayans\u0131n kafas\u0131na isabet etmesinden son anda kurtuldu. Fayans\u0131n d\u00fc\u015ft\u00fc\u011f\u00fc otomobilde ise hasar olu\u015ftu.\"},{\"@type\":\"BreadcrumbList\",\"@id\":\"https:\\\/\\\/memurunsesi.net\\\/index.php\\\/2025\\\/04\\\/09\\\/kilpayi-kurtuldu-catindan-dusen-fayans-az-kalsin-cocugun-kafasina-carpiyordu\\\/#breadcrumb\",\"itemListElement\":[{\"@type\":\"ListItem\",\"position\":1,\"name\":\"Anasayfa\",\"item\":\"https:\\\/\\\/memurunsesi.net\\\/\"},{\"@type\":\"ListItem\",\"position\":2,\"name\":\"K\u0131lpay\u0131 kurtuldu: \u00c7at\u0131ndan d\u00fc\u015fen fayans az kals\u0131n \u00e7ocu\u011fun kafas\u0131na \u00e7arp\u0131yordu\"}]},{\"@type\":\"WebSite\",\"@id\":\"https:\\\/\\\/memurunsesi.net\\\/#website\",\"url\":\"https:\\\/\\\/memurunsesi.net\\\/\",\"name\":\"Memurun Sesi\",\"description\":\"G\u00fcncel ve Do\u011fru Haber\",\"publisher\":{\"@id\":\"https:\\\/\\\/memurunsesi.net\\\/#organization\"},\"potentialAction\":[{\"@type\":\"SearchAction\",\"target\":{\"@type\":\"EntryPoint\",\"urlTemplate\":\"https:\\\/\\\/memurunsesi.net\\\/?s={search_term_string}\"},\"query-input\":{\"@type\":\"PropertyValueSpecification\",\"valueRequired\":true,\"valueName\":\"search_term_string\"}}],\"inLanguage\":\"tr\"},{\"@type\":\"Organization\",\"@id\":\"https:\\\/\\\/memurunsesi.net\\\/#organization\",\"name\":\"Memurun Sesi\",\"url\":\"https:\\\/\\\/memurunsesi.net\\\/\",\"logo\":{\"@type\":\"ImageObject\",\"inLanguage\":\"tr\",\"@id\":\"https:\\\/\\\/memurunsesi.net\\\/#\\\/schema\\\/logo\\\/image\\\/\",\"url\":\"https:\\\/\\\/memurunsesi.net\\\/wp-content\\\/uploads\\\/2025\\\/11\\\/cropped-MEMURUN-SESI.png\",\"contentUrl\":\"https:\\\/\\\/memurunsesi.net\\\/wp-content\\\/uploads\\\/2025\\\/11\\\/cropped-MEMURUN-SESI.png\",\"width\":238,\"height\":57,\"caption\":\"Memurun Sesi\"},\"image\":{\"@id\":\"https:\\\/\\\/memurunsesi.net\\\/#\\\/schema\\\/logo\\\/image\\\/\"},\"sameAs\":[\"https:\\\/\\\/www.facebook.com\\\/unipersen\\\/?locale=tr_TR\",\"https:\\\/\\\/x.com\\\/unipersen\"]},{\"@type\":\"Person\",\"@id\":\"https:\\\/\\\/memurunsesi.net\\\/#\\\/schema\\\/person\\\/f21c2d73b89f6ee1d80b0a1803e38587\",\"name\":\"Memurun Sesi Haber Merkezi\",\"image\":{\"@type\":\"ImageObject\",\"inLanguage\":\"tr\",\"@id\":\"https:\\\/\\\/secure.gravatar.com\\\/avatar\\\/6cf0505f452ee753f485014986fab09a434671d2b919ee76fc541025c5876a70?s=96&d=mm&r=g\",\"url\":\"https:\\\/\\\/secure.gravatar.com\\\/avatar\\\/6cf0505f452ee753f485014986fab09a434671d2b919ee76fc541025c5876a70?s=96&d=mm&r=g\",\"contentUrl\":\"https:\\\/\\\/secure.gravatar.com\\\/avatar\\\/6cf0505f452ee753f485014986fab09a434671d2b919ee76fc541025c5876a70?s=96&d=mm&r=g\",\"caption\":\"Memurun Sesi Haber Merkezi\"},\"sameAs\":[\"https:\\\/\\\/memurunsesi.net\"],\"url\":\"https:\\\/\\\/memurunsesi.net\\\/index.php\\\/author\\\/uniper\\\/\"}]}<\/script>\n<!-- \/ Yoast SEO plugin. -->","yoast_head_json":{"title":"K\u0131lpay\u0131 kurtuldu: \u00c7at\u0131ndan d\u00fc\u015fen fayans az kals\u0131n \u00e7ocu\u011fun kafas\u0131na \u00e7arp\u0131yordu - Memurun Sesi","robots":{"index":"index","follow":"follow","max-snippet":"max-snippet:-1","max-image-preview":"max-image-preview:large","max-video-preview":"max-video-preview:-1"},"canonical":"https:\/\/memurunsesi.net\/index.php\/2025\/04\/09\/kilpayi-kurtuldu-catindan-dusen-fayans-az-kalsin-cocugun-kafasina-carpiyordu\/","og_locale":"tr_TR","og_type":"article","og_title":"K\u0131lpay\u0131 kurtuldu: \u00c7at\u0131ndan d\u00fc\u015fen fayans az kals\u0131n \u00e7ocu\u011fun kafas\u0131na \u00e7arp\u0131yordu - Memurun Sesi","og_description":"Mersin&#8217;de f\u0131rt\u0131na etkili oldu Mersin&#8217;de bir \u00e7ocuk, f\u0131rt\u0131na dolay\u0131s\u0131yla binan\u0131n \u00e7at\u0131s\u0131ndan d\u00fc\u015fen fayans\u0131n kafas\u0131na isabet etmesinden son anda kurtuldu. Fayans\u0131n d\u00fc\u015ft\u00fc\u011f\u00fc otomobilde ise hasar olu\u015ftu. Meteorolojinin uyar\u0131 yapt\u0131\u011f\u0131 Mersin&#8217;de \u00f6\u011fle saatlerinde ba\u015flayan ve saatteki h\u0131z\u0131 zaman zaman 33 kilometreye ula\u015fan f\u0131rt\u0131na hayat\u0131 olumsuz etkilerken, \u015fiddetli r\u00fczgar kentteki a\u011fa\u00e7lara ve tabelalara da zarar verdi. F\u0131rt\u0131na dolay\u0131s\u0131yla [&hellip;]","og_url":"https:\/\/memurunsesi.net\/index.php\/2025\/04\/09\/kilpayi-kurtuldu-catindan-dusen-fayans-az-kalsin-cocugun-kafasina-carpiyordu\/","og_site_name":"Memurun Sesi","article_publisher":"https:\/\/www.facebook.com\/unipersen\/?locale=tr_TR","article_published_time":"2025-04-09T17:15:32+00:00","og_image":[{"width":2560,"height":1287,"url":"https:\/\/memurunsesi.net\/wp-content\/uploads\/2025\/04\/AW429052_05-scaled.jpg","type":"image\/jpeg"}],"author":"Memurun Sesi Haber Merkezi","twitter_card":"summary_large_image","twitter_creator":"@unipersen","twitter_site":"@unipersen","twitter_misc":{"Yazan:":"Memurun Sesi Haber Merkezi","Tahmini okuma s\u00fcresi":"1 dakika"},"schema":{"@context":"https:\/\/schema.org","@graph":[{"@type":"Article","@id":"https:\/\/memurunsesi.net\/index.php\/2025\/04\/09\/kilpayi-kurtuldu-catindan-dusen-fayans-az-kalsin-cocugun-kafasina-carpiyordu\/#article","isPartOf":{"@id":"https:\/\/memurunsesi.net\/index.php\/2025\/04\/09\/kilpayi-kurtuldu-catindan-dusen-fayans-az-kalsin-cocugun-kafasina-carpiyordu\/"},"author":{"name":"Memurun Sesi Haber Merkezi","@id":"https:\/\/memurunsesi.net\/#\/schema\/person\/f21c2d73b89f6ee1d80b0a1803e38587"},"headline":"K\u0131lpay\u0131 kurtuldu: \u00c7at\u0131ndan d\u00fc\u015fen fayans az kals\u0131n \u00e7ocu\u011fun kafas\u0131na \u00e7arp\u0131yordu","datePublished":"2025-04-09T17:15:32+00:00","mainEntityOfPage":{"@id":"https:\/\/memurunsesi.net\/index.php\/2025\/04\/09\/kilpayi-kurtuldu-catindan-dusen-fayans-az-kalsin-cocugun-kafasina-carpiyordu\/"},"wordCount":224,"commentCount":0,"publisher":{"@id":"https:\/\/memurunsesi.net\/#organization"},"image":{"@id":"https:\/\/memurunsesi.net\/index.php\/2025\/04\/09\/kilpayi-kurtuldu-catindan-dusen-fayans-az-kalsin-cocugun-kafasina-carpiyordu\/#primaryimage"},"thumbnailUrl":"https:\/\/memurunsesi.net\/wp-content\/uploads\/2025\/04\/AW429052_05-scaled.jpg","articleSection":["G\u00fcndem"],"inLanguage":"tr","potentialAction":[{"@type":"CommentAction","name":"Comment","target":["https:\/\/memurunsesi.net\/index.php\/2025\/04\/09\/kilpayi-kurtuldu-catindan-dusen-fayans-az-kalsin-cocugun-kafasina-carpiyordu\/#respond"]}]},{"@type":"WebPage","@id":"https:\/\/memurunsesi.net\/index.php\/2025\/04\/09\/kilpayi-kurtuldu-catindan-dusen-fayans-az-kalsin-cocugun-kafasina-carpiyordu\/","url":"https:\/\/memurunsesi.net\/index.php\/2025\/04\/09\/kilpayi-kurtuldu-catindan-dusen-fayans-az-kalsin-cocugun-kafasina-carpiyordu\/","name":"K\u0131lpay\u0131 kurtuldu: \u00c7at\u0131ndan d\u00fc\u015fen fayans az kals\u0131n \u00e7ocu\u011fun kafas\u0131na \u00e7arp\u0131yordu - Memurun Sesi","isPartOf":{"@id":"https:\/\/memurunsesi.net\/#website"},"primaryImageOfPage":{"@id":"https:\/\/memurunsesi.net\/index.php\/2025\/04\/09\/kilpayi-kurtuldu-catindan-dusen-fayans-az-kalsin-cocugun-kafasina-carpiyordu\/#primaryimage"},"image":{"@id":"https:\/\/memurunsesi.net\/index.php\/2025\/04\/09\/kilpayi-kurtuldu-catindan-dusen-fayans-az-kalsin-cocugun-kafasina-carpiyordu\/#primaryimage"},"thumbnailUrl":"https:\/\/memurunsesi.net\/wp-content\/uploads\/2025\/04\/AW429052_05-scaled.jpg","datePublished":"2025-04-09T17:15:32+00:00","breadcrumb":{"@id":"https:\/\/memurunsesi.net\/index.php\/2025\/04\/09\/kilpayi-kurtuldu-catindan-dusen-fayans-az-kalsin-cocugun-kafasina-carpiyordu\/#breadcrumb"},"inLanguage":"tr","potentialAction":[{"@type":"ReadAction","target":["https:\/\/memurunsesi.net\/index.php\/2025\/04\/09\/kilpayi-kurtuldu-catindan-dusen-fayans-az-kalsin-cocugun-kafasina-carpiyordu\/"]}]},{"@type":"ImageObject","inLanguage":"tr","@id":"https:\/\/memurunsesi.net\/index.php\/2025\/04\/09\/kilpayi-kurtuldu-catindan-dusen-fayans-az-kalsin-cocugun-kafasina-carpiyordu\/#primaryimage","url":"https:\/\/memurunsesi.net\/wp-content\/uploads\/2025\/04\/AW429052_05-scaled.jpg","contentUrl":"https:\/\/memurunsesi.net\/wp-content\/uploads\/2025\/04\/AW429052_05-scaled.jpg","width":2560,"height":1287,"caption":"METEOROLOJ\u0130N\u0130N UYARI YAPTI\u011eI MERS\u0130N'DE \u00d6\u011eLE SAATLER\u0130NDE BA\u015eLAYAN VE SAATTEK\u0130 HIZI ZAMAN ZAMAN 33 K\u0130LOMETREYE ULA\u015eAN FIRTINA HAYATI OLUMSUZ ETK\u0130LERKEN, \u015e\u0130DDETL\u0130 R\u00dcZGAR KENTTEK\u0130 A\u011eA\u00c7LARA VE TABELALARA DA ZARAR VERD\u0130. (FEVZ\u0130 DEM\u0130RCAN\/MERS\u0130N-\u0130HA) Mersin'de bir \u00e7ocuk, f\u0131rt\u0131na dolay\u0131s\u0131yla binan\u0131n \u00e7at\u0131s\u0131ndan d\u00fc\u015fen fayans\u0131n kafas\u0131na isabet etmesinden son anda kurtuldu. Fayans\u0131n d\u00fc\u015ft\u00fc\u011f\u00fc otomobilde ise hasar olu\u015ftu."},{"@type":"BreadcrumbList","@id":"https:\/\/memurunsesi.net\/index.php\/2025\/04\/09\/kilpayi-kurtuldu-catindan-dusen-fayans-az-kalsin-cocugun-kafasina-carpiyordu\/#breadcrumb","itemListElement":[{"@type":"ListItem","position":1,"name":"Anasayfa","item":"https:\/\/memurunsesi.net\/"},{"@type":"ListItem","position":2,"name":"K\u0131lpay\u0131 kurtuldu: \u00c7at\u0131ndan d\u00fc\u015fen fayans az kals\u0131n \u00e7ocu\u011fun kafas\u0131na \u00e7arp\u0131yordu"}]},{"@type":"WebSite","@id":"https:\/\/memurunsesi.net\/#website","url":"https:\/\/memurunsesi.net\/","name":"Memurun Sesi","description":"G\u00fcncel ve Do\u011fru Haber","publisher":{"@id":"https:\/\/memurunsesi.net\/#organization"},"potentialAction":[{"@type":"SearchAction","target":{"@type":"EntryPoint","urlTemplate":"https:\/\/memurunsesi.net\/?s={search_term_string}"},"query-input":{"@type":"PropertyValueSpecification","valueRequired":true,"valueName":"search_term_string"}}],"inLanguage":"tr"},{"@type":"Organization","@id":"https:\/\/memurunsesi.net\/#organization","name":"Memurun Sesi","url":"https:\/\/memurunsesi.net\/","logo":{"@type":"ImageObject","inLanguage":"tr","@id":"https:\/\/memurunsesi.net\/#\/schema\/logo\/image\/","url":"https:\/\/memurunsesi.net\/wp-content\/uploads\/2025\/11\/cropped-MEMURUN-SESI.png","contentUrl":"https:\/\/memurunsesi.net\/wp-content\/uploads\/2025\/11\/cropped-MEMURUN-SESI.png","width":238,"height":57,"caption":"Memurun Sesi"},"image":{"@id":"https:\/\/memurunsesi.net\/#\/schema\/logo\/image\/"},"sameAs":["https:\/\/www.facebook.com\/unipersen\/?locale=tr_TR","https:\/\/x.com\/unipersen"]},{"@type":"Person","@id":"https:\/\/memurunsesi.net\/#\/schema\/person\/f21c2d73b89f6ee1d80b0a1803e38587","name":"Memurun Sesi Haber Merkezi","image":{"@type":"ImageObject","inLanguage":"tr","@id":"https:\/\/secure.gravatar.com\/avatar\/6cf0505f452ee753f485014986fab09a434671d2b919ee76fc541025c5876a70?s=96&d=mm&r=g","url":"https:\/\/secure.gravatar.com\/avatar\/6cf0505f452ee753f485014986fab09a434671d2b919ee76fc541025c5876a70?s=96&d=mm&r=g","contentUrl":"https:\/\/secure.gravatar.com\/avatar\/6cf0505f452ee753f485014986fab09a434671d2b919ee76fc541025c5876a70?s=96&d=mm&r=g","caption":"Memurun Sesi Haber Merkezi"},"sameAs":["https:\/\/memurunsesi.net"],"url":"https:\/\/memurunsesi.net\/index.php\/author\/uniper\/"}]}},"_links":{"self":[{"href":"https:\/\/memurunsesi.net\/index.php\/wp-json\/wp\/v2\/posts\/5069","targetHints":{"allow":["GET"]}}],"collection":[{"href":"https:\/\/memurunsesi.net\/index.php\/wp-json\/wp\/v2\/posts"}],"about":[{"href":"https:\/\/memurunsesi.net\/index.php\/wp-json\/wp\/v2\/types\/post"}],"author":[{"embeddable":true,"href":"https:\/\/memurunsesi.net\/index.php\/wp-json\/wp\/v2\/users\/1"}],"replies":[{"embeddable":true,"href":"https:\/\/memurunsesi.net\/index.php\/wp-json\/wp\/v2\/comments?post=5069"}],"version-history":[{"count":1,"href":"https:\/\/memurunsesi.net\/index.php\/wp-json\/wp\/v2\/posts\/5069\/revisions"}],"predecessor-version":[{"id":5073,"href":"https:\/\/memurunsesi.net\/index.php\/wp-json\/wp\/v2\/posts\/5069\/revisions\/5073"}],"wp:featuredmedia":[{"embeddable":true,"href":"https:\/\/memurunsesi.net\/index.php\/wp-json\/wp\/v2\/media\/5072"}],"wp:attachment":[{"href":"https:\/\/memurunsesi.net\/index.php\/wp-json\/wp\/v2\/media?parent=5069"}],"wp:term":[{"taxonomy":"category","embeddable":true,"href":"https:\/\/memurunsesi.net\/index.php\/wp-json\/wp\/v2\/categories?post=5069"},{"taxonomy":"post_tag","embeddable":true,"href":"https:\/\/memurunsesi.net\/index.php\/wp-json\/wp\/v2\/tags?post=5069"}],"curies":[{"name":"wp","href":"https:\/\/api.w.org\/{rel}","templated":true}]}}