{"id":5075,"date":"2025-04-09T20:18:17","date_gmt":"2025-04-09T17:18:17","guid":{"rendered":"https:\/\/memurunsesi.net\/?p=5075"},"modified":"2025-04-09T20:18:17","modified_gmt":"2025-04-09T17:18:17","slug":"ayvalik-kutuphanesinde-ozel-ogrencilerden-anlamli-sergi","status":"publish","type":"post","link":"https:\/\/memurunsesi.net\/index.php\/2025\/04\/09\/ayvalik-kutuphanesinde-ozel-ogrencilerden-anlamli-sergi\/","title":{"rendered":"Ayval\u0131k K\u00fct\u00fcphanesinde \u00f6zel \u00f6\u011frencilerden anlaml\u0131 sergi"},"content":{"rendered":"<p>Ayval\u0131k\u2019ta 61. K\u00fct\u00fcphane Haftas\u0131 etkinlikleri ba\u015flad\u0131<\/p>\n<p>Bal\u0131kesir\u2019in Ayval\u0131k il\u00e7esinde; 61. K\u00fct\u00fcphane Haftas\u0131 etkinlikleri \u00e7er\u00e7evesinde d\u00fczenlenen \u00d6zel E\u011fitim ve Rehabilitasyon Merkezi b\u00fcnyesindeki engelli \u00f6\u011frencilerin haz\u0131rlad\u0131klar\u0131 resim sergisine ilgi yo\u011fun oldu. Ayval\u0131k K\u00fct\u00fcphane M\u00fcd\u00fcr\u00fc Gizem Duygu Kurto\u011flu\u2019nun ev sahipli\u011finde \u0130l\u00e7e K\u00fct\u00fcphanesi Salonu\u2019nda a\u00e7\u0131lan sergide, engelli \u00f6\u011frencilerin \u00e7izdikleri resimler izleyenleri adeta b\u00fcy\u00fcledi.<br \/>\nAyval\u0131k \u0130l\u00e7e Halk K\u00fct\u00fcphanesi; 7-13 Nisan 2025 tarihleri aras\u0131nda &#8220;\u00dcreten K\u00fct\u00fcphaneler&#8221; ana temas\u0131yla kutlanmas\u0131 hedeflenen ancak, Ramazan Bayram\u0131 tatilinin Cumhurba\u015fkan\u0131 Recep Tayip Erdo\u011fan taraf\u0131ndan 9 g\u00fcne \u00e7\u0131kar\u0131lmas\u0131 nedeniyle gecikmeli olarak hayata ge\u00e7irilen &#8220;61. K\u00fct\u00fcphane Haftas\u0131&#8221; program\u0131 \u00e7er\u00e7evesinde birbirinden renkli etkinliklere ev sahipli\u011fi yapmaya ba\u015flad\u0131.<br \/>\nBu y\u0131l, her ya\u015ftan kitapseveri kucaklayarak kitap sevgisini yaymay\u0131 ve okuma al\u0131\u015fkanl\u0131klar\u0131n\u0131 g\u00fc\u00e7lendirmeyi ama\u00e7layan K\u00fct\u00fcphane Haftas\u0131 etkinliklerinin ilk g\u00fcn\u00fcnde; Ayval\u0131k \u00d6zel E\u011fitim ve Rehabilitasyon Merkezi b\u00fcnyesindeki \u00f6zel \u00e7ocuklar\u0131n haz\u0131rlad\u0131klar\u0131 resim sergisi kitapseverlerle bulu\u015fturuldu.<br \/>\nHafta boyunca be\u011feniye sunulan sergide; engelli gen\u00e7lerin \u00e7izdikleri birbirinden g\u00fczel eserler kitapseverlerden yo\u011fun ilgi g\u00f6rd\u00fc.<br \/>\nAyval\u0131k \u0130l\u00e7e K\u00fct\u00fcphane M\u00fcd\u00fcr\u00fc Gizem Duygu Kurto\u011flu, \u00f6zel gen\u00e7lerin hayallerini ve ya\u015famdan beklentilerini tuvallere b\u00fcy\u00fck bir ba\u015far\u0131yla yans\u0131tmalar\u0131ndan duydu\u011fu memnuniyeti ifade ederek, haz\u0131rlad\u0131klar\u0131 program kapsam\u0131nda; Ayval\u0131k \u0130l\u00e7e Halk K\u00fct\u00fcphanesi Kitap Tahlil Grubu Toplant\u0131s\u0131\u2019n\u0131n yan\u0131 s\u0131ra il\u00e7edeki okullar\u0131n k\u00fct\u00fcphane ziyaretleriyle ilk g\u00fcn\u00fc tamamlad\u0131klar\u0131n\u0131 anlatt\u0131.<br \/>\nHafta boyunca il\u00e7edeki okullar\u0131n k\u00fct\u00fcphaneye y\u00f6nelik ziyaretlerini s\u00fcrd\u00fcreceklerini belirten Kurto\u011flu, &#8220;Haz\u0131rlad\u0131\u011f\u0131m\u0131z program kapsam\u0131nda, bug\u00fcn de; Ayval\u0131k Belediyesi b\u00fcnyesindeki Erken Do\u011fmu\u015flar Konukevi\u2019nde ya\u015fayan b\u00fcy\u00fcklerimizin yararlanmas\u0131 i\u00e7in bu merkezdeki kitapl\u0131\u011fa kitap ba\u011f\u0131\u015f\u0131nda bulunduk. Program \u00e7er\u00e7evesinde; Ayval\u0131k\u2019\u0131n Alt\u0131nova Mahallesi\u2019ndeki Kad\u0131n A\u00e7\u0131k Ceza ve \u0130nfaz Kurumu\u2019nda h\u00fck\u00fcml\u00fc annelere ve \u00e7ocuklara y\u00f6nelik Ezgi G\u00fcndo\u011fmu\u015f ve G\u00f6k\u00e7en G\u00f6kmen ile drama etkinli\u011fi d\u00fczenleyece\u011fiz. 12 Nisan tarihinde de; \u0130l\u00e7e Halk K\u00fct\u00fcphanemiz de Adnan Sara\u00e7o\u011flu ile Resimli Kitap Okuma etkinli\u011fi d\u00fczenleyece\u011fiz. Umuyor ve diliyorum ki; K\u00fct\u00fcphane Haftas\u0131 sonras\u0131nda da d\u00fczenleyece\u011fimiz benzeri etkinliklerle ba\u015fta gen\u00e7lerimiz olmak \u00fczere, halk\u0131m\u0131za kitap okuma sevgisini a\u015f\u0131lamay\u0131 ba\u015farabiliriz&#8221; diye konu\u015ftu.<\/p>\n<p>9.04.2025<\/p>\n","protected":false},"excerpt":{"rendered":"<p>Ayval\u0131k\u2019ta 61. K\u00fct\u00fcphane Haftas\u0131 etkinlikleri ba\u015flad\u0131 Bal\u0131kesir\u2019in Ayval\u0131k il\u00e7esinde; 61. K\u00fct\u00fcphane Haftas\u0131 etkinlikleri \u00e7er\u00e7evesinde d\u00fczenlenen \u00d6zel E\u011fitim ve Rehabilitasyon Merkezi b\u00fcnyesindeki engelli \u00f6\u011frencilerin haz\u0131rlad\u0131klar\u0131 resim sergisine ilgi yo\u011fun oldu. Ayval\u0131k K\u00fct\u00fcphane M\u00fcd\u00fcr\u00fc Gizem Duygu Kurto\u011flu\u2019nun ev sahipli\u011finde \u0130l\u00e7e K\u00fct\u00fcphanesi Salonu\u2019nda a\u00e7\u0131lan sergide, engelli \u00f6\u011frencilerin \u00e7izdikleri resimler izleyenleri adeta b\u00fcy\u00fcledi. Ayval\u0131k \u0130l\u00e7e Halk K\u00fct\u00fcphanesi; 7-13 Nisan [&hellip;]<\/p>\n","protected":false},"author":1,"featured_media":5078,"comment_status":"open","ping_status":"open","sticky":false,"template":"","format":"standard","meta":{"footnotes":""},"categories":[45],"tags":[],"class_list":["post-5075","post","type-post","status-publish","format-standard","has-post-thumbnail","hentry","category-gundem"],"yoast_head":"<!-- This site is optimized with the Yoast SEO plugin v27.4 - https:\/\/yoast.com\/product\/yoast-seo-wordpress\/ -->\n<title>Ayval\u0131k K\u00fct\u00fcphanesinde \u00f6zel \u00f6\u011frencilerden anlaml\u0131 sergi - Memurun Sesi<\/title>\n<meta name=\"robots\" content=\"index, follow, max-snippet:-1, max-image-preview:large, max-video-preview:-1\" \/>\n<link rel=\"canonical\" href=\"https:\/\/memurunsesi.net\/index.php\/2025\/04\/09\/ayvalik-kutuphanesinde-ozel-ogrencilerden-anlamli-sergi\/\" \/>\n<meta property=\"og:locale\" content=\"tr_TR\" \/>\n<meta property=\"og:type\" content=\"article\" \/>\n<meta property=\"og:title\" content=\"Ayval\u0131k K\u00fct\u00fcphanesinde \u00f6zel \u00f6\u011frencilerden anlaml\u0131 sergi - Memurun Sesi\" \/>\n<meta property=\"og:description\" content=\"Ayval\u0131k\u2019ta 61. K\u00fct\u00fcphane Haftas\u0131 etkinlikleri ba\u015flad\u0131 Bal\u0131kesir\u2019in Ayval\u0131k il\u00e7esinde; 61. K\u00fct\u00fcphane Haftas\u0131 etkinlikleri \u00e7er\u00e7evesinde d\u00fczenlenen \u00d6zel E\u011fitim ve Rehabilitasyon Merkezi b\u00fcnyesindeki engelli \u00f6\u011frencilerin haz\u0131rlad\u0131klar\u0131 resim sergisine ilgi yo\u011fun oldu. Ayval\u0131k K\u00fct\u00fcphane M\u00fcd\u00fcr\u00fc Gizem Duygu Kurto\u011flu\u2019nun ev sahipli\u011finde \u0130l\u00e7e K\u00fct\u00fcphanesi Salonu\u2019nda a\u00e7\u0131lan sergide, engelli \u00f6\u011frencilerin \u00e7izdikleri resimler izleyenleri adeta b\u00fcy\u00fcledi. Ayval\u0131k \u0130l\u00e7e Halk K\u00fct\u00fcphanesi; 7-13 Nisan [&hellip;]\" \/>\n<meta property=\"og:url\" content=\"https:\/\/memurunsesi.net\/index.php\/2025\/04\/09\/ayvalik-kutuphanesinde-ozel-ogrencilerden-anlamli-sergi\/\" \/>\n<meta property=\"og:site_name\" content=\"Memurun Sesi\" \/>\n<meta property=\"article:publisher\" content=\"https:\/\/www.facebook.com\/unipersen\/?locale=tr_TR\" \/>\n<meta property=\"article:published_time\" content=\"2025-04-09T17:18:17+00:00\" \/>\n<meta property=\"og:image\" content=\"https:\/\/memurunsesi.net\/wp-content\/uploads\/2025\/04\/AW429075_04.jpg\" \/>\n\t<meta property=\"og:image:width\" content=\"738\" \/>\n\t<meta property=\"og:image:height\" content=\"548\" \/>\n\t<meta property=\"og:image:type\" content=\"image\/jpeg\" \/>\n<meta name=\"author\" content=\"Memurun Sesi Haber Merkezi\" \/>\n<meta name=\"twitter:card\" content=\"summary_large_image\" \/>\n<meta name=\"twitter:creator\" content=\"@unipersen\" \/>\n<meta name=\"twitter:site\" content=\"@unipersen\" \/>\n<meta name=\"twitter:label1\" content=\"Yazan:\" \/>\n\t<meta name=\"twitter:data1\" content=\"Memurun Sesi Haber Merkezi\" \/>\n\t<meta name=\"twitter:label2\" content=\"Tahmini okuma s\u00fcresi\" \/>\n\t<meta name=\"twitter:data2\" content=\"2 dakika\" \/>\n<script type=\"application\/ld+json\" class=\"yoast-schema-graph\">{\"@context\":\"https:\\\/\\\/schema.org\",\"@graph\":[{\"@type\":\"Article\",\"@id\":\"https:\\\/\\\/memurunsesi.net\\\/index.php\\\/2025\\\/04\\\/09\\\/ayvalik-kutuphanesinde-ozel-ogrencilerden-anlamli-sergi\\\/#article\",\"isPartOf\":{\"@id\":\"https:\\\/\\\/memurunsesi.net\\\/index.php\\\/2025\\\/04\\\/09\\\/ayvalik-kutuphanesinde-ozel-ogrencilerden-anlamli-sergi\\\/\"},\"author\":{\"name\":\"Memurun Sesi Haber Merkezi\",\"@id\":\"https:\\\/\\\/memurunsesi.net\\\/#\\\/schema\\\/person\\\/f21c2d73b89f6ee1d80b0a1803e38587\"},\"headline\":\"Ayval\u0131k K\u00fct\u00fcphanesinde \u00f6zel \u00f6\u011frencilerden anlaml\u0131 sergi\",\"datePublished\":\"2025-04-09T17:18:17+00:00\",\"mainEntityOfPage\":{\"@id\":\"https:\\\/\\\/memurunsesi.net\\\/index.php\\\/2025\\\/04\\\/09\\\/ayvalik-kutuphanesinde-ozel-ogrencilerden-anlamli-sergi\\\/\"},\"wordCount\":454,\"commentCount\":0,\"publisher\":{\"@id\":\"https:\\\/\\\/memurunsesi.net\\\/#organization\"},\"image\":{\"@id\":\"https:\\\/\\\/memurunsesi.net\\\/index.php\\\/2025\\\/04\\\/09\\\/ayvalik-kutuphanesinde-ozel-ogrencilerden-anlamli-sergi\\\/#primaryimage\"},\"thumbnailUrl\":\"https:\\\/\\\/memurunsesi.net\\\/wp-content\\\/uploads\\\/2025\\\/04\\\/AW429075_04.jpg\",\"articleSection\":[\"G\u00fcndem\"],\"inLanguage\":\"tr\",\"potentialAction\":[{\"@type\":\"CommentAction\",\"name\":\"Comment\",\"target\":[\"https:\\\/\\\/memurunsesi.net\\\/index.php\\\/2025\\\/04\\\/09\\\/ayvalik-kutuphanesinde-ozel-ogrencilerden-anlamli-sergi\\\/#respond\"]}]},{\"@type\":\"WebPage\",\"@id\":\"https:\\\/\\\/memurunsesi.net\\\/index.php\\\/2025\\\/04\\\/09\\\/ayvalik-kutuphanesinde-ozel-ogrencilerden-anlamli-sergi\\\/\",\"url\":\"https:\\\/\\\/memurunsesi.net\\\/index.php\\\/2025\\\/04\\\/09\\\/ayvalik-kutuphanesinde-ozel-ogrencilerden-anlamli-sergi\\\/\",\"name\":\"Ayval\u0131k K\u00fct\u00fcphanesinde \u00f6zel \u00f6\u011frencilerden anlaml\u0131 sergi - Memurun Sesi\",\"isPartOf\":{\"@id\":\"https:\\\/\\\/memurunsesi.net\\\/#website\"},\"primaryImageOfPage\":{\"@id\":\"https:\\\/\\\/memurunsesi.net\\\/index.php\\\/2025\\\/04\\\/09\\\/ayvalik-kutuphanesinde-ozel-ogrencilerden-anlamli-sergi\\\/#primaryimage\"},\"image\":{\"@id\":\"https:\\\/\\\/memurunsesi.net\\\/index.php\\\/2025\\\/04\\\/09\\\/ayvalik-kutuphanesinde-ozel-ogrencilerden-anlamli-sergi\\\/#primaryimage\"},\"thumbnailUrl\":\"https:\\\/\\\/memurunsesi.net\\\/wp-content\\\/uploads\\\/2025\\\/04\\\/AW429075_04.jpg\",\"datePublished\":\"2025-04-09T17:18:17+00:00\",\"breadcrumb\":{\"@id\":\"https:\\\/\\\/memurunsesi.net\\\/index.php\\\/2025\\\/04\\\/09\\\/ayvalik-kutuphanesinde-ozel-ogrencilerden-anlamli-sergi\\\/#breadcrumb\"},\"inLanguage\":\"tr\",\"potentialAction\":[{\"@type\":\"ReadAction\",\"target\":[\"https:\\\/\\\/memurunsesi.net\\\/index.php\\\/2025\\\/04\\\/09\\\/ayvalik-kutuphanesinde-ozel-ogrencilerden-anlamli-sergi\\\/\"]}]},{\"@type\":\"ImageObject\",\"inLanguage\":\"tr\",\"@id\":\"https:\\\/\\\/memurunsesi.net\\\/index.php\\\/2025\\\/04\\\/09\\\/ayvalik-kutuphanesinde-ozel-ogrencilerden-anlamli-sergi\\\/#primaryimage\",\"url\":\"https:\\\/\\\/memurunsesi.net\\\/wp-content\\\/uploads\\\/2025\\\/04\\\/AW429075_04.jpg\",\"contentUrl\":\"https:\\\/\\\/memurunsesi.net\\\/wp-content\\\/uploads\\\/2025\\\/04\\\/AW429075_04.jpg\",\"width\":738,\"height\":548,\"caption\":\"AYVALIK K\u00dcT\u00dcPHANES\u0130NDE \u00d6ZEL \u00d6\u011eRENC\u0130LERDEN ANLAMLI SERG\u0130 (H\u00dcSEY\u0130N SUAT SAL\u011eIN\\\/BALIKES\u0130R-\u0130HA) Bal\u0131kesir'in Ayval\u0131k il\u00e7esinde; 61. K\u00fct\u00fcphane Haftas\u0131 etkinlikleri \u00e7er\u00e7evesinde d\u00fczenlenen \u00d6zel E\u011fitim ve Rehabilitasyon Merkezi b\u00fcnyesindeki engelli \u00f6\u011frencilerin haz\u0131rlad\u0131klar\u0131 resim sergisine ilgi yo\u011fun oldu. Ayval\u0131k K\u00fct\u00fcphane M\u00fcd\u00fcr\u00fc Gizem Duygu Kurto\u011flu'nun ev sahipli\u011finde \u0130l\u00e7e K\u00fct\u00fcphanesi Salonu'nda a\u00e7\u0131lan sergide, engelli \u00f6\u011frencilerin \u00e7izdikleri resimler izleyenleri adeta b\u00fcy\u00fcledi.\"},{\"@type\":\"BreadcrumbList\",\"@id\":\"https:\\\/\\\/memurunsesi.net\\\/index.php\\\/2025\\\/04\\\/09\\\/ayvalik-kutuphanesinde-ozel-ogrencilerden-anlamli-sergi\\\/#breadcrumb\",\"itemListElement\":[{\"@type\":\"ListItem\",\"position\":1,\"name\":\"Anasayfa\",\"item\":\"https:\\\/\\\/memurunsesi.net\\\/\"},{\"@type\":\"ListItem\",\"position\":2,\"name\":\"Ayval\u0131k K\u00fct\u00fcphanesinde \u00f6zel \u00f6\u011frencilerden anlaml\u0131 sergi\"}]},{\"@type\":\"WebSite\",\"@id\":\"https:\\\/\\\/memurunsesi.net\\\/#website\",\"url\":\"https:\\\/\\\/memurunsesi.net\\\/\",\"name\":\"Memurun Sesi\",\"description\":\"G\u00fcncel ve Do\u011fru Haber\",\"publisher\":{\"@id\":\"https:\\\/\\\/memurunsesi.net\\\/#organization\"},\"potentialAction\":[{\"@type\":\"SearchAction\",\"target\":{\"@type\":\"EntryPoint\",\"urlTemplate\":\"https:\\\/\\\/memurunsesi.net\\\/?s={search_term_string}\"},\"query-input\":{\"@type\":\"PropertyValueSpecification\",\"valueRequired\":true,\"valueName\":\"search_term_string\"}}],\"inLanguage\":\"tr\"},{\"@type\":\"Organization\",\"@id\":\"https:\\\/\\\/memurunsesi.net\\\/#organization\",\"name\":\"Memurun Sesi\",\"url\":\"https:\\\/\\\/memurunsesi.net\\\/\",\"logo\":{\"@type\":\"ImageObject\",\"inLanguage\":\"tr\",\"@id\":\"https:\\\/\\\/memurunsesi.net\\\/#\\\/schema\\\/logo\\\/image\\\/\",\"url\":\"https:\\\/\\\/memurunsesi.net\\\/wp-content\\\/uploads\\\/2025\\\/11\\\/cropped-MEMURUN-SESI.png\",\"contentUrl\":\"https:\\\/\\\/memurunsesi.net\\\/wp-content\\\/uploads\\\/2025\\\/11\\\/cropped-MEMURUN-SESI.png\",\"width\":238,\"height\":57,\"caption\":\"Memurun Sesi\"},\"image\":{\"@id\":\"https:\\\/\\\/memurunsesi.net\\\/#\\\/schema\\\/logo\\\/image\\\/\"},\"sameAs\":[\"https:\\\/\\\/www.facebook.com\\\/unipersen\\\/?locale=tr_TR\",\"https:\\\/\\\/x.com\\\/unipersen\"]},{\"@type\":\"Person\",\"@id\":\"https:\\\/\\\/memurunsesi.net\\\/#\\\/schema\\\/person\\\/f21c2d73b89f6ee1d80b0a1803e38587\",\"name\":\"Memurun Sesi Haber Merkezi\",\"image\":{\"@type\":\"ImageObject\",\"inLanguage\":\"tr\",\"@id\":\"https:\\\/\\\/secure.gravatar.com\\\/avatar\\\/6cf0505f452ee753f485014986fab09a434671d2b919ee76fc541025c5876a70?s=96&d=mm&r=g\",\"url\":\"https:\\\/\\\/secure.gravatar.com\\\/avatar\\\/6cf0505f452ee753f485014986fab09a434671d2b919ee76fc541025c5876a70?s=96&d=mm&r=g\",\"contentUrl\":\"https:\\\/\\\/secure.gravatar.com\\\/avatar\\\/6cf0505f452ee753f485014986fab09a434671d2b919ee76fc541025c5876a70?s=96&d=mm&r=g\",\"caption\":\"Memurun Sesi Haber Merkezi\"},\"sameAs\":[\"https:\\\/\\\/memurunsesi.net\"],\"url\":\"https:\\\/\\\/memurunsesi.net\\\/index.php\\\/author\\\/uniper\\\/\"}]}<\/script>\n<!-- \/ Yoast SEO plugin. -->","yoast_head_json":{"title":"Ayval\u0131k K\u00fct\u00fcphanesinde \u00f6zel \u00f6\u011frencilerden anlaml\u0131 sergi - Memurun Sesi","robots":{"index":"index","follow":"follow","max-snippet":"max-snippet:-1","max-image-preview":"max-image-preview:large","max-video-preview":"max-video-preview:-1"},"canonical":"https:\/\/memurunsesi.net\/index.php\/2025\/04\/09\/ayvalik-kutuphanesinde-ozel-ogrencilerden-anlamli-sergi\/","og_locale":"tr_TR","og_type":"article","og_title":"Ayval\u0131k K\u00fct\u00fcphanesinde \u00f6zel \u00f6\u011frencilerden anlaml\u0131 sergi - Memurun Sesi","og_description":"Ayval\u0131k\u2019ta 61. K\u00fct\u00fcphane Haftas\u0131 etkinlikleri ba\u015flad\u0131 Bal\u0131kesir\u2019in Ayval\u0131k il\u00e7esinde; 61. K\u00fct\u00fcphane Haftas\u0131 etkinlikleri \u00e7er\u00e7evesinde d\u00fczenlenen \u00d6zel E\u011fitim ve Rehabilitasyon Merkezi b\u00fcnyesindeki engelli \u00f6\u011frencilerin haz\u0131rlad\u0131klar\u0131 resim sergisine ilgi yo\u011fun oldu. Ayval\u0131k K\u00fct\u00fcphane M\u00fcd\u00fcr\u00fc Gizem Duygu Kurto\u011flu\u2019nun ev sahipli\u011finde \u0130l\u00e7e K\u00fct\u00fcphanesi Salonu\u2019nda a\u00e7\u0131lan sergide, engelli \u00f6\u011frencilerin \u00e7izdikleri resimler izleyenleri adeta b\u00fcy\u00fcledi. Ayval\u0131k \u0130l\u00e7e Halk K\u00fct\u00fcphanesi; 7-13 Nisan [&hellip;]","og_url":"https:\/\/memurunsesi.net\/index.php\/2025\/04\/09\/ayvalik-kutuphanesinde-ozel-ogrencilerden-anlamli-sergi\/","og_site_name":"Memurun Sesi","article_publisher":"https:\/\/www.facebook.com\/unipersen\/?locale=tr_TR","article_published_time":"2025-04-09T17:18:17+00:00","og_image":[{"width":738,"height":548,"url":"https:\/\/memurunsesi.net\/wp-content\/uploads\/2025\/04\/AW429075_04.jpg","type":"image\/jpeg"}],"author":"Memurun Sesi Haber Merkezi","twitter_card":"summary_large_image","twitter_creator":"@unipersen","twitter_site":"@unipersen","twitter_misc":{"Yazan:":"Memurun Sesi Haber Merkezi","Tahmini okuma s\u00fcresi":"2 dakika"},"schema":{"@context":"https:\/\/schema.org","@graph":[{"@type":"Article","@id":"https:\/\/memurunsesi.net\/index.php\/2025\/04\/09\/ayvalik-kutuphanesinde-ozel-ogrencilerden-anlamli-sergi\/#article","isPartOf":{"@id":"https:\/\/memurunsesi.net\/index.php\/2025\/04\/09\/ayvalik-kutuphanesinde-ozel-ogrencilerden-anlamli-sergi\/"},"author":{"name":"Memurun Sesi Haber Merkezi","@id":"https:\/\/memurunsesi.net\/#\/schema\/person\/f21c2d73b89f6ee1d80b0a1803e38587"},"headline":"Ayval\u0131k K\u00fct\u00fcphanesinde \u00f6zel \u00f6\u011frencilerden anlaml\u0131 sergi","datePublished":"2025-04-09T17:18:17+00:00","mainEntityOfPage":{"@id":"https:\/\/memurunsesi.net\/index.php\/2025\/04\/09\/ayvalik-kutuphanesinde-ozel-ogrencilerden-anlamli-sergi\/"},"wordCount":454,"commentCount":0,"publisher":{"@id":"https:\/\/memurunsesi.net\/#organization"},"image":{"@id":"https:\/\/memurunsesi.net\/index.php\/2025\/04\/09\/ayvalik-kutuphanesinde-ozel-ogrencilerden-anlamli-sergi\/#primaryimage"},"thumbnailUrl":"https:\/\/memurunsesi.net\/wp-content\/uploads\/2025\/04\/AW429075_04.jpg","articleSection":["G\u00fcndem"],"inLanguage":"tr","potentialAction":[{"@type":"CommentAction","name":"Comment","target":["https:\/\/memurunsesi.net\/index.php\/2025\/04\/09\/ayvalik-kutuphanesinde-ozel-ogrencilerden-anlamli-sergi\/#respond"]}]},{"@type":"WebPage","@id":"https:\/\/memurunsesi.net\/index.php\/2025\/04\/09\/ayvalik-kutuphanesinde-ozel-ogrencilerden-anlamli-sergi\/","url":"https:\/\/memurunsesi.net\/index.php\/2025\/04\/09\/ayvalik-kutuphanesinde-ozel-ogrencilerden-anlamli-sergi\/","name":"Ayval\u0131k K\u00fct\u00fcphanesinde \u00f6zel \u00f6\u011frencilerden anlaml\u0131 sergi - Memurun Sesi","isPartOf":{"@id":"https:\/\/memurunsesi.net\/#website"},"primaryImageOfPage":{"@id":"https:\/\/memurunsesi.net\/index.php\/2025\/04\/09\/ayvalik-kutuphanesinde-ozel-ogrencilerden-anlamli-sergi\/#primaryimage"},"image":{"@id":"https:\/\/memurunsesi.net\/index.php\/2025\/04\/09\/ayvalik-kutuphanesinde-ozel-ogrencilerden-anlamli-sergi\/#primaryimage"},"thumbnailUrl":"https:\/\/memurunsesi.net\/wp-content\/uploads\/2025\/04\/AW429075_04.jpg","datePublished":"2025-04-09T17:18:17+00:00","breadcrumb":{"@id":"https:\/\/memurunsesi.net\/index.php\/2025\/04\/09\/ayvalik-kutuphanesinde-ozel-ogrencilerden-anlamli-sergi\/#breadcrumb"},"inLanguage":"tr","potentialAction":[{"@type":"ReadAction","target":["https:\/\/memurunsesi.net\/index.php\/2025\/04\/09\/ayvalik-kutuphanesinde-ozel-ogrencilerden-anlamli-sergi\/"]}]},{"@type":"ImageObject","inLanguage":"tr","@id":"https:\/\/memurunsesi.net\/index.php\/2025\/04\/09\/ayvalik-kutuphanesinde-ozel-ogrencilerden-anlamli-sergi\/#primaryimage","url":"https:\/\/memurunsesi.net\/wp-content\/uploads\/2025\/04\/AW429075_04.jpg","contentUrl":"https:\/\/memurunsesi.net\/wp-content\/uploads\/2025\/04\/AW429075_04.jpg","width":738,"height":548,"caption":"AYVALIK K\u00dcT\u00dcPHANES\u0130NDE \u00d6ZEL \u00d6\u011eRENC\u0130LERDEN ANLAMLI SERG\u0130 (H\u00dcSEY\u0130N SUAT SAL\u011eIN\/BALIKES\u0130R-\u0130HA) Bal\u0131kesir'in Ayval\u0131k il\u00e7esinde; 61. K\u00fct\u00fcphane Haftas\u0131 etkinlikleri \u00e7er\u00e7evesinde d\u00fczenlenen \u00d6zel E\u011fitim ve Rehabilitasyon Merkezi b\u00fcnyesindeki engelli \u00f6\u011frencilerin haz\u0131rlad\u0131klar\u0131 resim sergisine ilgi yo\u011fun oldu. Ayval\u0131k K\u00fct\u00fcphane M\u00fcd\u00fcr\u00fc Gizem Duygu Kurto\u011flu'nun ev sahipli\u011finde \u0130l\u00e7e K\u00fct\u00fcphanesi Salonu'nda a\u00e7\u0131lan sergide, engelli \u00f6\u011frencilerin \u00e7izdikleri resimler izleyenleri adeta b\u00fcy\u00fcledi."},{"@type":"BreadcrumbList","@id":"https:\/\/memurunsesi.net\/index.php\/2025\/04\/09\/ayvalik-kutuphanesinde-ozel-ogrencilerden-anlamli-sergi\/#breadcrumb","itemListElement":[{"@type":"ListItem","position":1,"name":"Anasayfa","item":"https:\/\/memurunsesi.net\/"},{"@type":"ListItem","position":2,"name":"Ayval\u0131k K\u00fct\u00fcphanesinde \u00f6zel \u00f6\u011frencilerden anlaml\u0131 sergi"}]},{"@type":"WebSite","@id":"https:\/\/memurunsesi.net\/#website","url":"https:\/\/memurunsesi.net\/","name":"Memurun Sesi","description":"G\u00fcncel ve Do\u011fru Haber","publisher":{"@id":"https:\/\/memurunsesi.net\/#organization"},"potentialAction":[{"@type":"SearchAction","target":{"@type":"EntryPoint","urlTemplate":"https:\/\/memurunsesi.net\/?s={search_term_string}"},"query-input":{"@type":"PropertyValueSpecification","valueRequired":true,"valueName":"search_term_string"}}],"inLanguage":"tr"},{"@type":"Organization","@id":"https:\/\/memurunsesi.net\/#organization","name":"Memurun Sesi","url":"https:\/\/memurunsesi.net\/","logo":{"@type":"ImageObject","inLanguage":"tr","@id":"https:\/\/memurunsesi.net\/#\/schema\/logo\/image\/","url":"https:\/\/memurunsesi.net\/wp-content\/uploads\/2025\/11\/cropped-MEMURUN-SESI.png","contentUrl":"https:\/\/memurunsesi.net\/wp-content\/uploads\/2025\/11\/cropped-MEMURUN-SESI.png","width":238,"height":57,"caption":"Memurun Sesi"},"image":{"@id":"https:\/\/memurunsesi.net\/#\/schema\/logo\/image\/"},"sameAs":["https:\/\/www.facebook.com\/unipersen\/?locale=tr_TR","https:\/\/x.com\/unipersen"]},{"@type":"Person","@id":"https:\/\/memurunsesi.net\/#\/schema\/person\/f21c2d73b89f6ee1d80b0a1803e38587","name":"Memurun Sesi Haber Merkezi","image":{"@type":"ImageObject","inLanguage":"tr","@id":"https:\/\/secure.gravatar.com\/avatar\/6cf0505f452ee753f485014986fab09a434671d2b919ee76fc541025c5876a70?s=96&d=mm&r=g","url":"https:\/\/secure.gravatar.com\/avatar\/6cf0505f452ee753f485014986fab09a434671d2b919ee76fc541025c5876a70?s=96&d=mm&r=g","contentUrl":"https:\/\/secure.gravatar.com\/avatar\/6cf0505f452ee753f485014986fab09a434671d2b919ee76fc541025c5876a70?s=96&d=mm&r=g","caption":"Memurun Sesi Haber Merkezi"},"sameAs":["https:\/\/memurunsesi.net"],"url":"https:\/\/memurunsesi.net\/index.php\/author\/uniper\/"}]}},"_links":{"self":[{"href":"https:\/\/memurunsesi.net\/index.php\/wp-json\/wp\/v2\/posts\/5075","targetHints":{"allow":["GET"]}}],"collection":[{"href":"https:\/\/memurunsesi.net\/index.php\/wp-json\/wp\/v2\/posts"}],"about":[{"href":"https:\/\/memurunsesi.net\/index.php\/wp-json\/wp\/v2\/types\/post"}],"author":[{"embeddable":true,"href":"https:\/\/memurunsesi.net\/index.php\/wp-json\/wp\/v2\/users\/1"}],"replies":[{"embeddable":true,"href":"https:\/\/memurunsesi.net\/index.php\/wp-json\/wp\/v2\/comments?post=5075"}],"version-history":[{"count":1,"href":"https:\/\/memurunsesi.net\/index.php\/wp-json\/wp\/v2\/posts\/5075\/revisions"}],"predecessor-version":[{"id":5079,"href":"https:\/\/memurunsesi.net\/index.php\/wp-json\/wp\/v2\/posts\/5075\/revisions\/5079"}],"wp:featuredmedia":[{"embeddable":true,"href":"https:\/\/memurunsesi.net\/index.php\/wp-json\/wp\/v2\/media\/5078"}],"wp:attachment":[{"href":"https:\/\/memurunsesi.net\/index.php\/wp-json\/wp\/v2\/media?parent=5075"}],"wp:term":[{"taxonomy":"category","embeddable":true,"href":"https:\/\/memurunsesi.net\/index.php\/wp-json\/wp\/v2\/categories?post=5075"},{"taxonomy":"post_tag","embeddable":true,"href":"https:\/\/memurunsesi.net\/index.php\/wp-json\/wp\/v2\/tags?post=5075"}],"curies":[{"name":"wp","href":"https:\/\/api.w.org\/{rel}","templated":true}]}}