{"id":5080,"date":"2025-04-09T20:25:52","date_gmt":"2025-04-09T17:25:52","guid":{"rendered":"https:\/\/memurunsesi.net\/?p=5080"},"modified":"2025-04-09T20:25:52","modified_gmt":"2025-04-09T17:25:52","slug":"kosovadan-donen-komandolar-corluda-karsilandi","status":"publish","type":"post","link":"https:\/\/memurunsesi.net\/index.php\/2025\/04\/09\/kosovadan-donen-komandolar-corluda-karsilandi\/","title":{"rendered":"Kosova\u2019dan d\u00f6nen komandolar \u00c7orlu\u2019da kar\u015f\u0131land\u0131"},"content":{"rendered":"<p>Milli Savunma Bakanl\u0131\u011f\u0131 (MSB), 1 Nisan\u2019da g\u00f6rev s\u00fcresini tamamlayan 65&#8217;inci Mekanize Piyade Tugay Komutanl\u0131\u011f\u0131n\u0131n NATO Kosova G\u00fcc\u00fcne (KFOR) tahsisli Komando Taburu\u2019nun, \u00c7orlu Hava Meydan Komutanl\u0131\u011f\u0131nda kar\u015f\u0131land\u0131\u011f\u0131n\u0131 duyurdu.<br \/>\nMSB, sosyal medya hesab\u0131ndan yapt\u0131\u011f\u0131 payla\u015f\u0131mda, 65&#8217;inci Mekanize Piyade Tugay Komutanl\u0131\u011f\u0131n\u0131n NATO Kosova G\u00fcc\u00fcne (KFOR) tahsisli Komando Taburu\u2019nun 1 Nisan\u2019da g\u00f6rev s\u00fcresini tamamlad\u0131\u011f\u0131n\u0131 ve Kosova\u2019dan T\u00fcrkiye\u2019ye d\u00f6nen komandolar\u0131n \u00c7orlu Hava Meydan Komutanl\u0131\u011f\u0131nda kar\u015f\u0131land\u0131\u011f\u0131n\u0131 duyurdu.<\/p>\n<p>9.04.2025<\/p>\n","protected":false},"excerpt":{"rendered":"<p>Milli Savunma Bakanl\u0131\u011f\u0131 (MSB), 1 Nisan\u2019da g\u00f6rev s\u00fcresini tamamlayan 65&#8217;inci Mekanize Piyade Tugay Komutanl\u0131\u011f\u0131n\u0131n NATO Kosova G\u00fcc\u00fcne (KFOR) tahsisli Komando Taburu\u2019nun, \u00c7orlu Hava Meydan Komutanl\u0131\u011f\u0131nda kar\u015f\u0131land\u0131\u011f\u0131n\u0131 duyurdu. MSB, sosyal medya hesab\u0131ndan yapt\u0131\u011f\u0131 payla\u015f\u0131mda, 65&#8217;inci Mekanize Piyade Tugay Komutanl\u0131\u011f\u0131n\u0131n NATO Kosova G\u00fcc\u00fcne (KFOR) tahsisli Komando Taburu\u2019nun 1 Nisan\u2019da g\u00f6rev s\u00fcresini tamamlad\u0131\u011f\u0131n\u0131 ve Kosova\u2019dan T\u00fcrkiye\u2019ye d\u00f6nen komandolar\u0131n [&hellip;]<\/p>\n","protected":false},"author":1,"featured_media":5081,"comment_status":"open","ping_status":"open","sticky":false,"template":"","format":"standard","meta":{"footnotes":""},"categories":[45],"tags":[],"class_list":["post-5080","post","type-post","status-publish","format-standard","has-post-thumbnail","hentry","category-gundem"],"yoast_head":"<!-- This site is optimized with the Yoast SEO plugin v27.4 - https:\/\/yoast.com\/product\/yoast-seo-wordpress\/ -->\n<title>Kosova\u2019dan d\u00f6nen komandolar \u00c7orlu\u2019da kar\u015f\u0131land\u0131 - Memurun Sesi<\/title>\n<meta name=\"robots\" content=\"index, follow, max-snippet:-1, max-image-preview:large, max-video-preview:-1\" \/>\n<link rel=\"canonical\" href=\"https:\/\/memurunsesi.net\/index.php\/2025\/04\/09\/kosovadan-donen-komandolar-corluda-karsilandi\/\" \/>\n<meta property=\"og:locale\" content=\"tr_TR\" \/>\n<meta property=\"og:type\" content=\"article\" \/>\n<meta property=\"og:title\" content=\"Kosova\u2019dan d\u00f6nen komandolar \u00c7orlu\u2019da kar\u015f\u0131land\u0131 - Memurun Sesi\" \/>\n<meta property=\"og:description\" content=\"Milli Savunma Bakanl\u0131\u011f\u0131 (MSB), 1 Nisan\u2019da g\u00f6rev s\u00fcresini tamamlayan 65&#8217;inci Mekanize Piyade Tugay Komutanl\u0131\u011f\u0131n\u0131n NATO Kosova G\u00fcc\u00fcne (KFOR) tahsisli Komando Taburu\u2019nun, \u00c7orlu Hava Meydan Komutanl\u0131\u011f\u0131nda kar\u015f\u0131land\u0131\u011f\u0131n\u0131 duyurdu. MSB, sosyal medya hesab\u0131ndan yapt\u0131\u011f\u0131 payla\u015f\u0131mda, 65&#8217;inci Mekanize Piyade Tugay Komutanl\u0131\u011f\u0131n\u0131n NATO Kosova G\u00fcc\u00fcne (KFOR) tahsisli Komando Taburu\u2019nun 1 Nisan\u2019da g\u00f6rev s\u00fcresini tamamlad\u0131\u011f\u0131n\u0131 ve Kosova\u2019dan T\u00fcrkiye\u2019ye d\u00f6nen komandolar\u0131n [&hellip;]\" \/>\n<meta property=\"og:url\" content=\"https:\/\/memurunsesi.net\/index.php\/2025\/04\/09\/kosovadan-donen-komandolar-corluda-karsilandi\/\" \/>\n<meta property=\"og:site_name\" content=\"Memurun Sesi\" \/>\n<meta property=\"article:publisher\" content=\"https:\/\/www.facebook.com\/unipersen\/?locale=tr_TR\" \/>\n<meta property=\"article:published_time\" content=\"2025-04-09T17:25:52+00:00\" \/>\n<meta property=\"og:image\" content=\"https:\/\/memurunsesi.net\/wp-content\/uploads\/2025\/04\/AW429065_01.jpg\" \/>\n\t<meta property=\"og:image:width\" content=\"1600\" \/>\n\t<meta property=\"og:image:height\" content=\"1066\" \/>\n\t<meta property=\"og:image:type\" content=\"image\/jpeg\" \/>\n<meta name=\"author\" content=\"Memurun Sesi Haber Merkezi\" \/>\n<meta name=\"twitter:card\" content=\"summary_large_image\" \/>\n<meta name=\"twitter:creator\" content=\"@unipersen\" \/>\n<meta name=\"twitter:site\" content=\"@unipersen\" \/>\n<meta name=\"twitter:label1\" content=\"Yazan:\" \/>\n\t<meta name=\"twitter:data1\" content=\"Memurun Sesi Haber Merkezi\" \/>\n<script type=\"application\/ld+json\" class=\"yoast-schema-graph\">{\"@context\":\"https:\\\/\\\/schema.org\",\"@graph\":[{\"@type\":\"Article\",\"@id\":\"https:\\\/\\\/memurunsesi.net\\\/index.php\\\/2025\\\/04\\\/09\\\/kosovadan-donen-komandolar-corluda-karsilandi\\\/#article\",\"isPartOf\":{\"@id\":\"https:\\\/\\\/memurunsesi.net\\\/index.php\\\/2025\\\/04\\\/09\\\/kosovadan-donen-komandolar-corluda-karsilandi\\\/\"},\"author\":{\"name\":\"Memurun Sesi Haber Merkezi\",\"@id\":\"https:\\\/\\\/memurunsesi.net\\\/#\\\/schema\\\/person\\\/f21c2d73b89f6ee1d80b0a1803e38587\"},\"headline\":\"Kosova\u2019dan d\u00f6nen komandolar \u00c7orlu\u2019da kar\u015f\u0131land\u0131\",\"datePublished\":\"2025-04-09T17:25:52+00:00\",\"mainEntityOfPage\":{\"@id\":\"https:\\\/\\\/memurunsesi.net\\\/index.php\\\/2025\\\/04\\\/09\\\/kosovadan-donen-komandolar-corluda-karsilandi\\\/\"},\"wordCount\":98,\"commentCount\":0,\"publisher\":{\"@id\":\"https:\\\/\\\/memurunsesi.net\\\/#organization\"},\"image\":{\"@id\":\"https:\\\/\\\/memurunsesi.net\\\/index.php\\\/2025\\\/04\\\/09\\\/kosovadan-donen-komandolar-corluda-karsilandi\\\/#primaryimage\"},\"thumbnailUrl\":\"https:\\\/\\\/memurunsesi.net\\\/wp-content\\\/uploads\\\/2025\\\/04\\\/AW429065_01.jpg\",\"articleSection\":[\"G\u00fcndem\"],\"inLanguage\":\"tr\",\"potentialAction\":[{\"@type\":\"CommentAction\",\"name\":\"Comment\",\"target\":[\"https:\\\/\\\/memurunsesi.net\\\/index.php\\\/2025\\\/04\\\/09\\\/kosovadan-donen-komandolar-corluda-karsilandi\\\/#respond\"]}]},{\"@type\":\"WebPage\",\"@id\":\"https:\\\/\\\/memurunsesi.net\\\/index.php\\\/2025\\\/04\\\/09\\\/kosovadan-donen-komandolar-corluda-karsilandi\\\/\",\"url\":\"https:\\\/\\\/memurunsesi.net\\\/index.php\\\/2025\\\/04\\\/09\\\/kosovadan-donen-komandolar-corluda-karsilandi\\\/\",\"name\":\"Kosova\u2019dan d\u00f6nen komandolar \u00c7orlu\u2019da kar\u015f\u0131land\u0131 - Memurun Sesi\",\"isPartOf\":{\"@id\":\"https:\\\/\\\/memurunsesi.net\\\/#website\"},\"primaryImageOfPage\":{\"@id\":\"https:\\\/\\\/memurunsesi.net\\\/index.php\\\/2025\\\/04\\\/09\\\/kosovadan-donen-komandolar-corluda-karsilandi\\\/#primaryimage\"},\"image\":{\"@id\":\"https:\\\/\\\/memurunsesi.net\\\/index.php\\\/2025\\\/04\\\/09\\\/kosovadan-donen-komandolar-corluda-karsilandi\\\/#primaryimage\"},\"thumbnailUrl\":\"https:\\\/\\\/memurunsesi.net\\\/wp-content\\\/uploads\\\/2025\\\/04\\\/AW429065_01.jpg\",\"datePublished\":\"2025-04-09T17:25:52+00:00\",\"breadcrumb\":{\"@id\":\"https:\\\/\\\/memurunsesi.net\\\/index.php\\\/2025\\\/04\\\/09\\\/kosovadan-donen-komandolar-corluda-karsilandi\\\/#breadcrumb\"},\"inLanguage\":\"tr\",\"potentialAction\":[{\"@type\":\"ReadAction\",\"target\":[\"https:\\\/\\\/memurunsesi.net\\\/index.php\\\/2025\\\/04\\\/09\\\/kosovadan-donen-komandolar-corluda-karsilandi\\\/\"]}]},{\"@type\":\"ImageObject\",\"inLanguage\":\"tr\",\"@id\":\"https:\\\/\\\/memurunsesi.net\\\/index.php\\\/2025\\\/04\\\/09\\\/kosovadan-donen-komandolar-corluda-karsilandi\\\/#primaryimage\",\"url\":\"https:\\\/\\\/memurunsesi.net\\\/wp-content\\\/uploads\\\/2025\\\/04\\\/AW429065_01.jpg\",\"contentUrl\":\"https:\\\/\\\/memurunsesi.net\\\/wp-content\\\/uploads\\\/2025\\\/04\\\/AW429065_01.jpg\",\"width\":1600,\"height\":1066,\"caption\":\"M\u0130LL\u0130 SAVUNMA BAKANLI\u011eI (MSB), 1 N\u0130SAN'DA G\u00d6REV S\u00dcRES\u0130N\u0130 TAMAMLAYAN 65'\u0130NC\u0130 MEKAN\u0130ZE P\u0130YADE TUGAY KOMUTANLI\u011eININ NATO KOSOVA G\u00dcC\u00dcNE (KFOR) TAHS\u0130SL\u0130 KOMANDO TABURU'NUN \u00c7ORLU HAVA MEYDAN KOMUTANLI\u011eINDA KAR\u015eILANDI\u011eINI DUYURDU. Q (\u0130HA\\\/ANKARA-\u0130HA) Milli Savunma Bakanl\u0131\u011f\u0131 (MSB), 1 Nisan'da g\u00f6rev s\u00fcresini tamamlayan 65'inci Mekanize Piyade Tugay Komutanl\u0131\u011f\u0131n\u0131n NATO Kosova G\u00fcc\u00fcne (KFOR) tahsisli Komando Taburu'nun, \u00c7orlu Hava Meydan Komutanl\u0131\u011f\u0131nda kar\u015f\u0131land\u0131\u011f\u0131n\u0131 duyurdu.\"},{\"@type\":\"BreadcrumbList\",\"@id\":\"https:\\\/\\\/memurunsesi.net\\\/index.php\\\/2025\\\/04\\\/09\\\/kosovadan-donen-komandolar-corluda-karsilandi\\\/#breadcrumb\",\"itemListElement\":[{\"@type\":\"ListItem\",\"position\":1,\"name\":\"Anasayfa\",\"item\":\"https:\\\/\\\/memurunsesi.net\\\/\"},{\"@type\":\"ListItem\",\"position\":2,\"name\":\"Kosova\u2019dan d\u00f6nen komandolar \u00c7orlu\u2019da kar\u015f\u0131land\u0131\"}]},{\"@type\":\"WebSite\",\"@id\":\"https:\\\/\\\/memurunsesi.net\\\/#website\",\"url\":\"https:\\\/\\\/memurunsesi.net\\\/\",\"name\":\"Memurun Sesi\",\"description\":\"G\u00fcncel ve Do\u011fru Haber\",\"publisher\":{\"@id\":\"https:\\\/\\\/memurunsesi.net\\\/#organization\"},\"potentialAction\":[{\"@type\":\"SearchAction\",\"target\":{\"@type\":\"EntryPoint\",\"urlTemplate\":\"https:\\\/\\\/memurunsesi.net\\\/?s={search_term_string}\"},\"query-input\":{\"@type\":\"PropertyValueSpecification\",\"valueRequired\":true,\"valueName\":\"search_term_string\"}}],\"inLanguage\":\"tr\"},{\"@type\":\"Organization\",\"@id\":\"https:\\\/\\\/memurunsesi.net\\\/#organization\",\"name\":\"Memurun Sesi\",\"url\":\"https:\\\/\\\/memurunsesi.net\\\/\",\"logo\":{\"@type\":\"ImageObject\",\"inLanguage\":\"tr\",\"@id\":\"https:\\\/\\\/memurunsesi.net\\\/#\\\/schema\\\/logo\\\/image\\\/\",\"url\":\"https:\\\/\\\/memurunsesi.net\\\/wp-content\\\/uploads\\\/2025\\\/11\\\/cropped-MEMURUN-SESI.png\",\"contentUrl\":\"https:\\\/\\\/memurunsesi.net\\\/wp-content\\\/uploads\\\/2025\\\/11\\\/cropped-MEMURUN-SESI.png\",\"width\":238,\"height\":57,\"caption\":\"Memurun Sesi\"},\"image\":{\"@id\":\"https:\\\/\\\/memurunsesi.net\\\/#\\\/schema\\\/logo\\\/image\\\/\"},\"sameAs\":[\"https:\\\/\\\/www.facebook.com\\\/unipersen\\\/?locale=tr_TR\",\"https:\\\/\\\/x.com\\\/unipersen\"]},{\"@type\":\"Person\",\"@id\":\"https:\\\/\\\/memurunsesi.net\\\/#\\\/schema\\\/person\\\/f21c2d73b89f6ee1d80b0a1803e38587\",\"name\":\"Memurun Sesi Haber Merkezi\",\"image\":{\"@type\":\"ImageObject\",\"inLanguage\":\"tr\",\"@id\":\"https:\\\/\\\/secure.gravatar.com\\\/avatar\\\/6cf0505f452ee753f485014986fab09a434671d2b919ee76fc541025c5876a70?s=96&d=mm&r=g\",\"url\":\"https:\\\/\\\/secure.gravatar.com\\\/avatar\\\/6cf0505f452ee753f485014986fab09a434671d2b919ee76fc541025c5876a70?s=96&d=mm&r=g\",\"contentUrl\":\"https:\\\/\\\/secure.gravatar.com\\\/avatar\\\/6cf0505f452ee753f485014986fab09a434671d2b919ee76fc541025c5876a70?s=96&d=mm&r=g\",\"caption\":\"Memurun Sesi Haber Merkezi\"},\"sameAs\":[\"https:\\\/\\\/memurunsesi.net\"],\"url\":\"https:\\\/\\\/memurunsesi.net\\\/index.php\\\/author\\\/uniper\\\/\"}]}<\/script>\n<!-- \/ Yoast SEO plugin. -->","yoast_head_json":{"title":"Kosova\u2019dan d\u00f6nen komandolar \u00c7orlu\u2019da kar\u015f\u0131land\u0131 - Memurun Sesi","robots":{"index":"index","follow":"follow","max-snippet":"max-snippet:-1","max-image-preview":"max-image-preview:large","max-video-preview":"max-video-preview:-1"},"canonical":"https:\/\/memurunsesi.net\/index.php\/2025\/04\/09\/kosovadan-donen-komandolar-corluda-karsilandi\/","og_locale":"tr_TR","og_type":"article","og_title":"Kosova\u2019dan d\u00f6nen komandolar \u00c7orlu\u2019da kar\u015f\u0131land\u0131 - Memurun Sesi","og_description":"Milli Savunma Bakanl\u0131\u011f\u0131 (MSB), 1 Nisan\u2019da g\u00f6rev s\u00fcresini tamamlayan 65&#8217;inci Mekanize Piyade Tugay Komutanl\u0131\u011f\u0131n\u0131n NATO Kosova G\u00fcc\u00fcne (KFOR) tahsisli Komando Taburu\u2019nun, \u00c7orlu Hava Meydan Komutanl\u0131\u011f\u0131nda kar\u015f\u0131land\u0131\u011f\u0131n\u0131 duyurdu. MSB, sosyal medya hesab\u0131ndan yapt\u0131\u011f\u0131 payla\u015f\u0131mda, 65&#8217;inci Mekanize Piyade Tugay Komutanl\u0131\u011f\u0131n\u0131n NATO Kosova G\u00fcc\u00fcne (KFOR) tahsisli Komando Taburu\u2019nun 1 Nisan\u2019da g\u00f6rev s\u00fcresini tamamlad\u0131\u011f\u0131n\u0131 ve Kosova\u2019dan T\u00fcrkiye\u2019ye d\u00f6nen komandolar\u0131n [&hellip;]","og_url":"https:\/\/memurunsesi.net\/index.php\/2025\/04\/09\/kosovadan-donen-komandolar-corluda-karsilandi\/","og_site_name":"Memurun Sesi","article_publisher":"https:\/\/www.facebook.com\/unipersen\/?locale=tr_TR","article_published_time":"2025-04-09T17:25:52+00:00","og_image":[{"width":1600,"height":1066,"url":"https:\/\/memurunsesi.net\/wp-content\/uploads\/2025\/04\/AW429065_01.jpg","type":"image\/jpeg"}],"author":"Memurun Sesi Haber Merkezi","twitter_card":"summary_large_image","twitter_creator":"@unipersen","twitter_site":"@unipersen","twitter_misc":{"Yazan:":"Memurun Sesi Haber Merkezi"},"schema":{"@context":"https:\/\/schema.org","@graph":[{"@type":"Article","@id":"https:\/\/memurunsesi.net\/index.php\/2025\/04\/09\/kosovadan-donen-komandolar-corluda-karsilandi\/#article","isPartOf":{"@id":"https:\/\/memurunsesi.net\/index.php\/2025\/04\/09\/kosovadan-donen-komandolar-corluda-karsilandi\/"},"author":{"name":"Memurun Sesi Haber Merkezi","@id":"https:\/\/memurunsesi.net\/#\/schema\/person\/f21c2d73b89f6ee1d80b0a1803e38587"},"headline":"Kosova\u2019dan d\u00f6nen komandolar \u00c7orlu\u2019da kar\u015f\u0131land\u0131","datePublished":"2025-04-09T17:25:52+00:00","mainEntityOfPage":{"@id":"https:\/\/memurunsesi.net\/index.php\/2025\/04\/09\/kosovadan-donen-komandolar-corluda-karsilandi\/"},"wordCount":98,"commentCount":0,"publisher":{"@id":"https:\/\/memurunsesi.net\/#organization"},"image":{"@id":"https:\/\/memurunsesi.net\/index.php\/2025\/04\/09\/kosovadan-donen-komandolar-corluda-karsilandi\/#primaryimage"},"thumbnailUrl":"https:\/\/memurunsesi.net\/wp-content\/uploads\/2025\/04\/AW429065_01.jpg","articleSection":["G\u00fcndem"],"inLanguage":"tr","potentialAction":[{"@type":"CommentAction","name":"Comment","target":["https:\/\/memurunsesi.net\/index.php\/2025\/04\/09\/kosovadan-donen-komandolar-corluda-karsilandi\/#respond"]}]},{"@type":"WebPage","@id":"https:\/\/memurunsesi.net\/index.php\/2025\/04\/09\/kosovadan-donen-komandolar-corluda-karsilandi\/","url":"https:\/\/memurunsesi.net\/index.php\/2025\/04\/09\/kosovadan-donen-komandolar-corluda-karsilandi\/","name":"Kosova\u2019dan d\u00f6nen komandolar \u00c7orlu\u2019da kar\u015f\u0131land\u0131 - Memurun Sesi","isPartOf":{"@id":"https:\/\/memurunsesi.net\/#website"},"primaryImageOfPage":{"@id":"https:\/\/memurunsesi.net\/index.php\/2025\/04\/09\/kosovadan-donen-komandolar-corluda-karsilandi\/#primaryimage"},"image":{"@id":"https:\/\/memurunsesi.net\/index.php\/2025\/04\/09\/kosovadan-donen-komandolar-corluda-karsilandi\/#primaryimage"},"thumbnailUrl":"https:\/\/memurunsesi.net\/wp-content\/uploads\/2025\/04\/AW429065_01.jpg","datePublished":"2025-04-09T17:25:52+00:00","breadcrumb":{"@id":"https:\/\/memurunsesi.net\/index.php\/2025\/04\/09\/kosovadan-donen-komandolar-corluda-karsilandi\/#breadcrumb"},"inLanguage":"tr","potentialAction":[{"@type":"ReadAction","target":["https:\/\/memurunsesi.net\/index.php\/2025\/04\/09\/kosovadan-donen-komandolar-corluda-karsilandi\/"]}]},{"@type":"ImageObject","inLanguage":"tr","@id":"https:\/\/memurunsesi.net\/index.php\/2025\/04\/09\/kosovadan-donen-komandolar-corluda-karsilandi\/#primaryimage","url":"https:\/\/memurunsesi.net\/wp-content\/uploads\/2025\/04\/AW429065_01.jpg","contentUrl":"https:\/\/memurunsesi.net\/wp-content\/uploads\/2025\/04\/AW429065_01.jpg","width":1600,"height":1066,"caption":"M\u0130LL\u0130 SAVUNMA BAKANLI\u011eI (MSB), 1 N\u0130SAN'DA G\u00d6REV S\u00dcRES\u0130N\u0130 TAMAMLAYAN 65'\u0130NC\u0130 MEKAN\u0130ZE P\u0130YADE TUGAY KOMUTANLI\u011eININ NATO KOSOVA G\u00dcC\u00dcNE (KFOR) TAHS\u0130SL\u0130 KOMANDO TABURU'NUN \u00c7ORLU HAVA MEYDAN KOMUTANLI\u011eINDA KAR\u015eILANDI\u011eINI DUYURDU. Q (\u0130HA\/ANKARA-\u0130HA) Milli Savunma Bakanl\u0131\u011f\u0131 (MSB), 1 Nisan'da g\u00f6rev s\u00fcresini tamamlayan 65'inci Mekanize Piyade Tugay Komutanl\u0131\u011f\u0131n\u0131n NATO Kosova G\u00fcc\u00fcne (KFOR) tahsisli Komando Taburu'nun, \u00c7orlu Hava Meydan Komutanl\u0131\u011f\u0131nda kar\u015f\u0131land\u0131\u011f\u0131n\u0131 duyurdu."},{"@type":"BreadcrumbList","@id":"https:\/\/memurunsesi.net\/index.php\/2025\/04\/09\/kosovadan-donen-komandolar-corluda-karsilandi\/#breadcrumb","itemListElement":[{"@type":"ListItem","position":1,"name":"Anasayfa","item":"https:\/\/memurunsesi.net\/"},{"@type":"ListItem","position":2,"name":"Kosova\u2019dan d\u00f6nen komandolar \u00c7orlu\u2019da kar\u015f\u0131land\u0131"}]},{"@type":"WebSite","@id":"https:\/\/memurunsesi.net\/#website","url":"https:\/\/memurunsesi.net\/","name":"Memurun Sesi","description":"G\u00fcncel ve Do\u011fru Haber","publisher":{"@id":"https:\/\/memurunsesi.net\/#organization"},"potentialAction":[{"@type":"SearchAction","target":{"@type":"EntryPoint","urlTemplate":"https:\/\/memurunsesi.net\/?s={search_term_string}"},"query-input":{"@type":"PropertyValueSpecification","valueRequired":true,"valueName":"search_term_string"}}],"inLanguage":"tr"},{"@type":"Organization","@id":"https:\/\/memurunsesi.net\/#organization","name":"Memurun Sesi","url":"https:\/\/memurunsesi.net\/","logo":{"@type":"ImageObject","inLanguage":"tr","@id":"https:\/\/memurunsesi.net\/#\/schema\/logo\/image\/","url":"https:\/\/memurunsesi.net\/wp-content\/uploads\/2025\/11\/cropped-MEMURUN-SESI.png","contentUrl":"https:\/\/memurunsesi.net\/wp-content\/uploads\/2025\/11\/cropped-MEMURUN-SESI.png","width":238,"height":57,"caption":"Memurun Sesi"},"image":{"@id":"https:\/\/memurunsesi.net\/#\/schema\/logo\/image\/"},"sameAs":["https:\/\/www.facebook.com\/unipersen\/?locale=tr_TR","https:\/\/x.com\/unipersen"]},{"@type":"Person","@id":"https:\/\/memurunsesi.net\/#\/schema\/person\/f21c2d73b89f6ee1d80b0a1803e38587","name":"Memurun Sesi Haber Merkezi","image":{"@type":"ImageObject","inLanguage":"tr","@id":"https:\/\/secure.gravatar.com\/avatar\/6cf0505f452ee753f485014986fab09a434671d2b919ee76fc541025c5876a70?s=96&d=mm&r=g","url":"https:\/\/secure.gravatar.com\/avatar\/6cf0505f452ee753f485014986fab09a434671d2b919ee76fc541025c5876a70?s=96&d=mm&r=g","contentUrl":"https:\/\/secure.gravatar.com\/avatar\/6cf0505f452ee753f485014986fab09a434671d2b919ee76fc541025c5876a70?s=96&d=mm&r=g","caption":"Memurun Sesi Haber Merkezi"},"sameAs":["https:\/\/memurunsesi.net"],"url":"https:\/\/memurunsesi.net\/index.php\/author\/uniper\/"}]}},"_links":{"self":[{"href":"https:\/\/memurunsesi.net\/index.php\/wp-json\/wp\/v2\/posts\/5080","targetHints":{"allow":["GET"]}}],"collection":[{"href":"https:\/\/memurunsesi.net\/index.php\/wp-json\/wp\/v2\/posts"}],"about":[{"href":"https:\/\/memurunsesi.net\/index.php\/wp-json\/wp\/v2\/types\/post"}],"author":[{"embeddable":true,"href":"https:\/\/memurunsesi.net\/index.php\/wp-json\/wp\/v2\/users\/1"}],"replies":[{"embeddable":true,"href":"https:\/\/memurunsesi.net\/index.php\/wp-json\/wp\/v2\/comments?post=5080"}],"version-history":[{"count":1,"href":"https:\/\/memurunsesi.net\/index.php\/wp-json\/wp\/v2\/posts\/5080\/revisions"}],"predecessor-version":[{"id":5082,"href":"https:\/\/memurunsesi.net\/index.php\/wp-json\/wp\/v2\/posts\/5080\/revisions\/5082"}],"wp:featuredmedia":[{"embeddable":true,"href":"https:\/\/memurunsesi.net\/index.php\/wp-json\/wp\/v2\/media\/5081"}],"wp:attachment":[{"href":"https:\/\/memurunsesi.net\/index.php\/wp-json\/wp\/v2\/media?parent=5080"}],"wp:term":[{"taxonomy":"category","embeddable":true,"href":"https:\/\/memurunsesi.net\/index.php\/wp-json\/wp\/v2\/categories?post=5080"},{"taxonomy":"post_tag","embeddable":true,"href":"https:\/\/memurunsesi.net\/index.php\/wp-json\/wp\/v2\/tags?post=5080"}],"curies":[{"name":"wp","href":"https:\/\/api.w.org\/{rel}","templated":true}]}}