{"id":5083,"date":"2025-04-09T20:27:52","date_gmt":"2025-04-09T17:27:52","guid":{"rendered":"https:\/\/memurunsesi.net\/?p=5083"},"modified":"2025-04-09T20:27:52","modified_gmt":"2025-04-09T17:27:52","slug":"ataturk-universitesinde-21-yuzyilin-ilk-ceyreginde-turk-tarihciligi-calistayi","status":"publish","type":"post","link":"https:\/\/memurunsesi.net\/index.php\/2025\/04\/09\/ataturk-universitesinde-21-yuzyilin-ilk-ceyreginde-turk-tarihciligi-calistayi\/","title":{"rendered":"Atat\u00fcrk \u00dcniversitesi\u2019nde &#8220;21. Y\u00fczy\u0131l\u0131n \u0130lk \u00c7eyre\u011finde T\u00fcrk Tarih\u00e7ili\u011fi&#8221; \u00e7al\u0131\u015ftay\u0131"},"content":{"rendered":"<p>Atat\u00fcrk \u00dcniversitesi ve K\u0131rg\u0131zistan-T\u00fcrkiye Manas \u00dcniversitesi ortakl\u0131\u011f\u0131nda d\u00fczenlenen &#8220;21. Y\u00fczy\u0131l\u0131n \u0130lk \u00c7eyre\u011finde T\u00fcrk Tarih\u00e7ili\u011fi: G\u00fcncel Meseleler ve \u00c7\u00f6z\u00fcm \u00d6nerileri&#8221; ba\u015fl\u0131kl\u0131 \u00e7al\u0131\u015ftay, Atat\u00fcrk \u00dcniversitesi ev sahipli\u011finde ger\u00e7ekle\u015fti.<br \/>\nNene Hatun K\u00fclt\u00fcr Merkezinde d\u00fczenlenen \u00e7al\u0131\u015ftaya Atat\u00fcrk \u00dcniversitesi Rekt\u00f6r\u00fc Prof. Dr. Ahmet Hac\u0131m\u00fcft\u00fco\u011flu, K\u0131rg\u0131zistan-T\u00fcrkiye Manas \u00dcniversitesi Rekt\u00f6r\u00fc Prof. Dr. Alparslan Ceylan, akademisyenler ve \u00f6\u011frenciler kat\u0131ld\u0131. T\u00fcrkiye\u2019nin d\u00f6rt bir yan\u0131ndaki \u00fcniversitelerden gelen yakla\u015f\u0131k 100 bilim insan\u0131n\u0131n kat\u0131l\u0131m sa\u011flad\u0131\u011f\u0131 \u00e7al\u0131\u015ftay\u0131n a\u00e7\u0131l\u0131\u015f\u0131nda konu\u015fan K\u0131rg\u0131zistan-T\u00fcrkiye Manas \u00dcniversitesi Rekt\u00f6r\u00fc Prof. Dr. Alparslan Ceylan, kendisinin de mensubu olmaktan gurur duydu\u011fu Atat\u00fcrk \u00dcniversitesi ile ortak bir bilimsel projede yer almaktan ve iki \u00fclke aras\u0131ndaki k\u00f6kl\u00fc ge\u00e7mi\u015fe katk\u0131da bulunmaktan memnuniyet duydu\u011funu s\u00f6yledi.<br \/>\n&#8220;Biz tarih\u00e7iler i\u00e7in tarihi yazarken temel hareket noktam\u0131z kendi milli kaynaklar\u0131m\u0131z ve milli tarih bak\u0131\u015f a\u00e7\u0131m\u0131z olmal\u0131d\u0131r&#8221; diyen Prof. Dr. Ceylan \u015fu ifadeleri kulland\u0131:<br \/>\n&#8220;Her T\u00fcrk genci tarih \u00f6\u011frenirken G\u00f6kt\u00fcrk yaz\u0131tlar\u0131n\u0131 mutlaka okumal\u0131d\u0131r. Yaz\u0131tlar ge\u00e7mi\u015ften gelece\u011fe bize \u00e7ok b\u00fcy\u00fck bir tarih dersi verir. T\u0131pk\u0131 Ziya Pa\u015fa&#8217;n\u0131n dedi\u011fi gibi tarih en b\u00fcy\u00fck m\u00fcellimdir. Hi\u00e7 kimse onun rahle-i tedrisinden m\u00fcsta\u011fni olamaz diyerek tarihin her zaman en b\u00fcy\u00fck \u00f6\u011fretici ve \u00f6\u011fretmen oldu\u011funu vurgulanmaktad\u0131r. Bug\u00fcn birbirinde de\u011ferli hocalar\u0131m\u0131z\u0131n sunaca\u011f\u0131 bilimsel veriler gelece\u011fe \u0131\u015f\u0131k tutacak siz gen\u00e7 bilim insanlar\u0131n\u0131n ve \u00f6\u011frencilerimizi yolunu ayd\u0131nlatacakt\u0131r. Bu vesile ile \u00e7al\u0131\u015ftaya destek veren Rekt\u00f6r\u00fcm\u00fcz Prof. Dr. Ahmet Hac\u0131m\u00fcft\u00fco\u011flu\u2019na \u00e7al\u0131\u015ftay d\u00fczenleme kuruluna, b\u00fct\u00fcn kat\u0131l\u0131mc\u0131lara en i\u00e7ten te\u015fekk\u00fcrlerimi sunuyorum&#8221; dedi.<\/p>\n<p>&#8220;Atat\u00fcrk \u00dcniversitesi, \u015eehrine, B\u00f6lgesine ve \u00dclkesine 70 Y\u0131ll\u0131k Akademik Tecr\u00fcbesiyle Bilgi ve Birikim Kat\u0131yor&#8221;<br \/>\n&#8220;Kendi tarihimizi gelecek nesillere do\u011fru bir \u015fekilde aktarmak ad\u0131na yap\u0131lan bu de\u011ferli \u00e7al\u0131\u015fmalar, \u00dcniversitemiz ba\u015fta olmak \u00fczere \u00fcniversiteler taraf\u0131ndan \u00e7e\u015fitli etkinliklere kutlanmakta ve gelece\u011fe yol g\u00f6stermektedir&#8221; s\u00f6zleriyle konu\u015fmas\u0131na ba\u015flayan Atat\u00fcrk \u00dcniversitesi Rekt\u00f6r\u00fc Prof. Dr. Ahmet Hac\u0131m\u00fcft\u00fco\u011flu, Atat\u00fcrk \u00dcniversitesinin, \u015fehrine, b\u00f6lgesine ve \u00fclkesine 70 y\u0131ll\u0131k akademik tecr\u00fcbesiyle bilgi ve birikim katt\u0131\u011f\u0131n\u0131 s\u00f6yledi. Rekt\u00f6r Hac\u0131m\u00fcft\u00fco\u011flu, &#8220;Amac\u0131m\u0131z siz de\u011ferli tarih\u00e7i hocalar\u0131m\u0131z\u0131n y\u00fcr\u00fctt\u00fckleri \u00e7al\u0131\u015fmalardan feyz alarak gelece\u011fi yakalamak ve gelecek ku\u015faklara do\u011fru bilgi, \u00fcretim modelleri, yeni anlay\u0131\u015f ve kavramlar\u0131 aktarmakt\u0131r. Bu anlamda e\u011fitim, ara\u015ft\u0131rma ve topluma katk\u0131 gibi kategorik kodlar ve algoritmalarla tan\u0131mlayabilece\u011fimiz alanlardaki en b\u00fcy\u00fck gayemiz T\u00fcrkiye ve d\u00fcnyada y\u00fcksek\u00f6\u011fretim alan\u0131nda \u00e7\u0131\u011f\u0131r a\u00e7mak ve yeni ufuklara yelken a\u00e7makt\u0131r. B\u00fct\u00fcn bu unsurlar\u0131 stratejik hedeflerimiz \u00e7er\u00e7evesinde planlarken ana hareket noktam\u0131z kendi tarihimizden ald\u0131\u011f\u0131m\u0131z ilham ve tarihi ki\u015filiklerimizdir. Hamdolsun 5 bin y\u0131ll\u0131k T\u00fcrk tarihi kahramanlarla ve tarihsel \u015fahsiyetlerle doludur. Yapmam\u0131z gereken tek \u015fey onlar\u0131n tecr\u00fcbelerinden yola \u00e7\u0131karak \u00e7al\u0131\u015fmak, \u00fcretmek ve ba\u015farmakt\u0131r. Bug\u00fcn burada \u00dcniversite olarak yeni bir \u015feyi daha ba\u015far\u0131yoruz. T\u00fcrk tarih\u00e7ili\u011finde g\u00fcn\u00fcm\u00fczde kar\u015f\u0131la\u015f\u0131lan sorunlar ve getirilecek olan yeni \u00e7\u00f6z\u00fcm \u00f6nerileri ile farkl\u0131 bak\u0131\u015f a\u00e7\u0131lar\u0131 ortaya \u00e7\u0131kacak ve bilginin \u00f6zleri kamuoyu ile payla\u015f\u0131lacakt\u0131r. Bu vesileyle b\u00f6ylesine anlaml\u0131 bir g\u00fcnde birbirinden de\u011ferli tarih\u00e7ilerimizi bir araya getiren \u00c7al\u0131\u015ftay D\u00fczenleme Kuruluna ve siz de\u011ferli kat\u0131l\u0131mc\u0131lara te\u015fekk\u00fcr ederim&#8221; ifadelerini kulland\u0131.<br \/>\nA\u00e7\u0131l\u0131\u015f konu\u015fmalar\u0131n\u0131n ard\u0131ndan Prof. Dr. Alpaslan Ceylan ad\u0131na haz\u0131rlanan arma\u011fan kitab\u0131n\u0131n takdimi, Rekt\u00f6r Prof. Dr. Ahmet Hac\u0131m\u00fcft\u00fco\u011flu taraf\u0131ndan yap\u0131ld\u0131.<br \/>\n\u00c7al\u0131\u015ftay\u0131n ilk sunumunu, Eski T\u00fcrk Tarihinin Yaz\u0131lmas\u0131 S\u0131ras\u0131nda Kar\u015f\u0131la\u015f\u0131lan Baz\u0131 Sorunlar Hakk\u0131nda ba\u015fl\u0131kl\u0131 sunumu ile Prof. Dr. Saadettin Ya\u011fmur G\u00f6me\u00e7 ger\u00e7ekle\u015ftirdi. Ard\u0131ndan Prof. Dr. Neslihan Durak, T\u00fcrk Tarih\u00e7ili\u011finde Terminolojiye Dair Meseleler, Prof. Dr. Hakan Hadi Kad\u0131o\u011flu, 21. Y\u00fczy\u0131lda T\u00fcrk Tarih\u00e7ili\u011fi: Sorunlar Gelecek ve \u00c7\u00f6z\u00fcm \u00d6nerileri, Prof. Dr. Hasan Bahar, Transavrasya Dilleri Kuram\u0131 ve Prof. Dr. Ya\u015far \u00c7oruhlu ise Eski \u00c7a\u011f T\u00fcrk Sanat\u0131nda Kronoloji, Y\u00f6ntem ve Koruma Sorular\u0131 ba\u015fl\u0131kl\u0131 sunumlar\u0131n\u0131 yapt\u0131lar.<br \/>\n\u00c7al\u0131\u015ftay alan\u0131nda uzman bilim insanlar\u0131n\u0131n katk\u0131lar\u0131yla g\u00fcn boyunca devam etti.<\/p>\n<p>9.04.2025<\/p>\n","protected":false},"excerpt":{"rendered":"<p>Atat\u00fcrk \u00dcniversitesi ve K\u0131rg\u0131zistan-T\u00fcrkiye Manas \u00dcniversitesi ortakl\u0131\u011f\u0131nda d\u00fczenlenen &#8220;21. Y\u00fczy\u0131l\u0131n \u0130lk \u00c7eyre\u011finde T\u00fcrk Tarih\u00e7ili\u011fi: G\u00fcncel Meseleler ve \u00c7\u00f6z\u00fcm \u00d6nerileri&#8221; ba\u015fl\u0131kl\u0131 \u00e7al\u0131\u015ftay, Atat\u00fcrk \u00dcniversitesi ev sahipli\u011finde ger\u00e7ekle\u015fti. Nene Hatun K\u00fclt\u00fcr Merkezinde d\u00fczenlenen \u00e7al\u0131\u015ftaya Atat\u00fcrk \u00dcniversitesi Rekt\u00f6r\u00fc Prof. Dr. Ahmet Hac\u0131m\u00fcft\u00fco\u011flu, K\u0131rg\u0131zistan-T\u00fcrkiye Manas \u00dcniversitesi Rekt\u00f6r\u00fc Prof. Dr. Alparslan Ceylan, akademisyenler ve \u00f6\u011frenciler kat\u0131ld\u0131. T\u00fcrkiye\u2019nin d\u00f6rt bir yan\u0131ndaki [&hellip;]<\/p>\n","protected":false},"author":1,"featured_media":5084,"comment_status":"open","ping_status":"open","sticky":false,"template":"","format":"standard","meta":{"footnotes":""},"categories":[47],"tags":[],"class_list":["post-5083","post","type-post","status-publish","format-standard","has-post-thumbnail","hentry","category-universiteden-haberler"],"yoast_head":"<!-- This site is optimized with the Yoast SEO plugin v27.4 - https:\/\/yoast.com\/product\/yoast-seo-wordpress\/ -->\n<title>Atat\u00fcrk \u00dcniversitesi\u2019nde &quot;21. Y\u00fczy\u0131l\u0131n \u0130lk \u00c7eyre\u011finde T\u00fcrk Tarih\u00e7ili\u011fi&quot; \u00e7al\u0131\u015ftay\u0131 - Memurun Sesi<\/title>\n<meta name=\"robots\" content=\"index, follow, max-snippet:-1, max-image-preview:large, max-video-preview:-1\" \/>\n<link rel=\"canonical\" href=\"https:\/\/memurunsesi.net\/index.php\/2025\/04\/09\/ataturk-universitesinde-21-yuzyilin-ilk-ceyreginde-turk-tarihciligi-calistayi\/\" \/>\n<meta property=\"og:locale\" content=\"tr_TR\" \/>\n<meta property=\"og:type\" content=\"article\" \/>\n<meta property=\"og:title\" content=\"Atat\u00fcrk \u00dcniversitesi\u2019nde &quot;21. Y\u00fczy\u0131l\u0131n \u0130lk \u00c7eyre\u011finde T\u00fcrk Tarih\u00e7ili\u011fi&quot; \u00e7al\u0131\u015ftay\u0131 - Memurun Sesi\" \/>\n<meta property=\"og:description\" content=\"Atat\u00fcrk \u00dcniversitesi ve K\u0131rg\u0131zistan-T\u00fcrkiye Manas \u00dcniversitesi ortakl\u0131\u011f\u0131nda d\u00fczenlenen &#8220;21. Y\u00fczy\u0131l\u0131n \u0130lk \u00c7eyre\u011finde T\u00fcrk Tarih\u00e7ili\u011fi: G\u00fcncel Meseleler ve \u00c7\u00f6z\u00fcm \u00d6nerileri&#8221; ba\u015fl\u0131kl\u0131 \u00e7al\u0131\u015ftay, Atat\u00fcrk \u00dcniversitesi ev sahipli\u011finde ger\u00e7ekle\u015fti. Nene Hatun K\u00fclt\u00fcr Merkezinde d\u00fczenlenen \u00e7al\u0131\u015ftaya Atat\u00fcrk \u00dcniversitesi Rekt\u00f6r\u00fc Prof. Dr. Ahmet Hac\u0131m\u00fcft\u00fco\u011flu, K\u0131rg\u0131zistan-T\u00fcrkiye Manas \u00dcniversitesi Rekt\u00f6r\u00fc Prof. Dr. Alparslan Ceylan, akademisyenler ve \u00f6\u011frenciler kat\u0131ld\u0131. T\u00fcrkiye\u2019nin d\u00f6rt bir yan\u0131ndaki [&hellip;]\" \/>\n<meta property=\"og:url\" content=\"https:\/\/memurunsesi.net\/index.php\/2025\/04\/09\/ataturk-universitesinde-21-yuzyilin-ilk-ceyreginde-turk-tarihciligi-calistayi\/\" \/>\n<meta property=\"og:site_name\" content=\"Memurun Sesi\" \/>\n<meta property=\"article:publisher\" content=\"https:\/\/www.facebook.com\/unipersen\/?locale=tr_TR\" \/>\n<meta property=\"article:published_time\" content=\"2025-04-09T17:27:52+00:00\" \/>\n<meta property=\"og:image\" content=\"https:\/\/memurunsesi.net\/wp-content\/uploads\/2025\/04\/AW429085_01-scaled.jpg\" \/>\n\t<meta property=\"og:image:width\" content=\"2560\" \/>\n\t<meta property=\"og:image:height\" content=\"1490\" \/>\n\t<meta property=\"og:image:type\" content=\"image\/jpeg\" \/>\n<meta name=\"author\" content=\"Memurun Sesi Haber Merkezi\" \/>\n<meta name=\"twitter:card\" content=\"summary_large_image\" \/>\n<meta name=\"twitter:creator\" content=\"@unipersen\" \/>\n<meta name=\"twitter:site\" content=\"@unipersen\" \/>\n<meta name=\"twitter:label1\" content=\"Yazan:\" \/>\n\t<meta name=\"twitter:data1\" content=\"Memurun Sesi Haber Merkezi\" \/>\n\t<meta name=\"twitter:label2\" content=\"Tahmini okuma s\u00fcresi\" \/>\n\t<meta name=\"twitter:data2\" content=\"4 dakika\" \/>\n<script type=\"application\/ld+json\" class=\"yoast-schema-graph\">{\"@context\":\"https:\\\/\\\/schema.org\",\"@graph\":[{\"@type\":\"Article\",\"@id\":\"https:\\\/\\\/memurunsesi.net\\\/index.php\\\/2025\\\/04\\\/09\\\/ataturk-universitesinde-21-yuzyilin-ilk-ceyreginde-turk-tarihciligi-calistayi\\\/#article\",\"isPartOf\":{\"@id\":\"https:\\\/\\\/memurunsesi.net\\\/index.php\\\/2025\\\/04\\\/09\\\/ataturk-universitesinde-21-yuzyilin-ilk-ceyreginde-turk-tarihciligi-calistayi\\\/\"},\"author\":{\"name\":\"Memurun Sesi Haber Merkezi\",\"@id\":\"https:\\\/\\\/memurunsesi.net\\\/#\\\/schema\\\/person\\\/f21c2d73b89f6ee1d80b0a1803e38587\"},\"headline\":\"Atat\u00fcrk \u00dcniversitesi\u2019nde &#8220;21. Y\u00fczy\u0131l\u0131n \u0130lk \u00c7eyre\u011finde T\u00fcrk Tarih\u00e7ili\u011fi&#8221; \u00e7al\u0131\u015ftay\u0131\",\"datePublished\":\"2025-04-09T17:27:52+00:00\",\"mainEntityOfPage\":{\"@id\":\"https:\\\/\\\/memurunsesi.net\\\/index.php\\\/2025\\\/04\\\/09\\\/ataturk-universitesinde-21-yuzyilin-ilk-ceyreginde-turk-tarihciligi-calistayi\\\/\"},\"wordCount\":834,\"commentCount\":0,\"publisher\":{\"@id\":\"https:\\\/\\\/memurunsesi.net\\\/#organization\"},\"image\":{\"@id\":\"https:\\\/\\\/memurunsesi.net\\\/index.php\\\/2025\\\/04\\\/09\\\/ataturk-universitesinde-21-yuzyilin-ilk-ceyreginde-turk-tarihciligi-calistayi\\\/#primaryimage\"},\"thumbnailUrl\":\"https:\\\/\\\/memurunsesi.net\\\/wp-content\\\/uploads\\\/2025\\\/04\\\/AW429085_01-scaled.jpg\",\"articleSection\":[\"\u00dcniversiteden Haberler\"],\"inLanguage\":\"tr\",\"potentialAction\":[{\"@type\":\"CommentAction\",\"name\":\"Comment\",\"target\":[\"https:\\\/\\\/memurunsesi.net\\\/index.php\\\/2025\\\/04\\\/09\\\/ataturk-universitesinde-21-yuzyilin-ilk-ceyreginde-turk-tarihciligi-calistayi\\\/#respond\"]}]},{\"@type\":\"WebPage\",\"@id\":\"https:\\\/\\\/memurunsesi.net\\\/index.php\\\/2025\\\/04\\\/09\\\/ataturk-universitesinde-21-yuzyilin-ilk-ceyreginde-turk-tarihciligi-calistayi\\\/\",\"url\":\"https:\\\/\\\/memurunsesi.net\\\/index.php\\\/2025\\\/04\\\/09\\\/ataturk-universitesinde-21-yuzyilin-ilk-ceyreginde-turk-tarihciligi-calistayi\\\/\",\"name\":\"Atat\u00fcrk \u00dcniversitesi\u2019nde \\\"21. Y\u00fczy\u0131l\u0131n \u0130lk \u00c7eyre\u011finde T\u00fcrk Tarih\u00e7ili\u011fi\\\" \u00e7al\u0131\u015ftay\u0131 - Memurun Sesi\",\"isPartOf\":{\"@id\":\"https:\\\/\\\/memurunsesi.net\\\/#website\"},\"primaryImageOfPage\":{\"@id\":\"https:\\\/\\\/memurunsesi.net\\\/index.php\\\/2025\\\/04\\\/09\\\/ataturk-universitesinde-21-yuzyilin-ilk-ceyreginde-turk-tarihciligi-calistayi\\\/#primaryimage\"},\"image\":{\"@id\":\"https:\\\/\\\/memurunsesi.net\\\/index.php\\\/2025\\\/04\\\/09\\\/ataturk-universitesinde-21-yuzyilin-ilk-ceyreginde-turk-tarihciligi-calistayi\\\/#primaryimage\"},\"thumbnailUrl\":\"https:\\\/\\\/memurunsesi.net\\\/wp-content\\\/uploads\\\/2025\\\/04\\\/AW429085_01-scaled.jpg\",\"datePublished\":\"2025-04-09T17:27:52+00:00\",\"breadcrumb\":{\"@id\":\"https:\\\/\\\/memurunsesi.net\\\/index.php\\\/2025\\\/04\\\/09\\\/ataturk-universitesinde-21-yuzyilin-ilk-ceyreginde-turk-tarihciligi-calistayi\\\/#breadcrumb\"},\"inLanguage\":\"tr\",\"potentialAction\":[{\"@type\":\"ReadAction\",\"target\":[\"https:\\\/\\\/memurunsesi.net\\\/index.php\\\/2025\\\/04\\\/09\\\/ataturk-universitesinde-21-yuzyilin-ilk-ceyreginde-turk-tarihciligi-calistayi\\\/\"]}]},{\"@type\":\"ImageObject\",\"inLanguage\":\"tr\",\"@id\":\"https:\\\/\\\/memurunsesi.net\\\/index.php\\\/2025\\\/04\\\/09\\\/ataturk-universitesinde-21-yuzyilin-ilk-ceyreginde-turk-tarihciligi-calistayi\\\/#primaryimage\",\"url\":\"https:\\\/\\\/memurunsesi.net\\\/wp-content\\\/uploads\\\/2025\\\/04\\\/AW429085_01-scaled.jpg\",\"contentUrl\":\"https:\\\/\\\/memurunsesi.net\\\/wp-content\\\/uploads\\\/2025\\\/04\\\/AW429085_01-scaled.jpg\",\"width\":2560,\"height\":1490,\"caption\":\"ATAT\u00dcRK \u00dcN\u0130VERS\u0130TES\u0130 VE KIRGIZ\u0130STAN-T\u00dcRK\u0130YE MANAS \u00dcN\u0130VERS\u0130TES\u0130 ORTAKLI\u011eINDA D\u00dcZENLENEN 21. Y\u00dcZYILIN \u0130LK \u00c7EYRE\u011e\u0130NDE T\u00dcRK TAR\u0130H\u00c7\u0130L\u0130\u011e\u0130: G\u00dcNCEL MESELELER VE \u00c7\u00d6Z\u00dcM \u00d6NER\u0130LER\u0130 BA\u015eLIKLI \u00c7ALI\u015eTAY, ATAT\u00dcRK \u00dcN\u0130VERS\u0130TES\u0130 EV SAH\u0130PL\u0130\u011e\u0130NDE GER\u00c7EKLE\u015eT\u0130. (MEHMET EM\u0130N KIZILCA\\\/ERZURUM-\u0130HA) Atat\u00fcrk \u00dcniversitesi ve K\u0131rg\u0131zistan-T\u00fcrkiye Manas \u00dcniversitesi ortakl\u0131\u011f\u0131nda d\u00fczenlenen \\\"21. Y\u00fczy\u0131l\u0131n \u0130lk \u00c7eyre\u011finde T\u00fcrk Tarih\u00e7ili\u011fi: G\u00fcncel Meseleler ve \u00c7\u00f6z\u00fcm \u00d6nerileri\\\" ba\u015fl\u0131kl\u0131 \u00e7al\u0131\u015ftay, Atat\u00fcrk \u00dcniversitesi ev sahipli\u011finde ger\u00e7ekle\u015fti.\"},{\"@type\":\"BreadcrumbList\",\"@id\":\"https:\\\/\\\/memurunsesi.net\\\/index.php\\\/2025\\\/04\\\/09\\\/ataturk-universitesinde-21-yuzyilin-ilk-ceyreginde-turk-tarihciligi-calistayi\\\/#breadcrumb\",\"itemListElement\":[{\"@type\":\"ListItem\",\"position\":1,\"name\":\"Anasayfa\",\"item\":\"https:\\\/\\\/memurunsesi.net\\\/\"},{\"@type\":\"ListItem\",\"position\":2,\"name\":\"Atat\u00fcrk \u00dcniversitesi\u2019nde &#8220;21. Y\u00fczy\u0131l\u0131n \u0130lk \u00c7eyre\u011finde T\u00fcrk Tarih\u00e7ili\u011fi&#8221; \u00e7al\u0131\u015ftay\u0131\"}]},{\"@type\":\"WebSite\",\"@id\":\"https:\\\/\\\/memurunsesi.net\\\/#website\",\"url\":\"https:\\\/\\\/memurunsesi.net\\\/\",\"name\":\"Memurun Sesi\",\"description\":\"G\u00fcncel ve Do\u011fru Haber\",\"publisher\":{\"@id\":\"https:\\\/\\\/memurunsesi.net\\\/#organization\"},\"potentialAction\":[{\"@type\":\"SearchAction\",\"target\":{\"@type\":\"EntryPoint\",\"urlTemplate\":\"https:\\\/\\\/memurunsesi.net\\\/?s={search_term_string}\"},\"query-input\":{\"@type\":\"PropertyValueSpecification\",\"valueRequired\":true,\"valueName\":\"search_term_string\"}}],\"inLanguage\":\"tr\"},{\"@type\":\"Organization\",\"@id\":\"https:\\\/\\\/memurunsesi.net\\\/#organization\",\"name\":\"Memurun Sesi\",\"url\":\"https:\\\/\\\/memurunsesi.net\\\/\",\"logo\":{\"@type\":\"ImageObject\",\"inLanguage\":\"tr\",\"@id\":\"https:\\\/\\\/memurunsesi.net\\\/#\\\/schema\\\/logo\\\/image\\\/\",\"url\":\"https:\\\/\\\/memurunsesi.net\\\/wp-content\\\/uploads\\\/2025\\\/11\\\/cropped-MEMURUN-SESI.png\",\"contentUrl\":\"https:\\\/\\\/memurunsesi.net\\\/wp-content\\\/uploads\\\/2025\\\/11\\\/cropped-MEMURUN-SESI.png\",\"width\":238,\"height\":57,\"caption\":\"Memurun Sesi\"},\"image\":{\"@id\":\"https:\\\/\\\/memurunsesi.net\\\/#\\\/schema\\\/logo\\\/image\\\/\"},\"sameAs\":[\"https:\\\/\\\/www.facebook.com\\\/unipersen\\\/?locale=tr_TR\",\"https:\\\/\\\/x.com\\\/unipersen\"]},{\"@type\":\"Person\",\"@id\":\"https:\\\/\\\/memurunsesi.net\\\/#\\\/schema\\\/person\\\/f21c2d73b89f6ee1d80b0a1803e38587\",\"name\":\"Memurun Sesi Haber Merkezi\",\"image\":{\"@type\":\"ImageObject\",\"inLanguage\":\"tr\",\"@id\":\"https:\\\/\\\/secure.gravatar.com\\\/avatar\\\/6cf0505f452ee753f485014986fab09a434671d2b919ee76fc541025c5876a70?s=96&d=mm&r=g\",\"url\":\"https:\\\/\\\/secure.gravatar.com\\\/avatar\\\/6cf0505f452ee753f485014986fab09a434671d2b919ee76fc541025c5876a70?s=96&d=mm&r=g\",\"contentUrl\":\"https:\\\/\\\/secure.gravatar.com\\\/avatar\\\/6cf0505f452ee753f485014986fab09a434671d2b919ee76fc541025c5876a70?s=96&d=mm&r=g\",\"caption\":\"Memurun Sesi Haber Merkezi\"},\"sameAs\":[\"https:\\\/\\\/memurunsesi.net\"],\"url\":\"https:\\\/\\\/memurunsesi.net\\\/index.php\\\/author\\\/uniper\\\/\"}]}<\/script>\n<!-- \/ Yoast SEO plugin. -->","yoast_head_json":{"title":"Atat\u00fcrk \u00dcniversitesi\u2019nde \"21. Y\u00fczy\u0131l\u0131n \u0130lk \u00c7eyre\u011finde T\u00fcrk Tarih\u00e7ili\u011fi\" \u00e7al\u0131\u015ftay\u0131 - Memurun Sesi","robots":{"index":"index","follow":"follow","max-snippet":"max-snippet:-1","max-image-preview":"max-image-preview:large","max-video-preview":"max-video-preview:-1"},"canonical":"https:\/\/memurunsesi.net\/index.php\/2025\/04\/09\/ataturk-universitesinde-21-yuzyilin-ilk-ceyreginde-turk-tarihciligi-calistayi\/","og_locale":"tr_TR","og_type":"article","og_title":"Atat\u00fcrk \u00dcniversitesi\u2019nde \"21. Y\u00fczy\u0131l\u0131n \u0130lk \u00c7eyre\u011finde T\u00fcrk Tarih\u00e7ili\u011fi\" \u00e7al\u0131\u015ftay\u0131 - Memurun Sesi","og_description":"Atat\u00fcrk \u00dcniversitesi ve K\u0131rg\u0131zistan-T\u00fcrkiye Manas \u00dcniversitesi ortakl\u0131\u011f\u0131nda d\u00fczenlenen &#8220;21. Y\u00fczy\u0131l\u0131n \u0130lk \u00c7eyre\u011finde T\u00fcrk Tarih\u00e7ili\u011fi: G\u00fcncel Meseleler ve \u00c7\u00f6z\u00fcm \u00d6nerileri&#8221; ba\u015fl\u0131kl\u0131 \u00e7al\u0131\u015ftay, Atat\u00fcrk \u00dcniversitesi ev sahipli\u011finde ger\u00e7ekle\u015fti. Nene Hatun K\u00fclt\u00fcr Merkezinde d\u00fczenlenen \u00e7al\u0131\u015ftaya Atat\u00fcrk \u00dcniversitesi Rekt\u00f6r\u00fc Prof. Dr. Ahmet Hac\u0131m\u00fcft\u00fco\u011flu, K\u0131rg\u0131zistan-T\u00fcrkiye Manas \u00dcniversitesi Rekt\u00f6r\u00fc Prof. Dr. Alparslan Ceylan, akademisyenler ve \u00f6\u011frenciler kat\u0131ld\u0131. T\u00fcrkiye\u2019nin d\u00f6rt bir yan\u0131ndaki [&hellip;]","og_url":"https:\/\/memurunsesi.net\/index.php\/2025\/04\/09\/ataturk-universitesinde-21-yuzyilin-ilk-ceyreginde-turk-tarihciligi-calistayi\/","og_site_name":"Memurun Sesi","article_publisher":"https:\/\/www.facebook.com\/unipersen\/?locale=tr_TR","article_published_time":"2025-04-09T17:27:52+00:00","og_image":[{"width":2560,"height":1490,"url":"https:\/\/memurunsesi.net\/wp-content\/uploads\/2025\/04\/AW429085_01-scaled.jpg","type":"image\/jpeg"}],"author":"Memurun Sesi Haber Merkezi","twitter_card":"summary_large_image","twitter_creator":"@unipersen","twitter_site":"@unipersen","twitter_misc":{"Yazan:":"Memurun Sesi Haber Merkezi","Tahmini okuma s\u00fcresi":"4 dakika"},"schema":{"@context":"https:\/\/schema.org","@graph":[{"@type":"Article","@id":"https:\/\/memurunsesi.net\/index.php\/2025\/04\/09\/ataturk-universitesinde-21-yuzyilin-ilk-ceyreginde-turk-tarihciligi-calistayi\/#article","isPartOf":{"@id":"https:\/\/memurunsesi.net\/index.php\/2025\/04\/09\/ataturk-universitesinde-21-yuzyilin-ilk-ceyreginde-turk-tarihciligi-calistayi\/"},"author":{"name":"Memurun Sesi Haber Merkezi","@id":"https:\/\/memurunsesi.net\/#\/schema\/person\/f21c2d73b89f6ee1d80b0a1803e38587"},"headline":"Atat\u00fcrk \u00dcniversitesi\u2019nde &#8220;21. Y\u00fczy\u0131l\u0131n \u0130lk \u00c7eyre\u011finde T\u00fcrk Tarih\u00e7ili\u011fi&#8221; \u00e7al\u0131\u015ftay\u0131","datePublished":"2025-04-09T17:27:52+00:00","mainEntityOfPage":{"@id":"https:\/\/memurunsesi.net\/index.php\/2025\/04\/09\/ataturk-universitesinde-21-yuzyilin-ilk-ceyreginde-turk-tarihciligi-calistayi\/"},"wordCount":834,"commentCount":0,"publisher":{"@id":"https:\/\/memurunsesi.net\/#organization"},"image":{"@id":"https:\/\/memurunsesi.net\/index.php\/2025\/04\/09\/ataturk-universitesinde-21-yuzyilin-ilk-ceyreginde-turk-tarihciligi-calistayi\/#primaryimage"},"thumbnailUrl":"https:\/\/memurunsesi.net\/wp-content\/uploads\/2025\/04\/AW429085_01-scaled.jpg","articleSection":["\u00dcniversiteden Haberler"],"inLanguage":"tr","potentialAction":[{"@type":"CommentAction","name":"Comment","target":["https:\/\/memurunsesi.net\/index.php\/2025\/04\/09\/ataturk-universitesinde-21-yuzyilin-ilk-ceyreginde-turk-tarihciligi-calistayi\/#respond"]}]},{"@type":"WebPage","@id":"https:\/\/memurunsesi.net\/index.php\/2025\/04\/09\/ataturk-universitesinde-21-yuzyilin-ilk-ceyreginde-turk-tarihciligi-calistayi\/","url":"https:\/\/memurunsesi.net\/index.php\/2025\/04\/09\/ataturk-universitesinde-21-yuzyilin-ilk-ceyreginde-turk-tarihciligi-calistayi\/","name":"Atat\u00fcrk \u00dcniversitesi\u2019nde \"21. Y\u00fczy\u0131l\u0131n \u0130lk \u00c7eyre\u011finde T\u00fcrk Tarih\u00e7ili\u011fi\" \u00e7al\u0131\u015ftay\u0131 - Memurun Sesi","isPartOf":{"@id":"https:\/\/memurunsesi.net\/#website"},"primaryImageOfPage":{"@id":"https:\/\/memurunsesi.net\/index.php\/2025\/04\/09\/ataturk-universitesinde-21-yuzyilin-ilk-ceyreginde-turk-tarihciligi-calistayi\/#primaryimage"},"image":{"@id":"https:\/\/memurunsesi.net\/index.php\/2025\/04\/09\/ataturk-universitesinde-21-yuzyilin-ilk-ceyreginde-turk-tarihciligi-calistayi\/#primaryimage"},"thumbnailUrl":"https:\/\/memurunsesi.net\/wp-content\/uploads\/2025\/04\/AW429085_01-scaled.jpg","datePublished":"2025-04-09T17:27:52+00:00","breadcrumb":{"@id":"https:\/\/memurunsesi.net\/index.php\/2025\/04\/09\/ataturk-universitesinde-21-yuzyilin-ilk-ceyreginde-turk-tarihciligi-calistayi\/#breadcrumb"},"inLanguage":"tr","potentialAction":[{"@type":"ReadAction","target":["https:\/\/memurunsesi.net\/index.php\/2025\/04\/09\/ataturk-universitesinde-21-yuzyilin-ilk-ceyreginde-turk-tarihciligi-calistayi\/"]}]},{"@type":"ImageObject","inLanguage":"tr","@id":"https:\/\/memurunsesi.net\/index.php\/2025\/04\/09\/ataturk-universitesinde-21-yuzyilin-ilk-ceyreginde-turk-tarihciligi-calistayi\/#primaryimage","url":"https:\/\/memurunsesi.net\/wp-content\/uploads\/2025\/04\/AW429085_01-scaled.jpg","contentUrl":"https:\/\/memurunsesi.net\/wp-content\/uploads\/2025\/04\/AW429085_01-scaled.jpg","width":2560,"height":1490,"caption":"ATAT\u00dcRK \u00dcN\u0130VERS\u0130TES\u0130 VE KIRGIZ\u0130STAN-T\u00dcRK\u0130YE MANAS \u00dcN\u0130VERS\u0130TES\u0130 ORTAKLI\u011eINDA D\u00dcZENLENEN 21. Y\u00dcZYILIN \u0130LK \u00c7EYRE\u011e\u0130NDE T\u00dcRK TAR\u0130H\u00c7\u0130L\u0130\u011e\u0130: G\u00dcNCEL MESELELER VE \u00c7\u00d6Z\u00dcM \u00d6NER\u0130LER\u0130 BA\u015eLIKLI \u00c7ALI\u015eTAY, ATAT\u00dcRK \u00dcN\u0130VERS\u0130TES\u0130 EV SAH\u0130PL\u0130\u011e\u0130NDE GER\u00c7EKLE\u015eT\u0130. (MEHMET EM\u0130N KIZILCA\/ERZURUM-\u0130HA) Atat\u00fcrk \u00dcniversitesi ve K\u0131rg\u0131zistan-T\u00fcrkiye Manas \u00dcniversitesi ortakl\u0131\u011f\u0131nda d\u00fczenlenen \"21. Y\u00fczy\u0131l\u0131n \u0130lk \u00c7eyre\u011finde T\u00fcrk Tarih\u00e7ili\u011fi: G\u00fcncel Meseleler ve \u00c7\u00f6z\u00fcm \u00d6nerileri\" ba\u015fl\u0131kl\u0131 \u00e7al\u0131\u015ftay, Atat\u00fcrk \u00dcniversitesi ev sahipli\u011finde ger\u00e7ekle\u015fti."},{"@type":"BreadcrumbList","@id":"https:\/\/memurunsesi.net\/index.php\/2025\/04\/09\/ataturk-universitesinde-21-yuzyilin-ilk-ceyreginde-turk-tarihciligi-calistayi\/#breadcrumb","itemListElement":[{"@type":"ListItem","position":1,"name":"Anasayfa","item":"https:\/\/memurunsesi.net\/"},{"@type":"ListItem","position":2,"name":"Atat\u00fcrk \u00dcniversitesi\u2019nde &#8220;21. Y\u00fczy\u0131l\u0131n \u0130lk \u00c7eyre\u011finde T\u00fcrk Tarih\u00e7ili\u011fi&#8221; \u00e7al\u0131\u015ftay\u0131"}]},{"@type":"WebSite","@id":"https:\/\/memurunsesi.net\/#website","url":"https:\/\/memurunsesi.net\/","name":"Memurun Sesi","description":"G\u00fcncel ve Do\u011fru Haber","publisher":{"@id":"https:\/\/memurunsesi.net\/#organization"},"potentialAction":[{"@type":"SearchAction","target":{"@type":"EntryPoint","urlTemplate":"https:\/\/memurunsesi.net\/?s={search_term_string}"},"query-input":{"@type":"PropertyValueSpecification","valueRequired":true,"valueName":"search_term_string"}}],"inLanguage":"tr"},{"@type":"Organization","@id":"https:\/\/memurunsesi.net\/#organization","name":"Memurun Sesi","url":"https:\/\/memurunsesi.net\/","logo":{"@type":"ImageObject","inLanguage":"tr","@id":"https:\/\/memurunsesi.net\/#\/schema\/logo\/image\/","url":"https:\/\/memurunsesi.net\/wp-content\/uploads\/2025\/11\/cropped-MEMURUN-SESI.png","contentUrl":"https:\/\/memurunsesi.net\/wp-content\/uploads\/2025\/11\/cropped-MEMURUN-SESI.png","width":238,"height":57,"caption":"Memurun Sesi"},"image":{"@id":"https:\/\/memurunsesi.net\/#\/schema\/logo\/image\/"},"sameAs":["https:\/\/www.facebook.com\/unipersen\/?locale=tr_TR","https:\/\/x.com\/unipersen"]},{"@type":"Person","@id":"https:\/\/memurunsesi.net\/#\/schema\/person\/f21c2d73b89f6ee1d80b0a1803e38587","name":"Memurun Sesi Haber Merkezi","image":{"@type":"ImageObject","inLanguage":"tr","@id":"https:\/\/secure.gravatar.com\/avatar\/6cf0505f452ee753f485014986fab09a434671d2b919ee76fc541025c5876a70?s=96&d=mm&r=g","url":"https:\/\/secure.gravatar.com\/avatar\/6cf0505f452ee753f485014986fab09a434671d2b919ee76fc541025c5876a70?s=96&d=mm&r=g","contentUrl":"https:\/\/secure.gravatar.com\/avatar\/6cf0505f452ee753f485014986fab09a434671d2b919ee76fc541025c5876a70?s=96&d=mm&r=g","caption":"Memurun Sesi Haber Merkezi"},"sameAs":["https:\/\/memurunsesi.net"],"url":"https:\/\/memurunsesi.net\/index.php\/author\/uniper\/"}]}},"_links":{"self":[{"href":"https:\/\/memurunsesi.net\/index.php\/wp-json\/wp\/v2\/posts\/5083","targetHints":{"allow":["GET"]}}],"collection":[{"href":"https:\/\/memurunsesi.net\/index.php\/wp-json\/wp\/v2\/posts"}],"about":[{"href":"https:\/\/memurunsesi.net\/index.php\/wp-json\/wp\/v2\/types\/post"}],"author":[{"embeddable":true,"href":"https:\/\/memurunsesi.net\/index.php\/wp-json\/wp\/v2\/users\/1"}],"replies":[{"embeddable":true,"href":"https:\/\/memurunsesi.net\/index.php\/wp-json\/wp\/v2\/comments?post=5083"}],"version-history":[{"count":1,"href":"https:\/\/memurunsesi.net\/index.php\/wp-json\/wp\/v2\/posts\/5083\/revisions"}],"predecessor-version":[{"id":5085,"href":"https:\/\/memurunsesi.net\/index.php\/wp-json\/wp\/v2\/posts\/5083\/revisions\/5085"}],"wp:featuredmedia":[{"embeddable":true,"href":"https:\/\/memurunsesi.net\/index.php\/wp-json\/wp\/v2\/media\/5084"}],"wp:attachment":[{"href":"https:\/\/memurunsesi.net\/index.php\/wp-json\/wp\/v2\/media?parent=5083"}],"wp:term":[{"taxonomy":"category","embeddable":true,"href":"https:\/\/memurunsesi.net\/index.php\/wp-json\/wp\/v2\/categories?post=5083"},{"taxonomy":"post_tag","embeddable":true,"href":"https:\/\/memurunsesi.net\/index.php\/wp-json\/wp\/v2\/tags?post=5083"}],"curies":[{"name":"wp","href":"https:\/\/api.w.org\/{rel}","templated":true}]}}