{"id":5088,"date":"2025-04-10T07:36:42","date_gmt":"2025-04-10T04:36:42","guid":{"rendered":"https:\/\/memurunsesi.net\/?p=5088"},"modified":"2025-04-10T07:39:08","modified_gmt":"2025-04-10T04:39:08","slug":"cayirhanda-maden-ocaginda-gocuk-13-isci-yarali","status":"publish","type":"post","link":"https:\/\/memurunsesi.net\/index.php\/2025\/04\/10\/cayirhanda-maden-ocaginda-gocuk-13-isci-yarali\/","title":{"rendered":"\u00c7ay\u0131rhan\u2019da maden oca\u011f\u0131nda g\u00f6\u00e7\u00fck: 13 i\u015f\u00e7i yaral\u0131"},"content":{"rendered":"<p>K\u00f6m\u00fcr \u0130\u015fletmeleri Anonim \u015eirketi (K\u0130A\u015e) \u00c7ay\u0131rhan i\u015fletmesi H\u0131rkatepe oca\u011f\u0131nda g\u00f6\u00e7\u00fck meydana geldi. 2\u2019si a\u011f\u0131r 13 i\u015f\u00e7i yaraland\u0131.<br \/>\nEdinilen olay bilgilere g\u00f6re Nall\u0131han il\u00e7esinde bulunan \u00c7ay\u0131rhan K\u0130A\u015e i\u015fletmesi H\u0131rkatepe maden oca\u011f\u0131nda 00-08 gece vardiyas\u0131nda meydana geldi. Saat 03.00 s\u0131ralar\u0131nda ocakta g\u00f6\u00e7\u00fck meydana gelirken g\u00f6\u00e7\u00fck nedeniyle 13 i\u015f\u00e7i yaraland\u0131. Olay yerine sevk edilen ambulanslarla i\u015f\u00e7iler Beypazar\u0131 Devlet Hastanesine getirildi. Durumu a\u011f\u0131r oldu\u011fu \u00f6\u011frenilen 2 i\u015f\u00e7i ise ambulansla Ankara\u2019ya sevk edildi.<\/p>\n<p>10.04.2025<\/p>\n","protected":false},"excerpt":{"rendered":"<p>K\u00f6m\u00fcr \u0130\u015fletmeleri Anonim \u015eirketi (K\u0130A\u015e) \u00c7ay\u0131rhan i\u015fletmesi H\u0131rkatepe oca\u011f\u0131nda g\u00f6\u00e7\u00fck meydana geldi. 2\u2019si a\u011f\u0131r 13 i\u015f\u00e7i yaraland\u0131. Edinilen olay bilgilere g\u00f6re Nall\u0131han il\u00e7esinde bulunan \u00c7ay\u0131rhan K\u0130A\u015e i\u015fletmesi H\u0131rkatepe maden oca\u011f\u0131nda 00-08 gece vardiyas\u0131nda meydana geldi. Saat 03.00 s\u0131ralar\u0131nda ocakta g\u00f6\u00e7\u00fck meydana gelirken g\u00f6\u00e7\u00fck nedeniyle 13 i\u015f\u00e7i yaraland\u0131. Olay yerine sevk edilen ambulanslarla i\u015f\u00e7iler Beypazar\u0131 Devlet [&hellip;]<\/p>\n","protected":false},"author":1,"featured_media":0,"comment_status":"open","ping_status":"open","sticky":false,"template":"","format":"standard","meta":{"footnotes":""},"categories":[1],"tags":[],"class_list":["post-5088","post","type-post","status-publish","format-standard","hentry","category-genel"],"yoast_head":"<!-- This site is optimized with the Yoast SEO plugin v27.4 - https:\/\/yoast.com\/product\/yoast-seo-wordpress\/ -->\n<title>\u00c7ay\u0131rhan\u2019da maden oca\u011f\u0131nda g\u00f6\u00e7\u00fck: 13 i\u015f\u00e7i yaral\u0131 - Memurun Sesi<\/title>\n<meta name=\"robots\" content=\"index, follow, max-snippet:-1, max-image-preview:large, max-video-preview:-1\" \/>\n<link rel=\"canonical\" href=\"https:\/\/memurunsesi.net\/index.php\/2025\/04\/10\/cayirhanda-maden-ocaginda-gocuk-13-isci-yarali\/\" \/>\n<meta property=\"og:locale\" content=\"tr_TR\" \/>\n<meta property=\"og:type\" content=\"article\" \/>\n<meta property=\"og:title\" content=\"\u00c7ay\u0131rhan\u2019da maden oca\u011f\u0131nda g\u00f6\u00e7\u00fck: 13 i\u015f\u00e7i yaral\u0131 - Memurun Sesi\" \/>\n<meta property=\"og:description\" content=\"K\u00f6m\u00fcr \u0130\u015fletmeleri Anonim \u015eirketi (K\u0130A\u015e) \u00c7ay\u0131rhan i\u015fletmesi H\u0131rkatepe oca\u011f\u0131nda g\u00f6\u00e7\u00fck meydana geldi. 2\u2019si a\u011f\u0131r 13 i\u015f\u00e7i yaraland\u0131. Edinilen olay bilgilere g\u00f6re Nall\u0131han il\u00e7esinde bulunan \u00c7ay\u0131rhan K\u0130A\u015e i\u015fletmesi H\u0131rkatepe maden oca\u011f\u0131nda 00-08 gece vardiyas\u0131nda meydana geldi. Saat 03.00 s\u0131ralar\u0131nda ocakta g\u00f6\u00e7\u00fck meydana gelirken g\u00f6\u00e7\u00fck nedeniyle 13 i\u015f\u00e7i yaraland\u0131. Olay yerine sevk edilen ambulanslarla i\u015f\u00e7iler Beypazar\u0131 Devlet [&hellip;]\" \/>\n<meta property=\"og:url\" content=\"https:\/\/memurunsesi.net\/index.php\/2025\/04\/10\/cayirhanda-maden-ocaginda-gocuk-13-isci-yarali\/\" \/>\n<meta property=\"og:site_name\" content=\"Memurun Sesi\" \/>\n<meta property=\"article:publisher\" content=\"https:\/\/www.facebook.com\/unipersen\/?locale=tr_TR\" \/>\n<meta property=\"article:published_time\" content=\"2025-04-10T04:36:42+00:00\" \/>\n<meta property=\"article:modified_time\" content=\"2025-04-10T04:39:08+00:00\" \/>\n<meta name=\"author\" content=\"Memurun Sesi Haber Merkezi\" \/>\n<meta name=\"twitter:card\" content=\"summary_large_image\" \/>\n<meta name=\"twitter:creator\" content=\"@unipersen\" \/>\n<meta name=\"twitter:site\" content=\"@unipersen\" \/>\n<meta name=\"twitter:label1\" content=\"Yazan:\" \/>\n\t<meta name=\"twitter:data1\" content=\"Memurun Sesi Haber Merkezi\" \/>\n<script type=\"application\/ld+json\" class=\"yoast-schema-graph\">{\"@context\":\"https:\\\/\\\/schema.org\",\"@graph\":[{\"@type\":\"Article\",\"@id\":\"https:\\\/\\\/memurunsesi.net\\\/index.php\\\/2025\\\/04\\\/10\\\/cayirhanda-maden-ocaginda-gocuk-13-isci-yarali\\\/#article\",\"isPartOf\":{\"@id\":\"https:\\\/\\\/memurunsesi.net\\\/index.php\\\/2025\\\/04\\\/10\\\/cayirhanda-maden-ocaginda-gocuk-13-isci-yarali\\\/\"},\"author\":{\"name\":\"Memurun Sesi Haber Merkezi\",\"@id\":\"https:\\\/\\\/memurunsesi.net\\\/#\\\/schema\\\/person\\\/f21c2d73b89f6ee1d80b0a1803e38587\"},\"headline\":\"\u00c7ay\u0131rhan\u2019da maden oca\u011f\u0131nda g\u00f6\u00e7\u00fck: 13 i\u015f\u00e7i yaral\u0131\",\"datePublished\":\"2025-04-10T04:36:42+00:00\",\"dateModified\":\"2025-04-10T04:39:08+00:00\",\"mainEntityOfPage\":{\"@id\":\"https:\\\/\\\/memurunsesi.net\\\/index.php\\\/2025\\\/04\\\/10\\\/cayirhanda-maden-ocaginda-gocuk-13-isci-yarali\\\/\"},\"wordCount\":104,\"commentCount\":0,\"publisher\":{\"@id\":\"https:\\\/\\\/memurunsesi.net\\\/#organization\"},\"inLanguage\":\"tr\",\"potentialAction\":[{\"@type\":\"CommentAction\",\"name\":\"Comment\",\"target\":[\"https:\\\/\\\/memurunsesi.net\\\/index.php\\\/2025\\\/04\\\/10\\\/cayirhanda-maden-ocaginda-gocuk-13-isci-yarali\\\/#respond\"]}]},{\"@type\":\"WebPage\",\"@id\":\"https:\\\/\\\/memurunsesi.net\\\/index.php\\\/2025\\\/04\\\/10\\\/cayirhanda-maden-ocaginda-gocuk-13-isci-yarali\\\/\",\"url\":\"https:\\\/\\\/memurunsesi.net\\\/index.php\\\/2025\\\/04\\\/10\\\/cayirhanda-maden-ocaginda-gocuk-13-isci-yarali\\\/\",\"name\":\"\u00c7ay\u0131rhan\u2019da maden oca\u011f\u0131nda g\u00f6\u00e7\u00fck: 13 i\u015f\u00e7i yaral\u0131 - Memurun Sesi\",\"isPartOf\":{\"@id\":\"https:\\\/\\\/memurunsesi.net\\\/#website\"},\"datePublished\":\"2025-04-10T04:36:42+00:00\",\"dateModified\":\"2025-04-10T04:39:08+00:00\",\"breadcrumb\":{\"@id\":\"https:\\\/\\\/memurunsesi.net\\\/index.php\\\/2025\\\/04\\\/10\\\/cayirhanda-maden-ocaginda-gocuk-13-isci-yarali\\\/#breadcrumb\"},\"inLanguage\":\"tr\",\"potentialAction\":[{\"@type\":\"ReadAction\",\"target\":[\"https:\\\/\\\/memurunsesi.net\\\/index.php\\\/2025\\\/04\\\/10\\\/cayirhanda-maden-ocaginda-gocuk-13-isci-yarali\\\/\"]}]},{\"@type\":\"BreadcrumbList\",\"@id\":\"https:\\\/\\\/memurunsesi.net\\\/index.php\\\/2025\\\/04\\\/10\\\/cayirhanda-maden-ocaginda-gocuk-13-isci-yarali\\\/#breadcrumb\",\"itemListElement\":[{\"@type\":\"ListItem\",\"position\":1,\"name\":\"Anasayfa\",\"item\":\"https:\\\/\\\/memurunsesi.net\\\/\"},{\"@type\":\"ListItem\",\"position\":2,\"name\":\"\u00c7ay\u0131rhan\u2019da maden oca\u011f\u0131nda g\u00f6\u00e7\u00fck: 13 i\u015f\u00e7i yaral\u0131\"}]},{\"@type\":\"WebSite\",\"@id\":\"https:\\\/\\\/memurunsesi.net\\\/#website\",\"url\":\"https:\\\/\\\/memurunsesi.net\\\/\",\"name\":\"Memurun Sesi\",\"description\":\"G\u00fcncel ve Do\u011fru Haber\",\"publisher\":{\"@id\":\"https:\\\/\\\/memurunsesi.net\\\/#organization\"},\"potentialAction\":[{\"@type\":\"SearchAction\",\"target\":{\"@type\":\"EntryPoint\",\"urlTemplate\":\"https:\\\/\\\/memurunsesi.net\\\/?s={search_term_string}\"},\"query-input\":{\"@type\":\"PropertyValueSpecification\",\"valueRequired\":true,\"valueName\":\"search_term_string\"}}],\"inLanguage\":\"tr\"},{\"@type\":\"Organization\",\"@id\":\"https:\\\/\\\/memurunsesi.net\\\/#organization\",\"name\":\"Memurun Sesi\",\"url\":\"https:\\\/\\\/memurunsesi.net\\\/\",\"logo\":{\"@type\":\"ImageObject\",\"inLanguage\":\"tr\",\"@id\":\"https:\\\/\\\/memurunsesi.net\\\/#\\\/schema\\\/logo\\\/image\\\/\",\"url\":\"https:\\\/\\\/memurunsesi.net\\\/wp-content\\\/uploads\\\/2025\\\/11\\\/cropped-MEMURUN-SESI.png\",\"contentUrl\":\"https:\\\/\\\/memurunsesi.net\\\/wp-content\\\/uploads\\\/2025\\\/11\\\/cropped-MEMURUN-SESI.png\",\"width\":238,\"height\":57,\"caption\":\"Memurun Sesi\"},\"image\":{\"@id\":\"https:\\\/\\\/memurunsesi.net\\\/#\\\/schema\\\/logo\\\/image\\\/\"},\"sameAs\":[\"https:\\\/\\\/www.facebook.com\\\/unipersen\\\/?locale=tr_TR\",\"https:\\\/\\\/x.com\\\/unipersen\"]},{\"@type\":\"Person\",\"@id\":\"https:\\\/\\\/memurunsesi.net\\\/#\\\/schema\\\/person\\\/f21c2d73b89f6ee1d80b0a1803e38587\",\"name\":\"Memurun Sesi Haber Merkezi\",\"image\":{\"@type\":\"ImageObject\",\"inLanguage\":\"tr\",\"@id\":\"https:\\\/\\\/secure.gravatar.com\\\/avatar\\\/6cf0505f452ee753f485014986fab09a434671d2b919ee76fc541025c5876a70?s=96&d=mm&r=g\",\"url\":\"https:\\\/\\\/secure.gravatar.com\\\/avatar\\\/6cf0505f452ee753f485014986fab09a434671d2b919ee76fc541025c5876a70?s=96&d=mm&r=g\",\"contentUrl\":\"https:\\\/\\\/secure.gravatar.com\\\/avatar\\\/6cf0505f452ee753f485014986fab09a434671d2b919ee76fc541025c5876a70?s=96&d=mm&r=g\",\"caption\":\"Memurun Sesi Haber Merkezi\"},\"sameAs\":[\"https:\\\/\\\/memurunsesi.net\"],\"url\":\"https:\\\/\\\/memurunsesi.net\\\/index.php\\\/author\\\/uniper\\\/\"}]}<\/script>\n<!-- \/ Yoast SEO plugin. -->","yoast_head_json":{"title":"\u00c7ay\u0131rhan\u2019da maden oca\u011f\u0131nda g\u00f6\u00e7\u00fck: 13 i\u015f\u00e7i yaral\u0131 - Memurun Sesi","robots":{"index":"index","follow":"follow","max-snippet":"max-snippet:-1","max-image-preview":"max-image-preview:large","max-video-preview":"max-video-preview:-1"},"canonical":"https:\/\/memurunsesi.net\/index.php\/2025\/04\/10\/cayirhanda-maden-ocaginda-gocuk-13-isci-yarali\/","og_locale":"tr_TR","og_type":"article","og_title":"\u00c7ay\u0131rhan\u2019da maden oca\u011f\u0131nda g\u00f6\u00e7\u00fck: 13 i\u015f\u00e7i yaral\u0131 - Memurun Sesi","og_description":"K\u00f6m\u00fcr \u0130\u015fletmeleri Anonim \u015eirketi (K\u0130A\u015e) \u00c7ay\u0131rhan i\u015fletmesi H\u0131rkatepe oca\u011f\u0131nda g\u00f6\u00e7\u00fck meydana geldi. 2\u2019si a\u011f\u0131r 13 i\u015f\u00e7i yaraland\u0131. Edinilen olay bilgilere g\u00f6re Nall\u0131han il\u00e7esinde bulunan \u00c7ay\u0131rhan K\u0130A\u015e i\u015fletmesi H\u0131rkatepe maden oca\u011f\u0131nda 00-08 gece vardiyas\u0131nda meydana geldi. Saat 03.00 s\u0131ralar\u0131nda ocakta g\u00f6\u00e7\u00fck meydana gelirken g\u00f6\u00e7\u00fck nedeniyle 13 i\u015f\u00e7i yaraland\u0131. Olay yerine sevk edilen ambulanslarla i\u015f\u00e7iler Beypazar\u0131 Devlet [&hellip;]","og_url":"https:\/\/memurunsesi.net\/index.php\/2025\/04\/10\/cayirhanda-maden-ocaginda-gocuk-13-isci-yarali\/","og_site_name":"Memurun Sesi","article_publisher":"https:\/\/www.facebook.com\/unipersen\/?locale=tr_TR","article_published_time":"2025-04-10T04:36:42+00:00","article_modified_time":"2025-04-10T04:39:08+00:00","author":"Memurun Sesi Haber Merkezi","twitter_card":"summary_large_image","twitter_creator":"@unipersen","twitter_site":"@unipersen","twitter_misc":{"Yazan:":"Memurun Sesi Haber Merkezi"},"schema":{"@context":"https:\/\/schema.org","@graph":[{"@type":"Article","@id":"https:\/\/memurunsesi.net\/index.php\/2025\/04\/10\/cayirhanda-maden-ocaginda-gocuk-13-isci-yarali\/#article","isPartOf":{"@id":"https:\/\/memurunsesi.net\/index.php\/2025\/04\/10\/cayirhanda-maden-ocaginda-gocuk-13-isci-yarali\/"},"author":{"name":"Memurun Sesi Haber Merkezi","@id":"https:\/\/memurunsesi.net\/#\/schema\/person\/f21c2d73b89f6ee1d80b0a1803e38587"},"headline":"\u00c7ay\u0131rhan\u2019da maden oca\u011f\u0131nda g\u00f6\u00e7\u00fck: 13 i\u015f\u00e7i yaral\u0131","datePublished":"2025-04-10T04:36:42+00:00","dateModified":"2025-04-10T04:39:08+00:00","mainEntityOfPage":{"@id":"https:\/\/memurunsesi.net\/index.php\/2025\/04\/10\/cayirhanda-maden-ocaginda-gocuk-13-isci-yarali\/"},"wordCount":104,"commentCount":0,"publisher":{"@id":"https:\/\/memurunsesi.net\/#organization"},"inLanguage":"tr","potentialAction":[{"@type":"CommentAction","name":"Comment","target":["https:\/\/memurunsesi.net\/index.php\/2025\/04\/10\/cayirhanda-maden-ocaginda-gocuk-13-isci-yarali\/#respond"]}]},{"@type":"WebPage","@id":"https:\/\/memurunsesi.net\/index.php\/2025\/04\/10\/cayirhanda-maden-ocaginda-gocuk-13-isci-yarali\/","url":"https:\/\/memurunsesi.net\/index.php\/2025\/04\/10\/cayirhanda-maden-ocaginda-gocuk-13-isci-yarali\/","name":"\u00c7ay\u0131rhan\u2019da maden oca\u011f\u0131nda g\u00f6\u00e7\u00fck: 13 i\u015f\u00e7i yaral\u0131 - Memurun Sesi","isPartOf":{"@id":"https:\/\/memurunsesi.net\/#website"},"datePublished":"2025-04-10T04:36:42+00:00","dateModified":"2025-04-10T04:39:08+00:00","breadcrumb":{"@id":"https:\/\/memurunsesi.net\/index.php\/2025\/04\/10\/cayirhanda-maden-ocaginda-gocuk-13-isci-yarali\/#breadcrumb"},"inLanguage":"tr","potentialAction":[{"@type":"ReadAction","target":["https:\/\/memurunsesi.net\/index.php\/2025\/04\/10\/cayirhanda-maden-ocaginda-gocuk-13-isci-yarali\/"]}]},{"@type":"BreadcrumbList","@id":"https:\/\/memurunsesi.net\/index.php\/2025\/04\/10\/cayirhanda-maden-ocaginda-gocuk-13-isci-yarali\/#breadcrumb","itemListElement":[{"@type":"ListItem","position":1,"name":"Anasayfa","item":"https:\/\/memurunsesi.net\/"},{"@type":"ListItem","position":2,"name":"\u00c7ay\u0131rhan\u2019da maden oca\u011f\u0131nda g\u00f6\u00e7\u00fck: 13 i\u015f\u00e7i yaral\u0131"}]},{"@type":"WebSite","@id":"https:\/\/memurunsesi.net\/#website","url":"https:\/\/memurunsesi.net\/","name":"Memurun Sesi","description":"G\u00fcncel ve Do\u011fru Haber","publisher":{"@id":"https:\/\/memurunsesi.net\/#organization"},"potentialAction":[{"@type":"SearchAction","target":{"@type":"EntryPoint","urlTemplate":"https:\/\/memurunsesi.net\/?s={search_term_string}"},"query-input":{"@type":"PropertyValueSpecification","valueRequired":true,"valueName":"search_term_string"}}],"inLanguage":"tr"},{"@type":"Organization","@id":"https:\/\/memurunsesi.net\/#organization","name":"Memurun Sesi","url":"https:\/\/memurunsesi.net\/","logo":{"@type":"ImageObject","inLanguage":"tr","@id":"https:\/\/memurunsesi.net\/#\/schema\/logo\/image\/","url":"https:\/\/memurunsesi.net\/wp-content\/uploads\/2025\/11\/cropped-MEMURUN-SESI.png","contentUrl":"https:\/\/memurunsesi.net\/wp-content\/uploads\/2025\/11\/cropped-MEMURUN-SESI.png","width":238,"height":57,"caption":"Memurun Sesi"},"image":{"@id":"https:\/\/memurunsesi.net\/#\/schema\/logo\/image\/"},"sameAs":["https:\/\/www.facebook.com\/unipersen\/?locale=tr_TR","https:\/\/x.com\/unipersen"]},{"@type":"Person","@id":"https:\/\/memurunsesi.net\/#\/schema\/person\/f21c2d73b89f6ee1d80b0a1803e38587","name":"Memurun Sesi Haber Merkezi","image":{"@type":"ImageObject","inLanguage":"tr","@id":"https:\/\/secure.gravatar.com\/avatar\/6cf0505f452ee753f485014986fab09a434671d2b919ee76fc541025c5876a70?s=96&d=mm&r=g","url":"https:\/\/secure.gravatar.com\/avatar\/6cf0505f452ee753f485014986fab09a434671d2b919ee76fc541025c5876a70?s=96&d=mm&r=g","contentUrl":"https:\/\/secure.gravatar.com\/avatar\/6cf0505f452ee753f485014986fab09a434671d2b919ee76fc541025c5876a70?s=96&d=mm&r=g","caption":"Memurun Sesi Haber Merkezi"},"sameAs":["https:\/\/memurunsesi.net"],"url":"https:\/\/memurunsesi.net\/index.php\/author\/uniper\/"}]}},"_links":{"self":[{"href":"https:\/\/memurunsesi.net\/index.php\/wp-json\/wp\/v2\/posts\/5088","targetHints":{"allow":["GET"]}}],"collection":[{"href":"https:\/\/memurunsesi.net\/index.php\/wp-json\/wp\/v2\/posts"}],"about":[{"href":"https:\/\/memurunsesi.net\/index.php\/wp-json\/wp\/v2\/types\/post"}],"author":[{"embeddable":true,"href":"https:\/\/memurunsesi.net\/index.php\/wp-json\/wp\/v2\/users\/1"}],"replies":[{"embeddable":true,"href":"https:\/\/memurunsesi.net\/index.php\/wp-json\/wp\/v2\/comments?post=5088"}],"version-history":[{"count":1,"href":"https:\/\/memurunsesi.net\/index.php\/wp-json\/wp\/v2\/posts\/5088\/revisions"}],"predecessor-version":[{"id":5090,"href":"https:\/\/memurunsesi.net\/index.php\/wp-json\/wp\/v2\/posts\/5088\/revisions\/5090"}],"wp:attachment":[{"href":"https:\/\/memurunsesi.net\/index.php\/wp-json\/wp\/v2\/media?parent=5088"}],"wp:term":[{"taxonomy":"category","embeddable":true,"href":"https:\/\/memurunsesi.net\/index.php\/wp-json\/wp\/v2\/categories?post=5088"},{"taxonomy":"post_tag","embeddable":true,"href":"https:\/\/memurunsesi.net\/index.php\/wp-json\/wp\/v2\/tags?post=5088"}],"curies":[{"name":"wp","href":"https:\/\/api.w.org\/{rel}","templated":true}]}}