{"id":5091,"date":"2025-04-10T07:38:22","date_gmt":"2025-04-10T04:38:22","guid":{"rendered":"https:\/\/memurunsesi.net\/?p=5091"},"modified":"2025-04-10T07:38:22","modified_gmt":"2025-04-10T04:38:22","slug":"ankarada-nisan-ayinda-kar-yagisi","status":"publish","type":"post","link":"https:\/\/memurunsesi.net\/index.php\/2025\/04\/10\/ankarada-nisan-ayinda-kar-yagisi\/","title":{"rendered":"Ankara&#8217;da nisan ay\u0131nda kar ya\u011f\u0131\u015f\u0131"},"content":{"rendered":"<p>Ankara&#8217;da s\u0131cakl\u0131klar\u0131n d\u00fc\u015fmesi ile gece saatlerinde kar ya\u011f\u0131\u015f\u0131 etkili oldu.<br \/>\nAnkara&#8217;da d\u00fc\u015fen s\u0131cakl\u0131klar\u0131n etkisi ile gece saatlerinde kar ya\u011f\u0131\u015f\u0131 ba\u015flad\u0131. Kar ya\u011f\u0131\u015f\u0131 \u015fehrin genelinde devam ederken y\u00fcksek kesimlerde ise etkisini art\u0131rd\u0131. Meteoroloji Genel M\u00fcd\u00fcrl\u00fc\u011f\u00fcn\u00fcn internet sitesinde yay\u0131mlanan hava durumu tahminlerine g\u00f6re hava s\u0131cakl\u0131\u011f\u0131 d\u00fc\u015fmeye devam edecek. Tahminlere g\u00f6re kar ya\u011f\u0131\u015f\u0131n\u0131n 13 Nisan&#8217;a kadar s\u00fcrmesi bekleniyor.<\/p>\n<p>10.04.2025<\/p>\n","protected":false},"excerpt":{"rendered":"<p>Ankara&#8217;da s\u0131cakl\u0131klar\u0131n d\u00fc\u015fmesi ile gece saatlerinde kar ya\u011f\u0131\u015f\u0131 etkili oldu. Ankara&#8217;da d\u00fc\u015fen s\u0131cakl\u0131klar\u0131n etkisi ile gece saatlerinde kar ya\u011f\u0131\u015f\u0131 ba\u015flad\u0131. Kar ya\u011f\u0131\u015f\u0131 \u015fehrin genelinde devam ederken y\u00fcksek kesimlerde ise etkisini art\u0131rd\u0131. Meteoroloji Genel M\u00fcd\u00fcrl\u00fc\u011f\u00fcn\u00fcn internet sitesinde yay\u0131mlanan hava durumu tahminlerine g\u00f6re hava s\u0131cakl\u0131\u011f\u0131 d\u00fc\u015fmeye devam edecek. Tahminlere g\u00f6re kar ya\u011f\u0131\u015f\u0131n\u0131n 13 Nisan&#8217;a kadar s\u00fcrmesi bekleniyor. [&hellip;]<\/p>\n","protected":false},"author":1,"featured_media":5092,"comment_status":"open","ping_status":"open","sticky":false,"template":"","format":"standard","meta":{"footnotes":""},"categories":[1],"tags":[],"class_list":["post-5091","post","type-post","status-publish","format-standard","has-post-thumbnail","hentry","category-genel"],"yoast_head":"<!-- This site is optimized with the Yoast SEO plugin v27.4 - https:\/\/yoast.com\/product\/yoast-seo-wordpress\/ -->\n<title>Ankara&#039;da nisan ay\u0131nda kar ya\u011f\u0131\u015f\u0131 - Memurun Sesi<\/title>\n<meta name=\"robots\" content=\"index, follow, max-snippet:-1, max-image-preview:large, max-video-preview:-1\" \/>\n<link rel=\"canonical\" href=\"https:\/\/memurunsesi.net\/index.php\/2025\/04\/10\/ankarada-nisan-ayinda-kar-yagisi\/\" \/>\n<meta property=\"og:locale\" content=\"tr_TR\" \/>\n<meta property=\"og:type\" content=\"article\" \/>\n<meta property=\"og:title\" content=\"Ankara&#039;da nisan ay\u0131nda kar ya\u011f\u0131\u015f\u0131 - Memurun Sesi\" \/>\n<meta property=\"og:description\" content=\"Ankara&#8217;da s\u0131cakl\u0131klar\u0131n d\u00fc\u015fmesi ile gece saatlerinde kar ya\u011f\u0131\u015f\u0131 etkili oldu. Ankara&#8217;da d\u00fc\u015fen s\u0131cakl\u0131klar\u0131n etkisi ile gece saatlerinde kar ya\u011f\u0131\u015f\u0131 ba\u015flad\u0131. Kar ya\u011f\u0131\u015f\u0131 \u015fehrin genelinde devam ederken y\u00fcksek kesimlerde ise etkisini art\u0131rd\u0131. Meteoroloji Genel M\u00fcd\u00fcrl\u00fc\u011f\u00fcn\u00fcn internet sitesinde yay\u0131mlanan hava durumu tahminlerine g\u00f6re hava s\u0131cakl\u0131\u011f\u0131 d\u00fc\u015fmeye devam edecek. Tahminlere g\u00f6re kar ya\u011f\u0131\u015f\u0131n\u0131n 13 Nisan&#8217;a kadar s\u00fcrmesi bekleniyor. [&hellip;]\" \/>\n<meta property=\"og:url\" content=\"https:\/\/memurunsesi.net\/index.php\/2025\/04\/10\/ankarada-nisan-ayinda-kar-yagisi\/\" \/>\n<meta property=\"og:site_name\" content=\"Memurun Sesi\" \/>\n<meta property=\"article:publisher\" content=\"https:\/\/www.facebook.com\/unipersen\/?locale=tr_TR\" \/>\n<meta property=\"article:published_time\" content=\"2025-04-10T04:38:22+00:00\" \/>\n<meta property=\"og:image\" content=\"https:\/\/memurunsesi.net\/wp-content\/uploads\/2025\/04\/AW429174_03.jpg\" \/>\n\t<meta property=\"og:image:width\" content=\"1600\" \/>\n\t<meta property=\"og:image:height\" content=\"1200\" \/>\n\t<meta property=\"og:image:type\" content=\"image\/jpeg\" \/>\n<meta name=\"author\" content=\"Memurun Sesi Haber Merkezi\" \/>\n<meta name=\"twitter:card\" content=\"summary_large_image\" \/>\n<meta name=\"twitter:creator\" content=\"@unipersen\" \/>\n<meta name=\"twitter:site\" content=\"@unipersen\" \/>\n<meta name=\"twitter:label1\" content=\"Yazan:\" \/>\n\t<meta name=\"twitter:data1\" content=\"Memurun Sesi Haber Merkezi\" \/>\n<script type=\"application\/ld+json\" class=\"yoast-schema-graph\">{\"@context\":\"https:\\\/\\\/schema.org\",\"@graph\":[{\"@type\":\"Article\",\"@id\":\"https:\\\/\\\/memurunsesi.net\\\/index.php\\\/2025\\\/04\\\/10\\\/ankarada-nisan-ayinda-kar-yagisi\\\/#article\",\"isPartOf\":{\"@id\":\"https:\\\/\\\/memurunsesi.net\\\/index.php\\\/2025\\\/04\\\/10\\\/ankarada-nisan-ayinda-kar-yagisi\\\/\"},\"author\":{\"name\":\"Memurun Sesi Haber Merkezi\",\"@id\":\"https:\\\/\\\/memurunsesi.net\\\/#\\\/schema\\\/person\\\/f21c2d73b89f6ee1d80b0a1803e38587\"},\"headline\":\"Ankara&#8217;da nisan ay\u0131nda kar ya\u011f\u0131\u015f\u0131\",\"datePublished\":\"2025-04-10T04:38:22+00:00\",\"mainEntityOfPage\":{\"@id\":\"https:\\\/\\\/memurunsesi.net\\\/index.php\\\/2025\\\/04\\\/10\\\/ankarada-nisan-ayinda-kar-yagisi\\\/\"},\"wordCount\":87,\"commentCount\":0,\"publisher\":{\"@id\":\"https:\\\/\\\/memurunsesi.net\\\/#organization\"},\"image\":{\"@id\":\"https:\\\/\\\/memurunsesi.net\\\/index.php\\\/2025\\\/04\\\/10\\\/ankarada-nisan-ayinda-kar-yagisi\\\/#primaryimage\"},\"thumbnailUrl\":\"https:\\\/\\\/memurunsesi.net\\\/wp-content\\\/uploads\\\/2025\\\/04\\\/AW429174_03.jpg\",\"inLanguage\":\"tr\",\"potentialAction\":[{\"@type\":\"CommentAction\",\"name\":\"Comment\",\"target\":[\"https:\\\/\\\/memurunsesi.net\\\/index.php\\\/2025\\\/04\\\/10\\\/ankarada-nisan-ayinda-kar-yagisi\\\/#respond\"]}]},{\"@type\":\"WebPage\",\"@id\":\"https:\\\/\\\/memurunsesi.net\\\/index.php\\\/2025\\\/04\\\/10\\\/ankarada-nisan-ayinda-kar-yagisi\\\/\",\"url\":\"https:\\\/\\\/memurunsesi.net\\\/index.php\\\/2025\\\/04\\\/10\\\/ankarada-nisan-ayinda-kar-yagisi\\\/\",\"name\":\"Ankara'da nisan ay\u0131nda kar ya\u011f\u0131\u015f\u0131 - Memurun Sesi\",\"isPartOf\":{\"@id\":\"https:\\\/\\\/memurunsesi.net\\\/#website\"},\"primaryImageOfPage\":{\"@id\":\"https:\\\/\\\/memurunsesi.net\\\/index.php\\\/2025\\\/04\\\/10\\\/ankarada-nisan-ayinda-kar-yagisi\\\/#primaryimage\"},\"image\":{\"@id\":\"https:\\\/\\\/memurunsesi.net\\\/index.php\\\/2025\\\/04\\\/10\\\/ankarada-nisan-ayinda-kar-yagisi\\\/#primaryimage\"},\"thumbnailUrl\":\"https:\\\/\\\/memurunsesi.net\\\/wp-content\\\/uploads\\\/2025\\\/04\\\/AW429174_03.jpg\",\"datePublished\":\"2025-04-10T04:38:22+00:00\",\"breadcrumb\":{\"@id\":\"https:\\\/\\\/memurunsesi.net\\\/index.php\\\/2025\\\/04\\\/10\\\/ankarada-nisan-ayinda-kar-yagisi\\\/#breadcrumb\"},\"inLanguage\":\"tr\",\"potentialAction\":[{\"@type\":\"ReadAction\",\"target\":[\"https:\\\/\\\/memurunsesi.net\\\/index.php\\\/2025\\\/04\\\/10\\\/ankarada-nisan-ayinda-kar-yagisi\\\/\"]}]},{\"@type\":\"ImageObject\",\"inLanguage\":\"tr\",\"@id\":\"https:\\\/\\\/memurunsesi.net\\\/index.php\\\/2025\\\/04\\\/10\\\/ankarada-nisan-ayinda-kar-yagisi\\\/#primaryimage\",\"url\":\"https:\\\/\\\/memurunsesi.net\\\/wp-content\\\/uploads\\\/2025\\\/04\\\/AW429174_03.jpg\",\"contentUrl\":\"https:\\\/\\\/memurunsesi.net\\\/wp-content\\\/uploads\\\/2025\\\/04\\\/AW429174_03.jpg\",\"width\":1600,\"height\":1200,\"caption\":\"ANKARA'DA SICAKLIKLARIN D\u00dc\u015eMES\u0130 \u0130LE GECE SAATLER\u0130NDE KAR YA\u011eI\u015eI ETK\u0130L\u0130 OLDU. (MUSA ENES AKSAKAL\\\/ANKARA-\u0130HA) Ankara'da s\u0131cakl\u0131klar\u0131n d\u00fc\u015fmesi ile gece saatlerinde kar ya\u011f\u0131\u015f\u0131 etkili oldu.\"},{\"@type\":\"BreadcrumbList\",\"@id\":\"https:\\\/\\\/memurunsesi.net\\\/index.php\\\/2025\\\/04\\\/10\\\/ankarada-nisan-ayinda-kar-yagisi\\\/#breadcrumb\",\"itemListElement\":[{\"@type\":\"ListItem\",\"position\":1,\"name\":\"Anasayfa\",\"item\":\"https:\\\/\\\/memurunsesi.net\\\/\"},{\"@type\":\"ListItem\",\"position\":2,\"name\":\"Ankara&#8217;da nisan ay\u0131nda kar ya\u011f\u0131\u015f\u0131\"}]},{\"@type\":\"WebSite\",\"@id\":\"https:\\\/\\\/memurunsesi.net\\\/#website\",\"url\":\"https:\\\/\\\/memurunsesi.net\\\/\",\"name\":\"Memurun Sesi\",\"description\":\"G\u00fcncel ve Do\u011fru Haber\",\"publisher\":{\"@id\":\"https:\\\/\\\/memurunsesi.net\\\/#organization\"},\"potentialAction\":[{\"@type\":\"SearchAction\",\"target\":{\"@type\":\"EntryPoint\",\"urlTemplate\":\"https:\\\/\\\/memurunsesi.net\\\/?s={search_term_string}\"},\"query-input\":{\"@type\":\"PropertyValueSpecification\",\"valueRequired\":true,\"valueName\":\"search_term_string\"}}],\"inLanguage\":\"tr\"},{\"@type\":\"Organization\",\"@id\":\"https:\\\/\\\/memurunsesi.net\\\/#organization\",\"name\":\"Memurun Sesi\",\"url\":\"https:\\\/\\\/memurunsesi.net\\\/\",\"logo\":{\"@type\":\"ImageObject\",\"inLanguage\":\"tr\",\"@id\":\"https:\\\/\\\/memurunsesi.net\\\/#\\\/schema\\\/logo\\\/image\\\/\",\"url\":\"https:\\\/\\\/memurunsesi.net\\\/wp-content\\\/uploads\\\/2025\\\/11\\\/cropped-MEMURUN-SESI.png\",\"contentUrl\":\"https:\\\/\\\/memurunsesi.net\\\/wp-content\\\/uploads\\\/2025\\\/11\\\/cropped-MEMURUN-SESI.png\",\"width\":238,\"height\":57,\"caption\":\"Memurun Sesi\"},\"image\":{\"@id\":\"https:\\\/\\\/memurunsesi.net\\\/#\\\/schema\\\/logo\\\/image\\\/\"},\"sameAs\":[\"https:\\\/\\\/www.facebook.com\\\/unipersen\\\/?locale=tr_TR\",\"https:\\\/\\\/x.com\\\/unipersen\"]},{\"@type\":\"Person\",\"@id\":\"https:\\\/\\\/memurunsesi.net\\\/#\\\/schema\\\/person\\\/f21c2d73b89f6ee1d80b0a1803e38587\",\"name\":\"Memurun Sesi Haber Merkezi\",\"image\":{\"@type\":\"ImageObject\",\"inLanguage\":\"tr\",\"@id\":\"https:\\\/\\\/secure.gravatar.com\\\/avatar\\\/6cf0505f452ee753f485014986fab09a434671d2b919ee76fc541025c5876a70?s=96&d=mm&r=g\",\"url\":\"https:\\\/\\\/secure.gravatar.com\\\/avatar\\\/6cf0505f452ee753f485014986fab09a434671d2b919ee76fc541025c5876a70?s=96&d=mm&r=g\",\"contentUrl\":\"https:\\\/\\\/secure.gravatar.com\\\/avatar\\\/6cf0505f452ee753f485014986fab09a434671d2b919ee76fc541025c5876a70?s=96&d=mm&r=g\",\"caption\":\"Memurun Sesi Haber Merkezi\"},\"sameAs\":[\"https:\\\/\\\/memurunsesi.net\"],\"url\":\"https:\\\/\\\/memurunsesi.net\\\/index.php\\\/author\\\/uniper\\\/\"}]}<\/script>\n<!-- \/ Yoast SEO plugin. -->","yoast_head_json":{"title":"Ankara'da nisan ay\u0131nda kar ya\u011f\u0131\u015f\u0131 - Memurun Sesi","robots":{"index":"index","follow":"follow","max-snippet":"max-snippet:-1","max-image-preview":"max-image-preview:large","max-video-preview":"max-video-preview:-1"},"canonical":"https:\/\/memurunsesi.net\/index.php\/2025\/04\/10\/ankarada-nisan-ayinda-kar-yagisi\/","og_locale":"tr_TR","og_type":"article","og_title":"Ankara'da nisan ay\u0131nda kar ya\u011f\u0131\u015f\u0131 - Memurun Sesi","og_description":"Ankara&#8217;da s\u0131cakl\u0131klar\u0131n d\u00fc\u015fmesi ile gece saatlerinde kar ya\u011f\u0131\u015f\u0131 etkili oldu. Ankara&#8217;da d\u00fc\u015fen s\u0131cakl\u0131klar\u0131n etkisi ile gece saatlerinde kar ya\u011f\u0131\u015f\u0131 ba\u015flad\u0131. Kar ya\u011f\u0131\u015f\u0131 \u015fehrin genelinde devam ederken y\u00fcksek kesimlerde ise etkisini art\u0131rd\u0131. Meteoroloji Genel M\u00fcd\u00fcrl\u00fc\u011f\u00fcn\u00fcn internet sitesinde yay\u0131mlanan hava durumu tahminlerine g\u00f6re hava s\u0131cakl\u0131\u011f\u0131 d\u00fc\u015fmeye devam edecek. Tahminlere g\u00f6re kar ya\u011f\u0131\u015f\u0131n\u0131n 13 Nisan&#8217;a kadar s\u00fcrmesi bekleniyor. [&hellip;]","og_url":"https:\/\/memurunsesi.net\/index.php\/2025\/04\/10\/ankarada-nisan-ayinda-kar-yagisi\/","og_site_name":"Memurun Sesi","article_publisher":"https:\/\/www.facebook.com\/unipersen\/?locale=tr_TR","article_published_time":"2025-04-10T04:38:22+00:00","og_image":[{"width":1600,"height":1200,"url":"https:\/\/memurunsesi.net\/wp-content\/uploads\/2025\/04\/AW429174_03.jpg","type":"image\/jpeg"}],"author":"Memurun Sesi Haber Merkezi","twitter_card":"summary_large_image","twitter_creator":"@unipersen","twitter_site":"@unipersen","twitter_misc":{"Yazan:":"Memurun Sesi Haber Merkezi"},"schema":{"@context":"https:\/\/schema.org","@graph":[{"@type":"Article","@id":"https:\/\/memurunsesi.net\/index.php\/2025\/04\/10\/ankarada-nisan-ayinda-kar-yagisi\/#article","isPartOf":{"@id":"https:\/\/memurunsesi.net\/index.php\/2025\/04\/10\/ankarada-nisan-ayinda-kar-yagisi\/"},"author":{"name":"Memurun Sesi Haber Merkezi","@id":"https:\/\/memurunsesi.net\/#\/schema\/person\/f21c2d73b89f6ee1d80b0a1803e38587"},"headline":"Ankara&#8217;da nisan ay\u0131nda kar ya\u011f\u0131\u015f\u0131","datePublished":"2025-04-10T04:38:22+00:00","mainEntityOfPage":{"@id":"https:\/\/memurunsesi.net\/index.php\/2025\/04\/10\/ankarada-nisan-ayinda-kar-yagisi\/"},"wordCount":87,"commentCount":0,"publisher":{"@id":"https:\/\/memurunsesi.net\/#organization"},"image":{"@id":"https:\/\/memurunsesi.net\/index.php\/2025\/04\/10\/ankarada-nisan-ayinda-kar-yagisi\/#primaryimage"},"thumbnailUrl":"https:\/\/memurunsesi.net\/wp-content\/uploads\/2025\/04\/AW429174_03.jpg","inLanguage":"tr","potentialAction":[{"@type":"CommentAction","name":"Comment","target":["https:\/\/memurunsesi.net\/index.php\/2025\/04\/10\/ankarada-nisan-ayinda-kar-yagisi\/#respond"]}]},{"@type":"WebPage","@id":"https:\/\/memurunsesi.net\/index.php\/2025\/04\/10\/ankarada-nisan-ayinda-kar-yagisi\/","url":"https:\/\/memurunsesi.net\/index.php\/2025\/04\/10\/ankarada-nisan-ayinda-kar-yagisi\/","name":"Ankara'da nisan ay\u0131nda kar ya\u011f\u0131\u015f\u0131 - Memurun Sesi","isPartOf":{"@id":"https:\/\/memurunsesi.net\/#website"},"primaryImageOfPage":{"@id":"https:\/\/memurunsesi.net\/index.php\/2025\/04\/10\/ankarada-nisan-ayinda-kar-yagisi\/#primaryimage"},"image":{"@id":"https:\/\/memurunsesi.net\/index.php\/2025\/04\/10\/ankarada-nisan-ayinda-kar-yagisi\/#primaryimage"},"thumbnailUrl":"https:\/\/memurunsesi.net\/wp-content\/uploads\/2025\/04\/AW429174_03.jpg","datePublished":"2025-04-10T04:38:22+00:00","breadcrumb":{"@id":"https:\/\/memurunsesi.net\/index.php\/2025\/04\/10\/ankarada-nisan-ayinda-kar-yagisi\/#breadcrumb"},"inLanguage":"tr","potentialAction":[{"@type":"ReadAction","target":["https:\/\/memurunsesi.net\/index.php\/2025\/04\/10\/ankarada-nisan-ayinda-kar-yagisi\/"]}]},{"@type":"ImageObject","inLanguage":"tr","@id":"https:\/\/memurunsesi.net\/index.php\/2025\/04\/10\/ankarada-nisan-ayinda-kar-yagisi\/#primaryimage","url":"https:\/\/memurunsesi.net\/wp-content\/uploads\/2025\/04\/AW429174_03.jpg","contentUrl":"https:\/\/memurunsesi.net\/wp-content\/uploads\/2025\/04\/AW429174_03.jpg","width":1600,"height":1200,"caption":"ANKARA'DA SICAKLIKLARIN D\u00dc\u015eMES\u0130 \u0130LE GECE SAATLER\u0130NDE KAR YA\u011eI\u015eI ETK\u0130L\u0130 OLDU. (MUSA ENES AKSAKAL\/ANKARA-\u0130HA) Ankara'da s\u0131cakl\u0131klar\u0131n d\u00fc\u015fmesi ile gece saatlerinde kar ya\u011f\u0131\u015f\u0131 etkili oldu."},{"@type":"BreadcrumbList","@id":"https:\/\/memurunsesi.net\/index.php\/2025\/04\/10\/ankarada-nisan-ayinda-kar-yagisi\/#breadcrumb","itemListElement":[{"@type":"ListItem","position":1,"name":"Anasayfa","item":"https:\/\/memurunsesi.net\/"},{"@type":"ListItem","position":2,"name":"Ankara&#8217;da nisan ay\u0131nda kar ya\u011f\u0131\u015f\u0131"}]},{"@type":"WebSite","@id":"https:\/\/memurunsesi.net\/#website","url":"https:\/\/memurunsesi.net\/","name":"Memurun Sesi","description":"G\u00fcncel ve Do\u011fru Haber","publisher":{"@id":"https:\/\/memurunsesi.net\/#organization"},"potentialAction":[{"@type":"SearchAction","target":{"@type":"EntryPoint","urlTemplate":"https:\/\/memurunsesi.net\/?s={search_term_string}"},"query-input":{"@type":"PropertyValueSpecification","valueRequired":true,"valueName":"search_term_string"}}],"inLanguage":"tr"},{"@type":"Organization","@id":"https:\/\/memurunsesi.net\/#organization","name":"Memurun Sesi","url":"https:\/\/memurunsesi.net\/","logo":{"@type":"ImageObject","inLanguage":"tr","@id":"https:\/\/memurunsesi.net\/#\/schema\/logo\/image\/","url":"https:\/\/memurunsesi.net\/wp-content\/uploads\/2025\/11\/cropped-MEMURUN-SESI.png","contentUrl":"https:\/\/memurunsesi.net\/wp-content\/uploads\/2025\/11\/cropped-MEMURUN-SESI.png","width":238,"height":57,"caption":"Memurun Sesi"},"image":{"@id":"https:\/\/memurunsesi.net\/#\/schema\/logo\/image\/"},"sameAs":["https:\/\/www.facebook.com\/unipersen\/?locale=tr_TR","https:\/\/x.com\/unipersen"]},{"@type":"Person","@id":"https:\/\/memurunsesi.net\/#\/schema\/person\/f21c2d73b89f6ee1d80b0a1803e38587","name":"Memurun Sesi Haber Merkezi","image":{"@type":"ImageObject","inLanguage":"tr","@id":"https:\/\/secure.gravatar.com\/avatar\/6cf0505f452ee753f485014986fab09a434671d2b919ee76fc541025c5876a70?s=96&d=mm&r=g","url":"https:\/\/secure.gravatar.com\/avatar\/6cf0505f452ee753f485014986fab09a434671d2b919ee76fc541025c5876a70?s=96&d=mm&r=g","contentUrl":"https:\/\/secure.gravatar.com\/avatar\/6cf0505f452ee753f485014986fab09a434671d2b919ee76fc541025c5876a70?s=96&d=mm&r=g","caption":"Memurun Sesi Haber Merkezi"},"sameAs":["https:\/\/memurunsesi.net"],"url":"https:\/\/memurunsesi.net\/index.php\/author\/uniper\/"}]}},"_links":{"self":[{"href":"https:\/\/memurunsesi.net\/index.php\/wp-json\/wp\/v2\/posts\/5091","targetHints":{"allow":["GET"]}}],"collection":[{"href":"https:\/\/memurunsesi.net\/index.php\/wp-json\/wp\/v2\/posts"}],"about":[{"href":"https:\/\/memurunsesi.net\/index.php\/wp-json\/wp\/v2\/types\/post"}],"author":[{"embeddable":true,"href":"https:\/\/memurunsesi.net\/index.php\/wp-json\/wp\/v2\/users\/1"}],"replies":[{"embeddable":true,"href":"https:\/\/memurunsesi.net\/index.php\/wp-json\/wp\/v2\/comments?post=5091"}],"version-history":[{"count":1,"href":"https:\/\/memurunsesi.net\/index.php\/wp-json\/wp\/v2\/posts\/5091\/revisions"}],"predecessor-version":[{"id":5093,"href":"https:\/\/memurunsesi.net\/index.php\/wp-json\/wp\/v2\/posts\/5091\/revisions\/5093"}],"wp:featuredmedia":[{"embeddable":true,"href":"https:\/\/memurunsesi.net\/index.php\/wp-json\/wp\/v2\/media\/5092"}],"wp:attachment":[{"href":"https:\/\/memurunsesi.net\/index.php\/wp-json\/wp\/v2\/media?parent=5091"}],"wp:term":[{"taxonomy":"category","embeddable":true,"href":"https:\/\/memurunsesi.net\/index.php\/wp-json\/wp\/v2\/categories?post=5091"},{"taxonomy":"post_tag","embeddable":true,"href":"https:\/\/memurunsesi.net\/index.php\/wp-json\/wp\/v2\/tags?post=5091"}],"curies":[{"name":"wp","href":"https:\/\/api.w.org\/{rel}","templated":true}]}}