{"id":5100,"date":"2025-04-10T07:43:54","date_gmt":"2025-04-10T04:43:54","guid":{"rendered":"https:\/\/memurunsesi.net\/?p=5100"},"modified":"2025-04-10T07:43:54","modified_gmt":"2025-04-10T04:43:54","slug":"tvf-baskani-ustundag-dunyada-artik-turk-voleybolu-konusuluyor","status":"publish","type":"post","link":"https:\/\/memurunsesi.net\/index.php\/2025\/04\/10\/tvf-baskani-ustundag-dunyada-artik-turk-voleybolu-konusuluyor\/","title":{"rendered":"TVF Ba\u015fkan\u0131 \u00dcst\u00fcnda\u011f: &#8220;D\u00fcnyada art\u0131k T\u00fcrk voleybolu konu\u015fuluyor&#8221;"},"content":{"rendered":"<p>T\u00fcrkiye Voleybol Federasyonu (TVF) Ba\u015fkan\u0131 Mehmet Akif \u00dcst\u00fcnda\u011f, &#8220;Ger\u00e7ekten T\u00fcrk voleybolu \u00e7ok \u00f6nemli yerlerde. D\u00fcnyada art\u0131k T\u00fcrk voleybolu konu\u015fuluyor. Ba\u015fka bir \u015fey konu\u015fulmuyor&#8221; dedi.<br \/>\nZiraat Bankkart, 2025 CEV Kupas\u0131 Finali ikinci ma\u00e7\u0131nda sahas\u0131nda Polonya&#8217;n\u0131n Asseco Resovia Rzeszow tak\u0131m\u0131n\u0131 3-1 ma\u011flup ederek tarihinde ilk kez CEV Kupas\u0131&#8217;nda \u015fampiyon oldu. Ziraat Bankkart, Polonya&#8217;da oynanan ilk kar\u015f\u0131la\u015fmadan da 3-2&#8217;lik galibiyetle ayr\u0131lm\u0131\u015ft\u0131. M\u00fcsabakay\u0131 canl\u0131 takip eden TVF Ba\u015fkan\u0131 Mehmet Akif \u00dcst\u00fcnda\u011f, T\u00fcrk voleybolunun art\u0131k t\u00fcm d\u00fcnyada konu\u015fuldu\u011funu belirtti.<br \/>\nGen\u00e7lik ve Spor Bakan\u0131 Osman A\u015fk\u0131n Bak\u2019a T\u00fcrk voleybolunu yaln\u0131z b\u0131rakmayarak ma\u00e7\u0131 izlemeye geldi\u011fi i\u00e7in te\u015fekk\u00fcrlerini ileten TVF Ba\u015fkan\u0131 \u00dcst\u00fcnda\u011f, &#8220;T\u00fcrk voleybolunu hi\u00e7 yaln\u0131z b\u0131rakm\u0131yor zaten. Gerek olimpiyatlarda gerek uluslararas\u0131 t\u00fcm organizasyonlarda ve ligde hi\u00e7 bizi yaln\u0131z b\u0131rakm\u0131yor. Ben kendisine sizlerin huzurunda \u00e7ok te\u015fekk\u00fcr ediyorum. Bug\u00fcn bu seyirciye bu taraftara \u00e7ok te\u015fekk\u00fcr ediyoruz. \u0130nan\u0131n rekor bir seyirci kat\u0131l\u0131m\u0131 vard\u0131. Ziraat Bankas\u0131 Genel M\u00fcd\u00fcr\u00fc ba\u015fta olmak \u00fczere t\u00fcm ekibine deste\u011fe, eme\u011fi ge\u00e7en herkese \u00e7ok te\u015fekk\u00fcr ediyoruz. Ger\u00e7ekten T\u00fcrk voleybolu \u00e7ok \u00f6nemli yerlerde. D\u00fcnyada art\u0131k T\u00fcrk voleybolu konu\u015fuluyor. Ba\u015fka bir \u015fey konu\u015fulmuyor ki zaten ben bakan\u0131m\u0131n da b\u00fcy\u00fck destekleriyle D\u00fcnya Voleybol Konsey Ba\u015fkan\u0131 oldu\u011fumda da 214 \u00fclkenin oy birli\u011fiyle se\u00e7ilmi\u015f bir ba\u015fkan\u0131m. Dolay\u0131s\u0131yla da geldi\u011fimiz noktada bu \u00fclkenin voleybolda neler yapt\u0131\u011f\u0131 ortada. Bu a\u00e7\u0131dan erkek voleybolunun art\u0131k D\u00fcnya \u015eampiyonas\u0131\u2019na, Milletler Ligi&#8217;ne, Avrupa \u015eampiyonas\u0131\u2019na direkt kat\u0131lma hakk\u0131 elde etmi\u015ftir. Anadolu&#8217;da \u00e7ok ciddi bir kar\u015f\u0131l\u0131k g\u00f6rm\u00fc\u015ft\u00fcr. Ben bizleri bug\u00fcn de yaln\u0131z b\u0131rakmayan, destek veren herkese \u00e7ok te\u015fekk\u00fcr ediyorum. Ba\u015fta Cumhurba\u015fkan\u0131\u2019n\u0131n voleybolcular tek tek takip etti\u011fini \u00e7ok iyi biliyorum. Bakan\u0131m\u0131n asl\u0131nda voleybol sevgisi bence b\u00fct\u00fcn bran\u015flardan, di\u011fer bran\u015flar k\u0131skanmas\u0131n ama di\u011fer bran\u015flardan hepsinden daha \u00e7ok fazla biz uzun y\u0131llar beraber kar\u015f\u0131l\u0131kl\u0131 y\u00f6neticilik de yapt\u0131k. Beraber voleybola hizmet ettik. Kendisine bir kez daha burada te\u015fekk\u00fcr ediyorum. Sizlere de te\u015fekk\u00fcr ediyorum. G\u00fczel destekleriniz ve yay\u0131n\u0131n\u0131z i\u00e7in&#8221; diye konu\u015ftu.<\/p>\n<p>9.04.2025<\/p>\n","protected":false},"excerpt":{"rendered":"<p>T\u00fcrkiye Voleybol Federasyonu (TVF) Ba\u015fkan\u0131 Mehmet Akif \u00dcst\u00fcnda\u011f, &#8220;Ger\u00e7ekten T\u00fcrk voleybolu \u00e7ok \u00f6nemli yerlerde. D\u00fcnyada art\u0131k T\u00fcrk voleybolu konu\u015fuluyor. Ba\u015fka bir \u015fey konu\u015fulmuyor&#8221; dedi. Ziraat Bankkart, 2025 CEV Kupas\u0131 Finali ikinci ma\u00e7\u0131nda sahas\u0131nda Polonya&#8217;n\u0131n Asseco Resovia Rzeszow tak\u0131m\u0131n\u0131 3-1 ma\u011flup ederek tarihinde ilk kez CEV Kupas\u0131&#8217;nda \u015fampiyon oldu. Ziraat Bankkart, Polonya&#8217;da oynanan ilk kar\u015f\u0131la\u015fmadan da [&hellip;]<\/p>\n","protected":false},"author":1,"featured_media":0,"comment_status":"open","ping_status":"open","sticky":false,"template":"","format":"standard","meta":{"footnotes":""},"categories":[57],"tags":[],"class_list":["post-5100","post","type-post","status-publish","format-standard","hentry","category-spor"],"yoast_head":"<!-- This site is optimized with the Yoast SEO plugin v27.4 - https:\/\/yoast.com\/product\/yoast-seo-wordpress\/ -->\n<title>TVF Ba\u015fkan\u0131 \u00dcst\u00fcnda\u011f: &quot;D\u00fcnyada art\u0131k T\u00fcrk voleybolu konu\u015fuluyor&quot; - Memurun Sesi<\/title>\n<meta name=\"robots\" content=\"index, follow, max-snippet:-1, max-image-preview:large, max-video-preview:-1\" \/>\n<link rel=\"canonical\" href=\"https:\/\/memurunsesi.net\/index.php\/2025\/04\/10\/tvf-baskani-ustundag-dunyada-artik-turk-voleybolu-konusuluyor\/\" \/>\n<meta property=\"og:locale\" content=\"tr_TR\" \/>\n<meta property=\"og:type\" content=\"article\" \/>\n<meta property=\"og:title\" content=\"TVF Ba\u015fkan\u0131 \u00dcst\u00fcnda\u011f: &quot;D\u00fcnyada art\u0131k T\u00fcrk voleybolu konu\u015fuluyor&quot; - Memurun Sesi\" \/>\n<meta property=\"og:description\" content=\"T\u00fcrkiye Voleybol Federasyonu (TVF) Ba\u015fkan\u0131 Mehmet Akif \u00dcst\u00fcnda\u011f, &#8220;Ger\u00e7ekten T\u00fcrk voleybolu \u00e7ok \u00f6nemli yerlerde. D\u00fcnyada art\u0131k T\u00fcrk voleybolu konu\u015fuluyor. Ba\u015fka bir \u015fey konu\u015fulmuyor&#8221; dedi. Ziraat Bankkart, 2025 CEV Kupas\u0131 Finali ikinci ma\u00e7\u0131nda sahas\u0131nda Polonya&#8217;n\u0131n Asseco Resovia Rzeszow tak\u0131m\u0131n\u0131 3-1 ma\u011flup ederek tarihinde ilk kez CEV Kupas\u0131&#8217;nda \u015fampiyon oldu. Ziraat Bankkart, Polonya&#8217;da oynanan ilk kar\u015f\u0131la\u015fmadan da [&hellip;]\" \/>\n<meta property=\"og:url\" content=\"https:\/\/memurunsesi.net\/index.php\/2025\/04\/10\/tvf-baskani-ustundag-dunyada-artik-turk-voleybolu-konusuluyor\/\" \/>\n<meta property=\"og:site_name\" content=\"Memurun Sesi\" \/>\n<meta property=\"article:publisher\" content=\"https:\/\/www.facebook.com\/unipersen\/?locale=tr_TR\" \/>\n<meta property=\"article:published_time\" content=\"2025-04-10T04:43:54+00:00\" \/>\n<meta name=\"author\" content=\"Memurun Sesi Haber Merkezi\" \/>\n<meta name=\"twitter:card\" content=\"summary_large_image\" \/>\n<meta name=\"twitter:creator\" content=\"@unipersen\" \/>\n<meta name=\"twitter:site\" content=\"@unipersen\" \/>\n<meta name=\"twitter:label1\" content=\"Yazan:\" \/>\n\t<meta name=\"twitter:data1\" content=\"Memurun Sesi Haber Merkezi\" \/>\n\t<meta name=\"twitter:label2\" content=\"Tahmini okuma s\u00fcresi\" \/>\n\t<meta name=\"twitter:data2\" content=\"2 dakika\" \/>\n<script type=\"application\/ld+json\" class=\"yoast-schema-graph\">{\"@context\":\"https:\\\/\\\/schema.org\",\"@graph\":[{\"@type\":\"Article\",\"@id\":\"https:\\\/\\\/memurunsesi.net\\\/index.php\\\/2025\\\/04\\\/10\\\/tvf-baskani-ustundag-dunyada-artik-turk-voleybolu-konusuluyor\\\/#article\",\"isPartOf\":{\"@id\":\"https:\\\/\\\/memurunsesi.net\\\/index.php\\\/2025\\\/04\\\/10\\\/tvf-baskani-ustundag-dunyada-artik-turk-voleybolu-konusuluyor\\\/\"},\"author\":{\"name\":\"Memurun Sesi Haber Merkezi\",\"@id\":\"https:\\\/\\\/memurunsesi.net\\\/#\\\/schema\\\/person\\\/f21c2d73b89f6ee1d80b0a1803e38587\"},\"headline\":\"TVF Ba\u015fkan\u0131 \u00dcst\u00fcnda\u011f: &#8220;D\u00fcnyada art\u0131k T\u00fcrk voleybolu konu\u015fuluyor&#8221;\",\"datePublished\":\"2025-04-10T04:43:54+00:00\",\"mainEntityOfPage\":{\"@id\":\"https:\\\/\\\/memurunsesi.net\\\/index.php\\\/2025\\\/04\\\/10\\\/tvf-baskani-ustundag-dunyada-artik-turk-voleybolu-konusuluyor\\\/\"},\"wordCount\":442,\"commentCount\":0,\"publisher\":{\"@id\":\"https:\\\/\\\/memurunsesi.net\\\/#organization\"},\"articleSection\":[\"Spor\"],\"inLanguage\":\"tr\",\"potentialAction\":[{\"@type\":\"CommentAction\",\"name\":\"Comment\",\"target\":[\"https:\\\/\\\/memurunsesi.net\\\/index.php\\\/2025\\\/04\\\/10\\\/tvf-baskani-ustundag-dunyada-artik-turk-voleybolu-konusuluyor\\\/#respond\"]}]},{\"@type\":\"WebPage\",\"@id\":\"https:\\\/\\\/memurunsesi.net\\\/index.php\\\/2025\\\/04\\\/10\\\/tvf-baskani-ustundag-dunyada-artik-turk-voleybolu-konusuluyor\\\/\",\"url\":\"https:\\\/\\\/memurunsesi.net\\\/index.php\\\/2025\\\/04\\\/10\\\/tvf-baskani-ustundag-dunyada-artik-turk-voleybolu-konusuluyor\\\/\",\"name\":\"TVF Ba\u015fkan\u0131 \u00dcst\u00fcnda\u011f: \\\"D\u00fcnyada art\u0131k T\u00fcrk voleybolu konu\u015fuluyor\\\" - Memurun Sesi\",\"isPartOf\":{\"@id\":\"https:\\\/\\\/memurunsesi.net\\\/#website\"},\"datePublished\":\"2025-04-10T04:43:54+00:00\",\"breadcrumb\":{\"@id\":\"https:\\\/\\\/memurunsesi.net\\\/index.php\\\/2025\\\/04\\\/10\\\/tvf-baskani-ustundag-dunyada-artik-turk-voleybolu-konusuluyor\\\/#breadcrumb\"},\"inLanguage\":\"tr\",\"potentialAction\":[{\"@type\":\"ReadAction\",\"target\":[\"https:\\\/\\\/memurunsesi.net\\\/index.php\\\/2025\\\/04\\\/10\\\/tvf-baskani-ustundag-dunyada-artik-turk-voleybolu-konusuluyor\\\/\"]}]},{\"@type\":\"BreadcrumbList\",\"@id\":\"https:\\\/\\\/memurunsesi.net\\\/index.php\\\/2025\\\/04\\\/10\\\/tvf-baskani-ustundag-dunyada-artik-turk-voleybolu-konusuluyor\\\/#breadcrumb\",\"itemListElement\":[{\"@type\":\"ListItem\",\"position\":1,\"name\":\"Anasayfa\",\"item\":\"https:\\\/\\\/memurunsesi.net\\\/\"},{\"@type\":\"ListItem\",\"position\":2,\"name\":\"TVF Ba\u015fkan\u0131 \u00dcst\u00fcnda\u011f: &#8220;D\u00fcnyada art\u0131k T\u00fcrk voleybolu konu\u015fuluyor&#8221;\"}]},{\"@type\":\"WebSite\",\"@id\":\"https:\\\/\\\/memurunsesi.net\\\/#website\",\"url\":\"https:\\\/\\\/memurunsesi.net\\\/\",\"name\":\"Memurun Sesi\",\"description\":\"G\u00fcncel ve Do\u011fru Haber\",\"publisher\":{\"@id\":\"https:\\\/\\\/memurunsesi.net\\\/#organization\"},\"potentialAction\":[{\"@type\":\"SearchAction\",\"target\":{\"@type\":\"EntryPoint\",\"urlTemplate\":\"https:\\\/\\\/memurunsesi.net\\\/?s={search_term_string}\"},\"query-input\":{\"@type\":\"PropertyValueSpecification\",\"valueRequired\":true,\"valueName\":\"search_term_string\"}}],\"inLanguage\":\"tr\"},{\"@type\":\"Organization\",\"@id\":\"https:\\\/\\\/memurunsesi.net\\\/#organization\",\"name\":\"Memurun Sesi\",\"url\":\"https:\\\/\\\/memurunsesi.net\\\/\",\"logo\":{\"@type\":\"ImageObject\",\"inLanguage\":\"tr\",\"@id\":\"https:\\\/\\\/memurunsesi.net\\\/#\\\/schema\\\/logo\\\/image\\\/\",\"url\":\"https:\\\/\\\/memurunsesi.net\\\/wp-content\\\/uploads\\\/2025\\\/11\\\/cropped-MEMURUN-SESI.png\",\"contentUrl\":\"https:\\\/\\\/memurunsesi.net\\\/wp-content\\\/uploads\\\/2025\\\/11\\\/cropped-MEMURUN-SESI.png\",\"width\":238,\"height\":57,\"caption\":\"Memurun Sesi\"},\"image\":{\"@id\":\"https:\\\/\\\/memurunsesi.net\\\/#\\\/schema\\\/logo\\\/image\\\/\"},\"sameAs\":[\"https:\\\/\\\/www.facebook.com\\\/unipersen\\\/?locale=tr_TR\",\"https:\\\/\\\/x.com\\\/unipersen\"]},{\"@type\":\"Person\",\"@id\":\"https:\\\/\\\/memurunsesi.net\\\/#\\\/schema\\\/person\\\/f21c2d73b89f6ee1d80b0a1803e38587\",\"name\":\"Memurun Sesi Haber Merkezi\",\"image\":{\"@type\":\"ImageObject\",\"inLanguage\":\"tr\",\"@id\":\"https:\\\/\\\/secure.gravatar.com\\\/avatar\\\/6cf0505f452ee753f485014986fab09a434671d2b919ee76fc541025c5876a70?s=96&d=mm&r=g\",\"url\":\"https:\\\/\\\/secure.gravatar.com\\\/avatar\\\/6cf0505f452ee753f485014986fab09a434671d2b919ee76fc541025c5876a70?s=96&d=mm&r=g\",\"contentUrl\":\"https:\\\/\\\/secure.gravatar.com\\\/avatar\\\/6cf0505f452ee753f485014986fab09a434671d2b919ee76fc541025c5876a70?s=96&d=mm&r=g\",\"caption\":\"Memurun Sesi Haber Merkezi\"},\"sameAs\":[\"https:\\\/\\\/memurunsesi.net\"],\"url\":\"https:\\\/\\\/memurunsesi.net\\\/index.php\\\/author\\\/uniper\\\/\"}]}<\/script>\n<!-- \/ Yoast SEO plugin. -->","yoast_head_json":{"title":"TVF Ba\u015fkan\u0131 \u00dcst\u00fcnda\u011f: \"D\u00fcnyada art\u0131k T\u00fcrk voleybolu konu\u015fuluyor\" - Memurun Sesi","robots":{"index":"index","follow":"follow","max-snippet":"max-snippet:-1","max-image-preview":"max-image-preview:large","max-video-preview":"max-video-preview:-1"},"canonical":"https:\/\/memurunsesi.net\/index.php\/2025\/04\/10\/tvf-baskani-ustundag-dunyada-artik-turk-voleybolu-konusuluyor\/","og_locale":"tr_TR","og_type":"article","og_title":"TVF Ba\u015fkan\u0131 \u00dcst\u00fcnda\u011f: \"D\u00fcnyada art\u0131k T\u00fcrk voleybolu konu\u015fuluyor\" - Memurun Sesi","og_description":"T\u00fcrkiye Voleybol Federasyonu (TVF) Ba\u015fkan\u0131 Mehmet Akif \u00dcst\u00fcnda\u011f, &#8220;Ger\u00e7ekten T\u00fcrk voleybolu \u00e7ok \u00f6nemli yerlerde. D\u00fcnyada art\u0131k T\u00fcrk voleybolu konu\u015fuluyor. Ba\u015fka bir \u015fey konu\u015fulmuyor&#8221; dedi. Ziraat Bankkart, 2025 CEV Kupas\u0131 Finali ikinci ma\u00e7\u0131nda sahas\u0131nda Polonya&#8217;n\u0131n Asseco Resovia Rzeszow tak\u0131m\u0131n\u0131 3-1 ma\u011flup ederek tarihinde ilk kez CEV Kupas\u0131&#8217;nda \u015fampiyon oldu. Ziraat Bankkart, Polonya&#8217;da oynanan ilk kar\u015f\u0131la\u015fmadan da [&hellip;]","og_url":"https:\/\/memurunsesi.net\/index.php\/2025\/04\/10\/tvf-baskani-ustundag-dunyada-artik-turk-voleybolu-konusuluyor\/","og_site_name":"Memurun Sesi","article_publisher":"https:\/\/www.facebook.com\/unipersen\/?locale=tr_TR","article_published_time":"2025-04-10T04:43:54+00:00","author":"Memurun Sesi Haber Merkezi","twitter_card":"summary_large_image","twitter_creator":"@unipersen","twitter_site":"@unipersen","twitter_misc":{"Yazan:":"Memurun Sesi Haber Merkezi","Tahmini okuma s\u00fcresi":"2 dakika"},"schema":{"@context":"https:\/\/schema.org","@graph":[{"@type":"Article","@id":"https:\/\/memurunsesi.net\/index.php\/2025\/04\/10\/tvf-baskani-ustundag-dunyada-artik-turk-voleybolu-konusuluyor\/#article","isPartOf":{"@id":"https:\/\/memurunsesi.net\/index.php\/2025\/04\/10\/tvf-baskani-ustundag-dunyada-artik-turk-voleybolu-konusuluyor\/"},"author":{"name":"Memurun Sesi Haber Merkezi","@id":"https:\/\/memurunsesi.net\/#\/schema\/person\/f21c2d73b89f6ee1d80b0a1803e38587"},"headline":"TVF Ba\u015fkan\u0131 \u00dcst\u00fcnda\u011f: &#8220;D\u00fcnyada art\u0131k T\u00fcrk voleybolu konu\u015fuluyor&#8221;","datePublished":"2025-04-10T04:43:54+00:00","mainEntityOfPage":{"@id":"https:\/\/memurunsesi.net\/index.php\/2025\/04\/10\/tvf-baskani-ustundag-dunyada-artik-turk-voleybolu-konusuluyor\/"},"wordCount":442,"commentCount":0,"publisher":{"@id":"https:\/\/memurunsesi.net\/#organization"},"articleSection":["Spor"],"inLanguage":"tr","potentialAction":[{"@type":"CommentAction","name":"Comment","target":["https:\/\/memurunsesi.net\/index.php\/2025\/04\/10\/tvf-baskani-ustundag-dunyada-artik-turk-voleybolu-konusuluyor\/#respond"]}]},{"@type":"WebPage","@id":"https:\/\/memurunsesi.net\/index.php\/2025\/04\/10\/tvf-baskani-ustundag-dunyada-artik-turk-voleybolu-konusuluyor\/","url":"https:\/\/memurunsesi.net\/index.php\/2025\/04\/10\/tvf-baskani-ustundag-dunyada-artik-turk-voleybolu-konusuluyor\/","name":"TVF Ba\u015fkan\u0131 \u00dcst\u00fcnda\u011f: \"D\u00fcnyada art\u0131k T\u00fcrk voleybolu konu\u015fuluyor\" - Memurun Sesi","isPartOf":{"@id":"https:\/\/memurunsesi.net\/#website"},"datePublished":"2025-04-10T04:43:54+00:00","breadcrumb":{"@id":"https:\/\/memurunsesi.net\/index.php\/2025\/04\/10\/tvf-baskani-ustundag-dunyada-artik-turk-voleybolu-konusuluyor\/#breadcrumb"},"inLanguage":"tr","potentialAction":[{"@type":"ReadAction","target":["https:\/\/memurunsesi.net\/index.php\/2025\/04\/10\/tvf-baskani-ustundag-dunyada-artik-turk-voleybolu-konusuluyor\/"]}]},{"@type":"BreadcrumbList","@id":"https:\/\/memurunsesi.net\/index.php\/2025\/04\/10\/tvf-baskani-ustundag-dunyada-artik-turk-voleybolu-konusuluyor\/#breadcrumb","itemListElement":[{"@type":"ListItem","position":1,"name":"Anasayfa","item":"https:\/\/memurunsesi.net\/"},{"@type":"ListItem","position":2,"name":"TVF Ba\u015fkan\u0131 \u00dcst\u00fcnda\u011f: &#8220;D\u00fcnyada art\u0131k T\u00fcrk voleybolu konu\u015fuluyor&#8221;"}]},{"@type":"WebSite","@id":"https:\/\/memurunsesi.net\/#website","url":"https:\/\/memurunsesi.net\/","name":"Memurun Sesi","description":"G\u00fcncel ve Do\u011fru Haber","publisher":{"@id":"https:\/\/memurunsesi.net\/#organization"},"potentialAction":[{"@type":"SearchAction","target":{"@type":"EntryPoint","urlTemplate":"https:\/\/memurunsesi.net\/?s={search_term_string}"},"query-input":{"@type":"PropertyValueSpecification","valueRequired":true,"valueName":"search_term_string"}}],"inLanguage":"tr"},{"@type":"Organization","@id":"https:\/\/memurunsesi.net\/#organization","name":"Memurun Sesi","url":"https:\/\/memurunsesi.net\/","logo":{"@type":"ImageObject","inLanguage":"tr","@id":"https:\/\/memurunsesi.net\/#\/schema\/logo\/image\/","url":"https:\/\/memurunsesi.net\/wp-content\/uploads\/2025\/11\/cropped-MEMURUN-SESI.png","contentUrl":"https:\/\/memurunsesi.net\/wp-content\/uploads\/2025\/11\/cropped-MEMURUN-SESI.png","width":238,"height":57,"caption":"Memurun Sesi"},"image":{"@id":"https:\/\/memurunsesi.net\/#\/schema\/logo\/image\/"},"sameAs":["https:\/\/www.facebook.com\/unipersen\/?locale=tr_TR","https:\/\/x.com\/unipersen"]},{"@type":"Person","@id":"https:\/\/memurunsesi.net\/#\/schema\/person\/f21c2d73b89f6ee1d80b0a1803e38587","name":"Memurun Sesi Haber Merkezi","image":{"@type":"ImageObject","inLanguage":"tr","@id":"https:\/\/secure.gravatar.com\/avatar\/6cf0505f452ee753f485014986fab09a434671d2b919ee76fc541025c5876a70?s=96&d=mm&r=g","url":"https:\/\/secure.gravatar.com\/avatar\/6cf0505f452ee753f485014986fab09a434671d2b919ee76fc541025c5876a70?s=96&d=mm&r=g","contentUrl":"https:\/\/secure.gravatar.com\/avatar\/6cf0505f452ee753f485014986fab09a434671d2b919ee76fc541025c5876a70?s=96&d=mm&r=g","caption":"Memurun Sesi Haber Merkezi"},"sameAs":["https:\/\/memurunsesi.net"],"url":"https:\/\/memurunsesi.net\/index.php\/author\/uniper\/"}]}},"_links":{"self":[{"href":"https:\/\/memurunsesi.net\/index.php\/wp-json\/wp\/v2\/posts\/5100","targetHints":{"allow":["GET"]}}],"collection":[{"href":"https:\/\/memurunsesi.net\/index.php\/wp-json\/wp\/v2\/posts"}],"about":[{"href":"https:\/\/memurunsesi.net\/index.php\/wp-json\/wp\/v2\/types\/post"}],"author":[{"embeddable":true,"href":"https:\/\/memurunsesi.net\/index.php\/wp-json\/wp\/v2\/users\/1"}],"replies":[{"embeddable":true,"href":"https:\/\/memurunsesi.net\/index.php\/wp-json\/wp\/v2\/comments?post=5100"}],"version-history":[{"count":1,"href":"https:\/\/memurunsesi.net\/index.php\/wp-json\/wp\/v2\/posts\/5100\/revisions"}],"predecessor-version":[{"id":5101,"href":"https:\/\/memurunsesi.net\/index.php\/wp-json\/wp\/v2\/posts\/5100\/revisions\/5101"}],"wp:attachment":[{"href":"https:\/\/memurunsesi.net\/index.php\/wp-json\/wp\/v2\/media?parent=5100"}],"wp:term":[{"taxonomy":"category","embeddable":true,"href":"https:\/\/memurunsesi.net\/index.php\/wp-json\/wp\/v2\/categories?post=5100"},{"taxonomy":"post_tag","embeddable":true,"href":"https:\/\/memurunsesi.net\/index.php\/wp-json\/wp\/v2\/tags?post=5100"}],"curies":[{"name":"wp","href":"https:\/\/api.w.org\/{rel}","templated":true}]}}