{"id":5105,"date":"2025-04-10T07:47:04","date_gmt":"2025-04-10T04:47:04","guid":{"rendered":"https:\/\/memurunsesi.net\/?p=5105"},"modified":"2025-04-10T07:47:04","modified_gmt":"2025-04-10T04:47:04","slug":"kapadokya-9-gunde-200-bin-ziyaretci-agirladi","status":"publish","type":"post","link":"https:\/\/memurunsesi.net\/index.php\/2025\/04\/10\/kapadokya-9-gunde-200-bin-ziyaretci-agirladi\/","title":{"rendered":"Kapadokya 9 g\u00fcnde 200 bin ziyaret\u00e7i a\u011f\u0131rlad\u0131"},"content":{"rendered":"<p>T\u00fcrkiye&#8217;nin \u00f6nemli turizm destinasyonlar\u0131 aras\u0131nda yer alan Kapadokya b\u00f6lgesinde bulunan m\u00fcze ve \u00f6ren yerlerini 9 g\u00fcnl\u00fck Ramazan Bayram\u0131 tatilinde yakla\u015f\u0131k 200 bin ki\u015fi ziyaret etti. B\u00f6lgeyi ge\u00e7ti\u011fimiz ay da ise toplam 262 bin yerli ve yabanc\u0131 turist ziyaret etti.<br \/>\nUNESCO D\u00fcnya do\u011fal ve k\u00fclt\u00fcrel miras listesinde yer alan Kapadokya b\u00f6lgesi 9 g\u00fcnl\u00fck bayram tatilinde ziyaret\u00e7i yo\u011funlu\u011fu ya\u015fad\u0131. Konaklama tesislerinde doluluk oran\u0131 y\u00fczde y\u00fcze yakla\u015f\u0131rken b\u00f6lgede bulunan m\u00fcze ve \u00f6ren yerlerini yakla\u015f\u0131k 200 bin ki\u015fi ziyaret etti.<br \/>\nNev\u015fehir Valili\u011finden yap\u0131lan yaz\u0131l\u0131 a\u00e7\u0131klamaya g\u00f6re 9 g\u00fcnl\u00fck bayram tatilinde, Nev\u015fehir&#8217;deki m\u00fcze ve \u00f6ren yerleri b\u00fcy\u00fck bir ziyaret\u00e7i ak\u0131n\u0131na u\u011frad\u0131. Toplam 200 bin ziyaret\u00e7i, b\u00f6lgenin tarihi ve k\u00fclt\u00fcrel miras\u0131na olan yo\u011fun ilgiyi bir kez daha ortaya koydu. Kapadokya B\u00f6lgesi&#8217;nde yer alan otellerin y\u00fczde 80&#8217;in \u00fczerinde doluluk oran\u0131na ula\u015fmas\u0131, turizmdeki canl\u0131l\u0131\u011f\u0131n en somut g\u00f6stergelerinden biri oldu.<br \/>\nB\u00f6lgemizde en \u00e7ok ziyaret edilen yerler; G\u00f6reme A\u00e7\u0131k Hava M\u00fczesi, Pa\u015faba\u011flar\u0131 \u00d6renyeri, Kaymakl\u0131 Yeralt\u0131 \u015eehri, Derinkuyu Yeralt\u0131 \u015eehri ve Zelve \u00d6renyeri oldu. Nev\u015fehir&#8217;in e\u015fsiz tarihi ve do\u011fal g\u00fczellikleri, hem yerli hem de yabanc\u0131 turistlerin ilgisini art\u0131rmaya devam ederken; b\u00f6lge turizminin her ge\u00e7en g\u00fcn daha da geli\u015fti\u011fini g\u00f6rmek b\u00fcy\u00fck bir memnuniyet kayna\u011f\u0131d\u0131r ifadelerine yer verildi.<\/p>\n<p>\u2018Can suyu oldu&#8217;<br \/>\n9 g\u00fcnl\u00fck bayram tatilinin b\u00f6lge turizmcilerine can suyu oldu\u011funu s\u00f6yleyen Kapadokya Turistik Otelciler ve \u0130\u015fletmeciler Derne\u011fi KAPT\u0130D Ba\u015fkan\u0131 Teyfik \u00d6lmez &#8220;Son be\u015f y\u0131l\u0131n en iyi mart ay\u0131n\u0131 ge\u00e7irdik. Bayram tatilinin son anda 9 g\u00fcne \u00e7\u0131kmas\u0131 b\u00f6lgemizde doluluk oranlar\u0131n\u0131 da art\u0131rd\u0131. Sakin ba\u015flayan mart ay\u0131nda, 9 g\u00fcnl\u00fck bayram tatili turizmciler i\u00e7in can suyu oldu. B\u00f6lgemizde bulunan konaklama tesislerinde doluluk oran\u0131 y\u00fczde 95&#8217;leri buldu. Bayram tatili s\u00fcresince b\u00f6lgemizde bulunan m\u00fcze ve \u00f6ren yerlerini yakla\u015f\u0131k 200 bin ki\u015fi ziyaret etti. \u00d6zellikle Kayseri, Konya, K\u0131r\u015fehir, Ni\u011fde ve Aksaray illerinden misafirlerimizde b\u00f6lgemizde ciddi bir yo\u011funluk olmas\u0131na neden oldu. Mart ay\u0131 geneline bakt\u0131\u011f\u0131m\u0131zda 262 bin yerli ve yabanc\u0131 turist b\u00f6lgemizde bulunan m\u00fcze ve \u00f6ren yerini ziyaret etti. Bu say\u0131n\u0131n 200 bini ise sadece 9 g\u00fcnl\u00fck bayram tatilinde ger\u00e7ekle\u015fti&#8221; ifadelerini kulland\u0131.<\/p>\n<p>9.04.2025<\/p>\n","protected":false},"excerpt":{"rendered":"<p>T\u00fcrkiye&#8217;nin \u00f6nemli turizm destinasyonlar\u0131 aras\u0131nda yer alan Kapadokya b\u00f6lgesinde bulunan m\u00fcze ve \u00f6ren yerlerini 9 g\u00fcnl\u00fck Ramazan Bayram\u0131 tatilinde yakla\u015f\u0131k 200 bin ki\u015fi ziyaret etti. B\u00f6lgeyi ge\u00e7ti\u011fimiz ay da ise toplam 262 bin yerli ve yabanc\u0131 turist ziyaret etti. UNESCO D\u00fcnya do\u011fal ve k\u00fclt\u00fcrel miras listesinde yer alan Kapadokya b\u00f6lgesi 9 g\u00fcnl\u00fck bayram tatilinde ziyaret\u00e7i [&hellip;]<\/p>\n","protected":false},"author":1,"featured_media":5106,"comment_status":"open","ping_status":"open","sticky":false,"template":"","format":"standard","meta":{"footnotes":""},"categories":[1],"tags":[],"class_list":["post-5105","post","type-post","status-publish","format-standard","has-post-thumbnail","hentry","category-genel"],"yoast_head":"<!-- This site is optimized with the Yoast SEO plugin v27.4 - https:\/\/yoast.com\/product\/yoast-seo-wordpress\/ -->\n<title>Kapadokya 9 g\u00fcnde 200 bin ziyaret\u00e7i a\u011f\u0131rlad\u0131 - Memurun Sesi<\/title>\n<meta name=\"robots\" content=\"index, follow, max-snippet:-1, max-image-preview:large, max-video-preview:-1\" \/>\n<link rel=\"canonical\" href=\"https:\/\/memurunsesi.net\/index.php\/2025\/04\/10\/kapadokya-9-gunde-200-bin-ziyaretci-agirladi\/\" \/>\n<meta property=\"og:locale\" content=\"tr_TR\" \/>\n<meta property=\"og:type\" content=\"article\" \/>\n<meta property=\"og:title\" content=\"Kapadokya 9 g\u00fcnde 200 bin ziyaret\u00e7i a\u011f\u0131rlad\u0131 - Memurun Sesi\" \/>\n<meta property=\"og:description\" content=\"T\u00fcrkiye&#8217;nin \u00f6nemli turizm destinasyonlar\u0131 aras\u0131nda yer alan Kapadokya b\u00f6lgesinde bulunan m\u00fcze ve \u00f6ren yerlerini 9 g\u00fcnl\u00fck Ramazan Bayram\u0131 tatilinde yakla\u015f\u0131k 200 bin ki\u015fi ziyaret etti. B\u00f6lgeyi ge\u00e7ti\u011fimiz ay da ise toplam 262 bin yerli ve yabanc\u0131 turist ziyaret etti. UNESCO D\u00fcnya do\u011fal ve k\u00fclt\u00fcrel miras listesinde yer alan Kapadokya b\u00f6lgesi 9 g\u00fcnl\u00fck bayram tatilinde ziyaret\u00e7i [&hellip;]\" \/>\n<meta property=\"og:url\" content=\"https:\/\/memurunsesi.net\/index.php\/2025\/04\/10\/kapadokya-9-gunde-200-bin-ziyaretci-agirladi\/\" \/>\n<meta property=\"og:site_name\" content=\"Memurun Sesi\" \/>\n<meta property=\"article:publisher\" content=\"https:\/\/www.facebook.com\/unipersen\/?locale=tr_TR\" \/>\n<meta property=\"article:published_time\" content=\"2025-04-10T04:47:04+00:00\" \/>\n<meta property=\"og:image\" content=\"https:\/\/memurunsesi.net\/wp-content\/uploads\/2025\/04\/AW428561_02-scaled.jpg\" \/>\n\t<meta property=\"og:image:width\" content=\"2560\" \/>\n\t<meta property=\"og:image:height\" content=\"1707\" \/>\n\t<meta property=\"og:image:type\" content=\"image\/jpeg\" \/>\n<meta name=\"author\" content=\"Memurun Sesi Haber Merkezi\" \/>\n<meta name=\"twitter:card\" content=\"summary_large_image\" \/>\n<meta name=\"twitter:creator\" content=\"@unipersen\" \/>\n<meta name=\"twitter:site\" content=\"@unipersen\" \/>\n<meta name=\"twitter:label1\" content=\"Yazan:\" \/>\n\t<meta name=\"twitter:data1\" content=\"Memurun Sesi Haber Merkezi\" \/>\n\t<meta name=\"twitter:label2\" content=\"Tahmini okuma s\u00fcresi\" \/>\n\t<meta name=\"twitter:data2\" content=\"2 dakika\" \/>\n<script type=\"application\/ld+json\" class=\"yoast-schema-graph\">{\"@context\":\"https:\\\/\\\/schema.org\",\"@graph\":[{\"@type\":\"Article\",\"@id\":\"https:\\\/\\\/memurunsesi.net\\\/index.php\\\/2025\\\/04\\\/10\\\/kapadokya-9-gunde-200-bin-ziyaretci-agirladi\\\/#article\",\"isPartOf\":{\"@id\":\"https:\\\/\\\/memurunsesi.net\\\/index.php\\\/2025\\\/04\\\/10\\\/kapadokya-9-gunde-200-bin-ziyaretci-agirladi\\\/\"},\"author\":{\"name\":\"Memurun Sesi Haber Merkezi\",\"@id\":\"https:\\\/\\\/memurunsesi.net\\\/#\\\/schema\\\/person\\\/f21c2d73b89f6ee1d80b0a1803e38587\"},\"headline\":\"Kapadokya 9 g\u00fcnde 200 bin ziyaret\u00e7i a\u011f\u0131rlad\u0131\",\"datePublished\":\"2025-04-10T04:47:04+00:00\",\"mainEntityOfPage\":{\"@id\":\"https:\\\/\\\/memurunsesi.net\\\/index.php\\\/2025\\\/04\\\/10\\\/kapadokya-9-gunde-200-bin-ziyaretci-agirladi\\\/\"},\"wordCount\":433,\"commentCount\":0,\"publisher\":{\"@id\":\"https:\\\/\\\/memurunsesi.net\\\/#organization\"},\"image\":{\"@id\":\"https:\\\/\\\/memurunsesi.net\\\/index.php\\\/2025\\\/04\\\/10\\\/kapadokya-9-gunde-200-bin-ziyaretci-agirladi\\\/#primaryimage\"},\"thumbnailUrl\":\"https:\\\/\\\/memurunsesi.net\\\/wp-content\\\/uploads\\\/2025\\\/04\\\/AW428561_02-scaled.jpg\",\"inLanguage\":\"tr\",\"potentialAction\":[{\"@type\":\"CommentAction\",\"name\":\"Comment\",\"target\":[\"https:\\\/\\\/memurunsesi.net\\\/index.php\\\/2025\\\/04\\\/10\\\/kapadokya-9-gunde-200-bin-ziyaretci-agirladi\\\/#respond\"]}]},{\"@type\":\"WebPage\",\"@id\":\"https:\\\/\\\/memurunsesi.net\\\/index.php\\\/2025\\\/04\\\/10\\\/kapadokya-9-gunde-200-bin-ziyaretci-agirladi\\\/\",\"url\":\"https:\\\/\\\/memurunsesi.net\\\/index.php\\\/2025\\\/04\\\/10\\\/kapadokya-9-gunde-200-bin-ziyaretci-agirladi\\\/\",\"name\":\"Kapadokya 9 g\u00fcnde 200 bin ziyaret\u00e7i a\u011f\u0131rlad\u0131 - Memurun Sesi\",\"isPartOf\":{\"@id\":\"https:\\\/\\\/memurunsesi.net\\\/#website\"},\"primaryImageOfPage\":{\"@id\":\"https:\\\/\\\/memurunsesi.net\\\/index.php\\\/2025\\\/04\\\/10\\\/kapadokya-9-gunde-200-bin-ziyaretci-agirladi\\\/#primaryimage\"},\"image\":{\"@id\":\"https:\\\/\\\/memurunsesi.net\\\/index.php\\\/2025\\\/04\\\/10\\\/kapadokya-9-gunde-200-bin-ziyaretci-agirladi\\\/#primaryimage\"},\"thumbnailUrl\":\"https:\\\/\\\/memurunsesi.net\\\/wp-content\\\/uploads\\\/2025\\\/04\\\/AW428561_02-scaled.jpg\",\"datePublished\":\"2025-04-10T04:47:04+00:00\",\"breadcrumb\":{\"@id\":\"https:\\\/\\\/memurunsesi.net\\\/index.php\\\/2025\\\/04\\\/10\\\/kapadokya-9-gunde-200-bin-ziyaretci-agirladi\\\/#breadcrumb\"},\"inLanguage\":\"tr\",\"potentialAction\":[{\"@type\":\"ReadAction\",\"target\":[\"https:\\\/\\\/memurunsesi.net\\\/index.php\\\/2025\\\/04\\\/10\\\/kapadokya-9-gunde-200-bin-ziyaretci-agirladi\\\/\"]}]},{\"@type\":\"ImageObject\",\"inLanguage\":\"tr\",\"@id\":\"https:\\\/\\\/memurunsesi.net\\\/index.php\\\/2025\\\/04\\\/10\\\/kapadokya-9-gunde-200-bin-ziyaretci-agirladi\\\/#primaryimage\",\"url\":\"https:\\\/\\\/memurunsesi.net\\\/wp-content\\\/uploads\\\/2025\\\/04\\\/AW428561_02-scaled.jpg\",\"contentUrl\":\"https:\\\/\\\/memurunsesi.net\\\/wp-content\\\/uploads\\\/2025\\\/04\\\/AW428561_02-scaled.jpg\",\"width\":2560,\"height\":1707,\"caption\":\"T\u00dcRK\u0130YE'N\u0130N \u00d6NEML\u0130 TUR\u0130ZM DEST\u0130NASYONLARI ARASINDA YER ALAN KAPADOKYA B\u00d6LGES\u0130NDE BULUNAN M\u00dcZE VE \u00d6REN YERLER\u0130N\u0130 9 G\u00dcNL\u00dcK RAMAZAN BAYRAMI TAT\u0130L\u0130NDE YAKLA\u015eIK 200 B\u0130N K\u0130\u015e\u0130 Z\u0130YARET ETT\u0130. (ASIM \u00c7APACI\\\/NEV\u015eEH\u0130R-\u0130HA) T\u00fcrkiye'nin \u00f6nemli turizm destinasyonlar\u0131 aras\u0131nda yer alan Kapadokya b\u00f6lgesinde bulunan m\u00fcze ve \u00f6ren yerlerini 9 g\u00fcnl\u00fck Ramazan Bayram\u0131 tatilinde yakla\u015f\u0131k 200 bin ki\u015fi ziyaret etti. B\u00f6lgeyi ge\u00e7ti\u011fimiz ay da ise toplam 262 bin yerli ve yabanc\u0131 turist ziyaret etti.\"},{\"@type\":\"BreadcrumbList\",\"@id\":\"https:\\\/\\\/memurunsesi.net\\\/index.php\\\/2025\\\/04\\\/10\\\/kapadokya-9-gunde-200-bin-ziyaretci-agirladi\\\/#breadcrumb\",\"itemListElement\":[{\"@type\":\"ListItem\",\"position\":1,\"name\":\"Anasayfa\",\"item\":\"https:\\\/\\\/memurunsesi.net\\\/\"},{\"@type\":\"ListItem\",\"position\":2,\"name\":\"Kapadokya 9 g\u00fcnde 200 bin ziyaret\u00e7i a\u011f\u0131rlad\u0131\"}]},{\"@type\":\"WebSite\",\"@id\":\"https:\\\/\\\/memurunsesi.net\\\/#website\",\"url\":\"https:\\\/\\\/memurunsesi.net\\\/\",\"name\":\"Memurun Sesi\",\"description\":\"G\u00fcncel ve Do\u011fru Haber\",\"publisher\":{\"@id\":\"https:\\\/\\\/memurunsesi.net\\\/#organization\"},\"potentialAction\":[{\"@type\":\"SearchAction\",\"target\":{\"@type\":\"EntryPoint\",\"urlTemplate\":\"https:\\\/\\\/memurunsesi.net\\\/?s={search_term_string}\"},\"query-input\":{\"@type\":\"PropertyValueSpecification\",\"valueRequired\":true,\"valueName\":\"search_term_string\"}}],\"inLanguage\":\"tr\"},{\"@type\":\"Organization\",\"@id\":\"https:\\\/\\\/memurunsesi.net\\\/#organization\",\"name\":\"Memurun Sesi\",\"url\":\"https:\\\/\\\/memurunsesi.net\\\/\",\"logo\":{\"@type\":\"ImageObject\",\"inLanguage\":\"tr\",\"@id\":\"https:\\\/\\\/memurunsesi.net\\\/#\\\/schema\\\/logo\\\/image\\\/\",\"url\":\"https:\\\/\\\/memurunsesi.net\\\/wp-content\\\/uploads\\\/2025\\\/11\\\/cropped-MEMURUN-SESI.png\",\"contentUrl\":\"https:\\\/\\\/memurunsesi.net\\\/wp-content\\\/uploads\\\/2025\\\/11\\\/cropped-MEMURUN-SESI.png\",\"width\":238,\"height\":57,\"caption\":\"Memurun Sesi\"},\"image\":{\"@id\":\"https:\\\/\\\/memurunsesi.net\\\/#\\\/schema\\\/logo\\\/image\\\/\"},\"sameAs\":[\"https:\\\/\\\/www.facebook.com\\\/unipersen\\\/?locale=tr_TR\",\"https:\\\/\\\/x.com\\\/unipersen\"]},{\"@type\":\"Person\",\"@id\":\"https:\\\/\\\/memurunsesi.net\\\/#\\\/schema\\\/person\\\/f21c2d73b89f6ee1d80b0a1803e38587\",\"name\":\"Memurun Sesi Haber Merkezi\",\"image\":{\"@type\":\"ImageObject\",\"inLanguage\":\"tr\",\"@id\":\"https:\\\/\\\/secure.gravatar.com\\\/avatar\\\/6cf0505f452ee753f485014986fab09a434671d2b919ee76fc541025c5876a70?s=96&d=mm&r=g\",\"url\":\"https:\\\/\\\/secure.gravatar.com\\\/avatar\\\/6cf0505f452ee753f485014986fab09a434671d2b919ee76fc541025c5876a70?s=96&d=mm&r=g\",\"contentUrl\":\"https:\\\/\\\/secure.gravatar.com\\\/avatar\\\/6cf0505f452ee753f485014986fab09a434671d2b919ee76fc541025c5876a70?s=96&d=mm&r=g\",\"caption\":\"Memurun Sesi Haber Merkezi\"},\"sameAs\":[\"https:\\\/\\\/memurunsesi.net\"],\"url\":\"https:\\\/\\\/memurunsesi.net\\\/index.php\\\/author\\\/uniper\\\/\"}]}<\/script>\n<!-- \/ Yoast SEO plugin. -->","yoast_head_json":{"title":"Kapadokya 9 g\u00fcnde 200 bin ziyaret\u00e7i a\u011f\u0131rlad\u0131 - Memurun Sesi","robots":{"index":"index","follow":"follow","max-snippet":"max-snippet:-1","max-image-preview":"max-image-preview:large","max-video-preview":"max-video-preview:-1"},"canonical":"https:\/\/memurunsesi.net\/index.php\/2025\/04\/10\/kapadokya-9-gunde-200-bin-ziyaretci-agirladi\/","og_locale":"tr_TR","og_type":"article","og_title":"Kapadokya 9 g\u00fcnde 200 bin ziyaret\u00e7i a\u011f\u0131rlad\u0131 - Memurun Sesi","og_description":"T\u00fcrkiye&#8217;nin \u00f6nemli turizm destinasyonlar\u0131 aras\u0131nda yer alan Kapadokya b\u00f6lgesinde bulunan m\u00fcze ve \u00f6ren yerlerini 9 g\u00fcnl\u00fck Ramazan Bayram\u0131 tatilinde yakla\u015f\u0131k 200 bin ki\u015fi ziyaret etti. B\u00f6lgeyi ge\u00e7ti\u011fimiz ay da ise toplam 262 bin yerli ve yabanc\u0131 turist ziyaret etti. UNESCO D\u00fcnya do\u011fal ve k\u00fclt\u00fcrel miras listesinde yer alan Kapadokya b\u00f6lgesi 9 g\u00fcnl\u00fck bayram tatilinde ziyaret\u00e7i [&hellip;]","og_url":"https:\/\/memurunsesi.net\/index.php\/2025\/04\/10\/kapadokya-9-gunde-200-bin-ziyaretci-agirladi\/","og_site_name":"Memurun Sesi","article_publisher":"https:\/\/www.facebook.com\/unipersen\/?locale=tr_TR","article_published_time":"2025-04-10T04:47:04+00:00","og_image":[{"width":2560,"height":1707,"url":"https:\/\/memurunsesi.net\/wp-content\/uploads\/2025\/04\/AW428561_02-scaled.jpg","type":"image\/jpeg"}],"author":"Memurun Sesi Haber Merkezi","twitter_card":"summary_large_image","twitter_creator":"@unipersen","twitter_site":"@unipersen","twitter_misc":{"Yazan:":"Memurun Sesi Haber Merkezi","Tahmini okuma s\u00fcresi":"2 dakika"},"schema":{"@context":"https:\/\/schema.org","@graph":[{"@type":"Article","@id":"https:\/\/memurunsesi.net\/index.php\/2025\/04\/10\/kapadokya-9-gunde-200-bin-ziyaretci-agirladi\/#article","isPartOf":{"@id":"https:\/\/memurunsesi.net\/index.php\/2025\/04\/10\/kapadokya-9-gunde-200-bin-ziyaretci-agirladi\/"},"author":{"name":"Memurun Sesi Haber Merkezi","@id":"https:\/\/memurunsesi.net\/#\/schema\/person\/f21c2d73b89f6ee1d80b0a1803e38587"},"headline":"Kapadokya 9 g\u00fcnde 200 bin ziyaret\u00e7i a\u011f\u0131rlad\u0131","datePublished":"2025-04-10T04:47:04+00:00","mainEntityOfPage":{"@id":"https:\/\/memurunsesi.net\/index.php\/2025\/04\/10\/kapadokya-9-gunde-200-bin-ziyaretci-agirladi\/"},"wordCount":433,"commentCount":0,"publisher":{"@id":"https:\/\/memurunsesi.net\/#organization"},"image":{"@id":"https:\/\/memurunsesi.net\/index.php\/2025\/04\/10\/kapadokya-9-gunde-200-bin-ziyaretci-agirladi\/#primaryimage"},"thumbnailUrl":"https:\/\/memurunsesi.net\/wp-content\/uploads\/2025\/04\/AW428561_02-scaled.jpg","inLanguage":"tr","potentialAction":[{"@type":"CommentAction","name":"Comment","target":["https:\/\/memurunsesi.net\/index.php\/2025\/04\/10\/kapadokya-9-gunde-200-bin-ziyaretci-agirladi\/#respond"]}]},{"@type":"WebPage","@id":"https:\/\/memurunsesi.net\/index.php\/2025\/04\/10\/kapadokya-9-gunde-200-bin-ziyaretci-agirladi\/","url":"https:\/\/memurunsesi.net\/index.php\/2025\/04\/10\/kapadokya-9-gunde-200-bin-ziyaretci-agirladi\/","name":"Kapadokya 9 g\u00fcnde 200 bin ziyaret\u00e7i a\u011f\u0131rlad\u0131 - Memurun Sesi","isPartOf":{"@id":"https:\/\/memurunsesi.net\/#website"},"primaryImageOfPage":{"@id":"https:\/\/memurunsesi.net\/index.php\/2025\/04\/10\/kapadokya-9-gunde-200-bin-ziyaretci-agirladi\/#primaryimage"},"image":{"@id":"https:\/\/memurunsesi.net\/index.php\/2025\/04\/10\/kapadokya-9-gunde-200-bin-ziyaretci-agirladi\/#primaryimage"},"thumbnailUrl":"https:\/\/memurunsesi.net\/wp-content\/uploads\/2025\/04\/AW428561_02-scaled.jpg","datePublished":"2025-04-10T04:47:04+00:00","breadcrumb":{"@id":"https:\/\/memurunsesi.net\/index.php\/2025\/04\/10\/kapadokya-9-gunde-200-bin-ziyaretci-agirladi\/#breadcrumb"},"inLanguage":"tr","potentialAction":[{"@type":"ReadAction","target":["https:\/\/memurunsesi.net\/index.php\/2025\/04\/10\/kapadokya-9-gunde-200-bin-ziyaretci-agirladi\/"]}]},{"@type":"ImageObject","inLanguage":"tr","@id":"https:\/\/memurunsesi.net\/index.php\/2025\/04\/10\/kapadokya-9-gunde-200-bin-ziyaretci-agirladi\/#primaryimage","url":"https:\/\/memurunsesi.net\/wp-content\/uploads\/2025\/04\/AW428561_02-scaled.jpg","contentUrl":"https:\/\/memurunsesi.net\/wp-content\/uploads\/2025\/04\/AW428561_02-scaled.jpg","width":2560,"height":1707,"caption":"T\u00dcRK\u0130YE'N\u0130N \u00d6NEML\u0130 TUR\u0130ZM DEST\u0130NASYONLARI ARASINDA YER ALAN KAPADOKYA B\u00d6LGES\u0130NDE BULUNAN M\u00dcZE VE \u00d6REN YERLER\u0130N\u0130 9 G\u00dcNL\u00dcK RAMAZAN BAYRAMI TAT\u0130L\u0130NDE YAKLA\u015eIK 200 B\u0130N K\u0130\u015e\u0130 Z\u0130YARET ETT\u0130. (ASIM \u00c7APACI\/NEV\u015eEH\u0130R-\u0130HA) T\u00fcrkiye'nin \u00f6nemli turizm destinasyonlar\u0131 aras\u0131nda yer alan Kapadokya b\u00f6lgesinde bulunan m\u00fcze ve \u00f6ren yerlerini 9 g\u00fcnl\u00fck Ramazan Bayram\u0131 tatilinde yakla\u015f\u0131k 200 bin ki\u015fi ziyaret etti. B\u00f6lgeyi ge\u00e7ti\u011fimiz ay da ise toplam 262 bin yerli ve yabanc\u0131 turist ziyaret etti."},{"@type":"BreadcrumbList","@id":"https:\/\/memurunsesi.net\/index.php\/2025\/04\/10\/kapadokya-9-gunde-200-bin-ziyaretci-agirladi\/#breadcrumb","itemListElement":[{"@type":"ListItem","position":1,"name":"Anasayfa","item":"https:\/\/memurunsesi.net\/"},{"@type":"ListItem","position":2,"name":"Kapadokya 9 g\u00fcnde 200 bin ziyaret\u00e7i a\u011f\u0131rlad\u0131"}]},{"@type":"WebSite","@id":"https:\/\/memurunsesi.net\/#website","url":"https:\/\/memurunsesi.net\/","name":"Memurun Sesi","description":"G\u00fcncel ve Do\u011fru Haber","publisher":{"@id":"https:\/\/memurunsesi.net\/#organization"},"potentialAction":[{"@type":"SearchAction","target":{"@type":"EntryPoint","urlTemplate":"https:\/\/memurunsesi.net\/?s={search_term_string}"},"query-input":{"@type":"PropertyValueSpecification","valueRequired":true,"valueName":"search_term_string"}}],"inLanguage":"tr"},{"@type":"Organization","@id":"https:\/\/memurunsesi.net\/#organization","name":"Memurun Sesi","url":"https:\/\/memurunsesi.net\/","logo":{"@type":"ImageObject","inLanguage":"tr","@id":"https:\/\/memurunsesi.net\/#\/schema\/logo\/image\/","url":"https:\/\/memurunsesi.net\/wp-content\/uploads\/2025\/11\/cropped-MEMURUN-SESI.png","contentUrl":"https:\/\/memurunsesi.net\/wp-content\/uploads\/2025\/11\/cropped-MEMURUN-SESI.png","width":238,"height":57,"caption":"Memurun Sesi"},"image":{"@id":"https:\/\/memurunsesi.net\/#\/schema\/logo\/image\/"},"sameAs":["https:\/\/www.facebook.com\/unipersen\/?locale=tr_TR","https:\/\/x.com\/unipersen"]},{"@type":"Person","@id":"https:\/\/memurunsesi.net\/#\/schema\/person\/f21c2d73b89f6ee1d80b0a1803e38587","name":"Memurun Sesi Haber Merkezi","image":{"@type":"ImageObject","inLanguage":"tr","@id":"https:\/\/secure.gravatar.com\/avatar\/6cf0505f452ee753f485014986fab09a434671d2b919ee76fc541025c5876a70?s=96&d=mm&r=g","url":"https:\/\/secure.gravatar.com\/avatar\/6cf0505f452ee753f485014986fab09a434671d2b919ee76fc541025c5876a70?s=96&d=mm&r=g","contentUrl":"https:\/\/secure.gravatar.com\/avatar\/6cf0505f452ee753f485014986fab09a434671d2b919ee76fc541025c5876a70?s=96&d=mm&r=g","caption":"Memurun Sesi Haber Merkezi"},"sameAs":["https:\/\/memurunsesi.net"],"url":"https:\/\/memurunsesi.net\/index.php\/author\/uniper\/"}]}},"_links":{"self":[{"href":"https:\/\/memurunsesi.net\/index.php\/wp-json\/wp\/v2\/posts\/5105","targetHints":{"allow":["GET"]}}],"collection":[{"href":"https:\/\/memurunsesi.net\/index.php\/wp-json\/wp\/v2\/posts"}],"about":[{"href":"https:\/\/memurunsesi.net\/index.php\/wp-json\/wp\/v2\/types\/post"}],"author":[{"embeddable":true,"href":"https:\/\/memurunsesi.net\/index.php\/wp-json\/wp\/v2\/users\/1"}],"replies":[{"embeddable":true,"href":"https:\/\/memurunsesi.net\/index.php\/wp-json\/wp\/v2\/comments?post=5105"}],"version-history":[{"count":1,"href":"https:\/\/memurunsesi.net\/index.php\/wp-json\/wp\/v2\/posts\/5105\/revisions"}],"predecessor-version":[{"id":5107,"href":"https:\/\/memurunsesi.net\/index.php\/wp-json\/wp\/v2\/posts\/5105\/revisions\/5107"}],"wp:featuredmedia":[{"embeddable":true,"href":"https:\/\/memurunsesi.net\/index.php\/wp-json\/wp\/v2\/media\/5106"}],"wp:attachment":[{"href":"https:\/\/memurunsesi.net\/index.php\/wp-json\/wp\/v2\/media?parent=5105"}],"wp:term":[{"taxonomy":"category","embeddable":true,"href":"https:\/\/memurunsesi.net\/index.php\/wp-json\/wp\/v2\/categories?post=5105"},{"taxonomy":"post_tag","embeddable":true,"href":"https:\/\/memurunsesi.net\/index.php\/wp-json\/wp\/v2\/tags?post=5105"}],"curies":[{"name":"wp","href":"https:\/\/api.w.org\/{rel}","templated":true}]}}